{"id":74205,"date":"2023-11-04T16:00:31","date_gmt":"2023-11-04T16:00:31","guid":{"rendered":"https:\/\/jornaldasoficinas.com\/pt\/?p=74205"},"modified":"2023-11-04T10:34:58","modified_gmt":"2023-11-04T10:34:58","slug":"somos-uma-empresa-muito-focada-no-tema-da-sustentabilidade-ana-castro-continental","status":"publish","type":"post","link":"https:\/\/jornaldasoficinas.com\/pt\/somos-uma-empresa-muito-focada-no-tema-da-sustentabilidade-ana-castro-continental\/","title":{"rendered":"&#8220;Somos uma empresa muito focada no tema da sustentabilidade!&#8221;, Ana Castro, Continental"},"content":{"rendered":"<p><img loading=\"lazy\" decoding=\"async\" class=\"alignnone size-full wp-image-74208\" src=\"https:\/\/jornaldasoficinas.com\/pt\/wp-content\/uploads\/2023\/10\/N2_Contitech.jpeg\" alt=\"10 - N2_Contitech\" width=\"1024\" height=\"581\" srcset=\"https:\/\/jornaldasoficinas.com\/pt\/wp-content\/uploads\/2023\/10\/N2_Contitech.jpeg 1024w, https:\/\/jornaldasoficinas.com\/pt\/wp-content\/uploads\/2023\/10\/N2_Contitech-300x170.jpeg 300w, https:\/\/jornaldasoficinas.com\/pt\/wp-content\/uploads\/2023\/10\/N2_Contitech-150x85.jpeg 150w, https:\/\/jornaldasoficinas.com\/pt\/wp-content\/uploads\/2023\/10\/N2_Contitech-768x436.jpeg 768w\" sizes=\"auto, (max-width: 1024px) 100vw, 1024px\" \/><\/p>\n<p><strong>No in\u00edcio do ano a <a href=\"https:\/\/www.continental.com\/en\/\" target=\"_blank\" rel=\"noopener\">Continental<\/a> realinhou estrategicamente o <a href=\"https:\/\/www.continental-industry.com\/pt\" target=\"_blank\" rel=\"noopener\">grupo ContiTech<\/a>, com o objetivo de aumentar a efic\u00e1cia e a efici\u00eancia, passando de fornecedor tradicional a fornecedor de solu\u00e7\u00f5es integradas aos seus clientes. Em entrevista ao JO, Ana Castro, Area Sales Manager Continental ContiTech PTG, explica a estrat\u00e9gia da marca para Portugal<\/strong><\/p>\n<p>A Continental \u00e9 uma grande empresa, que abrange diversos tipos de mercados e diferentes produtos. Tem sempre uma vis\u00e3o estrat\u00e9gica global e est\u00e1 constantemente \u00e0 procura de uma qualidade e atualiza\u00e7\u00e3o de produtos para o mercado. O objetivo das mudan\u00e7as \u00e9 sempre com vista a melhorar, primeiro a qualidade dos seus produtos, a ser uma empresa atualizada e ativa no mercado, e claro, com pessoas motivadas a trabalharem a marca.<\/p>\n<p>Ana Castro ingressou na empresa em maio deste ano, para desempenhar o cargo de Sales Manager Portugal da Continental ContiTech PTG ((Power Transmission Group) uma \u00e1rea dedicada \u00e0 comercializa\u00e7\u00e3o de produtos como correias, componentes, Kits e ferramentas, entre outros, sendo respons\u00e1vel pelo desenvolvimento do mercado portugu\u00eas. Com forma\u00e7\u00e3o em Engenharia, Ana Castro vai dar continuidade ao excelente trabalho realizado pelo Jo\u00e3o Cardoso, agora noutra divis\u00e3o da Continental.<\/p>\n<p>Para ler toda a entrevista clique <a href=\"https:\/\/www.yumpu.com\/pt\/document\/read\/68504578\/jornal-das-oficinas-213\/28\" target=\"_blank\" rel=\"noopener\">aqui<\/a>.<\/p>\n","protected":false},"excerpt":{"rendered":"<p>No in\u00edcio do ano a Continental&#8230;<\/p>\n","protected":false},"author":15,"featured_media":74208,"comment_status":"closed","ping_status":"closed","sticky":false,"template":"","format":"standard","meta":{"footnotes":""},"categories":[38],"tags":[5495,5289,58,2411],"class_list":["post-74205","post","type-post","status-publish","format-standard","has-post-thumbnail","hentry","category-entrevistas","tag-ana-castro","tag-area-sales-manager","tag-continental","tag-contitech"],"yoast_head":"<!-- This site is optimized with the Yoast SEO plugin v27.4 - https:\/\/yoast.com\/product\/yoast-seo-wordpress\/ -->\n<title>&quot;Somos uma empresa muito focada no tema da sustentabilidade!&quot;, Ana Castro, Continental - Jornal das Oficinas<\/title>\n<meta name=\"description\" content=\"No in\u00edcio do ano a Continental realinhou estrategicamente o grupo ContiTech, com o objetivo de aumentar a efic\u00e1cia e a efici\u00eancia\" \/>\n<meta name=\"robots\" content=\"index, follow, max-snippet:-1, max-image-preview:large, max-video-preview:-1\" \/>\n<link rel=\"canonical\" href=\"https:\/\/jornaldasoficinas.com\/pt\/somos-uma-empresa-muito-focada-no-tema-da-sustentabilidade-ana-castro-continental\/\" \/>\n<meta property=\"og:locale\" content=\"pt_PT\" \/>\n<meta property=\"og:type\" content=\"article\" \/>\n<meta property=\"og:title\" content=\"&quot;Somos uma empresa muito focada no tema da sustentabilidade!&quot;, Ana Castro, Continental - Jornal das Oficinas\" \/>\n<meta property=\"og:description\" content=\"No in\u00edcio do ano a Continental realinhou estrategicamente o grupo ContiTech, com o objetivo de aumentar a efic\u00e1cia e a efici\u00eancia\" \/>\n<meta property=\"og:url\" content=\"https:\/\/jornaldasoficinas.com\/pt\/somos-uma-empresa-muito-focada-no-tema-da-sustentabilidade-ana-castro-continental\/\" \/>\n<meta property=\"og:site_name\" content=\"Jornal das Oficinas\" \/>\n<meta property=\"article:publisher\" content=\"https:\/\/www.facebook.com\/jornaloficinas\" \/>\n<meta property=\"article:published_time\" content=\"2023-11-04T16:00:31+00:00\" \/>\n<meta property=\"og:image\" content=\"https:\/\/jornaldasoficinas.com\/pt\/wp-content\/uploads\/2023\/10\/N2_Contitech.jpeg\" \/>\n\t<meta property=\"og:image:width\" content=\"1024\" \/>\n\t<meta property=\"og:image:height\" content=\"581\" \/>\n\t<meta property=\"og:image:type\" content=\"image\/jpeg\" \/>\n<meta name=\"author\" content=\"Reda\u00e7\u00e3o JO\" \/>\n<meta name=\"twitter:card\" content=\"summary_large_image\" \/>\n<meta name=\"twitter:creator\" content=\"@jornaloficinas\" \/>\n<meta name=\"twitter:site\" content=\"@jornaloficinas\" \/>\n<meta name=\"twitter:label1\" content=\"Escrito por\" \/>\n\t<meta name=\"twitter:data1\" content=\"Reda\u00e7\u00e3o JO\" \/>\n\t<meta name=\"twitter:label2\" content=\"Tempo estimado de leitura\" \/>\n\t<meta name=\"twitter:data2\" content=\"2 minutos\" \/>\n<script type=\"application\/ld+json\" class=\"yoast-schema-graph\">{\"@context\":\"https:\\\/\\\/schema.org\",\"@graph\":[{\"@type\":\"Article\",\"@id\":\"https:\\\/\\\/jornaldasoficinas.com\\\/pt\\\/somos-uma-empresa-muito-focada-no-tema-da-sustentabilidade-ana-castro-continental\\\/#article\",\"isPartOf\":{\"@id\":\"https:\\\/\\\/jornaldasoficinas.com\\\/pt\\\/somos-uma-empresa-muito-focada-no-tema-da-sustentabilidade-ana-castro-continental\\\/\"},\"author\":{\"name\":\"Reda\u00e7\u00e3o JO\",\"@id\":\"https:\\\/\\\/jornaldasoficinas.com\\\/pt\\\/#\\\/schema\\\/person\\\/a38eef5de2c41d9e7c9ac10141afddf3\"},\"headline\":\"&#8220;Somos uma empresa muito focada no tema da sustentabilidade!&#8221;, Ana Castro, Continental\",\"datePublished\":\"2023-11-04T16:00:31+00:00\",\"mainEntityOfPage\":{\"@id\":\"https:\\\/\\\/jornaldasoficinas.com\\\/pt\\\/somos-uma-empresa-muito-focada-no-tema-da-sustentabilidade-ana-castro-continental\\\/\"},\"wordCount\":219,\"publisher\":{\"@id\":\"https:\\\/\\\/jornaldasoficinas.com\\\/pt\\\/#organization\"},\"image\":{\"@id\":\"https:\\\/\\\/jornaldasoficinas.com\\\/pt\\\/somos-uma-empresa-muito-focada-no-tema-da-sustentabilidade-ana-castro-continental\\\/#primaryimage\"},\"thumbnailUrl\":\"https:\\\/\\\/jornaldasoficinas.com\\\/pt\\\/wp-content\\\/uploads\\\/2023\\\/10\\\/N2_Contitech.jpeg\",\"keywords\":[\"Ana Castro\",\"Area Sales Manager\",\"Continental\",\"Contitech\"],\"articleSection\":[\"Entrevistas\"],\"inLanguage\":\"pt-PT\"},{\"@type\":\"WebPage\",\"@id\":\"https:\\\/\\\/jornaldasoficinas.com\\\/pt\\\/somos-uma-empresa-muito-focada-no-tema-da-sustentabilidade-ana-castro-continental\\\/\",\"url\":\"https:\\\/\\\/jornaldasoficinas.com\\\/pt\\\/somos-uma-empresa-muito-focada-no-tema-da-sustentabilidade-ana-castro-continental\\\/\",\"name\":\"\\\"Somos uma empresa muito focada no tema da sustentabilidade!\\\", Ana Castro, Continental - Jornal das Oficinas\",\"isPartOf\":{\"@id\":\"https:\\\/\\\/jornaldasoficinas.com\\\/pt\\\/#website\"},\"primaryImageOfPage\":{\"@id\":\"https:\\\/\\\/jornaldasoficinas.com\\\/pt\\\/somos-uma-empresa-muito-focada-no-tema-da-sustentabilidade-ana-castro-continental\\\/#primaryimage\"},\"image\":{\"@id\":\"https:\\\/\\\/jornaldasoficinas.com\\\/pt\\\/somos-uma-empresa-muito-focada-no-tema-da-sustentabilidade-ana-castro-continental\\\/#primaryimage\"},\"thumbnailUrl\":\"https:\\\/\\\/jornaldasoficinas.com\\\/pt\\\/wp-content\\\/uploads\\\/2023\\\/10\\\/N2_Contitech.jpeg\",\"datePublished\":\"2023-11-04T16:00:31+00:00\",\"description\":\"No in\u00edcio do ano a Continental realinhou estrategicamente o grupo ContiTech, com o objetivo de aumentar a efic\u00e1cia e a efici\u00eancia\",\"breadcrumb\":{\"@id\":\"https:\\\/\\\/jornaldasoficinas.com\\\/pt\\\/somos-uma-empresa-muito-focada-no-tema-da-sustentabilidade-ana-castro-continental\\\/#breadcrumb\"},\"inLanguage\":\"pt-PT\",\"potentialAction\":[{\"@type\":\"ReadAction\",\"target\":[\"https:\\\/\\\/jornaldasoficinas.com\\\/pt\\\/somos-uma-empresa-muito-focada-no-tema-da-sustentabilidade-ana-castro-continental\\\/\"]}]},{\"@type\":\"ImageObject\",\"inLanguage\":\"pt-PT\",\"@id\":\"https:\\\/\\\/jornaldasoficinas.com\\\/pt\\\/somos-uma-empresa-muito-focada-no-tema-da-sustentabilidade-ana-castro-continental\\\/#primaryimage\",\"url\":\"https:\\\/\\\/jornaldasoficinas.com\\\/pt\\\/wp-content\\\/uploads\\\/2023\\\/10\\\/N2_Contitech.jpeg\",\"contentUrl\":\"https:\\\/\\\/jornaldasoficinas.com\\\/pt\\\/wp-content\\\/uploads\\\/2023\\\/10\\\/N2_Contitech.jpeg\",\"width\":1024,\"height\":581,\"caption\":\"10 - N2_Contitech\"},{\"@type\":\"BreadcrumbList\",\"@id\":\"https:\\\/\\\/jornaldasoficinas.com\\\/pt\\\/somos-uma-empresa-muito-focada-no-tema-da-sustentabilidade-ana-castro-continental\\\/#breadcrumb\",\"itemListElement\":[{\"@type\":\"ListItem\",\"position\":1,\"name\":\"In\u00edcio\",\"item\":\"https:\\\/\\\/jornaldasoficinas.com\\\/pt\\\/\"},{\"@type\":\"ListItem\",\"position\":2,\"name\":\"&#8220;Somos uma empresa muito focada no tema da sustentabilidade!&#8221;, Ana Castro, Continental\"}]},{\"@type\":\"WebSite\",\"@id\":\"https:\\\/\\\/jornaldasoficinas.com\\\/pt\\\/#website\",\"url\":\"https:\\\/\\\/jornaldasoficinas.com\\\/pt\\\/\",\"name\":\"Jornal das Oficinas\",\"description\":\"Jornal independente do Aftermarket Autom\u00f3vel em Portugal\",\"publisher\":{\"@id\":\"https:\\\/\\\/jornaldasoficinas.com\\\/pt\\\/#organization\"},\"potentialAction\":[{\"@type\":\"SearchAction\",\"target\":{\"@type\":\"EntryPoint\",\"urlTemplate\":\"https:\\\/\\\/jornaldasoficinas.com\\\/pt\\\/?s={search_term_string}\"},\"query-input\":{\"@type\":\"PropertyValueSpecification\",\"valueRequired\":true,\"valueName\":\"search_term_string\"}}],\"inLanguage\":\"pt-PT\"},{\"@type\":\"Organization\",\"@id\":\"https:\\\/\\\/jornaldasoficinas.com\\\/pt\\\/#organization\",\"name\":\"Jornal das Oficinas\",\"url\":\"https:\\\/\\\/jornaldasoficinas.com\\\/pt\\\/\",\"logo\":{\"@type\":\"ImageObject\",\"inLanguage\":\"pt-PT\",\"@id\":\"https:\\\/\\\/jornaldasoficinas.com\\\/pt\\\/#\\\/schema\\\/logo\\\/image\\\/\",\"url\":\"https:\\\/\\\/jornaldasoficinas.com\\\/pt\\\/wp-content\\\/uploads\\\/logoJO-SEO.png\",\"contentUrl\":\"https:\\\/\\\/jornaldasoficinas.com\\\/pt\\\/wp-content\\\/uploads\\\/logoJO-SEO.png\",\"width\":285,\"height\":450,\"caption\":\"Jornal das Oficinas\"},\"image\":{\"@id\":\"https:\\\/\\\/jornaldasoficinas.com\\\/pt\\\/#\\\/schema\\\/logo\\\/image\\\/\"},\"sameAs\":[\"https:\\\/\\\/www.facebook.com\\\/jornaloficinas\",\"https:\\\/\\\/x.com\\\/jornaloficinas\",\"https:\\\/\\\/www.instagram.com\\\/jornal_oficinas\\\/\",\"https:\\\/\\\/www.linkedin.com\\\/company\\\/jornal-das-oficinas\\\/\",\"https:\\\/\\\/www.youtube.com\\\/channel\\\/UCbQZBqtcvV-oSQrr7RzINGg\"]},{\"@type\":\"Person\",\"@id\":\"https:\\\/\\\/jornaldasoficinas.com\\\/pt\\\/#\\\/schema\\\/person\\\/a38eef5de2c41d9e7c9ac10141afddf3\",\"name\":\"Reda\u00e7\u00e3o JO\",\"image\":{\"@type\":\"ImageObject\",\"inLanguage\":\"pt-PT\",\"@id\":\"https:\\\/\\\/secure.gravatar.com\\\/avatar\\\/71f2fa71737ad68a84fea94bc708ddac8ea5b0c4788dc2ad202f3ccb2887742f?s=96&d=wp_user_avatar&r=g\",\"url\":\"https:\\\/\\\/secure.gravatar.com\\\/avatar\\\/71f2fa71737ad68a84fea94bc708ddac8ea5b0c4788dc2ad202f3ccb2887742f?s=96&d=wp_user_avatar&r=g\",\"contentUrl\":\"https:\\\/\\\/secure.gravatar.com\\\/avatar\\\/71f2fa71737ad68a84fea94bc708ddac8ea5b0c4788dc2ad202f3ccb2887742f?s=96&d=wp_user_avatar&r=g\",\"caption\":\"Reda\u00e7\u00e3o JO\"},\"url\":\"https:\\\/\\\/jornaldasoficinas.com\\\/pt\\\/author\\\/joredacao\\\/\"}]}<\/script>\n<!-- \/ Yoast SEO plugin. -->","yoast_head_json":{"title":"\"Somos uma empresa muito focada no tema da sustentabilidade!\", Ana Castro, Continental - Jornal das Oficinas","description":"No in\u00edcio do ano a Continental realinhou estrategicamente o grupo ContiTech, com o objetivo de aumentar a efic\u00e1cia e a efici\u00eancia","robots":{"index":"index","follow":"follow","max-snippet":"max-snippet:-1","max-image-preview":"max-image-preview:large","max-video-preview":"max-video-preview:-1"},"canonical":"https:\/\/jornaldasoficinas.com\/pt\/somos-uma-empresa-muito-focada-no-tema-da-sustentabilidade-ana-castro-continental\/","og_locale":"pt_PT","og_type":"article","og_title":"\"Somos uma empresa muito focada no tema da sustentabilidade!\", Ana Castro, Continental - Jornal das Oficinas","og_description":"No in\u00edcio do ano a Continental realinhou estrategicamente o grupo ContiTech, com o objetivo de aumentar a efic\u00e1cia e a efici\u00eancia","og_url":"https:\/\/jornaldasoficinas.com\/pt\/somos-uma-empresa-muito-focada-no-tema-da-sustentabilidade-ana-castro-continental\/","og_site_name":"Jornal das Oficinas","article_publisher":"https:\/\/www.facebook.com\/jornaloficinas","article_published_time":"2023-11-04T16:00:31+00:00","og_image":[{"width":1024,"height":581,"url":"https:\/\/jornaldasoficinas.com\/pt\/wp-content\/uploads\/2023\/10\/N2_Contitech.jpeg","type":"image\/jpeg"}],"author":"Reda\u00e7\u00e3o JO","twitter_card":"summary_large_image","twitter_creator":"@jornaloficinas","twitter_site":"@jornaloficinas","twitter_misc":{"Escrito por":"Reda\u00e7\u00e3o JO","Tempo estimado de leitura":"2 minutos"},"schema":{"@context":"https:\/\/schema.org","@graph":[{"@type":"Article","@id":"https:\/\/jornaldasoficinas.com\/pt\/somos-uma-empresa-muito-focada-no-tema-da-sustentabilidade-ana-castro-continental\/#article","isPartOf":{"@id":"https:\/\/jornaldasoficinas.com\/pt\/somos-uma-empresa-muito-focada-no-tema-da-sustentabilidade-ana-castro-continental\/"},"author":{"name":"Reda\u00e7\u00e3o JO","@id":"https:\/\/jornaldasoficinas.com\/pt\/#\/schema\/person\/a38eef5de2c41d9e7c9ac10141afddf3"},"headline":"&#8220;Somos uma empresa muito focada no tema da sustentabilidade!&#8221;, Ana Castro, Continental","datePublished":"2023-11-04T16:00:31+00:00","mainEntityOfPage":{"@id":"https:\/\/jornaldasoficinas.com\/pt\/somos-uma-empresa-muito-focada-no-tema-da-sustentabilidade-ana-castro-continental\/"},"wordCount":219,"publisher":{"@id":"https:\/\/jornaldasoficinas.com\/pt\/#organization"},"image":{"@id":"https:\/\/jornaldasoficinas.com\/pt\/somos-uma-empresa-muito-focada-no-tema-da-sustentabilidade-ana-castro-continental\/#primaryimage"},"thumbnailUrl":"https:\/\/jornaldasoficinas.com\/pt\/wp-content\/uploads\/2023\/10\/N2_Contitech.jpeg","keywords":["Ana Castro","Area Sales Manager","Continental","Contitech"],"articleSection":["Entrevistas"],"inLanguage":"pt-PT"},{"@type":"WebPage","@id":"https:\/\/jornaldasoficinas.com\/pt\/somos-uma-empresa-muito-focada-no-tema-da-sustentabilidade-ana-castro-continental\/","url":"https:\/\/jornaldasoficinas.com\/pt\/somos-uma-empresa-muito-focada-no-tema-da-sustentabilidade-ana-castro-continental\/","name":"\"Somos uma empresa muito focada no tema da sustentabilidade!\", Ana Castro, Continental - Jornal das Oficinas","isPartOf":{"@id":"https:\/\/jornaldasoficinas.com\/pt\/#website"},"primaryImageOfPage":{"@id":"https:\/\/jornaldasoficinas.com\/pt\/somos-uma-empresa-muito-focada-no-tema-da-sustentabilidade-ana-castro-continental\/#primaryimage"},"image":{"@id":"https:\/\/jornaldasoficinas.com\/pt\/somos-uma-empresa-muito-focada-no-tema-da-sustentabilidade-ana-castro-continental\/#primaryimage"},"thumbnailUrl":"https:\/\/jornaldasoficinas.com\/pt\/wp-content\/uploads\/2023\/10\/N2_Contitech.jpeg","datePublished":"2023-11-04T16:00:31+00:00","description":"No in\u00edcio do ano a Continental realinhou estrategicamente o grupo ContiTech, com o objetivo de aumentar a efic\u00e1cia e a efici\u00eancia","breadcrumb":{"@id":"https:\/\/jornaldasoficinas.com\/pt\/somos-uma-empresa-muito-focada-no-tema-da-sustentabilidade-ana-castro-continental\/#breadcrumb"},"inLanguage":"pt-PT","potentialAction":[{"@type":"ReadAction","target":["https:\/\/jornaldasoficinas.com\/pt\/somos-uma-empresa-muito-focada-no-tema-da-sustentabilidade-ana-castro-continental\/"]}]},{"@type":"ImageObject","inLanguage":"pt-PT","@id":"https:\/\/jornaldasoficinas.com\/pt\/somos-uma-empresa-muito-focada-no-tema-da-sustentabilidade-ana-castro-continental\/#primaryimage","url":"https:\/\/jornaldasoficinas.com\/pt\/wp-content\/uploads\/2023\/10\/N2_Contitech.jpeg","contentUrl":"https:\/\/jornaldasoficinas.com\/pt\/wp-content\/uploads\/2023\/10\/N2_Contitech.jpeg","width":1024,"height":581,"caption":"10 - N2_Contitech"},{"@type":"BreadcrumbList","@id":"https:\/\/jornaldasoficinas.com\/pt\/somos-uma-empresa-muito-focada-no-tema-da-sustentabilidade-ana-castro-continental\/#breadcrumb","itemListElement":[{"@type":"ListItem","position":1,"name":"In\u00edcio","item":"https:\/\/jornaldasoficinas.com\/pt\/"},{"@type":"ListItem","position":2,"name":"&#8220;Somos uma empresa muito focada no tema da sustentabilidade!&#8221;, Ana Castro, Continental"}]},{"@type":"WebSite","@id":"https:\/\/jornaldasoficinas.com\/pt\/#website","url":"https:\/\/jornaldasoficinas.com\/pt\/","name":"Jornal das Oficinas","description":"Jornal independente do Aftermarket Autom\u00f3vel em Portugal","publisher":{"@id":"https:\/\/jornaldasoficinas.com\/pt\/#organization"},"potentialAction":[{"@type":"SearchAction","target":{"@type":"EntryPoint","urlTemplate":"https:\/\/jornaldasoficinas.com\/pt\/?s={search_term_string}"},"query-input":{"@type":"PropertyValueSpecification","valueRequired":true,"valueName":"search_term_string"}}],"inLanguage":"pt-PT"},{"@type":"Organization","@id":"https:\/\/jornaldasoficinas.com\/pt\/#organization","name":"Jornal das Oficinas","url":"https:\/\/jornaldasoficinas.com\/pt\/","logo":{"@type":"ImageObject","inLanguage":"pt-PT","@id":"https:\/\/jornaldasoficinas.com\/pt\/#\/schema\/logo\/image\/","url":"https:\/\/jornaldasoficinas.com\/pt\/wp-content\/uploads\/logoJO-SEO.png","contentUrl":"https:\/\/jornaldasoficinas.com\/pt\/wp-content\/uploads\/logoJO-SEO.png","width":285,"height":450,"caption":"Jornal das Oficinas"},"image":{"@id":"https:\/\/jornaldasoficinas.com\/pt\/#\/schema\/logo\/image\/"},"sameAs":["https:\/\/www.facebook.com\/jornaloficinas","https:\/\/x.com\/jornaloficinas","https:\/\/www.instagram.com\/jornal_oficinas\/","https:\/\/www.linkedin.com\/company\/jornal-das-oficinas\/","https:\/\/www.youtube.com\/channel\/UCbQZBqtcvV-oSQrr7RzINGg"]},{"@type":"Person","@id":"https:\/\/jornaldasoficinas.com\/pt\/#\/schema\/person\/a38eef5de2c41d9e7c9ac10141afddf3","name":"Reda\u00e7\u00e3o JO","image":{"@type":"ImageObject","inLanguage":"pt-PT","@id":"https:\/\/secure.gravatar.com\/avatar\/71f2fa71737ad68a84fea94bc708ddac8ea5b0c4788dc2ad202f3ccb2887742f?s=96&d=wp_user_avatar&r=g","url":"https:\/\/secure.gravatar.com\/avatar\/71f2fa71737ad68a84fea94bc708ddac8ea5b0c4788dc2ad202f3ccb2887742f?s=96&d=wp_user_avatar&r=g","contentUrl":"https:\/\/secure.gravatar.com\/avatar\/71f2fa71737ad68a84fea94bc708ddac8ea5b0c4788dc2ad202f3ccb2887742f?s=96&d=wp_user_avatar&r=g","caption":"Reda\u00e7\u00e3o JO"},"url":"https:\/\/jornaldasoficinas.com\/pt\/author\/joredacao\/"}]}},"_links":{"self":[{"href":"https:\/\/jornaldasoficinas.com\/pt\/wp-json\/wp\/v2\/posts\/74205","targetHints":{"allow":["GET"]}}],"collection":[{"href":"https:\/\/jornaldasoficinas.com\/pt\/wp-json\/wp\/v2\/posts"}],"about":[{"href":"https:\/\/jornaldasoficinas.com\/pt\/wp-json\/wp\/v2\/types\/post"}],"author":[{"embeddable":true,"href":"https:\/\/jornaldasoficinas.com\/pt\/wp-json\/wp\/v2\/users\/15"}],"replies":[{"embeddable":true,"href":"https:\/\/jornaldasoficinas.com\/pt\/wp-json\/wp\/v2\/comments?post=74205"}],"version-history":[{"count":0,"href":"https:\/\/jornaldasoficinas.com\/pt\/wp-json\/wp\/v2\/posts\/74205\/revisions"}],"wp:featuredmedia":[{"embeddable":true,"href":"https:\/\/jornaldasoficinas.com\/pt\/wp-json\/wp\/v2\/media\/74208"}],"wp:attachment":[{"href":"https:\/\/jornaldasoficinas.com\/pt\/wp-json\/wp\/v2\/media?parent=74205"}],"wp:term":[{"taxonomy":"category","embeddable":true,"href":"https:\/\/jornaldasoficinas.com\/pt\/wp-json\/wp\/v2\/categories?post=74205"},{"taxonomy":"post_tag","embeddable":true,"href":"https:\/\/jornaldasoficinas.com\/pt\/wp-json\/wp\/v2\/tags?post=74205"}],"curies":[{"name":"wp","href":"https:\/\/api.w.org\/{rel}","templated":true}]}}