{"id":74402,"date":"2023-11-09T15:00:08","date_gmt":"2023-11-09T15:00:08","guid":{"rendered":"https:\/\/jornaldasoficinas.com\/pt\/?p=74402"},"modified":"2023-11-09T14:54:11","modified_gmt":"2023-11-09T14:54:11","slug":"faleceu-nelson-tripa-fundador-da-nelson-tripa-lda","status":"publish","type":"post","link":"https:\/\/jornaldasoficinas.com\/pt\/faleceu-nelson-tripa-fundador-da-nelson-tripa-lda\/","title":{"rendered":"Faleceu Nelson Tripa, fundador da Nelson Tripa, Lda."},"content":{"rendered":"<p><img loading=\"lazy\" decoding=\"async\" class=\"alignnone size-full wp-image-74403\" src=\"https:\/\/jornaldasoficinas.com\/pt\/wp-content\/uploads\/2023\/10\/Faleceu-Nelson-Tripa.jpeg\" alt=\"10 - Faleceu Nelson Tripa\" width=\"1024\" height=\"581\" srcset=\"https:\/\/jornaldasoficinas.com\/pt\/wp-content\/uploads\/2023\/10\/Faleceu-Nelson-Tripa.jpeg 1024w, https:\/\/jornaldasoficinas.com\/pt\/wp-content\/uploads\/2023\/10\/Faleceu-Nelson-Tripa-300x170.jpeg 300w, https:\/\/jornaldasoficinas.com\/pt\/wp-content\/uploads\/2023\/10\/Faleceu-Nelson-Tripa-150x85.jpeg 150w, https:\/\/jornaldasoficinas.com\/pt\/wp-content\/uploads\/2023\/10\/Faleceu-Nelson-Tripa-768x436.jpeg 768w\" sizes=\"auto, (max-width: 1024px) 100vw, 1024px\" \/><\/p>\n<p><strong>\u00c9 com profunda tristeza que informamos o falecimento de Nelson Concei\u00e7\u00e3o Carvalho Tripa, com 80 anos, fundador da empresa <a href=\"https:\/\/nelsontripa.pt\/\" target=\"_blank\" rel=\"noopener\">Nelson Tripa, Lda.<\/a>, especializada na comercializa\u00e7\u00e3o de componentes para Ar Condicionado autom\u00f3vel<\/strong><\/p>\n<p>Nelson Tripa dedicou mais de quarenta anos da sua vida profissional ao neg\u00f3cio da climatiza\u00e7\u00e3o autom\u00f3vel, refrigera\u00e7\u00e3o e venda de pequenos eletrodom\u00e9sticos. Com um stock em pe\u00e7as para sistemas de ar condicionado que lhe permite satisfazer mais de 90% dos pedidos, a Nelson Tripa, Lda. \u00e9 uma empresa pioneira em Portugal na comercializa\u00e7\u00e3o destes componentes.<\/p>\n<p>Como gerente, Nelson Tripa sempre assumiu a gest\u00e3o global da empresa e as linhas mestras de a\u00e7\u00e3o, contando com o apoio da sua filha na parte administrativa. Viajou muito pelo mundo em neg\u00f3cios, pois desde cedo come\u00e7ou a ir a feiras internacionais \u00e0 procura de fornecedores.<\/p>\n<p>As marcas principais que a empresa comercializa atualmente s\u00e3o a Denso, a York, a Sandem e a Delphi.<\/p>\n<p>Toda a equipa do Jornal das Oficinas lamenta esta grande perda e transmitimos as nossas sinceras condol\u00eancias a todos os seus familiares e amigos.<\/p>\n","protected":false},"excerpt":{"rendered":"<p>\u00c9 com profunda tristeza que informamos&#8230;<\/p>\n","protected":false},"author":15,"featured_media":74403,"comment_status":"closed","ping_status":"closed","sticky":false,"template":"","format":"standard","meta":{"footnotes":""},"categories":[29],"tags":[328,6338,241,2601],"class_list":["post-74402","post","type-post","status-publish","format-standard","has-post-thumbnail","hentry","category-empresas","tag-ar-condicionado","tag-falecimento","tag-lda","tag-nelson-tripa"],"yoast_head":"<!-- This site is optimized with the Yoast SEO plugin v27.5 - https:\/\/yoast.com\/product\/yoast-seo-wordpress\/ -->\n<title>Faleceu Nelson Tripa, fundador da Nelson Tripa, Lda. - Jornal das Oficinas<\/title>\n<meta name=\"description\" content=\"\u00c9 com profunda tristeza que informamos o falecimento de Nelson Concei\u00e7\u00e3o Carvalho Tripa, com 80 anos, fundador da empresa Nelson Tripa\" \/>\n<meta name=\"robots\" content=\"index, follow, max-snippet:-1, max-image-preview:large, max-video-preview:-1\" \/>\n<link rel=\"canonical\" href=\"https:\/\/jornaldasoficinas.com\/pt\/faleceu-nelson-tripa-fundador-da-nelson-tripa-lda\/\" \/>\n<meta property=\"og:locale\" content=\"pt_PT\" \/>\n<meta property=\"og:type\" content=\"article\" \/>\n<meta property=\"og:title\" content=\"Faleceu Nelson Tripa, fundador da Nelson Tripa, Lda. - Jornal das Oficinas\" \/>\n<meta property=\"og:description\" content=\"\u00c9 com profunda tristeza que informamos o falecimento de Nelson Concei\u00e7\u00e3o Carvalho Tripa, com 80 anos, fundador da empresa Nelson Tripa\" \/>\n<meta property=\"og:url\" content=\"https:\/\/jornaldasoficinas.com\/pt\/faleceu-nelson-tripa-fundador-da-nelson-tripa-lda\/\" \/>\n<meta property=\"og:site_name\" content=\"Jornal das Oficinas\" \/>\n<meta property=\"article:publisher\" content=\"https:\/\/www.facebook.com\/jornaloficinas\" \/>\n<meta property=\"article:published_time\" content=\"2023-11-09T15:00:08+00:00\" \/>\n<meta property=\"og:image\" content=\"https:\/\/jornaldasoficinas.com\/pt\/wp-content\/uploads\/2023\/10\/Faleceu-Nelson-Tripa.jpeg\" \/>\n\t<meta property=\"og:image:width\" content=\"1024\" \/>\n\t<meta property=\"og:image:height\" content=\"581\" \/>\n\t<meta property=\"og:image:type\" content=\"image\/jpeg\" \/>\n<meta name=\"author\" content=\"Reda\u00e7\u00e3o JO\" \/>\n<meta name=\"twitter:card\" content=\"summary_large_image\" \/>\n<meta name=\"twitter:creator\" content=\"@jornaloficinas\" \/>\n<meta name=\"twitter:site\" content=\"@jornaloficinas\" \/>\n<meta name=\"twitter:label1\" content=\"Escrito por\" \/>\n\t<meta name=\"twitter:data1\" content=\"Reda\u00e7\u00e3o JO\" \/>\n\t<meta name=\"twitter:label2\" content=\"Tempo estimado de leitura\" \/>\n\t<meta name=\"twitter:data2\" content=\"2 minutos\" \/>\n<script type=\"application\/ld+json\" class=\"yoast-schema-graph\">{\"@context\":\"https:\\\/\\\/schema.org\",\"@graph\":[{\"@type\":\"Article\",\"@id\":\"https:\\\/\\\/jornaldasoficinas.com\\\/pt\\\/faleceu-nelson-tripa-fundador-da-nelson-tripa-lda\\\/#article\",\"isPartOf\":{\"@id\":\"https:\\\/\\\/jornaldasoficinas.com\\\/pt\\\/faleceu-nelson-tripa-fundador-da-nelson-tripa-lda\\\/\"},\"author\":{\"name\":\"Reda\u00e7\u00e3o JO\",\"@id\":\"https:\\\/\\\/jornaldasoficinas.com\\\/pt\\\/#\\\/schema\\\/person\\\/a38eef5de2c41d9e7c9ac10141afddf3\"},\"headline\":\"Faleceu Nelson Tripa, fundador da Nelson Tripa, Lda.\",\"datePublished\":\"2023-11-09T15:00:08+00:00\",\"mainEntityOfPage\":{\"@id\":\"https:\\\/\\\/jornaldasoficinas.com\\\/pt\\\/faleceu-nelson-tripa-fundador-da-nelson-tripa-lda\\\/\"},\"wordCount\":193,\"publisher\":{\"@id\":\"https:\\\/\\\/jornaldasoficinas.com\\\/pt\\\/#organization\"},\"image\":{\"@id\":\"https:\\\/\\\/jornaldasoficinas.com\\\/pt\\\/faleceu-nelson-tripa-fundador-da-nelson-tripa-lda\\\/#primaryimage\"},\"thumbnailUrl\":\"https:\\\/\\\/jornaldasoficinas.com\\\/pt\\\/wp-content\\\/uploads\\\/2023\\\/10\\\/Faleceu-Nelson-Tripa.jpeg\",\"keywords\":[\"Ar condicionado\",\"Falecimento\",\"Lda.\",\"Nelson Tripa\"],\"articleSection\":[\"Empresas\"],\"inLanguage\":\"pt-PT\"},{\"@type\":\"WebPage\",\"@id\":\"https:\\\/\\\/jornaldasoficinas.com\\\/pt\\\/faleceu-nelson-tripa-fundador-da-nelson-tripa-lda\\\/\",\"url\":\"https:\\\/\\\/jornaldasoficinas.com\\\/pt\\\/faleceu-nelson-tripa-fundador-da-nelson-tripa-lda\\\/\",\"name\":\"Faleceu Nelson Tripa, fundador da Nelson Tripa, Lda. - Jornal das Oficinas\",\"isPartOf\":{\"@id\":\"https:\\\/\\\/jornaldasoficinas.com\\\/pt\\\/#website\"},\"primaryImageOfPage\":{\"@id\":\"https:\\\/\\\/jornaldasoficinas.com\\\/pt\\\/faleceu-nelson-tripa-fundador-da-nelson-tripa-lda\\\/#primaryimage\"},\"image\":{\"@id\":\"https:\\\/\\\/jornaldasoficinas.com\\\/pt\\\/faleceu-nelson-tripa-fundador-da-nelson-tripa-lda\\\/#primaryimage\"},\"thumbnailUrl\":\"https:\\\/\\\/jornaldasoficinas.com\\\/pt\\\/wp-content\\\/uploads\\\/2023\\\/10\\\/Faleceu-Nelson-Tripa.jpeg\",\"datePublished\":\"2023-11-09T15:00:08+00:00\",\"description\":\"\u00c9 com profunda tristeza que informamos o falecimento de Nelson Concei\u00e7\u00e3o Carvalho Tripa, com 80 anos, fundador da empresa Nelson Tripa\",\"breadcrumb\":{\"@id\":\"https:\\\/\\\/jornaldasoficinas.com\\\/pt\\\/faleceu-nelson-tripa-fundador-da-nelson-tripa-lda\\\/#breadcrumb\"},\"inLanguage\":\"pt-PT\",\"potentialAction\":[{\"@type\":\"ReadAction\",\"target\":[\"https:\\\/\\\/jornaldasoficinas.com\\\/pt\\\/faleceu-nelson-tripa-fundador-da-nelson-tripa-lda\\\/\"]}]},{\"@type\":\"ImageObject\",\"inLanguage\":\"pt-PT\",\"@id\":\"https:\\\/\\\/jornaldasoficinas.com\\\/pt\\\/faleceu-nelson-tripa-fundador-da-nelson-tripa-lda\\\/#primaryimage\",\"url\":\"https:\\\/\\\/jornaldasoficinas.com\\\/pt\\\/wp-content\\\/uploads\\\/2023\\\/10\\\/Faleceu-Nelson-Tripa.jpeg\",\"contentUrl\":\"https:\\\/\\\/jornaldasoficinas.com\\\/pt\\\/wp-content\\\/uploads\\\/2023\\\/10\\\/Faleceu-Nelson-Tripa.jpeg\",\"width\":1024,\"height\":581,\"caption\":\"10 - Faleceu Nelson Tripa\"},{\"@type\":\"BreadcrumbList\",\"@id\":\"https:\\\/\\\/jornaldasoficinas.com\\\/pt\\\/faleceu-nelson-tripa-fundador-da-nelson-tripa-lda\\\/#breadcrumb\",\"itemListElement\":[{\"@type\":\"ListItem\",\"position\":1,\"name\":\"In\u00edcio\",\"item\":\"https:\\\/\\\/jornaldasoficinas.com\\\/pt\\\/\"},{\"@type\":\"ListItem\",\"position\":2,\"name\":\"Faleceu Nelson Tripa, fundador da Nelson Tripa, Lda.\"}]},{\"@type\":\"WebSite\",\"@id\":\"https:\\\/\\\/jornaldasoficinas.com\\\/pt\\\/#website\",\"url\":\"https:\\\/\\\/jornaldasoficinas.com\\\/pt\\\/\",\"name\":\"Jornal das Oficinas\",\"description\":\"Jornal independente do Aftermarket Autom\u00f3vel em Portugal\",\"publisher\":{\"@id\":\"https:\\\/\\\/jornaldasoficinas.com\\\/pt\\\/#organization\"},\"potentialAction\":[{\"@type\":\"SearchAction\",\"target\":{\"@type\":\"EntryPoint\",\"urlTemplate\":\"https:\\\/\\\/jornaldasoficinas.com\\\/pt\\\/?s={search_term_string}\"},\"query-input\":{\"@type\":\"PropertyValueSpecification\",\"valueRequired\":true,\"valueName\":\"search_term_string\"}}],\"inLanguage\":\"pt-PT\"},{\"@type\":\"Organization\",\"@id\":\"https:\\\/\\\/jornaldasoficinas.com\\\/pt\\\/#organization\",\"name\":\"Jornal das Oficinas\",\"url\":\"https:\\\/\\\/jornaldasoficinas.com\\\/pt\\\/\",\"logo\":{\"@type\":\"ImageObject\",\"inLanguage\":\"pt-PT\",\"@id\":\"https:\\\/\\\/jornaldasoficinas.com\\\/pt\\\/#\\\/schema\\\/logo\\\/image\\\/\",\"url\":\"https:\\\/\\\/jornaldasoficinas.com\\\/pt\\\/wp-content\\\/uploads\\\/logoJO-SEO.png\",\"contentUrl\":\"https:\\\/\\\/jornaldasoficinas.com\\\/pt\\\/wp-content\\\/uploads\\\/logoJO-SEO.png\",\"width\":285,\"height\":450,\"caption\":\"Jornal das Oficinas\"},\"image\":{\"@id\":\"https:\\\/\\\/jornaldasoficinas.com\\\/pt\\\/#\\\/schema\\\/logo\\\/image\\\/\"},\"sameAs\":[\"https:\\\/\\\/www.facebook.com\\\/jornaloficinas\",\"https:\\\/\\\/x.com\\\/jornaloficinas\",\"https:\\\/\\\/www.instagram.com\\\/jornal_oficinas\\\/\",\"https:\\\/\\\/www.linkedin.com\\\/company\\\/jornal-das-oficinas\\\/\",\"https:\\\/\\\/www.youtube.com\\\/channel\\\/UCbQZBqtcvV-oSQrr7RzINGg\"]},{\"@type\":\"Person\",\"@id\":\"https:\\\/\\\/jornaldasoficinas.com\\\/pt\\\/#\\\/schema\\\/person\\\/a38eef5de2c41d9e7c9ac10141afddf3\",\"name\":\"Reda\u00e7\u00e3o JO\",\"image\":{\"@type\":\"ImageObject\",\"inLanguage\":\"pt-PT\",\"@id\":\"https:\\\/\\\/secure.gravatar.com\\\/avatar\\\/71f2fa71737ad68a84fea94bc708ddac8ea5b0c4788dc2ad202f3ccb2887742f?s=96&d=wp_user_avatar&r=g\",\"url\":\"https:\\\/\\\/secure.gravatar.com\\\/avatar\\\/71f2fa71737ad68a84fea94bc708ddac8ea5b0c4788dc2ad202f3ccb2887742f?s=96&d=wp_user_avatar&r=g\",\"contentUrl\":\"https:\\\/\\\/secure.gravatar.com\\\/avatar\\\/71f2fa71737ad68a84fea94bc708ddac8ea5b0c4788dc2ad202f3ccb2887742f?s=96&d=wp_user_avatar&r=g\",\"caption\":\"Reda\u00e7\u00e3o JO\"},\"url\":\"https:\\\/\\\/jornaldasoficinas.com\\\/pt\\\/author\\\/joredacao\\\/\"}]}<\/script>\n<!-- \/ Yoast SEO plugin. -->","yoast_head_json":{"title":"Faleceu Nelson Tripa, fundador da Nelson Tripa, Lda. - Jornal das Oficinas","description":"\u00c9 com profunda tristeza que informamos o falecimento de Nelson Concei\u00e7\u00e3o Carvalho Tripa, com 80 anos, fundador da empresa Nelson Tripa","robots":{"index":"index","follow":"follow","max-snippet":"max-snippet:-1","max-image-preview":"max-image-preview:large","max-video-preview":"max-video-preview:-1"},"canonical":"https:\/\/jornaldasoficinas.com\/pt\/faleceu-nelson-tripa-fundador-da-nelson-tripa-lda\/","og_locale":"pt_PT","og_type":"article","og_title":"Faleceu Nelson Tripa, fundador da Nelson Tripa, Lda. - Jornal das Oficinas","og_description":"\u00c9 com profunda tristeza que informamos o falecimento de Nelson Concei\u00e7\u00e3o Carvalho Tripa, com 80 anos, fundador da empresa Nelson Tripa","og_url":"https:\/\/jornaldasoficinas.com\/pt\/faleceu-nelson-tripa-fundador-da-nelson-tripa-lda\/","og_site_name":"Jornal das Oficinas","article_publisher":"https:\/\/www.facebook.com\/jornaloficinas","article_published_time":"2023-11-09T15:00:08+00:00","og_image":[{"width":1024,"height":581,"url":"https:\/\/jornaldasoficinas.com\/pt\/wp-content\/uploads\/2023\/10\/Faleceu-Nelson-Tripa.jpeg","type":"image\/jpeg"}],"author":"Reda\u00e7\u00e3o JO","twitter_card":"summary_large_image","twitter_creator":"@jornaloficinas","twitter_site":"@jornaloficinas","twitter_misc":{"Escrito por":"Reda\u00e7\u00e3o JO","Tempo estimado de leitura":"2 minutos"},"schema":{"@context":"https:\/\/schema.org","@graph":[{"@type":"Article","@id":"https:\/\/jornaldasoficinas.com\/pt\/faleceu-nelson-tripa-fundador-da-nelson-tripa-lda\/#article","isPartOf":{"@id":"https:\/\/jornaldasoficinas.com\/pt\/faleceu-nelson-tripa-fundador-da-nelson-tripa-lda\/"},"author":{"name":"Reda\u00e7\u00e3o JO","@id":"https:\/\/jornaldasoficinas.com\/pt\/#\/schema\/person\/a38eef5de2c41d9e7c9ac10141afddf3"},"headline":"Faleceu Nelson Tripa, fundador da Nelson Tripa, Lda.","datePublished":"2023-11-09T15:00:08+00:00","mainEntityOfPage":{"@id":"https:\/\/jornaldasoficinas.com\/pt\/faleceu-nelson-tripa-fundador-da-nelson-tripa-lda\/"},"wordCount":193,"publisher":{"@id":"https:\/\/jornaldasoficinas.com\/pt\/#organization"},"image":{"@id":"https:\/\/jornaldasoficinas.com\/pt\/faleceu-nelson-tripa-fundador-da-nelson-tripa-lda\/#primaryimage"},"thumbnailUrl":"https:\/\/jornaldasoficinas.com\/pt\/wp-content\/uploads\/2023\/10\/Faleceu-Nelson-Tripa.jpeg","keywords":["Ar condicionado","Falecimento","Lda.","Nelson Tripa"],"articleSection":["Empresas"],"inLanguage":"pt-PT"},{"@type":"WebPage","@id":"https:\/\/jornaldasoficinas.com\/pt\/faleceu-nelson-tripa-fundador-da-nelson-tripa-lda\/","url":"https:\/\/jornaldasoficinas.com\/pt\/faleceu-nelson-tripa-fundador-da-nelson-tripa-lda\/","name":"Faleceu Nelson Tripa, fundador da Nelson Tripa, Lda. - Jornal das Oficinas","isPartOf":{"@id":"https:\/\/jornaldasoficinas.com\/pt\/#website"},"primaryImageOfPage":{"@id":"https:\/\/jornaldasoficinas.com\/pt\/faleceu-nelson-tripa-fundador-da-nelson-tripa-lda\/#primaryimage"},"image":{"@id":"https:\/\/jornaldasoficinas.com\/pt\/faleceu-nelson-tripa-fundador-da-nelson-tripa-lda\/#primaryimage"},"thumbnailUrl":"https:\/\/jornaldasoficinas.com\/pt\/wp-content\/uploads\/2023\/10\/Faleceu-Nelson-Tripa.jpeg","datePublished":"2023-11-09T15:00:08+00:00","description":"\u00c9 com profunda tristeza que informamos o falecimento de Nelson Concei\u00e7\u00e3o Carvalho Tripa, com 80 anos, fundador da empresa Nelson Tripa","breadcrumb":{"@id":"https:\/\/jornaldasoficinas.com\/pt\/faleceu-nelson-tripa-fundador-da-nelson-tripa-lda\/#breadcrumb"},"inLanguage":"pt-PT","potentialAction":[{"@type":"ReadAction","target":["https:\/\/jornaldasoficinas.com\/pt\/faleceu-nelson-tripa-fundador-da-nelson-tripa-lda\/"]}]},{"@type":"ImageObject","inLanguage":"pt-PT","@id":"https:\/\/jornaldasoficinas.com\/pt\/faleceu-nelson-tripa-fundador-da-nelson-tripa-lda\/#primaryimage","url":"https:\/\/jornaldasoficinas.com\/pt\/wp-content\/uploads\/2023\/10\/Faleceu-Nelson-Tripa.jpeg","contentUrl":"https:\/\/jornaldasoficinas.com\/pt\/wp-content\/uploads\/2023\/10\/Faleceu-Nelson-Tripa.jpeg","width":1024,"height":581,"caption":"10 - Faleceu Nelson Tripa"},{"@type":"BreadcrumbList","@id":"https:\/\/jornaldasoficinas.com\/pt\/faleceu-nelson-tripa-fundador-da-nelson-tripa-lda\/#breadcrumb","itemListElement":[{"@type":"ListItem","position":1,"name":"In\u00edcio","item":"https:\/\/jornaldasoficinas.com\/pt\/"},{"@type":"ListItem","position":2,"name":"Faleceu Nelson Tripa, fundador da Nelson Tripa, Lda."}]},{"@type":"WebSite","@id":"https:\/\/jornaldasoficinas.com\/pt\/#website","url":"https:\/\/jornaldasoficinas.com\/pt\/","name":"Jornal das Oficinas","description":"Jornal independente do Aftermarket Autom\u00f3vel em Portugal","publisher":{"@id":"https:\/\/jornaldasoficinas.com\/pt\/#organization"},"potentialAction":[{"@type":"SearchAction","target":{"@type":"EntryPoint","urlTemplate":"https:\/\/jornaldasoficinas.com\/pt\/?s={search_term_string}"},"query-input":{"@type":"PropertyValueSpecification","valueRequired":true,"valueName":"search_term_string"}}],"inLanguage":"pt-PT"},{"@type":"Organization","@id":"https:\/\/jornaldasoficinas.com\/pt\/#organization","name":"Jornal das Oficinas","url":"https:\/\/jornaldasoficinas.com\/pt\/","logo":{"@type":"ImageObject","inLanguage":"pt-PT","@id":"https:\/\/jornaldasoficinas.com\/pt\/#\/schema\/logo\/image\/","url":"https:\/\/jornaldasoficinas.com\/pt\/wp-content\/uploads\/logoJO-SEO.png","contentUrl":"https:\/\/jornaldasoficinas.com\/pt\/wp-content\/uploads\/logoJO-SEO.png","width":285,"height":450,"caption":"Jornal das Oficinas"},"image":{"@id":"https:\/\/jornaldasoficinas.com\/pt\/#\/schema\/logo\/image\/"},"sameAs":["https:\/\/www.facebook.com\/jornaloficinas","https:\/\/x.com\/jornaloficinas","https:\/\/www.instagram.com\/jornal_oficinas\/","https:\/\/www.linkedin.com\/company\/jornal-das-oficinas\/","https:\/\/www.youtube.com\/channel\/UCbQZBqtcvV-oSQrr7RzINGg"]},{"@type":"Person","@id":"https:\/\/jornaldasoficinas.com\/pt\/#\/schema\/person\/a38eef5de2c41d9e7c9ac10141afddf3","name":"Reda\u00e7\u00e3o JO","image":{"@type":"ImageObject","inLanguage":"pt-PT","@id":"https:\/\/secure.gravatar.com\/avatar\/71f2fa71737ad68a84fea94bc708ddac8ea5b0c4788dc2ad202f3ccb2887742f?s=96&d=wp_user_avatar&r=g","url":"https:\/\/secure.gravatar.com\/avatar\/71f2fa71737ad68a84fea94bc708ddac8ea5b0c4788dc2ad202f3ccb2887742f?s=96&d=wp_user_avatar&r=g","contentUrl":"https:\/\/secure.gravatar.com\/avatar\/71f2fa71737ad68a84fea94bc708ddac8ea5b0c4788dc2ad202f3ccb2887742f?s=96&d=wp_user_avatar&r=g","caption":"Reda\u00e7\u00e3o JO"},"url":"https:\/\/jornaldasoficinas.com\/pt\/author\/joredacao\/"}]}},"_links":{"self":[{"href":"https:\/\/jornaldasoficinas.com\/pt\/wp-json\/wp\/v2\/posts\/74402","targetHints":{"allow":["GET"]}}],"collection":[{"href":"https:\/\/jornaldasoficinas.com\/pt\/wp-json\/wp\/v2\/posts"}],"about":[{"href":"https:\/\/jornaldasoficinas.com\/pt\/wp-json\/wp\/v2\/types\/post"}],"author":[{"embeddable":true,"href":"https:\/\/jornaldasoficinas.com\/pt\/wp-json\/wp\/v2\/users\/15"}],"replies":[{"embeddable":true,"href":"https:\/\/jornaldasoficinas.com\/pt\/wp-json\/wp\/v2\/comments?post=74402"}],"version-history":[{"count":0,"href":"https:\/\/jornaldasoficinas.com\/pt\/wp-json\/wp\/v2\/posts\/74402\/revisions"}],"wp:featuredmedia":[{"embeddable":true,"href":"https:\/\/jornaldasoficinas.com\/pt\/wp-json\/wp\/v2\/media\/74403"}],"wp:attachment":[{"href":"https:\/\/jornaldasoficinas.com\/pt\/wp-json\/wp\/v2\/media?parent=74402"}],"wp:term":[{"taxonomy":"category","embeddable":true,"href":"https:\/\/jornaldasoficinas.com\/pt\/wp-json\/wp\/v2\/categories?post=74402"},{"taxonomy":"post_tag","embeddable":true,"href":"https:\/\/jornaldasoficinas.com\/pt\/wp-json\/wp\/v2\/tags?post=74402"}],"curies":[{"name":"wp","href":"https:\/\/api.w.org\/{rel}","templated":true}]}}