{"id":74453,"date":"2023-11-10T11:00:23","date_gmt":"2023-11-10T11:00:23","guid":{"rendered":"https:\/\/jornaldasoficinas.com\/pt\/?p=74453"},"modified":"2023-11-10T10:18:19","modified_gmt":"2023-11-10T10:18:19","slug":"antevisao-forum-dpai-acap-o-proximo-aftermarket","status":"publish","type":"post","link":"https:\/\/jornaldasoficinas.com\/pt\/antevisao-forum-dpai-acap-o-proximo-aftermarket\/","title":{"rendered":"Antevis\u00e3o F\u00f3rum DPAI\/ACAP \u201cO Pr\u00f3ximo Aftermarket\u201d"},"content":{"rendered":"<p><img loading=\"lazy\" decoding=\"async\" class=\"alignnone size-full wp-image-74456\" src=\"https:\/\/jornaldasoficinas.com\/pt\/wp-content\/uploads\/2023\/10\/Antevisao-Forum-DPAIACAP.png\" alt=\"10 - Antevisao Forum DPAIACAP\" width=\"1024\" height=\"581\" srcset=\"https:\/\/jornaldasoficinas.com\/pt\/wp-content\/uploads\/2023\/10\/Antevisao-Forum-DPAIACAP.png 1024w, https:\/\/jornaldasoficinas.com\/pt\/wp-content\/uploads\/2023\/10\/Antevisao-Forum-DPAIACAP-300x170.png 300w, https:\/\/jornaldasoficinas.com\/pt\/wp-content\/uploads\/2023\/10\/Antevisao-Forum-DPAIACAP-150x85.png 150w, https:\/\/jornaldasoficinas.com\/pt\/wp-content\/uploads\/2023\/10\/Antevisao-Forum-DPAIACAP-768x436.png 768w\" sizes=\"auto, (max-width: 1024px) 100vw, 1024px\" \/><\/p>\n<p><strong>A <a href=\"https:\/\/dpai.acap.pt\/pt\/home\" target=\"_blank\" rel=\"noopener\">DPAI\/ACAP<\/a> fez uma antevis\u00e3o dos principais assuntos em debate no F\u00f3rum <a href=\"https:\/\/dpai.acap.pt\/pt\/noticia\/223\/participe-no-forum-dpai-2023-o-proximo-aftermarket\" target=\"_blank\" rel=\"noopener\">\u201cO Pr\u00f3ximo Aftermarket\u201d<\/a>, um evento desenhado para fornecer insights valiosos e capacitar os empres\u00e1rios do setor a responderem \u00e0s novas tend\u00eancias<\/strong><\/p>\n<p>\u00c0 medida que a ind\u00fastria autom\u00f3vel se reinventa, o mercado do p\u00f3s-venda (aftermarket) encara uma era de transforma\u00e7\u00f5es significativas. Prev\u00ea-se que, em 2024, novas tend\u00eancias, inova\u00e7\u00f5es tecnol\u00f3gicas e mudan\u00e7as na legisla\u00e7\u00e3o europeia venham a redefinir este sector.<\/p>\n<p>Neste contexto, o F\u00f3rum DPAI\/ACAP \u201cO Pr\u00f3ximo Aftermarket\u201d surge como um espa\u00e7o essencial de di\u00e1logo e reflex\u00e3o, reunindo profissionais e entusiastas do setor. Agendado para o dia 23 de Novembro, \u00e0s 09h00, no Museu do Oriente em Lisboa, este evento promete ser um marco na discuss\u00e3o dos caminhos e desafios que se avizinham.<\/p>\n<p><strong>1\u00ba PAINEL (09H30)<br \/>\n<\/strong>O 1\u00ba Painel ter\u00e1 como oradores Joaquim Candeias, Presidente da DPAI\/ACAP e \u00c1lvaro de la Cruz, diretor de comunica\u00e7\u00e3o da FIGIEFA, Federa\u00e7\u00e3o que defende o aftermarket autom\u00f3vel independente a n\u00edvel europeu e da qual a DPAI\/ACAP \u00e9 membro. V\u00e3o falar do trabalho que as respetivas associa\u00e7\u00f5es t\u00eam desenvolvido em defesa do aftermarket independente, junto dos decisores europeus, para garantir que todos os players possam aceder ao mercado de manuten\u00e7\u00e3o e repara\u00e7\u00e3o de ve\u00edculos, em condi\u00e7\u00f5es competitivas.<\/p>\n<p>\u00c0 medida que a ind\u00fastria autom\u00f3vel se reinventa, o mercado do p\u00f3s-venda encara uma era de transforma\u00e7\u00f5es significativas. Prev\u00ea-se que, em 2024, novas tend\u00eancias, inova\u00e7\u00f5es tecnol\u00f3gicas e mudan\u00e7as na legisla\u00e7\u00e3o europeia venham a redefinir este sector. Joaquim Candeias e \u00c1lvaro de la Cruz, v\u00e3o conduzir uma an\u00e1lise aprofundada destas tem\u00e1ticas.<\/p>\n<p>Os temas centrais incluem a transi\u00e7\u00e3o para o ve\u00edculo conectado, as atualiza\u00e7\u00f5es legislativas iminentes e os impactos destas mudan\u00e7as no aftermarket independente. A restri\u00e7\u00e3o no acesso a dados, fun\u00e7\u00f5es e recursos dos ve\u00edculos \u00e9 uma preocupa\u00e7\u00e3o crescente, podendo colocar os prestadores de servi\u00e7os independentes em desvantagem competitiva.<\/p>\n<p>A falta de harmoniza\u00e7\u00e3o na legisla\u00e7\u00e3o europeia, em especial no que toca \u00e0 prote\u00e7\u00e3o de design de pe\u00e7as automotivas vis\u00edveis, soma-se a esta equa\u00e7\u00e3o, trazendo incertezas e desafios adicionais. O impacto do Euro 7, as medidas de prote\u00e7\u00e3o contra adultera\u00e7\u00e3o em sistemas e componentes, o prolongamento do MVBER, que estava prestes a expirar em Maio de 2023, mas que gra\u00e7as aos esfor\u00e7os da FIGIEFA, foi estendido por mais 5 anos e as quest\u00f5es de ciberseguran\u00e7a ser\u00e3o tamb\u00e9m analisados.<\/p>\n<p><strong>2\u00ba PAINEL \u2013 I PARTE (10H10)<br \/>\n<\/strong>Entre os temas em destaque, o 2\u00ba painel dedicado \u00e0 \u201cAn\u00e1lise das Megatrends do Aftermarket\u201d promete uma reflex\u00e3o aprofundada sobre as tend\u00eancias que est\u00e3o a definir o futuro do sector. Neste cen\u00e1rio, em constante mudan\u00e7a, a emerg\u00eancia de novos players e as tem\u00e1ticas da eletrifica\u00e7\u00e3o dos ve\u00edculos, da mobilidade descarbonizada e da sustentabilidade estar\u00e3o em foco, assim como o seu impacto no neg\u00f3cio do p\u00f3s-venda independente.<\/p>\n<p>A digitaliza\u00e7\u00e3o tamb\u00e9m ser\u00e1 alvo de an\u00e1lise, destacando-se n\u00e3o apenas como uma tend\u00eancia, mas como uma necessidade imperativa, podendo ser esta uma ferramenta estrat\u00e9gica essencial, que contribui para a otimiza\u00e7\u00e3o de processos e para o crescimento do neg\u00f3cio. Paralelamente, a evolu\u00e7\u00e3o dos modelos de neg\u00f3cio e das pr\u00e1ticas de gest\u00e3o ser\u00e3o tem\u00e1ticas abordadas, com especial \u00eanfase na necessidade de mudan\u00e7a da mentalidade e capacidade de adapta\u00e7\u00e3o.<\/p>\n<p>O evento pretende ser um catalisador desta transforma\u00e7\u00e3o imprescind\u00edvel, fomentando o di\u00e1logo e providenciando insights e perspetivas \u00fateis. As pessoas ser\u00e3o, igualmente, colocadas no epicentro do debate, destacando-se a import\u00e2ncia da sua valoriza\u00e7\u00e3o, reten\u00e7\u00e3o, forma\u00e7\u00e3o e adapta\u00e7\u00e3o dos profissionais \u00e0s novas realidades.<\/p>\n<p>Este painel ser\u00e1 moderado por D\u00e1rio Afonso, diretor geral da ACM \u2013 Autocoach Management. Tem mais de 20 anos de experi\u00eancia como Coach, Formador, Consultor e Facilitador, desde que fundou a empresa ACM em 2003. \u00c9 um regular orador em importantes confer\u00eancias nacionais e internacionais do sector autom\u00f3vel e publica artigos de opini\u00e3o sobre o sector autom\u00f3vel, forma\u00e7\u00e3o e ap\u00f3s-venda.<\/p>\n<p><strong>Oradores:<\/strong><\/p>\n<p>&#8211; Isabel Basto, COO Aftermarket do Grupo Nors e membro da Comiss\u00e3o de Distribui\u00e7\u00e3o de pe\u00e7as da DPAI\/ACAP<br \/>\n&#8211; Lu\u00eds Machado, Respons\u00e1vel da Placa Distrigo da Stellantis &amp;You<br \/>\n&#8211; Filipe Bandeira, diretor geral da Alves Bandeira Tyres<br \/>\n&#8211; Miguel Melo, diretor geral da MCoutinho Pe\u00e7as e membro da Comiss\u00e3o de Distribui\u00e7\u00e3o de Pe\u00e7as DPAI\/ACAP.<\/p>\n<p><strong>2\u00ba PAINEL \u2013 II PARTE (11H20)<br \/>\n<\/strong>\u201cCompet\u00eancia e talento, procura-se!\u201d \u00e9 o tema da segunda parte deste painel. Num cen\u00e1rio de r\u00e1pidas transforma\u00e7\u00f5es e crescente competitividade, o aftermarket autom\u00f3vel enfrenta uma escassez de recursos humanos, tanto em fun\u00e7\u00f5es tradicionais, como em profiss\u00f5es emergentes ligadas \u00e0 Tecnologia da Informa\u00e7\u00e3o (TI) e \u00e0 inova\u00e7\u00e3o digital.<\/p>\n<p>O painel constitui um espa\u00e7o privilegiado de reflex\u00e3o cr\u00edtica e debate, visando superar estes obst\u00e1culos e preparar o sector para o futuro. Promete ser um momento crucial de reflex\u00e3o e di\u00e1logo acerca do papel preponderante que os Recursos Humanos desempenham na reinven\u00e7\u00e3o e desenvolvimento do aftermarket autom\u00f3vel.<\/p>\n<p>O debate focar-se-\u00e1 na partilha de estrat\u00e9gias essenciais para atrair profissionais qualificados e em como tornar o setor mais atrativo para a capta\u00e7\u00e3o de jovens talentos. A valoriza\u00e7\u00e3o dos colaboradores e a promo\u00e7\u00e3o de um ambiente de trabalho estimulante e inclusivo ser\u00e3o temas centrais, sublinhando-se a import\u00e2ncia da forma\u00e7\u00e3o cont\u00ednua e dos planos de carreira. Prosseguindo na an\u00e1lise das pr\u00e1ticas mais eficazes e inovadoras em gest\u00e3o de talentos, este painel apresenta-se como uma oportunidade \u00edmpar para todos os intervenientes do sector.<\/p>\n<p>Este painel ser\u00e1 moderado por D\u00e1rio Afonso, diretor geral da ACM \u2013 Autocoach Management<\/p>\n<p><strong>Oradores:<br \/>\n<\/strong>&#8211; Virna Martins, da Bewell Portugal<br \/>\n&#8211; Artur Moura Queir\u00f3s, da Alento, solu\u00e7\u00f5es Integradas em Recursos Humanos<br \/>\n&#8211; Miguel Pereira, da Raulauto<br \/>\n&#8211; David Sim\u00e3o, da Agro 121 e membro da Comiss\u00e3o P\u00f3s-venda de M\u00e1quinas Agr\u00edcolas da DPAI\/ACAP<\/p>\n<p><strong>3\u00ba PAINEL (12H10)<br \/>\n<\/strong>O 3\u00ba Painel tem como tema \u201cO consumidor ao volante do mercado\u201d e apresenta um estudo sobre o comportamento do consumidor do aftermarket e estrat\u00e9gias para o futuro. As empresas com futuro n\u00e3o podem presumir ou ignorar o comportamento dos seus clientes. Compreender o perfil do consumidor atual \u00e9 uma necessidade pois \u00e9 com base nesse perfil que estrat\u00e9gias de marketing e neg\u00f3cios com sucesso s\u00e3o constru\u00eddos. N\u00e3o basta conhecer os clientes de hoje, \u00e9 fundamental antecipar como ser\u00e3o no futuro.<\/p>\n<p>Neste painel ser\u00e3o apresentados os resultados da segunda edi\u00e7\u00e3o de um estudo efetuado com base num inqu\u00e9rito aos consumidores. \u00a0Este estudo vai, seguramente, permitir uma compreens\u00e3o aprofundada do comportamento dos consumidores e das din\u00e2micas da procura.<\/p>\n<p>As conclus\u00f5es, a apresentar no F\u00f3rum, v\u00e3o ser fundamentais para os operadores do Aftermarket poderem alinhar as suas estrat\u00e9gias de neg\u00f3cio \u00a0ao novo perfil do consumidor e, assim, manterem-se competitivas. O F\u00f3rum DPAI\/ACAP proporcionar\u00e1 tamb\u00e9m momentos de intera\u00e7\u00e3o com a plateia e haver\u00e1 espa\u00e7o para debate e partilha daquelas que s\u00e3o as melhores pr\u00e1ticas sectoriais. Este evento representa uma oportunidade \u00fanica para todos os profissionais do sector autom\u00f3vel que desejam estar atualizados com as \u00faltimas tend\u00eancias e estrat\u00e9gias de mercado.<\/p>\n<p>Participar no F\u00f3rum DPAI\/ACAP \u00e9 dar um passo em frente na dire\u00e7\u00e3o certa para quem procura n\u00e3o apenas compreender, mas tamb\u00e9m aplicar as melhores t\u00e9cnicas e estrat\u00e9gias de capta\u00e7\u00e3o e reten\u00e7\u00e3o de talento.<\/p>\n<p>Este painel ter\u00e1 como oradores Rita Alem\u00e3o, Managing Partner co-fundadora e managing partner da LYD, onde trabalha como consultora e coach; e Pedro Barros, CEO da TIPS 4Y, especialista no desenvolvimento de neg\u00f3cio para o setor autom\u00f3vel e membro da Comiss\u00e3o Executiva da DPAI\/ACAP<\/p>\n<p>Para assegurar a sua participa\u00e7\u00e3o no F\u00f3rum DPAI\/ACAP \u201cO Pr\u00f3ximo Aftermarket\u201d clique <a href=\"https:\/\/mailchi.mp\/acap\/forumdpai2023\" target=\"_blank\" rel=\"noopener\">aqui<\/a>.<\/p>\n<p><img loading=\"lazy\" decoding=\"async\" class=\"alignnone size-full wp-image-74461\" src=\"https:\/\/jornaldasoficinas.com\/pt\/wp-content\/uploads\/2023\/10\/Programa-Forum-1-scaled.jpg\" alt=\"10 - Programa Forum 1\" width=\"1773\" height=\"2560\" srcset=\"https:\/\/jornaldasoficinas.com\/pt\/wp-content\/uploads\/2023\/10\/Programa-Forum-1-scaled.jpg 1773w, https:\/\/jornaldasoficinas.com\/pt\/wp-content\/uploads\/2023\/10\/Programa-Forum-1-208x300.jpg 208w, https:\/\/jornaldasoficinas.com\/pt\/wp-content\/uploads\/2023\/10\/Programa-Forum-1-709x1024.jpg 709w, https:\/\/jornaldasoficinas.com\/pt\/wp-content\/uploads\/2023\/10\/Programa-Forum-1-768x1109.jpg 768w\" sizes=\"auto, (max-width: 1773px) 100vw, 1773px\" \/><\/p>\n","protected":false},"excerpt":{"rendered":"<p>A DPAI\/ACAP fez uma antevis\u00e3o dos&#8230;<\/p>\n","protected":false},"author":15,"featured_media":74456,"comment_status":"closed","ping_status":"closed","sticky":false,"template":"","format":"standard","meta":{"footnotes":""},"categories":[37],"tags":[1048,4716,6594,5781],"class_list":["post-74453","post","type-post","status-publish","format-standard","has-post-thumbnail","hentry","category-mercado","tag-dpai-acap","tag-evento","tag-forum-dpai-acap","tag-o-proximo-aftermarket"],"yoast_head":"<!-- This site is optimized with the Yoast SEO plugin v27.4 - https:\/\/yoast.com\/product\/yoast-seo-wordpress\/ -->\n<title>Antevis\u00e3o F\u00f3rum DPAI\/ACAP \u201cO Pr\u00f3ximo Aftermarket\u201d - Jornal das Oficinas<\/title>\n<meta name=\"description\" content=\"A DPAI\/ACAP fez uma antevis\u00e3o dos principais assuntos em debate no F\u00f3rum \u201cO Pr\u00f3ximo Aftermarket\u201d, um evento desenhado para fornecer insights valiosos e capacitar os empres\u00e1rios do setor a responderem \u00e0s novas tend\u00eancias\" \/>\n<meta name=\"robots\" content=\"index, follow, max-snippet:-1, max-image-preview:large, max-video-preview:-1\" \/>\n<link rel=\"canonical\" href=\"https:\/\/jornaldasoficinas.com\/pt\/antevisao-forum-dpai-acap-o-proximo-aftermarket\/\" \/>\n<meta property=\"og:locale\" content=\"pt_PT\" \/>\n<meta property=\"og:type\" content=\"article\" \/>\n<meta property=\"og:title\" content=\"Antevis\u00e3o F\u00f3rum DPAI\/ACAP \u201cO Pr\u00f3ximo Aftermarket\u201d - Jornal das Oficinas\" \/>\n<meta property=\"og:description\" content=\"A DPAI\/ACAP fez uma antevis\u00e3o dos principais assuntos em debate no F\u00f3rum \u201cO Pr\u00f3ximo Aftermarket\u201d, um evento desenhado para fornecer insights valiosos e capacitar os empres\u00e1rios do setor a responderem \u00e0s novas tend\u00eancias\" \/>\n<meta property=\"og:url\" content=\"https:\/\/jornaldasoficinas.com\/pt\/antevisao-forum-dpai-acap-o-proximo-aftermarket\/\" \/>\n<meta property=\"og:site_name\" content=\"Jornal das Oficinas\" \/>\n<meta property=\"article:publisher\" content=\"https:\/\/www.facebook.com\/jornaloficinas\" \/>\n<meta property=\"article:published_time\" content=\"2023-11-10T11:00:23+00:00\" \/>\n<meta property=\"og:image\" content=\"https:\/\/jornaldasoficinas.com\/pt\/wp-content\/uploads\/2023\/10\/Antevisao-Forum-DPAIACAP.png\" \/>\n\t<meta property=\"og:image:width\" content=\"1024\" \/>\n\t<meta property=\"og:image:height\" content=\"581\" \/>\n\t<meta property=\"og:image:type\" content=\"image\/png\" \/>\n<meta name=\"author\" content=\"Reda\u00e7\u00e3o JO\" \/>\n<meta name=\"twitter:card\" content=\"summary_large_image\" \/>\n<meta name=\"twitter:creator\" content=\"@jornaloficinas\" \/>\n<meta name=\"twitter:site\" content=\"@jornaloficinas\" \/>\n<meta name=\"twitter:label1\" content=\"Escrito por\" \/>\n\t<meta name=\"twitter:data1\" content=\"Reda\u00e7\u00e3o JO\" \/>\n\t<meta name=\"twitter:label2\" content=\"Tempo estimado de leitura\" \/>\n\t<meta name=\"twitter:data2\" content=\"7 minutos\" \/>\n<script type=\"application\/ld+json\" class=\"yoast-schema-graph\">{\"@context\":\"https:\\\/\\\/schema.org\",\"@graph\":[{\"@type\":\"Article\",\"@id\":\"https:\\\/\\\/jornaldasoficinas.com\\\/pt\\\/antevisao-forum-dpai-acap-o-proximo-aftermarket\\\/#article\",\"isPartOf\":{\"@id\":\"https:\\\/\\\/jornaldasoficinas.com\\\/pt\\\/antevisao-forum-dpai-acap-o-proximo-aftermarket\\\/\"},\"author\":{\"name\":\"Reda\u00e7\u00e3o JO\",\"@id\":\"https:\\\/\\\/jornaldasoficinas.com\\\/pt\\\/#\\\/schema\\\/person\\\/a38eef5de2c41d9e7c9ac10141afddf3\"},\"headline\":\"Antevis\u00e3o F\u00f3rum DPAI\\\/ACAP \u201cO Pr\u00f3ximo Aftermarket\u201d\",\"datePublished\":\"2023-11-10T11:00:23+00:00\",\"mainEntityOfPage\":{\"@id\":\"https:\\\/\\\/jornaldasoficinas.com\\\/pt\\\/antevisao-forum-dpai-acap-o-proximo-aftermarket\\\/\"},\"wordCount\":1385,\"publisher\":{\"@id\":\"https:\\\/\\\/jornaldasoficinas.com\\\/pt\\\/#organization\"},\"image\":{\"@id\":\"https:\\\/\\\/jornaldasoficinas.com\\\/pt\\\/antevisao-forum-dpai-acap-o-proximo-aftermarket\\\/#primaryimage\"},\"thumbnailUrl\":\"https:\\\/\\\/jornaldasoficinas.com\\\/pt\\\/wp-content\\\/uploads\\\/2023\\\/10\\\/Antevisao-Forum-DPAIACAP.png\",\"keywords\":[\"DPAI\\\/ACAP\",\"Evento\",\"F\u00f3rum DPAI\\\/ACAP\",\"O Pr\u00f3ximo Aftermarket\"],\"articleSection\":[\"Mercado\"],\"inLanguage\":\"pt-PT\"},{\"@type\":\"WebPage\",\"@id\":\"https:\\\/\\\/jornaldasoficinas.com\\\/pt\\\/antevisao-forum-dpai-acap-o-proximo-aftermarket\\\/\",\"url\":\"https:\\\/\\\/jornaldasoficinas.com\\\/pt\\\/antevisao-forum-dpai-acap-o-proximo-aftermarket\\\/\",\"name\":\"Antevis\u00e3o F\u00f3rum DPAI\\\/ACAP \u201cO Pr\u00f3ximo Aftermarket\u201d - Jornal das Oficinas\",\"isPartOf\":{\"@id\":\"https:\\\/\\\/jornaldasoficinas.com\\\/pt\\\/#website\"},\"primaryImageOfPage\":{\"@id\":\"https:\\\/\\\/jornaldasoficinas.com\\\/pt\\\/antevisao-forum-dpai-acap-o-proximo-aftermarket\\\/#primaryimage\"},\"image\":{\"@id\":\"https:\\\/\\\/jornaldasoficinas.com\\\/pt\\\/antevisao-forum-dpai-acap-o-proximo-aftermarket\\\/#primaryimage\"},\"thumbnailUrl\":\"https:\\\/\\\/jornaldasoficinas.com\\\/pt\\\/wp-content\\\/uploads\\\/2023\\\/10\\\/Antevisao-Forum-DPAIACAP.png\",\"datePublished\":\"2023-11-10T11:00:23+00:00\",\"description\":\"A DPAI\\\/ACAP fez uma antevis\u00e3o dos principais assuntos em debate no F\u00f3rum \u201cO Pr\u00f3ximo Aftermarket\u201d, um evento desenhado para fornecer insights valiosos e capacitar os empres\u00e1rios do setor a responderem \u00e0s novas tend\u00eancias\",\"breadcrumb\":{\"@id\":\"https:\\\/\\\/jornaldasoficinas.com\\\/pt\\\/antevisao-forum-dpai-acap-o-proximo-aftermarket\\\/#breadcrumb\"},\"inLanguage\":\"pt-PT\",\"potentialAction\":[{\"@type\":\"ReadAction\",\"target\":[\"https:\\\/\\\/jornaldasoficinas.com\\\/pt\\\/antevisao-forum-dpai-acap-o-proximo-aftermarket\\\/\"]}]},{\"@type\":\"ImageObject\",\"inLanguage\":\"pt-PT\",\"@id\":\"https:\\\/\\\/jornaldasoficinas.com\\\/pt\\\/antevisao-forum-dpai-acap-o-proximo-aftermarket\\\/#primaryimage\",\"url\":\"https:\\\/\\\/jornaldasoficinas.com\\\/pt\\\/wp-content\\\/uploads\\\/2023\\\/10\\\/Antevisao-Forum-DPAIACAP.png\",\"contentUrl\":\"https:\\\/\\\/jornaldasoficinas.com\\\/pt\\\/wp-content\\\/uploads\\\/2023\\\/10\\\/Antevisao-Forum-DPAIACAP.png\",\"width\":1024,\"height\":581,\"caption\":\"10 - Antevisao Forum DPAIACAP\"},{\"@type\":\"BreadcrumbList\",\"@id\":\"https:\\\/\\\/jornaldasoficinas.com\\\/pt\\\/antevisao-forum-dpai-acap-o-proximo-aftermarket\\\/#breadcrumb\",\"itemListElement\":[{\"@type\":\"ListItem\",\"position\":1,\"name\":\"In\u00edcio\",\"item\":\"https:\\\/\\\/jornaldasoficinas.com\\\/pt\\\/\"},{\"@type\":\"ListItem\",\"position\":2,\"name\":\"Antevis\u00e3o F\u00f3rum DPAI\\\/ACAP \u201cO Pr\u00f3ximo Aftermarket\u201d\"}]},{\"@type\":\"WebSite\",\"@id\":\"https:\\\/\\\/jornaldasoficinas.com\\\/pt\\\/#website\",\"url\":\"https:\\\/\\\/jornaldasoficinas.com\\\/pt\\\/\",\"name\":\"Jornal das Oficinas\",\"description\":\"Jornal independente do Aftermarket Autom\u00f3vel em Portugal\",\"publisher\":{\"@id\":\"https:\\\/\\\/jornaldasoficinas.com\\\/pt\\\/#organization\"},\"potentialAction\":[{\"@type\":\"SearchAction\",\"target\":{\"@type\":\"EntryPoint\",\"urlTemplate\":\"https:\\\/\\\/jornaldasoficinas.com\\\/pt\\\/?s={search_term_string}\"},\"query-input\":{\"@type\":\"PropertyValueSpecification\",\"valueRequired\":true,\"valueName\":\"search_term_string\"}}],\"inLanguage\":\"pt-PT\"},{\"@type\":\"Organization\",\"@id\":\"https:\\\/\\\/jornaldasoficinas.com\\\/pt\\\/#organization\",\"name\":\"Jornal das Oficinas\",\"url\":\"https:\\\/\\\/jornaldasoficinas.com\\\/pt\\\/\",\"logo\":{\"@type\":\"ImageObject\",\"inLanguage\":\"pt-PT\",\"@id\":\"https:\\\/\\\/jornaldasoficinas.com\\\/pt\\\/#\\\/schema\\\/logo\\\/image\\\/\",\"url\":\"https:\\\/\\\/jornaldasoficinas.com\\\/pt\\\/wp-content\\\/uploads\\\/logoJO-SEO.png\",\"contentUrl\":\"https:\\\/\\\/jornaldasoficinas.com\\\/pt\\\/wp-content\\\/uploads\\\/logoJO-SEO.png\",\"width\":285,\"height\":450,\"caption\":\"Jornal das Oficinas\"},\"image\":{\"@id\":\"https:\\\/\\\/jornaldasoficinas.com\\\/pt\\\/#\\\/schema\\\/logo\\\/image\\\/\"},\"sameAs\":[\"https:\\\/\\\/www.facebook.com\\\/jornaloficinas\",\"https:\\\/\\\/x.com\\\/jornaloficinas\",\"https:\\\/\\\/www.instagram.com\\\/jornal_oficinas\\\/\",\"https:\\\/\\\/www.linkedin.com\\\/company\\\/jornal-das-oficinas\\\/\",\"https:\\\/\\\/www.youtube.com\\\/channel\\\/UCbQZBqtcvV-oSQrr7RzINGg\"]},{\"@type\":\"Person\",\"@id\":\"https:\\\/\\\/jornaldasoficinas.com\\\/pt\\\/#\\\/schema\\\/person\\\/a38eef5de2c41d9e7c9ac10141afddf3\",\"name\":\"Reda\u00e7\u00e3o JO\",\"image\":{\"@type\":\"ImageObject\",\"inLanguage\":\"pt-PT\",\"@id\":\"https:\\\/\\\/secure.gravatar.com\\\/avatar\\\/71f2fa71737ad68a84fea94bc708ddac8ea5b0c4788dc2ad202f3ccb2887742f?s=96&d=wp_user_avatar&r=g\",\"url\":\"https:\\\/\\\/secure.gravatar.com\\\/avatar\\\/71f2fa71737ad68a84fea94bc708ddac8ea5b0c4788dc2ad202f3ccb2887742f?s=96&d=wp_user_avatar&r=g\",\"contentUrl\":\"https:\\\/\\\/secure.gravatar.com\\\/avatar\\\/71f2fa71737ad68a84fea94bc708ddac8ea5b0c4788dc2ad202f3ccb2887742f?s=96&d=wp_user_avatar&r=g\",\"caption\":\"Reda\u00e7\u00e3o JO\"},\"url\":\"https:\\\/\\\/jornaldasoficinas.com\\\/pt\\\/author\\\/joredacao\\\/\"}]}<\/script>\n<!-- \/ Yoast SEO plugin. -->","yoast_head_json":{"title":"Antevis\u00e3o F\u00f3rum DPAI\/ACAP \u201cO Pr\u00f3ximo Aftermarket\u201d - Jornal das Oficinas","description":"A DPAI\/ACAP fez uma antevis\u00e3o dos principais assuntos em debate no F\u00f3rum \u201cO Pr\u00f3ximo Aftermarket\u201d, um evento desenhado para fornecer insights valiosos e capacitar os empres\u00e1rios do setor a responderem \u00e0s novas tend\u00eancias","robots":{"index":"index","follow":"follow","max-snippet":"max-snippet:-1","max-image-preview":"max-image-preview:large","max-video-preview":"max-video-preview:-1"},"canonical":"https:\/\/jornaldasoficinas.com\/pt\/antevisao-forum-dpai-acap-o-proximo-aftermarket\/","og_locale":"pt_PT","og_type":"article","og_title":"Antevis\u00e3o F\u00f3rum DPAI\/ACAP \u201cO Pr\u00f3ximo Aftermarket\u201d - Jornal das Oficinas","og_description":"A DPAI\/ACAP fez uma antevis\u00e3o dos principais assuntos em debate no F\u00f3rum \u201cO Pr\u00f3ximo Aftermarket\u201d, um evento desenhado para fornecer insights valiosos e capacitar os empres\u00e1rios do setor a responderem \u00e0s novas tend\u00eancias","og_url":"https:\/\/jornaldasoficinas.com\/pt\/antevisao-forum-dpai-acap-o-proximo-aftermarket\/","og_site_name":"Jornal das Oficinas","article_publisher":"https:\/\/www.facebook.com\/jornaloficinas","article_published_time":"2023-11-10T11:00:23+00:00","og_image":[{"width":1024,"height":581,"url":"https:\/\/jornaldasoficinas.com\/pt\/wp-content\/uploads\/2023\/10\/Antevisao-Forum-DPAIACAP.png","type":"image\/png"}],"author":"Reda\u00e7\u00e3o JO","twitter_card":"summary_large_image","twitter_creator":"@jornaloficinas","twitter_site":"@jornaloficinas","twitter_misc":{"Escrito por":"Reda\u00e7\u00e3o JO","Tempo estimado de leitura":"7 minutos"},"schema":{"@context":"https:\/\/schema.org","@graph":[{"@type":"Article","@id":"https:\/\/jornaldasoficinas.com\/pt\/antevisao-forum-dpai-acap-o-proximo-aftermarket\/#article","isPartOf":{"@id":"https:\/\/jornaldasoficinas.com\/pt\/antevisao-forum-dpai-acap-o-proximo-aftermarket\/"},"author":{"name":"Reda\u00e7\u00e3o JO","@id":"https:\/\/jornaldasoficinas.com\/pt\/#\/schema\/person\/a38eef5de2c41d9e7c9ac10141afddf3"},"headline":"Antevis\u00e3o F\u00f3rum DPAI\/ACAP \u201cO Pr\u00f3ximo Aftermarket\u201d","datePublished":"2023-11-10T11:00:23+00:00","mainEntityOfPage":{"@id":"https:\/\/jornaldasoficinas.com\/pt\/antevisao-forum-dpai-acap-o-proximo-aftermarket\/"},"wordCount":1385,"publisher":{"@id":"https:\/\/jornaldasoficinas.com\/pt\/#organization"},"image":{"@id":"https:\/\/jornaldasoficinas.com\/pt\/antevisao-forum-dpai-acap-o-proximo-aftermarket\/#primaryimage"},"thumbnailUrl":"https:\/\/jornaldasoficinas.com\/pt\/wp-content\/uploads\/2023\/10\/Antevisao-Forum-DPAIACAP.png","keywords":["DPAI\/ACAP","Evento","F\u00f3rum DPAI\/ACAP","O Pr\u00f3ximo Aftermarket"],"articleSection":["Mercado"],"inLanguage":"pt-PT"},{"@type":"WebPage","@id":"https:\/\/jornaldasoficinas.com\/pt\/antevisao-forum-dpai-acap-o-proximo-aftermarket\/","url":"https:\/\/jornaldasoficinas.com\/pt\/antevisao-forum-dpai-acap-o-proximo-aftermarket\/","name":"Antevis\u00e3o F\u00f3rum DPAI\/ACAP \u201cO Pr\u00f3ximo Aftermarket\u201d - Jornal das Oficinas","isPartOf":{"@id":"https:\/\/jornaldasoficinas.com\/pt\/#website"},"primaryImageOfPage":{"@id":"https:\/\/jornaldasoficinas.com\/pt\/antevisao-forum-dpai-acap-o-proximo-aftermarket\/#primaryimage"},"image":{"@id":"https:\/\/jornaldasoficinas.com\/pt\/antevisao-forum-dpai-acap-o-proximo-aftermarket\/#primaryimage"},"thumbnailUrl":"https:\/\/jornaldasoficinas.com\/pt\/wp-content\/uploads\/2023\/10\/Antevisao-Forum-DPAIACAP.png","datePublished":"2023-11-10T11:00:23+00:00","description":"A DPAI\/ACAP fez uma antevis\u00e3o dos principais assuntos em debate no F\u00f3rum \u201cO Pr\u00f3ximo Aftermarket\u201d, um evento desenhado para fornecer insights valiosos e capacitar os empres\u00e1rios do setor a responderem \u00e0s novas tend\u00eancias","breadcrumb":{"@id":"https:\/\/jornaldasoficinas.com\/pt\/antevisao-forum-dpai-acap-o-proximo-aftermarket\/#breadcrumb"},"inLanguage":"pt-PT","potentialAction":[{"@type":"ReadAction","target":["https:\/\/jornaldasoficinas.com\/pt\/antevisao-forum-dpai-acap-o-proximo-aftermarket\/"]}]},{"@type":"ImageObject","inLanguage":"pt-PT","@id":"https:\/\/jornaldasoficinas.com\/pt\/antevisao-forum-dpai-acap-o-proximo-aftermarket\/#primaryimage","url":"https:\/\/jornaldasoficinas.com\/pt\/wp-content\/uploads\/2023\/10\/Antevisao-Forum-DPAIACAP.png","contentUrl":"https:\/\/jornaldasoficinas.com\/pt\/wp-content\/uploads\/2023\/10\/Antevisao-Forum-DPAIACAP.png","width":1024,"height":581,"caption":"10 - Antevisao Forum DPAIACAP"},{"@type":"BreadcrumbList","@id":"https:\/\/jornaldasoficinas.com\/pt\/antevisao-forum-dpai-acap-o-proximo-aftermarket\/#breadcrumb","itemListElement":[{"@type":"ListItem","position":1,"name":"In\u00edcio","item":"https:\/\/jornaldasoficinas.com\/pt\/"},{"@type":"ListItem","position":2,"name":"Antevis\u00e3o F\u00f3rum DPAI\/ACAP \u201cO Pr\u00f3ximo Aftermarket\u201d"}]},{"@type":"WebSite","@id":"https:\/\/jornaldasoficinas.com\/pt\/#website","url":"https:\/\/jornaldasoficinas.com\/pt\/","name":"Jornal das Oficinas","description":"Jornal independente do Aftermarket Autom\u00f3vel em Portugal","publisher":{"@id":"https:\/\/jornaldasoficinas.com\/pt\/#organization"},"potentialAction":[{"@type":"SearchAction","target":{"@type":"EntryPoint","urlTemplate":"https:\/\/jornaldasoficinas.com\/pt\/?s={search_term_string}"},"query-input":{"@type":"PropertyValueSpecification","valueRequired":true,"valueName":"search_term_string"}}],"inLanguage":"pt-PT"},{"@type":"Organization","@id":"https:\/\/jornaldasoficinas.com\/pt\/#organization","name":"Jornal das Oficinas","url":"https:\/\/jornaldasoficinas.com\/pt\/","logo":{"@type":"ImageObject","inLanguage":"pt-PT","@id":"https:\/\/jornaldasoficinas.com\/pt\/#\/schema\/logo\/image\/","url":"https:\/\/jornaldasoficinas.com\/pt\/wp-content\/uploads\/logoJO-SEO.png","contentUrl":"https:\/\/jornaldasoficinas.com\/pt\/wp-content\/uploads\/logoJO-SEO.png","width":285,"height":450,"caption":"Jornal das Oficinas"},"image":{"@id":"https:\/\/jornaldasoficinas.com\/pt\/#\/schema\/logo\/image\/"},"sameAs":["https:\/\/www.facebook.com\/jornaloficinas","https:\/\/x.com\/jornaloficinas","https:\/\/www.instagram.com\/jornal_oficinas\/","https:\/\/www.linkedin.com\/company\/jornal-das-oficinas\/","https:\/\/www.youtube.com\/channel\/UCbQZBqtcvV-oSQrr7RzINGg"]},{"@type":"Person","@id":"https:\/\/jornaldasoficinas.com\/pt\/#\/schema\/person\/a38eef5de2c41d9e7c9ac10141afddf3","name":"Reda\u00e7\u00e3o JO","image":{"@type":"ImageObject","inLanguage":"pt-PT","@id":"https:\/\/secure.gravatar.com\/avatar\/71f2fa71737ad68a84fea94bc708ddac8ea5b0c4788dc2ad202f3ccb2887742f?s=96&d=wp_user_avatar&r=g","url":"https:\/\/secure.gravatar.com\/avatar\/71f2fa71737ad68a84fea94bc708ddac8ea5b0c4788dc2ad202f3ccb2887742f?s=96&d=wp_user_avatar&r=g","contentUrl":"https:\/\/secure.gravatar.com\/avatar\/71f2fa71737ad68a84fea94bc708ddac8ea5b0c4788dc2ad202f3ccb2887742f?s=96&d=wp_user_avatar&r=g","caption":"Reda\u00e7\u00e3o JO"},"url":"https:\/\/jornaldasoficinas.com\/pt\/author\/joredacao\/"}]}},"_links":{"self":[{"href":"https:\/\/jornaldasoficinas.com\/pt\/wp-json\/wp\/v2\/posts\/74453","targetHints":{"allow":["GET"]}}],"collection":[{"href":"https:\/\/jornaldasoficinas.com\/pt\/wp-json\/wp\/v2\/posts"}],"about":[{"href":"https:\/\/jornaldasoficinas.com\/pt\/wp-json\/wp\/v2\/types\/post"}],"author":[{"embeddable":true,"href":"https:\/\/jornaldasoficinas.com\/pt\/wp-json\/wp\/v2\/users\/15"}],"replies":[{"embeddable":true,"href":"https:\/\/jornaldasoficinas.com\/pt\/wp-json\/wp\/v2\/comments?post=74453"}],"version-history":[{"count":0,"href":"https:\/\/jornaldasoficinas.com\/pt\/wp-json\/wp\/v2\/posts\/74453\/revisions"}],"wp:featuredmedia":[{"embeddable":true,"href":"https:\/\/jornaldasoficinas.com\/pt\/wp-json\/wp\/v2\/media\/74456"}],"wp:attachment":[{"href":"https:\/\/jornaldasoficinas.com\/pt\/wp-json\/wp\/v2\/media?parent=74453"}],"wp:term":[{"taxonomy":"category","embeddable":true,"href":"https:\/\/jornaldasoficinas.com\/pt\/wp-json\/wp\/v2\/categories?post=74453"},{"taxonomy":"post_tag","embeddable":true,"href":"https:\/\/jornaldasoficinas.com\/pt\/wp-json\/wp\/v2\/tags?post=74453"}],"curies":[{"name":"wp","href":"https:\/\/api.w.org\/{rel}","templated":true}]}}