{"id":74546,"date":"2023-11-13T12:30:52","date_gmt":"2023-11-13T12:30:52","guid":{"rendered":"https:\/\/jornaldasoficinas.com\/pt\/?p=74546"},"modified":"2023-11-13T08:55:54","modified_gmt":"2023-11-13T08:55:54","slug":"convencao-de-distribuidores-da-orlen-oil-contou-com-a-presenca-da-eurofiltros","status":"publish","type":"post","link":"https:\/\/jornaldasoficinas.com\/pt\/convencao-de-distribuidores-da-orlen-oil-contou-com-a-presenca-da-eurofiltros\/","title":{"rendered":"Conven\u00e7\u00e3o de Distribuidores da Orlen Oil contou com a presen\u00e7a da Eurofiltros"},"content":{"rendered":"<p><strong> <img loading=\"lazy\" decoding=\"async\" class=\"alignnone size-full wp-image-74535\" src=\"https:\/\/jornaldasoficinas.com\/pt\/wp-content\/uploads\/2023\/10\/Convencao-de-Distribuidores-da-Orlen-Oil-contou-com-a-presenca-da-Eurofiltros.png\" alt=\"10 - Convencao de Distribuidores da Orlen Oil contou com a presenca da Eurofiltros\" width=\"1024\" height=\"581\" srcset=\"https:\/\/jornaldasoficinas.com\/pt\/wp-content\/uploads\/2023\/10\/Convencao-de-Distribuidores-da-Orlen-Oil-contou-com-a-presenca-da-Eurofiltros.png 1024w, https:\/\/jornaldasoficinas.com\/pt\/wp-content\/uploads\/2023\/10\/Convencao-de-Distribuidores-da-Orlen-Oil-contou-com-a-presenca-da-Eurofiltros-300x170.png 300w, https:\/\/jornaldasoficinas.com\/pt\/wp-content\/uploads\/2023\/10\/Convencao-de-Distribuidores-da-Orlen-Oil-contou-com-a-presenca-da-Eurofiltros-150x85.png 150w, https:\/\/jornaldasoficinas.com\/pt\/wp-content\/uploads\/2023\/10\/Convencao-de-Distribuidores-da-Orlen-Oil-contou-com-a-presenca-da-Eurofiltros-768x436.png 768w\" sizes=\"auto, (max-width: 1024px) 100vw, 1024px\" \/><\/strong><\/p>\n<p><strong>Nos dias 25 a 27 de outubro, S\u00e3o Miguel, nos A\u00e7ores, foi o cen\u00e1rio escolhido para a realiza\u00e7\u00e3o da Conven\u00e7\u00e3o de Distribuidores Nacionais da <a href=\"https:\/\/www.orlenoil.pl\/EN\/Pages\/default.aspx\" target=\"_blank\" rel=\"noopener\">Orlen Oil<\/a>. A <a href=\"https:\/\/www.eurofiltros.pt\/\" target=\"_blank\" rel=\"noopener\">Eurofiltros<\/a> marcou presen\u00e7a como representante dos seus renomados lubrificantes nesse evento de import\u00e2ncia estrat\u00e9gica<\/strong><\/p>\n<p>A Conven\u00e7\u00e3o de Distribuidores da Orlen Oil \u00e9 um encontro anual que re\u00fane distribuidores, parceiros e representantes-chave da ind\u00fastria de lubrificantes para trocar experi\u00eancias, compartilhar conhecimento e fortalecer parcerias. Este ano, o evento teve lugar nas ilhas dos A\u00e7ores, que, com a sua beleza natural e ambiente convidativo, proporcionaram o cen\u00e1rio perfeito para a realiza\u00e7\u00e3o de neg\u00f3cios e networking.<\/p>\n<p>A Eurofiltros, uma empresa especializada na distribui\u00e7\u00e3o de lubrificantes para ve\u00edculos e ind\u00fastria, compareceu como representante dos produtos da Orlen Oil.<\/p>\n<p>A empresa tem uma reputa\u00e7\u00e3o s\u00f3lida no mercado de lubrificantes, conhecida pela qualidade dos seus produtos e excel\u00eancia no atendimento ao cliente.<\/p>\n<p>A participa\u00e7\u00e3o da Eurofiltros na Conven\u00e7\u00e3o de Distribuidores da Orlen Oil foi marcada por v\u00e1rios destaques not\u00e1veis:<\/p>\n<p><strong>Destaque dos Produtos:<\/strong> A Orlen Oil teve a oportunidade de destacar os seus produtos, enfatizando a qualidade, inova\u00e7\u00e3o e efic\u00e1cia dos lubrificantes na sua linha. Os distribuidores presentes puderam conhecer em detalhes as caracter\u00edsticas e vantagens dos lubrificantes Orlen Oil.<\/p>\n<p><strong>Networking Estrat\u00e9gico:<\/strong> A conven\u00e7\u00e3o proporcionou um ambiente prop\u00edcio para estabelecer e fortalecer parcerias estrat\u00e9gicas com outros distribuidores, representantes e colaboradores da ind\u00fastria. A Eurofiltros teve a oportunidade de trocar experi\u00eancias, explorar oportunidades de neg\u00f3cios e compartilhar conhecimento com outros l\u00edderes do setor.<\/p>\n<p><strong>Apresenta\u00e7\u00e3o de Novidades:<\/strong> Durante a conven\u00e7\u00e3o, a Orlen Oil tamb\u00e9m apresentou as \u00faltimas novidades e tecnologias em lubrificantes e produtos relacionados. Isso permitiu que os distribuidores presentes ficassem atualizados sobre as tend\u00eancias do mercado e as inova\u00e7\u00f5es no setor.<\/p>\n<p><strong>Reafirma\u00e7\u00e3o de Compromissos:<\/strong> A participa\u00e7\u00e3o da Eurofiltros na Conven\u00e7\u00e3o de Distribuidores da Orlen Oil refor\u00e7ou o compromisso cont\u00ednuo da empresa em fornecer lubrificantes de alta qualidade e servi\u00e7os excecionais aos seus clientes.<\/p>\n<p>Al\u00e9m disso, a escolha dos A\u00e7ores como local do evento trouxe um toque de encanto especial \u00e0 conven\u00e7\u00e3o. As paisagens deslumbrantes, a hospitalidade local e a atmosfera \u00fanica das ilhas contribu\u00edram para uma experi\u00eancia inesquec\u00edvel, que certamente ficar\u00e1 gravada na mem\u00f3ria de todos os participantes.<\/p>\n<p>A Conven\u00e7\u00e3o de Distribuidores da Orlen Oil nos A\u00e7ores foi um sucesso em todos os aspetos. A Eurofiltros desempenhou um papel fundamental ao representar com distin\u00e7\u00e3o os lubrificantes da Orlen Oil, consolidando o seu status como uma empresa l\u00edder no mercado de lubrificantes. Essa parceria s\u00f3lida e comprometida entre a Eurofiltros e a Orlen Oil promete continuar a fornecer produtos excecionais e servi\u00e7os de alta qualidade aos clientes, impulsionando o setor de lubrificantes para ve\u00edculos e ind\u00fastria.<\/p>\n","protected":false},"excerpt":{"rendered":"<p>Nos dias 25 a 27 de&#8230;<\/p>\n","protected":false},"author":15,"featured_media":74535,"comment_status":"closed","ping_status":"closed","sticky":false,"template":"","format":"standard","meta":{"footnotes":""},"categories":[29],"tags":[6605,6606,2626,155,1106],"class_list":["post-74546","post","type-post","status-publish","format-standard","has-post-thumbnail","hentry","category-empresas","tag-acores","tag-convencao","tag-eurofiltros","tag-lubrificantes","tag-orlen-oil"],"yoast_head":"<!-- This site is optimized with the Yoast SEO plugin v27.5 - https:\/\/yoast.com\/product\/yoast-seo-wordpress\/ -->\n<title>Conven\u00e7\u00e3o de Distribuidores da Orlen Oil contou com a presen\u00e7a da Eurofiltros - Jornal das Oficinas<\/title>\n<meta name=\"description\" content=\"Dias 25 a 27 de outubro, S\u00e3o Miguel, nos A\u00e7ores, foi o cen\u00e1rio escolhido a realiza\u00e7\u00e3o da Conven\u00e7\u00e3o de Distribuidores Nacionais da Orlen Oil\" \/>\n<meta name=\"robots\" content=\"index, follow, max-snippet:-1, max-image-preview:large, max-video-preview:-1\" \/>\n<link rel=\"canonical\" href=\"https:\/\/jornaldasoficinas.com\/pt\/convencao-de-distribuidores-da-orlen-oil-contou-com-a-presenca-da-eurofiltros\/\" \/>\n<meta property=\"og:locale\" content=\"pt_PT\" \/>\n<meta property=\"og:type\" content=\"article\" \/>\n<meta property=\"og:title\" content=\"Conven\u00e7\u00e3o de Distribuidores da Orlen Oil contou com a presen\u00e7a da Eurofiltros - Jornal das Oficinas\" \/>\n<meta property=\"og:description\" content=\"Dias 25 a 27 de outubro, S\u00e3o Miguel, nos A\u00e7ores, foi o cen\u00e1rio escolhido a realiza\u00e7\u00e3o da Conven\u00e7\u00e3o de Distribuidores Nacionais da Orlen Oil\" \/>\n<meta property=\"og:url\" content=\"https:\/\/jornaldasoficinas.com\/pt\/convencao-de-distribuidores-da-orlen-oil-contou-com-a-presenca-da-eurofiltros\/\" \/>\n<meta property=\"og:site_name\" content=\"Jornal das Oficinas\" \/>\n<meta property=\"article:publisher\" content=\"https:\/\/www.facebook.com\/jornaloficinas\" \/>\n<meta property=\"article:published_time\" content=\"2023-11-13T12:30:52+00:00\" \/>\n<meta property=\"og:image\" content=\"https:\/\/jornaldasoficinas.com\/pt\/wp-content\/uploads\/2023\/10\/Convencao-de-Distribuidores-da-Orlen-Oil-contou-com-a-presenca-da-Eurofiltros.png\" \/>\n\t<meta property=\"og:image:width\" content=\"1024\" \/>\n\t<meta property=\"og:image:height\" content=\"581\" \/>\n\t<meta property=\"og:image:type\" content=\"image\/png\" \/>\n<meta name=\"author\" content=\"Reda\u00e7\u00e3o JO\" \/>\n<meta name=\"twitter:card\" content=\"summary_large_image\" \/>\n<meta name=\"twitter:creator\" content=\"@jornaloficinas\" \/>\n<meta name=\"twitter:site\" content=\"@jornaloficinas\" \/>\n<meta name=\"twitter:label1\" content=\"Escrito por\" \/>\n\t<meta name=\"twitter:data1\" content=\"Reda\u00e7\u00e3o JO\" \/>\n\t<meta name=\"twitter:label2\" content=\"Tempo estimado de leitura\" \/>\n\t<meta name=\"twitter:data2\" content=\"3 minutos\" \/>\n<script type=\"application\/ld+json\" class=\"yoast-schema-graph\">{\"@context\":\"https:\\\/\\\/schema.org\",\"@graph\":[{\"@type\":\"Article\",\"@id\":\"https:\\\/\\\/jornaldasoficinas.com\\\/pt\\\/convencao-de-distribuidores-da-orlen-oil-contou-com-a-presenca-da-eurofiltros\\\/#article\",\"isPartOf\":{\"@id\":\"https:\\\/\\\/jornaldasoficinas.com\\\/pt\\\/convencao-de-distribuidores-da-orlen-oil-contou-com-a-presenca-da-eurofiltros\\\/\"},\"author\":{\"name\":\"Reda\u00e7\u00e3o JO\",\"@id\":\"https:\\\/\\\/jornaldasoficinas.com\\\/pt\\\/#\\\/schema\\\/person\\\/a38eef5de2c41d9e7c9ac10141afddf3\"},\"headline\":\"Conven\u00e7\u00e3o de Distribuidores da Orlen Oil contou com a presen\u00e7a da Eurofiltros\",\"datePublished\":\"2023-11-13T12:30:52+00:00\",\"mainEntityOfPage\":{\"@id\":\"https:\\\/\\\/jornaldasoficinas.com\\\/pt\\\/convencao-de-distribuidores-da-orlen-oil-contou-com-a-presenca-da-eurofiltros\\\/\"},\"wordCount\":508,\"publisher\":{\"@id\":\"https:\\\/\\\/jornaldasoficinas.com\\\/pt\\\/#organization\"},\"image\":{\"@id\":\"https:\\\/\\\/jornaldasoficinas.com\\\/pt\\\/convencao-de-distribuidores-da-orlen-oil-contou-com-a-presenca-da-eurofiltros\\\/#primaryimage\"},\"thumbnailUrl\":\"https:\\\/\\\/jornaldasoficinas.com\\\/pt\\\/wp-content\\\/uploads\\\/2023\\\/10\\\/Convencao-de-Distribuidores-da-Orlen-Oil-contou-com-a-presenca-da-Eurofiltros.png\",\"keywords\":[\"A\u00e7ores\",\"Conven\u00e7\u00e3o\",\"Eurofiltros\",\"Lubrificantes\",\"Orlen Oil\"],\"articleSection\":[\"Empresas\"],\"inLanguage\":\"pt-PT\"},{\"@type\":\"WebPage\",\"@id\":\"https:\\\/\\\/jornaldasoficinas.com\\\/pt\\\/convencao-de-distribuidores-da-orlen-oil-contou-com-a-presenca-da-eurofiltros\\\/\",\"url\":\"https:\\\/\\\/jornaldasoficinas.com\\\/pt\\\/convencao-de-distribuidores-da-orlen-oil-contou-com-a-presenca-da-eurofiltros\\\/\",\"name\":\"Conven\u00e7\u00e3o de Distribuidores da Orlen Oil contou com a presen\u00e7a da Eurofiltros - Jornal das Oficinas\",\"isPartOf\":{\"@id\":\"https:\\\/\\\/jornaldasoficinas.com\\\/pt\\\/#website\"},\"primaryImageOfPage\":{\"@id\":\"https:\\\/\\\/jornaldasoficinas.com\\\/pt\\\/convencao-de-distribuidores-da-orlen-oil-contou-com-a-presenca-da-eurofiltros\\\/#primaryimage\"},\"image\":{\"@id\":\"https:\\\/\\\/jornaldasoficinas.com\\\/pt\\\/convencao-de-distribuidores-da-orlen-oil-contou-com-a-presenca-da-eurofiltros\\\/#primaryimage\"},\"thumbnailUrl\":\"https:\\\/\\\/jornaldasoficinas.com\\\/pt\\\/wp-content\\\/uploads\\\/2023\\\/10\\\/Convencao-de-Distribuidores-da-Orlen-Oil-contou-com-a-presenca-da-Eurofiltros.png\",\"datePublished\":\"2023-11-13T12:30:52+00:00\",\"description\":\"Dias 25 a 27 de outubro, S\u00e3o Miguel, nos A\u00e7ores, foi o cen\u00e1rio escolhido a realiza\u00e7\u00e3o da Conven\u00e7\u00e3o de Distribuidores Nacionais da Orlen Oil\",\"breadcrumb\":{\"@id\":\"https:\\\/\\\/jornaldasoficinas.com\\\/pt\\\/convencao-de-distribuidores-da-orlen-oil-contou-com-a-presenca-da-eurofiltros\\\/#breadcrumb\"},\"inLanguage\":\"pt-PT\",\"potentialAction\":[{\"@type\":\"ReadAction\",\"target\":[\"https:\\\/\\\/jornaldasoficinas.com\\\/pt\\\/convencao-de-distribuidores-da-orlen-oil-contou-com-a-presenca-da-eurofiltros\\\/\"]}]},{\"@type\":\"ImageObject\",\"inLanguage\":\"pt-PT\",\"@id\":\"https:\\\/\\\/jornaldasoficinas.com\\\/pt\\\/convencao-de-distribuidores-da-orlen-oil-contou-com-a-presenca-da-eurofiltros\\\/#primaryimage\",\"url\":\"https:\\\/\\\/jornaldasoficinas.com\\\/pt\\\/wp-content\\\/uploads\\\/2023\\\/10\\\/Convencao-de-Distribuidores-da-Orlen-Oil-contou-com-a-presenca-da-Eurofiltros.png\",\"contentUrl\":\"https:\\\/\\\/jornaldasoficinas.com\\\/pt\\\/wp-content\\\/uploads\\\/2023\\\/10\\\/Convencao-de-Distribuidores-da-Orlen-Oil-contou-com-a-presenca-da-Eurofiltros.png\",\"width\":1024,\"height\":581,\"caption\":\"10 - Convencao de Distribuidores da Orlen Oil contou com a presenca da Eurofiltros\"},{\"@type\":\"BreadcrumbList\",\"@id\":\"https:\\\/\\\/jornaldasoficinas.com\\\/pt\\\/convencao-de-distribuidores-da-orlen-oil-contou-com-a-presenca-da-eurofiltros\\\/#breadcrumb\",\"itemListElement\":[{\"@type\":\"ListItem\",\"position\":1,\"name\":\"In\u00edcio\",\"item\":\"https:\\\/\\\/jornaldasoficinas.com\\\/pt\\\/\"},{\"@type\":\"ListItem\",\"position\":2,\"name\":\"Conven\u00e7\u00e3o de Distribuidores da Orlen Oil contou com a presen\u00e7a da Eurofiltros\"}]},{\"@type\":\"WebSite\",\"@id\":\"https:\\\/\\\/jornaldasoficinas.com\\\/pt\\\/#website\",\"url\":\"https:\\\/\\\/jornaldasoficinas.com\\\/pt\\\/\",\"name\":\"Jornal das Oficinas\",\"description\":\"Jornal independente do Aftermarket Autom\u00f3vel em Portugal\",\"publisher\":{\"@id\":\"https:\\\/\\\/jornaldasoficinas.com\\\/pt\\\/#organization\"},\"potentialAction\":[{\"@type\":\"SearchAction\",\"target\":{\"@type\":\"EntryPoint\",\"urlTemplate\":\"https:\\\/\\\/jornaldasoficinas.com\\\/pt\\\/?s={search_term_string}\"},\"query-input\":{\"@type\":\"PropertyValueSpecification\",\"valueRequired\":true,\"valueName\":\"search_term_string\"}}],\"inLanguage\":\"pt-PT\"},{\"@type\":\"Organization\",\"@id\":\"https:\\\/\\\/jornaldasoficinas.com\\\/pt\\\/#organization\",\"name\":\"Jornal das Oficinas\",\"url\":\"https:\\\/\\\/jornaldasoficinas.com\\\/pt\\\/\",\"logo\":{\"@type\":\"ImageObject\",\"inLanguage\":\"pt-PT\",\"@id\":\"https:\\\/\\\/jornaldasoficinas.com\\\/pt\\\/#\\\/schema\\\/logo\\\/image\\\/\",\"url\":\"https:\\\/\\\/jornaldasoficinas.com\\\/pt\\\/wp-content\\\/uploads\\\/logoJO-SEO.png\",\"contentUrl\":\"https:\\\/\\\/jornaldasoficinas.com\\\/pt\\\/wp-content\\\/uploads\\\/logoJO-SEO.png\",\"width\":285,\"height\":450,\"caption\":\"Jornal das Oficinas\"},\"image\":{\"@id\":\"https:\\\/\\\/jornaldasoficinas.com\\\/pt\\\/#\\\/schema\\\/logo\\\/image\\\/\"},\"sameAs\":[\"https:\\\/\\\/www.facebook.com\\\/jornaloficinas\",\"https:\\\/\\\/x.com\\\/jornaloficinas\",\"https:\\\/\\\/www.instagram.com\\\/jornal_oficinas\\\/\",\"https:\\\/\\\/www.linkedin.com\\\/company\\\/jornal-das-oficinas\\\/\",\"https:\\\/\\\/www.youtube.com\\\/channel\\\/UCbQZBqtcvV-oSQrr7RzINGg\"]},{\"@type\":\"Person\",\"@id\":\"https:\\\/\\\/jornaldasoficinas.com\\\/pt\\\/#\\\/schema\\\/person\\\/a38eef5de2c41d9e7c9ac10141afddf3\",\"name\":\"Reda\u00e7\u00e3o JO\",\"image\":{\"@type\":\"ImageObject\",\"inLanguage\":\"pt-PT\",\"@id\":\"https:\\\/\\\/secure.gravatar.com\\\/avatar\\\/71f2fa71737ad68a84fea94bc708ddac8ea5b0c4788dc2ad202f3ccb2887742f?s=96&d=wp_user_avatar&r=g\",\"url\":\"https:\\\/\\\/secure.gravatar.com\\\/avatar\\\/71f2fa71737ad68a84fea94bc708ddac8ea5b0c4788dc2ad202f3ccb2887742f?s=96&d=wp_user_avatar&r=g\",\"contentUrl\":\"https:\\\/\\\/secure.gravatar.com\\\/avatar\\\/71f2fa71737ad68a84fea94bc708ddac8ea5b0c4788dc2ad202f3ccb2887742f?s=96&d=wp_user_avatar&r=g\",\"caption\":\"Reda\u00e7\u00e3o JO\"},\"url\":\"https:\\\/\\\/jornaldasoficinas.com\\\/pt\\\/author\\\/joredacao\\\/\"}]}<\/script>\n<!-- \/ Yoast SEO plugin. -->","yoast_head_json":{"title":"Conven\u00e7\u00e3o de Distribuidores da Orlen Oil contou com a presen\u00e7a da Eurofiltros - Jornal das Oficinas","description":"Dias 25 a 27 de outubro, S\u00e3o Miguel, nos A\u00e7ores, foi o cen\u00e1rio escolhido a realiza\u00e7\u00e3o da Conven\u00e7\u00e3o de Distribuidores Nacionais da Orlen Oil","robots":{"index":"index","follow":"follow","max-snippet":"max-snippet:-1","max-image-preview":"max-image-preview:large","max-video-preview":"max-video-preview:-1"},"canonical":"https:\/\/jornaldasoficinas.com\/pt\/convencao-de-distribuidores-da-orlen-oil-contou-com-a-presenca-da-eurofiltros\/","og_locale":"pt_PT","og_type":"article","og_title":"Conven\u00e7\u00e3o de Distribuidores da Orlen Oil contou com a presen\u00e7a da Eurofiltros - Jornal das Oficinas","og_description":"Dias 25 a 27 de outubro, S\u00e3o Miguel, nos A\u00e7ores, foi o cen\u00e1rio escolhido a realiza\u00e7\u00e3o da Conven\u00e7\u00e3o de Distribuidores Nacionais da Orlen Oil","og_url":"https:\/\/jornaldasoficinas.com\/pt\/convencao-de-distribuidores-da-orlen-oil-contou-com-a-presenca-da-eurofiltros\/","og_site_name":"Jornal das Oficinas","article_publisher":"https:\/\/www.facebook.com\/jornaloficinas","article_published_time":"2023-11-13T12:30:52+00:00","og_image":[{"width":1024,"height":581,"url":"https:\/\/jornaldasoficinas.com\/pt\/wp-content\/uploads\/2023\/10\/Convencao-de-Distribuidores-da-Orlen-Oil-contou-com-a-presenca-da-Eurofiltros.png","type":"image\/png"}],"author":"Reda\u00e7\u00e3o JO","twitter_card":"summary_large_image","twitter_creator":"@jornaloficinas","twitter_site":"@jornaloficinas","twitter_misc":{"Escrito por":"Reda\u00e7\u00e3o JO","Tempo estimado de leitura":"3 minutos"},"schema":{"@context":"https:\/\/schema.org","@graph":[{"@type":"Article","@id":"https:\/\/jornaldasoficinas.com\/pt\/convencao-de-distribuidores-da-orlen-oil-contou-com-a-presenca-da-eurofiltros\/#article","isPartOf":{"@id":"https:\/\/jornaldasoficinas.com\/pt\/convencao-de-distribuidores-da-orlen-oil-contou-com-a-presenca-da-eurofiltros\/"},"author":{"name":"Reda\u00e7\u00e3o JO","@id":"https:\/\/jornaldasoficinas.com\/pt\/#\/schema\/person\/a38eef5de2c41d9e7c9ac10141afddf3"},"headline":"Conven\u00e7\u00e3o de Distribuidores da Orlen Oil contou com a presen\u00e7a da Eurofiltros","datePublished":"2023-11-13T12:30:52+00:00","mainEntityOfPage":{"@id":"https:\/\/jornaldasoficinas.com\/pt\/convencao-de-distribuidores-da-orlen-oil-contou-com-a-presenca-da-eurofiltros\/"},"wordCount":508,"publisher":{"@id":"https:\/\/jornaldasoficinas.com\/pt\/#organization"},"image":{"@id":"https:\/\/jornaldasoficinas.com\/pt\/convencao-de-distribuidores-da-orlen-oil-contou-com-a-presenca-da-eurofiltros\/#primaryimage"},"thumbnailUrl":"https:\/\/jornaldasoficinas.com\/pt\/wp-content\/uploads\/2023\/10\/Convencao-de-Distribuidores-da-Orlen-Oil-contou-com-a-presenca-da-Eurofiltros.png","keywords":["A\u00e7ores","Conven\u00e7\u00e3o","Eurofiltros","Lubrificantes","Orlen Oil"],"articleSection":["Empresas"],"inLanguage":"pt-PT"},{"@type":"WebPage","@id":"https:\/\/jornaldasoficinas.com\/pt\/convencao-de-distribuidores-da-orlen-oil-contou-com-a-presenca-da-eurofiltros\/","url":"https:\/\/jornaldasoficinas.com\/pt\/convencao-de-distribuidores-da-orlen-oil-contou-com-a-presenca-da-eurofiltros\/","name":"Conven\u00e7\u00e3o de Distribuidores da Orlen Oil contou com a presen\u00e7a da Eurofiltros - Jornal das Oficinas","isPartOf":{"@id":"https:\/\/jornaldasoficinas.com\/pt\/#website"},"primaryImageOfPage":{"@id":"https:\/\/jornaldasoficinas.com\/pt\/convencao-de-distribuidores-da-orlen-oil-contou-com-a-presenca-da-eurofiltros\/#primaryimage"},"image":{"@id":"https:\/\/jornaldasoficinas.com\/pt\/convencao-de-distribuidores-da-orlen-oil-contou-com-a-presenca-da-eurofiltros\/#primaryimage"},"thumbnailUrl":"https:\/\/jornaldasoficinas.com\/pt\/wp-content\/uploads\/2023\/10\/Convencao-de-Distribuidores-da-Orlen-Oil-contou-com-a-presenca-da-Eurofiltros.png","datePublished":"2023-11-13T12:30:52+00:00","description":"Dias 25 a 27 de outubro, S\u00e3o Miguel, nos A\u00e7ores, foi o cen\u00e1rio escolhido a realiza\u00e7\u00e3o da Conven\u00e7\u00e3o de Distribuidores Nacionais da Orlen Oil","breadcrumb":{"@id":"https:\/\/jornaldasoficinas.com\/pt\/convencao-de-distribuidores-da-orlen-oil-contou-com-a-presenca-da-eurofiltros\/#breadcrumb"},"inLanguage":"pt-PT","potentialAction":[{"@type":"ReadAction","target":["https:\/\/jornaldasoficinas.com\/pt\/convencao-de-distribuidores-da-orlen-oil-contou-com-a-presenca-da-eurofiltros\/"]}]},{"@type":"ImageObject","inLanguage":"pt-PT","@id":"https:\/\/jornaldasoficinas.com\/pt\/convencao-de-distribuidores-da-orlen-oil-contou-com-a-presenca-da-eurofiltros\/#primaryimage","url":"https:\/\/jornaldasoficinas.com\/pt\/wp-content\/uploads\/2023\/10\/Convencao-de-Distribuidores-da-Orlen-Oil-contou-com-a-presenca-da-Eurofiltros.png","contentUrl":"https:\/\/jornaldasoficinas.com\/pt\/wp-content\/uploads\/2023\/10\/Convencao-de-Distribuidores-da-Orlen-Oil-contou-com-a-presenca-da-Eurofiltros.png","width":1024,"height":581,"caption":"10 - Convencao de Distribuidores da Orlen Oil contou com a presenca da Eurofiltros"},{"@type":"BreadcrumbList","@id":"https:\/\/jornaldasoficinas.com\/pt\/convencao-de-distribuidores-da-orlen-oil-contou-com-a-presenca-da-eurofiltros\/#breadcrumb","itemListElement":[{"@type":"ListItem","position":1,"name":"In\u00edcio","item":"https:\/\/jornaldasoficinas.com\/pt\/"},{"@type":"ListItem","position":2,"name":"Conven\u00e7\u00e3o de Distribuidores da Orlen Oil contou com a presen\u00e7a da Eurofiltros"}]},{"@type":"WebSite","@id":"https:\/\/jornaldasoficinas.com\/pt\/#website","url":"https:\/\/jornaldasoficinas.com\/pt\/","name":"Jornal das Oficinas","description":"Jornal independente do Aftermarket Autom\u00f3vel em Portugal","publisher":{"@id":"https:\/\/jornaldasoficinas.com\/pt\/#organization"},"potentialAction":[{"@type":"SearchAction","target":{"@type":"EntryPoint","urlTemplate":"https:\/\/jornaldasoficinas.com\/pt\/?s={search_term_string}"},"query-input":{"@type":"PropertyValueSpecification","valueRequired":true,"valueName":"search_term_string"}}],"inLanguage":"pt-PT"},{"@type":"Organization","@id":"https:\/\/jornaldasoficinas.com\/pt\/#organization","name":"Jornal das Oficinas","url":"https:\/\/jornaldasoficinas.com\/pt\/","logo":{"@type":"ImageObject","inLanguage":"pt-PT","@id":"https:\/\/jornaldasoficinas.com\/pt\/#\/schema\/logo\/image\/","url":"https:\/\/jornaldasoficinas.com\/pt\/wp-content\/uploads\/logoJO-SEO.png","contentUrl":"https:\/\/jornaldasoficinas.com\/pt\/wp-content\/uploads\/logoJO-SEO.png","width":285,"height":450,"caption":"Jornal das Oficinas"},"image":{"@id":"https:\/\/jornaldasoficinas.com\/pt\/#\/schema\/logo\/image\/"},"sameAs":["https:\/\/www.facebook.com\/jornaloficinas","https:\/\/x.com\/jornaloficinas","https:\/\/www.instagram.com\/jornal_oficinas\/","https:\/\/www.linkedin.com\/company\/jornal-das-oficinas\/","https:\/\/www.youtube.com\/channel\/UCbQZBqtcvV-oSQrr7RzINGg"]},{"@type":"Person","@id":"https:\/\/jornaldasoficinas.com\/pt\/#\/schema\/person\/a38eef5de2c41d9e7c9ac10141afddf3","name":"Reda\u00e7\u00e3o JO","image":{"@type":"ImageObject","inLanguage":"pt-PT","@id":"https:\/\/secure.gravatar.com\/avatar\/71f2fa71737ad68a84fea94bc708ddac8ea5b0c4788dc2ad202f3ccb2887742f?s=96&d=wp_user_avatar&r=g","url":"https:\/\/secure.gravatar.com\/avatar\/71f2fa71737ad68a84fea94bc708ddac8ea5b0c4788dc2ad202f3ccb2887742f?s=96&d=wp_user_avatar&r=g","contentUrl":"https:\/\/secure.gravatar.com\/avatar\/71f2fa71737ad68a84fea94bc708ddac8ea5b0c4788dc2ad202f3ccb2887742f?s=96&d=wp_user_avatar&r=g","caption":"Reda\u00e7\u00e3o JO"},"url":"https:\/\/jornaldasoficinas.com\/pt\/author\/joredacao\/"}]}},"_links":{"self":[{"href":"https:\/\/jornaldasoficinas.com\/pt\/wp-json\/wp\/v2\/posts\/74546","targetHints":{"allow":["GET"]}}],"collection":[{"href":"https:\/\/jornaldasoficinas.com\/pt\/wp-json\/wp\/v2\/posts"}],"about":[{"href":"https:\/\/jornaldasoficinas.com\/pt\/wp-json\/wp\/v2\/types\/post"}],"author":[{"embeddable":true,"href":"https:\/\/jornaldasoficinas.com\/pt\/wp-json\/wp\/v2\/users\/15"}],"replies":[{"embeddable":true,"href":"https:\/\/jornaldasoficinas.com\/pt\/wp-json\/wp\/v2\/comments?post=74546"}],"version-history":[{"count":0,"href":"https:\/\/jornaldasoficinas.com\/pt\/wp-json\/wp\/v2\/posts\/74546\/revisions"}],"wp:featuredmedia":[{"embeddable":true,"href":"https:\/\/jornaldasoficinas.com\/pt\/wp-json\/wp\/v2\/media\/74535"}],"wp:attachment":[{"href":"https:\/\/jornaldasoficinas.com\/pt\/wp-json\/wp\/v2\/media?parent=74546"}],"wp:term":[{"taxonomy":"category","embeddable":true,"href":"https:\/\/jornaldasoficinas.com\/pt\/wp-json\/wp\/v2\/categories?post=74546"},{"taxonomy":"post_tag","embeddable":true,"href":"https:\/\/jornaldasoficinas.com\/pt\/wp-json\/wp\/v2\/tags?post=74546"}],"curies":[{"name":"wp","href":"https:\/\/api.w.org\/{rel}","templated":true}]}}