{"id":74603,"date":"2023-11-14T10:00:35","date_gmt":"2023-11-14T10:00:35","guid":{"rendered":"https:\/\/jornaldasoficinas.com\/pt\/?p=74603"},"modified":"2023-11-14T10:05:49","modified_gmt":"2023-11-14T10:05:49","slug":"aser-empenhada-em-estar-mais-proxima-dos-membros","status":"publish","type":"post","link":"https:\/\/jornaldasoficinas.com\/pt\/aser-empenhada-em-estar-mais-proxima-dos-membros\/","title":{"rendered":"ASER empenhada em estar mais pr\u00f3xima dos membros"},"content":{"rendered":"<p><img loading=\"lazy\" decoding=\"async\" class=\"alignnone size-full wp-image-74606\" src=\"https:\/\/jornaldasoficinas.com\/pt\/wp-content\/uploads\/2023\/10\/ASER-empenhada.jpg\" alt=\"10 - ASER empenhada\" width=\"1024\" height=\"581\" srcset=\"https:\/\/jornaldasoficinas.com\/pt\/wp-content\/uploads\/2023\/10\/ASER-empenhada.jpg 1024w, https:\/\/jornaldasoficinas.com\/pt\/wp-content\/uploads\/2023\/10\/ASER-empenhada-300x170.jpg 300w, https:\/\/jornaldasoficinas.com\/pt\/wp-content\/uploads\/2023\/10\/ASER-empenhada-150x85.jpg 150w, https:\/\/jornaldasoficinas.com\/pt\/wp-content\/uploads\/2023\/10\/ASER-empenhada-768x436.jpg 768w\" sizes=\"auto, (max-width: 1024px) 100vw, 1024px\" \/><\/p>\n<p><strong>A <a href=\"https:\/\/aserautomotive.com\/\" target=\"_blank\" rel=\"noopener\">ASER<\/a> reuniu a imprensa especializada na sua sede em Madrid para analisar a situa\u00e7\u00e3o atual do grupo e os planos mais imediatos para 2024 do Conselho de Administra\u00e7\u00e3o do grupo.<\/strong><\/p>\n<p>Max Margalef, CEO da ASER, iniciou a sua interven\u00e7\u00e3o afirmando que &#8220;estamos a trabalhar para o futuro imediato seguindo os planos de a\u00e7\u00e3o j\u00e1 estabelecidos. Quis tamb\u00e9m real\u00e7ar o trabalho da sua equipa, &#8220;que ajuda diariamente os membros a rentabilizar as suas atividades&#8221; e anunciou que, antes do final do ano, ser\u00e1 anunciado o novo diretor da rede, ap\u00f3s a sa\u00edda de Expedito Martin. Al\u00e9m disso, est\u00e1 a ser feito um trabalho para &#8220;refor\u00e7ar, colaborar e aconselhar os parceiros no marketing&#8221;, bem como para ter mais presen\u00e7a dos parceiros nas redes sociais e para refor\u00e7ar a digitaliza\u00e7\u00e3o da oferta.<\/p>\n<p>O presidente da ASER fez o balan\u00e7o dos \u00faltimos meses. &#8220;O m\u00eas de outubro foi marcado pela campanha Give Me Five, que fechou com um recorde de vendas e de inscri\u00e7\u00f5es&#8221;, comentou, acrescentando que o grupo j\u00e1 ultrapassou os 50 milh\u00f5es de euros em compras a fornecedores &#8220;e a tend\u00eancia que se verifica \u00e9 de crescimento a dois d\u00edgitos&#8221;.<\/p>\n<p>Relativamente aos planos mais imediatos do grupo, Max Margalef explicou que &#8220;queremos ter uma rela\u00e7\u00e3o mais pr\u00f3xima com os membros. Para isso, cri\u00e1mos cinco grupos de trabalho, compostos por seis ou sete membros do grupo, para facilitar o di\u00e1logo e a proatividade, com o objetivo de concentrar as compras em fornecedores estrat\u00e9gicos aprovados pela Nexus International. Queremos voltar a colocar os membros no centro, dar aos membros representa\u00e7\u00e3o na tomada de decis\u00f5es, e trabalhar com fornecedores estrat\u00e9gicos&#8221;.<\/p>\n<p>O Conselho de Administra\u00e7\u00e3o, apoiado por mais de 90% dos membros para assumir a dire\u00e7\u00e3o, apresentou as suas linhas estrat\u00e9gicas para 2024: promover as compras a fornecedores aprovados na Nexus, o que \u00e9 essencial para fornecer produtos da mais alta qualidade \u00e0s oficinas, e criar cinco subgrupos de trabalho segmentados entre distribuidores e tipos de produtos. Haver\u00e1 continuidade em campanhas como El Recambiazo ou Give Me Five, bem como em a\u00e7\u00f5es como a Conven\u00e7\u00e3o, a presen\u00e7a com um stand na expoMEC\u00c2NICA Porto, a estrat\u00e9gia com as redes de oficinas Aserauto e AutoDrive e a rela\u00e7\u00e3o com o IDAP e a Nexus.<\/p>\n<p>A partir de agora, as tomadas de decis\u00e3o da ASER ser\u00e3o de responsabilidade do Conselho de Administra\u00e7\u00e3o. Foi o que decidiu a Assembleia Geral realizada em outubro, que aprovou por maioria superior a 90% que a Dire\u00e7\u00e3o ficar\u00e1 respons\u00e1vel pela gest\u00e3o social, representando os interesses de todos os associados.<\/p>\n","protected":false},"excerpt":{"rendered":"<p>A ASER reuniu a imprensa especializada&#8230;<\/p>\n","protected":false},"author":15,"featured_media":74606,"comment_status":"closed","ping_status":"closed","sticky":false,"template":"","format":"standard","meta":{"footnotes":""},"categories":[29],"tags":[255,6353,6616],"class_list":["post-74603","post","type-post","status-publish","format-standard","has-post-thumbnail","hentry","category-empresas","tag-aser","tag-give-me-five","tag-planos-para-2024"],"yoast_head":"<!-- This site is optimized with the Yoast SEO plugin v27.5 - https:\/\/yoast.com\/product\/yoast-seo-wordpress\/ -->\n<title>ASER empenhada em estar mais pr\u00f3xima dos membros - Jornal das Oficinas<\/title>\n<meta name=\"description\" content=\"A ASER reuniu a imprensa especializada na sua sede em Madrid para analisar a situa\u00e7\u00e3o atual do grupo e os planos mais imediatos para 2024\" \/>\n<meta name=\"robots\" content=\"index, follow, max-snippet:-1, max-image-preview:large, max-video-preview:-1\" \/>\n<link rel=\"canonical\" href=\"https:\/\/jornaldasoficinas.com\/pt\/aser-empenhada-em-estar-mais-proxima-dos-membros\/\" \/>\n<meta property=\"og:locale\" content=\"pt_PT\" \/>\n<meta property=\"og:type\" content=\"article\" \/>\n<meta property=\"og:title\" content=\"ASER empenhada em estar mais pr\u00f3xima dos membros - Jornal das Oficinas\" \/>\n<meta property=\"og:description\" content=\"A ASER reuniu a imprensa especializada na sua sede em Madrid para analisar a situa\u00e7\u00e3o atual do grupo e os planos mais imediatos para 2024\" \/>\n<meta property=\"og:url\" content=\"https:\/\/jornaldasoficinas.com\/pt\/aser-empenhada-em-estar-mais-proxima-dos-membros\/\" \/>\n<meta property=\"og:site_name\" content=\"Jornal das Oficinas\" \/>\n<meta property=\"article:publisher\" content=\"https:\/\/www.facebook.com\/jornaloficinas\" \/>\n<meta property=\"article:published_time\" content=\"2023-11-14T10:00:35+00:00\" \/>\n<meta property=\"article:modified_time\" content=\"2023-11-14T10:05:49+00:00\" \/>\n<meta property=\"og:image\" content=\"https:\/\/jornaldasoficinas.com\/pt\/wp-content\/uploads\/2023\/10\/ASER-empenhada.jpg\" \/>\n\t<meta property=\"og:image:width\" content=\"1024\" \/>\n\t<meta property=\"og:image:height\" content=\"581\" \/>\n\t<meta property=\"og:image:type\" content=\"image\/jpeg\" \/>\n<meta name=\"author\" content=\"Reda\u00e7\u00e3o JO\" \/>\n<meta name=\"twitter:card\" content=\"summary_large_image\" \/>\n<meta name=\"twitter:creator\" content=\"@jornaloficinas\" \/>\n<meta name=\"twitter:site\" content=\"@jornaloficinas\" \/>\n<meta name=\"twitter:label1\" content=\"Escrito por\" \/>\n\t<meta name=\"twitter:data1\" content=\"Reda\u00e7\u00e3o JO\" \/>\n\t<meta name=\"twitter:label2\" content=\"Tempo estimado de leitura\" \/>\n\t<meta name=\"twitter:data2\" content=\"3 minutos\" \/>\n<script type=\"application\/ld+json\" class=\"yoast-schema-graph\">{\"@context\":\"https:\\\/\\\/schema.org\",\"@graph\":[{\"@type\":\"Article\",\"@id\":\"https:\\\/\\\/jornaldasoficinas.com\\\/pt\\\/aser-empenhada-em-estar-mais-proxima-dos-membros\\\/#article\",\"isPartOf\":{\"@id\":\"https:\\\/\\\/jornaldasoficinas.com\\\/pt\\\/aser-empenhada-em-estar-mais-proxima-dos-membros\\\/\"},\"author\":{\"name\":\"Reda\u00e7\u00e3o JO\",\"@id\":\"https:\\\/\\\/jornaldasoficinas.com\\\/pt\\\/#\\\/schema\\\/person\\\/a38eef5de2c41d9e7c9ac10141afddf3\"},\"headline\":\"ASER empenhada em estar mais pr\u00f3xima dos membros\",\"datePublished\":\"2023-11-14T10:00:35+00:00\",\"dateModified\":\"2023-11-14T10:05:49+00:00\",\"mainEntityOfPage\":{\"@id\":\"https:\\\/\\\/jornaldasoficinas.com\\\/pt\\\/aser-empenhada-em-estar-mais-proxima-dos-membros\\\/\"},\"wordCount\":460,\"publisher\":{\"@id\":\"https:\\\/\\\/jornaldasoficinas.com\\\/pt\\\/#organization\"},\"image\":{\"@id\":\"https:\\\/\\\/jornaldasoficinas.com\\\/pt\\\/aser-empenhada-em-estar-mais-proxima-dos-membros\\\/#primaryimage\"},\"thumbnailUrl\":\"https:\\\/\\\/jornaldasoficinas.com\\\/pt\\\/wp-content\\\/uploads\\\/2023\\\/10\\\/ASER-empenhada.jpg\",\"keywords\":[\"ASER\",\"Give Me Five\",\"Planos para 2024\"],\"articleSection\":[\"Empresas\"],\"inLanguage\":\"pt-PT\"},{\"@type\":\"WebPage\",\"@id\":\"https:\\\/\\\/jornaldasoficinas.com\\\/pt\\\/aser-empenhada-em-estar-mais-proxima-dos-membros\\\/\",\"url\":\"https:\\\/\\\/jornaldasoficinas.com\\\/pt\\\/aser-empenhada-em-estar-mais-proxima-dos-membros\\\/\",\"name\":\"ASER empenhada em estar mais pr\u00f3xima dos membros - Jornal das Oficinas\",\"isPartOf\":{\"@id\":\"https:\\\/\\\/jornaldasoficinas.com\\\/pt\\\/#website\"},\"primaryImageOfPage\":{\"@id\":\"https:\\\/\\\/jornaldasoficinas.com\\\/pt\\\/aser-empenhada-em-estar-mais-proxima-dos-membros\\\/#primaryimage\"},\"image\":{\"@id\":\"https:\\\/\\\/jornaldasoficinas.com\\\/pt\\\/aser-empenhada-em-estar-mais-proxima-dos-membros\\\/#primaryimage\"},\"thumbnailUrl\":\"https:\\\/\\\/jornaldasoficinas.com\\\/pt\\\/wp-content\\\/uploads\\\/2023\\\/10\\\/ASER-empenhada.jpg\",\"datePublished\":\"2023-11-14T10:00:35+00:00\",\"dateModified\":\"2023-11-14T10:05:49+00:00\",\"description\":\"A ASER reuniu a imprensa especializada na sua sede em Madrid para analisar a situa\u00e7\u00e3o atual do grupo e os planos mais imediatos para 2024\",\"breadcrumb\":{\"@id\":\"https:\\\/\\\/jornaldasoficinas.com\\\/pt\\\/aser-empenhada-em-estar-mais-proxima-dos-membros\\\/#breadcrumb\"},\"inLanguage\":\"pt-PT\",\"potentialAction\":[{\"@type\":\"ReadAction\",\"target\":[\"https:\\\/\\\/jornaldasoficinas.com\\\/pt\\\/aser-empenhada-em-estar-mais-proxima-dos-membros\\\/\"]}]},{\"@type\":\"ImageObject\",\"inLanguage\":\"pt-PT\",\"@id\":\"https:\\\/\\\/jornaldasoficinas.com\\\/pt\\\/aser-empenhada-em-estar-mais-proxima-dos-membros\\\/#primaryimage\",\"url\":\"https:\\\/\\\/jornaldasoficinas.com\\\/pt\\\/wp-content\\\/uploads\\\/2023\\\/10\\\/ASER-empenhada.jpg\",\"contentUrl\":\"https:\\\/\\\/jornaldasoficinas.com\\\/pt\\\/wp-content\\\/uploads\\\/2023\\\/10\\\/ASER-empenhada.jpg\",\"width\":1024,\"height\":581,\"caption\":\"10 - ASER empenhada\"},{\"@type\":\"BreadcrumbList\",\"@id\":\"https:\\\/\\\/jornaldasoficinas.com\\\/pt\\\/aser-empenhada-em-estar-mais-proxima-dos-membros\\\/#breadcrumb\",\"itemListElement\":[{\"@type\":\"ListItem\",\"position\":1,\"name\":\"In\u00edcio\",\"item\":\"https:\\\/\\\/jornaldasoficinas.com\\\/pt\\\/\"},{\"@type\":\"ListItem\",\"position\":2,\"name\":\"ASER empenhada em estar mais pr\u00f3xima dos membros\"}]},{\"@type\":\"WebSite\",\"@id\":\"https:\\\/\\\/jornaldasoficinas.com\\\/pt\\\/#website\",\"url\":\"https:\\\/\\\/jornaldasoficinas.com\\\/pt\\\/\",\"name\":\"Jornal das Oficinas\",\"description\":\"Jornal independente do Aftermarket Autom\u00f3vel em Portugal\",\"publisher\":{\"@id\":\"https:\\\/\\\/jornaldasoficinas.com\\\/pt\\\/#organization\"},\"potentialAction\":[{\"@type\":\"SearchAction\",\"target\":{\"@type\":\"EntryPoint\",\"urlTemplate\":\"https:\\\/\\\/jornaldasoficinas.com\\\/pt\\\/?s={search_term_string}\"},\"query-input\":{\"@type\":\"PropertyValueSpecification\",\"valueRequired\":true,\"valueName\":\"search_term_string\"}}],\"inLanguage\":\"pt-PT\"},{\"@type\":\"Organization\",\"@id\":\"https:\\\/\\\/jornaldasoficinas.com\\\/pt\\\/#organization\",\"name\":\"Jornal das Oficinas\",\"url\":\"https:\\\/\\\/jornaldasoficinas.com\\\/pt\\\/\",\"logo\":{\"@type\":\"ImageObject\",\"inLanguage\":\"pt-PT\",\"@id\":\"https:\\\/\\\/jornaldasoficinas.com\\\/pt\\\/#\\\/schema\\\/logo\\\/image\\\/\",\"url\":\"https:\\\/\\\/jornaldasoficinas.com\\\/pt\\\/wp-content\\\/uploads\\\/logoJO-SEO.png\",\"contentUrl\":\"https:\\\/\\\/jornaldasoficinas.com\\\/pt\\\/wp-content\\\/uploads\\\/logoJO-SEO.png\",\"width\":285,\"height\":450,\"caption\":\"Jornal das Oficinas\"},\"image\":{\"@id\":\"https:\\\/\\\/jornaldasoficinas.com\\\/pt\\\/#\\\/schema\\\/logo\\\/image\\\/\"},\"sameAs\":[\"https:\\\/\\\/www.facebook.com\\\/jornaloficinas\",\"https:\\\/\\\/x.com\\\/jornaloficinas\",\"https:\\\/\\\/www.instagram.com\\\/jornal_oficinas\\\/\",\"https:\\\/\\\/www.linkedin.com\\\/company\\\/jornal-das-oficinas\\\/\",\"https:\\\/\\\/www.youtube.com\\\/channel\\\/UCbQZBqtcvV-oSQrr7RzINGg\"]},{\"@type\":\"Person\",\"@id\":\"https:\\\/\\\/jornaldasoficinas.com\\\/pt\\\/#\\\/schema\\\/person\\\/a38eef5de2c41d9e7c9ac10141afddf3\",\"name\":\"Reda\u00e7\u00e3o JO\",\"image\":{\"@type\":\"ImageObject\",\"inLanguage\":\"pt-PT\",\"@id\":\"https:\\\/\\\/secure.gravatar.com\\\/avatar\\\/71f2fa71737ad68a84fea94bc708ddac8ea5b0c4788dc2ad202f3ccb2887742f?s=96&d=wp_user_avatar&r=g\",\"url\":\"https:\\\/\\\/secure.gravatar.com\\\/avatar\\\/71f2fa71737ad68a84fea94bc708ddac8ea5b0c4788dc2ad202f3ccb2887742f?s=96&d=wp_user_avatar&r=g\",\"contentUrl\":\"https:\\\/\\\/secure.gravatar.com\\\/avatar\\\/71f2fa71737ad68a84fea94bc708ddac8ea5b0c4788dc2ad202f3ccb2887742f?s=96&d=wp_user_avatar&r=g\",\"caption\":\"Reda\u00e7\u00e3o JO\"},\"url\":\"https:\\\/\\\/jornaldasoficinas.com\\\/pt\\\/author\\\/joredacao\\\/\"}]}<\/script>\n<!-- \/ Yoast SEO plugin. -->","yoast_head_json":{"title":"ASER empenhada em estar mais pr\u00f3xima dos membros - Jornal das Oficinas","description":"A ASER reuniu a imprensa especializada na sua sede em Madrid para analisar a situa\u00e7\u00e3o atual do grupo e os planos mais imediatos para 2024","robots":{"index":"index","follow":"follow","max-snippet":"max-snippet:-1","max-image-preview":"max-image-preview:large","max-video-preview":"max-video-preview:-1"},"canonical":"https:\/\/jornaldasoficinas.com\/pt\/aser-empenhada-em-estar-mais-proxima-dos-membros\/","og_locale":"pt_PT","og_type":"article","og_title":"ASER empenhada em estar mais pr\u00f3xima dos membros - Jornal das Oficinas","og_description":"A ASER reuniu a imprensa especializada na sua sede em Madrid para analisar a situa\u00e7\u00e3o atual do grupo e os planos mais imediatos para 2024","og_url":"https:\/\/jornaldasoficinas.com\/pt\/aser-empenhada-em-estar-mais-proxima-dos-membros\/","og_site_name":"Jornal das Oficinas","article_publisher":"https:\/\/www.facebook.com\/jornaloficinas","article_published_time":"2023-11-14T10:00:35+00:00","article_modified_time":"2023-11-14T10:05:49+00:00","og_image":[{"width":1024,"height":581,"url":"https:\/\/jornaldasoficinas.com\/pt\/wp-content\/uploads\/2023\/10\/ASER-empenhada.jpg","type":"image\/jpeg"}],"author":"Reda\u00e7\u00e3o JO","twitter_card":"summary_large_image","twitter_creator":"@jornaloficinas","twitter_site":"@jornaloficinas","twitter_misc":{"Escrito por":"Reda\u00e7\u00e3o JO","Tempo estimado de leitura":"3 minutos"},"schema":{"@context":"https:\/\/schema.org","@graph":[{"@type":"Article","@id":"https:\/\/jornaldasoficinas.com\/pt\/aser-empenhada-em-estar-mais-proxima-dos-membros\/#article","isPartOf":{"@id":"https:\/\/jornaldasoficinas.com\/pt\/aser-empenhada-em-estar-mais-proxima-dos-membros\/"},"author":{"name":"Reda\u00e7\u00e3o JO","@id":"https:\/\/jornaldasoficinas.com\/pt\/#\/schema\/person\/a38eef5de2c41d9e7c9ac10141afddf3"},"headline":"ASER empenhada em estar mais pr\u00f3xima dos membros","datePublished":"2023-11-14T10:00:35+00:00","dateModified":"2023-11-14T10:05:49+00:00","mainEntityOfPage":{"@id":"https:\/\/jornaldasoficinas.com\/pt\/aser-empenhada-em-estar-mais-proxima-dos-membros\/"},"wordCount":460,"publisher":{"@id":"https:\/\/jornaldasoficinas.com\/pt\/#organization"},"image":{"@id":"https:\/\/jornaldasoficinas.com\/pt\/aser-empenhada-em-estar-mais-proxima-dos-membros\/#primaryimage"},"thumbnailUrl":"https:\/\/jornaldasoficinas.com\/pt\/wp-content\/uploads\/2023\/10\/ASER-empenhada.jpg","keywords":["ASER","Give Me Five","Planos para 2024"],"articleSection":["Empresas"],"inLanguage":"pt-PT"},{"@type":"WebPage","@id":"https:\/\/jornaldasoficinas.com\/pt\/aser-empenhada-em-estar-mais-proxima-dos-membros\/","url":"https:\/\/jornaldasoficinas.com\/pt\/aser-empenhada-em-estar-mais-proxima-dos-membros\/","name":"ASER empenhada em estar mais pr\u00f3xima dos membros - Jornal das Oficinas","isPartOf":{"@id":"https:\/\/jornaldasoficinas.com\/pt\/#website"},"primaryImageOfPage":{"@id":"https:\/\/jornaldasoficinas.com\/pt\/aser-empenhada-em-estar-mais-proxima-dos-membros\/#primaryimage"},"image":{"@id":"https:\/\/jornaldasoficinas.com\/pt\/aser-empenhada-em-estar-mais-proxima-dos-membros\/#primaryimage"},"thumbnailUrl":"https:\/\/jornaldasoficinas.com\/pt\/wp-content\/uploads\/2023\/10\/ASER-empenhada.jpg","datePublished":"2023-11-14T10:00:35+00:00","dateModified":"2023-11-14T10:05:49+00:00","description":"A ASER reuniu a imprensa especializada na sua sede em Madrid para analisar a situa\u00e7\u00e3o atual do grupo e os planos mais imediatos para 2024","breadcrumb":{"@id":"https:\/\/jornaldasoficinas.com\/pt\/aser-empenhada-em-estar-mais-proxima-dos-membros\/#breadcrumb"},"inLanguage":"pt-PT","potentialAction":[{"@type":"ReadAction","target":["https:\/\/jornaldasoficinas.com\/pt\/aser-empenhada-em-estar-mais-proxima-dos-membros\/"]}]},{"@type":"ImageObject","inLanguage":"pt-PT","@id":"https:\/\/jornaldasoficinas.com\/pt\/aser-empenhada-em-estar-mais-proxima-dos-membros\/#primaryimage","url":"https:\/\/jornaldasoficinas.com\/pt\/wp-content\/uploads\/2023\/10\/ASER-empenhada.jpg","contentUrl":"https:\/\/jornaldasoficinas.com\/pt\/wp-content\/uploads\/2023\/10\/ASER-empenhada.jpg","width":1024,"height":581,"caption":"10 - ASER empenhada"},{"@type":"BreadcrumbList","@id":"https:\/\/jornaldasoficinas.com\/pt\/aser-empenhada-em-estar-mais-proxima-dos-membros\/#breadcrumb","itemListElement":[{"@type":"ListItem","position":1,"name":"In\u00edcio","item":"https:\/\/jornaldasoficinas.com\/pt\/"},{"@type":"ListItem","position":2,"name":"ASER empenhada em estar mais pr\u00f3xima dos membros"}]},{"@type":"WebSite","@id":"https:\/\/jornaldasoficinas.com\/pt\/#website","url":"https:\/\/jornaldasoficinas.com\/pt\/","name":"Jornal das Oficinas","description":"Jornal independente do Aftermarket Autom\u00f3vel em Portugal","publisher":{"@id":"https:\/\/jornaldasoficinas.com\/pt\/#organization"},"potentialAction":[{"@type":"SearchAction","target":{"@type":"EntryPoint","urlTemplate":"https:\/\/jornaldasoficinas.com\/pt\/?s={search_term_string}"},"query-input":{"@type":"PropertyValueSpecification","valueRequired":true,"valueName":"search_term_string"}}],"inLanguage":"pt-PT"},{"@type":"Organization","@id":"https:\/\/jornaldasoficinas.com\/pt\/#organization","name":"Jornal das Oficinas","url":"https:\/\/jornaldasoficinas.com\/pt\/","logo":{"@type":"ImageObject","inLanguage":"pt-PT","@id":"https:\/\/jornaldasoficinas.com\/pt\/#\/schema\/logo\/image\/","url":"https:\/\/jornaldasoficinas.com\/pt\/wp-content\/uploads\/logoJO-SEO.png","contentUrl":"https:\/\/jornaldasoficinas.com\/pt\/wp-content\/uploads\/logoJO-SEO.png","width":285,"height":450,"caption":"Jornal das Oficinas"},"image":{"@id":"https:\/\/jornaldasoficinas.com\/pt\/#\/schema\/logo\/image\/"},"sameAs":["https:\/\/www.facebook.com\/jornaloficinas","https:\/\/x.com\/jornaloficinas","https:\/\/www.instagram.com\/jornal_oficinas\/","https:\/\/www.linkedin.com\/company\/jornal-das-oficinas\/","https:\/\/www.youtube.com\/channel\/UCbQZBqtcvV-oSQrr7RzINGg"]},{"@type":"Person","@id":"https:\/\/jornaldasoficinas.com\/pt\/#\/schema\/person\/a38eef5de2c41d9e7c9ac10141afddf3","name":"Reda\u00e7\u00e3o JO","image":{"@type":"ImageObject","inLanguage":"pt-PT","@id":"https:\/\/secure.gravatar.com\/avatar\/71f2fa71737ad68a84fea94bc708ddac8ea5b0c4788dc2ad202f3ccb2887742f?s=96&d=wp_user_avatar&r=g","url":"https:\/\/secure.gravatar.com\/avatar\/71f2fa71737ad68a84fea94bc708ddac8ea5b0c4788dc2ad202f3ccb2887742f?s=96&d=wp_user_avatar&r=g","contentUrl":"https:\/\/secure.gravatar.com\/avatar\/71f2fa71737ad68a84fea94bc708ddac8ea5b0c4788dc2ad202f3ccb2887742f?s=96&d=wp_user_avatar&r=g","caption":"Reda\u00e7\u00e3o JO"},"url":"https:\/\/jornaldasoficinas.com\/pt\/author\/joredacao\/"}]}},"_links":{"self":[{"href":"https:\/\/jornaldasoficinas.com\/pt\/wp-json\/wp\/v2\/posts\/74603","targetHints":{"allow":["GET"]}}],"collection":[{"href":"https:\/\/jornaldasoficinas.com\/pt\/wp-json\/wp\/v2\/posts"}],"about":[{"href":"https:\/\/jornaldasoficinas.com\/pt\/wp-json\/wp\/v2\/types\/post"}],"author":[{"embeddable":true,"href":"https:\/\/jornaldasoficinas.com\/pt\/wp-json\/wp\/v2\/users\/15"}],"replies":[{"embeddable":true,"href":"https:\/\/jornaldasoficinas.com\/pt\/wp-json\/wp\/v2\/comments?post=74603"}],"version-history":[{"count":0,"href":"https:\/\/jornaldasoficinas.com\/pt\/wp-json\/wp\/v2\/posts\/74603\/revisions"}],"wp:featuredmedia":[{"embeddable":true,"href":"https:\/\/jornaldasoficinas.com\/pt\/wp-json\/wp\/v2\/media\/74606"}],"wp:attachment":[{"href":"https:\/\/jornaldasoficinas.com\/pt\/wp-json\/wp\/v2\/media?parent=74603"}],"wp:term":[{"taxonomy":"category","embeddable":true,"href":"https:\/\/jornaldasoficinas.com\/pt\/wp-json\/wp\/v2\/categories?post=74603"},{"taxonomy":"post_tag","embeddable":true,"href":"https:\/\/jornaldasoficinas.com\/pt\/wp-json\/wp\/v2\/tags?post=74603"}],"curies":[{"name":"wp","href":"https:\/\/api.w.org\/{rel}","templated":true}]}}