{"id":74630,"date":"2023-11-14T16:00:40","date_gmt":"2023-11-14T16:00:40","guid":{"rendered":"https:\/\/jornaldasoficinas.com\/pt\/?p=74630"},"modified":"2023-11-17T10:57:27","modified_gmt":"2023-11-17T10:57:27","slug":"soc-comercial-c-santos-contrata-para-pos-venda","status":"publish","type":"post","link":"https:\/\/jornaldasoficinas.com\/pt\/soc-comercial-c-santos-contrata-para-pos-venda\/","title":{"rendered":"Soc. Comercial C. Santos contrata para p\u00f3s-venda"},"content":{"rendered":"<p><img loading=\"lazy\" decoding=\"async\" class=\"alignnone size-full wp-image-74614\" src=\"https:\/\/jornaldasoficinas.com\/pt\/wp-content\/uploads\/2023\/10\/Soc.-Com.-C.-Santos-contrata.jpg\" alt=\"10 - Soc. Com. C. Santos contrata\" width=\"1024\" height=\"581\" srcset=\"https:\/\/jornaldasoficinas.com\/pt\/wp-content\/uploads\/2023\/10\/Soc.-Com.-C.-Santos-contrata.jpg 1024w, https:\/\/jornaldasoficinas.com\/pt\/wp-content\/uploads\/2023\/10\/Soc.-Com.-C.-Santos-contrata-300x170.jpg 300w, https:\/\/jornaldasoficinas.com\/pt\/wp-content\/uploads\/2023\/10\/Soc.-Com.-C.-Santos-contrata-150x85.jpg 150w, https:\/\/jornaldasoficinas.com\/pt\/wp-content\/uploads\/2023\/10\/Soc.-Com.-C.-Santos-contrata-768x436.jpg 768w\" sizes=\"auto, (max-width: 1024px) 100vw, 1024px\" \/><\/p>\n<p><strong>A <a href=\"https:\/\/www.soccsantos.pt\/\" target=\"_blank\" rel=\"noopener\">Sociedade Comercial C. Santos<\/a> est\u00e1 a refor\u00e7ar equipa do p\u00f3s-venda para um total de oito fun\u00e7\u00f5es, em resultado do crescimento da atividade das oficinas. O diretor de customer services, V\u00edtor Ferreira, e o diretor de recursos humanos, S\u00e9rgio Pinto, explicam que o perfil pretendido, independentemente da experi\u00eancia, s\u00e3o pessoas que se integrem nos valores da empresa: exig\u00eancia e coopera\u00e7\u00e3o com o objetivo de prestar um servi\u00e7o de excel\u00eancia ao cliente<\/strong><\/p>\n<p>A Sociedade Comercial C. Santos tem em curso processos de recrutamento e sele\u00e7\u00e3o para v\u00e1rias fun\u00e7\u00f5es do ap\u00f3s-venda: mecatr\u00f3nicos (ligeiros e pesados), especialistas em sistemas de seguran\u00e7a e conforto, bate-chapas, pintores, faturadores, lavadores e operadores para manuten\u00e7\u00e3o das instala\u00e7\u00f5es.<\/p>\n<p>A procura de recursos humanos decorre da trajet\u00f3ria de crescimento do volume de neg\u00f3cios das oficinas da empresa sediada na Maia, junto ao Aeroporto do Porto. \u201cSe retirarmos o efeito da pandemia em 2020 e 2021, temos assistido a um crescimento sustentado e consistente na \u00faltima d\u00e9cada. Nos \u00faltimos dois anos esse crescimento foi ainda mais acentuado, projetando desde j\u00e1 2023 como o melhor ano de sempre com uma varia\u00e7\u00e3o acima dos 20% face a 2022\u201d, indica o diretor de customer services da Sociedade Comercial C. Santos, V\u00edtor Ferreira. As oficinas da empresa recebem uma m\u00e9dia de perto de 140 viaturas por dia.<\/p>\n<p><strong>\u201cADN\u201d Soc. Com. C. Santos \u00e9 essencial<br \/>\n<\/strong>V\u00edtor Ferreira salienta que este crescimento \u201cs\u00f3 \u00e9 poss\u00edvel\u201d com o refor\u00e7o permanente das equipas e que a empresa tem conseguido \u201catrair e reter os melhores profissionais ao longo dos \u00faltimos anos\u201d. Este respons\u00e1vel refere-se a uma atua\u00e7\u00e3o em dois eixos: a integra\u00e7\u00e3o dos mais jovens e form\u00e1-los, mas tamb\u00e9m captar profissionais experientes que j\u00e1 est\u00e3o solidificados no mercado de trabalho.<\/p>\n<p>\u201cNo caso dos mais jovens a nossa estrat\u00e9gia assenta em parcerias com escolas profissionais que acabam por facilitar o acesso dos formandos ao contexto profissional, garantindo desta forma tamb\u00e9m um papel importante no desenvolvimento e apoio \u00e0 nossa comunidade\u201d, explica o diretor de ap\u00f3s-venda da Sociedade Comercial C. Santos, antes de sublinhar que o recrutamento de profissionais com mais experi\u00eancia contribui, por outro lado, \u201cpara garantir uma capacidade de resposta s\u00f3lida e consistente\u201d. V\u00edtor Ferreira sublinha que a empresa \u201cprocura sempre os melhores talentos\u201d e que se \u00e9 verdade que \u201ca vertente t\u00e9cnica e experi\u00eancia s\u00e3o importantes, a atitude e o \u2018ADN\u2019 Sociedade Comercial C. Santos s\u00e3o fundamentais\u201d.<\/p>\n<p><strong>Diferentes tipos de experi\u00eancia de vida<br \/>\n<\/strong>O diretor de recursos humanos da Sociedade Comercial C. Santos, S\u00e9rgio Pinto, afirma que a empresa \u201ctem orgulho e luta por conseguir ter lugar para todas as idades, g\u00e9neros e cren\u00e7as. Conseguimos aferir muitas mais-valias em ter colaboradores com os mais diferentes tipos de experi\u00eancia de vida\u201d.<\/p>\n<p>A empresa \u00e9 reconhecida no mercado pelo empenho em formar os as equipas e garantir que estas t\u00eam as melhores condi\u00e7\u00f5es de trabalho com o objetivo de satisfazer as necessidades dos clientes, de acordo com S\u00e9rgio Pinto. \u201cSinto que conseguimos a harmonia em satisfazer a vontade de munir os nossos ativos humanos em conjunto com o conseguir satisfazer eficazmente os nossos clientes. Assim, garantimos que os nossos colegas de trabalho t\u00eam sempre as melhores ferramentas de trabalho para conseguirem a excel\u00eancia, seja ao n\u00edvel de ferramentas seja ao n\u00edvel de conhecimentos e capacidade de resolver as quest\u00f5es mais desafiadoras\u201d, indica.<\/p>\n<p><strong>\u201cQualidade dos colaboradores \u00e9 fator-chave para o sucesso\u201d<br \/>\n<\/strong>O diretor de customer services da Sociedade Comercial C. Santos sublinha que \u201ca qualidade dos colaboradores \u00e9 fator-chave para o sucesso\u201d do departamento de ap\u00f3s-venda da empresa, do ponto de vista t\u00e9cnico, mas tamb\u00e9m numa perspetiva comportamental. \u201cRigor, exig\u00eancia, foco, coopera\u00e7\u00e3o e solidariedade s\u00e3o alguns dos valores do \u2018ADN\u2019 Soc. Com. C. Santos. S\u00e3o estes valores que procuramos incutir nas nossas equipas no dia a dia e que nos garantem um n\u00edvel de efic\u00e1cia de excel\u00eancia. Para o \u00eaxito desta estrat\u00e9gia \u00e9 fundamental a aposta continua nas melhores condi\u00e7\u00f5es de trabalho para os nossos colaboradores, quer no \u00e2mbito das suas atividades laborais, quer no contexto do seu bem-estar social e familiar\u201d.<\/p>\n<p>A Sociedade Comercial C. Santos tem perto de 350 colaboradores, dos quais perto de metade afetos \u00e0 \u00e1rea de customer services. A empresa fechou 2022 com um volume de neg\u00f3cios global de 136 milh\u00f5es de euros (+7% do que no ano anterior).<\/p>\n<p><strong>As 8 fun\u00e7\u00f5es pretendidas:<\/strong><\/p>\n<ul>\n<li>Mec\u00e2nico\/Mecatr\u00f3nico Ligeiros de Passageiros<\/li>\n<li>Mec\u00e2nico\/Mecatr\u00f3nico Comerciais Ligeiros<\/li>\n<li>Mec\u00e2nico\/Mecatr\u00f3nico Ve\u00edculos Comerciais Pesados<\/li>\n<li>Pintor Autom\u00f3vel<\/li>\n<li>Bate-chapas<\/li>\n<li>Operador de Manuten\u00e7\u00e3o<\/li>\n<li>Lavador Autom\u00f3vel<\/li>\n<li>Faturador de Oficina<\/li>\n<\/ul>\n<p>Veja esta e mais vagas para as m\u00faltiplas \u00e1reas da Sociedade Comercial C. Santos <a href=\"https:\/\/www.soccsantos.pt\/recrutamento\/\" target=\"_blank\" rel=\"noopener\">aqui<\/a>.<\/p>\n<p><img loading=\"lazy\" decoding=\"async\" class=\"alignnone size-full wp-image-74613\" src=\"https:\/\/jornaldasoficinas.com\/pt\/wp-content\/uploads\/2023\/10\/Soc.-Com.-C.-Santos-contrata1.jpg\" alt=\"10 - Soc. Com. C. Santos contrata1\" width=\"1024\" height=\"581\" srcset=\"https:\/\/jornaldasoficinas.com\/pt\/wp-content\/uploads\/2023\/10\/Soc.-Com.-C.-Santos-contrata1.jpg 1024w, https:\/\/jornaldasoficinas.com\/pt\/wp-content\/uploads\/2023\/10\/Soc.-Com.-C.-Santos-contrata1-300x170.jpg 300w, https:\/\/jornaldasoficinas.com\/pt\/wp-content\/uploads\/2023\/10\/Soc.-Com.-C.-Santos-contrata1-150x85.jpg 150w, https:\/\/jornaldasoficinas.com\/pt\/wp-content\/uploads\/2023\/10\/Soc.-Com.-C.-Santos-contrata1-768x436.jpg 768w\" sizes=\"auto, (max-width: 1024px) 100vw, 1024px\" \/><\/p>\n<p><img loading=\"lazy\" decoding=\"async\" class=\"alignnone size-full wp-image-74615\" src=\"https:\/\/jornaldasoficinas.com\/pt\/wp-content\/uploads\/2023\/10\/Soc.-Com.-C.-Santos-contrata2.jpg\" alt=\"10 - Soc. Com. C. Santos contrata2\" width=\"1024\" height=\"581\" srcset=\"https:\/\/jornaldasoficinas.com\/pt\/wp-content\/uploads\/2023\/10\/Soc.-Com.-C.-Santos-contrata2.jpg 1024w, https:\/\/jornaldasoficinas.com\/pt\/wp-content\/uploads\/2023\/10\/Soc.-Com.-C.-Santos-contrata2-300x170.jpg 300w, https:\/\/jornaldasoficinas.com\/pt\/wp-content\/uploads\/2023\/10\/Soc.-Com.-C.-Santos-contrata2-150x85.jpg 150w, https:\/\/jornaldasoficinas.com\/pt\/wp-content\/uploads\/2023\/10\/Soc.-Com.-C.-Santos-contrata2-768x436.jpg 768w\" sizes=\"auto, (max-width: 1024px) 100vw, 1024px\" \/><\/p>\n","protected":false},"excerpt":{"rendered":"<p>A Sociedade Comercial C. Santos est\u00e1&#8230;<\/p>\n","protected":false},"author":15,"featured_media":74614,"comment_status":"closed","ping_status":"closed","sticky":false,"template":"","format":"standard","meta":{"footnotes":""},"categories":[29],"tags":[6620,608,2488],"class_list":["post-74630","post","type-post","status-publish","format-standard","has-post-thumbnail","hentry","category-empresas","tag-equipa-do-pos-venda","tag-recursos-humanos","tag-soc-comercial-c-santos"],"yoast_head":"<!-- This site is optimized with the Yoast SEO plugin v27.4 - https:\/\/yoast.com\/product\/yoast-seo-wordpress\/ -->\n<title>Soc. Comercial C. Santos contrata para p\u00f3s-venda - Jornal das Oficinas<\/title>\n<meta name=\"description\" content=\"A Sociedade Comercial C. Santos est\u00e1 a refor\u00e7ar equipa do p\u00f3s-venda para um total de oito fun\u00e7\u00f5es, em resultado do crescimento da atividade\" \/>\n<meta name=\"robots\" content=\"index, follow, max-snippet:-1, max-image-preview:large, max-video-preview:-1\" \/>\n<link rel=\"canonical\" href=\"https:\/\/jornaldasoficinas.com\/pt\/soc-comercial-c-santos-contrata-para-pos-venda\/\" \/>\n<meta property=\"og:locale\" content=\"pt_PT\" \/>\n<meta property=\"og:type\" content=\"article\" \/>\n<meta property=\"og:title\" content=\"Soc. Comercial C. Santos contrata para p\u00f3s-venda - Jornal das Oficinas\" \/>\n<meta property=\"og:description\" content=\"A Sociedade Comercial C. Santos est\u00e1 a refor\u00e7ar equipa do p\u00f3s-venda para um total de oito fun\u00e7\u00f5es, em resultado do crescimento da atividade\" \/>\n<meta property=\"og:url\" content=\"https:\/\/jornaldasoficinas.com\/pt\/soc-comercial-c-santos-contrata-para-pos-venda\/\" \/>\n<meta property=\"og:site_name\" content=\"Jornal das Oficinas\" \/>\n<meta property=\"article:publisher\" content=\"https:\/\/www.facebook.com\/jornaloficinas\" \/>\n<meta property=\"article:published_time\" content=\"2023-11-14T16:00:40+00:00\" \/>\n<meta property=\"article:modified_time\" content=\"2023-11-17T10:57:27+00:00\" \/>\n<meta property=\"og:image\" content=\"https:\/\/jornaldasoficinas.com\/pt\/wp-content\/uploads\/2023\/10\/Soc.-Com.-C.-Santos-contrata.jpg\" \/>\n\t<meta property=\"og:image:width\" content=\"1024\" \/>\n\t<meta property=\"og:image:height\" content=\"581\" \/>\n\t<meta property=\"og:image:type\" content=\"image\/jpeg\" \/>\n<meta name=\"author\" content=\"Reda\u00e7\u00e3o JO\" \/>\n<meta name=\"twitter:card\" content=\"summary_large_image\" \/>\n<meta name=\"twitter:creator\" content=\"@jornaloficinas\" \/>\n<meta name=\"twitter:site\" content=\"@jornaloficinas\" \/>\n<meta name=\"twitter:label1\" content=\"Escrito por\" \/>\n\t<meta name=\"twitter:data1\" content=\"Reda\u00e7\u00e3o JO\" \/>\n\t<meta name=\"twitter:label2\" content=\"Tempo estimado de leitura\" \/>\n\t<meta name=\"twitter:data2\" content=\"5 minutos\" \/>\n<script type=\"application\/ld+json\" class=\"yoast-schema-graph\">{\"@context\":\"https:\\\/\\\/schema.org\",\"@graph\":[{\"@type\":\"Article\",\"@id\":\"https:\\\/\\\/jornaldasoficinas.com\\\/pt\\\/soc-comercial-c-santos-contrata-para-pos-venda\\\/#article\",\"isPartOf\":{\"@id\":\"https:\\\/\\\/jornaldasoficinas.com\\\/pt\\\/soc-comercial-c-santos-contrata-para-pos-venda\\\/\"},\"author\":{\"name\":\"Reda\u00e7\u00e3o JO\",\"@id\":\"https:\\\/\\\/jornaldasoficinas.com\\\/pt\\\/#\\\/schema\\\/person\\\/a38eef5de2c41d9e7c9ac10141afddf3\"},\"headline\":\"Soc. Comercial C. Santos contrata para p\u00f3s-venda\",\"datePublished\":\"2023-11-14T16:00:40+00:00\",\"dateModified\":\"2023-11-17T10:57:27+00:00\",\"mainEntityOfPage\":{\"@id\":\"https:\\\/\\\/jornaldasoficinas.com\\\/pt\\\/soc-comercial-c-santos-contrata-para-pos-venda\\\/\"},\"wordCount\":818,\"publisher\":{\"@id\":\"https:\\\/\\\/jornaldasoficinas.com\\\/pt\\\/#organization\"},\"image\":{\"@id\":\"https:\\\/\\\/jornaldasoficinas.com\\\/pt\\\/soc-comercial-c-santos-contrata-para-pos-venda\\\/#primaryimage\"},\"thumbnailUrl\":\"https:\\\/\\\/jornaldasoficinas.com\\\/pt\\\/wp-content\\\/uploads\\\/2023\\\/10\\\/Soc.-Com.-C.-Santos-contrata.jpg\",\"keywords\":[\"equipa do p\u00f3s-venda\",\"Recursos humanos\",\"Soc. Comercial C. Santos\"],\"articleSection\":[\"Empresas\"],\"inLanguage\":\"pt-PT\"},{\"@type\":\"WebPage\",\"@id\":\"https:\\\/\\\/jornaldasoficinas.com\\\/pt\\\/soc-comercial-c-santos-contrata-para-pos-venda\\\/\",\"url\":\"https:\\\/\\\/jornaldasoficinas.com\\\/pt\\\/soc-comercial-c-santos-contrata-para-pos-venda\\\/\",\"name\":\"Soc. Comercial C. Santos contrata para p\u00f3s-venda - Jornal das Oficinas\",\"isPartOf\":{\"@id\":\"https:\\\/\\\/jornaldasoficinas.com\\\/pt\\\/#website\"},\"primaryImageOfPage\":{\"@id\":\"https:\\\/\\\/jornaldasoficinas.com\\\/pt\\\/soc-comercial-c-santos-contrata-para-pos-venda\\\/#primaryimage\"},\"image\":{\"@id\":\"https:\\\/\\\/jornaldasoficinas.com\\\/pt\\\/soc-comercial-c-santos-contrata-para-pos-venda\\\/#primaryimage\"},\"thumbnailUrl\":\"https:\\\/\\\/jornaldasoficinas.com\\\/pt\\\/wp-content\\\/uploads\\\/2023\\\/10\\\/Soc.-Com.-C.-Santos-contrata.jpg\",\"datePublished\":\"2023-11-14T16:00:40+00:00\",\"dateModified\":\"2023-11-17T10:57:27+00:00\",\"description\":\"A Sociedade Comercial C. Santos est\u00e1 a refor\u00e7ar equipa do p\u00f3s-venda para um total de oito fun\u00e7\u00f5es, em resultado do crescimento da atividade\",\"breadcrumb\":{\"@id\":\"https:\\\/\\\/jornaldasoficinas.com\\\/pt\\\/soc-comercial-c-santos-contrata-para-pos-venda\\\/#breadcrumb\"},\"inLanguage\":\"pt-PT\",\"potentialAction\":[{\"@type\":\"ReadAction\",\"target\":[\"https:\\\/\\\/jornaldasoficinas.com\\\/pt\\\/soc-comercial-c-santos-contrata-para-pos-venda\\\/\"]}]},{\"@type\":\"ImageObject\",\"inLanguage\":\"pt-PT\",\"@id\":\"https:\\\/\\\/jornaldasoficinas.com\\\/pt\\\/soc-comercial-c-santos-contrata-para-pos-venda\\\/#primaryimage\",\"url\":\"https:\\\/\\\/jornaldasoficinas.com\\\/pt\\\/wp-content\\\/uploads\\\/2023\\\/10\\\/Soc.-Com.-C.-Santos-contrata.jpg\",\"contentUrl\":\"https:\\\/\\\/jornaldasoficinas.com\\\/pt\\\/wp-content\\\/uploads\\\/2023\\\/10\\\/Soc.-Com.-C.-Santos-contrata.jpg\",\"width\":1024,\"height\":581,\"caption\":\"10 - Soc. Com. C. Santos contrata\"},{\"@type\":\"BreadcrumbList\",\"@id\":\"https:\\\/\\\/jornaldasoficinas.com\\\/pt\\\/soc-comercial-c-santos-contrata-para-pos-venda\\\/#breadcrumb\",\"itemListElement\":[{\"@type\":\"ListItem\",\"position\":1,\"name\":\"In\u00edcio\",\"item\":\"https:\\\/\\\/jornaldasoficinas.com\\\/pt\\\/\"},{\"@type\":\"ListItem\",\"position\":2,\"name\":\"Soc. Comercial C. Santos contrata para p\u00f3s-venda\"}]},{\"@type\":\"WebSite\",\"@id\":\"https:\\\/\\\/jornaldasoficinas.com\\\/pt\\\/#website\",\"url\":\"https:\\\/\\\/jornaldasoficinas.com\\\/pt\\\/\",\"name\":\"Jornal das Oficinas\",\"description\":\"Jornal independente do Aftermarket Autom\u00f3vel em Portugal\",\"publisher\":{\"@id\":\"https:\\\/\\\/jornaldasoficinas.com\\\/pt\\\/#organization\"},\"potentialAction\":[{\"@type\":\"SearchAction\",\"target\":{\"@type\":\"EntryPoint\",\"urlTemplate\":\"https:\\\/\\\/jornaldasoficinas.com\\\/pt\\\/?s={search_term_string}\"},\"query-input\":{\"@type\":\"PropertyValueSpecification\",\"valueRequired\":true,\"valueName\":\"search_term_string\"}}],\"inLanguage\":\"pt-PT\"},{\"@type\":\"Organization\",\"@id\":\"https:\\\/\\\/jornaldasoficinas.com\\\/pt\\\/#organization\",\"name\":\"Jornal das Oficinas\",\"url\":\"https:\\\/\\\/jornaldasoficinas.com\\\/pt\\\/\",\"logo\":{\"@type\":\"ImageObject\",\"inLanguage\":\"pt-PT\",\"@id\":\"https:\\\/\\\/jornaldasoficinas.com\\\/pt\\\/#\\\/schema\\\/logo\\\/image\\\/\",\"url\":\"https:\\\/\\\/jornaldasoficinas.com\\\/pt\\\/wp-content\\\/uploads\\\/logoJO-SEO.png\",\"contentUrl\":\"https:\\\/\\\/jornaldasoficinas.com\\\/pt\\\/wp-content\\\/uploads\\\/logoJO-SEO.png\",\"width\":285,\"height\":450,\"caption\":\"Jornal das Oficinas\"},\"image\":{\"@id\":\"https:\\\/\\\/jornaldasoficinas.com\\\/pt\\\/#\\\/schema\\\/logo\\\/image\\\/\"},\"sameAs\":[\"https:\\\/\\\/www.facebook.com\\\/jornaloficinas\",\"https:\\\/\\\/x.com\\\/jornaloficinas\",\"https:\\\/\\\/www.instagram.com\\\/jornal_oficinas\\\/\",\"https:\\\/\\\/www.linkedin.com\\\/company\\\/jornal-das-oficinas\\\/\",\"https:\\\/\\\/www.youtube.com\\\/channel\\\/UCbQZBqtcvV-oSQrr7RzINGg\"]},{\"@type\":\"Person\",\"@id\":\"https:\\\/\\\/jornaldasoficinas.com\\\/pt\\\/#\\\/schema\\\/person\\\/a38eef5de2c41d9e7c9ac10141afddf3\",\"name\":\"Reda\u00e7\u00e3o JO\",\"image\":{\"@type\":\"ImageObject\",\"inLanguage\":\"pt-PT\",\"@id\":\"https:\\\/\\\/secure.gravatar.com\\\/avatar\\\/71f2fa71737ad68a84fea94bc708ddac8ea5b0c4788dc2ad202f3ccb2887742f?s=96&d=wp_user_avatar&r=g\",\"url\":\"https:\\\/\\\/secure.gravatar.com\\\/avatar\\\/71f2fa71737ad68a84fea94bc708ddac8ea5b0c4788dc2ad202f3ccb2887742f?s=96&d=wp_user_avatar&r=g\",\"contentUrl\":\"https:\\\/\\\/secure.gravatar.com\\\/avatar\\\/71f2fa71737ad68a84fea94bc708ddac8ea5b0c4788dc2ad202f3ccb2887742f?s=96&d=wp_user_avatar&r=g\",\"caption\":\"Reda\u00e7\u00e3o JO\"},\"url\":\"https:\\\/\\\/jornaldasoficinas.com\\\/pt\\\/author\\\/joredacao\\\/\"}]}<\/script>\n<!-- \/ Yoast SEO plugin. -->","yoast_head_json":{"title":"Soc. Comercial C. Santos contrata para p\u00f3s-venda - Jornal das Oficinas","description":"A Sociedade Comercial C. Santos est\u00e1 a refor\u00e7ar equipa do p\u00f3s-venda para um total de oito fun\u00e7\u00f5es, em resultado do crescimento da atividade","robots":{"index":"index","follow":"follow","max-snippet":"max-snippet:-1","max-image-preview":"max-image-preview:large","max-video-preview":"max-video-preview:-1"},"canonical":"https:\/\/jornaldasoficinas.com\/pt\/soc-comercial-c-santos-contrata-para-pos-venda\/","og_locale":"pt_PT","og_type":"article","og_title":"Soc. Comercial C. Santos contrata para p\u00f3s-venda - Jornal das Oficinas","og_description":"A Sociedade Comercial C. Santos est\u00e1 a refor\u00e7ar equipa do p\u00f3s-venda para um total de oito fun\u00e7\u00f5es, em resultado do crescimento da atividade","og_url":"https:\/\/jornaldasoficinas.com\/pt\/soc-comercial-c-santos-contrata-para-pos-venda\/","og_site_name":"Jornal das Oficinas","article_publisher":"https:\/\/www.facebook.com\/jornaloficinas","article_published_time":"2023-11-14T16:00:40+00:00","article_modified_time":"2023-11-17T10:57:27+00:00","og_image":[{"width":1024,"height":581,"url":"https:\/\/jornaldasoficinas.com\/pt\/wp-content\/uploads\/2023\/10\/Soc.-Com.-C.-Santos-contrata.jpg","type":"image\/jpeg"}],"author":"Reda\u00e7\u00e3o JO","twitter_card":"summary_large_image","twitter_creator":"@jornaloficinas","twitter_site":"@jornaloficinas","twitter_misc":{"Escrito por":"Reda\u00e7\u00e3o JO","Tempo estimado de leitura":"5 minutos"},"schema":{"@context":"https:\/\/schema.org","@graph":[{"@type":"Article","@id":"https:\/\/jornaldasoficinas.com\/pt\/soc-comercial-c-santos-contrata-para-pos-venda\/#article","isPartOf":{"@id":"https:\/\/jornaldasoficinas.com\/pt\/soc-comercial-c-santos-contrata-para-pos-venda\/"},"author":{"name":"Reda\u00e7\u00e3o JO","@id":"https:\/\/jornaldasoficinas.com\/pt\/#\/schema\/person\/a38eef5de2c41d9e7c9ac10141afddf3"},"headline":"Soc. Comercial C. Santos contrata para p\u00f3s-venda","datePublished":"2023-11-14T16:00:40+00:00","dateModified":"2023-11-17T10:57:27+00:00","mainEntityOfPage":{"@id":"https:\/\/jornaldasoficinas.com\/pt\/soc-comercial-c-santos-contrata-para-pos-venda\/"},"wordCount":818,"publisher":{"@id":"https:\/\/jornaldasoficinas.com\/pt\/#organization"},"image":{"@id":"https:\/\/jornaldasoficinas.com\/pt\/soc-comercial-c-santos-contrata-para-pos-venda\/#primaryimage"},"thumbnailUrl":"https:\/\/jornaldasoficinas.com\/pt\/wp-content\/uploads\/2023\/10\/Soc.-Com.-C.-Santos-contrata.jpg","keywords":["equipa do p\u00f3s-venda","Recursos humanos","Soc. Comercial C. Santos"],"articleSection":["Empresas"],"inLanguage":"pt-PT"},{"@type":"WebPage","@id":"https:\/\/jornaldasoficinas.com\/pt\/soc-comercial-c-santos-contrata-para-pos-venda\/","url":"https:\/\/jornaldasoficinas.com\/pt\/soc-comercial-c-santos-contrata-para-pos-venda\/","name":"Soc. Comercial C. Santos contrata para p\u00f3s-venda - Jornal das Oficinas","isPartOf":{"@id":"https:\/\/jornaldasoficinas.com\/pt\/#website"},"primaryImageOfPage":{"@id":"https:\/\/jornaldasoficinas.com\/pt\/soc-comercial-c-santos-contrata-para-pos-venda\/#primaryimage"},"image":{"@id":"https:\/\/jornaldasoficinas.com\/pt\/soc-comercial-c-santos-contrata-para-pos-venda\/#primaryimage"},"thumbnailUrl":"https:\/\/jornaldasoficinas.com\/pt\/wp-content\/uploads\/2023\/10\/Soc.-Com.-C.-Santos-contrata.jpg","datePublished":"2023-11-14T16:00:40+00:00","dateModified":"2023-11-17T10:57:27+00:00","description":"A Sociedade Comercial C. Santos est\u00e1 a refor\u00e7ar equipa do p\u00f3s-venda para um total de oito fun\u00e7\u00f5es, em resultado do crescimento da atividade","breadcrumb":{"@id":"https:\/\/jornaldasoficinas.com\/pt\/soc-comercial-c-santos-contrata-para-pos-venda\/#breadcrumb"},"inLanguage":"pt-PT","potentialAction":[{"@type":"ReadAction","target":["https:\/\/jornaldasoficinas.com\/pt\/soc-comercial-c-santos-contrata-para-pos-venda\/"]}]},{"@type":"ImageObject","inLanguage":"pt-PT","@id":"https:\/\/jornaldasoficinas.com\/pt\/soc-comercial-c-santos-contrata-para-pos-venda\/#primaryimage","url":"https:\/\/jornaldasoficinas.com\/pt\/wp-content\/uploads\/2023\/10\/Soc.-Com.-C.-Santos-contrata.jpg","contentUrl":"https:\/\/jornaldasoficinas.com\/pt\/wp-content\/uploads\/2023\/10\/Soc.-Com.-C.-Santos-contrata.jpg","width":1024,"height":581,"caption":"10 - Soc. Com. C. Santos contrata"},{"@type":"BreadcrumbList","@id":"https:\/\/jornaldasoficinas.com\/pt\/soc-comercial-c-santos-contrata-para-pos-venda\/#breadcrumb","itemListElement":[{"@type":"ListItem","position":1,"name":"In\u00edcio","item":"https:\/\/jornaldasoficinas.com\/pt\/"},{"@type":"ListItem","position":2,"name":"Soc. Comercial C. Santos contrata para p\u00f3s-venda"}]},{"@type":"WebSite","@id":"https:\/\/jornaldasoficinas.com\/pt\/#website","url":"https:\/\/jornaldasoficinas.com\/pt\/","name":"Jornal das Oficinas","description":"Jornal independente do Aftermarket Autom\u00f3vel em Portugal","publisher":{"@id":"https:\/\/jornaldasoficinas.com\/pt\/#organization"},"potentialAction":[{"@type":"SearchAction","target":{"@type":"EntryPoint","urlTemplate":"https:\/\/jornaldasoficinas.com\/pt\/?s={search_term_string}"},"query-input":{"@type":"PropertyValueSpecification","valueRequired":true,"valueName":"search_term_string"}}],"inLanguage":"pt-PT"},{"@type":"Organization","@id":"https:\/\/jornaldasoficinas.com\/pt\/#organization","name":"Jornal das Oficinas","url":"https:\/\/jornaldasoficinas.com\/pt\/","logo":{"@type":"ImageObject","inLanguage":"pt-PT","@id":"https:\/\/jornaldasoficinas.com\/pt\/#\/schema\/logo\/image\/","url":"https:\/\/jornaldasoficinas.com\/pt\/wp-content\/uploads\/logoJO-SEO.png","contentUrl":"https:\/\/jornaldasoficinas.com\/pt\/wp-content\/uploads\/logoJO-SEO.png","width":285,"height":450,"caption":"Jornal das Oficinas"},"image":{"@id":"https:\/\/jornaldasoficinas.com\/pt\/#\/schema\/logo\/image\/"},"sameAs":["https:\/\/www.facebook.com\/jornaloficinas","https:\/\/x.com\/jornaloficinas","https:\/\/www.instagram.com\/jornal_oficinas\/","https:\/\/www.linkedin.com\/company\/jornal-das-oficinas\/","https:\/\/www.youtube.com\/channel\/UCbQZBqtcvV-oSQrr7RzINGg"]},{"@type":"Person","@id":"https:\/\/jornaldasoficinas.com\/pt\/#\/schema\/person\/a38eef5de2c41d9e7c9ac10141afddf3","name":"Reda\u00e7\u00e3o JO","image":{"@type":"ImageObject","inLanguage":"pt-PT","@id":"https:\/\/secure.gravatar.com\/avatar\/71f2fa71737ad68a84fea94bc708ddac8ea5b0c4788dc2ad202f3ccb2887742f?s=96&d=wp_user_avatar&r=g","url":"https:\/\/secure.gravatar.com\/avatar\/71f2fa71737ad68a84fea94bc708ddac8ea5b0c4788dc2ad202f3ccb2887742f?s=96&d=wp_user_avatar&r=g","contentUrl":"https:\/\/secure.gravatar.com\/avatar\/71f2fa71737ad68a84fea94bc708ddac8ea5b0c4788dc2ad202f3ccb2887742f?s=96&d=wp_user_avatar&r=g","caption":"Reda\u00e7\u00e3o JO"},"url":"https:\/\/jornaldasoficinas.com\/pt\/author\/joredacao\/"}]}},"_links":{"self":[{"href":"https:\/\/jornaldasoficinas.com\/pt\/wp-json\/wp\/v2\/posts\/74630","targetHints":{"allow":["GET"]}}],"collection":[{"href":"https:\/\/jornaldasoficinas.com\/pt\/wp-json\/wp\/v2\/posts"}],"about":[{"href":"https:\/\/jornaldasoficinas.com\/pt\/wp-json\/wp\/v2\/types\/post"}],"author":[{"embeddable":true,"href":"https:\/\/jornaldasoficinas.com\/pt\/wp-json\/wp\/v2\/users\/15"}],"replies":[{"embeddable":true,"href":"https:\/\/jornaldasoficinas.com\/pt\/wp-json\/wp\/v2\/comments?post=74630"}],"version-history":[{"count":0,"href":"https:\/\/jornaldasoficinas.com\/pt\/wp-json\/wp\/v2\/posts\/74630\/revisions"}],"wp:featuredmedia":[{"embeddable":true,"href":"https:\/\/jornaldasoficinas.com\/pt\/wp-json\/wp\/v2\/media\/74614"}],"wp:attachment":[{"href":"https:\/\/jornaldasoficinas.com\/pt\/wp-json\/wp\/v2\/media?parent=74630"}],"wp:term":[{"taxonomy":"category","embeddable":true,"href":"https:\/\/jornaldasoficinas.com\/pt\/wp-json\/wp\/v2\/categories?post=74630"},{"taxonomy":"post_tag","embeddable":true,"href":"https:\/\/jornaldasoficinas.com\/pt\/wp-json\/wp\/v2\/tags?post=74630"}],"curies":[{"name":"wp","href":"https:\/\/api.w.org\/{rel}","templated":true}]}}