{"id":74651,"date":"2023-11-14T18:00:37","date_gmt":"2023-11-14T18:00:37","guid":{"rendered":"https:\/\/jornaldasoficinas.com\/pt\/?p=74651"},"modified":"2023-11-14T12:31:56","modified_gmt":"2023-11-14T12:31:56","slug":"akzonobel-lanca-desafio-24-horas-para-reducao-de-carbono","status":"publish","type":"post","link":"https:\/\/jornaldasoficinas.com\/pt\/akzonobel-lanca-desafio-24-horas-para-reducao-de-carbono\/","title":{"rendered":"AkzoNobel lan\u00e7a desafio 24 horas para redu\u00e7\u00e3o de carbono"},"content":{"rendered":"<p><img loading=\"lazy\" decoding=\"async\" class=\"alignnone size-full wp-image-74605\" src=\"https:\/\/jornaldasoficinas.com\/pt\/wp-content\/uploads\/2023\/10\/AkzoNobel-lanca-desafio.jpg\" alt=\"10 - AkzoNobel lanca desafio\" width=\"1024\" height=\"581\" srcset=\"https:\/\/jornaldasoficinas.com\/pt\/wp-content\/uploads\/2023\/10\/AkzoNobel-lanca-desafio.jpg 1024w, https:\/\/jornaldasoficinas.com\/pt\/wp-content\/uploads\/2023\/10\/AkzoNobel-lanca-desafio-300x170.jpg 300w, https:\/\/jornaldasoficinas.com\/pt\/wp-content\/uploads\/2023\/10\/AkzoNobel-lanca-desafio-150x85.jpg 150w, https:\/\/jornaldasoficinas.com\/pt\/wp-content\/uploads\/2023\/10\/AkzoNobel-lanca-desafio-768x436.jpg 768w\" sizes=\"auto, (max-width: 1024px) 100vw, 1024px\" \/><\/p>\n<p><strong>Uma iniciativa revolucion\u00e1ria da <a href=\"https:\/\/www.akzonobel.com\/\" target=\"_blank\" rel=\"noopener\">AkzoNobel<\/a> para reduzir a pegada de carbono coletiva da ind\u00fastria de repara\u00e7\u00e3o de ve\u00edculos ter\u00e1 lugar em novembro.<\/strong><\/p>\n<p>O Desafio de Sustentabilidade da Repara\u00e7\u00e3o de Ve\u00edculos (VR) re\u00fane parceiros estrat\u00e9gicos de toda a cadeia de valor da repara\u00e7\u00e3o de ve\u00edculos, incluindo companhias de seguros, empresas de frotas e de aluguer, oficinas e fabricantes de equipamento original (OEM).<\/p>\n<p>O evento de 24 horas ter\u00e1 lugar em Amesterd\u00e3o, de 21 a 22 de novembro. \u00c9 o mais recente desafio de inova\u00e7\u00e3o colaborativa lan\u00e7ado como parte do programa Paint the Future da AkzoNobel, que visa desenvolver uma abordagem partilhada para combater as altera\u00e7\u00f5es clim\u00e1ticas.<\/p>\n<p>O objetivo da empresa \u00e9 que, ao ultrapassar o pensamento linear com os seus parceiros, se crie transpar\u00eancia em toda a cadeia de valor. Isto ajudar\u00e1 a identificar barreiras e a definir poss\u00edveis solu\u00e7\u00f5es para acelerar a redu\u00e7\u00e3o da pegada de carbono no sector da repara\u00e7\u00e3o de ve\u00edculos.<\/p>\n<p>&#8220;A colabora\u00e7\u00e3o desempenhar\u00e1 um papel fundamental para ajudar a salvaguardar o nosso mundo muito para al\u00e9m do futuro&#8221;, explica Patrick Bourguignon, Diretor do neg\u00f3cio Automotive and Specialty Coatings da AkzoNobel. &#8220;Trata-se de unir for\u00e7as para podermos ultrapassar os limites e encontrar formas inventivas de contribuir positivamente para um mundo em constante mudan\u00e7a. Ao investirmos 24 horas, esfor\u00e7ar-nos-emos por acelerar coletivamente o progresso no sentido de reduzir a nossa pegada de carbono. Aguardo com expetativa o resultado&#8221;.<\/p>\n<p><strong>O Desafio de Sustentabilidade VR centrar-se-\u00e1 em tr\u00eas t\u00f3picos:<\/strong><\/p>\n<p>&#8211; Transi\u00e7\u00e3o energ\u00e9tica &#8211; permitir uma descarboniza\u00e7\u00e3o mais r\u00e1pida da ind\u00fastria de repara\u00e7\u00e3o de ve\u00edculos \u00e0 medida que esta transita para fontes de energia renov\u00e1veis<\/p>\n<p>&#8211; Efici\u00eancia dos processos &#8211; introduzir melhorias fundamentais em todo o sector<\/p>\n<p>&#8211; Solu\u00e7\u00f5es circulares &#8211; aumentar a utiliza\u00e7\u00e3o circular de materiais em toda a cadeia de valor<\/p>\n<p>&#8220;Todos t\u00eam um papel a desempenhar na redu\u00e7\u00e3o da nossa pegada de carbono e a colabora\u00e7\u00e3o \u00e9 vital se quisermos fazer isto acontecer e alcan\u00e7ar as nossas ambi\u00e7\u00f5es&#8221;, afirma Wijnand Bruinsma, Diretor de Sustentabilidade da AkzoNobel.<\/p>\n<p>&#8220;Ao reunirmos as pessoas e promovermos discuss\u00f5es colaborativas neste desafio, esperamos suscitar ideias inovadoras para solu\u00e7\u00f5es que far\u00e3o uma diferen\u00e7a real na nossa pegada de carbono coletiva. Em \u00faltima an\u00e1lise, isto tamb\u00e9m ajudar\u00e1 a criar transpar\u00eancia e a avan\u00e7ar para o nosso objetivo baseado na ci\u00eancia de alcan\u00e7ar uma redu\u00e7\u00e3o de 50% nas emiss\u00f5es de carbono, tanto nas nossas pr\u00f3prias opera\u00e7\u00f5es como em toda a cadeia de valor.&#8221;<\/p>\n<p>Lan\u00e7ado em 2019, o Paint the Future estabeleceu um forte ecossistema de inova\u00e7\u00e3o colaborativa com startups, fornecedores, clientes e outros parceiros da cadeia de valor. Seus desafios e ampla variedade de programas revolucionaram a inova\u00e7\u00e3o sustent\u00e1vel na ind\u00fastria de tintas e revestimentos.<\/p>\n<p>Para obter mais informa\u00e7\u00f5es sobre o Desafio de Sustentabilidade VR, clique <a href=\"http:\/\/www.letspaintthefuture.com\" target=\"_blank\" rel=\"noopener\">aqui<\/a>.<\/p>\n","protected":false},"excerpt":{"rendered":"<p>Uma iniciativa revolucion\u00e1ria da AkzoNobel para reduzir a pegada de carbono coletiva da ind\u00fastria de repara\u00e7\u00e3o de ve\u00edculos ter\u00e1 lugar em novembro #jornaldasoficinas #akzonobel #repointura #pegadadecarbono #reparacaodeveiculos  #aftermarket #posvenda #oficinasauto #automoveis #apcom<\/p>\n","protected":false},"author":15,"featured_media":74605,"comment_status":"closed","ping_status":"closed","sticky":false,"template":"","format":"standard","meta":{"footnotes":""},"categories":[2],"tags":[115,4966,6621,148],"class_list":["post-74651","post","type-post","status-publish","format-standard","has-post-thumbnail","hentry","category-repintura","tag-akzonobel","tag-pegada-de-carbono","tag-reparacao-de-veiculos","tag-repintura"],"yoast_head":"<!-- This site is optimized with the Yoast SEO plugin v27.4 - https:\/\/yoast.com\/product\/yoast-seo-wordpress\/ -->\n<title>AkzoNobel lan\u00e7a desafio 24 horas para redu\u00e7\u00e3o de carbono - Jornal das Oficinas<\/title>\n<meta name=\"description\" content=\"Uma iniciativa revolucion\u00e1ria da AkzoNobel para reduzir a pegada de carbono coletiva da ind\u00fastria de repara\u00e7\u00e3o de ve\u00edculos ser\u00e1 em novembro\" \/>\n<meta name=\"robots\" content=\"index, follow, max-snippet:-1, max-image-preview:large, max-video-preview:-1\" \/>\n<link rel=\"canonical\" href=\"https:\/\/jornaldasoficinas.com\/pt\/akzonobel-lanca-desafio-24-horas-para-reducao-de-carbono\/\" \/>\n<meta property=\"og:locale\" content=\"pt_PT\" \/>\n<meta property=\"og:type\" content=\"article\" \/>\n<meta property=\"og:title\" content=\"AkzoNobel lan\u00e7a desafio 24 horas para redu\u00e7\u00e3o de carbono - Jornal das Oficinas\" \/>\n<meta property=\"og:description\" content=\"Uma iniciativa revolucion\u00e1ria da AkzoNobel para reduzir a pegada de carbono coletiva da ind\u00fastria de repara\u00e7\u00e3o de ve\u00edculos ser\u00e1 em novembro\" \/>\n<meta property=\"og:url\" content=\"https:\/\/jornaldasoficinas.com\/pt\/akzonobel-lanca-desafio-24-horas-para-reducao-de-carbono\/\" \/>\n<meta property=\"og:site_name\" content=\"Jornal das Oficinas\" \/>\n<meta property=\"article:publisher\" content=\"https:\/\/www.facebook.com\/jornaloficinas\" \/>\n<meta property=\"article:published_time\" content=\"2023-11-14T18:00:37+00:00\" \/>\n<meta property=\"og:image\" content=\"https:\/\/jornaldasoficinas.com\/pt\/wp-content\/uploads\/2023\/10\/AkzoNobel-lanca-desafio.jpg\" \/>\n\t<meta property=\"og:image:width\" content=\"1024\" \/>\n\t<meta property=\"og:image:height\" content=\"581\" \/>\n\t<meta property=\"og:image:type\" content=\"image\/jpeg\" \/>\n<meta name=\"author\" content=\"Reda\u00e7\u00e3o JO\" \/>\n<meta name=\"twitter:card\" content=\"summary_large_image\" \/>\n<meta name=\"twitter:creator\" content=\"@jornaloficinas\" \/>\n<meta name=\"twitter:site\" content=\"@jornaloficinas\" \/>\n<meta name=\"twitter:label1\" content=\"Escrito por\" \/>\n\t<meta name=\"twitter:data1\" content=\"Reda\u00e7\u00e3o JO\" \/>\n\t<meta name=\"twitter:label2\" content=\"Tempo estimado de leitura\" \/>\n\t<meta name=\"twitter:data2\" content=\"3 minutos\" \/>\n<script type=\"application\/ld+json\" class=\"yoast-schema-graph\">{\"@context\":\"https:\\\/\\\/schema.org\",\"@graph\":[{\"@type\":\"Article\",\"@id\":\"https:\\\/\\\/jornaldasoficinas.com\\\/pt\\\/akzonobel-lanca-desafio-24-horas-para-reducao-de-carbono\\\/#article\",\"isPartOf\":{\"@id\":\"https:\\\/\\\/jornaldasoficinas.com\\\/pt\\\/akzonobel-lanca-desafio-24-horas-para-reducao-de-carbono\\\/\"},\"author\":{\"name\":\"Reda\u00e7\u00e3o JO\",\"@id\":\"https:\\\/\\\/jornaldasoficinas.com\\\/pt\\\/#\\\/schema\\\/person\\\/a38eef5de2c41d9e7c9ac10141afddf3\"},\"headline\":\"AkzoNobel lan\u00e7a desafio 24 horas para redu\u00e7\u00e3o de carbono\",\"datePublished\":\"2023-11-14T18:00:37+00:00\",\"mainEntityOfPage\":{\"@id\":\"https:\\\/\\\/jornaldasoficinas.com\\\/pt\\\/akzonobel-lanca-desafio-24-horas-para-reducao-de-carbono\\\/\"},\"wordCount\":514,\"publisher\":{\"@id\":\"https:\\\/\\\/jornaldasoficinas.com\\\/pt\\\/#organization\"},\"image\":{\"@id\":\"https:\\\/\\\/jornaldasoficinas.com\\\/pt\\\/akzonobel-lanca-desafio-24-horas-para-reducao-de-carbono\\\/#primaryimage\"},\"thumbnailUrl\":\"https:\\\/\\\/jornaldasoficinas.com\\\/pt\\\/wp-content\\\/uploads\\\/2023\\\/10\\\/AkzoNobel-lanca-desafio.jpg\",\"keywords\":[\"AkzoNobel\",\"pegada de carbono\",\"repara\u00e7\u00e3o de ve\u00edculos\",\"Repintura\"],\"articleSection\":[\"Repintura\"],\"inLanguage\":\"pt-PT\"},{\"@type\":\"WebPage\",\"@id\":\"https:\\\/\\\/jornaldasoficinas.com\\\/pt\\\/akzonobel-lanca-desafio-24-horas-para-reducao-de-carbono\\\/\",\"url\":\"https:\\\/\\\/jornaldasoficinas.com\\\/pt\\\/akzonobel-lanca-desafio-24-horas-para-reducao-de-carbono\\\/\",\"name\":\"AkzoNobel lan\u00e7a desafio 24 horas para redu\u00e7\u00e3o de carbono - Jornal das Oficinas\",\"isPartOf\":{\"@id\":\"https:\\\/\\\/jornaldasoficinas.com\\\/pt\\\/#website\"},\"primaryImageOfPage\":{\"@id\":\"https:\\\/\\\/jornaldasoficinas.com\\\/pt\\\/akzonobel-lanca-desafio-24-horas-para-reducao-de-carbono\\\/#primaryimage\"},\"image\":{\"@id\":\"https:\\\/\\\/jornaldasoficinas.com\\\/pt\\\/akzonobel-lanca-desafio-24-horas-para-reducao-de-carbono\\\/#primaryimage\"},\"thumbnailUrl\":\"https:\\\/\\\/jornaldasoficinas.com\\\/pt\\\/wp-content\\\/uploads\\\/2023\\\/10\\\/AkzoNobel-lanca-desafio.jpg\",\"datePublished\":\"2023-11-14T18:00:37+00:00\",\"description\":\"Uma iniciativa revolucion\u00e1ria da AkzoNobel para reduzir a pegada de carbono coletiva da ind\u00fastria de repara\u00e7\u00e3o de ve\u00edculos ser\u00e1 em novembro\",\"breadcrumb\":{\"@id\":\"https:\\\/\\\/jornaldasoficinas.com\\\/pt\\\/akzonobel-lanca-desafio-24-horas-para-reducao-de-carbono\\\/#breadcrumb\"},\"inLanguage\":\"pt-PT\",\"potentialAction\":[{\"@type\":\"ReadAction\",\"target\":[\"https:\\\/\\\/jornaldasoficinas.com\\\/pt\\\/akzonobel-lanca-desafio-24-horas-para-reducao-de-carbono\\\/\"]}]},{\"@type\":\"ImageObject\",\"inLanguage\":\"pt-PT\",\"@id\":\"https:\\\/\\\/jornaldasoficinas.com\\\/pt\\\/akzonobel-lanca-desafio-24-horas-para-reducao-de-carbono\\\/#primaryimage\",\"url\":\"https:\\\/\\\/jornaldasoficinas.com\\\/pt\\\/wp-content\\\/uploads\\\/2023\\\/10\\\/AkzoNobel-lanca-desafio.jpg\",\"contentUrl\":\"https:\\\/\\\/jornaldasoficinas.com\\\/pt\\\/wp-content\\\/uploads\\\/2023\\\/10\\\/AkzoNobel-lanca-desafio.jpg\",\"width\":1024,\"height\":581,\"caption\":\"10 - AkzoNobel lanca desafio\"},{\"@type\":\"BreadcrumbList\",\"@id\":\"https:\\\/\\\/jornaldasoficinas.com\\\/pt\\\/akzonobel-lanca-desafio-24-horas-para-reducao-de-carbono\\\/#breadcrumb\",\"itemListElement\":[{\"@type\":\"ListItem\",\"position\":1,\"name\":\"In\u00edcio\",\"item\":\"https:\\\/\\\/jornaldasoficinas.com\\\/pt\\\/\"},{\"@type\":\"ListItem\",\"position\":2,\"name\":\"AkzoNobel lan\u00e7a desafio 24 horas para redu\u00e7\u00e3o de carbono\"}]},{\"@type\":\"WebSite\",\"@id\":\"https:\\\/\\\/jornaldasoficinas.com\\\/pt\\\/#website\",\"url\":\"https:\\\/\\\/jornaldasoficinas.com\\\/pt\\\/\",\"name\":\"Jornal das Oficinas\",\"description\":\"Jornal independente do Aftermarket Autom\u00f3vel em Portugal\",\"publisher\":{\"@id\":\"https:\\\/\\\/jornaldasoficinas.com\\\/pt\\\/#organization\"},\"potentialAction\":[{\"@type\":\"SearchAction\",\"target\":{\"@type\":\"EntryPoint\",\"urlTemplate\":\"https:\\\/\\\/jornaldasoficinas.com\\\/pt\\\/?s={search_term_string}\"},\"query-input\":{\"@type\":\"PropertyValueSpecification\",\"valueRequired\":true,\"valueName\":\"search_term_string\"}}],\"inLanguage\":\"pt-PT\"},{\"@type\":\"Organization\",\"@id\":\"https:\\\/\\\/jornaldasoficinas.com\\\/pt\\\/#organization\",\"name\":\"Jornal das Oficinas\",\"url\":\"https:\\\/\\\/jornaldasoficinas.com\\\/pt\\\/\",\"logo\":{\"@type\":\"ImageObject\",\"inLanguage\":\"pt-PT\",\"@id\":\"https:\\\/\\\/jornaldasoficinas.com\\\/pt\\\/#\\\/schema\\\/logo\\\/image\\\/\",\"url\":\"https:\\\/\\\/jornaldasoficinas.com\\\/pt\\\/wp-content\\\/uploads\\\/logoJO-SEO.png\",\"contentUrl\":\"https:\\\/\\\/jornaldasoficinas.com\\\/pt\\\/wp-content\\\/uploads\\\/logoJO-SEO.png\",\"width\":285,\"height\":450,\"caption\":\"Jornal das Oficinas\"},\"image\":{\"@id\":\"https:\\\/\\\/jornaldasoficinas.com\\\/pt\\\/#\\\/schema\\\/logo\\\/image\\\/\"},\"sameAs\":[\"https:\\\/\\\/www.facebook.com\\\/jornaloficinas\",\"https:\\\/\\\/x.com\\\/jornaloficinas\",\"https:\\\/\\\/www.instagram.com\\\/jornal_oficinas\\\/\",\"https:\\\/\\\/www.linkedin.com\\\/company\\\/jornal-das-oficinas\\\/\",\"https:\\\/\\\/www.youtube.com\\\/channel\\\/UCbQZBqtcvV-oSQrr7RzINGg\"]},{\"@type\":\"Person\",\"@id\":\"https:\\\/\\\/jornaldasoficinas.com\\\/pt\\\/#\\\/schema\\\/person\\\/a38eef5de2c41d9e7c9ac10141afddf3\",\"name\":\"Reda\u00e7\u00e3o JO\",\"image\":{\"@type\":\"ImageObject\",\"inLanguage\":\"pt-PT\",\"@id\":\"https:\\\/\\\/secure.gravatar.com\\\/avatar\\\/71f2fa71737ad68a84fea94bc708ddac8ea5b0c4788dc2ad202f3ccb2887742f?s=96&d=wp_user_avatar&r=g\",\"url\":\"https:\\\/\\\/secure.gravatar.com\\\/avatar\\\/71f2fa71737ad68a84fea94bc708ddac8ea5b0c4788dc2ad202f3ccb2887742f?s=96&d=wp_user_avatar&r=g\",\"contentUrl\":\"https:\\\/\\\/secure.gravatar.com\\\/avatar\\\/71f2fa71737ad68a84fea94bc708ddac8ea5b0c4788dc2ad202f3ccb2887742f?s=96&d=wp_user_avatar&r=g\",\"caption\":\"Reda\u00e7\u00e3o JO\"},\"url\":\"https:\\\/\\\/jornaldasoficinas.com\\\/pt\\\/author\\\/joredacao\\\/\"}]}<\/script>\n<!-- \/ Yoast SEO plugin. -->","yoast_head_json":{"title":"AkzoNobel lan\u00e7a desafio 24 horas para redu\u00e7\u00e3o de carbono - Jornal das Oficinas","description":"Uma iniciativa revolucion\u00e1ria da AkzoNobel para reduzir a pegada de carbono coletiva da ind\u00fastria de repara\u00e7\u00e3o de ve\u00edculos ser\u00e1 em novembro","robots":{"index":"index","follow":"follow","max-snippet":"max-snippet:-1","max-image-preview":"max-image-preview:large","max-video-preview":"max-video-preview:-1"},"canonical":"https:\/\/jornaldasoficinas.com\/pt\/akzonobel-lanca-desafio-24-horas-para-reducao-de-carbono\/","og_locale":"pt_PT","og_type":"article","og_title":"AkzoNobel lan\u00e7a desafio 24 horas para redu\u00e7\u00e3o de carbono - Jornal das Oficinas","og_description":"Uma iniciativa revolucion\u00e1ria da AkzoNobel para reduzir a pegada de carbono coletiva da ind\u00fastria de repara\u00e7\u00e3o de ve\u00edculos ser\u00e1 em novembro","og_url":"https:\/\/jornaldasoficinas.com\/pt\/akzonobel-lanca-desafio-24-horas-para-reducao-de-carbono\/","og_site_name":"Jornal das Oficinas","article_publisher":"https:\/\/www.facebook.com\/jornaloficinas","article_published_time":"2023-11-14T18:00:37+00:00","og_image":[{"width":1024,"height":581,"url":"https:\/\/jornaldasoficinas.com\/pt\/wp-content\/uploads\/2023\/10\/AkzoNobel-lanca-desafio.jpg","type":"image\/jpeg"}],"author":"Reda\u00e7\u00e3o JO","twitter_card":"summary_large_image","twitter_creator":"@jornaloficinas","twitter_site":"@jornaloficinas","twitter_misc":{"Escrito por":"Reda\u00e7\u00e3o JO","Tempo estimado de leitura":"3 minutos"},"schema":{"@context":"https:\/\/schema.org","@graph":[{"@type":"Article","@id":"https:\/\/jornaldasoficinas.com\/pt\/akzonobel-lanca-desafio-24-horas-para-reducao-de-carbono\/#article","isPartOf":{"@id":"https:\/\/jornaldasoficinas.com\/pt\/akzonobel-lanca-desafio-24-horas-para-reducao-de-carbono\/"},"author":{"name":"Reda\u00e7\u00e3o JO","@id":"https:\/\/jornaldasoficinas.com\/pt\/#\/schema\/person\/a38eef5de2c41d9e7c9ac10141afddf3"},"headline":"AkzoNobel lan\u00e7a desafio 24 horas para redu\u00e7\u00e3o de carbono","datePublished":"2023-11-14T18:00:37+00:00","mainEntityOfPage":{"@id":"https:\/\/jornaldasoficinas.com\/pt\/akzonobel-lanca-desafio-24-horas-para-reducao-de-carbono\/"},"wordCount":514,"publisher":{"@id":"https:\/\/jornaldasoficinas.com\/pt\/#organization"},"image":{"@id":"https:\/\/jornaldasoficinas.com\/pt\/akzonobel-lanca-desafio-24-horas-para-reducao-de-carbono\/#primaryimage"},"thumbnailUrl":"https:\/\/jornaldasoficinas.com\/pt\/wp-content\/uploads\/2023\/10\/AkzoNobel-lanca-desafio.jpg","keywords":["AkzoNobel","pegada de carbono","repara\u00e7\u00e3o de ve\u00edculos","Repintura"],"articleSection":["Repintura"],"inLanguage":"pt-PT"},{"@type":"WebPage","@id":"https:\/\/jornaldasoficinas.com\/pt\/akzonobel-lanca-desafio-24-horas-para-reducao-de-carbono\/","url":"https:\/\/jornaldasoficinas.com\/pt\/akzonobel-lanca-desafio-24-horas-para-reducao-de-carbono\/","name":"AkzoNobel lan\u00e7a desafio 24 horas para redu\u00e7\u00e3o de carbono - Jornal das Oficinas","isPartOf":{"@id":"https:\/\/jornaldasoficinas.com\/pt\/#website"},"primaryImageOfPage":{"@id":"https:\/\/jornaldasoficinas.com\/pt\/akzonobel-lanca-desafio-24-horas-para-reducao-de-carbono\/#primaryimage"},"image":{"@id":"https:\/\/jornaldasoficinas.com\/pt\/akzonobel-lanca-desafio-24-horas-para-reducao-de-carbono\/#primaryimage"},"thumbnailUrl":"https:\/\/jornaldasoficinas.com\/pt\/wp-content\/uploads\/2023\/10\/AkzoNobel-lanca-desafio.jpg","datePublished":"2023-11-14T18:00:37+00:00","description":"Uma iniciativa revolucion\u00e1ria da AkzoNobel para reduzir a pegada de carbono coletiva da ind\u00fastria de repara\u00e7\u00e3o de ve\u00edculos ser\u00e1 em novembro","breadcrumb":{"@id":"https:\/\/jornaldasoficinas.com\/pt\/akzonobel-lanca-desafio-24-horas-para-reducao-de-carbono\/#breadcrumb"},"inLanguage":"pt-PT","potentialAction":[{"@type":"ReadAction","target":["https:\/\/jornaldasoficinas.com\/pt\/akzonobel-lanca-desafio-24-horas-para-reducao-de-carbono\/"]}]},{"@type":"ImageObject","inLanguage":"pt-PT","@id":"https:\/\/jornaldasoficinas.com\/pt\/akzonobel-lanca-desafio-24-horas-para-reducao-de-carbono\/#primaryimage","url":"https:\/\/jornaldasoficinas.com\/pt\/wp-content\/uploads\/2023\/10\/AkzoNobel-lanca-desafio.jpg","contentUrl":"https:\/\/jornaldasoficinas.com\/pt\/wp-content\/uploads\/2023\/10\/AkzoNobel-lanca-desafio.jpg","width":1024,"height":581,"caption":"10 - AkzoNobel lanca desafio"},{"@type":"BreadcrumbList","@id":"https:\/\/jornaldasoficinas.com\/pt\/akzonobel-lanca-desafio-24-horas-para-reducao-de-carbono\/#breadcrumb","itemListElement":[{"@type":"ListItem","position":1,"name":"In\u00edcio","item":"https:\/\/jornaldasoficinas.com\/pt\/"},{"@type":"ListItem","position":2,"name":"AkzoNobel lan\u00e7a desafio 24 horas para redu\u00e7\u00e3o de carbono"}]},{"@type":"WebSite","@id":"https:\/\/jornaldasoficinas.com\/pt\/#website","url":"https:\/\/jornaldasoficinas.com\/pt\/","name":"Jornal das Oficinas","description":"Jornal independente do Aftermarket Autom\u00f3vel em Portugal","publisher":{"@id":"https:\/\/jornaldasoficinas.com\/pt\/#organization"},"potentialAction":[{"@type":"SearchAction","target":{"@type":"EntryPoint","urlTemplate":"https:\/\/jornaldasoficinas.com\/pt\/?s={search_term_string}"},"query-input":{"@type":"PropertyValueSpecification","valueRequired":true,"valueName":"search_term_string"}}],"inLanguage":"pt-PT"},{"@type":"Organization","@id":"https:\/\/jornaldasoficinas.com\/pt\/#organization","name":"Jornal das Oficinas","url":"https:\/\/jornaldasoficinas.com\/pt\/","logo":{"@type":"ImageObject","inLanguage":"pt-PT","@id":"https:\/\/jornaldasoficinas.com\/pt\/#\/schema\/logo\/image\/","url":"https:\/\/jornaldasoficinas.com\/pt\/wp-content\/uploads\/logoJO-SEO.png","contentUrl":"https:\/\/jornaldasoficinas.com\/pt\/wp-content\/uploads\/logoJO-SEO.png","width":285,"height":450,"caption":"Jornal das Oficinas"},"image":{"@id":"https:\/\/jornaldasoficinas.com\/pt\/#\/schema\/logo\/image\/"},"sameAs":["https:\/\/www.facebook.com\/jornaloficinas","https:\/\/x.com\/jornaloficinas","https:\/\/www.instagram.com\/jornal_oficinas\/","https:\/\/www.linkedin.com\/company\/jornal-das-oficinas\/","https:\/\/www.youtube.com\/channel\/UCbQZBqtcvV-oSQrr7RzINGg"]},{"@type":"Person","@id":"https:\/\/jornaldasoficinas.com\/pt\/#\/schema\/person\/a38eef5de2c41d9e7c9ac10141afddf3","name":"Reda\u00e7\u00e3o JO","image":{"@type":"ImageObject","inLanguage":"pt-PT","@id":"https:\/\/secure.gravatar.com\/avatar\/71f2fa71737ad68a84fea94bc708ddac8ea5b0c4788dc2ad202f3ccb2887742f?s=96&d=wp_user_avatar&r=g","url":"https:\/\/secure.gravatar.com\/avatar\/71f2fa71737ad68a84fea94bc708ddac8ea5b0c4788dc2ad202f3ccb2887742f?s=96&d=wp_user_avatar&r=g","contentUrl":"https:\/\/secure.gravatar.com\/avatar\/71f2fa71737ad68a84fea94bc708ddac8ea5b0c4788dc2ad202f3ccb2887742f?s=96&d=wp_user_avatar&r=g","caption":"Reda\u00e7\u00e3o JO"},"url":"https:\/\/jornaldasoficinas.com\/pt\/author\/joredacao\/"}]}},"_links":{"self":[{"href":"https:\/\/jornaldasoficinas.com\/pt\/wp-json\/wp\/v2\/posts\/74651","targetHints":{"allow":["GET"]}}],"collection":[{"href":"https:\/\/jornaldasoficinas.com\/pt\/wp-json\/wp\/v2\/posts"}],"about":[{"href":"https:\/\/jornaldasoficinas.com\/pt\/wp-json\/wp\/v2\/types\/post"}],"author":[{"embeddable":true,"href":"https:\/\/jornaldasoficinas.com\/pt\/wp-json\/wp\/v2\/users\/15"}],"replies":[{"embeddable":true,"href":"https:\/\/jornaldasoficinas.com\/pt\/wp-json\/wp\/v2\/comments?post=74651"}],"version-history":[{"count":0,"href":"https:\/\/jornaldasoficinas.com\/pt\/wp-json\/wp\/v2\/posts\/74651\/revisions"}],"wp:featuredmedia":[{"embeddable":true,"href":"https:\/\/jornaldasoficinas.com\/pt\/wp-json\/wp\/v2\/media\/74605"}],"wp:attachment":[{"href":"https:\/\/jornaldasoficinas.com\/pt\/wp-json\/wp\/v2\/media?parent=74651"}],"wp:term":[{"taxonomy":"category","embeddable":true,"href":"https:\/\/jornaldasoficinas.com\/pt\/wp-json\/wp\/v2\/categories?post=74651"},{"taxonomy":"post_tag","embeddable":true,"href":"https:\/\/jornaldasoficinas.com\/pt\/wp-json\/wp\/v2\/tags?post=74651"}],"curies":[{"name":"wp","href":"https:\/\/api.w.org\/{rel}","templated":true}]}}