{"id":74758,"date":"2023-11-16T16:00:18","date_gmt":"2023-11-16T16:00:18","guid":{"rendered":"https:\/\/jornaldasoficinas.com\/pt\/?p=74758"},"modified":"2023-11-15T20:31:06","modified_gmt":"2023-11-15T20:31:06","slug":"portugal-ocupa-o-9o-pais-no-indice-de-transparencia-do-mercado","status":"publish","type":"post","link":"https:\/\/jornaldasoficinas.com\/pt\/portugal-ocupa-o-9o-pais-no-indice-de-transparencia-do-mercado\/","title":{"rendered":"Portugal ocupa o 9\u00ba pa\u00eds no \u00cdndice de Transpar\u00eancia do Mercado"},"content":{"rendered":"<p><strong> <img loading=\"lazy\" decoding=\"async\" class=\"alignnone size-full wp-image-74717\" src=\"https:\/\/jornaldasoficinas.com\/pt\/wp-content\/uploads\/2023\/11\/Portugal-ocupa-o-9o-pais-no-Indice-de-Transparencia-do-Mercado.png\" alt=\"11 - Portugal ocupa o 9o pais no Indice de Transparencia do Mercado\" width=\"1024\" height=\"581\" srcset=\"https:\/\/jornaldasoficinas.com\/pt\/wp-content\/uploads\/2023\/11\/Portugal-ocupa-o-9o-pais-no-Indice-de-Transparencia-do-Mercado.png 1024w, https:\/\/jornaldasoficinas.com\/pt\/wp-content\/uploads\/2023\/11\/Portugal-ocupa-o-9o-pais-no-Indice-de-Transparencia-do-Mercado-300x170.png 300w, https:\/\/jornaldasoficinas.com\/pt\/wp-content\/uploads\/2023\/11\/Portugal-ocupa-o-9o-pais-no-Indice-de-Transparencia-do-Mercado-150x85.png 150w, https:\/\/jornaldasoficinas.com\/pt\/wp-content\/uploads\/2023\/11\/Portugal-ocupa-o-9o-pais-no-Indice-de-Transparencia-do-Mercado-768x436.png 768w\" sizes=\"auto, (max-width: 1024px) 100vw, 1024px\" \/><\/strong><\/p>\n<p><strong>O mais recente estudo da <a href=\"https:\/\/www.carvertical.com\/pt\" target=\"_blank\" rel=\"noopener\">carVertical<\/a>, empresa de dados do setor autom\u00f3vel, revelou os pa\u00edses em que a compra de um autom\u00f3vel em segunda m\u00e3o \u00e9 mais arriscada. Intitulado \u201c<\/strong><a href=\"https:\/\/www.carvertical.com\/pt\/transparency-index\" target=\"_blank\" rel=\"noopener\"><strong>\u00cdndice de Transpar\u00eancia do Mercado<\/strong><\/a><strong>\u201d, este estudo classifica os pa\u00edses com base em v\u00e1rios indicadores e determina os pa\u00edses mais transparentes. Aparentemente, a situa\u00e7\u00e3o em Portugal est\u00e1 acima da m\u00e9dia, o que se assemelha \u00e0s tend\u00eancias registadas noutros pa\u00edses do Sul da Europa<\/strong><\/p>\n<p>Dos 25 pa\u00edses do \u00cdndice de Transpar\u00eancia do Mercado, Portugal ocupa o 9.\u00ba lugar. No que respeita \u00e0 quilometragem, 2,2% de todos os ve\u00edculos verificados na carVertical em Portugal tinham quilometragem falsificada. Em m\u00e9dia, o conta-quil\u00f3metros de um ve\u00edculo falsificado em Portugal est\u00e1 alterado em 60\u00a0769\u00a0km.<\/p>\n<p>Por exemplo, se a quilometragem real do ve\u00edculo for de 200\u00a0000\u00a0km, os burl\u00f5es podem alter\u00e1-la para 140\u00a0000 km para tentarem vender o carro por um valor maior.<\/p>\n<p>No que diz respeito a acidentes, 38,3% dos carros em Portugal t\u00eam danos menores ou maiores, com um valor m\u00e9dio de danos de 4994\u00a0euros.<\/p>\n<p>Em Portugal, 70,8% dos carros chegam de outros pa\u00edses. A idade m\u00e9dia dos ve\u00edculos verificados na carVertical \u00e9 de 8,6 anos, o que significa que esses carros j\u00e1 perderam uma parte significativa do seu valor e podem incentivar os prevaricadores a alterar a sua quilometragem e a aumentar o pre\u00e7o de venda.<\/p>\n<p>Na vizinha Espanha, que ocupa o 11.\u00ba\u00a0lugar, 4,6% dos autom\u00f3veis apresentam quilometragem falsificada e 38,1% est\u00e3o danificados. No entanto, a percentagem de ve\u00edculos importados \u00e9 inferior (60,4%).<\/p>\n<p><strong>Mercados ocidentais e pa\u00edses escandinavos s\u00e3o mais transparentes<br \/>\n<\/strong>O pa\u00eds mais transparente no estudo \u00e9 o Reino Unido. Como os brit\u00e2nicos n\u00e3o est\u00e3o interessados nos ve\u00edculos de condu\u00e7\u00e3o \u00e0 esquerda, que dominam a Europa continental, as taxas de importa\u00e7\u00e3o s\u00e3o muito baixas (2,2%), e isso est\u00e1 diretamente relacionado com o menor n\u00famero de fraudes no mercado de ve\u00edculos usados.<\/p>\n<p>O Reino Unido tem 2,7% de ve\u00edculos com quilometragem falsificada, a Alemanha \u2013 3,4%, a Su\u00ed\u00e7a \u2013 2,4%, a Dinamarca \u2013 4,1% e a Fran\u00e7a \u2013 3,3%, o que \u00e9 significativamente melhor do que noutras partes da Europa.<\/p>\n<p>\u201cOs mercados ocidentais e os pa\u00edses escandinavos s\u00e3o geralmente mais transparentes do que os pa\u00edses da Europa de Leste, principalmente porque a legisla\u00e7\u00e3o \u00e9 mais rigorosa, h\u00e1 menos importa\u00e7\u00e3o de ve\u00edculos usados e o PIB per capita \u00e9 mais elevado. Os pa\u00edses com economias mais fortes costumam ter frotas autom\u00f3veis mais jovens e menos fraudes, uma vez que menos compradores optam por ve\u00edculos baratos\u201d, afirmou Matas Buzelis, especialista em autom\u00f3veis e Diretor de Comunica\u00e7\u00f5es da carVertical.<\/p>\n<p>Os pa\u00edses da Europa Central, como a Rep\u00fablica Checa ou a Eslov\u00e1quia, situam-se no meio do \u00cdndice de Transpar\u00eancia do Mercado: a falsifica\u00e7\u00e3o da quilometragem \u00e9 mais comum aqui do que na Europa Ocidental e as taxas de importa\u00e7\u00e3o s\u00e3o elevadas.<\/p>\n<p><strong>A Europa de Leste \u00e9 a fonte da fraude autom\u00f3vel<br \/>\n<\/strong>A Ucr\u00e2nia, a Let\u00f3nia, a Litu\u00e2nia, a Est\u00f3nia, a Rom\u00e9nia e a Pol\u00f3nia s\u00e3o os mercados menos transparentes de todos os pa\u00edses inquiridos.<\/p>\n<p>\u201cAs taxas de fraude nesta regi\u00e3o est\u00e3o correlacionadas com um maior n\u00famero de autom\u00f3veis importados, j\u00e1 que os dados dos autom\u00f3veis se costumam perder nas transa\u00e7\u00f5es transfronteiri\u00e7as. A qualidade das repara\u00e7\u00f5es \u00e9 question\u00e1vel e a percentagem de ve\u00edculos danificados \u00e9 superior \u00e0 m\u00e9dia. Al\u00e9m disso, do ponto de vista da legisla\u00e7\u00e3o de preven\u00e7\u00e3o de fraudes, alguns pa\u00edses n\u00e3o fazem o suficiente para proteger o interesse p\u00fablico\u201d, explicou Buzelis.<\/p>\n<p>A pior situa\u00e7\u00e3o regista-se na Ucr\u00e2nia, onde 8,5% dos autom\u00f3veis apresentam falsifica\u00e7\u00e3o da quilometragem e 49,7% sofreram danos. No entanto, a Ucr\u00e2nia tem uma das importa\u00e7\u00f5es mais elevadas da Europa \u2013 82,4%.<\/p>\n<p>A Litu\u00e2nia, a Let\u00f3nia e a Pol\u00f3nia tamb\u00e9m t\u00eam um elevado n\u00famero de autom\u00f3veis importados: 75,7%, 73% e 59,8%, respetivamente. No que diz respeito aos danos e \u00e0 quilometragem falsificada, na Litu\u00e2nia, 57,6% dos ve\u00edculos est\u00e3o danificados e 8,3% t\u00eam quilometragem falsificada; na Let\u00f3nia, 58,4% est\u00e3o danificados e 12,9% t\u00eam quilometragem falsificada; na Pol\u00f3nia, 65,8% est\u00e3o danificados e 4,9% t\u00eam quilometragem falsificad<\/p>\n<p><strong>Como foi calculado o \u00cdndice de Transpar\u00eancia do Mercado?<br \/>\n<\/strong>A investiga\u00e7\u00e3o da carVertical examinou relat\u00f3rios reais do hist\u00f3rico autom\u00f3vel adquiridos pelos utilizadores da empresa entre outubro de 2022 e setembro de 2023. Os resultados baseiam-se em 6 fatores:<\/p>\n<ul>\n<li>percentagem de ve\u00edculos com quilometragem falsificada;<\/li>\n<li>valor m\u00e9dio da altera\u00e7\u00e3o do conta-quil\u00f3metros, em quil\u00f3metros;<\/li>\n<li>percentagem de ve\u00edculos danificados;<\/li>\n<li>valor m\u00e9dio dos danos;<\/li>\n<li>percentagem de importa\u00e7\u00e3o de ve\u00edculos usados;<\/li>\n<li>idade m\u00e9dia dos ve\u00edculos verificados.<\/li>\n<\/ul>\n<p>Uma vez que o impacto previsto na transpar\u00eancia do mercado pode ser diferente, os peritos de dados da carVertical atribu\u00edram a estes fatores diferentes valores. Por exemplo, a percentagem de ve\u00edculos com quilometragem falsificada \u00e9 mais importante do que a idade m\u00e9dia dos ve\u00edculos verificados nesse pa\u00eds espec\u00edfico pela carVertical.<\/p>\n<p>Matas Buzelis, Diretor de Comunica\u00e7\u00f5es da carVertical, explicou que o processamento de milh\u00f5es de hist\u00f3ricos de autom\u00f3veis permite \u00e0 empresa ver as tend\u00eancias, as perspetivas e as previs\u00f5es dos mercados de ve\u00edculos usados.<\/p>\n","protected":false},"excerpt":{"rendered":"<p>O mais recente estudo da carVertical,&#8230;<\/p>\n","protected":false},"author":15,"featured_media":74717,"comment_status":"closed","ping_status":"closed","sticky":false,"template":"","format":"standard","meta":{"footnotes":""},"categories":[37],"tags":[6634,6118,6633],"class_list":["post-74758","post","type-post","status-publish","format-standard","has-post-thumbnail","hentry","category-mercado","tag-automoveis-em-segunda-mao","tag-carvertical","tag-indice-de-transparencia-do-mercado"],"yoast_head":"<!-- This site is optimized with the Yoast SEO plugin v27.5 - https:\/\/yoast.com\/product\/yoast-seo-wordpress\/ -->\n<title>Portugal ocupa o 9\u00ba pa\u00eds no \u00cdndice de Transpar\u00eancia do Mercado - Jornal das Oficinas<\/title>\n<meta name=\"description\" content=\"O estudo da carVertical, empresa de dados do setor autom\u00f3vel, revelou os pa\u00edses em que comprar um autom\u00f3vel em segunda m\u00e3o \u00e9 mais arriscada\" \/>\n<meta name=\"robots\" content=\"index, follow, max-snippet:-1, max-image-preview:large, max-video-preview:-1\" \/>\n<link rel=\"canonical\" href=\"https:\/\/jornaldasoficinas.com\/pt\/portugal-ocupa-o-9o-pais-no-indice-de-transparencia-do-mercado\/\" \/>\n<meta property=\"og:locale\" content=\"pt_PT\" \/>\n<meta property=\"og:type\" content=\"article\" \/>\n<meta property=\"og:title\" content=\"Portugal ocupa o 9\u00ba pa\u00eds no \u00cdndice de Transpar\u00eancia do Mercado - Jornal das Oficinas\" \/>\n<meta property=\"og:description\" content=\"O estudo da carVertical, empresa de dados do setor autom\u00f3vel, revelou os pa\u00edses em que comprar um autom\u00f3vel em segunda m\u00e3o \u00e9 mais arriscada\" \/>\n<meta property=\"og:url\" content=\"https:\/\/jornaldasoficinas.com\/pt\/portugal-ocupa-o-9o-pais-no-indice-de-transparencia-do-mercado\/\" \/>\n<meta property=\"og:site_name\" content=\"Jornal das Oficinas\" \/>\n<meta property=\"article:publisher\" content=\"https:\/\/www.facebook.com\/jornaloficinas\" \/>\n<meta property=\"article:published_time\" content=\"2023-11-16T16:00:18+00:00\" \/>\n<meta property=\"og:image\" content=\"https:\/\/jornaldasoficinas.com\/pt\/wp-content\/uploads\/2023\/11\/Portugal-ocupa-o-9o-pais-no-Indice-de-Transparencia-do-Mercado.png\" \/>\n\t<meta property=\"og:image:width\" content=\"1024\" \/>\n\t<meta property=\"og:image:height\" content=\"581\" \/>\n\t<meta property=\"og:image:type\" content=\"image\/png\" \/>\n<meta name=\"author\" content=\"Reda\u00e7\u00e3o JO\" \/>\n<meta name=\"twitter:card\" content=\"summary_large_image\" \/>\n<meta name=\"twitter:creator\" content=\"@jornaloficinas\" \/>\n<meta name=\"twitter:site\" content=\"@jornaloficinas\" \/>\n<meta name=\"twitter:label1\" content=\"Escrito por\" \/>\n\t<meta name=\"twitter:data1\" content=\"Reda\u00e7\u00e3o JO\" \/>\n\t<meta name=\"twitter:label2\" content=\"Tempo estimado de leitura\" \/>\n\t<meta name=\"twitter:data2\" content=\"5 minutos\" \/>\n<script type=\"application\/ld+json\" class=\"yoast-schema-graph\">{\"@context\":\"https:\\\/\\\/schema.org\",\"@graph\":[{\"@type\":\"Article\",\"@id\":\"https:\\\/\\\/jornaldasoficinas.com\\\/pt\\\/portugal-ocupa-o-9o-pais-no-indice-de-transparencia-do-mercado\\\/#article\",\"isPartOf\":{\"@id\":\"https:\\\/\\\/jornaldasoficinas.com\\\/pt\\\/portugal-ocupa-o-9o-pais-no-indice-de-transparencia-do-mercado\\\/\"},\"author\":{\"name\":\"Reda\u00e7\u00e3o JO\",\"@id\":\"https:\\\/\\\/jornaldasoficinas.com\\\/pt\\\/#\\\/schema\\\/person\\\/a38eef5de2c41d9e7c9ac10141afddf3\"},\"headline\":\"Portugal ocupa o 9\u00ba pa\u00eds no \u00cdndice de Transpar\u00eancia do Mercado\",\"datePublished\":\"2023-11-16T16:00:18+00:00\",\"mainEntityOfPage\":{\"@id\":\"https:\\\/\\\/jornaldasoficinas.com\\\/pt\\\/portugal-ocupa-o-9o-pais-no-indice-de-transparencia-do-mercado\\\/\"},\"wordCount\":912,\"publisher\":{\"@id\":\"https:\\\/\\\/jornaldasoficinas.com\\\/pt\\\/#organization\"},\"image\":{\"@id\":\"https:\\\/\\\/jornaldasoficinas.com\\\/pt\\\/portugal-ocupa-o-9o-pais-no-indice-de-transparencia-do-mercado\\\/#primaryimage\"},\"thumbnailUrl\":\"https:\\\/\\\/jornaldasoficinas.com\\\/pt\\\/wp-content\\\/uploads\\\/2023\\\/11\\\/Portugal-ocupa-o-9o-pais-no-Indice-de-Transparencia-do-Mercado.png\",\"keywords\":[\"autom\u00f3veis em segunda m\u00e3o\",\"carVertical\",\"\u00cdndice de Transpar\u00eancia do Mercado\"],\"articleSection\":[\"Mercado\"],\"inLanguage\":\"pt-PT\"},{\"@type\":\"WebPage\",\"@id\":\"https:\\\/\\\/jornaldasoficinas.com\\\/pt\\\/portugal-ocupa-o-9o-pais-no-indice-de-transparencia-do-mercado\\\/\",\"url\":\"https:\\\/\\\/jornaldasoficinas.com\\\/pt\\\/portugal-ocupa-o-9o-pais-no-indice-de-transparencia-do-mercado\\\/\",\"name\":\"Portugal ocupa o 9\u00ba pa\u00eds no \u00cdndice de Transpar\u00eancia do Mercado - Jornal das Oficinas\",\"isPartOf\":{\"@id\":\"https:\\\/\\\/jornaldasoficinas.com\\\/pt\\\/#website\"},\"primaryImageOfPage\":{\"@id\":\"https:\\\/\\\/jornaldasoficinas.com\\\/pt\\\/portugal-ocupa-o-9o-pais-no-indice-de-transparencia-do-mercado\\\/#primaryimage\"},\"image\":{\"@id\":\"https:\\\/\\\/jornaldasoficinas.com\\\/pt\\\/portugal-ocupa-o-9o-pais-no-indice-de-transparencia-do-mercado\\\/#primaryimage\"},\"thumbnailUrl\":\"https:\\\/\\\/jornaldasoficinas.com\\\/pt\\\/wp-content\\\/uploads\\\/2023\\\/11\\\/Portugal-ocupa-o-9o-pais-no-Indice-de-Transparencia-do-Mercado.png\",\"datePublished\":\"2023-11-16T16:00:18+00:00\",\"description\":\"O estudo da carVertical, empresa de dados do setor autom\u00f3vel, revelou os pa\u00edses em que comprar um autom\u00f3vel em segunda m\u00e3o \u00e9 mais arriscada\",\"breadcrumb\":{\"@id\":\"https:\\\/\\\/jornaldasoficinas.com\\\/pt\\\/portugal-ocupa-o-9o-pais-no-indice-de-transparencia-do-mercado\\\/#breadcrumb\"},\"inLanguage\":\"pt-PT\",\"potentialAction\":[{\"@type\":\"ReadAction\",\"target\":[\"https:\\\/\\\/jornaldasoficinas.com\\\/pt\\\/portugal-ocupa-o-9o-pais-no-indice-de-transparencia-do-mercado\\\/\"]}]},{\"@type\":\"ImageObject\",\"inLanguage\":\"pt-PT\",\"@id\":\"https:\\\/\\\/jornaldasoficinas.com\\\/pt\\\/portugal-ocupa-o-9o-pais-no-indice-de-transparencia-do-mercado\\\/#primaryimage\",\"url\":\"https:\\\/\\\/jornaldasoficinas.com\\\/pt\\\/wp-content\\\/uploads\\\/2023\\\/11\\\/Portugal-ocupa-o-9o-pais-no-Indice-de-Transparencia-do-Mercado.png\",\"contentUrl\":\"https:\\\/\\\/jornaldasoficinas.com\\\/pt\\\/wp-content\\\/uploads\\\/2023\\\/11\\\/Portugal-ocupa-o-9o-pais-no-Indice-de-Transparencia-do-Mercado.png\",\"width\":1024,\"height\":581,\"caption\":\"11 - Portugal ocupa o 9o pais no Indice de Transparencia do Mercado\"},{\"@type\":\"BreadcrumbList\",\"@id\":\"https:\\\/\\\/jornaldasoficinas.com\\\/pt\\\/portugal-ocupa-o-9o-pais-no-indice-de-transparencia-do-mercado\\\/#breadcrumb\",\"itemListElement\":[{\"@type\":\"ListItem\",\"position\":1,\"name\":\"In\u00edcio\",\"item\":\"https:\\\/\\\/jornaldasoficinas.com\\\/pt\\\/\"},{\"@type\":\"ListItem\",\"position\":2,\"name\":\"Portugal ocupa o 9\u00ba pa\u00eds no \u00cdndice de Transpar\u00eancia do Mercado\"}]},{\"@type\":\"WebSite\",\"@id\":\"https:\\\/\\\/jornaldasoficinas.com\\\/pt\\\/#website\",\"url\":\"https:\\\/\\\/jornaldasoficinas.com\\\/pt\\\/\",\"name\":\"Jornal das Oficinas\",\"description\":\"Jornal independente do Aftermarket Autom\u00f3vel em Portugal\",\"publisher\":{\"@id\":\"https:\\\/\\\/jornaldasoficinas.com\\\/pt\\\/#organization\"},\"potentialAction\":[{\"@type\":\"SearchAction\",\"target\":{\"@type\":\"EntryPoint\",\"urlTemplate\":\"https:\\\/\\\/jornaldasoficinas.com\\\/pt\\\/?s={search_term_string}\"},\"query-input\":{\"@type\":\"PropertyValueSpecification\",\"valueRequired\":true,\"valueName\":\"search_term_string\"}}],\"inLanguage\":\"pt-PT\"},{\"@type\":\"Organization\",\"@id\":\"https:\\\/\\\/jornaldasoficinas.com\\\/pt\\\/#organization\",\"name\":\"Jornal das Oficinas\",\"url\":\"https:\\\/\\\/jornaldasoficinas.com\\\/pt\\\/\",\"logo\":{\"@type\":\"ImageObject\",\"inLanguage\":\"pt-PT\",\"@id\":\"https:\\\/\\\/jornaldasoficinas.com\\\/pt\\\/#\\\/schema\\\/logo\\\/image\\\/\",\"url\":\"https:\\\/\\\/jornaldasoficinas.com\\\/pt\\\/wp-content\\\/uploads\\\/logoJO-SEO.png\",\"contentUrl\":\"https:\\\/\\\/jornaldasoficinas.com\\\/pt\\\/wp-content\\\/uploads\\\/logoJO-SEO.png\",\"width\":285,\"height\":450,\"caption\":\"Jornal das Oficinas\"},\"image\":{\"@id\":\"https:\\\/\\\/jornaldasoficinas.com\\\/pt\\\/#\\\/schema\\\/logo\\\/image\\\/\"},\"sameAs\":[\"https:\\\/\\\/www.facebook.com\\\/jornaloficinas\",\"https:\\\/\\\/x.com\\\/jornaloficinas\",\"https:\\\/\\\/www.instagram.com\\\/jornal_oficinas\\\/\",\"https:\\\/\\\/www.linkedin.com\\\/company\\\/jornal-das-oficinas\\\/\",\"https:\\\/\\\/www.youtube.com\\\/channel\\\/UCbQZBqtcvV-oSQrr7RzINGg\"]},{\"@type\":\"Person\",\"@id\":\"https:\\\/\\\/jornaldasoficinas.com\\\/pt\\\/#\\\/schema\\\/person\\\/a38eef5de2c41d9e7c9ac10141afddf3\",\"name\":\"Reda\u00e7\u00e3o JO\",\"image\":{\"@type\":\"ImageObject\",\"inLanguage\":\"pt-PT\",\"@id\":\"https:\\\/\\\/secure.gravatar.com\\\/avatar\\\/71f2fa71737ad68a84fea94bc708ddac8ea5b0c4788dc2ad202f3ccb2887742f?s=96&d=wp_user_avatar&r=g\",\"url\":\"https:\\\/\\\/secure.gravatar.com\\\/avatar\\\/71f2fa71737ad68a84fea94bc708ddac8ea5b0c4788dc2ad202f3ccb2887742f?s=96&d=wp_user_avatar&r=g\",\"contentUrl\":\"https:\\\/\\\/secure.gravatar.com\\\/avatar\\\/71f2fa71737ad68a84fea94bc708ddac8ea5b0c4788dc2ad202f3ccb2887742f?s=96&d=wp_user_avatar&r=g\",\"caption\":\"Reda\u00e7\u00e3o JO\"},\"url\":\"https:\\\/\\\/jornaldasoficinas.com\\\/pt\\\/author\\\/joredacao\\\/\"}]}<\/script>\n<!-- \/ Yoast SEO plugin. -->","yoast_head_json":{"title":"Portugal ocupa o 9\u00ba pa\u00eds no \u00cdndice de Transpar\u00eancia do Mercado - Jornal das Oficinas","description":"O estudo da carVertical, empresa de dados do setor autom\u00f3vel, revelou os pa\u00edses em que comprar um autom\u00f3vel em segunda m\u00e3o \u00e9 mais arriscada","robots":{"index":"index","follow":"follow","max-snippet":"max-snippet:-1","max-image-preview":"max-image-preview:large","max-video-preview":"max-video-preview:-1"},"canonical":"https:\/\/jornaldasoficinas.com\/pt\/portugal-ocupa-o-9o-pais-no-indice-de-transparencia-do-mercado\/","og_locale":"pt_PT","og_type":"article","og_title":"Portugal ocupa o 9\u00ba pa\u00eds no \u00cdndice de Transpar\u00eancia do Mercado - Jornal das Oficinas","og_description":"O estudo da carVertical, empresa de dados do setor autom\u00f3vel, revelou os pa\u00edses em que comprar um autom\u00f3vel em segunda m\u00e3o \u00e9 mais arriscada","og_url":"https:\/\/jornaldasoficinas.com\/pt\/portugal-ocupa-o-9o-pais-no-indice-de-transparencia-do-mercado\/","og_site_name":"Jornal das Oficinas","article_publisher":"https:\/\/www.facebook.com\/jornaloficinas","article_published_time":"2023-11-16T16:00:18+00:00","og_image":[{"width":1024,"height":581,"url":"https:\/\/jornaldasoficinas.com\/pt\/wp-content\/uploads\/2023\/11\/Portugal-ocupa-o-9o-pais-no-Indice-de-Transparencia-do-Mercado.png","type":"image\/png"}],"author":"Reda\u00e7\u00e3o JO","twitter_card":"summary_large_image","twitter_creator":"@jornaloficinas","twitter_site":"@jornaloficinas","twitter_misc":{"Escrito por":"Reda\u00e7\u00e3o JO","Tempo estimado de leitura":"5 minutos"},"schema":{"@context":"https:\/\/schema.org","@graph":[{"@type":"Article","@id":"https:\/\/jornaldasoficinas.com\/pt\/portugal-ocupa-o-9o-pais-no-indice-de-transparencia-do-mercado\/#article","isPartOf":{"@id":"https:\/\/jornaldasoficinas.com\/pt\/portugal-ocupa-o-9o-pais-no-indice-de-transparencia-do-mercado\/"},"author":{"name":"Reda\u00e7\u00e3o JO","@id":"https:\/\/jornaldasoficinas.com\/pt\/#\/schema\/person\/a38eef5de2c41d9e7c9ac10141afddf3"},"headline":"Portugal ocupa o 9\u00ba pa\u00eds no \u00cdndice de Transpar\u00eancia do Mercado","datePublished":"2023-11-16T16:00:18+00:00","mainEntityOfPage":{"@id":"https:\/\/jornaldasoficinas.com\/pt\/portugal-ocupa-o-9o-pais-no-indice-de-transparencia-do-mercado\/"},"wordCount":912,"publisher":{"@id":"https:\/\/jornaldasoficinas.com\/pt\/#organization"},"image":{"@id":"https:\/\/jornaldasoficinas.com\/pt\/portugal-ocupa-o-9o-pais-no-indice-de-transparencia-do-mercado\/#primaryimage"},"thumbnailUrl":"https:\/\/jornaldasoficinas.com\/pt\/wp-content\/uploads\/2023\/11\/Portugal-ocupa-o-9o-pais-no-Indice-de-Transparencia-do-Mercado.png","keywords":["autom\u00f3veis em segunda m\u00e3o","carVertical","\u00cdndice de Transpar\u00eancia do Mercado"],"articleSection":["Mercado"],"inLanguage":"pt-PT"},{"@type":"WebPage","@id":"https:\/\/jornaldasoficinas.com\/pt\/portugal-ocupa-o-9o-pais-no-indice-de-transparencia-do-mercado\/","url":"https:\/\/jornaldasoficinas.com\/pt\/portugal-ocupa-o-9o-pais-no-indice-de-transparencia-do-mercado\/","name":"Portugal ocupa o 9\u00ba pa\u00eds no \u00cdndice de Transpar\u00eancia do Mercado - Jornal das Oficinas","isPartOf":{"@id":"https:\/\/jornaldasoficinas.com\/pt\/#website"},"primaryImageOfPage":{"@id":"https:\/\/jornaldasoficinas.com\/pt\/portugal-ocupa-o-9o-pais-no-indice-de-transparencia-do-mercado\/#primaryimage"},"image":{"@id":"https:\/\/jornaldasoficinas.com\/pt\/portugal-ocupa-o-9o-pais-no-indice-de-transparencia-do-mercado\/#primaryimage"},"thumbnailUrl":"https:\/\/jornaldasoficinas.com\/pt\/wp-content\/uploads\/2023\/11\/Portugal-ocupa-o-9o-pais-no-Indice-de-Transparencia-do-Mercado.png","datePublished":"2023-11-16T16:00:18+00:00","description":"O estudo da carVertical, empresa de dados do setor autom\u00f3vel, revelou os pa\u00edses em que comprar um autom\u00f3vel em segunda m\u00e3o \u00e9 mais arriscada","breadcrumb":{"@id":"https:\/\/jornaldasoficinas.com\/pt\/portugal-ocupa-o-9o-pais-no-indice-de-transparencia-do-mercado\/#breadcrumb"},"inLanguage":"pt-PT","potentialAction":[{"@type":"ReadAction","target":["https:\/\/jornaldasoficinas.com\/pt\/portugal-ocupa-o-9o-pais-no-indice-de-transparencia-do-mercado\/"]}]},{"@type":"ImageObject","inLanguage":"pt-PT","@id":"https:\/\/jornaldasoficinas.com\/pt\/portugal-ocupa-o-9o-pais-no-indice-de-transparencia-do-mercado\/#primaryimage","url":"https:\/\/jornaldasoficinas.com\/pt\/wp-content\/uploads\/2023\/11\/Portugal-ocupa-o-9o-pais-no-Indice-de-Transparencia-do-Mercado.png","contentUrl":"https:\/\/jornaldasoficinas.com\/pt\/wp-content\/uploads\/2023\/11\/Portugal-ocupa-o-9o-pais-no-Indice-de-Transparencia-do-Mercado.png","width":1024,"height":581,"caption":"11 - Portugal ocupa o 9o pais no Indice de Transparencia do Mercado"},{"@type":"BreadcrumbList","@id":"https:\/\/jornaldasoficinas.com\/pt\/portugal-ocupa-o-9o-pais-no-indice-de-transparencia-do-mercado\/#breadcrumb","itemListElement":[{"@type":"ListItem","position":1,"name":"In\u00edcio","item":"https:\/\/jornaldasoficinas.com\/pt\/"},{"@type":"ListItem","position":2,"name":"Portugal ocupa o 9\u00ba pa\u00eds no \u00cdndice de Transpar\u00eancia do Mercado"}]},{"@type":"WebSite","@id":"https:\/\/jornaldasoficinas.com\/pt\/#website","url":"https:\/\/jornaldasoficinas.com\/pt\/","name":"Jornal das Oficinas","description":"Jornal independente do Aftermarket Autom\u00f3vel em Portugal","publisher":{"@id":"https:\/\/jornaldasoficinas.com\/pt\/#organization"},"potentialAction":[{"@type":"SearchAction","target":{"@type":"EntryPoint","urlTemplate":"https:\/\/jornaldasoficinas.com\/pt\/?s={search_term_string}"},"query-input":{"@type":"PropertyValueSpecification","valueRequired":true,"valueName":"search_term_string"}}],"inLanguage":"pt-PT"},{"@type":"Organization","@id":"https:\/\/jornaldasoficinas.com\/pt\/#organization","name":"Jornal das Oficinas","url":"https:\/\/jornaldasoficinas.com\/pt\/","logo":{"@type":"ImageObject","inLanguage":"pt-PT","@id":"https:\/\/jornaldasoficinas.com\/pt\/#\/schema\/logo\/image\/","url":"https:\/\/jornaldasoficinas.com\/pt\/wp-content\/uploads\/logoJO-SEO.png","contentUrl":"https:\/\/jornaldasoficinas.com\/pt\/wp-content\/uploads\/logoJO-SEO.png","width":285,"height":450,"caption":"Jornal das Oficinas"},"image":{"@id":"https:\/\/jornaldasoficinas.com\/pt\/#\/schema\/logo\/image\/"},"sameAs":["https:\/\/www.facebook.com\/jornaloficinas","https:\/\/x.com\/jornaloficinas","https:\/\/www.instagram.com\/jornal_oficinas\/","https:\/\/www.linkedin.com\/company\/jornal-das-oficinas\/","https:\/\/www.youtube.com\/channel\/UCbQZBqtcvV-oSQrr7RzINGg"]},{"@type":"Person","@id":"https:\/\/jornaldasoficinas.com\/pt\/#\/schema\/person\/a38eef5de2c41d9e7c9ac10141afddf3","name":"Reda\u00e7\u00e3o JO","image":{"@type":"ImageObject","inLanguage":"pt-PT","@id":"https:\/\/secure.gravatar.com\/avatar\/71f2fa71737ad68a84fea94bc708ddac8ea5b0c4788dc2ad202f3ccb2887742f?s=96&d=wp_user_avatar&r=g","url":"https:\/\/secure.gravatar.com\/avatar\/71f2fa71737ad68a84fea94bc708ddac8ea5b0c4788dc2ad202f3ccb2887742f?s=96&d=wp_user_avatar&r=g","contentUrl":"https:\/\/secure.gravatar.com\/avatar\/71f2fa71737ad68a84fea94bc708ddac8ea5b0c4788dc2ad202f3ccb2887742f?s=96&d=wp_user_avatar&r=g","caption":"Reda\u00e7\u00e3o JO"},"url":"https:\/\/jornaldasoficinas.com\/pt\/author\/joredacao\/"}]}},"_links":{"self":[{"href":"https:\/\/jornaldasoficinas.com\/pt\/wp-json\/wp\/v2\/posts\/74758","targetHints":{"allow":["GET"]}}],"collection":[{"href":"https:\/\/jornaldasoficinas.com\/pt\/wp-json\/wp\/v2\/posts"}],"about":[{"href":"https:\/\/jornaldasoficinas.com\/pt\/wp-json\/wp\/v2\/types\/post"}],"author":[{"embeddable":true,"href":"https:\/\/jornaldasoficinas.com\/pt\/wp-json\/wp\/v2\/users\/15"}],"replies":[{"embeddable":true,"href":"https:\/\/jornaldasoficinas.com\/pt\/wp-json\/wp\/v2\/comments?post=74758"}],"version-history":[{"count":0,"href":"https:\/\/jornaldasoficinas.com\/pt\/wp-json\/wp\/v2\/posts\/74758\/revisions"}],"wp:featuredmedia":[{"embeddable":true,"href":"https:\/\/jornaldasoficinas.com\/pt\/wp-json\/wp\/v2\/media\/74717"}],"wp:attachment":[{"href":"https:\/\/jornaldasoficinas.com\/pt\/wp-json\/wp\/v2\/media?parent=74758"}],"wp:term":[{"taxonomy":"category","embeddable":true,"href":"https:\/\/jornaldasoficinas.com\/pt\/wp-json\/wp\/v2\/categories?post=74758"},{"taxonomy":"post_tag","embeddable":true,"href":"https:\/\/jornaldasoficinas.com\/pt\/wp-json\/wp\/v2\/tags?post=74758"}],"curies":[{"name":"wp","href":"https:\/\/api.w.org\/{rel}","templated":true}]}}