{"id":74951,"date":"2023-11-21T08:00:22","date_gmt":"2023-11-21T08:00:22","guid":{"rendered":"https:\/\/jornaldasoficinas.com\/pt\/?p=74951"},"modified":"2023-11-20T11:38:11","modified_gmt":"2023-11-20T11:38:11","slug":"um-novo-regulamento-de-baterias","status":"publish","type":"post","link":"https:\/\/jornaldasoficinas.com\/pt\/um-novo-regulamento-de-baterias\/","title":{"rendered":"Um Novo Regulamento de Baterias"},"content":{"rendered":"<p><img loading=\"lazy\" decoding=\"async\" class=\"alignnone size-full wp-image-74934\" src=\"https:\/\/jornaldasoficinas.com\/pt\/wp-content\/uploads\/2023\/11\/Um-Novo-Regulamento-de-Baterias.png\" alt=\"11 - Um Novo Regulamento de Baterias\" width=\"1024\" height=\"581\" srcset=\"https:\/\/jornaldasoficinas.com\/pt\/wp-content\/uploads\/2023\/11\/Um-Novo-Regulamento-de-Baterias.png 1024w, https:\/\/jornaldasoficinas.com\/pt\/wp-content\/uploads\/2023\/11\/Um-Novo-Regulamento-de-Baterias-300x170.png 300w, https:\/\/jornaldasoficinas.com\/pt\/wp-content\/uploads\/2023\/11\/Um-Novo-Regulamento-de-Baterias-150x85.png 150w, https:\/\/jornaldasoficinas.com\/pt\/wp-content\/uploads\/2023\/11\/Um-Novo-Regulamento-de-Baterias-768x436.png 768w\" sizes=\"auto, (max-width: 1024px) 100vw, 1024px\" \/><\/p>\n<p><strong>Foi publicado um novo Regulamento (2023\/1542 do Parlamento Europeu e do Conselho), que vai condicionar a gest\u00e3o de baterias e dos seus res\u00edduos, nos pr\u00f3ximos anos, em toda a Europa<\/strong><\/p>\n<p>O regulamento que v\u00eam sendo trabalhando h\u00e1 muito tempo j\u00e1 que, quer a evolu\u00e7\u00e3o das baterias, quer a crescente import\u00e2ncia que se acredita que estas v\u00e3o ter na descarboniza\u00e7\u00e3o da economia, exigia a revis\u00e3o da j\u00e1 ultrapassada Diretiva 2006\/66\/CE, a qual \u00e9 revogada por este regulamento.<\/p>\n<p><strong>Algumas das altera\u00e7\u00f5es: <\/strong><\/p>\n<ul>\n<li>A partir de 18 de agosto de 2024, a documenta\u00e7\u00e3o t\u00e9cnica de conformidade CE (anexo VIII) vai passar acompanhar as baterias estacion\u00e1rias de sistemas de armazenamento de energia.<\/li>\n<li>A partir de 18 de agosto de 2025, todas as baterias s\u00e3o marcadas com o s\u00edmbolo do contentor cruzado.<\/li>\n<li>A partir de 18 de agosto de 2026, os r\u00f3tulos de baterias v\u00e3o obedecer a novas regras.<\/li>\n<li>A partir de 18 de fevereiro de 2027, todas as baterias s\u00e3o marcadas com um c\u00f3digo QR.<\/li>\n<\/ul>\n<p>Tamb\u00e9m a partir desta data, v\u00e3o passar a existir passaportes digitais, para as baterias industriais com capacidade superior a 2 KWh, baterias de meios de transporte ligeiros (nova classifica\u00e7\u00e3o de baterias) e baterias de ve\u00edculos el\u00e9tricos (tamb\u00e9m uma nova classifica\u00e7\u00e3o de baterias que, elimina definitivamente a confus\u00e3o resultante de que as baterias para autom\u00f3vel, da anterior Diretiva, englobarem unicamente as usadas nas fun\u00e7\u00f5es de SLI &#8211; Arranque, luzes e Igni\u00e7\u00e3o &#8211; e agora unicamente chamadas de baterias SLI).<\/p>\n<p>Os passaportes digitais s\u00e3o um novo e importante instrumento que vai documentar e acompanhar toda a vida das baterias &#8211; desde a sua constru\u00e7\u00e3o, passando pela informa\u00e7\u00e3o sobre os diversos intervenientes que as v\u00e3o manusear (fabricantes, importadores, distribuidores, agentes econ\u00f3micos) at\u00e9 ao reciclador final que, retirar\u00e1 do passaporte da bateria, informa\u00e7\u00e3o necess\u00e1ria para o seu desmantelamento eficaz e melhor aproveitamento dos materiais que a comp\u00f5em.<\/p>\n<p>Outro aspeto muito impactante deste regulamento, \u00e9 o envolvimento que todos os intervenientes no ciclo de vida das baterias, s\u00e3o chamados a assumir. S\u00e3o, como se entende, transforma\u00e7\u00f5es muito significativas, que ter\u00e3o certamente impacto no pre\u00e7o final dessas mesmo baterias para o consumidor final, mas que s\u00e3o justificadas pela criticidade das baterias numa economia n\u00e3o carbonizada.<\/p>\n","protected":false},"excerpt":{"rendered":"<p>Foi publicado um novo Regulamento (2023\/1542&#8230;<\/p>\n","protected":false},"author":15,"featured_media":74934,"comment_status":"closed","ping_status":"closed","sticky":false,"template":"","format":"standard","meta":{"footnotes":""},"categories":[37],"tags":[512,6665,4294,5102],"class_list":["post-74951","post","type-post","status-publish","format-standard","has-post-thumbnail","hentry","category-mercado","tag-baterias","tag-conselho-europeu","tag-parlamento-europeu","tag-regulamento"],"yoast_head":"<!-- This site is optimized with the Yoast SEO plugin v27.5 - https:\/\/yoast.com\/product\/yoast-seo-wordpress\/ -->\n<title>Um Novo Regulamento de Baterias - Jornal das Oficinas<\/title>\n<meta name=\"description\" content=\"Foi publicado um novo Regulamento (2023\/1542 do Parlamento Europeu e do Conselho), que vai condicionar a gest\u00e3o de baterias\" \/>\n<meta name=\"robots\" content=\"index, follow, max-snippet:-1, max-image-preview:large, max-video-preview:-1\" \/>\n<link rel=\"canonical\" href=\"https:\/\/jornaldasoficinas.com\/pt\/um-novo-regulamento-de-baterias\/\" \/>\n<meta property=\"og:locale\" content=\"pt_PT\" \/>\n<meta property=\"og:type\" content=\"article\" \/>\n<meta property=\"og:title\" content=\"Um Novo Regulamento de Baterias - Jornal das Oficinas\" \/>\n<meta property=\"og:description\" content=\"Foi publicado um novo Regulamento (2023\/1542 do Parlamento Europeu e do Conselho), que vai condicionar a gest\u00e3o de baterias\" \/>\n<meta property=\"og:url\" content=\"https:\/\/jornaldasoficinas.com\/pt\/um-novo-regulamento-de-baterias\/\" \/>\n<meta property=\"og:site_name\" content=\"Jornal das Oficinas\" \/>\n<meta property=\"article:publisher\" content=\"https:\/\/www.facebook.com\/jornaloficinas\" \/>\n<meta property=\"article:published_time\" content=\"2023-11-21T08:00:22+00:00\" \/>\n<meta property=\"og:image\" content=\"https:\/\/jornaldasoficinas.com\/pt\/wp-content\/uploads\/2023\/11\/Um-Novo-Regulamento-de-Baterias.png\" \/>\n\t<meta property=\"og:image:width\" content=\"1024\" \/>\n\t<meta property=\"og:image:height\" content=\"581\" \/>\n\t<meta property=\"og:image:type\" content=\"image\/png\" \/>\n<meta name=\"author\" content=\"Reda\u00e7\u00e3o JO\" \/>\n<meta name=\"twitter:card\" content=\"summary_large_image\" \/>\n<meta name=\"twitter:creator\" content=\"@jornaloficinas\" \/>\n<meta name=\"twitter:site\" content=\"@jornaloficinas\" \/>\n<meta name=\"twitter:label1\" content=\"Escrito por\" \/>\n\t<meta name=\"twitter:data1\" content=\"Reda\u00e7\u00e3o JO\" \/>\n\t<meta name=\"twitter:label2\" content=\"Tempo estimado de leitura\" \/>\n\t<meta name=\"twitter:data2\" content=\"3 minutos\" \/>\n<script type=\"application\/ld+json\" class=\"yoast-schema-graph\">{\"@context\":\"https:\\\/\\\/schema.org\",\"@graph\":[{\"@type\":\"Article\",\"@id\":\"https:\\\/\\\/jornaldasoficinas.com\\\/pt\\\/um-novo-regulamento-de-baterias\\\/#article\",\"isPartOf\":{\"@id\":\"https:\\\/\\\/jornaldasoficinas.com\\\/pt\\\/um-novo-regulamento-de-baterias\\\/\"},\"author\":{\"name\":\"Reda\u00e7\u00e3o JO\",\"@id\":\"https:\\\/\\\/jornaldasoficinas.com\\\/pt\\\/#\\\/schema\\\/person\\\/a38eef5de2c41d9e7c9ac10141afddf3\"},\"headline\":\"Um Novo Regulamento de Baterias\",\"datePublished\":\"2023-11-21T08:00:22+00:00\",\"mainEntityOfPage\":{\"@id\":\"https:\\\/\\\/jornaldasoficinas.com\\\/pt\\\/um-novo-regulamento-de-baterias\\\/\"},\"wordCount\":397,\"publisher\":{\"@id\":\"https:\\\/\\\/jornaldasoficinas.com\\\/pt\\\/#organization\"},\"image\":{\"@id\":\"https:\\\/\\\/jornaldasoficinas.com\\\/pt\\\/um-novo-regulamento-de-baterias\\\/#primaryimage\"},\"thumbnailUrl\":\"https:\\\/\\\/jornaldasoficinas.com\\\/pt\\\/wp-content\\\/uploads\\\/2023\\\/11\\\/Um-Novo-Regulamento-de-Baterias.png\",\"keywords\":[\"Baterias\",\"Conselho Europeu\",\"Parlamento Europeu\",\"Regulamento\"],\"articleSection\":[\"Mercado\"],\"inLanguage\":\"pt-PT\"},{\"@type\":\"WebPage\",\"@id\":\"https:\\\/\\\/jornaldasoficinas.com\\\/pt\\\/um-novo-regulamento-de-baterias\\\/\",\"url\":\"https:\\\/\\\/jornaldasoficinas.com\\\/pt\\\/um-novo-regulamento-de-baterias\\\/\",\"name\":\"Um Novo Regulamento de Baterias - Jornal das Oficinas\",\"isPartOf\":{\"@id\":\"https:\\\/\\\/jornaldasoficinas.com\\\/pt\\\/#website\"},\"primaryImageOfPage\":{\"@id\":\"https:\\\/\\\/jornaldasoficinas.com\\\/pt\\\/um-novo-regulamento-de-baterias\\\/#primaryimage\"},\"image\":{\"@id\":\"https:\\\/\\\/jornaldasoficinas.com\\\/pt\\\/um-novo-regulamento-de-baterias\\\/#primaryimage\"},\"thumbnailUrl\":\"https:\\\/\\\/jornaldasoficinas.com\\\/pt\\\/wp-content\\\/uploads\\\/2023\\\/11\\\/Um-Novo-Regulamento-de-Baterias.png\",\"datePublished\":\"2023-11-21T08:00:22+00:00\",\"description\":\"Foi publicado um novo Regulamento (2023\\\/1542 do Parlamento Europeu e do Conselho), que vai condicionar a gest\u00e3o de baterias\",\"breadcrumb\":{\"@id\":\"https:\\\/\\\/jornaldasoficinas.com\\\/pt\\\/um-novo-regulamento-de-baterias\\\/#breadcrumb\"},\"inLanguage\":\"pt-PT\",\"potentialAction\":[{\"@type\":\"ReadAction\",\"target\":[\"https:\\\/\\\/jornaldasoficinas.com\\\/pt\\\/um-novo-regulamento-de-baterias\\\/\"]}]},{\"@type\":\"ImageObject\",\"inLanguage\":\"pt-PT\",\"@id\":\"https:\\\/\\\/jornaldasoficinas.com\\\/pt\\\/um-novo-regulamento-de-baterias\\\/#primaryimage\",\"url\":\"https:\\\/\\\/jornaldasoficinas.com\\\/pt\\\/wp-content\\\/uploads\\\/2023\\\/11\\\/Um-Novo-Regulamento-de-Baterias.png\",\"contentUrl\":\"https:\\\/\\\/jornaldasoficinas.com\\\/pt\\\/wp-content\\\/uploads\\\/2023\\\/11\\\/Um-Novo-Regulamento-de-Baterias.png\",\"width\":1024,\"height\":581,\"caption\":\"11 - Um Novo Regulamento de Baterias\"},{\"@type\":\"BreadcrumbList\",\"@id\":\"https:\\\/\\\/jornaldasoficinas.com\\\/pt\\\/um-novo-regulamento-de-baterias\\\/#breadcrumb\",\"itemListElement\":[{\"@type\":\"ListItem\",\"position\":1,\"name\":\"In\u00edcio\",\"item\":\"https:\\\/\\\/jornaldasoficinas.com\\\/pt\\\/\"},{\"@type\":\"ListItem\",\"position\":2,\"name\":\"Um Novo Regulamento de Baterias\"}]},{\"@type\":\"WebSite\",\"@id\":\"https:\\\/\\\/jornaldasoficinas.com\\\/pt\\\/#website\",\"url\":\"https:\\\/\\\/jornaldasoficinas.com\\\/pt\\\/\",\"name\":\"Jornal das Oficinas\",\"description\":\"Jornal independente do Aftermarket Autom\u00f3vel em Portugal\",\"publisher\":{\"@id\":\"https:\\\/\\\/jornaldasoficinas.com\\\/pt\\\/#organization\"},\"potentialAction\":[{\"@type\":\"SearchAction\",\"target\":{\"@type\":\"EntryPoint\",\"urlTemplate\":\"https:\\\/\\\/jornaldasoficinas.com\\\/pt\\\/?s={search_term_string}\"},\"query-input\":{\"@type\":\"PropertyValueSpecification\",\"valueRequired\":true,\"valueName\":\"search_term_string\"}}],\"inLanguage\":\"pt-PT\"},{\"@type\":\"Organization\",\"@id\":\"https:\\\/\\\/jornaldasoficinas.com\\\/pt\\\/#organization\",\"name\":\"Jornal das Oficinas\",\"url\":\"https:\\\/\\\/jornaldasoficinas.com\\\/pt\\\/\",\"logo\":{\"@type\":\"ImageObject\",\"inLanguage\":\"pt-PT\",\"@id\":\"https:\\\/\\\/jornaldasoficinas.com\\\/pt\\\/#\\\/schema\\\/logo\\\/image\\\/\",\"url\":\"https:\\\/\\\/jornaldasoficinas.com\\\/pt\\\/wp-content\\\/uploads\\\/logoJO-SEO.png\",\"contentUrl\":\"https:\\\/\\\/jornaldasoficinas.com\\\/pt\\\/wp-content\\\/uploads\\\/logoJO-SEO.png\",\"width\":285,\"height\":450,\"caption\":\"Jornal das Oficinas\"},\"image\":{\"@id\":\"https:\\\/\\\/jornaldasoficinas.com\\\/pt\\\/#\\\/schema\\\/logo\\\/image\\\/\"},\"sameAs\":[\"https:\\\/\\\/www.facebook.com\\\/jornaloficinas\",\"https:\\\/\\\/x.com\\\/jornaloficinas\",\"https:\\\/\\\/www.instagram.com\\\/jornal_oficinas\\\/\",\"https:\\\/\\\/www.linkedin.com\\\/company\\\/jornal-das-oficinas\\\/\",\"https:\\\/\\\/www.youtube.com\\\/channel\\\/UCbQZBqtcvV-oSQrr7RzINGg\"]},{\"@type\":\"Person\",\"@id\":\"https:\\\/\\\/jornaldasoficinas.com\\\/pt\\\/#\\\/schema\\\/person\\\/a38eef5de2c41d9e7c9ac10141afddf3\",\"name\":\"Reda\u00e7\u00e3o JO\",\"image\":{\"@type\":\"ImageObject\",\"inLanguage\":\"pt-PT\",\"@id\":\"https:\\\/\\\/secure.gravatar.com\\\/avatar\\\/71f2fa71737ad68a84fea94bc708ddac8ea5b0c4788dc2ad202f3ccb2887742f?s=96&d=wp_user_avatar&r=g\",\"url\":\"https:\\\/\\\/secure.gravatar.com\\\/avatar\\\/71f2fa71737ad68a84fea94bc708ddac8ea5b0c4788dc2ad202f3ccb2887742f?s=96&d=wp_user_avatar&r=g\",\"contentUrl\":\"https:\\\/\\\/secure.gravatar.com\\\/avatar\\\/71f2fa71737ad68a84fea94bc708ddac8ea5b0c4788dc2ad202f3ccb2887742f?s=96&d=wp_user_avatar&r=g\",\"caption\":\"Reda\u00e7\u00e3o JO\"},\"url\":\"https:\\\/\\\/jornaldasoficinas.com\\\/pt\\\/author\\\/joredacao\\\/\"}]}<\/script>\n<!-- \/ Yoast SEO plugin. -->","yoast_head_json":{"title":"Um Novo Regulamento de Baterias - Jornal das Oficinas","description":"Foi publicado um novo Regulamento (2023\/1542 do Parlamento Europeu e do Conselho), que vai condicionar a gest\u00e3o de baterias","robots":{"index":"index","follow":"follow","max-snippet":"max-snippet:-1","max-image-preview":"max-image-preview:large","max-video-preview":"max-video-preview:-1"},"canonical":"https:\/\/jornaldasoficinas.com\/pt\/um-novo-regulamento-de-baterias\/","og_locale":"pt_PT","og_type":"article","og_title":"Um Novo Regulamento de Baterias - Jornal das Oficinas","og_description":"Foi publicado um novo Regulamento (2023\/1542 do Parlamento Europeu e do Conselho), que vai condicionar a gest\u00e3o de baterias","og_url":"https:\/\/jornaldasoficinas.com\/pt\/um-novo-regulamento-de-baterias\/","og_site_name":"Jornal das Oficinas","article_publisher":"https:\/\/www.facebook.com\/jornaloficinas","article_published_time":"2023-11-21T08:00:22+00:00","og_image":[{"width":1024,"height":581,"url":"https:\/\/jornaldasoficinas.com\/pt\/wp-content\/uploads\/2023\/11\/Um-Novo-Regulamento-de-Baterias.png","type":"image\/png"}],"author":"Reda\u00e7\u00e3o JO","twitter_card":"summary_large_image","twitter_creator":"@jornaloficinas","twitter_site":"@jornaloficinas","twitter_misc":{"Escrito por":"Reda\u00e7\u00e3o JO","Tempo estimado de leitura":"3 minutos"},"schema":{"@context":"https:\/\/schema.org","@graph":[{"@type":"Article","@id":"https:\/\/jornaldasoficinas.com\/pt\/um-novo-regulamento-de-baterias\/#article","isPartOf":{"@id":"https:\/\/jornaldasoficinas.com\/pt\/um-novo-regulamento-de-baterias\/"},"author":{"name":"Reda\u00e7\u00e3o JO","@id":"https:\/\/jornaldasoficinas.com\/pt\/#\/schema\/person\/a38eef5de2c41d9e7c9ac10141afddf3"},"headline":"Um Novo Regulamento de Baterias","datePublished":"2023-11-21T08:00:22+00:00","mainEntityOfPage":{"@id":"https:\/\/jornaldasoficinas.com\/pt\/um-novo-regulamento-de-baterias\/"},"wordCount":397,"publisher":{"@id":"https:\/\/jornaldasoficinas.com\/pt\/#organization"},"image":{"@id":"https:\/\/jornaldasoficinas.com\/pt\/um-novo-regulamento-de-baterias\/#primaryimage"},"thumbnailUrl":"https:\/\/jornaldasoficinas.com\/pt\/wp-content\/uploads\/2023\/11\/Um-Novo-Regulamento-de-Baterias.png","keywords":["Baterias","Conselho Europeu","Parlamento Europeu","Regulamento"],"articleSection":["Mercado"],"inLanguage":"pt-PT"},{"@type":"WebPage","@id":"https:\/\/jornaldasoficinas.com\/pt\/um-novo-regulamento-de-baterias\/","url":"https:\/\/jornaldasoficinas.com\/pt\/um-novo-regulamento-de-baterias\/","name":"Um Novo Regulamento de Baterias - Jornal das Oficinas","isPartOf":{"@id":"https:\/\/jornaldasoficinas.com\/pt\/#website"},"primaryImageOfPage":{"@id":"https:\/\/jornaldasoficinas.com\/pt\/um-novo-regulamento-de-baterias\/#primaryimage"},"image":{"@id":"https:\/\/jornaldasoficinas.com\/pt\/um-novo-regulamento-de-baterias\/#primaryimage"},"thumbnailUrl":"https:\/\/jornaldasoficinas.com\/pt\/wp-content\/uploads\/2023\/11\/Um-Novo-Regulamento-de-Baterias.png","datePublished":"2023-11-21T08:00:22+00:00","description":"Foi publicado um novo Regulamento (2023\/1542 do Parlamento Europeu e do Conselho), que vai condicionar a gest\u00e3o de baterias","breadcrumb":{"@id":"https:\/\/jornaldasoficinas.com\/pt\/um-novo-regulamento-de-baterias\/#breadcrumb"},"inLanguage":"pt-PT","potentialAction":[{"@type":"ReadAction","target":["https:\/\/jornaldasoficinas.com\/pt\/um-novo-regulamento-de-baterias\/"]}]},{"@type":"ImageObject","inLanguage":"pt-PT","@id":"https:\/\/jornaldasoficinas.com\/pt\/um-novo-regulamento-de-baterias\/#primaryimage","url":"https:\/\/jornaldasoficinas.com\/pt\/wp-content\/uploads\/2023\/11\/Um-Novo-Regulamento-de-Baterias.png","contentUrl":"https:\/\/jornaldasoficinas.com\/pt\/wp-content\/uploads\/2023\/11\/Um-Novo-Regulamento-de-Baterias.png","width":1024,"height":581,"caption":"11 - Um Novo Regulamento de Baterias"},{"@type":"BreadcrumbList","@id":"https:\/\/jornaldasoficinas.com\/pt\/um-novo-regulamento-de-baterias\/#breadcrumb","itemListElement":[{"@type":"ListItem","position":1,"name":"In\u00edcio","item":"https:\/\/jornaldasoficinas.com\/pt\/"},{"@type":"ListItem","position":2,"name":"Um Novo Regulamento de Baterias"}]},{"@type":"WebSite","@id":"https:\/\/jornaldasoficinas.com\/pt\/#website","url":"https:\/\/jornaldasoficinas.com\/pt\/","name":"Jornal das Oficinas","description":"Jornal independente do Aftermarket Autom\u00f3vel em Portugal","publisher":{"@id":"https:\/\/jornaldasoficinas.com\/pt\/#organization"},"potentialAction":[{"@type":"SearchAction","target":{"@type":"EntryPoint","urlTemplate":"https:\/\/jornaldasoficinas.com\/pt\/?s={search_term_string}"},"query-input":{"@type":"PropertyValueSpecification","valueRequired":true,"valueName":"search_term_string"}}],"inLanguage":"pt-PT"},{"@type":"Organization","@id":"https:\/\/jornaldasoficinas.com\/pt\/#organization","name":"Jornal das Oficinas","url":"https:\/\/jornaldasoficinas.com\/pt\/","logo":{"@type":"ImageObject","inLanguage":"pt-PT","@id":"https:\/\/jornaldasoficinas.com\/pt\/#\/schema\/logo\/image\/","url":"https:\/\/jornaldasoficinas.com\/pt\/wp-content\/uploads\/logoJO-SEO.png","contentUrl":"https:\/\/jornaldasoficinas.com\/pt\/wp-content\/uploads\/logoJO-SEO.png","width":285,"height":450,"caption":"Jornal das Oficinas"},"image":{"@id":"https:\/\/jornaldasoficinas.com\/pt\/#\/schema\/logo\/image\/"},"sameAs":["https:\/\/www.facebook.com\/jornaloficinas","https:\/\/x.com\/jornaloficinas","https:\/\/www.instagram.com\/jornal_oficinas\/","https:\/\/www.linkedin.com\/company\/jornal-das-oficinas\/","https:\/\/www.youtube.com\/channel\/UCbQZBqtcvV-oSQrr7RzINGg"]},{"@type":"Person","@id":"https:\/\/jornaldasoficinas.com\/pt\/#\/schema\/person\/a38eef5de2c41d9e7c9ac10141afddf3","name":"Reda\u00e7\u00e3o JO","image":{"@type":"ImageObject","inLanguage":"pt-PT","@id":"https:\/\/secure.gravatar.com\/avatar\/71f2fa71737ad68a84fea94bc708ddac8ea5b0c4788dc2ad202f3ccb2887742f?s=96&d=wp_user_avatar&r=g","url":"https:\/\/secure.gravatar.com\/avatar\/71f2fa71737ad68a84fea94bc708ddac8ea5b0c4788dc2ad202f3ccb2887742f?s=96&d=wp_user_avatar&r=g","contentUrl":"https:\/\/secure.gravatar.com\/avatar\/71f2fa71737ad68a84fea94bc708ddac8ea5b0c4788dc2ad202f3ccb2887742f?s=96&d=wp_user_avatar&r=g","caption":"Reda\u00e7\u00e3o JO"},"url":"https:\/\/jornaldasoficinas.com\/pt\/author\/joredacao\/"}]}},"_links":{"self":[{"href":"https:\/\/jornaldasoficinas.com\/pt\/wp-json\/wp\/v2\/posts\/74951","targetHints":{"allow":["GET"]}}],"collection":[{"href":"https:\/\/jornaldasoficinas.com\/pt\/wp-json\/wp\/v2\/posts"}],"about":[{"href":"https:\/\/jornaldasoficinas.com\/pt\/wp-json\/wp\/v2\/types\/post"}],"author":[{"embeddable":true,"href":"https:\/\/jornaldasoficinas.com\/pt\/wp-json\/wp\/v2\/users\/15"}],"replies":[{"embeddable":true,"href":"https:\/\/jornaldasoficinas.com\/pt\/wp-json\/wp\/v2\/comments?post=74951"}],"version-history":[{"count":0,"href":"https:\/\/jornaldasoficinas.com\/pt\/wp-json\/wp\/v2\/posts\/74951\/revisions"}],"wp:featuredmedia":[{"embeddable":true,"href":"https:\/\/jornaldasoficinas.com\/pt\/wp-json\/wp\/v2\/media\/74934"}],"wp:attachment":[{"href":"https:\/\/jornaldasoficinas.com\/pt\/wp-json\/wp\/v2\/media?parent=74951"}],"wp:term":[{"taxonomy":"category","embeddable":true,"href":"https:\/\/jornaldasoficinas.com\/pt\/wp-json\/wp\/v2\/categories?post=74951"},{"taxonomy":"post_tag","embeddable":true,"href":"https:\/\/jornaldasoficinas.com\/pt\/wp-json\/wp\/v2\/tags?post=74951"}],"curies":[{"name":"wp","href":"https:\/\/api.w.org\/{rel}","templated":true}]}}