{"id":75027,"date":"2023-11-22T16:00:08","date_gmt":"2023-11-22T16:00:08","guid":{"rendered":"https:\/\/jornaldasoficinas.com\/pt\/?p=75027"},"modified":"2023-11-22T16:08:22","modified_gmt":"2023-11-22T16:08:22","slug":"atr-ipas-forum-chega-ao-fim-com-sucesso","status":"publish","type":"post","link":"https:\/\/jornaldasoficinas.com\/pt\/atr-ipas-forum-chega-ao-fim-com-sucesso\/","title":{"rendered":"ATR IPAS FORUM chega ao fim com sucesso!"},"content":{"rendered":"<p><img loading=\"lazy\" decoding=\"async\" class=\"size-full wp-image-75037\" src=\"https:\/\/jornaldasoficinas.com\/pt\/wp-content\/uploads\/2023\/11\/ATR-IPAS-FORUM-chega-ao-fim.jpg\" alt=\"11 - ATR IPAS FORUM chega ao fim\" width=\"1024\" height=\"581\" srcset=\"https:\/\/jornaldasoficinas.com\/pt\/wp-content\/uploads\/2023\/11\/ATR-IPAS-FORUM-chega-ao-fim.jpg 1024w, https:\/\/jornaldasoficinas.com\/pt\/wp-content\/uploads\/2023\/11\/ATR-IPAS-FORUM-chega-ao-fim-300x170.jpg 300w, https:\/\/jornaldasoficinas.com\/pt\/wp-content\/uploads\/2023\/11\/ATR-IPAS-FORUM-chega-ao-fim-150x85.jpg 150w, https:\/\/jornaldasoficinas.com\/pt\/wp-content\/uploads\/2023\/11\/ATR-IPAS-FORUM-chega-ao-fim-768x436.jpg 768w\" sizes=\"auto, (max-width: 1024px) 100vw, 1024px\" \/><\/p>\n<p><strong>Cerca de 230 acionistas da <a href=\"https:\/\/www.atr.de\/en\/\" target=\"_blank\" rel=\"noopener\">ATR<\/a> e fornecedores do IPAS (International Preferred ATR Suppliers) realizaram cerca de 700 debates durante o f\u00f3rum que teve lugar mais uma vez em Berlim, no Hotel ESTREL. Pedro Proen\u00e7a e Carlos Nascimento, da <a href=\"https:\/\/www.createbusiness.pt\/\" target=\"_blank\" rel=\"noopener\">Create Business<\/a>, estiveram presentes no evento onde a ATR ofereceu aos seus accionistas e fornecedores do IPAS uma plataforma para a realiza\u00e7\u00e3o de reuni\u00f5es estrat\u00e9gicas frente a frente, o refor\u00e7o das rela\u00e7\u00f5es existentes, a identifica\u00e7\u00e3o de novos potenciais de neg\u00f3cio e a cria\u00e7\u00e3o de novas parcerias comerciais.<\/strong><\/p>\n<p>O evento centrou-se em 43 cabinas de reuni\u00e3o para encontros presenciais de 35 minutos entre os accionistas da ATR e os International Preferred ATR Suppliers (Fornecedores IPAS).<\/p>\n<p>O grande n\u00famero de participantes \u00e9 um testemunho do formato bem sucedido do evento &#8211; um f\u00f3rum recorrente estabelecido em 2006 que enfatiza a intera\u00e7\u00e3o pessoal entre os acionistas e os fornecedores IPAS.<\/p>\n<p>&#8220;N\u00e3o h\u00e1 substituto para o di\u00e1logo face a face. O F\u00f3rum IPAS \u00e9 \u00fanico no seu g\u00e9nero. Ao contr\u00e1rio das feiras ou confer\u00eancias convencionais, damos prioridade ao contacto pessoal ativo entre os nossos acionistas e os fornecedores da IPAS&#8221;, afirma Warren Espinoza, CEO da ATR International AG.<\/p>\n<p>&#8220;As reuni\u00f5es presenciais sempre foram a pedra angular de uma comunica\u00e7\u00e3o e colabora\u00e7\u00e3o eficazes. Criam confian\u00e7a, fomentam a criatividade e refor\u00e7am as rela\u00e7\u00f5es de uma forma que as intera\u00e7\u00f5es virtuais simplesmente n\u00e3o conseguem replicar. Estas reuni\u00f5es proporcionam um n\u00edvel de liga\u00e7\u00e3o que transcende as fronteiras digitais e cria uma confian\u00e7a que \u00e9 muitas vezes dif\u00edcil de estabelecer virtualmente&#8221;, acrescenta.<\/p>\n<p>Enquanto as reuni\u00f5es formais proporcionaram, mais uma vez, a oportunidade perfeita para discuss\u00f5es estruturadas e para alavancar o potencial comercial existente, os intervalos informais e o popular programa noturno permitiram a constru\u00e7\u00e3o de rela\u00e7\u00f5es espont\u00e2neas e o refor\u00e7o das rela\u00e7\u00f5es comerciais existentes.<\/p>\n<p>A ideia subjacente ao conceito IPAS, introduzido em 2005, \u00e9 estabelecer uma carteira de fornecedores IPAS que seja t\u00e3o normalizada quanto poss\u00edvel. Desta forma, as gamas de produtos podem ser melhor agrupadas.<\/p>\n<p><strong>Pr\u00e9mios IPAS<br \/>\n<\/strong>Este ano, a novidade no programa foram os Pr\u00e9mios IPAS. Foi uma ocasi\u00e3o memor\u00e1vel em que a ATR teve o privil\u00e9gio de reconhecer e homenagear os seus fornecedores IPAS com melhor desempenho de 2023 em tr\u00eas categorias distintas: &#8220;Excel\u00eancia em Log\u00edstica&#8221;, &#8220;Excel\u00eancia em Marketing&#8221; e &#8220;Excel\u00eancia em Inova\u00e7\u00e3o&#8221;. Al\u00e9m disso, a ATR teve muito orgulho em apresentar o pr\u00e9mio &#8220;Fornecedor do ano&#8221;.<\/p>\n<p><strong>Os vencedores foram:<br \/>\n<\/strong>Excel\u00eancia em Log\u00edstica &#8211; Bosch. A Bosch alcan\u00e7ou a excel\u00eancia em log\u00edstica, o que representa um feito espantoso neste dom\u00ednio dif\u00edcil e muito sofisticado, com os seus muitos obst\u00e1culos.<\/p>\n<p>Excel\u00eancia em Marketing &#8211; Schaeffler. A Schaeffler emergiu como o principal concorrente na categoria Marketing, tendo sido avaliada em v\u00e1rias facetas, incluindo a marca do produto, iniciativas de marketing durante todo o ano, apoio ativo aos acionistas da ATR em eventos como feiras comerciais e uma profici\u00eancia e dedica\u00e7\u00e3o demonstradas aos conceitos de oficina da ATR, tamb\u00e9m em termos de compet\u00eancia de forma\u00e7\u00e3o.<\/p>\n<p>Excel\u00eancia em Inova\u00e7\u00e3o &#8211; Bosch. A Bosch foi reconhecida como um l\u00edder em inova\u00e7\u00e3o que nos guia para o futuro atrav\u00e9s do desenvolvimento de novas tecnologias e solu\u00e7\u00f5es para os desafios de amanh\u00e3.<\/p>\n<p>Fornecedor do Ano 2023 &#8211; Elring Klinger. A Elring Klinger demonstrou excel\u00eancia em todas as categorias, ao mesmo tempo que promoveu parcerias s\u00f3lidas com os acionistas da ATR e a sede da ATR. Este reconhecimento \u00e9 um testemunho do seu excelente desempenho e abordagem colaborativa.<\/p>\n<p><strong>Sobre a ATR<br \/>\n<\/strong>A ATR foi fundada em 1967. Nessa altura, cinco empresas comerciais l\u00edderes no com\u00e9rcio independente de pe\u00e7as para autom\u00f3veis na Alemanha juntaram-se para formar uma comunidade forte.<\/p>\n<p>A ATR International AG, com sede em Estugarda, foi fundada em 1999 e \u00e9 a continua\u00e7\u00e3o desta ideia e uma resposta \u00e0 evolu\u00e7\u00e3o das estruturas empresariais e de mercado na Europa. Atualmente, 42 acionistas com mais de 286 empresas comerciais de 62 pa\u00edses s\u00e3o membros da ATR Inter-national AG e geraram um volume de neg\u00f3cios de 33,85 mil milh\u00f5es de euros em 2022.<\/p>\n<p>Para mais informa\u00e7\u00f5es sobre a ATR International AG clique <a href=\"https:\/\/www.atr.de\/en\/\" target=\"_blank\" rel=\"noopener\">aqui<\/a>.<\/p>\n<div class=\"wonderplugingallery-container\" id=\"wonderplugingallery-container-167\" style=\"max-width:960px;margin:0 auto;\"><div class=\"wonderplugingallery\" id=\"wonderplugingallery-167\" data-galleryid=\"167\" data-width=\"960\" data-height=\"540\" data-skin=\"gallery\" data-playsinline=\"false\" data-mutevideo=\"false\" data-random=\"false\" data-autoslide=\"false\" data-autoplayvideo=\"false\" data-schemamarkup=\"false\" data-stopallplaying=\"false\" data-reloadonvideoend=\"false\" data-donotuseposter=\"false\" data-enabletabindex=\"false\" data-loadnextonvideoend=\"false\" data-hidetitlewhenvideoisplaying=\"false\" data-disablehovereventontouch=\"false\" data-autoslideandplayafterfirstplayed=\"false\" data-html5player=\"true\" data-responsive=\"true\" data-fullwidth=\"false\" data-showtitle=\"true\" data-showdescription=\"true\" data-showplaybutton=\"true\" data-showfullscreenbutton=\"true\" data-showtimer=\"true\" data-showcarousel=\"true\" data-galleryshadow=\"false\" data-slideshadow=\"true\" data-thumbshowtitle=\"false\" data-thumbshowimage=\"true\" data-thumbshadow=\"true\" data-lightboxshowtitle=\"true\" data-lightboxshowdescription=\"true\" data-specifyid=\"true\" data-donotinit=\"false\" data-addinitscript=\"false\" data-triggerresize=\"false\" data-thumbcolumnsresponsive=\"false\" data-thumbverticalmiddle=\"true\" data-removeinlinecss=\"true\" data-switchonmouseover=\"false\" data-showcategory=\"true\" data-carouselpagination=\"false\" data-showimgtitle=\"false\" data-titlesmallscreen=\"false\" data-initsocial=\"true\" data-showsocial=\"false\" data-showemail=\"false\" data-showfacebook=\"true\" data-showtwitter=\"true\" data-showpinterest=\"true\" data-socialrotateeffect=\"true\" data-doshortcodeontext=\"false\" data-loop=\"0\" data-duration=\"1500\" data-slideduration=\"1000\" data-slideshowinterval=\"6000\" data-googleanalyticsaccount=\"\" data-ga4account=\"\" data-resizemode=\"fill\" data-imagetoolboxmode=\"mouseover\" data-effect=\"fade\" data-padding=\"12\" data-bgcolor=\"\" data-bgimage=\"\" data-thumbwidth=\"120\" data-thumbheight=\"60\" data-thumbgap=\"8\" data-thumbrowgap=\"16\" data-lightboxtextheight=\"72\" data-lightboxtitlecss=\"{color:#333333; font:bold 12px Arial,Helvetica,sans-serif; overflow:hidden; white-space:normal; line-height:18px;}\" data-lightboxdescriptioncss=\"{color:#333333; font:normal 12px Arial,Helvetica,sans-serif; overflow:hidden; white-space:normal; line-height:14px;}\" data-titlecss=\"{color:#ffffff; font-size:14px; font-family:Armata, sans-serif, Arial; overflow:hidden; text-align:left; padding:10px 0px 10px 10px; background:rgb(102, 102, 102) transparent; background:rgba(102, 102, 102, 0.6);}\" data-descriptioncss=\"{color:#ffffff; font-size:13px; font-family:Armata, sans-serif, Arial; overflow:hidden; text-align:left; padding:0px 0px 10px 10px; background:rgb(102, 102, 102) transparent; background:rgba(102, 102, 102, 0.6);}\" data-titleheight=\"72\" data-titlesmallscreenwidth=\"640\" data-titleheightsmallscreen=\"148\" data-socialmode=\"mouseover\" data-socialposition=\"position:absolute;top:8px;right:8px;\" data-socialpositionlightbox=\"position:absolute;top:8px;right:8px;\" data-socialdirection=\"horizontal\" data-socialbuttonsize=\"32\" data-socialbuttonfontsize=\"18\" data-defaultvideovolume=\"1\" data-thumbtitleheight=\"24\" data-thumbmediumtitleheight=\"48\" data-thumbsmalltitleheight=\"72\" data-categoryheight=\"48\" data-categorydefault=\"all\" data-triggerresizedelay=\"100\" data-thumbmediumsize=\"800\" data-thumbsmallsize=\"480\" data-thumbmediumwidth=\"64\" data-thumbmediumheight=\"64\" data-thumbsmallwidth=\"48\" data-thumbsmallheight=\"48\" data-imgtitle=\"title\" data-carouselpaginationrow=\"3\" data-categorystyle=\"dropdown\" data-categorylist=\"[{&quot;slug&quot;:&quot;all&quot;,&quot;caption&quot;:&quot;Show All&quot;}]\" data-jsfolder=\"https:\/\/jornaldasoficinas.com\/pt\/wp-content\/plugins\/wonderplugin-gallery\/engine\/\" style=\"display:none;\" ><a class=\"html5galleryimglink\" href=\"https:\/\/jornaldasoficinas.com\/pt\/wp-content\/uploads\/2023\/11\/ATR-IPAS-FORUM\/Bild (1).png\" data-mediatype=1><img decoding=\"async\" class=\"html5galleryimg html5gallery-tn-image\" src=\"https:\/\/jornaldasoficinas.com\/pt\/wp-content\/uploads\/2023\/11\/ATR-IPAS-FORUM\/Bild (1).png\" alt=\"\"><\/a><div class=\"html5gallery-info\"><\/div><a class=\"html5galleryimglink\" href=\"https:\/\/jornaldasoficinas.com\/pt\/wp-content\/uploads\/2023\/11\/ATR-IPAS-FORUM\/Bild.png\" data-mediatype=1><img decoding=\"async\" class=\"html5galleryimg html5gallery-tn-image\" src=\"https:\/\/jornaldasoficinas.com\/pt\/wp-content\/uploads\/2023\/11\/ATR-IPAS-FORUM\/Bild.png\" alt=\"\"><\/a><div class=\"html5gallery-info\"><\/div><a class=\"html5galleryimglink\" href=\"https:\/\/jornaldasoficinas.com\/pt\/wp-content\/uploads\/2023\/11\/ATR-IPAS-FORUM\/FORUM_VORAB-7503.jpg\" data-mediatype=1><img decoding=\"async\" class=\"html5galleryimg html5gallery-tn-image\" src=\"https:\/\/jornaldasoficinas.com\/pt\/wp-content\/uploads\/2023\/11\/ATR-IPAS-FORUM\/FORUM_VORAB-7503.jpg\" alt=\"\"><\/a><div class=\"html5gallery-info\"><\/div><a class=\"html5galleryimglink\" href=\"https:\/\/jornaldasoficinas.com\/pt\/wp-content\/uploads\/2023\/11\/ATR-IPAS-FORUM\/IMG_0092.JPG\" data-mediatype=1><img decoding=\"async\" class=\"html5galleryimg html5gallery-tn-image\" src=\"https:\/\/jornaldasoficinas.com\/pt\/wp-content\/uploads\/2023\/11\/ATR-IPAS-FORUM\/IMG_0092.JPG\" alt=\"\"><\/a><div class=\"html5gallery-info\"><\/div><a class=\"html5galleryimglink\" href=\"https:\/\/jornaldasoficinas.com\/pt\/wp-content\/uploads\/2023\/11\/ATR-IPAS-FORUM\/IMG_0128.JPG\" data-mediatype=1><img decoding=\"async\" class=\"html5galleryimg html5gallery-tn-image\" src=\"https:\/\/jornaldasoficinas.com\/pt\/wp-content\/uploads\/2023\/11\/ATR-IPAS-FORUM\/IMG_0128.JPG\" alt=\"\"><\/a><div class=\"html5gallery-info\"><\/div><a class=\"html5galleryimglink\" href=\"https:\/\/jornaldasoficinas.com\/pt\/wp-content\/uploads\/2023\/11\/ATR-IPAS-FORUM\/IMG_0134.JPG\" data-mediatype=1><img decoding=\"async\" class=\"html5galleryimg html5gallery-tn-image\" src=\"https:\/\/jornaldasoficinas.com\/pt\/wp-content\/uploads\/2023\/11\/ATR-IPAS-FORUM\/IMG_0134.JPG\" alt=\"\"><\/a><div class=\"html5gallery-info\"><\/div><a class=\"html5galleryimglink\" href=\"https:\/\/jornaldasoficinas.com\/pt\/wp-content\/uploads\/2023\/11\/ATR-IPAS-FORUM\/LOCATION_VORAB-7324.jpg\" data-mediatype=1><img decoding=\"async\" class=\"html5galleryimg html5gallery-tn-image\" src=\"https:\/\/jornaldasoficinas.com\/pt\/wp-content\/uploads\/2023\/11\/ATR-IPAS-FORUM\/LOCATION_VORAB-7324.jpg\" alt=\"\"><\/a><div class=\"html5gallery-info\"><\/div><\/div><\/div><script>function wondergallery_167_appendcss(csscode) {var head=document.head || document.getElementsByTagName(\"head\")[0];var style=document.createElement(\"style\");head.appendChild(style);style.type=\"text\/css\";if (style.styleSheet){style.styleSheet.cssText=csscode;} else {style.appendChild(document.createTextNode(csscode));}};wondergallery_167_appendcss(\"#wonderplugingallery-167 .html5gallery-cat-selection-167 { \tbox-sizing: border-box; \ttext-align: center; }  #wonderplugingallery-167 .html5gallery-cat-selection-167 select { \tbox-sizing: border-box; \tmargin: 4px auto; }\");<\/script>\n","protected":false},"excerpt":{"rendered":"<p>Cerca de 230 acionistas da ATR&#8230;<\/p>\n","protected":false},"author":15,"featured_media":75037,"comment_status":"closed","ping_status":"closed","sticky":false,"template":"","format":"standard","meta":{"footnotes":""},"categories":[37],"tags":[918,6235,874,6681,6682],"class_list":["post-75027","post","type-post","status-publish","format-standard","has-post-thumbnail","hentry","category-mercado","tag-atr","tag-berlim","tag-create-business","tag-hotel-estrel","tag-ipas"],"yoast_head":"<!-- This site is optimized with the Yoast SEO plugin v27.5 - https:\/\/yoast.com\/product\/yoast-seo-wordpress\/ -->\n<title>ATR IPAS FORUM chega ao fim com sucesso! - Jornal das Oficinas<\/title>\n<meta name=\"description\" content=\"Cerca de 230 acionistas da ATR e fornecedores do IPAS (International Preferred ATR Suppliers) realizaram cerca de 700 debates durante o f\u00f3rum\" \/>\n<meta name=\"robots\" content=\"index, follow, max-snippet:-1, max-image-preview:large, max-video-preview:-1\" \/>\n<link rel=\"canonical\" href=\"https:\/\/jornaldasoficinas.com\/pt\/atr-ipas-forum-chega-ao-fim-com-sucesso\/\" \/>\n<meta property=\"og:locale\" content=\"pt_PT\" \/>\n<meta property=\"og:type\" content=\"article\" \/>\n<meta property=\"og:title\" content=\"ATR IPAS FORUM chega ao fim com sucesso! - Jornal das Oficinas\" \/>\n<meta property=\"og:description\" content=\"Cerca de 230 acionistas da ATR e fornecedores do IPAS (International Preferred ATR Suppliers) realizaram cerca de 700 debates durante o f\u00f3rum\" \/>\n<meta property=\"og:url\" content=\"https:\/\/jornaldasoficinas.com\/pt\/atr-ipas-forum-chega-ao-fim-com-sucesso\/\" \/>\n<meta property=\"og:site_name\" content=\"Jornal das Oficinas\" \/>\n<meta property=\"article:publisher\" content=\"https:\/\/www.facebook.com\/jornaloficinas\" \/>\n<meta property=\"article:published_time\" content=\"2023-11-22T16:00:08+00:00\" \/>\n<meta property=\"article:modified_time\" content=\"2023-11-22T16:08:22+00:00\" \/>\n<meta property=\"og:image\" content=\"https:\/\/jornaldasoficinas.com\/pt\/wp-content\/uploads\/2023\/11\/ATR-IPAS-FORUM-chega-ao-fim.jpg\" \/>\n\t<meta property=\"og:image:width\" content=\"1024\" \/>\n\t<meta property=\"og:image:height\" content=\"581\" \/>\n\t<meta property=\"og:image:type\" content=\"image\/jpeg\" \/>\n<meta name=\"author\" content=\"Reda\u00e7\u00e3o JO\" \/>\n<meta name=\"twitter:card\" content=\"summary_large_image\" \/>\n<meta name=\"twitter:creator\" content=\"@jornaloficinas\" \/>\n<meta name=\"twitter:site\" content=\"@jornaloficinas\" \/>\n<meta name=\"twitter:label1\" content=\"Escrito por\" \/>\n\t<meta name=\"twitter:data1\" content=\"Reda\u00e7\u00e3o JO\" \/>\n\t<meta name=\"twitter:label2\" content=\"Tempo estimado de leitura\" \/>\n\t<meta name=\"twitter:data2\" content=\"4 minutos\" \/>\n<script type=\"application\/ld+json\" class=\"yoast-schema-graph\">{\"@context\":\"https:\\\/\\\/schema.org\",\"@graph\":[{\"@type\":\"Article\",\"@id\":\"https:\\\/\\\/jornaldasoficinas.com\\\/pt\\\/atr-ipas-forum-chega-ao-fim-com-sucesso\\\/#article\",\"isPartOf\":{\"@id\":\"https:\\\/\\\/jornaldasoficinas.com\\\/pt\\\/atr-ipas-forum-chega-ao-fim-com-sucesso\\\/\"},\"author\":{\"name\":\"Reda\u00e7\u00e3o JO\",\"@id\":\"https:\\\/\\\/jornaldasoficinas.com\\\/pt\\\/#\\\/schema\\\/person\\\/a38eef5de2c41d9e7c9ac10141afddf3\"},\"headline\":\"ATR IPAS FORUM chega ao fim com sucesso!\",\"datePublished\":\"2023-11-22T16:00:08+00:00\",\"dateModified\":\"2023-11-22T16:08:22+00:00\",\"mainEntityOfPage\":{\"@id\":\"https:\\\/\\\/jornaldasoficinas.com\\\/pt\\\/atr-ipas-forum-chega-ao-fim-com-sucesso\\\/\"},\"wordCount\":744,\"publisher\":{\"@id\":\"https:\\\/\\\/jornaldasoficinas.com\\\/pt\\\/#organization\"},\"image\":{\"@id\":\"https:\\\/\\\/jornaldasoficinas.com\\\/pt\\\/atr-ipas-forum-chega-ao-fim-com-sucesso\\\/#primaryimage\"},\"thumbnailUrl\":\"https:\\\/\\\/jornaldasoficinas.com\\\/pt\\\/wp-content\\\/uploads\\\/2023\\\/11\\\/ATR-IPAS-FORUM-chega-ao-fim.jpg\",\"keywords\":[\"ATR\",\"Berlim\",\"Create Business\",\"Hotel ESTREL\",\"IPAS\"],\"articleSection\":[\"Mercado\"],\"inLanguage\":\"pt-PT\"},{\"@type\":\"WebPage\",\"@id\":\"https:\\\/\\\/jornaldasoficinas.com\\\/pt\\\/atr-ipas-forum-chega-ao-fim-com-sucesso\\\/\",\"url\":\"https:\\\/\\\/jornaldasoficinas.com\\\/pt\\\/atr-ipas-forum-chega-ao-fim-com-sucesso\\\/\",\"name\":\"ATR IPAS FORUM chega ao fim com sucesso! - Jornal das Oficinas\",\"isPartOf\":{\"@id\":\"https:\\\/\\\/jornaldasoficinas.com\\\/pt\\\/#website\"},\"primaryImageOfPage\":{\"@id\":\"https:\\\/\\\/jornaldasoficinas.com\\\/pt\\\/atr-ipas-forum-chega-ao-fim-com-sucesso\\\/#primaryimage\"},\"image\":{\"@id\":\"https:\\\/\\\/jornaldasoficinas.com\\\/pt\\\/atr-ipas-forum-chega-ao-fim-com-sucesso\\\/#primaryimage\"},\"thumbnailUrl\":\"https:\\\/\\\/jornaldasoficinas.com\\\/pt\\\/wp-content\\\/uploads\\\/2023\\\/11\\\/ATR-IPAS-FORUM-chega-ao-fim.jpg\",\"datePublished\":\"2023-11-22T16:00:08+00:00\",\"dateModified\":\"2023-11-22T16:08:22+00:00\",\"description\":\"Cerca de 230 acionistas da ATR e fornecedores do IPAS (International Preferred ATR Suppliers) realizaram cerca de 700 debates durante o f\u00f3rum\",\"breadcrumb\":{\"@id\":\"https:\\\/\\\/jornaldasoficinas.com\\\/pt\\\/atr-ipas-forum-chega-ao-fim-com-sucesso\\\/#breadcrumb\"},\"inLanguage\":\"pt-PT\",\"potentialAction\":[{\"@type\":\"ReadAction\",\"target\":[\"https:\\\/\\\/jornaldasoficinas.com\\\/pt\\\/atr-ipas-forum-chega-ao-fim-com-sucesso\\\/\"]}]},{\"@type\":\"ImageObject\",\"inLanguage\":\"pt-PT\",\"@id\":\"https:\\\/\\\/jornaldasoficinas.com\\\/pt\\\/atr-ipas-forum-chega-ao-fim-com-sucesso\\\/#primaryimage\",\"url\":\"https:\\\/\\\/jornaldasoficinas.com\\\/pt\\\/wp-content\\\/uploads\\\/2023\\\/11\\\/ATR-IPAS-FORUM-chega-ao-fim.jpg\",\"contentUrl\":\"https:\\\/\\\/jornaldasoficinas.com\\\/pt\\\/wp-content\\\/uploads\\\/2023\\\/11\\\/ATR-IPAS-FORUM-chega-ao-fim.jpg\",\"width\":1024,\"height\":581,\"caption\":\"ATR IPAS Forum Berlin, Estrel, November 2023\"},{\"@type\":\"BreadcrumbList\",\"@id\":\"https:\\\/\\\/jornaldasoficinas.com\\\/pt\\\/atr-ipas-forum-chega-ao-fim-com-sucesso\\\/#breadcrumb\",\"itemListElement\":[{\"@type\":\"ListItem\",\"position\":1,\"name\":\"In\u00edcio\",\"item\":\"https:\\\/\\\/jornaldasoficinas.com\\\/pt\\\/\"},{\"@type\":\"ListItem\",\"position\":2,\"name\":\"ATR IPAS FORUM chega ao fim com sucesso!\"}]},{\"@type\":\"WebSite\",\"@id\":\"https:\\\/\\\/jornaldasoficinas.com\\\/pt\\\/#website\",\"url\":\"https:\\\/\\\/jornaldasoficinas.com\\\/pt\\\/\",\"name\":\"Jornal das Oficinas\",\"description\":\"Jornal independente do Aftermarket Autom\u00f3vel em Portugal\",\"publisher\":{\"@id\":\"https:\\\/\\\/jornaldasoficinas.com\\\/pt\\\/#organization\"},\"potentialAction\":[{\"@type\":\"SearchAction\",\"target\":{\"@type\":\"EntryPoint\",\"urlTemplate\":\"https:\\\/\\\/jornaldasoficinas.com\\\/pt\\\/?s={search_term_string}\"},\"query-input\":{\"@type\":\"PropertyValueSpecification\",\"valueRequired\":true,\"valueName\":\"search_term_string\"}}],\"inLanguage\":\"pt-PT\"},{\"@type\":\"Organization\",\"@id\":\"https:\\\/\\\/jornaldasoficinas.com\\\/pt\\\/#organization\",\"name\":\"Jornal das Oficinas\",\"url\":\"https:\\\/\\\/jornaldasoficinas.com\\\/pt\\\/\",\"logo\":{\"@type\":\"ImageObject\",\"inLanguage\":\"pt-PT\",\"@id\":\"https:\\\/\\\/jornaldasoficinas.com\\\/pt\\\/#\\\/schema\\\/logo\\\/image\\\/\",\"url\":\"https:\\\/\\\/jornaldasoficinas.com\\\/pt\\\/wp-content\\\/uploads\\\/logoJO-SEO.png\",\"contentUrl\":\"https:\\\/\\\/jornaldasoficinas.com\\\/pt\\\/wp-content\\\/uploads\\\/logoJO-SEO.png\",\"width\":285,\"height\":450,\"caption\":\"Jornal das Oficinas\"},\"image\":{\"@id\":\"https:\\\/\\\/jornaldasoficinas.com\\\/pt\\\/#\\\/schema\\\/logo\\\/image\\\/\"},\"sameAs\":[\"https:\\\/\\\/www.facebook.com\\\/jornaloficinas\",\"https:\\\/\\\/x.com\\\/jornaloficinas\",\"https:\\\/\\\/www.instagram.com\\\/jornal_oficinas\\\/\",\"https:\\\/\\\/www.linkedin.com\\\/company\\\/jornal-das-oficinas\\\/\",\"https:\\\/\\\/www.youtube.com\\\/channel\\\/UCbQZBqtcvV-oSQrr7RzINGg\"]},{\"@type\":\"Person\",\"@id\":\"https:\\\/\\\/jornaldasoficinas.com\\\/pt\\\/#\\\/schema\\\/person\\\/a38eef5de2c41d9e7c9ac10141afddf3\",\"name\":\"Reda\u00e7\u00e3o JO\",\"image\":{\"@type\":\"ImageObject\",\"inLanguage\":\"pt-PT\",\"@id\":\"https:\\\/\\\/secure.gravatar.com\\\/avatar\\\/71f2fa71737ad68a84fea94bc708ddac8ea5b0c4788dc2ad202f3ccb2887742f?s=96&d=wp_user_avatar&r=g\",\"url\":\"https:\\\/\\\/secure.gravatar.com\\\/avatar\\\/71f2fa71737ad68a84fea94bc708ddac8ea5b0c4788dc2ad202f3ccb2887742f?s=96&d=wp_user_avatar&r=g\",\"contentUrl\":\"https:\\\/\\\/secure.gravatar.com\\\/avatar\\\/71f2fa71737ad68a84fea94bc708ddac8ea5b0c4788dc2ad202f3ccb2887742f?s=96&d=wp_user_avatar&r=g\",\"caption\":\"Reda\u00e7\u00e3o JO\"},\"url\":\"https:\\\/\\\/jornaldasoficinas.com\\\/pt\\\/author\\\/joredacao\\\/\"}]}<\/script>\n<!-- \/ Yoast SEO plugin. -->","yoast_head_json":{"title":"ATR IPAS FORUM chega ao fim com sucesso! - Jornal das Oficinas","description":"Cerca de 230 acionistas da ATR e fornecedores do IPAS (International Preferred ATR Suppliers) realizaram cerca de 700 debates durante o f\u00f3rum","robots":{"index":"index","follow":"follow","max-snippet":"max-snippet:-1","max-image-preview":"max-image-preview:large","max-video-preview":"max-video-preview:-1"},"canonical":"https:\/\/jornaldasoficinas.com\/pt\/atr-ipas-forum-chega-ao-fim-com-sucesso\/","og_locale":"pt_PT","og_type":"article","og_title":"ATR IPAS FORUM chega ao fim com sucesso! - Jornal das Oficinas","og_description":"Cerca de 230 acionistas da ATR e fornecedores do IPAS (International Preferred ATR Suppliers) realizaram cerca de 700 debates durante o f\u00f3rum","og_url":"https:\/\/jornaldasoficinas.com\/pt\/atr-ipas-forum-chega-ao-fim-com-sucesso\/","og_site_name":"Jornal das Oficinas","article_publisher":"https:\/\/www.facebook.com\/jornaloficinas","article_published_time":"2023-11-22T16:00:08+00:00","article_modified_time":"2023-11-22T16:08:22+00:00","og_image":[{"width":1024,"height":581,"url":"https:\/\/jornaldasoficinas.com\/pt\/wp-content\/uploads\/2023\/11\/ATR-IPAS-FORUM-chega-ao-fim.jpg","type":"image\/jpeg"}],"author":"Reda\u00e7\u00e3o JO","twitter_card":"summary_large_image","twitter_creator":"@jornaloficinas","twitter_site":"@jornaloficinas","twitter_misc":{"Escrito por":"Reda\u00e7\u00e3o JO","Tempo estimado de leitura":"4 minutos"},"schema":{"@context":"https:\/\/schema.org","@graph":[{"@type":"Article","@id":"https:\/\/jornaldasoficinas.com\/pt\/atr-ipas-forum-chega-ao-fim-com-sucesso\/#article","isPartOf":{"@id":"https:\/\/jornaldasoficinas.com\/pt\/atr-ipas-forum-chega-ao-fim-com-sucesso\/"},"author":{"name":"Reda\u00e7\u00e3o JO","@id":"https:\/\/jornaldasoficinas.com\/pt\/#\/schema\/person\/a38eef5de2c41d9e7c9ac10141afddf3"},"headline":"ATR IPAS FORUM chega ao fim com sucesso!","datePublished":"2023-11-22T16:00:08+00:00","dateModified":"2023-11-22T16:08:22+00:00","mainEntityOfPage":{"@id":"https:\/\/jornaldasoficinas.com\/pt\/atr-ipas-forum-chega-ao-fim-com-sucesso\/"},"wordCount":744,"publisher":{"@id":"https:\/\/jornaldasoficinas.com\/pt\/#organization"},"image":{"@id":"https:\/\/jornaldasoficinas.com\/pt\/atr-ipas-forum-chega-ao-fim-com-sucesso\/#primaryimage"},"thumbnailUrl":"https:\/\/jornaldasoficinas.com\/pt\/wp-content\/uploads\/2023\/11\/ATR-IPAS-FORUM-chega-ao-fim.jpg","keywords":["ATR","Berlim","Create Business","Hotel ESTREL","IPAS"],"articleSection":["Mercado"],"inLanguage":"pt-PT"},{"@type":"WebPage","@id":"https:\/\/jornaldasoficinas.com\/pt\/atr-ipas-forum-chega-ao-fim-com-sucesso\/","url":"https:\/\/jornaldasoficinas.com\/pt\/atr-ipas-forum-chega-ao-fim-com-sucesso\/","name":"ATR IPAS FORUM chega ao fim com sucesso! - Jornal das Oficinas","isPartOf":{"@id":"https:\/\/jornaldasoficinas.com\/pt\/#website"},"primaryImageOfPage":{"@id":"https:\/\/jornaldasoficinas.com\/pt\/atr-ipas-forum-chega-ao-fim-com-sucesso\/#primaryimage"},"image":{"@id":"https:\/\/jornaldasoficinas.com\/pt\/atr-ipas-forum-chega-ao-fim-com-sucesso\/#primaryimage"},"thumbnailUrl":"https:\/\/jornaldasoficinas.com\/pt\/wp-content\/uploads\/2023\/11\/ATR-IPAS-FORUM-chega-ao-fim.jpg","datePublished":"2023-11-22T16:00:08+00:00","dateModified":"2023-11-22T16:08:22+00:00","description":"Cerca de 230 acionistas da ATR e fornecedores do IPAS (International Preferred ATR Suppliers) realizaram cerca de 700 debates durante o f\u00f3rum","breadcrumb":{"@id":"https:\/\/jornaldasoficinas.com\/pt\/atr-ipas-forum-chega-ao-fim-com-sucesso\/#breadcrumb"},"inLanguage":"pt-PT","potentialAction":[{"@type":"ReadAction","target":["https:\/\/jornaldasoficinas.com\/pt\/atr-ipas-forum-chega-ao-fim-com-sucesso\/"]}]},{"@type":"ImageObject","inLanguage":"pt-PT","@id":"https:\/\/jornaldasoficinas.com\/pt\/atr-ipas-forum-chega-ao-fim-com-sucesso\/#primaryimage","url":"https:\/\/jornaldasoficinas.com\/pt\/wp-content\/uploads\/2023\/11\/ATR-IPAS-FORUM-chega-ao-fim.jpg","contentUrl":"https:\/\/jornaldasoficinas.com\/pt\/wp-content\/uploads\/2023\/11\/ATR-IPAS-FORUM-chega-ao-fim.jpg","width":1024,"height":581,"caption":"ATR IPAS Forum Berlin, Estrel, November 2023"},{"@type":"BreadcrumbList","@id":"https:\/\/jornaldasoficinas.com\/pt\/atr-ipas-forum-chega-ao-fim-com-sucesso\/#breadcrumb","itemListElement":[{"@type":"ListItem","position":1,"name":"In\u00edcio","item":"https:\/\/jornaldasoficinas.com\/pt\/"},{"@type":"ListItem","position":2,"name":"ATR IPAS FORUM chega ao fim com sucesso!"}]},{"@type":"WebSite","@id":"https:\/\/jornaldasoficinas.com\/pt\/#website","url":"https:\/\/jornaldasoficinas.com\/pt\/","name":"Jornal das Oficinas","description":"Jornal independente do Aftermarket Autom\u00f3vel em Portugal","publisher":{"@id":"https:\/\/jornaldasoficinas.com\/pt\/#organization"},"potentialAction":[{"@type":"SearchAction","target":{"@type":"EntryPoint","urlTemplate":"https:\/\/jornaldasoficinas.com\/pt\/?s={search_term_string}"},"query-input":{"@type":"PropertyValueSpecification","valueRequired":true,"valueName":"search_term_string"}}],"inLanguage":"pt-PT"},{"@type":"Organization","@id":"https:\/\/jornaldasoficinas.com\/pt\/#organization","name":"Jornal das Oficinas","url":"https:\/\/jornaldasoficinas.com\/pt\/","logo":{"@type":"ImageObject","inLanguage":"pt-PT","@id":"https:\/\/jornaldasoficinas.com\/pt\/#\/schema\/logo\/image\/","url":"https:\/\/jornaldasoficinas.com\/pt\/wp-content\/uploads\/logoJO-SEO.png","contentUrl":"https:\/\/jornaldasoficinas.com\/pt\/wp-content\/uploads\/logoJO-SEO.png","width":285,"height":450,"caption":"Jornal das Oficinas"},"image":{"@id":"https:\/\/jornaldasoficinas.com\/pt\/#\/schema\/logo\/image\/"},"sameAs":["https:\/\/www.facebook.com\/jornaloficinas","https:\/\/x.com\/jornaloficinas","https:\/\/www.instagram.com\/jornal_oficinas\/","https:\/\/www.linkedin.com\/company\/jornal-das-oficinas\/","https:\/\/www.youtube.com\/channel\/UCbQZBqtcvV-oSQrr7RzINGg"]},{"@type":"Person","@id":"https:\/\/jornaldasoficinas.com\/pt\/#\/schema\/person\/a38eef5de2c41d9e7c9ac10141afddf3","name":"Reda\u00e7\u00e3o JO","image":{"@type":"ImageObject","inLanguage":"pt-PT","@id":"https:\/\/secure.gravatar.com\/avatar\/71f2fa71737ad68a84fea94bc708ddac8ea5b0c4788dc2ad202f3ccb2887742f?s=96&d=wp_user_avatar&r=g","url":"https:\/\/secure.gravatar.com\/avatar\/71f2fa71737ad68a84fea94bc708ddac8ea5b0c4788dc2ad202f3ccb2887742f?s=96&d=wp_user_avatar&r=g","contentUrl":"https:\/\/secure.gravatar.com\/avatar\/71f2fa71737ad68a84fea94bc708ddac8ea5b0c4788dc2ad202f3ccb2887742f?s=96&d=wp_user_avatar&r=g","caption":"Reda\u00e7\u00e3o JO"},"url":"https:\/\/jornaldasoficinas.com\/pt\/author\/joredacao\/"}]}},"_links":{"self":[{"href":"https:\/\/jornaldasoficinas.com\/pt\/wp-json\/wp\/v2\/posts\/75027","targetHints":{"allow":["GET"]}}],"collection":[{"href":"https:\/\/jornaldasoficinas.com\/pt\/wp-json\/wp\/v2\/posts"}],"about":[{"href":"https:\/\/jornaldasoficinas.com\/pt\/wp-json\/wp\/v2\/types\/post"}],"author":[{"embeddable":true,"href":"https:\/\/jornaldasoficinas.com\/pt\/wp-json\/wp\/v2\/users\/15"}],"replies":[{"embeddable":true,"href":"https:\/\/jornaldasoficinas.com\/pt\/wp-json\/wp\/v2\/comments?post=75027"}],"version-history":[{"count":0,"href":"https:\/\/jornaldasoficinas.com\/pt\/wp-json\/wp\/v2\/posts\/75027\/revisions"}],"wp:featuredmedia":[{"embeddable":true,"href":"https:\/\/jornaldasoficinas.com\/pt\/wp-json\/wp\/v2\/media\/75037"}],"wp:attachment":[{"href":"https:\/\/jornaldasoficinas.com\/pt\/wp-json\/wp\/v2\/media?parent=75027"}],"wp:term":[{"taxonomy":"category","embeddable":true,"href":"https:\/\/jornaldasoficinas.com\/pt\/wp-json\/wp\/v2\/categories?post=75027"},{"taxonomy":"post_tag","embeddable":true,"href":"https:\/\/jornaldasoficinas.com\/pt\/wp-json\/wp\/v2\/tags?post=75027"}],"curies":[{"name":"wp","href":"https:\/\/api.w.org\/{rel}","templated":true}]}}