{"id":75237,"date":"2023-11-27T12:30:13","date_gmt":"2023-11-27T12:30:13","guid":{"rendered":"https:\/\/jornaldasoficinas.com\/pt\/?p=75237"},"modified":"2023-11-27T08:39:41","modified_gmt":"2023-11-27T08:39:41","slug":"napa-em-grande-no-circuito-do-estoril","status":"publish","type":"post","link":"https:\/\/jornaldasoficinas.com\/pt\/napa-em-grande-no-circuito-do-estoril\/","title":{"rendered":"NAPA em grande no circuito do Estoril"},"content":{"rendered":"<p><img loading=\"lazy\" decoding=\"async\" class=\"alignnone size-full wp-image-75238\" src=\"https:\/\/jornaldasoficinas.com\/pt\/wp-content\/uploads\/2023\/11\/NAPA-em-grande-no-circuito-do-Estoril.jpg\" alt=\"11 - NAPA em grande no circuito do Estoril\" width=\"1024\" height=\"581\" srcset=\"https:\/\/jornaldasoficinas.com\/pt\/wp-content\/uploads\/2023\/11\/NAPA-em-grande-no-circuito-do-Estoril.jpg 1024w, https:\/\/jornaldasoficinas.com\/pt\/wp-content\/uploads\/2023\/11\/NAPA-em-grande-no-circuito-do-Estoril-300x170.jpg 300w, https:\/\/jornaldasoficinas.com\/pt\/wp-content\/uploads\/2023\/11\/NAPA-em-grande-no-circuito-do-Estoril-150x85.jpg 150w, https:\/\/jornaldasoficinas.com\/pt\/wp-content\/uploads\/2023\/11\/NAPA-em-grande-no-circuito-do-Estoril-768x436.jpg 768w\" sizes=\"auto, (max-width: 1024px) 100vw, 1024px\" \/><\/p>\n<p><strong>O Circuito do Estoril recebeu no passado fim de semana, 25 e 26 de novembro, a \u00faltima ronda do <a href=\"https:\/\/www.circuito-estoril.pt\/comecou-o-fim-de-semana-de-todas-as-decisoes\/\" target=\"_blank\" rel=\"noopener\">NAPA RACING WEEKEND<\/a>, onde mais de 2.500 convidados da marca puderam viver as emo\u00e7\u00f5es de tr\u00eas corridas diferentes mas igualmente emocionantes: o Estoril Season Finale by NAPA, os trof\u00e9us monomarca Super Seven by Toyo Tires e Carbon Neutral Cup e o Legend Cars Iberian Series.<\/strong><\/p>\n<p>O aspeto mais significativo do evento foi a presen\u00e7a dos mais de 2.500 convidados da NAPA, em representa\u00e7\u00e3o das muitas oficinas clientes de produtos da marca, que atrav\u00e9s da Soulima tem vindo a consolidar a sua presen\u00e7a em Portugal.<\/p>\n<p>Atrav\u00e9s de um acordo com a Federa\u00e7\u00e3o Portuguesa de Automobilismos e Karting, a NAPA proporcionou um fim de semana repleto de emo\u00e7\u00f5es e muito conv\u00edvio aos seus clientes que compareceram em grande n\u00famero para assistir \u00e0s corridas e a diversas atividades interessantes com muitas surpresas.<\/p>\n<p>As fam\u00edlias dos clientes convidados pela NAPA divertiram-se muito e estiveram totalmente envolvidas nas atividades que tiveram lugar no domingo. A festa foi completa com milhares de f\u00e3s que se dirigiram para o pit lane e para o stand do NAPA. A foto de grupo na grelha de partida da corrida mais importante do dia foi um dos pontos altos, com paragens nas boxes, sess\u00f5es de aut\u00f3grafos dos pilotos e os convidados a verem de perto os carros de corrida.<\/p>\n<p>Clemente Lobato, diretor de marketing da NAPA considerou todo o evento um grande sucesso que \u201cultrapassou as nossas expetativas, com a vinda de mais de 2.500 clientes ao Aut\u00f3dromo do Estoril para viverem juntos um dia intenso de corridas. A Alliance Automotive Group, atrav\u00e9s da Soulima continuar\u00e1 a promover o mundo das corridas juntamente com a FPAK nestes eventos que tanto interesse despertam junto dos nossos clientes\u201d.<\/p>\n<p>Relativamente ao desempenho da marca no nosso mercado, Hugo Tavares, diretor geral da Soulima e Rui Fernandes, diretor de marketing, afirmaram estar muito satisfeito \u201cA estrat\u00e9gia da marca NAPA para Portugal est\u00e1 a cumprir o plano tra\u00e7ado no in\u00edcio do ano, tendo j\u00e1 sido lan\u00e7adas 15 linhas de produto, designadamente: discos de trav\u00e3o, anticongelantes, baterias, \u00f3leos, escovas limpa-vidros, kits de distribui\u00e7\u00e3o, bra\u00e7os\/r\u00f3tulas, filtros, amortecedores, rolamentos, term\u00f3statos, l\u00e2mpadas e embraiagens.\u201d<\/p>\n<p>Para estes respons\u00e1veis, a \u201cNAPA \u00e9 um fator de diferencia\u00e7\u00e3o, pois n\u00e3o existe outra marca na Europa t\u00e3o poderosa e j\u00e1 est\u00e1 a ter um tremendo sucesso, excedendo todas as expetativas.\u201d<\/p>\n<div class=\"wonderplugingallery-container\" id=\"wonderplugingallery-container-172\" style=\"max-width:960px;margin:0 auto;\"><div class=\"wonderplugingallery\" id=\"wonderplugingallery-172\" data-galleryid=\"172\" data-width=\"960\" data-height=\"540\" data-skin=\"gallery\" data-playsinline=\"false\" data-mutevideo=\"false\" data-random=\"false\" data-autoslide=\"false\" data-autoplayvideo=\"false\" data-schemamarkup=\"false\" data-stopallplaying=\"false\" data-reloadonvideoend=\"false\" data-donotuseposter=\"false\" data-enabletabindex=\"false\" data-loadnextonvideoend=\"false\" data-hidetitlewhenvideoisplaying=\"false\" data-disablehovereventontouch=\"false\" data-autoslideandplayafterfirstplayed=\"false\" data-html5player=\"true\" data-responsive=\"true\" data-fullwidth=\"false\" data-showtitle=\"true\" data-showdescription=\"true\" data-showplaybutton=\"true\" data-showfullscreenbutton=\"true\" data-showtimer=\"true\" data-showcarousel=\"true\" data-galleryshadow=\"false\" data-slideshadow=\"true\" data-thumbshowtitle=\"false\" data-thumbshowimage=\"true\" data-thumbshadow=\"true\" data-lightboxshowtitle=\"true\" data-lightboxshowdescription=\"true\" data-specifyid=\"true\" data-donotinit=\"false\" data-addinitscript=\"false\" data-triggerresize=\"false\" data-thumbcolumnsresponsive=\"false\" data-thumbverticalmiddle=\"true\" data-removeinlinecss=\"true\" data-switchonmouseover=\"false\" data-showcategory=\"true\" data-carouselpagination=\"false\" data-showimgtitle=\"false\" data-titlesmallscreen=\"false\" data-initsocial=\"true\" data-showsocial=\"false\" data-showemail=\"false\" data-showfacebook=\"true\" data-showtwitter=\"true\" data-showpinterest=\"true\" data-socialrotateeffect=\"true\" data-doshortcodeontext=\"false\" data-loop=\"0\" data-duration=\"1500\" data-slideduration=\"1000\" data-slideshowinterval=\"6000\" data-googleanalyticsaccount=\"\" data-ga4account=\"\" data-resizemode=\"fill\" data-imagetoolboxmode=\"mouseover\" data-effect=\"fade\" data-padding=\"12\" data-bgcolor=\"\" data-bgimage=\"\" data-thumbwidth=\"120\" data-thumbheight=\"60\" data-thumbgap=\"8\" data-thumbrowgap=\"16\" data-lightboxtextheight=\"72\" data-lightboxtitlecss=\"{color:#333333; font:bold 12px Arial,Helvetica,sans-serif; overflow:hidden; white-space:normal; line-height:18px;}\" data-lightboxdescriptioncss=\"{color:#333333; font:normal 12px Arial,Helvetica,sans-serif; overflow:hidden; white-space:normal; line-height:14px;}\" data-titlecss=\"{color:#ffffff; font-size:14px; font-family:Armata, sans-serif, Arial; overflow:hidden; text-align:left; padding:10px 0px 10px 10px; background:rgb(102, 102, 102) transparent; background:rgba(102, 102, 102, 0.6);}\" data-descriptioncss=\"{color:#ffffff; font-size:13px; font-family:Armata, sans-serif, Arial; overflow:hidden; text-align:left; padding:0px 0px 10px 10px; background:rgb(102, 102, 102) transparent; background:rgba(102, 102, 102, 0.6);}\" data-titleheight=\"72\" data-titlesmallscreenwidth=\"640\" data-titleheightsmallscreen=\"148\" data-socialmode=\"mouseover\" data-socialposition=\"position:absolute;top:8px;right:8px;\" data-socialpositionlightbox=\"position:absolute;top:8px;right:8px;\" data-socialdirection=\"horizontal\" data-socialbuttonsize=\"32\" data-socialbuttonfontsize=\"18\" data-defaultvideovolume=\"1\" data-thumbtitleheight=\"24\" data-thumbmediumtitleheight=\"48\" data-thumbsmalltitleheight=\"72\" data-categoryheight=\"48\" data-categorydefault=\"all\" data-triggerresizedelay=\"100\" data-thumbmediumsize=\"800\" data-thumbsmallsize=\"480\" data-thumbmediumwidth=\"64\" data-thumbmediumheight=\"64\" data-thumbsmallwidth=\"48\" data-thumbsmallheight=\"48\" data-imgtitle=\"title\" data-carouselpaginationrow=\"3\" data-categorystyle=\"dropdown\" data-categorylist=\"[{&quot;slug&quot;:&quot;all&quot;,&quot;caption&quot;:&quot;Show All&quot;}]\" data-jsfolder=\"https:\/\/jornaldasoficinas.com\/pt\/wp-content\/plugins\/wonderplugin-gallery\/engine\/\" style=\"display:none;\" ><a class=\"html5galleryimglink\" href=\"https:\/\/jornaldasoficinas.com\/pt\/wp-content\/uploads\/2023\/11\/NAPA-em-grande-circuito-Estoril\/IMG_3693.jpg\" data-mediatype=1><img decoding=\"async\" class=\"html5galleryimg html5gallery-tn-image\" src=\"https:\/\/jornaldasoficinas.com\/pt\/wp-content\/uploads\/2023\/11\/NAPA-em-grande-circuito-Estoril\/IMG_3693.jpg\" alt=\"\"><\/a><div class=\"html5gallery-info\"><\/div><a class=\"html5galleryimglink\" href=\"https:\/\/jornaldasoficinas.com\/pt\/wp-content\/uploads\/2023\/11\/NAPA-em-grande-circuito-Estoril\/IMG_3697.jpg\" data-mediatype=1><img decoding=\"async\" class=\"html5galleryimg html5gallery-tn-image\" src=\"https:\/\/jornaldasoficinas.com\/pt\/wp-content\/uploads\/2023\/11\/NAPA-em-grande-circuito-Estoril\/IMG_3697.jpg\" alt=\"\"><\/a><div class=\"html5gallery-info\"><\/div><a class=\"html5galleryimglink\" href=\"https:\/\/jornaldasoficinas.com\/pt\/wp-content\/uploads\/2023\/11\/NAPA-em-grande-circuito-Estoril\/IMG_3700.jpg\" data-mediatype=1><img decoding=\"async\" class=\"html5galleryimg html5gallery-tn-image\" src=\"https:\/\/jornaldasoficinas.com\/pt\/wp-content\/uploads\/2023\/11\/NAPA-em-grande-circuito-Estoril\/IMG_3700.jpg\" alt=\"\"><\/a><div class=\"html5gallery-info\"><\/div><a class=\"html5galleryimglink\" href=\"https:\/\/jornaldasoficinas.com\/pt\/wp-content\/uploads\/2023\/11\/NAPA-em-grande-circuito-Estoril\/IMG_3703.jpg\" data-mediatype=1><img decoding=\"async\" class=\"html5galleryimg html5gallery-tn-image\" src=\"https:\/\/jornaldasoficinas.com\/pt\/wp-content\/uploads\/2023\/11\/NAPA-em-grande-circuito-Estoril\/IMG_3703.jpg\" alt=\"\"><\/a><div class=\"html5gallery-info\"><\/div><a class=\"html5galleryimglink\" href=\"https:\/\/jornaldasoficinas.com\/pt\/wp-content\/uploads\/2023\/11\/NAPA-em-grande-circuito-Estoril\/IMG_3715.jpg\" data-mediatype=1><img decoding=\"async\" class=\"html5galleryimg html5gallery-tn-image\" src=\"https:\/\/jornaldasoficinas.com\/pt\/wp-content\/uploads\/2023\/11\/NAPA-em-grande-circuito-Estoril\/IMG_3715.jpg\" alt=\"\"><\/a><div class=\"html5gallery-info\"><\/div><a class=\"html5galleryimglink\" href=\"https:\/\/jornaldasoficinas.com\/pt\/wp-content\/uploads\/2023\/11\/NAPA-em-grande-circuito-Estoril\/IMG_3721.jpg\" data-mediatype=1><img decoding=\"async\" class=\"html5galleryimg html5gallery-tn-image\" src=\"https:\/\/jornaldasoficinas.com\/pt\/wp-content\/uploads\/2023\/11\/NAPA-em-grande-circuito-Estoril\/IMG_3721.jpg\" alt=\"\"><\/a><div class=\"html5gallery-info\"><\/div><a class=\"html5galleryimglink\" href=\"https:\/\/jornaldasoficinas.com\/pt\/wp-content\/uploads\/2023\/11\/NAPA-em-grande-circuito-Estoril\/IMG_3725.jpg\" data-mediatype=1><img decoding=\"async\" class=\"html5galleryimg html5gallery-tn-image\" src=\"https:\/\/jornaldasoficinas.com\/pt\/wp-content\/uploads\/2023\/11\/NAPA-em-grande-circuito-Estoril\/IMG_3725.jpg\" alt=\"\"><\/a><div class=\"html5gallery-info\"><\/div><a class=\"html5galleryimglink\" href=\"https:\/\/jornaldasoficinas.com\/pt\/wp-content\/uploads\/2023\/11\/NAPA-em-grande-circuito-Estoril\/IMG_3730.jpg\" data-mediatype=1><img decoding=\"async\" class=\"html5galleryimg html5gallery-tn-image\" src=\"https:\/\/jornaldasoficinas.com\/pt\/wp-content\/uploads\/2023\/11\/NAPA-em-grande-circuito-Estoril\/IMG_3730.jpg\" alt=\"\"><\/a><div class=\"html5gallery-info\"><\/div><a class=\"html5galleryimglink\" href=\"https:\/\/jornaldasoficinas.com\/pt\/wp-content\/uploads\/2023\/11\/NAPA-em-grande-circuito-Estoril\/IMG_3734.jpg\" data-mediatype=1><img decoding=\"async\" class=\"html5galleryimg html5gallery-tn-image\" src=\"https:\/\/jornaldasoficinas.com\/pt\/wp-content\/uploads\/2023\/11\/NAPA-em-grande-circuito-Estoril\/IMG_3734.jpg\" alt=\"\"><\/a><div class=\"html5gallery-info\"><\/div><a class=\"html5galleryimglink\" href=\"https:\/\/jornaldasoficinas.com\/pt\/wp-content\/uploads\/2023\/11\/NAPA-em-grande-circuito-Estoril\/IMG_3769.jpg\" data-mediatype=1><img decoding=\"async\" class=\"html5galleryimg html5gallery-tn-image\" src=\"https:\/\/jornaldasoficinas.com\/pt\/wp-content\/uploads\/2023\/11\/NAPA-em-grande-circuito-Estoril\/IMG_3769.jpg\" alt=\"\"><\/a><div class=\"html5gallery-info\"><\/div><a class=\"html5galleryimglink\" href=\"https:\/\/jornaldasoficinas.com\/pt\/wp-content\/uploads\/2023\/11\/NAPA-em-grande-circuito-Estoril\/IMG_3774.jpg\" data-mediatype=1><img decoding=\"async\" class=\"html5galleryimg html5gallery-tn-image\" src=\"https:\/\/jornaldasoficinas.com\/pt\/wp-content\/uploads\/2023\/11\/NAPA-em-grande-circuito-Estoril\/IMG_3774.jpg\" alt=\"\"><\/a><div class=\"html5gallery-info\"><\/div><a class=\"html5galleryimglink\" href=\"https:\/\/jornaldasoficinas.com\/pt\/wp-content\/uploads\/2023\/11\/NAPA-em-grande-circuito-Estoril\/IMG_3785.jpg\" data-mediatype=1><img decoding=\"async\" class=\"html5galleryimg html5gallery-tn-image\" src=\"https:\/\/jornaldasoficinas.com\/pt\/wp-content\/uploads\/2023\/11\/NAPA-em-grande-circuito-Estoril\/IMG_3785.jpg\" alt=\"\"><\/a><div class=\"html5gallery-info\"><\/div><a class=\"html5galleryimglink\" href=\"https:\/\/jornaldasoficinas.com\/pt\/wp-content\/uploads\/2023\/11\/NAPA-em-grande-circuito-Estoril\/IMG_3788.jpg\" data-mediatype=1><img decoding=\"async\" class=\"html5galleryimg html5gallery-tn-image\" src=\"https:\/\/jornaldasoficinas.com\/pt\/wp-content\/uploads\/2023\/11\/NAPA-em-grande-circuito-Estoril\/IMG_3788.jpg\" alt=\"\"><\/a><div class=\"html5gallery-info\"><\/div><a class=\"html5galleryimglink\" href=\"https:\/\/jornaldasoficinas.com\/pt\/wp-content\/uploads\/2023\/11\/NAPA-em-grande-circuito-Estoril\/IMG_3795.jpg\" data-mediatype=1><img decoding=\"async\" class=\"html5galleryimg html5gallery-tn-image\" src=\"https:\/\/jornaldasoficinas.com\/pt\/wp-content\/uploads\/2023\/11\/NAPA-em-grande-circuito-Estoril\/IMG_3795.jpg\" alt=\"\"><\/a><div class=\"html5gallery-info\"><\/div><a class=\"html5galleryimglink\" href=\"https:\/\/jornaldasoficinas.com\/pt\/wp-content\/uploads\/2023\/11\/NAPA-em-grande-circuito-Estoril\/IMG_3796.jpg\" data-mediatype=1><img decoding=\"async\" class=\"html5galleryimg html5gallery-tn-image\" src=\"https:\/\/jornaldasoficinas.com\/pt\/wp-content\/uploads\/2023\/11\/NAPA-em-grande-circuito-Estoril\/IMG_3796.jpg\" alt=\"\"><\/a><div class=\"html5gallery-info\"><\/div><\/div><\/div><script>function wondergallery_172_appendcss(csscode) {var head=document.head || document.getElementsByTagName(\"head\")[0];var style=document.createElement(\"style\");head.appendChild(style);style.type=\"text\/css\";if (style.styleSheet){style.styleSheet.cssText=csscode;} else {style.appendChild(document.createTextNode(csscode));}};wondergallery_172_appendcss(\"#wonderplugingallery-172 .html5gallery-cat-selection-172 { \tbox-sizing: border-box; \ttext-align: center; }  #wonderplugingallery-172 .html5gallery-cat-selection-172 select { \tbox-sizing: border-box; \tmargin: 4px auto; }\");<\/script>\n","protected":false},"excerpt":{"rendered":"<p>O Circuito do Estoril recebeu no&#8230;<\/p>\n","protected":false},"author":15,"featured_media":75238,"comment_status":"closed","ping_status":"closed","sticky":false,"template":"","format":"standard","meta":{"footnotes":""},"categories":[29,37],"tags":[6723,6720,6722,6721,5794,6718,6719],"class_list":["post-75237","post","type-post","status-publish","format-standard","has-post-thumbnail","hentry","category-empresas","category-mercado","tag-25-e-26-de-novembro","tag-carbon-neutral-cup","tag-estoril-season-finale","tag-legend-cars-iberian","tag-napa-racing-weekend","tag-super-seven","tag-toyo-tires"],"yoast_head":"<!-- This site is optimized with the Yoast SEO plugin v27.4 - https:\/\/yoast.com\/product\/yoast-seo-wordpress\/ -->\n<title>NAPA em grande no circuito do Estoril - Jornal das Oficinas<\/title>\n<meta name=\"description\" content=\"O Circuito do Estoril recebeu no passado fim de semana, 25 e 26 de novembro, a \u00faltima ronda do NAPA RACING WEEKEND\" \/>\n<meta name=\"robots\" content=\"index, follow, max-snippet:-1, max-image-preview:large, max-video-preview:-1\" \/>\n<link rel=\"canonical\" href=\"https:\/\/jornaldasoficinas.com\/pt\/napa-em-grande-no-circuito-do-estoril\/\" \/>\n<meta property=\"og:locale\" content=\"pt_PT\" \/>\n<meta property=\"og:type\" content=\"article\" \/>\n<meta property=\"og:title\" content=\"NAPA em grande no circuito do Estoril - Jornal das Oficinas\" \/>\n<meta property=\"og:description\" content=\"O Circuito do Estoril recebeu no passado fim de semana, 25 e 26 de novembro, a \u00faltima ronda do NAPA RACING WEEKEND\" \/>\n<meta property=\"og:url\" content=\"https:\/\/jornaldasoficinas.com\/pt\/napa-em-grande-no-circuito-do-estoril\/\" \/>\n<meta property=\"og:site_name\" content=\"Jornal das Oficinas\" \/>\n<meta property=\"article:publisher\" content=\"https:\/\/www.facebook.com\/jornaloficinas\" \/>\n<meta property=\"article:published_time\" content=\"2023-11-27T12:30:13+00:00\" \/>\n<meta property=\"og:image\" content=\"https:\/\/jornaldasoficinas.com\/pt\/wp-content\/uploads\/2023\/11\/NAPA-em-grande-no-circuito-do-Estoril.jpg\" \/>\n\t<meta property=\"og:image:width\" content=\"1024\" \/>\n\t<meta property=\"og:image:height\" content=\"581\" \/>\n\t<meta property=\"og:image:type\" content=\"image\/jpeg\" \/>\n<meta name=\"author\" content=\"Reda\u00e7\u00e3o JO\" \/>\n<meta name=\"twitter:card\" content=\"summary_large_image\" \/>\n<meta name=\"twitter:creator\" content=\"@jornaloficinas\" \/>\n<meta name=\"twitter:site\" content=\"@jornaloficinas\" \/>\n<meta name=\"twitter:label1\" content=\"Escrito por\" \/>\n\t<meta name=\"twitter:data1\" content=\"Reda\u00e7\u00e3o JO\" \/>\n\t<meta name=\"twitter:label2\" content=\"Tempo estimado de leitura\" \/>\n\t<meta name=\"twitter:data2\" content=\"3 minutos\" \/>\n<script type=\"application\/ld+json\" class=\"yoast-schema-graph\">{\"@context\":\"https:\\\/\\\/schema.org\",\"@graph\":[{\"@type\":\"Article\",\"@id\":\"https:\\\/\\\/jornaldasoficinas.com\\\/pt\\\/napa-em-grande-no-circuito-do-estoril\\\/#article\",\"isPartOf\":{\"@id\":\"https:\\\/\\\/jornaldasoficinas.com\\\/pt\\\/napa-em-grande-no-circuito-do-estoril\\\/\"},\"author\":{\"name\":\"Reda\u00e7\u00e3o JO\",\"@id\":\"https:\\\/\\\/jornaldasoficinas.com\\\/pt\\\/#\\\/schema\\\/person\\\/a38eef5de2c41d9e7c9ac10141afddf3\"},\"headline\":\"NAPA em grande no circuito do Estoril\",\"datePublished\":\"2023-11-27T12:30:13+00:00\",\"mainEntityOfPage\":{\"@id\":\"https:\\\/\\\/jornaldasoficinas.com\\\/pt\\\/napa-em-grande-no-circuito-do-estoril\\\/\"},\"wordCount\":431,\"publisher\":{\"@id\":\"https:\\\/\\\/jornaldasoficinas.com\\\/pt\\\/#organization\"},\"image\":{\"@id\":\"https:\\\/\\\/jornaldasoficinas.com\\\/pt\\\/napa-em-grande-no-circuito-do-estoril\\\/#primaryimage\"},\"thumbnailUrl\":\"https:\\\/\\\/jornaldasoficinas.com\\\/pt\\\/wp-content\\\/uploads\\\/2023\\\/11\\\/NAPA-em-grande-no-circuito-do-Estoril.jpg\",\"keywords\":[\"25 e 26 de novembro\",\"Carbon Neutral Cup\",\"Estoril Season Finale\",\"Legend Cars Iberian\",\"NAPA Racing Weekend\",\"Super Seven\",\"Toyo Tires\"],\"articleSection\":[\"Empresas\",\"Mercado\"],\"inLanguage\":\"pt-PT\"},{\"@type\":\"WebPage\",\"@id\":\"https:\\\/\\\/jornaldasoficinas.com\\\/pt\\\/napa-em-grande-no-circuito-do-estoril\\\/\",\"url\":\"https:\\\/\\\/jornaldasoficinas.com\\\/pt\\\/napa-em-grande-no-circuito-do-estoril\\\/\",\"name\":\"NAPA em grande no circuito do Estoril - Jornal das Oficinas\",\"isPartOf\":{\"@id\":\"https:\\\/\\\/jornaldasoficinas.com\\\/pt\\\/#website\"},\"primaryImageOfPage\":{\"@id\":\"https:\\\/\\\/jornaldasoficinas.com\\\/pt\\\/napa-em-grande-no-circuito-do-estoril\\\/#primaryimage\"},\"image\":{\"@id\":\"https:\\\/\\\/jornaldasoficinas.com\\\/pt\\\/napa-em-grande-no-circuito-do-estoril\\\/#primaryimage\"},\"thumbnailUrl\":\"https:\\\/\\\/jornaldasoficinas.com\\\/pt\\\/wp-content\\\/uploads\\\/2023\\\/11\\\/NAPA-em-grande-no-circuito-do-Estoril.jpg\",\"datePublished\":\"2023-11-27T12:30:13+00:00\",\"description\":\"O Circuito do Estoril recebeu no passado fim de semana, 25 e 26 de novembro, a \u00faltima ronda do NAPA RACING WEEKEND\",\"breadcrumb\":{\"@id\":\"https:\\\/\\\/jornaldasoficinas.com\\\/pt\\\/napa-em-grande-no-circuito-do-estoril\\\/#breadcrumb\"},\"inLanguage\":\"pt-PT\",\"potentialAction\":[{\"@type\":\"ReadAction\",\"target\":[\"https:\\\/\\\/jornaldasoficinas.com\\\/pt\\\/napa-em-grande-no-circuito-do-estoril\\\/\"]}]},{\"@type\":\"ImageObject\",\"inLanguage\":\"pt-PT\",\"@id\":\"https:\\\/\\\/jornaldasoficinas.com\\\/pt\\\/napa-em-grande-no-circuito-do-estoril\\\/#primaryimage\",\"url\":\"https:\\\/\\\/jornaldasoficinas.com\\\/pt\\\/wp-content\\\/uploads\\\/2023\\\/11\\\/NAPA-em-grande-no-circuito-do-Estoril.jpg\",\"contentUrl\":\"https:\\\/\\\/jornaldasoficinas.com\\\/pt\\\/wp-content\\\/uploads\\\/2023\\\/11\\\/NAPA-em-grande-no-circuito-do-Estoril.jpg\",\"width\":1024,\"height\":581,\"caption\":\"11 - NAPA em grande no circuito do Estoril\"},{\"@type\":\"BreadcrumbList\",\"@id\":\"https:\\\/\\\/jornaldasoficinas.com\\\/pt\\\/napa-em-grande-no-circuito-do-estoril\\\/#breadcrumb\",\"itemListElement\":[{\"@type\":\"ListItem\",\"position\":1,\"name\":\"In\u00edcio\",\"item\":\"https:\\\/\\\/jornaldasoficinas.com\\\/pt\\\/\"},{\"@type\":\"ListItem\",\"position\":2,\"name\":\"NAPA em grande no circuito do Estoril\"}]},{\"@type\":\"WebSite\",\"@id\":\"https:\\\/\\\/jornaldasoficinas.com\\\/pt\\\/#website\",\"url\":\"https:\\\/\\\/jornaldasoficinas.com\\\/pt\\\/\",\"name\":\"Jornal das Oficinas\",\"description\":\"Jornal independente do Aftermarket Autom\u00f3vel em Portugal\",\"publisher\":{\"@id\":\"https:\\\/\\\/jornaldasoficinas.com\\\/pt\\\/#organization\"},\"potentialAction\":[{\"@type\":\"SearchAction\",\"target\":{\"@type\":\"EntryPoint\",\"urlTemplate\":\"https:\\\/\\\/jornaldasoficinas.com\\\/pt\\\/?s={search_term_string}\"},\"query-input\":{\"@type\":\"PropertyValueSpecification\",\"valueRequired\":true,\"valueName\":\"search_term_string\"}}],\"inLanguage\":\"pt-PT\"},{\"@type\":\"Organization\",\"@id\":\"https:\\\/\\\/jornaldasoficinas.com\\\/pt\\\/#organization\",\"name\":\"Jornal das Oficinas\",\"url\":\"https:\\\/\\\/jornaldasoficinas.com\\\/pt\\\/\",\"logo\":{\"@type\":\"ImageObject\",\"inLanguage\":\"pt-PT\",\"@id\":\"https:\\\/\\\/jornaldasoficinas.com\\\/pt\\\/#\\\/schema\\\/logo\\\/image\\\/\",\"url\":\"https:\\\/\\\/jornaldasoficinas.com\\\/pt\\\/wp-content\\\/uploads\\\/logoJO-SEO.png\",\"contentUrl\":\"https:\\\/\\\/jornaldasoficinas.com\\\/pt\\\/wp-content\\\/uploads\\\/logoJO-SEO.png\",\"width\":285,\"height\":450,\"caption\":\"Jornal das Oficinas\"},\"image\":{\"@id\":\"https:\\\/\\\/jornaldasoficinas.com\\\/pt\\\/#\\\/schema\\\/logo\\\/image\\\/\"},\"sameAs\":[\"https:\\\/\\\/www.facebook.com\\\/jornaloficinas\",\"https:\\\/\\\/x.com\\\/jornaloficinas\",\"https:\\\/\\\/www.instagram.com\\\/jornal_oficinas\\\/\",\"https:\\\/\\\/www.linkedin.com\\\/company\\\/jornal-das-oficinas\\\/\",\"https:\\\/\\\/www.youtube.com\\\/channel\\\/UCbQZBqtcvV-oSQrr7RzINGg\"]},{\"@type\":\"Person\",\"@id\":\"https:\\\/\\\/jornaldasoficinas.com\\\/pt\\\/#\\\/schema\\\/person\\\/a38eef5de2c41d9e7c9ac10141afddf3\",\"name\":\"Reda\u00e7\u00e3o JO\",\"image\":{\"@type\":\"ImageObject\",\"inLanguage\":\"pt-PT\",\"@id\":\"https:\\\/\\\/secure.gravatar.com\\\/avatar\\\/71f2fa71737ad68a84fea94bc708ddac8ea5b0c4788dc2ad202f3ccb2887742f?s=96&d=wp_user_avatar&r=g\",\"url\":\"https:\\\/\\\/secure.gravatar.com\\\/avatar\\\/71f2fa71737ad68a84fea94bc708ddac8ea5b0c4788dc2ad202f3ccb2887742f?s=96&d=wp_user_avatar&r=g\",\"contentUrl\":\"https:\\\/\\\/secure.gravatar.com\\\/avatar\\\/71f2fa71737ad68a84fea94bc708ddac8ea5b0c4788dc2ad202f3ccb2887742f?s=96&d=wp_user_avatar&r=g\",\"caption\":\"Reda\u00e7\u00e3o JO\"},\"url\":\"https:\\\/\\\/jornaldasoficinas.com\\\/pt\\\/author\\\/joredacao\\\/\"}]}<\/script>\n<!-- \/ Yoast SEO plugin. -->","yoast_head_json":{"title":"NAPA em grande no circuito do Estoril - Jornal das Oficinas","description":"O Circuito do Estoril recebeu no passado fim de semana, 25 e 26 de novembro, a \u00faltima ronda do NAPA RACING WEEKEND","robots":{"index":"index","follow":"follow","max-snippet":"max-snippet:-1","max-image-preview":"max-image-preview:large","max-video-preview":"max-video-preview:-1"},"canonical":"https:\/\/jornaldasoficinas.com\/pt\/napa-em-grande-no-circuito-do-estoril\/","og_locale":"pt_PT","og_type":"article","og_title":"NAPA em grande no circuito do Estoril - Jornal das Oficinas","og_description":"O Circuito do Estoril recebeu no passado fim de semana, 25 e 26 de novembro, a \u00faltima ronda do NAPA RACING WEEKEND","og_url":"https:\/\/jornaldasoficinas.com\/pt\/napa-em-grande-no-circuito-do-estoril\/","og_site_name":"Jornal das Oficinas","article_publisher":"https:\/\/www.facebook.com\/jornaloficinas","article_published_time":"2023-11-27T12:30:13+00:00","og_image":[{"width":1024,"height":581,"url":"https:\/\/jornaldasoficinas.com\/pt\/wp-content\/uploads\/2023\/11\/NAPA-em-grande-no-circuito-do-Estoril.jpg","type":"image\/jpeg"}],"author":"Reda\u00e7\u00e3o JO","twitter_card":"summary_large_image","twitter_creator":"@jornaloficinas","twitter_site":"@jornaloficinas","twitter_misc":{"Escrito por":"Reda\u00e7\u00e3o JO","Tempo estimado de leitura":"3 minutos"},"schema":{"@context":"https:\/\/schema.org","@graph":[{"@type":"Article","@id":"https:\/\/jornaldasoficinas.com\/pt\/napa-em-grande-no-circuito-do-estoril\/#article","isPartOf":{"@id":"https:\/\/jornaldasoficinas.com\/pt\/napa-em-grande-no-circuito-do-estoril\/"},"author":{"name":"Reda\u00e7\u00e3o JO","@id":"https:\/\/jornaldasoficinas.com\/pt\/#\/schema\/person\/a38eef5de2c41d9e7c9ac10141afddf3"},"headline":"NAPA em grande no circuito do Estoril","datePublished":"2023-11-27T12:30:13+00:00","mainEntityOfPage":{"@id":"https:\/\/jornaldasoficinas.com\/pt\/napa-em-grande-no-circuito-do-estoril\/"},"wordCount":431,"publisher":{"@id":"https:\/\/jornaldasoficinas.com\/pt\/#organization"},"image":{"@id":"https:\/\/jornaldasoficinas.com\/pt\/napa-em-grande-no-circuito-do-estoril\/#primaryimage"},"thumbnailUrl":"https:\/\/jornaldasoficinas.com\/pt\/wp-content\/uploads\/2023\/11\/NAPA-em-grande-no-circuito-do-Estoril.jpg","keywords":["25 e 26 de novembro","Carbon Neutral Cup","Estoril Season Finale","Legend Cars Iberian","NAPA Racing Weekend","Super Seven","Toyo Tires"],"articleSection":["Empresas","Mercado"],"inLanguage":"pt-PT"},{"@type":"WebPage","@id":"https:\/\/jornaldasoficinas.com\/pt\/napa-em-grande-no-circuito-do-estoril\/","url":"https:\/\/jornaldasoficinas.com\/pt\/napa-em-grande-no-circuito-do-estoril\/","name":"NAPA em grande no circuito do Estoril - Jornal das Oficinas","isPartOf":{"@id":"https:\/\/jornaldasoficinas.com\/pt\/#website"},"primaryImageOfPage":{"@id":"https:\/\/jornaldasoficinas.com\/pt\/napa-em-grande-no-circuito-do-estoril\/#primaryimage"},"image":{"@id":"https:\/\/jornaldasoficinas.com\/pt\/napa-em-grande-no-circuito-do-estoril\/#primaryimage"},"thumbnailUrl":"https:\/\/jornaldasoficinas.com\/pt\/wp-content\/uploads\/2023\/11\/NAPA-em-grande-no-circuito-do-Estoril.jpg","datePublished":"2023-11-27T12:30:13+00:00","description":"O Circuito do Estoril recebeu no passado fim de semana, 25 e 26 de novembro, a \u00faltima ronda do NAPA RACING WEEKEND","breadcrumb":{"@id":"https:\/\/jornaldasoficinas.com\/pt\/napa-em-grande-no-circuito-do-estoril\/#breadcrumb"},"inLanguage":"pt-PT","potentialAction":[{"@type":"ReadAction","target":["https:\/\/jornaldasoficinas.com\/pt\/napa-em-grande-no-circuito-do-estoril\/"]}]},{"@type":"ImageObject","inLanguage":"pt-PT","@id":"https:\/\/jornaldasoficinas.com\/pt\/napa-em-grande-no-circuito-do-estoril\/#primaryimage","url":"https:\/\/jornaldasoficinas.com\/pt\/wp-content\/uploads\/2023\/11\/NAPA-em-grande-no-circuito-do-Estoril.jpg","contentUrl":"https:\/\/jornaldasoficinas.com\/pt\/wp-content\/uploads\/2023\/11\/NAPA-em-grande-no-circuito-do-Estoril.jpg","width":1024,"height":581,"caption":"11 - NAPA em grande no circuito do Estoril"},{"@type":"BreadcrumbList","@id":"https:\/\/jornaldasoficinas.com\/pt\/napa-em-grande-no-circuito-do-estoril\/#breadcrumb","itemListElement":[{"@type":"ListItem","position":1,"name":"In\u00edcio","item":"https:\/\/jornaldasoficinas.com\/pt\/"},{"@type":"ListItem","position":2,"name":"NAPA em grande no circuito do Estoril"}]},{"@type":"WebSite","@id":"https:\/\/jornaldasoficinas.com\/pt\/#website","url":"https:\/\/jornaldasoficinas.com\/pt\/","name":"Jornal das Oficinas","description":"Jornal independente do Aftermarket Autom\u00f3vel em Portugal","publisher":{"@id":"https:\/\/jornaldasoficinas.com\/pt\/#organization"},"potentialAction":[{"@type":"SearchAction","target":{"@type":"EntryPoint","urlTemplate":"https:\/\/jornaldasoficinas.com\/pt\/?s={search_term_string}"},"query-input":{"@type":"PropertyValueSpecification","valueRequired":true,"valueName":"search_term_string"}}],"inLanguage":"pt-PT"},{"@type":"Organization","@id":"https:\/\/jornaldasoficinas.com\/pt\/#organization","name":"Jornal das Oficinas","url":"https:\/\/jornaldasoficinas.com\/pt\/","logo":{"@type":"ImageObject","inLanguage":"pt-PT","@id":"https:\/\/jornaldasoficinas.com\/pt\/#\/schema\/logo\/image\/","url":"https:\/\/jornaldasoficinas.com\/pt\/wp-content\/uploads\/logoJO-SEO.png","contentUrl":"https:\/\/jornaldasoficinas.com\/pt\/wp-content\/uploads\/logoJO-SEO.png","width":285,"height":450,"caption":"Jornal das Oficinas"},"image":{"@id":"https:\/\/jornaldasoficinas.com\/pt\/#\/schema\/logo\/image\/"},"sameAs":["https:\/\/www.facebook.com\/jornaloficinas","https:\/\/x.com\/jornaloficinas","https:\/\/www.instagram.com\/jornal_oficinas\/","https:\/\/www.linkedin.com\/company\/jornal-das-oficinas\/","https:\/\/www.youtube.com\/channel\/UCbQZBqtcvV-oSQrr7RzINGg"]},{"@type":"Person","@id":"https:\/\/jornaldasoficinas.com\/pt\/#\/schema\/person\/a38eef5de2c41d9e7c9ac10141afddf3","name":"Reda\u00e7\u00e3o JO","image":{"@type":"ImageObject","inLanguage":"pt-PT","@id":"https:\/\/secure.gravatar.com\/avatar\/71f2fa71737ad68a84fea94bc708ddac8ea5b0c4788dc2ad202f3ccb2887742f?s=96&d=wp_user_avatar&r=g","url":"https:\/\/secure.gravatar.com\/avatar\/71f2fa71737ad68a84fea94bc708ddac8ea5b0c4788dc2ad202f3ccb2887742f?s=96&d=wp_user_avatar&r=g","contentUrl":"https:\/\/secure.gravatar.com\/avatar\/71f2fa71737ad68a84fea94bc708ddac8ea5b0c4788dc2ad202f3ccb2887742f?s=96&d=wp_user_avatar&r=g","caption":"Reda\u00e7\u00e3o JO"},"url":"https:\/\/jornaldasoficinas.com\/pt\/author\/joredacao\/"}]}},"_links":{"self":[{"href":"https:\/\/jornaldasoficinas.com\/pt\/wp-json\/wp\/v2\/posts\/75237","targetHints":{"allow":["GET"]}}],"collection":[{"href":"https:\/\/jornaldasoficinas.com\/pt\/wp-json\/wp\/v2\/posts"}],"about":[{"href":"https:\/\/jornaldasoficinas.com\/pt\/wp-json\/wp\/v2\/types\/post"}],"author":[{"embeddable":true,"href":"https:\/\/jornaldasoficinas.com\/pt\/wp-json\/wp\/v2\/users\/15"}],"replies":[{"embeddable":true,"href":"https:\/\/jornaldasoficinas.com\/pt\/wp-json\/wp\/v2\/comments?post=75237"}],"version-history":[{"count":0,"href":"https:\/\/jornaldasoficinas.com\/pt\/wp-json\/wp\/v2\/posts\/75237\/revisions"}],"wp:featuredmedia":[{"embeddable":true,"href":"https:\/\/jornaldasoficinas.com\/pt\/wp-json\/wp\/v2\/media\/75238"}],"wp:attachment":[{"href":"https:\/\/jornaldasoficinas.com\/pt\/wp-json\/wp\/v2\/media?parent=75237"}],"wp:term":[{"taxonomy":"category","embeddable":true,"href":"https:\/\/jornaldasoficinas.com\/pt\/wp-json\/wp\/v2\/categories?post=75237"},{"taxonomy":"post_tag","embeddable":true,"href":"https:\/\/jornaldasoficinas.com\/pt\/wp-json\/wp\/v2\/tags?post=75237"}],"curies":[{"name":"wp","href":"https:\/\/api.w.org\/{rel}","templated":true}]}}