{"id":75364,"date":"2023-11-30T08:00:14","date_gmt":"2023-11-30T08:00:14","guid":{"rendered":"https:\/\/jornaldasoficinas.com\/pt\/?p=75364"},"modified":"2023-11-30T10:26:41","modified_gmt":"2023-11-30T10:26:41","slug":"21-o-encontro-valorpneu-reforca-o-poder-da-sustentabilidade","status":"publish","type":"post","link":"https:\/\/jornaldasoficinas.com\/pt\/21-o-encontro-valorpneu-reforca-o-poder-da-sustentabilidade\/","title":{"rendered":"21.\u00ba Encontro Valorpneu refor\u00e7a o poder da sustentabilidade"},"content":{"rendered":"<p><img loading=\"lazy\" decoding=\"async\" class=\"alignnone size-full wp-image-75365\" src=\"https:\/\/jornaldasoficinas.com\/pt\/wp-content\/uploads\/2023\/11\/21o-Encontro-Valorpneu-reforca-o-poder-da-sustentabilidade.jpg\" alt=\"11 - 21o Encontro Valorpneu reforca o poder da sustentabilidade\" width=\"1024\" height=\"581\" srcset=\"https:\/\/jornaldasoficinas.com\/pt\/wp-content\/uploads\/2023\/11\/21o-Encontro-Valorpneu-reforca-o-poder-da-sustentabilidade.jpg 1024w, https:\/\/jornaldasoficinas.com\/pt\/wp-content\/uploads\/2023\/11\/21o-Encontro-Valorpneu-reforca-o-poder-da-sustentabilidade-300x170.jpg 300w, https:\/\/jornaldasoficinas.com\/pt\/wp-content\/uploads\/2023\/11\/21o-Encontro-Valorpneu-reforca-o-poder-da-sustentabilidade-150x85.jpg 150w, https:\/\/jornaldasoficinas.com\/pt\/wp-content\/uploads\/2023\/11\/21o-Encontro-Valorpneu-reforca-o-poder-da-sustentabilidade-768x436.jpg 768w\" sizes=\"auto, (max-width: 1024px) 100vw, 1024px\" \/><\/p>\n<p><strong>A nova licen\u00e7a concedida \u00e0 <a href=\"https:\/\/www.valorpneu.pt\/\" target=\"_blank\" rel=\"noopener\">Valorpneu<\/a> para 2024 para o desenvolvimento da sua atividade, a ado\u00e7\u00e3o de pr\u00e1ticas mais sustent\u00e1veis na gest\u00e3o de pneus em fim de vida, o mais recente regime geral de gest\u00e3o de res\u00edduos e o novo plano de a\u00e7\u00e3o para a economia circular foram os temas chave do 21\u00ba Encontro da Rede Valorpneu, que este ano decorreu em Vila Vi\u00e7osa, nos dias 21 e 22 de novembro, \u00a0s<\/strong><strong>ob o mote: \u201cA sustentabilidade como motor do desenvolvimento\u201d<\/strong><\/p>\n<p>A sess\u00e3o de trabalho teve in\u00edcio com H\u00e9lder Barata Pedro, Secret\u00e1rio Geral da <a href=\"https:\/\/www.acap.pt\/pt\/home\" target=\"_blank\" rel=\"noopener\">ACAP<\/a> e Gerente da Valorpneu, que deu as boas vindas aos presentes e felicitou a Valorpneu pelo pr\u00e9mio recebido recentemente pelo desempenho do seu sistema nos Recircle Awards 2023, vencendo a categoria \u201cBest EPR Scheme\u201d. Na corrida estavam nomeadas as suas cong\u00e9neres da Irlanda, Su\u00e9cia, Equador e Espanha. \u201cA Valorpneu foi considerada a entidade gestora que melhor gere o sistema de pneus usados no mundo\u201d, afirmou o respons\u00e1vel.<\/p>\n<p>H\u00e9lder Barata Pedro falou ainda sobre a nova licen\u00e7a a que a Valorpneu se candidatou e que lhe vai ser concedida para 2024, no \u00e2mbito de atribui\u00e7\u00e3o de outras licen\u00e7as a v\u00e1rias entidades gestoras pela Ag\u00eancia Portuguesa do Ambiente (<a href=\"https:\/\/apambiente.pt\/\" target=\"_blank\" rel=\"noopener\">APA<\/a>), referindo que: \u201cA Valorpneu vai cumprir tudo que esteja relacionado com essa nova licen\u00e7a, como o vem fazendo h\u00e1 21 anos\u201d.<\/p>\n<p>Ainda sobre este tema, Gracinda Marote, Diretora do Departamento de Res\u00edduos da APA, destacou o importante papel da Valorpneu na gest\u00e3o estruturada e eficiente dos pneus usados, evitando, desde 2003, a deposi\u00e7\u00e3o de pneus em fim de vida em aterros. A respons\u00e1vel evidenciou tamb\u00e9m as a\u00e7\u00f5es de I&amp;D e inova\u00e7\u00e3o que a Valorpneu tem vindo a desenvolver promovendo mais circularidade de pneus usados e potenciando mais e melhores aplica\u00e7\u00f5es para os mesmos,\u00a0 felicitando a entidade gestora pelo seu programa de inova\u00e7\u00e3o colaborativa NextLap e tamb\u00e9m pela atribui\u00e7\u00e3o anual de um pr\u00e9mio desempenho aos operadores da rede.<\/p>\n<p>A equipa da Valorpneu fez um breve resumo da sua atividade durante este ano. Clim\u00e9nia Silva, Diretora Geral, apresentou os n\u00fameros\u00a0de recolha e valoriza\u00e7\u00e3o que em 2023 se estima que se venham a fixar nas 84 200 t de pneus usados, evitando a produ\u00e7\u00e3o 150 000 t de emiss\u00f5es de CO2eq o consumo 4 600 TJ de energia. Destas 84 200t, 11 400t foram recolhidas e tratadas voluntariamente para al\u00e9m do objetivo da licen\u00e7a em vigor. Isto traduz-se numa taxa de recolha prevista para 2023 de 111 por cento. A reciclagem continua a liderar o destino dos pneus usados (87,9%), seguindo-se a valoriza\u00e7\u00e3o energ\u00e9tica, com 9,1%, a recauchutagem (2,1%) e outros (1%).<\/p>\n<p>No que diz respeito ao pr\u00e9mio recebido no passado dia 16 de novembro, em Bolonha, Clim\u00e9nia Silva referiu que: \u201cEstamos muito orgulhosos com esta distin\u00e7\u00e3o nos <a href=\"https:\/\/recircleawards.com\/\" target=\"_blank\" rel=\"noopener\">Recircle Awards<\/a>. Este pr\u00e9mio vem demonstrar o esfor\u00e7o e dedica\u00e7\u00e3o com que a Valorpneu gere o sistema de gest\u00e3o de pneus usados em Portugal e s\u00f3 foi poss\u00edvel com contributo de todos os nossos parceiros que operam na rede. J\u00e1 l\u00e1 v\u00e3o mais de 20 anos e continuamos a estar na linha da frente em todo o mundo no que diz respeito ao encaminhamento e tratamento deste res\u00edduo. Este reconhecimento vem dar-nos for\u00e7a e motiva\u00e7\u00e3o para continuarmos a construir um planeta melhor e mais sustent\u00e1vel\u201d.<\/p>\n<p>Foram ainda mostrados pela equipa Valorpneu v\u00e1rias iniciativas no \u00e2mbito de inova\u00e7\u00e3o e I&amp;D, uma \u00e1rea onde a entidade gestora tem apostado muito nos \u00faltimos anos de forma a garantir a sustentabilidade do sistema e do planeta.<\/p>\n<p>Carla Pinto, Diretora de Servi\u00e7os de Sustentabilidade Empresarial da <a href=\"https:\/\/www.dgae.medu.pt\/\" target=\"_blank\" rel=\"noopener\">DGAE<\/a>, apresentou o plano de a\u00e7\u00e3o para a economia circular 2023-2027, cuja consulta p\u00fablica esteve a decorrer entre os meses de outubro e novembro, e que se espera que seja um modelo\u00a0de desenvolvimento econ\u00f3mico e social regenerativo, eficiente, produtivo e inclusivo.<\/p>\n<p>Este e outros temas estiveram em discuss\u00e3o no painel \u201cCiclo de vida do pneu, ciclo de sustentabilidade\u201d que finalizou a sess\u00e3o de trabalho, para o qual se juntaram, para al\u00e9m de Carla Pinto, da DGAE, Gracinda Marote, da APA, Pedro Carreira, da <a href=\"https:\/\/www.continentalmabor.pt\/\" target=\"_blank\" rel=\"noopener\">Continental Mabor<\/a> e da APIB, Joaquim Sei\u00e7a, da <a href=\"https:\/\/www.facebook.com\/tudocontrolado\/?locale=pt_PT\" target=\"_blank\" rel=\"noopener\">ANIRP<\/a>, Jos\u00e9 Carvalho, da <a href=\"https:\/\/www.jcconsulting.pt\/\" target=\"_blank\" rel=\"noopener\">JCConsulting<\/a>, e H\u00e9lder Barata Pedro, da ACAP.<\/p>\n<p>Durante o 21\u00ba Encontro Valorpneu foi entregue o\u00a0Pr\u00e9mio Desempenho do Centro de Rede de Recolha Valorpneu a <a href=\"https:\/\/www.facebook.com\/people\/Ribeiro-Filhos-Lda\/100057048897299\/\" target=\"_blank\" rel=\"noopener\">Ribeiro &amp; Filhos Lda.<\/a>, em Belas. O centro de recep\u00e7\u00e3o Ribeiro &amp; Filhos Lda. tem a sua atividade na \u00e1rea de res\u00edduos de pneus h\u00e1 mais de 40 anos. Uma empresa familiar fundada por Francisco Ribeiro e assegurada, desde 1997, pelo seu filho, Jos\u00e9 Ribeiro.<\/p>\n<p>De relembrar que todos os anos, a Valorpneu faz a compensa\u00e7\u00e3o de emiss\u00f5es do Encontro junto de uma associa\u00e7\u00e3o local. Este ano a escolhida foi a <a href=\"https:\/\/www.aflosor.com\/\" target=\"_blank\" rel=\"noopener\">AFLOSOR<\/a>-Associa\u00e7\u00e3o dos Produtores Agro-Florestais da Regi\u00e3o de Ponte de Sor.<\/p>\n","protected":false},"excerpt":{"rendered":"<p>A nova licen\u00e7a concedida \u00e0 Valorpneu&#8230;<\/p>\n","protected":false},"author":15,"featured_media":75365,"comment_status":"closed","ping_status":"closed","sticky":false,"template":"","format":"standard","meta":{"footnotes":""},"categories":[29],"tags":[6752,6767,157,6766,6762,815,816,387,5588,6764,6763,6751,6768,6761,6765,1767,1742,6769],"class_list":["post-75364","post","type-post","status-publish","format-standard","has-post-thumbnail","hentry","category-empresas","tag-21-e-22-de-novembro","tag-21-o-encontro-valorpneu","tag-acap","tag-aflosor","tag-anirp","tag-apa","tag-dgae","tag-economia-circular","tag-gestao-de-residuos","tag-jcconsulting","tag-mabor","tag-pneus-fim-de-vida","tag-praticas-sustentaveis","tag-recircle-awards","tag-ribeiro-filhos-lda","tag-sustentabilidade","tag-valorpneu","tag-vila-vicosa"],"yoast_head":"<!-- This site is optimized with the Yoast SEO plugin v27.4 - https:\/\/yoast.com\/product\/yoast-seo-wordpress\/ -->\n<title>21.\u00ba Encontro Valorpneu refor\u00e7a o poder da sustentabilidade - Jornal das Oficinas<\/title>\n<meta name=\"description\" content=\"A nova licen\u00e7a concedida \u00e0 Valorpneu para 2024 para o desenvolvimento da sua atividade, a ado\u00e7\u00e3o de pr\u00e1ticas mais sustent\u00e1veis\" \/>\n<meta name=\"robots\" content=\"index, follow, max-snippet:-1, max-image-preview:large, max-video-preview:-1\" \/>\n<link rel=\"canonical\" href=\"https:\/\/jornaldasoficinas.com\/pt\/21-o-encontro-valorpneu-reforca-o-poder-da-sustentabilidade\/\" \/>\n<meta property=\"og:locale\" content=\"pt_PT\" \/>\n<meta property=\"og:type\" content=\"article\" \/>\n<meta property=\"og:title\" content=\"21.\u00ba Encontro Valorpneu refor\u00e7a o poder da sustentabilidade - Jornal das Oficinas\" \/>\n<meta property=\"og:description\" content=\"A nova licen\u00e7a concedida \u00e0 Valorpneu para 2024 para o desenvolvimento da sua atividade, a ado\u00e7\u00e3o de pr\u00e1ticas mais sustent\u00e1veis\" \/>\n<meta property=\"og:url\" content=\"https:\/\/jornaldasoficinas.com\/pt\/21-o-encontro-valorpneu-reforca-o-poder-da-sustentabilidade\/\" \/>\n<meta property=\"og:site_name\" content=\"Jornal das Oficinas\" \/>\n<meta property=\"article:publisher\" content=\"https:\/\/www.facebook.com\/jornaloficinas\" \/>\n<meta property=\"article:published_time\" content=\"2023-11-30T08:00:14+00:00\" \/>\n<meta property=\"article:modified_time\" content=\"2023-11-30T10:26:41+00:00\" \/>\n<meta property=\"og:image\" content=\"https:\/\/jornaldasoficinas.com\/pt\/wp-content\/uploads\/2023\/11\/21o-Encontro-Valorpneu-reforca-o-poder-da-sustentabilidade.jpg\" \/>\n\t<meta property=\"og:image:width\" content=\"1024\" \/>\n\t<meta property=\"og:image:height\" content=\"581\" \/>\n\t<meta property=\"og:image:type\" content=\"image\/jpeg\" \/>\n<meta name=\"author\" content=\"Reda\u00e7\u00e3o JO\" \/>\n<meta name=\"twitter:card\" content=\"summary_large_image\" \/>\n<meta name=\"twitter:creator\" content=\"@jornaloficinas\" \/>\n<meta name=\"twitter:site\" content=\"@jornaloficinas\" \/>\n<meta name=\"twitter:label1\" content=\"Escrito por\" \/>\n\t<meta name=\"twitter:data1\" content=\"Reda\u00e7\u00e3o JO\" \/>\n\t<meta name=\"twitter:label2\" content=\"Tempo estimado de leitura\" \/>\n\t<meta name=\"twitter:data2\" content=\"5 minutos\" \/>\n<script type=\"application\/ld+json\" class=\"yoast-schema-graph\">{\"@context\":\"https:\\\/\\\/schema.org\",\"@graph\":[{\"@type\":\"Article\",\"@id\":\"https:\\\/\\\/jornaldasoficinas.com\\\/pt\\\/21-o-encontro-valorpneu-reforca-o-poder-da-sustentabilidade\\\/#article\",\"isPartOf\":{\"@id\":\"https:\\\/\\\/jornaldasoficinas.com\\\/pt\\\/21-o-encontro-valorpneu-reforca-o-poder-da-sustentabilidade\\\/\"},\"author\":{\"name\":\"Reda\u00e7\u00e3o JO\",\"@id\":\"https:\\\/\\\/jornaldasoficinas.com\\\/pt\\\/#\\\/schema\\\/person\\\/a38eef5de2c41d9e7c9ac10141afddf3\"},\"headline\":\"21.\u00ba Encontro Valorpneu refor\u00e7a o poder da sustentabilidade\",\"datePublished\":\"2023-11-30T08:00:14+00:00\",\"dateModified\":\"2023-11-30T10:26:41+00:00\",\"mainEntityOfPage\":{\"@id\":\"https:\\\/\\\/jornaldasoficinas.com\\\/pt\\\/21-o-encontro-valorpneu-reforca-o-poder-da-sustentabilidade\\\/\"},\"wordCount\":852,\"publisher\":{\"@id\":\"https:\\\/\\\/jornaldasoficinas.com\\\/pt\\\/#organization\"},\"image\":{\"@id\":\"https:\\\/\\\/jornaldasoficinas.com\\\/pt\\\/21-o-encontro-valorpneu-reforca-o-poder-da-sustentabilidade\\\/#primaryimage\"},\"thumbnailUrl\":\"https:\\\/\\\/jornaldasoficinas.com\\\/pt\\\/wp-content\\\/uploads\\\/2023\\\/11\\\/21o-Encontro-Valorpneu-reforca-o-poder-da-sustentabilidade.jpg\",\"keywords\":[\"21 e 22 de novembro\",\"21.\u00ba Encontro Valorpneu\",\"ACAP\",\"AFLOSOR\",\"ANIRP\",\"APA\",\"DGAE\",\"Economia Circular\",\"gest\u00e3o de res\u00edduos\",\"JCConsulting\",\"Mabor\",\"Pneus fim de vida\",\"Pr\u00e1ticas sustent\u00e1veis\",\"Recircle Awards\",\"Ribeiro &amp; Filhos Lda.\",\"Sustentabilidade\",\"Valorpneu\",\"Vila Vi\u00e7osa\"],\"articleSection\":[\"Empresas\"],\"inLanguage\":\"pt-PT\"},{\"@type\":\"WebPage\",\"@id\":\"https:\\\/\\\/jornaldasoficinas.com\\\/pt\\\/21-o-encontro-valorpneu-reforca-o-poder-da-sustentabilidade\\\/\",\"url\":\"https:\\\/\\\/jornaldasoficinas.com\\\/pt\\\/21-o-encontro-valorpneu-reforca-o-poder-da-sustentabilidade\\\/\",\"name\":\"21.\u00ba Encontro Valorpneu refor\u00e7a o poder da sustentabilidade - Jornal das Oficinas\",\"isPartOf\":{\"@id\":\"https:\\\/\\\/jornaldasoficinas.com\\\/pt\\\/#website\"},\"primaryImageOfPage\":{\"@id\":\"https:\\\/\\\/jornaldasoficinas.com\\\/pt\\\/21-o-encontro-valorpneu-reforca-o-poder-da-sustentabilidade\\\/#primaryimage\"},\"image\":{\"@id\":\"https:\\\/\\\/jornaldasoficinas.com\\\/pt\\\/21-o-encontro-valorpneu-reforca-o-poder-da-sustentabilidade\\\/#primaryimage\"},\"thumbnailUrl\":\"https:\\\/\\\/jornaldasoficinas.com\\\/pt\\\/wp-content\\\/uploads\\\/2023\\\/11\\\/21o-Encontro-Valorpneu-reforca-o-poder-da-sustentabilidade.jpg\",\"datePublished\":\"2023-11-30T08:00:14+00:00\",\"dateModified\":\"2023-11-30T10:26:41+00:00\",\"description\":\"A nova licen\u00e7a concedida \u00e0 Valorpneu para 2024 para o desenvolvimento da sua atividade, a ado\u00e7\u00e3o de pr\u00e1ticas mais sustent\u00e1veis\",\"breadcrumb\":{\"@id\":\"https:\\\/\\\/jornaldasoficinas.com\\\/pt\\\/21-o-encontro-valorpneu-reforca-o-poder-da-sustentabilidade\\\/#breadcrumb\"},\"inLanguage\":\"pt-PT\",\"potentialAction\":[{\"@type\":\"ReadAction\",\"target\":[\"https:\\\/\\\/jornaldasoficinas.com\\\/pt\\\/21-o-encontro-valorpneu-reforca-o-poder-da-sustentabilidade\\\/\"]}]},{\"@type\":\"ImageObject\",\"inLanguage\":\"pt-PT\",\"@id\":\"https:\\\/\\\/jornaldasoficinas.com\\\/pt\\\/21-o-encontro-valorpneu-reforca-o-poder-da-sustentabilidade\\\/#primaryimage\",\"url\":\"https:\\\/\\\/jornaldasoficinas.com\\\/pt\\\/wp-content\\\/uploads\\\/2023\\\/11\\\/21o-Encontro-Valorpneu-reforca-o-poder-da-sustentabilidade.jpg\",\"contentUrl\":\"https:\\\/\\\/jornaldasoficinas.com\\\/pt\\\/wp-content\\\/uploads\\\/2023\\\/11\\\/21o-Encontro-Valorpneu-reforca-o-poder-da-sustentabilidade.jpg\",\"width\":1024,\"height\":581,\"caption\":\"11 - 21o Encontro Valorpneu reforca o poder da sustentabilidade\"},{\"@type\":\"BreadcrumbList\",\"@id\":\"https:\\\/\\\/jornaldasoficinas.com\\\/pt\\\/21-o-encontro-valorpneu-reforca-o-poder-da-sustentabilidade\\\/#breadcrumb\",\"itemListElement\":[{\"@type\":\"ListItem\",\"position\":1,\"name\":\"In\u00edcio\",\"item\":\"https:\\\/\\\/jornaldasoficinas.com\\\/pt\\\/\"},{\"@type\":\"ListItem\",\"position\":2,\"name\":\"21.\u00ba Encontro Valorpneu refor\u00e7a o poder da sustentabilidade\"}]},{\"@type\":\"WebSite\",\"@id\":\"https:\\\/\\\/jornaldasoficinas.com\\\/pt\\\/#website\",\"url\":\"https:\\\/\\\/jornaldasoficinas.com\\\/pt\\\/\",\"name\":\"Jornal das Oficinas\",\"description\":\"Jornal independente do Aftermarket Autom\u00f3vel em Portugal\",\"publisher\":{\"@id\":\"https:\\\/\\\/jornaldasoficinas.com\\\/pt\\\/#organization\"},\"potentialAction\":[{\"@type\":\"SearchAction\",\"target\":{\"@type\":\"EntryPoint\",\"urlTemplate\":\"https:\\\/\\\/jornaldasoficinas.com\\\/pt\\\/?s={search_term_string}\"},\"query-input\":{\"@type\":\"PropertyValueSpecification\",\"valueRequired\":true,\"valueName\":\"search_term_string\"}}],\"inLanguage\":\"pt-PT\"},{\"@type\":\"Organization\",\"@id\":\"https:\\\/\\\/jornaldasoficinas.com\\\/pt\\\/#organization\",\"name\":\"Jornal das Oficinas\",\"url\":\"https:\\\/\\\/jornaldasoficinas.com\\\/pt\\\/\",\"logo\":{\"@type\":\"ImageObject\",\"inLanguage\":\"pt-PT\",\"@id\":\"https:\\\/\\\/jornaldasoficinas.com\\\/pt\\\/#\\\/schema\\\/logo\\\/image\\\/\",\"url\":\"https:\\\/\\\/jornaldasoficinas.com\\\/pt\\\/wp-content\\\/uploads\\\/logoJO-SEO.png\",\"contentUrl\":\"https:\\\/\\\/jornaldasoficinas.com\\\/pt\\\/wp-content\\\/uploads\\\/logoJO-SEO.png\",\"width\":285,\"height\":450,\"caption\":\"Jornal das Oficinas\"},\"image\":{\"@id\":\"https:\\\/\\\/jornaldasoficinas.com\\\/pt\\\/#\\\/schema\\\/logo\\\/image\\\/\"},\"sameAs\":[\"https:\\\/\\\/www.facebook.com\\\/jornaloficinas\",\"https:\\\/\\\/x.com\\\/jornaloficinas\",\"https:\\\/\\\/www.instagram.com\\\/jornal_oficinas\\\/\",\"https:\\\/\\\/www.linkedin.com\\\/company\\\/jornal-das-oficinas\\\/\",\"https:\\\/\\\/www.youtube.com\\\/channel\\\/UCbQZBqtcvV-oSQrr7RzINGg\"]},{\"@type\":\"Person\",\"@id\":\"https:\\\/\\\/jornaldasoficinas.com\\\/pt\\\/#\\\/schema\\\/person\\\/a38eef5de2c41d9e7c9ac10141afddf3\",\"name\":\"Reda\u00e7\u00e3o JO\",\"image\":{\"@type\":\"ImageObject\",\"inLanguage\":\"pt-PT\",\"@id\":\"https:\\\/\\\/secure.gravatar.com\\\/avatar\\\/71f2fa71737ad68a84fea94bc708ddac8ea5b0c4788dc2ad202f3ccb2887742f?s=96&d=wp_user_avatar&r=g\",\"url\":\"https:\\\/\\\/secure.gravatar.com\\\/avatar\\\/71f2fa71737ad68a84fea94bc708ddac8ea5b0c4788dc2ad202f3ccb2887742f?s=96&d=wp_user_avatar&r=g\",\"contentUrl\":\"https:\\\/\\\/secure.gravatar.com\\\/avatar\\\/71f2fa71737ad68a84fea94bc708ddac8ea5b0c4788dc2ad202f3ccb2887742f?s=96&d=wp_user_avatar&r=g\",\"caption\":\"Reda\u00e7\u00e3o JO\"},\"url\":\"https:\\\/\\\/jornaldasoficinas.com\\\/pt\\\/author\\\/joredacao\\\/\"}]}<\/script>\n<!-- \/ Yoast SEO plugin. -->","yoast_head_json":{"title":"21.\u00ba Encontro Valorpneu refor\u00e7a o poder da sustentabilidade - Jornal das Oficinas","description":"A nova licen\u00e7a concedida \u00e0 Valorpneu para 2024 para o desenvolvimento da sua atividade, a ado\u00e7\u00e3o de pr\u00e1ticas mais sustent\u00e1veis","robots":{"index":"index","follow":"follow","max-snippet":"max-snippet:-1","max-image-preview":"max-image-preview:large","max-video-preview":"max-video-preview:-1"},"canonical":"https:\/\/jornaldasoficinas.com\/pt\/21-o-encontro-valorpneu-reforca-o-poder-da-sustentabilidade\/","og_locale":"pt_PT","og_type":"article","og_title":"21.\u00ba Encontro Valorpneu refor\u00e7a o poder da sustentabilidade - Jornal das Oficinas","og_description":"A nova licen\u00e7a concedida \u00e0 Valorpneu para 2024 para o desenvolvimento da sua atividade, a ado\u00e7\u00e3o de pr\u00e1ticas mais sustent\u00e1veis","og_url":"https:\/\/jornaldasoficinas.com\/pt\/21-o-encontro-valorpneu-reforca-o-poder-da-sustentabilidade\/","og_site_name":"Jornal das Oficinas","article_publisher":"https:\/\/www.facebook.com\/jornaloficinas","article_published_time":"2023-11-30T08:00:14+00:00","article_modified_time":"2023-11-30T10:26:41+00:00","og_image":[{"width":1024,"height":581,"url":"https:\/\/jornaldasoficinas.com\/pt\/wp-content\/uploads\/2023\/11\/21o-Encontro-Valorpneu-reforca-o-poder-da-sustentabilidade.jpg","type":"image\/jpeg"}],"author":"Reda\u00e7\u00e3o JO","twitter_card":"summary_large_image","twitter_creator":"@jornaloficinas","twitter_site":"@jornaloficinas","twitter_misc":{"Escrito por":"Reda\u00e7\u00e3o JO","Tempo estimado de leitura":"5 minutos"},"schema":{"@context":"https:\/\/schema.org","@graph":[{"@type":"Article","@id":"https:\/\/jornaldasoficinas.com\/pt\/21-o-encontro-valorpneu-reforca-o-poder-da-sustentabilidade\/#article","isPartOf":{"@id":"https:\/\/jornaldasoficinas.com\/pt\/21-o-encontro-valorpneu-reforca-o-poder-da-sustentabilidade\/"},"author":{"name":"Reda\u00e7\u00e3o JO","@id":"https:\/\/jornaldasoficinas.com\/pt\/#\/schema\/person\/a38eef5de2c41d9e7c9ac10141afddf3"},"headline":"21.\u00ba Encontro Valorpneu refor\u00e7a o poder da sustentabilidade","datePublished":"2023-11-30T08:00:14+00:00","dateModified":"2023-11-30T10:26:41+00:00","mainEntityOfPage":{"@id":"https:\/\/jornaldasoficinas.com\/pt\/21-o-encontro-valorpneu-reforca-o-poder-da-sustentabilidade\/"},"wordCount":852,"publisher":{"@id":"https:\/\/jornaldasoficinas.com\/pt\/#organization"},"image":{"@id":"https:\/\/jornaldasoficinas.com\/pt\/21-o-encontro-valorpneu-reforca-o-poder-da-sustentabilidade\/#primaryimage"},"thumbnailUrl":"https:\/\/jornaldasoficinas.com\/pt\/wp-content\/uploads\/2023\/11\/21o-Encontro-Valorpneu-reforca-o-poder-da-sustentabilidade.jpg","keywords":["21 e 22 de novembro","21.\u00ba Encontro Valorpneu","ACAP","AFLOSOR","ANIRP","APA","DGAE","Economia Circular","gest\u00e3o de res\u00edduos","JCConsulting","Mabor","Pneus fim de vida","Pr\u00e1ticas sustent\u00e1veis","Recircle Awards","Ribeiro &amp; Filhos Lda.","Sustentabilidade","Valorpneu","Vila Vi\u00e7osa"],"articleSection":["Empresas"],"inLanguage":"pt-PT"},{"@type":"WebPage","@id":"https:\/\/jornaldasoficinas.com\/pt\/21-o-encontro-valorpneu-reforca-o-poder-da-sustentabilidade\/","url":"https:\/\/jornaldasoficinas.com\/pt\/21-o-encontro-valorpneu-reforca-o-poder-da-sustentabilidade\/","name":"21.\u00ba Encontro Valorpneu refor\u00e7a o poder da sustentabilidade - Jornal das Oficinas","isPartOf":{"@id":"https:\/\/jornaldasoficinas.com\/pt\/#website"},"primaryImageOfPage":{"@id":"https:\/\/jornaldasoficinas.com\/pt\/21-o-encontro-valorpneu-reforca-o-poder-da-sustentabilidade\/#primaryimage"},"image":{"@id":"https:\/\/jornaldasoficinas.com\/pt\/21-o-encontro-valorpneu-reforca-o-poder-da-sustentabilidade\/#primaryimage"},"thumbnailUrl":"https:\/\/jornaldasoficinas.com\/pt\/wp-content\/uploads\/2023\/11\/21o-Encontro-Valorpneu-reforca-o-poder-da-sustentabilidade.jpg","datePublished":"2023-11-30T08:00:14+00:00","dateModified":"2023-11-30T10:26:41+00:00","description":"A nova licen\u00e7a concedida \u00e0 Valorpneu para 2024 para o desenvolvimento da sua atividade, a ado\u00e7\u00e3o de pr\u00e1ticas mais sustent\u00e1veis","breadcrumb":{"@id":"https:\/\/jornaldasoficinas.com\/pt\/21-o-encontro-valorpneu-reforca-o-poder-da-sustentabilidade\/#breadcrumb"},"inLanguage":"pt-PT","potentialAction":[{"@type":"ReadAction","target":["https:\/\/jornaldasoficinas.com\/pt\/21-o-encontro-valorpneu-reforca-o-poder-da-sustentabilidade\/"]}]},{"@type":"ImageObject","inLanguage":"pt-PT","@id":"https:\/\/jornaldasoficinas.com\/pt\/21-o-encontro-valorpneu-reforca-o-poder-da-sustentabilidade\/#primaryimage","url":"https:\/\/jornaldasoficinas.com\/pt\/wp-content\/uploads\/2023\/11\/21o-Encontro-Valorpneu-reforca-o-poder-da-sustentabilidade.jpg","contentUrl":"https:\/\/jornaldasoficinas.com\/pt\/wp-content\/uploads\/2023\/11\/21o-Encontro-Valorpneu-reforca-o-poder-da-sustentabilidade.jpg","width":1024,"height":581,"caption":"11 - 21o Encontro Valorpneu reforca o poder da sustentabilidade"},{"@type":"BreadcrumbList","@id":"https:\/\/jornaldasoficinas.com\/pt\/21-o-encontro-valorpneu-reforca-o-poder-da-sustentabilidade\/#breadcrumb","itemListElement":[{"@type":"ListItem","position":1,"name":"In\u00edcio","item":"https:\/\/jornaldasoficinas.com\/pt\/"},{"@type":"ListItem","position":2,"name":"21.\u00ba Encontro Valorpneu refor\u00e7a o poder da sustentabilidade"}]},{"@type":"WebSite","@id":"https:\/\/jornaldasoficinas.com\/pt\/#website","url":"https:\/\/jornaldasoficinas.com\/pt\/","name":"Jornal das Oficinas","description":"Jornal independente do Aftermarket Autom\u00f3vel em Portugal","publisher":{"@id":"https:\/\/jornaldasoficinas.com\/pt\/#organization"},"potentialAction":[{"@type":"SearchAction","target":{"@type":"EntryPoint","urlTemplate":"https:\/\/jornaldasoficinas.com\/pt\/?s={search_term_string}"},"query-input":{"@type":"PropertyValueSpecification","valueRequired":true,"valueName":"search_term_string"}}],"inLanguage":"pt-PT"},{"@type":"Organization","@id":"https:\/\/jornaldasoficinas.com\/pt\/#organization","name":"Jornal das Oficinas","url":"https:\/\/jornaldasoficinas.com\/pt\/","logo":{"@type":"ImageObject","inLanguage":"pt-PT","@id":"https:\/\/jornaldasoficinas.com\/pt\/#\/schema\/logo\/image\/","url":"https:\/\/jornaldasoficinas.com\/pt\/wp-content\/uploads\/logoJO-SEO.png","contentUrl":"https:\/\/jornaldasoficinas.com\/pt\/wp-content\/uploads\/logoJO-SEO.png","width":285,"height":450,"caption":"Jornal das Oficinas"},"image":{"@id":"https:\/\/jornaldasoficinas.com\/pt\/#\/schema\/logo\/image\/"},"sameAs":["https:\/\/www.facebook.com\/jornaloficinas","https:\/\/x.com\/jornaloficinas","https:\/\/www.instagram.com\/jornal_oficinas\/","https:\/\/www.linkedin.com\/company\/jornal-das-oficinas\/","https:\/\/www.youtube.com\/channel\/UCbQZBqtcvV-oSQrr7RzINGg"]},{"@type":"Person","@id":"https:\/\/jornaldasoficinas.com\/pt\/#\/schema\/person\/a38eef5de2c41d9e7c9ac10141afddf3","name":"Reda\u00e7\u00e3o JO","image":{"@type":"ImageObject","inLanguage":"pt-PT","@id":"https:\/\/secure.gravatar.com\/avatar\/71f2fa71737ad68a84fea94bc708ddac8ea5b0c4788dc2ad202f3ccb2887742f?s=96&d=wp_user_avatar&r=g","url":"https:\/\/secure.gravatar.com\/avatar\/71f2fa71737ad68a84fea94bc708ddac8ea5b0c4788dc2ad202f3ccb2887742f?s=96&d=wp_user_avatar&r=g","contentUrl":"https:\/\/secure.gravatar.com\/avatar\/71f2fa71737ad68a84fea94bc708ddac8ea5b0c4788dc2ad202f3ccb2887742f?s=96&d=wp_user_avatar&r=g","caption":"Reda\u00e7\u00e3o JO"},"url":"https:\/\/jornaldasoficinas.com\/pt\/author\/joredacao\/"}]}},"_links":{"self":[{"href":"https:\/\/jornaldasoficinas.com\/pt\/wp-json\/wp\/v2\/posts\/75364","targetHints":{"allow":["GET"]}}],"collection":[{"href":"https:\/\/jornaldasoficinas.com\/pt\/wp-json\/wp\/v2\/posts"}],"about":[{"href":"https:\/\/jornaldasoficinas.com\/pt\/wp-json\/wp\/v2\/types\/post"}],"author":[{"embeddable":true,"href":"https:\/\/jornaldasoficinas.com\/pt\/wp-json\/wp\/v2\/users\/15"}],"replies":[{"embeddable":true,"href":"https:\/\/jornaldasoficinas.com\/pt\/wp-json\/wp\/v2\/comments?post=75364"}],"version-history":[{"count":0,"href":"https:\/\/jornaldasoficinas.com\/pt\/wp-json\/wp\/v2\/posts\/75364\/revisions"}],"wp:featuredmedia":[{"embeddable":true,"href":"https:\/\/jornaldasoficinas.com\/pt\/wp-json\/wp\/v2\/media\/75365"}],"wp:attachment":[{"href":"https:\/\/jornaldasoficinas.com\/pt\/wp-json\/wp\/v2\/media?parent=75364"}],"wp:term":[{"taxonomy":"category","embeddable":true,"href":"https:\/\/jornaldasoficinas.com\/pt\/wp-json\/wp\/v2\/categories?post=75364"},{"taxonomy":"post_tag","embeddable":true,"href":"https:\/\/jornaldasoficinas.com\/pt\/wp-json\/wp\/v2\/tags?post=75364"}],"curies":[{"name":"wp","href":"https:\/\/api.w.org\/{rel}","templated":true}]}}