{"id":75790,"date":"2023-12-07T18:00:40","date_gmt":"2023-12-07T18:00:40","guid":{"rendered":"https:\/\/jornaldasoficinas.com\/pt\/?p=75790"},"modified":"2023-12-11T13:06:06","modified_gmt":"2023-12-11T13:06:06","slug":"alvaro-de-sousa-borrego-lanca-campanha-especial-dezembro","status":"publish","type":"post","link":"https:\/\/jornaldasoficinas.com\/pt\/alvaro-de-sousa-borrego-lanca-campanha-especial-dezembro\/","title":{"rendered":"\u00c1lvaro de Sousa Borrego lan\u00e7a campanha especial dezembro"},"content":{"rendered":"<p><img loading=\"lazy\" decoding=\"async\" class=\"alignnone size-full wp-image-75719\" src=\"https:\/\/jornaldasoficinas.com\/pt\/wp-content\/uploads\/2023\/12\/Alvaro-de-Sousa-Borrego.png\" alt=\"12 - Alvaro de Sousa Borrego\" width=\"1024\" height=\"581\" srcset=\"https:\/\/jornaldasoficinas.com\/pt\/wp-content\/uploads\/2023\/12\/Alvaro-de-Sousa-Borrego.png 1024w, https:\/\/jornaldasoficinas.com\/pt\/wp-content\/uploads\/2023\/12\/Alvaro-de-Sousa-Borrego-300x170.png 300w, https:\/\/jornaldasoficinas.com\/pt\/wp-content\/uploads\/2023\/12\/Alvaro-de-Sousa-Borrego-150x85.png 150w, https:\/\/jornaldasoficinas.com\/pt\/wp-content\/uploads\/2023\/12\/Alvaro-de-Sousa-Borrego-768x436.png 768w\" sizes=\"auto, (max-width: 1024px) 100vw, 1024px\" \/><\/p>\n<p><strong>A <a href=\"https:\/\/www.asborrego.pt\/\" target=\"_blank\" rel=\"noopener\">\u00c1lvaro de Sousa Borrego<\/a>, reconhecida no fornecimento de tintas e equipamentos para repintura autom\u00f3vel em Portugal, est\u00e1 entusiasmada em anunciar uma campanha especial de dezembro que oferecer\u00e1 aos clientes uma oportunidade de aprimorar as suas t\u00e9cnicas de polimento na repara\u00e7\u00e3o autom\u00f3vel<\/strong><\/p>\n<p>Durante todo o m\u00eas de dezembro, as oficinas de repara\u00e7\u00e3o autom\u00f3vel ter\u00e3o a oportunidade de adquirir o exclusivo pack &#8220;Polidora Bigfoot LHR15 ES + Massa de Polir D-A Series + Boina D-A Series&#8221; por um pre\u00e7o especial. Uma oferta irresist\u00edvel que promete elevar a qualidade do polimento a um novo patamar.<\/p>\n<p><strong>Polidora Bigfoot LHR15 ES: Efici\u00eancia em Superf\u00edcies Curvas<br \/>\n<\/strong>A renomada polidora Bigfoot LHR15 ES, conhecida pela sua pot\u00eancia e precis\u00e3o, \u00e9 a ferramenta perfeita para profissionais e entusiastas que procuram resultados de qualidade superior.<\/p>\n<p>A \u00f3rbita de \u00d815mm e o suporte RUPES de \u00d8125mm tornam esta polidora orbital aleat\u00f3ria especialmente adequada para superf\u00edcies curvas. O equil\u00edbrio perfeito e a opera\u00e7\u00e3o sem vibra\u00e7\u00f5es fazem da LHR 15E uma necessidade nas ferramentas de cada profissional.<\/p>\n<p>Esta \u00e9 uma oportunidade \u00fanica para os profissionais da repara\u00e7\u00e3o autom\u00f3vel adquirirem equipamentos de alta qualidade a um pre\u00e7o excecional.<\/p>\n<p>Para mais informa\u00e7\u00f5es clique <a href=\"http:\/\/www.asborrego.pt\" target=\"_blank\" rel=\"noopener\">aqui<\/a>.<\/p>\n","protected":false},"excerpt":{"rendered":"<p>A \u00c1lvaro de Sousa Borrego, reconhecida&#8230;<\/p>\n","protected":false},"author":15,"featured_media":75719,"comment_status":"closed","ping_status":"closed","sticky":false,"template":"","format":"standard","meta":{"footnotes":""},"categories":[2],"tags":[6849,477,508,6883,6882,3317,148,6884],"class_list":["post-75790","post","type-post","status-publish","format-standard","has-post-thumbnail","hentry","category-repintura","tag-a-s-borrego","tag-alvaro-de-sousa-borrego","tag-asb","tag-campanha-dezembro","tag-polimento-reparacao-automovel","tag-reparacao-automovel","tag-repintura","tag-tecnica"],"yoast_head":"<!-- This site is optimized with the Yoast SEO plugin v27.4 - https:\/\/yoast.com\/product\/yoast-seo-wordpress\/ -->\n<title>\u00c1lvaro de Sousa Borrego lan\u00e7a campanha especial dezembro - Jornal das Oficinas<\/title>\n<meta name=\"description\" content=\"A \u00c1lvaro de Sousa Borrego, oferece aos clientes oportunidade aprimorar as suas t\u00e9cnicas de polimento na repara\u00e7\u00e3o autom\u00f3vel\" \/>\n<meta name=\"robots\" content=\"index, follow, max-snippet:-1, max-image-preview:large, max-video-preview:-1\" \/>\n<link rel=\"canonical\" href=\"https:\/\/jornaldasoficinas.com\/pt\/alvaro-de-sousa-borrego-lanca-campanha-especial-dezembro\/\" \/>\n<meta property=\"og:locale\" content=\"pt_PT\" \/>\n<meta property=\"og:type\" content=\"article\" \/>\n<meta property=\"og:title\" content=\"\u00c1lvaro de Sousa Borrego lan\u00e7a campanha especial dezembro - Jornal das Oficinas\" \/>\n<meta property=\"og:description\" content=\"A \u00c1lvaro de Sousa Borrego, oferece aos clientes oportunidade aprimorar as suas t\u00e9cnicas de polimento na repara\u00e7\u00e3o autom\u00f3vel\" \/>\n<meta property=\"og:url\" content=\"https:\/\/jornaldasoficinas.com\/pt\/alvaro-de-sousa-borrego-lanca-campanha-especial-dezembro\/\" \/>\n<meta property=\"og:site_name\" content=\"Jornal das Oficinas\" \/>\n<meta property=\"article:publisher\" content=\"https:\/\/www.facebook.com\/jornaloficinas\" \/>\n<meta property=\"article:published_time\" content=\"2023-12-07T18:00:40+00:00\" \/>\n<meta property=\"article:modified_time\" content=\"2023-12-11T13:06:06+00:00\" \/>\n<meta property=\"og:image\" content=\"https:\/\/jornaldasoficinas.com\/pt\/wp-content\/uploads\/2023\/12\/Alvaro-de-Sousa-Borrego.png\" \/>\n\t<meta property=\"og:image:width\" content=\"1024\" \/>\n\t<meta property=\"og:image:height\" content=\"581\" \/>\n\t<meta property=\"og:image:type\" content=\"image\/png\" \/>\n<meta name=\"author\" content=\"Reda\u00e7\u00e3o JO\" \/>\n<meta name=\"twitter:card\" content=\"summary_large_image\" \/>\n<meta name=\"twitter:creator\" content=\"@jornaloficinas\" \/>\n<meta name=\"twitter:site\" content=\"@jornaloficinas\" \/>\n<meta name=\"twitter:label1\" content=\"Escrito por\" \/>\n\t<meta name=\"twitter:data1\" content=\"Reda\u00e7\u00e3o JO\" \/>\n\t<meta name=\"twitter:label2\" content=\"Tempo estimado de leitura\" \/>\n\t<meta name=\"twitter:data2\" content=\"2 minutos\" \/>\n<script type=\"application\/ld+json\" class=\"yoast-schema-graph\">{\"@context\":\"https:\\\/\\\/schema.org\",\"@graph\":[{\"@type\":\"Article\",\"@id\":\"https:\\\/\\\/jornaldasoficinas.com\\\/pt\\\/alvaro-de-sousa-borrego-lanca-campanha-especial-dezembro\\\/#article\",\"isPartOf\":{\"@id\":\"https:\\\/\\\/jornaldasoficinas.com\\\/pt\\\/alvaro-de-sousa-borrego-lanca-campanha-especial-dezembro\\\/\"},\"author\":{\"name\":\"Reda\u00e7\u00e3o JO\",\"@id\":\"https:\\\/\\\/jornaldasoficinas.com\\\/pt\\\/#\\\/schema\\\/person\\\/a38eef5de2c41d9e7c9ac10141afddf3\"},\"headline\":\"\u00c1lvaro de Sousa Borrego lan\u00e7a campanha especial dezembro\",\"datePublished\":\"2023-12-07T18:00:40+00:00\",\"dateModified\":\"2023-12-11T13:06:06+00:00\",\"mainEntityOfPage\":{\"@id\":\"https:\\\/\\\/jornaldasoficinas.com\\\/pt\\\/alvaro-de-sousa-borrego-lanca-campanha-especial-dezembro\\\/\"},\"wordCount\":219,\"publisher\":{\"@id\":\"https:\\\/\\\/jornaldasoficinas.com\\\/pt\\\/#organization\"},\"image\":{\"@id\":\"https:\\\/\\\/jornaldasoficinas.com\\\/pt\\\/alvaro-de-sousa-borrego-lanca-campanha-especial-dezembro\\\/#primaryimage\"},\"thumbnailUrl\":\"https:\\\/\\\/jornaldasoficinas.com\\\/pt\\\/wp-content\\\/uploads\\\/2023\\\/12\\\/Alvaro-de-Sousa-Borrego.png\",\"keywords\":[\"A. S. Borrego\",\"Alvaro de Sousa Borrego\",\"ASB\",\"Campanha Dezembro\",\"Polimento Repara\u00e7\u00e3o Autom\u00f3vel\",\"Repara\u00e7\u00e3o autom\u00f3vel\",\"Repintura\",\"T\u00e9cnica\"],\"articleSection\":[\"Repintura\"],\"inLanguage\":\"pt-PT\"},{\"@type\":\"WebPage\",\"@id\":\"https:\\\/\\\/jornaldasoficinas.com\\\/pt\\\/alvaro-de-sousa-borrego-lanca-campanha-especial-dezembro\\\/\",\"url\":\"https:\\\/\\\/jornaldasoficinas.com\\\/pt\\\/alvaro-de-sousa-borrego-lanca-campanha-especial-dezembro\\\/\",\"name\":\"\u00c1lvaro de Sousa Borrego lan\u00e7a campanha especial dezembro - Jornal das Oficinas\",\"isPartOf\":{\"@id\":\"https:\\\/\\\/jornaldasoficinas.com\\\/pt\\\/#website\"},\"primaryImageOfPage\":{\"@id\":\"https:\\\/\\\/jornaldasoficinas.com\\\/pt\\\/alvaro-de-sousa-borrego-lanca-campanha-especial-dezembro\\\/#primaryimage\"},\"image\":{\"@id\":\"https:\\\/\\\/jornaldasoficinas.com\\\/pt\\\/alvaro-de-sousa-borrego-lanca-campanha-especial-dezembro\\\/#primaryimage\"},\"thumbnailUrl\":\"https:\\\/\\\/jornaldasoficinas.com\\\/pt\\\/wp-content\\\/uploads\\\/2023\\\/12\\\/Alvaro-de-Sousa-Borrego.png\",\"datePublished\":\"2023-12-07T18:00:40+00:00\",\"dateModified\":\"2023-12-11T13:06:06+00:00\",\"description\":\"A \u00c1lvaro de Sousa Borrego, oferece aos clientes oportunidade aprimorar as suas t\u00e9cnicas de polimento na repara\u00e7\u00e3o autom\u00f3vel\",\"breadcrumb\":{\"@id\":\"https:\\\/\\\/jornaldasoficinas.com\\\/pt\\\/alvaro-de-sousa-borrego-lanca-campanha-especial-dezembro\\\/#breadcrumb\"},\"inLanguage\":\"pt-PT\",\"potentialAction\":[{\"@type\":\"ReadAction\",\"target\":[\"https:\\\/\\\/jornaldasoficinas.com\\\/pt\\\/alvaro-de-sousa-borrego-lanca-campanha-especial-dezembro\\\/\"]}]},{\"@type\":\"ImageObject\",\"inLanguage\":\"pt-PT\",\"@id\":\"https:\\\/\\\/jornaldasoficinas.com\\\/pt\\\/alvaro-de-sousa-borrego-lanca-campanha-especial-dezembro\\\/#primaryimage\",\"url\":\"https:\\\/\\\/jornaldasoficinas.com\\\/pt\\\/wp-content\\\/uploads\\\/2023\\\/12\\\/Alvaro-de-Sousa-Borrego.png\",\"contentUrl\":\"https:\\\/\\\/jornaldasoficinas.com\\\/pt\\\/wp-content\\\/uploads\\\/2023\\\/12\\\/Alvaro-de-Sousa-Borrego.png\",\"width\":1024,\"height\":581,\"caption\":\"12 - Alvaro de Sousa Borrego\"},{\"@type\":\"BreadcrumbList\",\"@id\":\"https:\\\/\\\/jornaldasoficinas.com\\\/pt\\\/alvaro-de-sousa-borrego-lanca-campanha-especial-dezembro\\\/#breadcrumb\",\"itemListElement\":[{\"@type\":\"ListItem\",\"position\":1,\"name\":\"In\u00edcio\",\"item\":\"https:\\\/\\\/jornaldasoficinas.com\\\/pt\\\/\"},{\"@type\":\"ListItem\",\"position\":2,\"name\":\"\u00c1lvaro de Sousa Borrego lan\u00e7a campanha especial dezembro\"}]},{\"@type\":\"WebSite\",\"@id\":\"https:\\\/\\\/jornaldasoficinas.com\\\/pt\\\/#website\",\"url\":\"https:\\\/\\\/jornaldasoficinas.com\\\/pt\\\/\",\"name\":\"Jornal das Oficinas\",\"description\":\"Jornal independente do Aftermarket Autom\u00f3vel em Portugal\",\"publisher\":{\"@id\":\"https:\\\/\\\/jornaldasoficinas.com\\\/pt\\\/#organization\"},\"potentialAction\":[{\"@type\":\"SearchAction\",\"target\":{\"@type\":\"EntryPoint\",\"urlTemplate\":\"https:\\\/\\\/jornaldasoficinas.com\\\/pt\\\/?s={search_term_string}\"},\"query-input\":{\"@type\":\"PropertyValueSpecification\",\"valueRequired\":true,\"valueName\":\"search_term_string\"}}],\"inLanguage\":\"pt-PT\"},{\"@type\":\"Organization\",\"@id\":\"https:\\\/\\\/jornaldasoficinas.com\\\/pt\\\/#organization\",\"name\":\"Jornal das Oficinas\",\"url\":\"https:\\\/\\\/jornaldasoficinas.com\\\/pt\\\/\",\"logo\":{\"@type\":\"ImageObject\",\"inLanguage\":\"pt-PT\",\"@id\":\"https:\\\/\\\/jornaldasoficinas.com\\\/pt\\\/#\\\/schema\\\/logo\\\/image\\\/\",\"url\":\"https:\\\/\\\/jornaldasoficinas.com\\\/pt\\\/wp-content\\\/uploads\\\/logoJO-SEO.png\",\"contentUrl\":\"https:\\\/\\\/jornaldasoficinas.com\\\/pt\\\/wp-content\\\/uploads\\\/logoJO-SEO.png\",\"width\":285,\"height\":450,\"caption\":\"Jornal das Oficinas\"},\"image\":{\"@id\":\"https:\\\/\\\/jornaldasoficinas.com\\\/pt\\\/#\\\/schema\\\/logo\\\/image\\\/\"},\"sameAs\":[\"https:\\\/\\\/www.facebook.com\\\/jornaloficinas\",\"https:\\\/\\\/x.com\\\/jornaloficinas\",\"https:\\\/\\\/www.instagram.com\\\/jornal_oficinas\\\/\",\"https:\\\/\\\/www.linkedin.com\\\/company\\\/jornal-das-oficinas\\\/\",\"https:\\\/\\\/www.youtube.com\\\/channel\\\/UCbQZBqtcvV-oSQrr7RzINGg\"]},{\"@type\":\"Person\",\"@id\":\"https:\\\/\\\/jornaldasoficinas.com\\\/pt\\\/#\\\/schema\\\/person\\\/a38eef5de2c41d9e7c9ac10141afddf3\",\"name\":\"Reda\u00e7\u00e3o JO\",\"image\":{\"@type\":\"ImageObject\",\"inLanguage\":\"pt-PT\",\"@id\":\"https:\\\/\\\/secure.gravatar.com\\\/avatar\\\/71f2fa71737ad68a84fea94bc708ddac8ea5b0c4788dc2ad202f3ccb2887742f?s=96&d=wp_user_avatar&r=g\",\"url\":\"https:\\\/\\\/secure.gravatar.com\\\/avatar\\\/71f2fa71737ad68a84fea94bc708ddac8ea5b0c4788dc2ad202f3ccb2887742f?s=96&d=wp_user_avatar&r=g\",\"contentUrl\":\"https:\\\/\\\/secure.gravatar.com\\\/avatar\\\/71f2fa71737ad68a84fea94bc708ddac8ea5b0c4788dc2ad202f3ccb2887742f?s=96&d=wp_user_avatar&r=g\",\"caption\":\"Reda\u00e7\u00e3o JO\"},\"url\":\"https:\\\/\\\/jornaldasoficinas.com\\\/pt\\\/author\\\/joredacao\\\/\"}]}<\/script>\n<!-- \/ Yoast SEO plugin. -->","yoast_head_json":{"title":"\u00c1lvaro de Sousa Borrego lan\u00e7a campanha especial dezembro - Jornal das Oficinas","description":"A \u00c1lvaro de Sousa Borrego, oferece aos clientes oportunidade aprimorar as suas t\u00e9cnicas de polimento na repara\u00e7\u00e3o autom\u00f3vel","robots":{"index":"index","follow":"follow","max-snippet":"max-snippet:-1","max-image-preview":"max-image-preview:large","max-video-preview":"max-video-preview:-1"},"canonical":"https:\/\/jornaldasoficinas.com\/pt\/alvaro-de-sousa-borrego-lanca-campanha-especial-dezembro\/","og_locale":"pt_PT","og_type":"article","og_title":"\u00c1lvaro de Sousa Borrego lan\u00e7a campanha especial dezembro - Jornal das Oficinas","og_description":"A \u00c1lvaro de Sousa Borrego, oferece aos clientes oportunidade aprimorar as suas t\u00e9cnicas de polimento na repara\u00e7\u00e3o autom\u00f3vel","og_url":"https:\/\/jornaldasoficinas.com\/pt\/alvaro-de-sousa-borrego-lanca-campanha-especial-dezembro\/","og_site_name":"Jornal das Oficinas","article_publisher":"https:\/\/www.facebook.com\/jornaloficinas","article_published_time":"2023-12-07T18:00:40+00:00","article_modified_time":"2023-12-11T13:06:06+00:00","og_image":[{"width":1024,"height":581,"url":"https:\/\/jornaldasoficinas.com\/pt\/wp-content\/uploads\/2023\/12\/Alvaro-de-Sousa-Borrego.png","type":"image\/png"}],"author":"Reda\u00e7\u00e3o JO","twitter_card":"summary_large_image","twitter_creator":"@jornaloficinas","twitter_site":"@jornaloficinas","twitter_misc":{"Escrito por":"Reda\u00e7\u00e3o JO","Tempo estimado de leitura":"2 minutos"},"schema":{"@context":"https:\/\/schema.org","@graph":[{"@type":"Article","@id":"https:\/\/jornaldasoficinas.com\/pt\/alvaro-de-sousa-borrego-lanca-campanha-especial-dezembro\/#article","isPartOf":{"@id":"https:\/\/jornaldasoficinas.com\/pt\/alvaro-de-sousa-borrego-lanca-campanha-especial-dezembro\/"},"author":{"name":"Reda\u00e7\u00e3o JO","@id":"https:\/\/jornaldasoficinas.com\/pt\/#\/schema\/person\/a38eef5de2c41d9e7c9ac10141afddf3"},"headline":"\u00c1lvaro de Sousa Borrego lan\u00e7a campanha especial dezembro","datePublished":"2023-12-07T18:00:40+00:00","dateModified":"2023-12-11T13:06:06+00:00","mainEntityOfPage":{"@id":"https:\/\/jornaldasoficinas.com\/pt\/alvaro-de-sousa-borrego-lanca-campanha-especial-dezembro\/"},"wordCount":219,"publisher":{"@id":"https:\/\/jornaldasoficinas.com\/pt\/#organization"},"image":{"@id":"https:\/\/jornaldasoficinas.com\/pt\/alvaro-de-sousa-borrego-lanca-campanha-especial-dezembro\/#primaryimage"},"thumbnailUrl":"https:\/\/jornaldasoficinas.com\/pt\/wp-content\/uploads\/2023\/12\/Alvaro-de-Sousa-Borrego.png","keywords":["A. S. Borrego","Alvaro de Sousa Borrego","ASB","Campanha Dezembro","Polimento Repara\u00e7\u00e3o Autom\u00f3vel","Repara\u00e7\u00e3o autom\u00f3vel","Repintura","T\u00e9cnica"],"articleSection":["Repintura"],"inLanguage":"pt-PT"},{"@type":"WebPage","@id":"https:\/\/jornaldasoficinas.com\/pt\/alvaro-de-sousa-borrego-lanca-campanha-especial-dezembro\/","url":"https:\/\/jornaldasoficinas.com\/pt\/alvaro-de-sousa-borrego-lanca-campanha-especial-dezembro\/","name":"\u00c1lvaro de Sousa Borrego lan\u00e7a campanha especial dezembro - Jornal das Oficinas","isPartOf":{"@id":"https:\/\/jornaldasoficinas.com\/pt\/#website"},"primaryImageOfPage":{"@id":"https:\/\/jornaldasoficinas.com\/pt\/alvaro-de-sousa-borrego-lanca-campanha-especial-dezembro\/#primaryimage"},"image":{"@id":"https:\/\/jornaldasoficinas.com\/pt\/alvaro-de-sousa-borrego-lanca-campanha-especial-dezembro\/#primaryimage"},"thumbnailUrl":"https:\/\/jornaldasoficinas.com\/pt\/wp-content\/uploads\/2023\/12\/Alvaro-de-Sousa-Borrego.png","datePublished":"2023-12-07T18:00:40+00:00","dateModified":"2023-12-11T13:06:06+00:00","description":"A \u00c1lvaro de Sousa Borrego, oferece aos clientes oportunidade aprimorar as suas t\u00e9cnicas de polimento na repara\u00e7\u00e3o autom\u00f3vel","breadcrumb":{"@id":"https:\/\/jornaldasoficinas.com\/pt\/alvaro-de-sousa-borrego-lanca-campanha-especial-dezembro\/#breadcrumb"},"inLanguage":"pt-PT","potentialAction":[{"@type":"ReadAction","target":["https:\/\/jornaldasoficinas.com\/pt\/alvaro-de-sousa-borrego-lanca-campanha-especial-dezembro\/"]}]},{"@type":"ImageObject","inLanguage":"pt-PT","@id":"https:\/\/jornaldasoficinas.com\/pt\/alvaro-de-sousa-borrego-lanca-campanha-especial-dezembro\/#primaryimage","url":"https:\/\/jornaldasoficinas.com\/pt\/wp-content\/uploads\/2023\/12\/Alvaro-de-Sousa-Borrego.png","contentUrl":"https:\/\/jornaldasoficinas.com\/pt\/wp-content\/uploads\/2023\/12\/Alvaro-de-Sousa-Borrego.png","width":1024,"height":581,"caption":"12 - Alvaro de Sousa Borrego"},{"@type":"BreadcrumbList","@id":"https:\/\/jornaldasoficinas.com\/pt\/alvaro-de-sousa-borrego-lanca-campanha-especial-dezembro\/#breadcrumb","itemListElement":[{"@type":"ListItem","position":1,"name":"In\u00edcio","item":"https:\/\/jornaldasoficinas.com\/pt\/"},{"@type":"ListItem","position":2,"name":"\u00c1lvaro de Sousa Borrego lan\u00e7a campanha especial dezembro"}]},{"@type":"WebSite","@id":"https:\/\/jornaldasoficinas.com\/pt\/#website","url":"https:\/\/jornaldasoficinas.com\/pt\/","name":"Jornal das Oficinas","description":"Jornal independente do Aftermarket Autom\u00f3vel em Portugal","publisher":{"@id":"https:\/\/jornaldasoficinas.com\/pt\/#organization"},"potentialAction":[{"@type":"SearchAction","target":{"@type":"EntryPoint","urlTemplate":"https:\/\/jornaldasoficinas.com\/pt\/?s={search_term_string}"},"query-input":{"@type":"PropertyValueSpecification","valueRequired":true,"valueName":"search_term_string"}}],"inLanguage":"pt-PT"},{"@type":"Organization","@id":"https:\/\/jornaldasoficinas.com\/pt\/#organization","name":"Jornal das Oficinas","url":"https:\/\/jornaldasoficinas.com\/pt\/","logo":{"@type":"ImageObject","inLanguage":"pt-PT","@id":"https:\/\/jornaldasoficinas.com\/pt\/#\/schema\/logo\/image\/","url":"https:\/\/jornaldasoficinas.com\/pt\/wp-content\/uploads\/logoJO-SEO.png","contentUrl":"https:\/\/jornaldasoficinas.com\/pt\/wp-content\/uploads\/logoJO-SEO.png","width":285,"height":450,"caption":"Jornal das Oficinas"},"image":{"@id":"https:\/\/jornaldasoficinas.com\/pt\/#\/schema\/logo\/image\/"},"sameAs":["https:\/\/www.facebook.com\/jornaloficinas","https:\/\/x.com\/jornaloficinas","https:\/\/www.instagram.com\/jornal_oficinas\/","https:\/\/www.linkedin.com\/company\/jornal-das-oficinas\/","https:\/\/www.youtube.com\/channel\/UCbQZBqtcvV-oSQrr7RzINGg"]},{"@type":"Person","@id":"https:\/\/jornaldasoficinas.com\/pt\/#\/schema\/person\/a38eef5de2c41d9e7c9ac10141afddf3","name":"Reda\u00e7\u00e3o JO","image":{"@type":"ImageObject","inLanguage":"pt-PT","@id":"https:\/\/secure.gravatar.com\/avatar\/71f2fa71737ad68a84fea94bc708ddac8ea5b0c4788dc2ad202f3ccb2887742f?s=96&d=wp_user_avatar&r=g","url":"https:\/\/secure.gravatar.com\/avatar\/71f2fa71737ad68a84fea94bc708ddac8ea5b0c4788dc2ad202f3ccb2887742f?s=96&d=wp_user_avatar&r=g","contentUrl":"https:\/\/secure.gravatar.com\/avatar\/71f2fa71737ad68a84fea94bc708ddac8ea5b0c4788dc2ad202f3ccb2887742f?s=96&d=wp_user_avatar&r=g","caption":"Reda\u00e7\u00e3o JO"},"url":"https:\/\/jornaldasoficinas.com\/pt\/author\/joredacao\/"}]}},"_links":{"self":[{"href":"https:\/\/jornaldasoficinas.com\/pt\/wp-json\/wp\/v2\/posts\/75790","targetHints":{"allow":["GET"]}}],"collection":[{"href":"https:\/\/jornaldasoficinas.com\/pt\/wp-json\/wp\/v2\/posts"}],"about":[{"href":"https:\/\/jornaldasoficinas.com\/pt\/wp-json\/wp\/v2\/types\/post"}],"author":[{"embeddable":true,"href":"https:\/\/jornaldasoficinas.com\/pt\/wp-json\/wp\/v2\/users\/15"}],"replies":[{"embeddable":true,"href":"https:\/\/jornaldasoficinas.com\/pt\/wp-json\/wp\/v2\/comments?post=75790"}],"version-history":[{"count":0,"href":"https:\/\/jornaldasoficinas.com\/pt\/wp-json\/wp\/v2\/posts\/75790\/revisions"}],"wp:featuredmedia":[{"embeddable":true,"href":"https:\/\/jornaldasoficinas.com\/pt\/wp-json\/wp\/v2\/media\/75719"}],"wp:attachment":[{"href":"https:\/\/jornaldasoficinas.com\/pt\/wp-json\/wp\/v2\/media?parent=75790"}],"wp:term":[{"taxonomy":"category","embeddable":true,"href":"https:\/\/jornaldasoficinas.com\/pt\/wp-json\/wp\/v2\/categories?post=75790"},{"taxonomy":"post_tag","embeddable":true,"href":"https:\/\/jornaldasoficinas.com\/pt\/wp-json\/wp\/v2\/tags?post=75790"}],"curies":[{"name":"wp","href":"https:\/\/api.w.org\/{rel}","templated":true}]}}