{"id":75883,"date":"2023-12-11T12:30:41","date_gmt":"2023-12-11T12:30:41","guid":{"rendered":"https:\/\/jornaldasoficinas.com\/pt\/?p=75883"},"modified":"2023-12-11T13:03:23","modified_gmt":"2023-12-11T13:03:23","slug":"electric-star-week-ja-esta-on-na-soc-com-c-santos","status":"publish","type":"post","link":"https:\/\/jornaldasoficinas.com\/pt\/electric-star-week-ja-esta-on-na-soc-com-c-santos\/","title":{"rendered":"Electric Star Week j\u00e1 est\u00e1 \u2018ON\u2019 na Soc. Com. C. Santos"},"content":{"rendered":"<p><img loading=\"lazy\" decoding=\"async\" class=\"alignnone size-full wp-image-75884\" src=\"https:\/\/jornaldasoficinas.com\/pt\/wp-content\/uploads\/2023\/12\/Electric-Star-Week-ja-esta-\u2018ON-na-Soc.-Com.-C.-Santos.jpg\" alt=\"12 - Electric Star Week ja esta \u2018ON na Soc. Com. C. Santos\" width=\"1024\" height=\"581\" srcset=\"https:\/\/jornaldasoficinas.com\/pt\/wp-content\/uploads\/2023\/12\/Electric-Star-Week-ja-esta-\u2018ON-na-Soc.-Com.-C.-Santos.jpg 1024w, https:\/\/jornaldasoficinas.com\/pt\/wp-content\/uploads\/2023\/12\/Electric-Star-Week-ja-esta-\u2018ON-na-Soc.-Com.-C.-Santos-300x170.jpg 300w, https:\/\/jornaldasoficinas.com\/pt\/wp-content\/uploads\/2023\/12\/Electric-Star-Week-ja-esta-\u2018ON-na-Soc.-Com.-C.-Santos-150x85.jpg 150w, https:\/\/jornaldasoficinas.com\/pt\/wp-content\/uploads\/2023\/12\/Electric-Star-Week-ja-esta-\u2018ON-na-Soc.-Com.-C.-Santos-768x436.jpg 768w\" sizes=\"auto, (max-width: 1024px) 100vw, 1024px\" \/><\/p>\n<p><strong>A <a href=\"https:\/\/www.soccsantos.pt\/\" target=\"_blank\" rel=\"noopener\">Sociedade Comercial C. Santos<\/a> realiza, de 11 a 17 de dezembro, a <a href=\"https:\/\/electricstarweek.soccsantos.pt\/\" target=\"_blank\" rel=\"noopener\">Electric <\/a><\/strong><strong>Star Week. Este evento de vendas exclusivas reunir\u00e1, nas instala\u00e7\u00f5es da empresa junto ao Aeroporto do Porto, dezenas de viaturas el\u00e9tricas e h\u00edbridas plug-in seminovas e usadas Mercedes-Benz e smart a pre\u00e7os de oportunidade<\/strong><\/p>\n<p>O evento exclusivo de vendas Electric Star Week decorre nas instala\u00e7\u00f5es da Sociedade Comercial C. Santos, na Maia (junto ao Aeroporto do Porto), de 11 a 17 de dezembro (de segunda a sexta-feira entre as 8h30 e as 20h00 e ao fim de semana entre as 9h00 e as 18h00). A a\u00e7\u00e3o re\u00fane dezenas de autom\u00f3veis el\u00e9tricos e h\u00edbridos plug-in seminovos e usados Mercedes-Benz e smart com condi\u00e7\u00f5es \u00fanicas (adicionalmente, haver\u00e1, tamb\u00e9m, viaturas a combust\u00e3o com condi\u00e7\u00f5es especiais). Todas as viaturas t\u00eam pre\u00e7o de oportunidade, condi\u00e7\u00f5es especiais de acesso e garantia de marca. Tamb\u00e9m a avalia\u00e7\u00e3o da viatura de retoma (caso exista) \u00e9 feita no momento.<\/p>\n<p>A Electric Star Week da Sociedade Comercial C. Santos ser\u00e1, al\u00e9m disso, uma oportunidade para aproveitar os benef\u00edcios que as viaturas el\u00e9tricas e h\u00edbridas plug-in t\u00eam para particulares e, sobretudo, para empresas. As viaturas el\u00e9tricas n\u00e3o liquidam Imposto Sobre Ve\u00edculos (pago aquando da matr\u00edcula da viatura) ou Imposto \u00danico de Circula\u00e7\u00e3o (pago anualmente pelo propriet\u00e1rio do ve\u00edculo) e as h\u00edbridas plug-in com autonomia el\u00e9trica superior a 50 km t\u00eam redu\u00e7\u00e3o nesses impostos.<\/p>\n<p><strong>El\u00e9tricos e plug-in com vantagens fiscais<br \/>\n<\/strong>No caso das empresas, h\u00e1 benef\u00edcios adicionais pela utiliza\u00e7\u00e3o de viaturas eletrificadas. Com efeito, \u00e9 poss\u00edvel deduzir o IVA na aquisi\u00e7\u00e3o de viaturas novas e usadas (com IVA liquidado na fatura) e na loca\u00e7\u00e3o a 100%, desde que o custo de aquisi\u00e7\u00e3o n\u00e3o seja superior a 62 500 euros (valor sem IVA). H\u00e1, tamb\u00e9m, lugar \u00e0 dedu\u00e7\u00e3o do IVA da eletricidade com que o carro for carregado. Nos h\u00edbridos plug-in (desde que com autonomia em modo el\u00e9trico superior a 50 km) o cen\u00e1rio \u00e9 exatamente igual, com a \u00fanica diferen\u00e7a do valor de aquisi\u00e7\u00e3o ser inferior a 50 mil euros (valor sem IVA).<\/p>\n<p>\u201cA Electric Star Week decorre entre 11 e 17 de dezembro, com ofertas de oportunidade \u00e0 espera dos interessados. S\u00e3o v\u00e1rias viaturas 100% el\u00e9tricas e h\u00edbridas plug-in que est\u00e3o dispon\u00edveis, com condi\u00e7\u00f5es de acesso exclusivas e o habitual atendimento premium da Sociedade Comercial C. Santos. A nossa equipa est\u00e1, como habitual, dispon\u00edvel para oferecer atendimento personalizado\u201d, afirmou o respons\u00e1vel pelo departamento de usados da Sociedade Comercial C. Santos, Jorge Fernando.<\/p>\n","protected":false},"excerpt":{"rendered":"<p>A Sociedade Comercial C. Santos realiza,&#8230;<\/p>\n","protected":false},"author":15,"featured_media":75884,"comment_status":"closed","ping_status":"closed","sticky":false,"template":"","format":"standard","meta":{"footnotes":""},"categories":[29],"tags":[6872,6873,4716,116,6874,987,2488,2206],"class_list":["post-75883","post","type-post","status-publish","format-standard","has-post-thumbnail","hentry","category-empresas","tag-11-a-17-de-dezembro","tag-electric-star-week","tag-evento","tag-mercedes-benz","tag-seminovos","tag-smart","tag-soc-comercial-c-santos","tag-usados"],"yoast_head":"<!-- This site is optimized with the Yoast SEO plugin v27.5 - https:\/\/yoast.com\/product\/yoast-seo-wordpress\/ -->\n<title>Electric Star Week j\u00e1 est\u00e1 \u2018ON\u2019 na Soc. Com. C. Santos - Jornal das Oficinas<\/title>\n<meta name=\"description\" content=\"A Sociedade Comercial C. Santos realiza, de 11 a 17 de dezembro, a Electric Star Week. Este evento de vendas exclusivas reunir\u00e1, nas instala\u00e7\u00f5es da empresa junto ao Aeroporto do Porto, dezenas de viaturas el\u00e9tricas e h\u00edbridas plug-in seminovas e usadas Mercedes-Benz e smart a pre\u00e7os de oportunidade\" \/>\n<meta name=\"robots\" content=\"index, follow, max-snippet:-1, max-image-preview:large, max-video-preview:-1\" \/>\n<link rel=\"canonical\" href=\"https:\/\/jornaldasoficinas.com\/pt\/electric-star-week-ja-esta-on-na-soc-com-c-santos\/\" \/>\n<meta property=\"og:locale\" content=\"pt_PT\" \/>\n<meta property=\"og:type\" content=\"article\" \/>\n<meta property=\"og:title\" content=\"Electric Star Week j\u00e1 est\u00e1 \u2018ON\u2019 na Soc. Com. C. Santos - Jornal das Oficinas\" \/>\n<meta property=\"og:description\" content=\"A Sociedade Comercial C. Santos realiza, de 11 a 17 de dezembro, a Electric Star Week. Este evento de vendas exclusivas reunir\u00e1, nas instala\u00e7\u00f5es da empresa junto ao Aeroporto do Porto, dezenas de viaturas el\u00e9tricas e h\u00edbridas plug-in seminovas e usadas Mercedes-Benz e smart a pre\u00e7os de oportunidade\" \/>\n<meta property=\"og:url\" content=\"https:\/\/jornaldasoficinas.com\/pt\/electric-star-week-ja-esta-on-na-soc-com-c-santos\/\" \/>\n<meta property=\"og:site_name\" content=\"Jornal das Oficinas\" \/>\n<meta property=\"article:publisher\" content=\"https:\/\/www.facebook.com\/jornaloficinas\" \/>\n<meta property=\"article:published_time\" content=\"2023-12-11T12:30:41+00:00\" \/>\n<meta property=\"article:modified_time\" content=\"2023-12-11T13:03:23+00:00\" \/>\n<meta property=\"og:image\" content=\"https:\/\/jornaldasoficinas.com\/pt\/wp-content\/uploads\/2023\/12\/Electric-Star-Week-ja-esta-\u2018ON-na-Soc.-Com.-C.-Santos.jpg\" \/>\n\t<meta property=\"og:image:width\" content=\"1024\" \/>\n\t<meta property=\"og:image:height\" content=\"581\" \/>\n\t<meta property=\"og:image:type\" content=\"image\/jpeg\" \/>\n<meta name=\"author\" content=\"Reda\u00e7\u00e3o JO\" \/>\n<meta name=\"twitter:card\" content=\"summary_large_image\" \/>\n<meta name=\"twitter:creator\" content=\"@jornaloficinas\" \/>\n<meta name=\"twitter:site\" content=\"@jornaloficinas\" \/>\n<meta name=\"twitter:label1\" content=\"Escrito por\" \/>\n\t<meta name=\"twitter:data1\" content=\"Reda\u00e7\u00e3o JO\" \/>\n\t<meta name=\"twitter:label2\" content=\"Tempo estimado de leitura\" \/>\n\t<meta name=\"twitter:data2\" content=\"3 minutos\" \/>\n<script type=\"application\/ld+json\" class=\"yoast-schema-graph\">{\"@context\":\"https:\\\/\\\/schema.org\",\"@graph\":[{\"@type\":\"Article\",\"@id\":\"https:\\\/\\\/jornaldasoficinas.com\\\/pt\\\/electric-star-week-ja-esta-on-na-soc-com-c-santos\\\/#article\",\"isPartOf\":{\"@id\":\"https:\\\/\\\/jornaldasoficinas.com\\\/pt\\\/electric-star-week-ja-esta-on-na-soc-com-c-santos\\\/\"},\"author\":{\"name\":\"Reda\u00e7\u00e3o JO\",\"@id\":\"https:\\\/\\\/jornaldasoficinas.com\\\/pt\\\/#\\\/schema\\\/person\\\/a38eef5de2c41d9e7c9ac10141afddf3\"},\"headline\":\"Electric Star Week j\u00e1 est\u00e1 \u2018ON\u2019 na Soc. Com. C. Santos\",\"datePublished\":\"2023-12-11T12:30:41+00:00\",\"dateModified\":\"2023-12-11T13:03:23+00:00\",\"mainEntityOfPage\":{\"@id\":\"https:\\\/\\\/jornaldasoficinas.com\\\/pt\\\/electric-star-week-ja-esta-on-na-soc-com-c-santos\\\/\"},\"wordCount\":457,\"publisher\":{\"@id\":\"https:\\\/\\\/jornaldasoficinas.com\\\/pt\\\/#organization\"},\"image\":{\"@id\":\"https:\\\/\\\/jornaldasoficinas.com\\\/pt\\\/electric-star-week-ja-esta-on-na-soc-com-c-santos\\\/#primaryimage\"},\"thumbnailUrl\":\"https:\\\/\\\/jornaldasoficinas.com\\\/pt\\\/wp-content\\\/uploads\\\/2023\\\/12\\\/Electric-Star-Week-ja-esta-\u2018ON-na-Soc.-Com.-C.-Santos.jpg\",\"keywords\":[\"11 a 17 de dezembro\",\"Electric Star Week\",\"Evento\",\"Mercedes-Benz\",\"Seminovos\",\"Smart\",\"Soc. Comercial C. Santos\",\"Usados\"],\"articleSection\":[\"Empresas\"],\"inLanguage\":\"pt-PT\"},{\"@type\":\"WebPage\",\"@id\":\"https:\\\/\\\/jornaldasoficinas.com\\\/pt\\\/electric-star-week-ja-esta-on-na-soc-com-c-santos\\\/\",\"url\":\"https:\\\/\\\/jornaldasoficinas.com\\\/pt\\\/electric-star-week-ja-esta-on-na-soc-com-c-santos\\\/\",\"name\":\"Electric Star Week j\u00e1 est\u00e1 \u2018ON\u2019 na Soc. Com. C. Santos - Jornal das Oficinas\",\"isPartOf\":{\"@id\":\"https:\\\/\\\/jornaldasoficinas.com\\\/pt\\\/#website\"},\"primaryImageOfPage\":{\"@id\":\"https:\\\/\\\/jornaldasoficinas.com\\\/pt\\\/electric-star-week-ja-esta-on-na-soc-com-c-santos\\\/#primaryimage\"},\"image\":{\"@id\":\"https:\\\/\\\/jornaldasoficinas.com\\\/pt\\\/electric-star-week-ja-esta-on-na-soc-com-c-santos\\\/#primaryimage\"},\"thumbnailUrl\":\"https:\\\/\\\/jornaldasoficinas.com\\\/pt\\\/wp-content\\\/uploads\\\/2023\\\/12\\\/Electric-Star-Week-ja-esta-\u2018ON-na-Soc.-Com.-C.-Santos.jpg\",\"datePublished\":\"2023-12-11T12:30:41+00:00\",\"dateModified\":\"2023-12-11T13:03:23+00:00\",\"description\":\"A Sociedade Comercial C. Santos realiza, de 11 a 17 de dezembro, a Electric Star Week. Este evento de vendas exclusivas reunir\u00e1, nas instala\u00e7\u00f5es da empresa junto ao Aeroporto do Porto, dezenas de viaturas el\u00e9tricas e h\u00edbridas plug-in seminovas e usadas Mercedes-Benz e smart a pre\u00e7os de oportunidade\",\"breadcrumb\":{\"@id\":\"https:\\\/\\\/jornaldasoficinas.com\\\/pt\\\/electric-star-week-ja-esta-on-na-soc-com-c-santos\\\/#breadcrumb\"},\"inLanguage\":\"pt-PT\",\"potentialAction\":[{\"@type\":\"ReadAction\",\"target\":[\"https:\\\/\\\/jornaldasoficinas.com\\\/pt\\\/electric-star-week-ja-esta-on-na-soc-com-c-santos\\\/\"]}]},{\"@type\":\"ImageObject\",\"inLanguage\":\"pt-PT\",\"@id\":\"https:\\\/\\\/jornaldasoficinas.com\\\/pt\\\/electric-star-week-ja-esta-on-na-soc-com-c-santos\\\/#primaryimage\",\"url\":\"https:\\\/\\\/jornaldasoficinas.com\\\/pt\\\/wp-content\\\/uploads\\\/2023\\\/12\\\/Electric-Star-Week-ja-esta-\u2018ON-na-Soc.-Com.-C.-Santos.jpg\",\"contentUrl\":\"https:\\\/\\\/jornaldasoficinas.com\\\/pt\\\/wp-content\\\/uploads\\\/2023\\\/12\\\/Electric-Star-Week-ja-esta-\u2018ON-na-Soc.-Com.-C.-Santos.jpg\",\"width\":1024,\"height\":581,\"caption\":\"12 - Electric Star Week ja esta \u2018ON na Soc. Com. C. Santos\"},{\"@type\":\"BreadcrumbList\",\"@id\":\"https:\\\/\\\/jornaldasoficinas.com\\\/pt\\\/electric-star-week-ja-esta-on-na-soc-com-c-santos\\\/#breadcrumb\",\"itemListElement\":[{\"@type\":\"ListItem\",\"position\":1,\"name\":\"In\u00edcio\",\"item\":\"https:\\\/\\\/jornaldasoficinas.com\\\/pt\\\/\"},{\"@type\":\"ListItem\",\"position\":2,\"name\":\"Electric Star Week j\u00e1 est\u00e1 \u2018ON\u2019 na Soc. Com. C. Santos\"}]},{\"@type\":\"WebSite\",\"@id\":\"https:\\\/\\\/jornaldasoficinas.com\\\/pt\\\/#website\",\"url\":\"https:\\\/\\\/jornaldasoficinas.com\\\/pt\\\/\",\"name\":\"Jornal das Oficinas\",\"description\":\"Jornal independente do Aftermarket Autom\u00f3vel em Portugal\",\"publisher\":{\"@id\":\"https:\\\/\\\/jornaldasoficinas.com\\\/pt\\\/#organization\"},\"potentialAction\":[{\"@type\":\"SearchAction\",\"target\":{\"@type\":\"EntryPoint\",\"urlTemplate\":\"https:\\\/\\\/jornaldasoficinas.com\\\/pt\\\/?s={search_term_string}\"},\"query-input\":{\"@type\":\"PropertyValueSpecification\",\"valueRequired\":true,\"valueName\":\"search_term_string\"}}],\"inLanguage\":\"pt-PT\"},{\"@type\":\"Organization\",\"@id\":\"https:\\\/\\\/jornaldasoficinas.com\\\/pt\\\/#organization\",\"name\":\"Jornal das Oficinas\",\"url\":\"https:\\\/\\\/jornaldasoficinas.com\\\/pt\\\/\",\"logo\":{\"@type\":\"ImageObject\",\"inLanguage\":\"pt-PT\",\"@id\":\"https:\\\/\\\/jornaldasoficinas.com\\\/pt\\\/#\\\/schema\\\/logo\\\/image\\\/\",\"url\":\"https:\\\/\\\/jornaldasoficinas.com\\\/pt\\\/wp-content\\\/uploads\\\/logoJO-SEO.png\",\"contentUrl\":\"https:\\\/\\\/jornaldasoficinas.com\\\/pt\\\/wp-content\\\/uploads\\\/logoJO-SEO.png\",\"width\":285,\"height\":450,\"caption\":\"Jornal das Oficinas\"},\"image\":{\"@id\":\"https:\\\/\\\/jornaldasoficinas.com\\\/pt\\\/#\\\/schema\\\/logo\\\/image\\\/\"},\"sameAs\":[\"https:\\\/\\\/www.facebook.com\\\/jornaloficinas\",\"https:\\\/\\\/x.com\\\/jornaloficinas\",\"https:\\\/\\\/www.instagram.com\\\/jornal_oficinas\\\/\",\"https:\\\/\\\/www.linkedin.com\\\/company\\\/jornal-das-oficinas\\\/\",\"https:\\\/\\\/www.youtube.com\\\/channel\\\/UCbQZBqtcvV-oSQrr7RzINGg\"]},{\"@type\":\"Person\",\"@id\":\"https:\\\/\\\/jornaldasoficinas.com\\\/pt\\\/#\\\/schema\\\/person\\\/a38eef5de2c41d9e7c9ac10141afddf3\",\"name\":\"Reda\u00e7\u00e3o JO\",\"image\":{\"@type\":\"ImageObject\",\"inLanguage\":\"pt-PT\",\"@id\":\"https:\\\/\\\/secure.gravatar.com\\\/avatar\\\/71f2fa71737ad68a84fea94bc708ddac8ea5b0c4788dc2ad202f3ccb2887742f?s=96&d=wp_user_avatar&r=g\",\"url\":\"https:\\\/\\\/secure.gravatar.com\\\/avatar\\\/71f2fa71737ad68a84fea94bc708ddac8ea5b0c4788dc2ad202f3ccb2887742f?s=96&d=wp_user_avatar&r=g\",\"contentUrl\":\"https:\\\/\\\/secure.gravatar.com\\\/avatar\\\/71f2fa71737ad68a84fea94bc708ddac8ea5b0c4788dc2ad202f3ccb2887742f?s=96&d=wp_user_avatar&r=g\",\"caption\":\"Reda\u00e7\u00e3o JO\"},\"url\":\"https:\\\/\\\/jornaldasoficinas.com\\\/pt\\\/author\\\/joredacao\\\/\"}]}<\/script>\n<!-- \/ Yoast SEO plugin. -->","yoast_head_json":{"title":"Electric Star Week j\u00e1 est\u00e1 \u2018ON\u2019 na Soc. Com. C. Santos - Jornal das Oficinas","description":"A Sociedade Comercial C. Santos realiza, de 11 a 17 de dezembro, a Electric Star Week. Este evento de vendas exclusivas reunir\u00e1, nas instala\u00e7\u00f5es da empresa junto ao Aeroporto do Porto, dezenas de viaturas el\u00e9tricas e h\u00edbridas plug-in seminovas e usadas Mercedes-Benz e smart a pre\u00e7os de oportunidade","robots":{"index":"index","follow":"follow","max-snippet":"max-snippet:-1","max-image-preview":"max-image-preview:large","max-video-preview":"max-video-preview:-1"},"canonical":"https:\/\/jornaldasoficinas.com\/pt\/electric-star-week-ja-esta-on-na-soc-com-c-santos\/","og_locale":"pt_PT","og_type":"article","og_title":"Electric Star Week j\u00e1 est\u00e1 \u2018ON\u2019 na Soc. Com. C. Santos - Jornal das Oficinas","og_description":"A Sociedade Comercial C. Santos realiza, de 11 a 17 de dezembro, a Electric Star Week. Este evento de vendas exclusivas reunir\u00e1, nas instala\u00e7\u00f5es da empresa junto ao Aeroporto do Porto, dezenas de viaturas el\u00e9tricas e h\u00edbridas plug-in seminovas e usadas Mercedes-Benz e smart a pre\u00e7os de oportunidade","og_url":"https:\/\/jornaldasoficinas.com\/pt\/electric-star-week-ja-esta-on-na-soc-com-c-santos\/","og_site_name":"Jornal das Oficinas","article_publisher":"https:\/\/www.facebook.com\/jornaloficinas","article_published_time":"2023-12-11T12:30:41+00:00","article_modified_time":"2023-12-11T13:03:23+00:00","og_image":[{"width":1024,"height":581,"url":"https:\/\/jornaldasoficinas.com\/pt\/wp-content\/uploads\/2023\/12\/Electric-Star-Week-ja-esta-\u2018ON-na-Soc.-Com.-C.-Santos.jpg","type":"image\/jpeg"}],"author":"Reda\u00e7\u00e3o JO","twitter_card":"summary_large_image","twitter_creator":"@jornaloficinas","twitter_site":"@jornaloficinas","twitter_misc":{"Escrito por":"Reda\u00e7\u00e3o JO","Tempo estimado de leitura":"3 minutos"},"schema":{"@context":"https:\/\/schema.org","@graph":[{"@type":"Article","@id":"https:\/\/jornaldasoficinas.com\/pt\/electric-star-week-ja-esta-on-na-soc-com-c-santos\/#article","isPartOf":{"@id":"https:\/\/jornaldasoficinas.com\/pt\/electric-star-week-ja-esta-on-na-soc-com-c-santos\/"},"author":{"name":"Reda\u00e7\u00e3o JO","@id":"https:\/\/jornaldasoficinas.com\/pt\/#\/schema\/person\/a38eef5de2c41d9e7c9ac10141afddf3"},"headline":"Electric Star Week j\u00e1 est\u00e1 \u2018ON\u2019 na Soc. Com. C. Santos","datePublished":"2023-12-11T12:30:41+00:00","dateModified":"2023-12-11T13:03:23+00:00","mainEntityOfPage":{"@id":"https:\/\/jornaldasoficinas.com\/pt\/electric-star-week-ja-esta-on-na-soc-com-c-santos\/"},"wordCount":457,"publisher":{"@id":"https:\/\/jornaldasoficinas.com\/pt\/#organization"},"image":{"@id":"https:\/\/jornaldasoficinas.com\/pt\/electric-star-week-ja-esta-on-na-soc-com-c-santos\/#primaryimage"},"thumbnailUrl":"https:\/\/jornaldasoficinas.com\/pt\/wp-content\/uploads\/2023\/12\/Electric-Star-Week-ja-esta-\u2018ON-na-Soc.-Com.-C.-Santos.jpg","keywords":["11 a 17 de dezembro","Electric Star Week","Evento","Mercedes-Benz","Seminovos","Smart","Soc. Comercial C. Santos","Usados"],"articleSection":["Empresas"],"inLanguage":"pt-PT"},{"@type":"WebPage","@id":"https:\/\/jornaldasoficinas.com\/pt\/electric-star-week-ja-esta-on-na-soc-com-c-santos\/","url":"https:\/\/jornaldasoficinas.com\/pt\/electric-star-week-ja-esta-on-na-soc-com-c-santos\/","name":"Electric Star Week j\u00e1 est\u00e1 \u2018ON\u2019 na Soc. Com. C. Santos - Jornal das Oficinas","isPartOf":{"@id":"https:\/\/jornaldasoficinas.com\/pt\/#website"},"primaryImageOfPage":{"@id":"https:\/\/jornaldasoficinas.com\/pt\/electric-star-week-ja-esta-on-na-soc-com-c-santos\/#primaryimage"},"image":{"@id":"https:\/\/jornaldasoficinas.com\/pt\/electric-star-week-ja-esta-on-na-soc-com-c-santos\/#primaryimage"},"thumbnailUrl":"https:\/\/jornaldasoficinas.com\/pt\/wp-content\/uploads\/2023\/12\/Electric-Star-Week-ja-esta-\u2018ON-na-Soc.-Com.-C.-Santos.jpg","datePublished":"2023-12-11T12:30:41+00:00","dateModified":"2023-12-11T13:03:23+00:00","description":"A Sociedade Comercial C. Santos realiza, de 11 a 17 de dezembro, a Electric Star Week. Este evento de vendas exclusivas reunir\u00e1, nas instala\u00e7\u00f5es da empresa junto ao Aeroporto do Porto, dezenas de viaturas el\u00e9tricas e h\u00edbridas plug-in seminovas e usadas Mercedes-Benz e smart a pre\u00e7os de oportunidade","breadcrumb":{"@id":"https:\/\/jornaldasoficinas.com\/pt\/electric-star-week-ja-esta-on-na-soc-com-c-santos\/#breadcrumb"},"inLanguage":"pt-PT","potentialAction":[{"@type":"ReadAction","target":["https:\/\/jornaldasoficinas.com\/pt\/electric-star-week-ja-esta-on-na-soc-com-c-santos\/"]}]},{"@type":"ImageObject","inLanguage":"pt-PT","@id":"https:\/\/jornaldasoficinas.com\/pt\/electric-star-week-ja-esta-on-na-soc-com-c-santos\/#primaryimage","url":"https:\/\/jornaldasoficinas.com\/pt\/wp-content\/uploads\/2023\/12\/Electric-Star-Week-ja-esta-\u2018ON-na-Soc.-Com.-C.-Santos.jpg","contentUrl":"https:\/\/jornaldasoficinas.com\/pt\/wp-content\/uploads\/2023\/12\/Electric-Star-Week-ja-esta-\u2018ON-na-Soc.-Com.-C.-Santos.jpg","width":1024,"height":581,"caption":"12 - Electric Star Week ja esta \u2018ON na Soc. Com. C. Santos"},{"@type":"BreadcrumbList","@id":"https:\/\/jornaldasoficinas.com\/pt\/electric-star-week-ja-esta-on-na-soc-com-c-santos\/#breadcrumb","itemListElement":[{"@type":"ListItem","position":1,"name":"In\u00edcio","item":"https:\/\/jornaldasoficinas.com\/pt\/"},{"@type":"ListItem","position":2,"name":"Electric Star Week j\u00e1 est\u00e1 \u2018ON\u2019 na Soc. Com. C. Santos"}]},{"@type":"WebSite","@id":"https:\/\/jornaldasoficinas.com\/pt\/#website","url":"https:\/\/jornaldasoficinas.com\/pt\/","name":"Jornal das Oficinas","description":"Jornal independente do Aftermarket Autom\u00f3vel em Portugal","publisher":{"@id":"https:\/\/jornaldasoficinas.com\/pt\/#organization"},"potentialAction":[{"@type":"SearchAction","target":{"@type":"EntryPoint","urlTemplate":"https:\/\/jornaldasoficinas.com\/pt\/?s={search_term_string}"},"query-input":{"@type":"PropertyValueSpecification","valueRequired":true,"valueName":"search_term_string"}}],"inLanguage":"pt-PT"},{"@type":"Organization","@id":"https:\/\/jornaldasoficinas.com\/pt\/#organization","name":"Jornal das Oficinas","url":"https:\/\/jornaldasoficinas.com\/pt\/","logo":{"@type":"ImageObject","inLanguage":"pt-PT","@id":"https:\/\/jornaldasoficinas.com\/pt\/#\/schema\/logo\/image\/","url":"https:\/\/jornaldasoficinas.com\/pt\/wp-content\/uploads\/logoJO-SEO.png","contentUrl":"https:\/\/jornaldasoficinas.com\/pt\/wp-content\/uploads\/logoJO-SEO.png","width":285,"height":450,"caption":"Jornal das Oficinas"},"image":{"@id":"https:\/\/jornaldasoficinas.com\/pt\/#\/schema\/logo\/image\/"},"sameAs":["https:\/\/www.facebook.com\/jornaloficinas","https:\/\/x.com\/jornaloficinas","https:\/\/www.instagram.com\/jornal_oficinas\/","https:\/\/www.linkedin.com\/company\/jornal-das-oficinas\/","https:\/\/www.youtube.com\/channel\/UCbQZBqtcvV-oSQrr7RzINGg"]},{"@type":"Person","@id":"https:\/\/jornaldasoficinas.com\/pt\/#\/schema\/person\/a38eef5de2c41d9e7c9ac10141afddf3","name":"Reda\u00e7\u00e3o JO","image":{"@type":"ImageObject","inLanguage":"pt-PT","@id":"https:\/\/secure.gravatar.com\/avatar\/71f2fa71737ad68a84fea94bc708ddac8ea5b0c4788dc2ad202f3ccb2887742f?s=96&d=wp_user_avatar&r=g","url":"https:\/\/secure.gravatar.com\/avatar\/71f2fa71737ad68a84fea94bc708ddac8ea5b0c4788dc2ad202f3ccb2887742f?s=96&d=wp_user_avatar&r=g","contentUrl":"https:\/\/secure.gravatar.com\/avatar\/71f2fa71737ad68a84fea94bc708ddac8ea5b0c4788dc2ad202f3ccb2887742f?s=96&d=wp_user_avatar&r=g","caption":"Reda\u00e7\u00e3o JO"},"url":"https:\/\/jornaldasoficinas.com\/pt\/author\/joredacao\/"}]}},"_links":{"self":[{"href":"https:\/\/jornaldasoficinas.com\/pt\/wp-json\/wp\/v2\/posts\/75883","targetHints":{"allow":["GET"]}}],"collection":[{"href":"https:\/\/jornaldasoficinas.com\/pt\/wp-json\/wp\/v2\/posts"}],"about":[{"href":"https:\/\/jornaldasoficinas.com\/pt\/wp-json\/wp\/v2\/types\/post"}],"author":[{"embeddable":true,"href":"https:\/\/jornaldasoficinas.com\/pt\/wp-json\/wp\/v2\/users\/15"}],"replies":[{"embeddable":true,"href":"https:\/\/jornaldasoficinas.com\/pt\/wp-json\/wp\/v2\/comments?post=75883"}],"version-history":[{"count":0,"href":"https:\/\/jornaldasoficinas.com\/pt\/wp-json\/wp\/v2\/posts\/75883\/revisions"}],"wp:featuredmedia":[{"embeddable":true,"href":"https:\/\/jornaldasoficinas.com\/pt\/wp-json\/wp\/v2\/media\/75884"}],"wp:attachment":[{"href":"https:\/\/jornaldasoficinas.com\/pt\/wp-json\/wp\/v2\/media?parent=75883"}],"wp:term":[{"taxonomy":"category","embeddable":true,"href":"https:\/\/jornaldasoficinas.com\/pt\/wp-json\/wp\/v2\/categories?post=75883"},{"taxonomy":"post_tag","embeddable":true,"href":"https:\/\/jornaldasoficinas.com\/pt\/wp-json\/wp\/v2\/tags?post=75883"}],"curies":[{"name":"wp","href":"https:\/\/api.w.org\/{rel}","templated":true}]}}