{"id":76164,"date":"2023-12-20T14:00:27","date_gmt":"2023-12-20T14:00:27","guid":{"rendered":"https:\/\/jornaldasoficinas.com\/pt\/?p=76164"},"modified":"2023-12-20T09:44:51","modified_gmt":"2023-12-20T09:44:51","slug":"leasys-e-edp-comercial-apresentam-myevo","status":"publish","type":"post","link":"https:\/\/jornaldasoficinas.com\/pt\/leasys-e-edp-comercial-apresentam-myevo\/","title":{"rendered":"Leasys e EDP Comercial apresentam myEVO"},"content":{"rendered":"<p><img loading=\"lazy\" decoding=\"async\" class=\"alignnone size-full wp-image-76110\" src=\"https:\/\/jornaldasoficinas.com\/pt\/wp-content\/uploads\/2023\/12\/Leasys-e-EDP-Comercial-apresentam-myEVO.jpg\" alt=\"12 - Leasys e EDP Comercial apresentam myEVO\" width=\"1024\" height=\"581\" srcset=\"https:\/\/jornaldasoficinas.com\/pt\/wp-content\/uploads\/2023\/12\/Leasys-e-EDP-Comercial-apresentam-myEVO.jpg 1024w, https:\/\/jornaldasoficinas.com\/pt\/wp-content\/uploads\/2023\/12\/Leasys-e-EDP-Comercial-apresentam-myEVO-300x170.jpg 300w, https:\/\/jornaldasoficinas.com\/pt\/wp-content\/uploads\/2023\/12\/Leasys-e-EDP-Comercial-apresentam-myEVO-150x85.jpg 150w, https:\/\/jornaldasoficinas.com\/pt\/wp-content\/uploads\/2023\/12\/Leasys-e-EDP-Comercial-apresentam-myEVO-768x436.jpg 768w\" sizes=\"auto, (max-width: 1024px) 100vw, 1024px\" \/><\/p>\n<p><strong>A <a href=\"https:\/\/www.leasys.com\/pt\/portugues\" target=\"_blank\" rel=\"noopener\">Leasys<\/a> em conjunto com a <a href=\"https:\/\/www.edp.pt\/particulares\/\" target=\"_blank\" rel=\"noopener\">EDP Comercial<\/a>, anunciou o lan\u00e7amento do myEVO, uma solu\u00e7\u00e3o integrada para a mobilidade el\u00e9trica que vem transformar o panorama do aluguer e carregamento de ve\u00edculos el\u00e9tricos <\/strong><\/p>\n<p>Este produto diferenciador, dispon\u00edvel para clientes empresariais e particulares agrega num \u00fanico pacote de servi\u00e7os o aluguer do VE e um amplo conjunto de possibilidades, que v\u00e3o desde a instala\u00e7\u00e3o de um carregador, ao fornecimento de um cart\u00e3o de carregamento para a rede p\u00fablica e \u00e0 disponibiliza\u00e7\u00e3o de relat\u00f3rios com an\u00e1lises integradas, servi\u00e7os estes disponibilizados em parceria com a EDP Comercial e que fazem desta oferta integrada um passo significativo na evolu\u00e7\u00e3o da mobilidade el\u00e9trica.<\/p>\n<p>A Leasys e a EDP Comercial, reconhecidas pela sua experi\u00eancia nos respetivos setores, estabeleceram esta parceria para criar uma solu\u00e7\u00e3o integrada e conveniente, estabelecendo a melhor experi\u00eancia para o condutor na ind\u00fastria do aluguer de ve\u00edculos el\u00e9tricos, ao transformar o myEVO numa solu\u00e7\u00e3o robusta e que vem responder aos desafios do mercado.<\/p>\n<p><strong>Principais carater\u00edsticas do myEVO:<\/strong><\/p>\n<ol>\n<li>Frota abrangente de VE: O produto inclui acesso a uma diversificada frota de ve\u00edculos el\u00e9tricos, respeitando as necessidades dos diferentes segmentos de clientes &#8211; todos os modelos de viaturas novas dispon\u00edveis no mercado at\u00e9 \u00e0s viaturas semi-novas, provenientes de contratos anteriores de Renting e escrupulosamente mantidos na rede preferencial Leasys Mobility.<\/li>\n<li>Instala\u00e7\u00e3o de solu\u00e7\u00f5es de carregamento: O Cliente tem \u00e0 sua disposi\u00e7\u00e3o a instala\u00e7\u00e3o de diversas solu\u00e7\u00f5es de carregamento residenciais da EDP Comercial, podendo escolher entre dois m\u00e9todos de aquisi\u00e7\u00e3o \u2013 aluguer ou compra direta. Para instala\u00e7\u00f5es em infraestruturas empresariais, a solu\u00e7\u00e3o \u00e9 totalmente personaliz\u00e1vel e adaptada \u00e0s necessidades do Cliente, com acompanhamento direto da EDP Comercial.<\/li>\n<li>Cart\u00f5es CEME EDP: Atrav\u00e9s de um cart\u00e3o de carregamento dedicado, o Cliente pode aceder \u00e0 rede de carregamento p\u00fablico ou a carregadores residenciais, que tamb\u00e9m estejam ligados \u00e0 rede MOBI.E, recebendo mensalmente o detalhe para consulta e pagamento dos consumos efetuados.<\/li>\n<li>Relat\u00f3rios e an\u00e1lises integradas: Associado ao processo de carregamento, a Leasys fornece um conjunto de dados integrados na sua plataforma digital de Cliente para controlo e monitoriza\u00e7\u00e3o de custos e consumos.<\/li>\n<li>Consultoria e acompanhamento: Porque a transi\u00e7\u00e3o energ\u00e9tica \u00e9 evolutiva, oprocesso inicia-se com o aconselhamento dedicado e especializado a Clientes.<\/li>\n<\/ol>\n<p>O apoio prestado pelas equipas Leasys assegurar\u00e1 um acompanhamento em todas as fases do ciclo de vida do seu contrato, com as equipas da EDP Comercial dispon\u00edveis para apresentar as melhores solu\u00e7\u00f5es de carregamento para as empresas.<\/p>\n<p><strong>Principais vantagens do myEVO:<\/strong><\/p>\n<ul>\n<li>Maior conveni\u00eancia no carregamento, podendo o Cliente escolher o m\u00e9todode carregamento, de instala\u00e7\u00e3o e modelo de carregadores;<\/li>\n<\/ul>\n<ul>\n<li>Potencial de escala, extens\u00edvel n\u00e3o s\u00f3 a colaboradores, mas tamb\u00e9m comaplica\u00e7\u00e3o em infra estruturas empresariais;<\/li>\n<\/ul>\n<ul>\n<li>Gest\u00e3o centralizada da frota, agregando todos os dados e resolu\u00e7\u00e3o denecessidades em plataformas dedicadas;<\/li>\n<\/ul>\n<ul>\n<li>Fornecedor \u00fanico para a mobilidade, tendo \u00e0 disposi\u00e7\u00e3o as solu\u00e7\u00f5es demobilidade mais completas no mercado;<\/li>\n<\/ul>\n<ul>\n<li>Apoio \u00e0 transi\u00e7\u00e3o energ\u00e9tica, simplificando o ecosistema da mobilidadeEl\u00e9trica.<\/li>\n<\/ul>\n<p>Para Nuno Jacinto, Diretor Geral da Leasys Portugal \u201cO myEvo \u00e9 o elemento que vem garantir aos nossos Clientes uma experi\u00eancia 360\u00ba na evolu\u00e7\u00e3o para a mobilidade el\u00e9trica. E sendo este um objetivo estrat\u00e9gico para a Leasys, quer\u00edamos estar seguros de lan\u00e7ar o servi\u00e7o mais completo e integrado do mercado. E foi exatamente isso que conseguimos! Em parceria com a EDP Comercial, empresa l\u00edder de mercado no fornecimento de solu\u00e7\u00f5es energ\u00e9ticas, desenh\u00e1mos um servi\u00e7o que permite aos nossos Clientes aderirem \u00e0 transi\u00e7\u00e3o energ\u00e9tica de forma simples, eficiente e isenta de preocupa\u00e7\u00f5es.\u201d<\/p>\n<p>\u201cNuma altura em que o n\u00famero de ve\u00edculos el\u00e9tricos a circular nas nossas estradas continua a bater recordes, \u00e9 muito importante encontrarmos as solu\u00e7\u00f5es que deem resposta a esta enorme procura pela mobilidade mais sustent\u00e1vel. Assim, \u00e9 fundamental para a EDP Comercial poder estar perto do cliente no momento da tomada de decis\u00e3o de aquisi\u00e7\u00e3o de um carro e trabalharmos com os parceiros certos para que, em conjunto, consigamos apoiar esta transi\u00e7\u00e3o. A oferta que disponibilizamos com a Leasys responder\u00e1 \u00e0s v\u00e1rias necessidades que um condutor ter\u00e1 ao longo da sua jornada de mobilidade el\u00e9trica\u201d, destacou Gon\u00e7alo Castelo Branco, respons\u00e1vel pela Mobilidade Inteligente da EDP.<\/p>\n","protected":false},"excerpt":{"rendered":"<p>A Leasys em conjunto com a&#8230;<\/p>\n","protected":false},"author":15,"featured_media":76110,"comment_status":"closed","ping_status":"closed","sticky":false,"template":"","format":"standard","meta":{"footnotes":""},"categories":[29],"tags":[6951,6952,2898,5049,1421,6950,806,89],"class_list":["post-76164","post","type-post","status-publish","format-standard","has-post-thumbnail","hentry","category-empresas","tag-aluguer-de-veiculos","tag-carregamento-de-veiculos","tag-edp-comercial","tag-leasys","tag-mobilidade-eletrica","tag-myevo","tag-renting","tag-veiculos-eletricos"],"yoast_head":"<!-- This site is optimized with the Yoast SEO plugin v27.5 - https:\/\/yoast.com\/product\/yoast-seo-wordpress\/ -->\n<title>Leasys e EDP Comercial apresentam myEVO - Jornal das Oficinas<\/title>\n<meta name=\"description\" content=\"A Leasys em conjunto com a EDP Comercial, anunciou o lan\u00e7amento do myEVO, uma solu\u00e7\u00e3o integrada para a mobilidade el\u00e9trica\" \/>\n<meta name=\"robots\" content=\"index, follow, max-snippet:-1, max-image-preview:large, max-video-preview:-1\" \/>\n<link rel=\"canonical\" href=\"https:\/\/jornaldasoficinas.com\/pt\/leasys-e-edp-comercial-apresentam-myevo\/\" \/>\n<meta property=\"og:locale\" content=\"pt_PT\" \/>\n<meta property=\"og:type\" content=\"article\" \/>\n<meta property=\"og:title\" content=\"Leasys e EDP Comercial apresentam myEVO - Jornal das Oficinas\" \/>\n<meta property=\"og:description\" content=\"A Leasys em conjunto com a EDP Comercial, anunciou o lan\u00e7amento do myEVO, uma solu\u00e7\u00e3o integrada para a mobilidade el\u00e9trica\" \/>\n<meta property=\"og:url\" content=\"https:\/\/jornaldasoficinas.com\/pt\/leasys-e-edp-comercial-apresentam-myevo\/\" \/>\n<meta property=\"og:site_name\" content=\"Jornal das Oficinas\" \/>\n<meta property=\"article:publisher\" content=\"https:\/\/www.facebook.com\/jornaloficinas\" \/>\n<meta property=\"article:published_time\" content=\"2023-12-20T14:00:27+00:00\" \/>\n<meta property=\"og:image\" content=\"https:\/\/jornaldasoficinas.com\/pt\/wp-content\/uploads\/2023\/12\/Leasys-e-EDP-Comercial-apresentam-myEVO.jpg\" \/>\n\t<meta property=\"og:image:width\" content=\"1024\" \/>\n\t<meta property=\"og:image:height\" content=\"581\" \/>\n\t<meta property=\"og:image:type\" content=\"image\/jpeg\" \/>\n<meta name=\"author\" content=\"Reda\u00e7\u00e3o JO\" \/>\n<meta name=\"twitter:card\" content=\"summary_large_image\" \/>\n<meta name=\"twitter:creator\" content=\"@jornaloficinas\" \/>\n<meta name=\"twitter:site\" content=\"@jornaloficinas\" \/>\n<meta name=\"twitter:label1\" content=\"Escrito por\" \/>\n\t<meta name=\"twitter:data1\" content=\"Reda\u00e7\u00e3o JO\" \/>\n\t<meta name=\"twitter:label2\" content=\"Tempo estimado de leitura\" \/>\n\t<meta name=\"twitter:data2\" content=\"4 minutos\" \/>\n<script type=\"application\/ld+json\" class=\"yoast-schema-graph\">{\"@context\":\"https:\\\/\\\/schema.org\",\"@graph\":[{\"@type\":\"Article\",\"@id\":\"https:\\\/\\\/jornaldasoficinas.com\\\/pt\\\/leasys-e-edp-comercial-apresentam-myevo\\\/#article\",\"isPartOf\":{\"@id\":\"https:\\\/\\\/jornaldasoficinas.com\\\/pt\\\/leasys-e-edp-comercial-apresentam-myevo\\\/\"},\"author\":{\"name\":\"Reda\u00e7\u00e3o JO\",\"@id\":\"https:\\\/\\\/jornaldasoficinas.com\\\/pt\\\/#\\\/schema\\\/person\\\/a38eef5de2c41d9e7c9ac10141afddf3\"},\"headline\":\"Leasys e EDP Comercial apresentam myEVO\",\"datePublished\":\"2023-12-20T14:00:27+00:00\",\"mainEntityOfPage\":{\"@id\":\"https:\\\/\\\/jornaldasoficinas.com\\\/pt\\\/leasys-e-edp-comercial-apresentam-myevo\\\/\"},\"wordCount\":752,\"publisher\":{\"@id\":\"https:\\\/\\\/jornaldasoficinas.com\\\/pt\\\/#organization\"},\"image\":{\"@id\":\"https:\\\/\\\/jornaldasoficinas.com\\\/pt\\\/leasys-e-edp-comercial-apresentam-myevo\\\/#primaryimage\"},\"thumbnailUrl\":\"https:\\\/\\\/jornaldasoficinas.com\\\/pt\\\/wp-content\\\/uploads\\\/2023\\\/12\\\/Leasys-e-EDP-Comercial-apresentam-myEVO.jpg\",\"keywords\":[\"Aluguer de ve\u00edculos\",\"Carregamento de ve\u00edculos\",\"EDP Comercial\",\"Leasys\",\"Mobilidade el\u00e9trica\",\"myEVO\",\"renting\",\"Ve\u00edculos el\u00e9tricos\"],\"articleSection\":[\"Empresas\"],\"inLanguage\":\"pt-PT\"},{\"@type\":\"WebPage\",\"@id\":\"https:\\\/\\\/jornaldasoficinas.com\\\/pt\\\/leasys-e-edp-comercial-apresentam-myevo\\\/\",\"url\":\"https:\\\/\\\/jornaldasoficinas.com\\\/pt\\\/leasys-e-edp-comercial-apresentam-myevo\\\/\",\"name\":\"Leasys e EDP Comercial apresentam myEVO - Jornal das Oficinas\",\"isPartOf\":{\"@id\":\"https:\\\/\\\/jornaldasoficinas.com\\\/pt\\\/#website\"},\"primaryImageOfPage\":{\"@id\":\"https:\\\/\\\/jornaldasoficinas.com\\\/pt\\\/leasys-e-edp-comercial-apresentam-myevo\\\/#primaryimage\"},\"image\":{\"@id\":\"https:\\\/\\\/jornaldasoficinas.com\\\/pt\\\/leasys-e-edp-comercial-apresentam-myevo\\\/#primaryimage\"},\"thumbnailUrl\":\"https:\\\/\\\/jornaldasoficinas.com\\\/pt\\\/wp-content\\\/uploads\\\/2023\\\/12\\\/Leasys-e-EDP-Comercial-apresentam-myEVO.jpg\",\"datePublished\":\"2023-12-20T14:00:27+00:00\",\"description\":\"A Leasys em conjunto com a EDP Comercial, anunciou o lan\u00e7amento do myEVO, uma solu\u00e7\u00e3o integrada para a mobilidade el\u00e9trica\",\"breadcrumb\":{\"@id\":\"https:\\\/\\\/jornaldasoficinas.com\\\/pt\\\/leasys-e-edp-comercial-apresentam-myevo\\\/#breadcrumb\"},\"inLanguage\":\"pt-PT\",\"potentialAction\":[{\"@type\":\"ReadAction\",\"target\":[\"https:\\\/\\\/jornaldasoficinas.com\\\/pt\\\/leasys-e-edp-comercial-apresentam-myevo\\\/\"]}]},{\"@type\":\"ImageObject\",\"inLanguage\":\"pt-PT\",\"@id\":\"https:\\\/\\\/jornaldasoficinas.com\\\/pt\\\/leasys-e-edp-comercial-apresentam-myevo\\\/#primaryimage\",\"url\":\"https:\\\/\\\/jornaldasoficinas.com\\\/pt\\\/wp-content\\\/uploads\\\/2023\\\/12\\\/Leasys-e-EDP-Comercial-apresentam-myEVO.jpg\",\"contentUrl\":\"https:\\\/\\\/jornaldasoficinas.com\\\/pt\\\/wp-content\\\/uploads\\\/2023\\\/12\\\/Leasys-e-EDP-Comercial-apresentam-myEVO.jpg\",\"width\":1024,\"height\":581,\"caption\":\"12 - Leasys e EDP Comercial apresentam myEVO\"},{\"@type\":\"BreadcrumbList\",\"@id\":\"https:\\\/\\\/jornaldasoficinas.com\\\/pt\\\/leasys-e-edp-comercial-apresentam-myevo\\\/#breadcrumb\",\"itemListElement\":[{\"@type\":\"ListItem\",\"position\":1,\"name\":\"In\u00edcio\",\"item\":\"https:\\\/\\\/jornaldasoficinas.com\\\/pt\\\/\"},{\"@type\":\"ListItem\",\"position\":2,\"name\":\"Leasys e EDP Comercial apresentam myEVO\"}]},{\"@type\":\"WebSite\",\"@id\":\"https:\\\/\\\/jornaldasoficinas.com\\\/pt\\\/#website\",\"url\":\"https:\\\/\\\/jornaldasoficinas.com\\\/pt\\\/\",\"name\":\"Jornal das Oficinas\",\"description\":\"Jornal independente do Aftermarket Autom\u00f3vel em Portugal\",\"publisher\":{\"@id\":\"https:\\\/\\\/jornaldasoficinas.com\\\/pt\\\/#organization\"},\"potentialAction\":[{\"@type\":\"SearchAction\",\"target\":{\"@type\":\"EntryPoint\",\"urlTemplate\":\"https:\\\/\\\/jornaldasoficinas.com\\\/pt\\\/?s={search_term_string}\"},\"query-input\":{\"@type\":\"PropertyValueSpecification\",\"valueRequired\":true,\"valueName\":\"search_term_string\"}}],\"inLanguage\":\"pt-PT\"},{\"@type\":\"Organization\",\"@id\":\"https:\\\/\\\/jornaldasoficinas.com\\\/pt\\\/#organization\",\"name\":\"Jornal das Oficinas\",\"url\":\"https:\\\/\\\/jornaldasoficinas.com\\\/pt\\\/\",\"logo\":{\"@type\":\"ImageObject\",\"inLanguage\":\"pt-PT\",\"@id\":\"https:\\\/\\\/jornaldasoficinas.com\\\/pt\\\/#\\\/schema\\\/logo\\\/image\\\/\",\"url\":\"https:\\\/\\\/jornaldasoficinas.com\\\/pt\\\/wp-content\\\/uploads\\\/logoJO-SEO.png\",\"contentUrl\":\"https:\\\/\\\/jornaldasoficinas.com\\\/pt\\\/wp-content\\\/uploads\\\/logoJO-SEO.png\",\"width\":285,\"height\":450,\"caption\":\"Jornal das Oficinas\"},\"image\":{\"@id\":\"https:\\\/\\\/jornaldasoficinas.com\\\/pt\\\/#\\\/schema\\\/logo\\\/image\\\/\"},\"sameAs\":[\"https:\\\/\\\/www.facebook.com\\\/jornaloficinas\",\"https:\\\/\\\/x.com\\\/jornaloficinas\",\"https:\\\/\\\/www.instagram.com\\\/jornal_oficinas\\\/\",\"https:\\\/\\\/www.linkedin.com\\\/company\\\/jornal-das-oficinas\\\/\",\"https:\\\/\\\/www.youtube.com\\\/channel\\\/UCbQZBqtcvV-oSQrr7RzINGg\"]},{\"@type\":\"Person\",\"@id\":\"https:\\\/\\\/jornaldasoficinas.com\\\/pt\\\/#\\\/schema\\\/person\\\/a38eef5de2c41d9e7c9ac10141afddf3\",\"name\":\"Reda\u00e7\u00e3o JO\",\"image\":{\"@type\":\"ImageObject\",\"inLanguage\":\"pt-PT\",\"@id\":\"https:\\\/\\\/secure.gravatar.com\\\/avatar\\\/71f2fa71737ad68a84fea94bc708ddac8ea5b0c4788dc2ad202f3ccb2887742f?s=96&d=wp_user_avatar&r=g\",\"url\":\"https:\\\/\\\/secure.gravatar.com\\\/avatar\\\/71f2fa71737ad68a84fea94bc708ddac8ea5b0c4788dc2ad202f3ccb2887742f?s=96&d=wp_user_avatar&r=g\",\"contentUrl\":\"https:\\\/\\\/secure.gravatar.com\\\/avatar\\\/71f2fa71737ad68a84fea94bc708ddac8ea5b0c4788dc2ad202f3ccb2887742f?s=96&d=wp_user_avatar&r=g\",\"caption\":\"Reda\u00e7\u00e3o JO\"},\"url\":\"https:\\\/\\\/jornaldasoficinas.com\\\/pt\\\/author\\\/joredacao\\\/\"}]}<\/script>\n<!-- \/ Yoast SEO plugin. -->","yoast_head_json":{"title":"Leasys e EDP Comercial apresentam myEVO - Jornal das Oficinas","description":"A Leasys em conjunto com a EDP Comercial, anunciou o lan\u00e7amento do myEVO, uma solu\u00e7\u00e3o integrada para a mobilidade el\u00e9trica","robots":{"index":"index","follow":"follow","max-snippet":"max-snippet:-1","max-image-preview":"max-image-preview:large","max-video-preview":"max-video-preview:-1"},"canonical":"https:\/\/jornaldasoficinas.com\/pt\/leasys-e-edp-comercial-apresentam-myevo\/","og_locale":"pt_PT","og_type":"article","og_title":"Leasys e EDP Comercial apresentam myEVO - Jornal das Oficinas","og_description":"A Leasys em conjunto com a EDP Comercial, anunciou o lan\u00e7amento do myEVO, uma solu\u00e7\u00e3o integrada para a mobilidade el\u00e9trica","og_url":"https:\/\/jornaldasoficinas.com\/pt\/leasys-e-edp-comercial-apresentam-myevo\/","og_site_name":"Jornal das Oficinas","article_publisher":"https:\/\/www.facebook.com\/jornaloficinas","article_published_time":"2023-12-20T14:00:27+00:00","og_image":[{"width":1024,"height":581,"url":"https:\/\/jornaldasoficinas.com\/pt\/wp-content\/uploads\/2023\/12\/Leasys-e-EDP-Comercial-apresentam-myEVO.jpg","type":"image\/jpeg"}],"author":"Reda\u00e7\u00e3o JO","twitter_card":"summary_large_image","twitter_creator":"@jornaloficinas","twitter_site":"@jornaloficinas","twitter_misc":{"Escrito por":"Reda\u00e7\u00e3o JO","Tempo estimado de leitura":"4 minutos"},"schema":{"@context":"https:\/\/schema.org","@graph":[{"@type":"Article","@id":"https:\/\/jornaldasoficinas.com\/pt\/leasys-e-edp-comercial-apresentam-myevo\/#article","isPartOf":{"@id":"https:\/\/jornaldasoficinas.com\/pt\/leasys-e-edp-comercial-apresentam-myevo\/"},"author":{"name":"Reda\u00e7\u00e3o JO","@id":"https:\/\/jornaldasoficinas.com\/pt\/#\/schema\/person\/a38eef5de2c41d9e7c9ac10141afddf3"},"headline":"Leasys e EDP Comercial apresentam myEVO","datePublished":"2023-12-20T14:00:27+00:00","mainEntityOfPage":{"@id":"https:\/\/jornaldasoficinas.com\/pt\/leasys-e-edp-comercial-apresentam-myevo\/"},"wordCount":752,"publisher":{"@id":"https:\/\/jornaldasoficinas.com\/pt\/#organization"},"image":{"@id":"https:\/\/jornaldasoficinas.com\/pt\/leasys-e-edp-comercial-apresentam-myevo\/#primaryimage"},"thumbnailUrl":"https:\/\/jornaldasoficinas.com\/pt\/wp-content\/uploads\/2023\/12\/Leasys-e-EDP-Comercial-apresentam-myEVO.jpg","keywords":["Aluguer de ve\u00edculos","Carregamento de ve\u00edculos","EDP Comercial","Leasys","Mobilidade el\u00e9trica","myEVO","renting","Ve\u00edculos el\u00e9tricos"],"articleSection":["Empresas"],"inLanguage":"pt-PT"},{"@type":"WebPage","@id":"https:\/\/jornaldasoficinas.com\/pt\/leasys-e-edp-comercial-apresentam-myevo\/","url":"https:\/\/jornaldasoficinas.com\/pt\/leasys-e-edp-comercial-apresentam-myevo\/","name":"Leasys e EDP Comercial apresentam myEVO - Jornal das Oficinas","isPartOf":{"@id":"https:\/\/jornaldasoficinas.com\/pt\/#website"},"primaryImageOfPage":{"@id":"https:\/\/jornaldasoficinas.com\/pt\/leasys-e-edp-comercial-apresentam-myevo\/#primaryimage"},"image":{"@id":"https:\/\/jornaldasoficinas.com\/pt\/leasys-e-edp-comercial-apresentam-myevo\/#primaryimage"},"thumbnailUrl":"https:\/\/jornaldasoficinas.com\/pt\/wp-content\/uploads\/2023\/12\/Leasys-e-EDP-Comercial-apresentam-myEVO.jpg","datePublished":"2023-12-20T14:00:27+00:00","description":"A Leasys em conjunto com a EDP Comercial, anunciou o lan\u00e7amento do myEVO, uma solu\u00e7\u00e3o integrada para a mobilidade el\u00e9trica","breadcrumb":{"@id":"https:\/\/jornaldasoficinas.com\/pt\/leasys-e-edp-comercial-apresentam-myevo\/#breadcrumb"},"inLanguage":"pt-PT","potentialAction":[{"@type":"ReadAction","target":["https:\/\/jornaldasoficinas.com\/pt\/leasys-e-edp-comercial-apresentam-myevo\/"]}]},{"@type":"ImageObject","inLanguage":"pt-PT","@id":"https:\/\/jornaldasoficinas.com\/pt\/leasys-e-edp-comercial-apresentam-myevo\/#primaryimage","url":"https:\/\/jornaldasoficinas.com\/pt\/wp-content\/uploads\/2023\/12\/Leasys-e-EDP-Comercial-apresentam-myEVO.jpg","contentUrl":"https:\/\/jornaldasoficinas.com\/pt\/wp-content\/uploads\/2023\/12\/Leasys-e-EDP-Comercial-apresentam-myEVO.jpg","width":1024,"height":581,"caption":"12 - Leasys e EDP Comercial apresentam myEVO"},{"@type":"BreadcrumbList","@id":"https:\/\/jornaldasoficinas.com\/pt\/leasys-e-edp-comercial-apresentam-myevo\/#breadcrumb","itemListElement":[{"@type":"ListItem","position":1,"name":"In\u00edcio","item":"https:\/\/jornaldasoficinas.com\/pt\/"},{"@type":"ListItem","position":2,"name":"Leasys e EDP Comercial apresentam myEVO"}]},{"@type":"WebSite","@id":"https:\/\/jornaldasoficinas.com\/pt\/#website","url":"https:\/\/jornaldasoficinas.com\/pt\/","name":"Jornal das Oficinas","description":"Jornal independente do Aftermarket Autom\u00f3vel em Portugal","publisher":{"@id":"https:\/\/jornaldasoficinas.com\/pt\/#organization"},"potentialAction":[{"@type":"SearchAction","target":{"@type":"EntryPoint","urlTemplate":"https:\/\/jornaldasoficinas.com\/pt\/?s={search_term_string}"},"query-input":{"@type":"PropertyValueSpecification","valueRequired":true,"valueName":"search_term_string"}}],"inLanguage":"pt-PT"},{"@type":"Organization","@id":"https:\/\/jornaldasoficinas.com\/pt\/#organization","name":"Jornal das Oficinas","url":"https:\/\/jornaldasoficinas.com\/pt\/","logo":{"@type":"ImageObject","inLanguage":"pt-PT","@id":"https:\/\/jornaldasoficinas.com\/pt\/#\/schema\/logo\/image\/","url":"https:\/\/jornaldasoficinas.com\/pt\/wp-content\/uploads\/logoJO-SEO.png","contentUrl":"https:\/\/jornaldasoficinas.com\/pt\/wp-content\/uploads\/logoJO-SEO.png","width":285,"height":450,"caption":"Jornal das Oficinas"},"image":{"@id":"https:\/\/jornaldasoficinas.com\/pt\/#\/schema\/logo\/image\/"},"sameAs":["https:\/\/www.facebook.com\/jornaloficinas","https:\/\/x.com\/jornaloficinas","https:\/\/www.instagram.com\/jornal_oficinas\/","https:\/\/www.linkedin.com\/company\/jornal-das-oficinas\/","https:\/\/www.youtube.com\/channel\/UCbQZBqtcvV-oSQrr7RzINGg"]},{"@type":"Person","@id":"https:\/\/jornaldasoficinas.com\/pt\/#\/schema\/person\/a38eef5de2c41d9e7c9ac10141afddf3","name":"Reda\u00e7\u00e3o JO","image":{"@type":"ImageObject","inLanguage":"pt-PT","@id":"https:\/\/secure.gravatar.com\/avatar\/71f2fa71737ad68a84fea94bc708ddac8ea5b0c4788dc2ad202f3ccb2887742f?s=96&d=wp_user_avatar&r=g","url":"https:\/\/secure.gravatar.com\/avatar\/71f2fa71737ad68a84fea94bc708ddac8ea5b0c4788dc2ad202f3ccb2887742f?s=96&d=wp_user_avatar&r=g","contentUrl":"https:\/\/secure.gravatar.com\/avatar\/71f2fa71737ad68a84fea94bc708ddac8ea5b0c4788dc2ad202f3ccb2887742f?s=96&d=wp_user_avatar&r=g","caption":"Reda\u00e7\u00e3o JO"},"url":"https:\/\/jornaldasoficinas.com\/pt\/author\/joredacao\/"}]}},"_links":{"self":[{"href":"https:\/\/jornaldasoficinas.com\/pt\/wp-json\/wp\/v2\/posts\/76164","targetHints":{"allow":["GET"]}}],"collection":[{"href":"https:\/\/jornaldasoficinas.com\/pt\/wp-json\/wp\/v2\/posts"}],"about":[{"href":"https:\/\/jornaldasoficinas.com\/pt\/wp-json\/wp\/v2\/types\/post"}],"author":[{"embeddable":true,"href":"https:\/\/jornaldasoficinas.com\/pt\/wp-json\/wp\/v2\/users\/15"}],"replies":[{"embeddable":true,"href":"https:\/\/jornaldasoficinas.com\/pt\/wp-json\/wp\/v2\/comments?post=76164"}],"version-history":[{"count":0,"href":"https:\/\/jornaldasoficinas.com\/pt\/wp-json\/wp\/v2\/posts\/76164\/revisions"}],"wp:featuredmedia":[{"embeddable":true,"href":"https:\/\/jornaldasoficinas.com\/pt\/wp-json\/wp\/v2\/media\/76110"}],"wp:attachment":[{"href":"https:\/\/jornaldasoficinas.com\/pt\/wp-json\/wp\/v2\/media?parent=76164"}],"wp:term":[{"taxonomy":"category","embeddable":true,"href":"https:\/\/jornaldasoficinas.com\/pt\/wp-json\/wp\/v2\/categories?post=76164"},{"taxonomy":"post_tag","embeddable":true,"href":"https:\/\/jornaldasoficinas.com\/pt\/wp-json\/wp\/v2\/tags?post=76164"}],"curies":[{"name":"wp","href":"https:\/\/api.w.org\/{rel}","templated":true}]}}