{"id":76187,"date":"2023-12-21T08:00:15","date_gmt":"2023-12-21T08:00:15","guid":{"rendered":"https:\/\/jornaldasoficinas.com\/pt\/?p=76187"},"modified":"2023-12-20T15:45:46","modified_gmt":"2023-12-20T15:45:46","slug":"bev-ja-tiveram-dias-melhores","status":"publish","type":"post","link":"https:\/\/jornaldasoficinas.com\/pt\/bev-ja-tiveram-dias-melhores\/","title":{"rendered":"BEV j\u00e1 tiveram dias melhores?"},"content":{"rendered":"<p><img loading=\"lazy\" decoding=\"async\" class=\"alignnone size-full wp-image-76168\" src=\"https:\/\/jornaldasoficinas.com\/pt\/wp-content\/uploads\/2023\/12\/BEV-ja-tiveram-dias-melhores.jpeg\" alt=\"12 - BEV ja tiveram dias melhores\" width=\"1024\" height=\"581\" srcset=\"https:\/\/jornaldasoficinas.com\/pt\/wp-content\/uploads\/2023\/12\/BEV-ja-tiveram-dias-melhores.jpeg 1024w, https:\/\/jornaldasoficinas.com\/pt\/wp-content\/uploads\/2023\/12\/BEV-ja-tiveram-dias-melhores-300x170.jpeg 300w, https:\/\/jornaldasoficinas.com\/pt\/wp-content\/uploads\/2023\/12\/BEV-ja-tiveram-dias-melhores-150x85.jpeg 150w, https:\/\/jornaldasoficinas.com\/pt\/wp-content\/uploads\/2023\/12\/BEV-ja-tiveram-dias-melhores-768x436.jpeg 768w\" sizes=\"auto, (max-width: 1024px) 100vw, 1024px\" \/><\/p>\n<p><strong>Segundo o relat\u00f3rio do <a href=\"https:\/\/www.indicata.pt\/\" target=\"_blank\" rel=\"noopener\">Observat\u00f3rio INDICATA<\/a>, em novembro, a quota de mercado das vendas de ve\u00edculos usados a gasolina manteve-se est\u00e1vel em 43,07%, com os ve\u00edculos usados a gas\u00f3leo tamb\u00e9m relativamente est\u00e1veis em 37,74%. As vendas de BEVs usados recuaram para 4,47% do mercado online de ve\u00edculos usados B2C. A quota de mercado das vendas de h\u00edbridos atingiu um novo recorde, com 14,71%. As vendas de PHEV\/HEV aumentaram para 7,83% e as de MHEV para 6,88% <\/strong><\/p>\n<p>De acordo com o Observat\u00f3rio INDICATA, em Portugal, se excluirmos os ve\u00edculos comerciais, onde o diesel continua a ser o \u00fanico grupo motopropulsor vi\u00e1vel, o mercado de autom\u00f3veis de passageiros usados em novembro viu o diesel representar 51,64% das vendas, uma queda de 13,5% em rela\u00e7\u00e3o ao ano anterior, com a participa\u00e7\u00e3o da gasolina a aumentar 9,9% e os outros grupos motopropulsores garantindo o restante.<\/p>\n<p>Em novembro, as vendas de autom\u00f3veis usados mantiveram a gasolina no topo, com uma quota de mercado de 45,9%, descendo para 45,37% nos autom\u00f3veis com menos de quatro anos. A quota de mercado dos ve\u00edculos usados a gas\u00f3leo manteve-se est\u00e1vel em 33,76%, caindo para 23,46% nos ve\u00edculos com menos de quatro anos.<\/p>\n<p>O gas\u00f3leo usado continua a ser o grupo motopropulsor a vender mais rapidamente, com 64 dias de Market Days\u2019 Supply. O MDS da gasolina usada caiu para 68 dias. Com o reajuste do \u00edndice de pre\u00e7os para janeiro de 2023, os pre\u00e7os m\u00e9dios dos ve\u00edculos BEV usados ca\u00edram para 79,69 pontos, com um MDS de 97 dias, e a quota de stock a aumentar 3,2% em termos mensais. Os ve\u00edculos mais vendidos em novembro, em volume, com menos de quatro anos, mantiveram-se inalterados, com o Golf no topo, o Clio em segundo e o T-Roc em terceiro. No que respeita aos ve\u00edculos usados com menos de quatro anos a vender mais rapidamente, pelo Market Days\u2019 Supply, o Toyota Prius+ manteve-se no topo, com o Opel Grandland X em segundo lugar e o Opel Corsa em terceiro.<\/p>\n<p>\u201cReformul\u00e1mos o nosso \u00edndice online de pre\u00e7os de venda a retalho de autom\u00f3veis usados B2C para mostrar a evolu\u00e7\u00e3o dos pre\u00e7os m\u00e9dios dos autom\u00f3veis em 2023. O \u00edndice continua a basear-se num conjunto consistente de ve\u00edculos, atualizado para refletir a gama de autom\u00f3veis usados atualmente dispon\u00edveis, indexados em rela\u00e7\u00e3o a janeiro de 2023\u201d, referiu o Observat\u00f3rio INDICATA. \u00a0\u201cTodos os mercados registaram uma descida dos pre\u00e7os m\u00e9dios de usados no in\u00edcio de Dezembro\u201d, afirmou o Diretor Global do INDICATA, Andy Shields.<\/p>\n<p>Os pre\u00e7os m\u00e9dios para a Turquia ca\u00edram 4,0 pontos percentuais, em termos mensais, o que significa que s\u00e3o agora 55,5pp mais elevados do que no in\u00edcio de 2023. Os pre\u00e7os m\u00e9dios para os mercados europeus de volante \u00e0 esquerda registaram um recuo de 1,0pp em termos mensais, sendo agora 5,2pp mais baixos do que no in\u00edcio de 2023.<\/p>\n<p>Os pre\u00e7os do Reino Unido ca\u00edram 3,7pp em termos mensais, deixando os pre\u00e7os m\u00e9dios 10,2pp mais baixos do que em janeiro de 2023.<\/p>\n<p><strong>Vendas de autom\u00f3veis usados a gas\u00f3leo com menos de dois anos caem para terceiro<br \/>\n<\/strong>O decl\u00ednio na procura de ve\u00edculos usados a gas\u00f3leo fez com que a sua quota nas vendas online B2C de ve\u00edculos usados com menos de dois anos ca\u00edsse para o terceiro lugar. Em novembro, o gas\u00f3leo representava 15,61% das vendas, tendo sido ultrapassado pelos MHEVs, com 16,7%, e pelos PHEV\/HEV, com 14,84%. Os ve\u00edculos usados a gasolina representam 42,99% das vendas e os BEVs 9,86%, sendo os primeiros e os \u00faltimos nesta faixa et\u00e1ria jovem.<\/p>\n<p>Em novembro, o mercado online de ve\u00edculos usados B2C manteve-se relativamente est\u00e1vel em rela\u00e7\u00e3o ao m\u00eas anterior, com quedas marginais nas vendas de ve\u00edculos a gasolina e h\u00edbridos, enquanto os ve\u00edculos a gas\u00f3leo e h\u00edbridos suaves registaram aumentos marginais.<\/p>\n<p>A hist\u00f3ria foi semelhante para os autom\u00f3veis de passageiros, com o gas\u00f3leo a registar um aumento de 0,4% na sua quota de mercado em termos mensais, enquanto a quota da gasolina caiu 1,6% no mesmo per\u00edodo. As vendas de BEVs usados tamb\u00e9m ca\u00edram 2,3% em termos mensais, com os h\u00edbridos a absorverem a quota de vendas perdida.<\/p>\n<p>A procura de ve\u00edculos BEV usados sempre foi baixa em toda a regi\u00e3o, mas estes ve\u00edculos mantiveram um aumento constante da quota de mercado at\u00e9 recentemente. Em novembro, por\u00e9m, registaram o segundo m\u00eas consecutivo de decl\u00ednio, caindo 2,8% em rela\u00e7\u00e3o ao m\u00eas anterior.<\/p>\n<p>O abrandamento das restri\u00e7\u00f5es impostas aos semicondutores est\u00e1 a assistir a um crescimento dos registos t\u00e1ticos apoiados pelos fabricantes. Ap\u00f3s um aumento de 3,58% em termos mensais em outubro, em novembro as vendas de autom\u00f3veis usados muito jovens, com menos de um ano, aumentaram 10,42% em termos mensais, um aumento de 2,39% em rela\u00e7\u00e3o a novembro de 2022.<\/p>\n<p>O aumento destas vendas t\u00e1ticas est\u00e1 a ajudar a aumentar a quota de mercado dos ve\u00edculos com menos de dois anos, em detrimento dos ve\u00edculos com at\u00e9 quatro anos e dos ve\u00edculos com mais de cinco anos.<\/p>\n<p>Com os BEVs a perderem quota de mercado em todas as idades, come\u00e7a a parecer que pode ser necess\u00e1rio repensar o grupo motopropulsor do futuro.<\/p>\n<p><strong>Procura de BEVs usados inverte a marcha<br \/>\n<\/strong>Os BEVs t\u00eam sido vistos como o grupo motopropulsor da mobilidade futura, mas o mercado de usados tem-se mantido c\u00e9tico, \u00e0 exce\u00e7\u00e3o de uma vaga de interesse durante o in\u00edcio de 2022. As recentes redu\u00e7\u00f5es de pre\u00e7os dos BEVs usados pareceram ter um impacto, uma vez que as vendas de usados come\u00e7aram a recuperar e os BEVs usados no stock dos retalhistas come\u00e7aram a ser vendidos mais rapidamente, mas parece que o final de 2023 est\u00e1 a ver o mercado de usados arrefecer novamente em rela\u00e7\u00e3o aos BEVs.<\/p>\n<p>\u201cA nossa m\u00e9trica Market Days&#8217; Supply, que mede o stock de usados B2C dispon\u00edvel online em rela\u00e7\u00e3o \u00e0s vendas, viu a venda de BEVs em rela\u00e7\u00e3o aos n\u00edveis de stock cair drasticamente em novembro do ano passado para 99 dias e atingir 133 dias em fevereiro\u201d, referiu o Observat\u00f3rio INDICATA.<\/p>\n<p>Os fabricantes que ret\u00eam a venda por grosso de alguns BEVs usados e uma diminui\u00e7\u00e3o dos pre\u00e7os viram a posi\u00e7\u00e3o melhorar para 94 dias em outubro de 2023, apenas um pouco atr\u00e1s do MHEV com 90 dias, mas uma deteriora\u00e7\u00e3o de 2,8% em termos mensais em novembro viu o MDS subir para 97 dias, enquanto o MHEV melhorou 6,5% para 84 dias.<\/p>\n<p>Mesmo entre o grupo et\u00e1rio mais jovem, em que existe alguma sobreposi\u00e7\u00e3o entre os requisitos dos compradores de autom\u00f3veis novos e usados, n\u00e3o h\u00e1 boas not\u00edcias para os BEVs. Relativamente aos autom\u00f3veis de passageiros com menos de dois anos, a MDS piora para 103 dias.<\/p>\n<p>Em relat\u00f3rios anteriores, vimos alguns modelos de BEV contrariarem as tend\u00eancias mais gerais dos BEV e at\u00e9 superarem os grupos motopropulsores tradicionais em termos de velocidade de venda, mas, este m\u00eas, nenhum BEV est\u00e1 entre os tr\u00eas modelos mais r\u00e1pidos a vender, embora o Toyota Prius + agite a bandeira da fam\u00edlia mais alargada de grupos motopropulsores alternativos como o modelo de volume a vender mais rapidamente. A \u00fanica marca de BEV com um desempenho consistentemente bom continua a ser a Tesla, em especial os modelos Model 3 e Y.<\/p>\n","protected":false},"excerpt":{"rendered":"<p>Segundo o relat\u00f3rio do Observat\u00f3rio INDICATA,&#8230;<\/p>\n","protected":false},"author":15,"featured_media":76168,"comment_status":"closed","ping_status":"closed","sticky":false,"template":"","format":"standard","meta":{"footnotes":""},"categories":[37],"tags":[4181,2103,6959,6960,6961,6958],"class_list":["post-76187","post","type-post","status-publish","format-standard","has-post-thumbnail","hentry","category-mercado","tag-estatisticas","tag-observatorio-indicata","tag-vendas-de-bevs","tag-vendas-de-hibridos","tag-vendas-de-phev-hev-aumentam","tag-vendas-de-usados"],"yoast_head":"<!-- This site is optimized with the Yoast SEO plugin v27.5 - https:\/\/yoast.com\/product\/yoast-seo-wordpress\/ -->\n<title>BEV j\u00e1 tiveram dias melhores? - Jornal das Oficinas<\/title>\n<meta name=\"description\" content=\"O Observat\u00f3rio INDICATA, diz que em novembro, a quota de mercado das vendas de ve\u00edculos usados a gasolina\/gas\u00f3leo manteve-se est\u00e1vel\" \/>\n<meta name=\"robots\" content=\"index, follow, max-snippet:-1, max-image-preview:large, max-video-preview:-1\" \/>\n<link rel=\"canonical\" href=\"https:\/\/jornaldasoficinas.com\/pt\/bev-ja-tiveram-dias-melhores\/\" \/>\n<meta property=\"og:locale\" content=\"pt_PT\" \/>\n<meta property=\"og:type\" content=\"article\" \/>\n<meta property=\"og:title\" content=\"BEV j\u00e1 tiveram dias melhores? - Jornal das Oficinas\" \/>\n<meta property=\"og:description\" content=\"O Observat\u00f3rio INDICATA, diz que em novembro, a quota de mercado das vendas de ve\u00edculos usados a gasolina\/gas\u00f3leo manteve-se est\u00e1vel\" \/>\n<meta property=\"og:url\" content=\"https:\/\/jornaldasoficinas.com\/pt\/bev-ja-tiveram-dias-melhores\/\" \/>\n<meta property=\"og:site_name\" content=\"Jornal das Oficinas\" \/>\n<meta property=\"article:publisher\" content=\"https:\/\/www.facebook.com\/jornaloficinas\" \/>\n<meta property=\"article:published_time\" content=\"2023-12-21T08:00:15+00:00\" \/>\n<meta property=\"og:image\" content=\"https:\/\/jornaldasoficinas.com\/pt\/wp-content\/uploads\/2023\/12\/BEV-ja-tiveram-dias-melhores.jpeg\" \/>\n\t<meta property=\"og:image:width\" content=\"1024\" \/>\n\t<meta property=\"og:image:height\" content=\"581\" \/>\n\t<meta property=\"og:image:type\" content=\"image\/jpeg\" \/>\n<meta name=\"author\" content=\"Reda\u00e7\u00e3o JO\" \/>\n<meta name=\"twitter:card\" content=\"summary_large_image\" \/>\n<meta name=\"twitter:creator\" content=\"@jornaloficinas\" \/>\n<meta name=\"twitter:site\" content=\"@jornaloficinas\" \/>\n<meta name=\"twitter:label1\" content=\"Escrito por\" \/>\n\t<meta name=\"twitter:data1\" content=\"Reda\u00e7\u00e3o JO\" \/>\n\t<meta name=\"twitter:label2\" content=\"Tempo estimado de leitura\" \/>\n\t<meta name=\"twitter:data2\" content=\"7 minutos\" \/>\n<script type=\"application\/ld+json\" class=\"yoast-schema-graph\">{\"@context\":\"https:\\\/\\\/schema.org\",\"@graph\":[{\"@type\":\"Article\",\"@id\":\"https:\\\/\\\/jornaldasoficinas.com\\\/pt\\\/bev-ja-tiveram-dias-melhores\\\/#article\",\"isPartOf\":{\"@id\":\"https:\\\/\\\/jornaldasoficinas.com\\\/pt\\\/bev-ja-tiveram-dias-melhores\\\/\"},\"author\":{\"name\":\"Reda\u00e7\u00e3o JO\",\"@id\":\"https:\\\/\\\/jornaldasoficinas.com\\\/pt\\\/#\\\/schema\\\/person\\\/a38eef5de2c41d9e7c9ac10141afddf3\"},\"headline\":\"BEV j\u00e1 tiveram dias melhores?\",\"datePublished\":\"2023-12-21T08:00:15+00:00\",\"mainEntityOfPage\":{\"@id\":\"https:\\\/\\\/jornaldasoficinas.com\\\/pt\\\/bev-ja-tiveram-dias-melhores\\\/\"},\"wordCount\":1273,\"publisher\":{\"@id\":\"https:\\\/\\\/jornaldasoficinas.com\\\/pt\\\/#organization\"},\"image\":{\"@id\":\"https:\\\/\\\/jornaldasoficinas.com\\\/pt\\\/bev-ja-tiveram-dias-melhores\\\/#primaryimage\"},\"thumbnailUrl\":\"https:\\\/\\\/jornaldasoficinas.com\\\/pt\\\/wp-content\\\/uploads\\\/2023\\\/12\\\/BEV-ja-tiveram-dias-melhores.jpeg\",\"keywords\":[\"Estat\u00edsticas\",\"Observat\u00f3rio INDICATA\",\"Vendas de BEVs\",\"Vendas de h\u00edbridos\",\"Vendas de PHEV\\\/HEV aumentam\",\"Vendas de usados\"],\"articleSection\":[\"Mercado\"],\"inLanguage\":\"pt-PT\"},{\"@type\":\"WebPage\",\"@id\":\"https:\\\/\\\/jornaldasoficinas.com\\\/pt\\\/bev-ja-tiveram-dias-melhores\\\/\",\"url\":\"https:\\\/\\\/jornaldasoficinas.com\\\/pt\\\/bev-ja-tiveram-dias-melhores\\\/\",\"name\":\"BEV j\u00e1 tiveram dias melhores? - Jornal das Oficinas\",\"isPartOf\":{\"@id\":\"https:\\\/\\\/jornaldasoficinas.com\\\/pt\\\/#website\"},\"primaryImageOfPage\":{\"@id\":\"https:\\\/\\\/jornaldasoficinas.com\\\/pt\\\/bev-ja-tiveram-dias-melhores\\\/#primaryimage\"},\"image\":{\"@id\":\"https:\\\/\\\/jornaldasoficinas.com\\\/pt\\\/bev-ja-tiveram-dias-melhores\\\/#primaryimage\"},\"thumbnailUrl\":\"https:\\\/\\\/jornaldasoficinas.com\\\/pt\\\/wp-content\\\/uploads\\\/2023\\\/12\\\/BEV-ja-tiveram-dias-melhores.jpeg\",\"datePublished\":\"2023-12-21T08:00:15+00:00\",\"description\":\"O Observat\u00f3rio INDICATA, diz que em novembro, a quota de mercado das vendas de ve\u00edculos usados a gasolina\\\/gas\u00f3leo manteve-se est\u00e1vel\",\"breadcrumb\":{\"@id\":\"https:\\\/\\\/jornaldasoficinas.com\\\/pt\\\/bev-ja-tiveram-dias-melhores\\\/#breadcrumb\"},\"inLanguage\":\"pt-PT\",\"potentialAction\":[{\"@type\":\"ReadAction\",\"target\":[\"https:\\\/\\\/jornaldasoficinas.com\\\/pt\\\/bev-ja-tiveram-dias-melhores\\\/\"]}]},{\"@type\":\"ImageObject\",\"inLanguage\":\"pt-PT\",\"@id\":\"https:\\\/\\\/jornaldasoficinas.com\\\/pt\\\/bev-ja-tiveram-dias-melhores\\\/#primaryimage\",\"url\":\"https:\\\/\\\/jornaldasoficinas.com\\\/pt\\\/wp-content\\\/uploads\\\/2023\\\/12\\\/BEV-ja-tiveram-dias-melhores.jpeg\",\"contentUrl\":\"https:\\\/\\\/jornaldasoficinas.com\\\/pt\\\/wp-content\\\/uploads\\\/2023\\\/12\\\/BEV-ja-tiveram-dias-melhores.jpeg\",\"width\":1024,\"height\":581,\"caption\":\"12 - BEV ja tiveram dias melhores\"},{\"@type\":\"BreadcrumbList\",\"@id\":\"https:\\\/\\\/jornaldasoficinas.com\\\/pt\\\/bev-ja-tiveram-dias-melhores\\\/#breadcrumb\",\"itemListElement\":[{\"@type\":\"ListItem\",\"position\":1,\"name\":\"In\u00edcio\",\"item\":\"https:\\\/\\\/jornaldasoficinas.com\\\/pt\\\/\"},{\"@type\":\"ListItem\",\"position\":2,\"name\":\"BEV j\u00e1 tiveram dias melhores?\"}]},{\"@type\":\"WebSite\",\"@id\":\"https:\\\/\\\/jornaldasoficinas.com\\\/pt\\\/#website\",\"url\":\"https:\\\/\\\/jornaldasoficinas.com\\\/pt\\\/\",\"name\":\"Jornal das Oficinas\",\"description\":\"Jornal independente do Aftermarket Autom\u00f3vel em Portugal\",\"publisher\":{\"@id\":\"https:\\\/\\\/jornaldasoficinas.com\\\/pt\\\/#organization\"},\"potentialAction\":[{\"@type\":\"SearchAction\",\"target\":{\"@type\":\"EntryPoint\",\"urlTemplate\":\"https:\\\/\\\/jornaldasoficinas.com\\\/pt\\\/?s={search_term_string}\"},\"query-input\":{\"@type\":\"PropertyValueSpecification\",\"valueRequired\":true,\"valueName\":\"search_term_string\"}}],\"inLanguage\":\"pt-PT\"},{\"@type\":\"Organization\",\"@id\":\"https:\\\/\\\/jornaldasoficinas.com\\\/pt\\\/#organization\",\"name\":\"Jornal das Oficinas\",\"url\":\"https:\\\/\\\/jornaldasoficinas.com\\\/pt\\\/\",\"logo\":{\"@type\":\"ImageObject\",\"inLanguage\":\"pt-PT\",\"@id\":\"https:\\\/\\\/jornaldasoficinas.com\\\/pt\\\/#\\\/schema\\\/logo\\\/image\\\/\",\"url\":\"https:\\\/\\\/jornaldasoficinas.com\\\/pt\\\/wp-content\\\/uploads\\\/logoJO-SEO.png\",\"contentUrl\":\"https:\\\/\\\/jornaldasoficinas.com\\\/pt\\\/wp-content\\\/uploads\\\/logoJO-SEO.png\",\"width\":285,\"height\":450,\"caption\":\"Jornal das Oficinas\"},\"image\":{\"@id\":\"https:\\\/\\\/jornaldasoficinas.com\\\/pt\\\/#\\\/schema\\\/logo\\\/image\\\/\"},\"sameAs\":[\"https:\\\/\\\/www.facebook.com\\\/jornaloficinas\",\"https:\\\/\\\/x.com\\\/jornaloficinas\",\"https:\\\/\\\/www.instagram.com\\\/jornal_oficinas\\\/\",\"https:\\\/\\\/www.linkedin.com\\\/company\\\/jornal-das-oficinas\\\/\",\"https:\\\/\\\/www.youtube.com\\\/channel\\\/UCbQZBqtcvV-oSQrr7RzINGg\"]},{\"@type\":\"Person\",\"@id\":\"https:\\\/\\\/jornaldasoficinas.com\\\/pt\\\/#\\\/schema\\\/person\\\/a38eef5de2c41d9e7c9ac10141afddf3\",\"name\":\"Reda\u00e7\u00e3o JO\",\"image\":{\"@type\":\"ImageObject\",\"inLanguage\":\"pt-PT\",\"@id\":\"https:\\\/\\\/secure.gravatar.com\\\/avatar\\\/71f2fa71737ad68a84fea94bc708ddac8ea5b0c4788dc2ad202f3ccb2887742f?s=96&d=wp_user_avatar&r=g\",\"url\":\"https:\\\/\\\/secure.gravatar.com\\\/avatar\\\/71f2fa71737ad68a84fea94bc708ddac8ea5b0c4788dc2ad202f3ccb2887742f?s=96&d=wp_user_avatar&r=g\",\"contentUrl\":\"https:\\\/\\\/secure.gravatar.com\\\/avatar\\\/71f2fa71737ad68a84fea94bc708ddac8ea5b0c4788dc2ad202f3ccb2887742f?s=96&d=wp_user_avatar&r=g\",\"caption\":\"Reda\u00e7\u00e3o JO\"},\"url\":\"https:\\\/\\\/jornaldasoficinas.com\\\/pt\\\/author\\\/joredacao\\\/\"}]}<\/script>\n<!-- \/ Yoast SEO plugin. -->","yoast_head_json":{"title":"BEV j\u00e1 tiveram dias melhores? - Jornal das Oficinas","description":"O Observat\u00f3rio INDICATA, diz que em novembro, a quota de mercado das vendas de ve\u00edculos usados a gasolina\/gas\u00f3leo manteve-se est\u00e1vel","robots":{"index":"index","follow":"follow","max-snippet":"max-snippet:-1","max-image-preview":"max-image-preview:large","max-video-preview":"max-video-preview:-1"},"canonical":"https:\/\/jornaldasoficinas.com\/pt\/bev-ja-tiveram-dias-melhores\/","og_locale":"pt_PT","og_type":"article","og_title":"BEV j\u00e1 tiveram dias melhores? - Jornal das Oficinas","og_description":"O Observat\u00f3rio INDICATA, diz que em novembro, a quota de mercado das vendas de ve\u00edculos usados a gasolina\/gas\u00f3leo manteve-se est\u00e1vel","og_url":"https:\/\/jornaldasoficinas.com\/pt\/bev-ja-tiveram-dias-melhores\/","og_site_name":"Jornal das Oficinas","article_publisher":"https:\/\/www.facebook.com\/jornaloficinas","article_published_time":"2023-12-21T08:00:15+00:00","og_image":[{"width":1024,"height":581,"url":"https:\/\/jornaldasoficinas.com\/pt\/wp-content\/uploads\/2023\/12\/BEV-ja-tiveram-dias-melhores.jpeg","type":"image\/jpeg"}],"author":"Reda\u00e7\u00e3o JO","twitter_card":"summary_large_image","twitter_creator":"@jornaloficinas","twitter_site":"@jornaloficinas","twitter_misc":{"Escrito por":"Reda\u00e7\u00e3o JO","Tempo estimado de leitura":"7 minutos"},"schema":{"@context":"https:\/\/schema.org","@graph":[{"@type":"Article","@id":"https:\/\/jornaldasoficinas.com\/pt\/bev-ja-tiveram-dias-melhores\/#article","isPartOf":{"@id":"https:\/\/jornaldasoficinas.com\/pt\/bev-ja-tiveram-dias-melhores\/"},"author":{"name":"Reda\u00e7\u00e3o JO","@id":"https:\/\/jornaldasoficinas.com\/pt\/#\/schema\/person\/a38eef5de2c41d9e7c9ac10141afddf3"},"headline":"BEV j\u00e1 tiveram dias melhores?","datePublished":"2023-12-21T08:00:15+00:00","mainEntityOfPage":{"@id":"https:\/\/jornaldasoficinas.com\/pt\/bev-ja-tiveram-dias-melhores\/"},"wordCount":1273,"publisher":{"@id":"https:\/\/jornaldasoficinas.com\/pt\/#organization"},"image":{"@id":"https:\/\/jornaldasoficinas.com\/pt\/bev-ja-tiveram-dias-melhores\/#primaryimage"},"thumbnailUrl":"https:\/\/jornaldasoficinas.com\/pt\/wp-content\/uploads\/2023\/12\/BEV-ja-tiveram-dias-melhores.jpeg","keywords":["Estat\u00edsticas","Observat\u00f3rio INDICATA","Vendas de BEVs","Vendas de h\u00edbridos","Vendas de PHEV\/HEV aumentam","Vendas de usados"],"articleSection":["Mercado"],"inLanguage":"pt-PT"},{"@type":"WebPage","@id":"https:\/\/jornaldasoficinas.com\/pt\/bev-ja-tiveram-dias-melhores\/","url":"https:\/\/jornaldasoficinas.com\/pt\/bev-ja-tiveram-dias-melhores\/","name":"BEV j\u00e1 tiveram dias melhores? - Jornal das Oficinas","isPartOf":{"@id":"https:\/\/jornaldasoficinas.com\/pt\/#website"},"primaryImageOfPage":{"@id":"https:\/\/jornaldasoficinas.com\/pt\/bev-ja-tiveram-dias-melhores\/#primaryimage"},"image":{"@id":"https:\/\/jornaldasoficinas.com\/pt\/bev-ja-tiveram-dias-melhores\/#primaryimage"},"thumbnailUrl":"https:\/\/jornaldasoficinas.com\/pt\/wp-content\/uploads\/2023\/12\/BEV-ja-tiveram-dias-melhores.jpeg","datePublished":"2023-12-21T08:00:15+00:00","description":"O Observat\u00f3rio INDICATA, diz que em novembro, a quota de mercado das vendas de ve\u00edculos usados a gasolina\/gas\u00f3leo manteve-se est\u00e1vel","breadcrumb":{"@id":"https:\/\/jornaldasoficinas.com\/pt\/bev-ja-tiveram-dias-melhores\/#breadcrumb"},"inLanguage":"pt-PT","potentialAction":[{"@type":"ReadAction","target":["https:\/\/jornaldasoficinas.com\/pt\/bev-ja-tiveram-dias-melhores\/"]}]},{"@type":"ImageObject","inLanguage":"pt-PT","@id":"https:\/\/jornaldasoficinas.com\/pt\/bev-ja-tiveram-dias-melhores\/#primaryimage","url":"https:\/\/jornaldasoficinas.com\/pt\/wp-content\/uploads\/2023\/12\/BEV-ja-tiveram-dias-melhores.jpeg","contentUrl":"https:\/\/jornaldasoficinas.com\/pt\/wp-content\/uploads\/2023\/12\/BEV-ja-tiveram-dias-melhores.jpeg","width":1024,"height":581,"caption":"12 - BEV ja tiveram dias melhores"},{"@type":"BreadcrumbList","@id":"https:\/\/jornaldasoficinas.com\/pt\/bev-ja-tiveram-dias-melhores\/#breadcrumb","itemListElement":[{"@type":"ListItem","position":1,"name":"In\u00edcio","item":"https:\/\/jornaldasoficinas.com\/pt\/"},{"@type":"ListItem","position":2,"name":"BEV j\u00e1 tiveram dias melhores?"}]},{"@type":"WebSite","@id":"https:\/\/jornaldasoficinas.com\/pt\/#website","url":"https:\/\/jornaldasoficinas.com\/pt\/","name":"Jornal das Oficinas","description":"Jornal independente do Aftermarket Autom\u00f3vel em Portugal","publisher":{"@id":"https:\/\/jornaldasoficinas.com\/pt\/#organization"},"potentialAction":[{"@type":"SearchAction","target":{"@type":"EntryPoint","urlTemplate":"https:\/\/jornaldasoficinas.com\/pt\/?s={search_term_string}"},"query-input":{"@type":"PropertyValueSpecification","valueRequired":true,"valueName":"search_term_string"}}],"inLanguage":"pt-PT"},{"@type":"Organization","@id":"https:\/\/jornaldasoficinas.com\/pt\/#organization","name":"Jornal das Oficinas","url":"https:\/\/jornaldasoficinas.com\/pt\/","logo":{"@type":"ImageObject","inLanguage":"pt-PT","@id":"https:\/\/jornaldasoficinas.com\/pt\/#\/schema\/logo\/image\/","url":"https:\/\/jornaldasoficinas.com\/pt\/wp-content\/uploads\/logoJO-SEO.png","contentUrl":"https:\/\/jornaldasoficinas.com\/pt\/wp-content\/uploads\/logoJO-SEO.png","width":285,"height":450,"caption":"Jornal das Oficinas"},"image":{"@id":"https:\/\/jornaldasoficinas.com\/pt\/#\/schema\/logo\/image\/"},"sameAs":["https:\/\/www.facebook.com\/jornaloficinas","https:\/\/x.com\/jornaloficinas","https:\/\/www.instagram.com\/jornal_oficinas\/","https:\/\/www.linkedin.com\/company\/jornal-das-oficinas\/","https:\/\/www.youtube.com\/channel\/UCbQZBqtcvV-oSQrr7RzINGg"]},{"@type":"Person","@id":"https:\/\/jornaldasoficinas.com\/pt\/#\/schema\/person\/a38eef5de2c41d9e7c9ac10141afddf3","name":"Reda\u00e7\u00e3o JO","image":{"@type":"ImageObject","inLanguage":"pt-PT","@id":"https:\/\/secure.gravatar.com\/avatar\/71f2fa71737ad68a84fea94bc708ddac8ea5b0c4788dc2ad202f3ccb2887742f?s=96&d=wp_user_avatar&r=g","url":"https:\/\/secure.gravatar.com\/avatar\/71f2fa71737ad68a84fea94bc708ddac8ea5b0c4788dc2ad202f3ccb2887742f?s=96&d=wp_user_avatar&r=g","contentUrl":"https:\/\/secure.gravatar.com\/avatar\/71f2fa71737ad68a84fea94bc708ddac8ea5b0c4788dc2ad202f3ccb2887742f?s=96&d=wp_user_avatar&r=g","caption":"Reda\u00e7\u00e3o JO"},"url":"https:\/\/jornaldasoficinas.com\/pt\/author\/joredacao\/"}]}},"_links":{"self":[{"href":"https:\/\/jornaldasoficinas.com\/pt\/wp-json\/wp\/v2\/posts\/76187","targetHints":{"allow":["GET"]}}],"collection":[{"href":"https:\/\/jornaldasoficinas.com\/pt\/wp-json\/wp\/v2\/posts"}],"about":[{"href":"https:\/\/jornaldasoficinas.com\/pt\/wp-json\/wp\/v2\/types\/post"}],"author":[{"embeddable":true,"href":"https:\/\/jornaldasoficinas.com\/pt\/wp-json\/wp\/v2\/users\/15"}],"replies":[{"embeddable":true,"href":"https:\/\/jornaldasoficinas.com\/pt\/wp-json\/wp\/v2\/comments?post=76187"}],"version-history":[{"count":0,"href":"https:\/\/jornaldasoficinas.com\/pt\/wp-json\/wp\/v2\/posts\/76187\/revisions"}],"wp:featuredmedia":[{"embeddable":true,"href":"https:\/\/jornaldasoficinas.com\/pt\/wp-json\/wp\/v2\/media\/76168"}],"wp:attachment":[{"href":"https:\/\/jornaldasoficinas.com\/pt\/wp-json\/wp\/v2\/media?parent=76187"}],"wp:term":[{"taxonomy":"category","embeddable":true,"href":"https:\/\/jornaldasoficinas.com\/pt\/wp-json\/wp\/v2\/categories?post=76187"},{"taxonomy":"post_tag","embeddable":true,"href":"https:\/\/jornaldasoficinas.com\/pt\/wp-json\/wp\/v2\/tags?post=76187"}],"curies":[{"name":"wp","href":"https:\/\/api.w.org\/{rel}","templated":true}]}}