{"id":76295,"date":"2023-12-26T08:00:07","date_gmt":"2023-12-26T08:00:07","guid":{"rendered":"https:\/\/jornaldasoficinas.com\/pt\/?p=76295"},"modified":"2023-12-24T17:11:09","modified_gmt":"2023-12-24T17:11:09","slug":"mercedes-benz-eqs-450-ultrapassa-os-700-kms-de-autonomia","status":"publish","type":"post","link":"https:\/\/jornaldasoficinas.com\/pt\/mercedes-benz-eqs-450-ultrapassa-os-700-kms-de-autonomia\/","title":{"rendered":"Mercedes Benz EQS 450+ ultrapassa os 700 Kms de autonomia"},"content":{"rendered":"<p><img loading=\"lazy\" decoding=\"async\" class=\"alignnone size-full wp-image-76299\" src=\"https:\/\/jornaldasoficinas.com\/pt\/wp-content\/uploads\/2023\/12\/Mercedes-Benz-EQS-450-ultrapassa-barreira-dos-700-Kms-de-autonomia-1.jpeg\" alt=\"12 - Mercedes Benz EQS 450 ultrapassa barreira dos 700 Kms de autonomia 1\" width=\"1024\" height=\"581\" srcset=\"https:\/\/jornaldasoficinas.com\/pt\/wp-content\/uploads\/2023\/12\/Mercedes-Benz-EQS-450-ultrapassa-barreira-dos-700-Kms-de-autonomia-1.jpeg 1024w, https:\/\/jornaldasoficinas.com\/pt\/wp-content\/uploads\/2023\/12\/Mercedes-Benz-EQS-450-ultrapassa-barreira-dos-700-Kms-de-autonomia-1-300x170.jpeg 300w, https:\/\/jornaldasoficinas.com\/pt\/wp-content\/uploads\/2023\/12\/Mercedes-Benz-EQS-450-ultrapassa-barreira-dos-700-Kms-de-autonomia-1-150x85.jpeg 150w, https:\/\/jornaldasoficinas.com\/pt\/wp-content\/uploads\/2023\/12\/Mercedes-Benz-EQS-450-ultrapassa-barreira-dos-700-Kms-de-autonomia-1-768x436.jpeg 768w\" sizes=\"auto, (max-width: 1024px) 100vw, 1024px\" \/><\/p>\n<p><strong>Por vezes, a autonomia de um el\u00e9trico pode ser um entrave \u00e0 compra, no entanto, j\u00e1 existem cinco carros no mercado portugu\u00eas com autonomia at\u00e9 748 km <\/strong><\/p>\n<p>Apesar de socialmente se associar um carro el\u00e9trico a pouca autonomia, cada vez mais a tecnologia avan\u00e7a e permite que determinados carros consigam alcan\u00e7ar mais de 600kms entre cada carregamento o que corresponde, por exemplo, a uma viagem sem paragens entre Braga e Faro.<\/p>\n<p>Apesar de parecer um tema relativamente recente, os carros el\u00e9tricos surgiram no mercado em 2009, quando a Mitsubishi lan\u00e7ava o i-MIEV, primeiro modelo a ser produzido com mais consist\u00eancia e j\u00e1 com tecnologia totalmente el\u00e9trica.\u00a0At\u00e9 2013, este e outros modelos que fora surgindo nas marcas Peugeot, Citroen, Nissan e Renault apenas ofereciam a autonomia m\u00e1xima de 240km.<\/p>\n<p>Dois anos depois, a Tesla lan\u00e7ou para o mercado o Model S tornando-se a marca revolucionadora no paradigma da autonomia em rela\u00e7\u00e3o aos carros el\u00e9tricos. Gra\u00e7as ao seu pack de baterias de 85kWh, era poss\u00edvel fazer at\u00e9 426 kms entre carregamentos, sendo o carro com mais autonomia a n\u00edvel mundial e ultrapassando toda a concorr\u00eancia do mercado.<\/p>\n<p>Atualmente, tanto as marcas Polestar ou a BMW, tal como a Mercedes-Benz e a Tesla, j\u00e1 conseguem at\u00e9 superar os 600 kms de autonomia.<\/p>\n<p>Estes s\u00e3o os cinco ve\u00edculos el\u00e9tricos com maior autonomia \u00e0 venda em Portugal:<\/p>\n<p>&#8211; Tesla Model 3 Long Range AWD : 629 Km;<br \/>\n&#8211; Tesla Model S, Dual Motor: 634 Km;<br \/>\n&#8211; BMW iX Drive50: 635 Km;<br \/>\n&#8211; Polestar 2, Long Range Single Motor: 655 Km;<br \/>\n&#8211; Mercedes Benz EQS 450+: 748 Km.<\/p>\n","protected":false},"excerpt":{"rendered":"<p>Por vezes, a autonomia de um&#8230;<\/p>\n","protected":false},"author":15,"featured_media":76299,"comment_status":"closed","ping_status":"closed","sticky":false,"template":"","format":"standard","meta":{"footnotes":""},"categories":[29],"tags":[6987,6986,116,89],"class_list":["post-76295","post","type-post","status-publish","format-standard","has-post-thumbnail","hentry","category-empresas","tag-autonomia-ate-748-km","tag-autonomia-dos-ves","tag-mercedes-benz","tag-veiculos-eletricos"],"yoast_head":"<!-- This site is optimized with the Yoast SEO plugin v27.5 - https:\/\/yoast.com\/product\/yoast-seo-wordpress\/ -->\n<title>Mercedes Benz EQS 450+ ultrapassa os 700 Kms de autonomia - Jornal das Oficinas<\/title>\n<meta name=\"description\" content=\"A autonomia de um el\u00e9trico pode ser um entrave \u00e0 compra, no entanto, j\u00e1 existem cinco carros no mercado portugu\u00eas com autonomia at\u00e9 748 km\" \/>\n<meta name=\"robots\" content=\"index, follow, max-snippet:-1, max-image-preview:large, max-video-preview:-1\" \/>\n<link rel=\"canonical\" href=\"https:\/\/jornaldasoficinas.com\/pt\/mercedes-benz-eqs-450-ultrapassa-os-700-kms-de-autonomia\/\" \/>\n<meta property=\"og:locale\" content=\"pt_PT\" \/>\n<meta property=\"og:type\" content=\"article\" \/>\n<meta property=\"og:title\" content=\"Mercedes Benz EQS 450+ ultrapassa os 700 Kms de autonomia - Jornal das Oficinas\" \/>\n<meta property=\"og:description\" content=\"A autonomia de um el\u00e9trico pode ser um entrave \u00e0 compra, no entanto, j\u00e1 existem cinco carros no mercado portugu\u00eas com autonomia at\u00e9 748 km\" \/>\n<meta property=\"og:url\" content=\"https:\/\/jornaldasoficinas.com\/pt\/mercedes-benz-eqs-450-ultrapassa-os-700-kms-de-autonomia\/\" \/>\n<meta property=\"og:site_name\" content=\"Jornal das Oficinas\" \/>\n<meta property=\"article:publisher\" content=\"https:\/\/www.facebook.com\/jornaloficinas\" \/>\n<meta property=\"article:published_time\" content=\"2023-12-26T08:00:07+00:00\" \/>\n<meta property=\"og:image\" content=\"https:\/\/jornaldasoficinas.com\/pt\/wp-content\/uploads\/2023\/12\/Mercedes-Benz-EQS-450-ultrapassa-barreira-dos-700-Kms-de-autonomia-1.jpeg\" \/>\n\t<meta property=\"og:image:width\" content=\"1024\" \/>\n\t<meta property=\"og:image:height\" content=\"581\" \/>\n\t<meta property=\"og:image:type\" content=\"image\/jpeg\" \/>\n<meta name=\"author\" content=\"Reda\u00e7\u00e3o JO\" \/>\n<meta name=\"twitter:card\" content=\"summary_large_image\" \/>\n<meta name=\"twitter:creator\" content=\"@jornaloficinas\" \/>\n<meta name=\"twitter:site\" content=\"@jornaloficinas\" \/>\n<meta name=\"twitter:label1\" content=\"Escrito por\" \/>\n\t<meta name=\"twitter:data1\" content=\"Reda\u00e7\u00e3o JO\" \/>\n\t<meta name=\"twitter:label2\" content=\"Tempo estimado de leitura\" \/>\n\t<meta name=\"twitter:data2\" content=\"2 minutos\" \/>\n<script type=\"application\/ld+json\" class=\"yoast-schema-graph\">{\"@context\":\"https:\\\/\\\/schema.org\",\"@graph\":[{\"@type\":\"Article\",\"@id\":\"https:\\\/\\\/jornaldasoficinas.com\\\/pt\\\/mercedes-benz-eqs-450-ultrapassa-os-700-kms-de-autonomia\\\/#article\",\"isPartOf\":{\"@id\":\"https:\\\/\\\/jornaldasoficinas.com\\\/pt\\\/mercedes-benz-eqs-450-ultrapassa-os-700-kms-de-autonomia\\\/\"},\"author\":{\"name\":\"Reda\u00e7\u00e3o JO\",\"@id\":\"https:\\\/\\\/jornaldasoficinas.com\\\/pt\\\/#\\\/schema\\\/person\\\/a38eef5de2c41d9e7c9ac10141afddf3\"},\"headline\":\"Mercedes Benz EQS 450+ ultrapassa os 700 Kms de autonomia\",\"datePublished\":\"2023-12-26T08:00:07+00:00\",\"mainEntityOfPage\":{\"@id\":\"https:\\\/\\\/jornaldasoficinas.com\\\/pt\\\/mercedes-benz-eqs-450-ultrapassa-os-700-kms-de-autonomia\\\/\"},\"wordCount\":275,\"publisher\":{\"@id\":\"https:\\\/\\\/jornaldasoficinas.com\\\/pt\\\/#organization\"},\"image\":{\"@id\":\"https:\\\/\\\/jornaldasoficinas.com\\\/pt\\\/mercedes-benz-eqs-450-ultrapassa-os-700-kms-de-autonomia\\\/#primaryimage\"},\"thumbnailUrl\":\"https:\\\/\\\/jornaldasoficinas.com\\\/pt\\\/wp-content\\\/uploads\\\/2023\\\/12\\\/Mercedes-Benz-EQS-450-ultrapassa-barreira-dos-700-Kms-de-autonomia-1.jpeg\",\"keywords\":[\"autonomia at\u00e9 748 km\",\"Autonomia dos VEs\",\"Mercedes-Benz\",\"Ve\u00edculos el\u00e9tricos\"],\"articleSection\":[\"Empresas\"],\"inLanguage\":\"pt-PT\"},{\"@type\":\"WebPage\",\"@id\":\"https:\\\/\\\/jornaldasoficinas.com\\\/pt\\\/mercedes-benz-eqs-450-ultrapassa-os-700-kms-de-autonomia\\\/\",\"url\":\"https:\\\/\\\/jornaldasoficinas.com\\\/pt\\\/mercedes-benz-eqs-450-ultrapassa-os-700-kms-de-autonomia\\\/\",\"name\":\"Mercedes Benz EQS 450+ ultrapassa os 700 Kms de autonomia - Jornal das Oficinas\",\"isPartOf\":{\"@id\":\"https:\\\/\\\/jornaldasoficinas.com\\\/pt\\\/#website\"},\"primaryImageOfPage\":{\"@id\":\"https:\\\/\\\/jornaldasoficinas.com\\\/pt\\\/mercedes-benz-eqs-450-ultrapassa-os-700-kms-de-autonomia\\\/#primaryimage\"},\"image\":{\"@id\":\"https:\\\/\\\/jornaldasoficinas.com\\\/pt\\\/mercedes-benz-eqs-450-ultrapassa-os-700-kms-de-autonomia\\\/#primaryimage\"},\"thumbnailUrl\":\"https:\\\/\\\/jornaldasoficinas.com\\\/pt\\\/wp-content\\\/uploads\\\/2023\\\/12\\\/Mercedes-Benz-EQS-450-ultrapassa-barreira-dos-700-Kms-de-autonomia-1.jpeg\",\"datePublished\":\"2023-12-26T08:00:07+00:00\",\"description\":\"A autonomia de um el\u00e9trico pode ser um entrave \u00e0 compra, no entanto, j\u00e1 existem cinco carros no mercado portugu\u00eas com autonomia at\u00e9 748 km\",\"breadcrumb\":{\"@id\":\"https:\\\/\\\/jornaldasoficinas.com\\\/pt\\\/mercedes-benz-eqs-450-ultrapassa-os-700-kms-de-autonomia\\\/#breadcrumb\"},\"inLanguage\":\"pt-PT\",\"potentialAction\":[{\"@type\":\"ReadAction\",\"target\":[\"https:\\\/\\\/jornaldasoficinas.com\\\/pt\\\/mercedes-benz-eqs-450-ultrapassa-os-700-kms-de-autonomia\\\/\"]}]},{\"@type\":\"ImageObject\",\"inLanguage\":\"pt-PT\",\"@id\":\"https:\\\/\\\/jornaldasoficinas.com\\\/pt\\\/mercedes-benz-eqs-450-ultrapassa-os-700-kms-de-autonomia\\\/#primaryimage\",\"url\":\"https:\\\/\\\/jornaldasoficinas.com\\\/pt\\\/wp-content\\\/uploads\\\/2023\\\/12\\\/Mercedes-Benz-EQS-450-ultrapassa-barreira-dos-700-Kms-de-autonomia-1.jpeg\",\"contentUrl\":\"https:\\\/\\\/jornaldasoficinas.com\\\/pt\\\/wp-content\\\/uploads\\\/2023\\\/12\\\/Mercedes-Benz-EQS-450-ultrapassa-barreira-dos-700-Kms-de-autonomia-1.jpeg\",\"width\":1024,\"height\":581,\"caption\":\"12 - Mercedes Benz EQS 450 ultrapassa barreira dos 700 Kms de autonomia 1\"},{\"@type\":\"BreadcrumbList\",\"@id\":\"https:\\\/\\\/jornaldasoficinas.com\\\/pt\\\/mercedes-benz-eqs-450-ultrapassa-os-700-kms-de-autonomia\\\/#breadcrumb\",\"itemListElement\":[{\"@type\":\"ListItem\",\"position\":1,\"name\":\"In\u00edcio\",\"item\":\"https:\\\/\\\/jornaldasoficinas.com\\\/pt\\\/\"},{\"@type\":\"ListItem\",\"position\":2,\"name\":\"Mercedes Benz EQS 450+ ultrapassa os 700 Kms de autonomia\"}]},{\"@type\":\"WebSite\",\"@id\":\"https:\\\/\\\/jornaldasoficinas.com\\\/pt\\\/#website\",\"url\":\"https:\\\/\\\/jornaldasoficinas.com\\\/pt\\\/\",\"name\":\"Jornal das Oficinas\",\"description\":\"Jornal independente do Aftermarket Autom\u00f3vel em Portugal\",\"publisher\":{\"@id\":\"https:\\\/\\\/jornaldasoficinas.com\\\/pt\\\/#organization\"},\"potentialAction\":[{\"@type\":\"SearchAction\",\"target\":{\"@type\":\"EntryPoint\",\"urlTemplate\":\"https:\\\/\\\/jornaldasoficinas.com\\\/pt\\\/?s={search_term_string}\"},\"query-input\":{\"@type\":\"PropertyValueSpecification\",\"valueRequired\":true,\"valueName\":\"search_term_string\"}}],\"inLanguage\":\"pt-PT\"},{\"@type\":\"Organization\",\"@id\":\"https:\\\/\\\/jornaldasoficinas.com\\\/pt\\\/#organization\",\"name\":\"Jornal das Oficinas\",\"url\":\"https:\\\/\\\/jornaldasoficinas.com\\\/pt\\\/\",\"logo\":{\"@type\":\"ImageObject\",\"inLanguage\":\"pt-PT\",\"@id\":\"https:\\\/\\\/jornaldasoficinas.com\\\/pt\\\/#\\\/schema\\\/logo\\\/image\\\/\",\"url\":\"https:\\\/\\\/jornaldasoficinas.com\\\/pt\\\/wp-content\\\/uploads\\\/logoJO-SEO.png\",\"contentUrl\":\"https:\\\/\\\/jornaldasoficinas.com\\\/pt\\\/wp-content\\\/uploads\\\/logoJO-SEO.png\",\"width\":285,\"height\":450,\"caption\":\"Jornal das Oficinas\"},\"image\":{\"@id\":\"https:\\\/\\\/jornaldasoficinas.com\\\/pt\\\/#\\\/schema\\\/logo\\\/image\\\/\"},\"sameAs\":[\"https:\\\/\\\/www.facebook.com\\\/jornaloficinas\",\"https:\\\/\\\/x.com\\\/jornaloficinas\",\"https:\\\/\\\/www.instagram.com\\\/jornal_oficinas\\\/\",\"https:\\\/\\\/www.linkedin.com\\\/company\\\/jornal-das-oficinas\\\/\",\"https:\\\/\\\/www.youtube.com\\\/channel\\\/UCbQZBqtcvV-oSQrr7RzINGg\"]},{\"@type\":\"Person\",\"@id\":\"https:\\\/\\\/jornaldasoficinas.com\\\/pt\\\/#\\\/schema\\\/person\\\/a38eef5de2c41d9e7c9ac10141afddf3\",\"name\":\"Reda\u00e7\u00e3o JO\",\"image\":{\"@type\":\"ImageObject\",\"inLanguage\":\"pt-PT\",\"@id\":\"https:\\\/\\\/secure.gravatar.com\\\/avatar\\\/71f2fa71737ad68a84fea94bc708ddac8ea5b0c4788dc2ad202f3ccb2887742f?s=96&d=wp_user_avatar&r=g\",\"url\":\"https:\\\/\\\/secure.gravatar.com\\\/avatar\\\/71f2fa71737ad68a84fea94bc708ddac8ea5b0c4788dc2ad202f3ccb2887742f?s=96&d=wp_user_avatar&r=g\",\"contentUrl\":\"https:\\\/\\\/secure.gravatar.com\\\/avatar\\\/71f2fa71737ad68a84fea94bc708ddac8ea5b0c4788dc2ad202f3ccb2887742f?s=96&d=wp_user_avatar&r=g\",\"caption\":\"Reda\u00e7\u00e3o JO\"},\"url\":\"https:\\\/\\\/jornaldasoficinas.com\\\/pt\\\/author\\\/joredacao\\\/\"}]}<\/script>\n<!-- \/ Yoast SEO plugin. -->","yoast_head_json":{"title":"Mercedes Benz EQS 450+ ultrapassa os 700 Kms de autonomia - Jornal das Oficinas","description":"A autonomia de um el\u00e9trico pode ser um entrave \u00e0 compra, no entanto, j\u00e1 existem cinco carros no mercado portugu\u00eas com autonomia at\u00e9 748 km","robots":{"index":"index","follow":"follow","max-snippet":"max-snippet:-1","max-image-preview":"max-image-preview:large","max-video-preview":"max-video-preview:-1"},"canonical":"https:\/\/jornaldasoficinas.com\/pt\/mercedes-benz-eqs-450-ultrapassa-os-700-kms-de-autonomia\/","og_locale":"pt_PT","og_type":"article","og_title":"Mercedes Benz EQS 450+ ultrapassa os 700 Kms de autonomia - Jornal das Oficinas","og_description":"A autonomia de um el\u00e9trico pode ser um entrave \u00e0 compra, no entanto, j\u00e1 existem cinco carros no mercado portugu\u00eas com autonomia at\u00e9 748 km","og_url":"https:\/\/jornaldasoficinas.com\/pt\/mercedes-benz-eqs-450-ultrapassa-os-700-kms-de-autonomia\/","og_site_name":"Jornal das Oficinas","article_publisher":"https:\/\/www.facebook.com\/jornaloficinas","article_published_time":"2023-12-26T08:00:07+00:00","og_image":[{"width":1024,"height":581,"url":"https:\/\/jornaldasoficinas.com\/pt\/wp-content\/uploads\/2023\/12\/Mercedes-Benz-EQS-450-ultrapassa-barreira-dos-700-Kms-de-autonomia-1.jpeg","type":"image\/jpeg"}],"author":"Reda\u00e7\u00e3o JO","twitter_card":"summary_large_image","twitter_creator":"@jornaloficinas","twitter_site":"@jornaloficinas","twitter_misc":{"Escrito por":"Reda\u00e7\u00e3o JO","Tempo estimado de leitura":"2 minutos"},"schema":{"@context":"https:\/\/schema.org","@graph":[{"@type":"Article","@id":"https:\/\/jornaldasoficinas.com\/pt\/mercedes-benz-eqs-450-ultrapassa-os-700-kms-de-autonomia\/#article","isPartOf":{"@id":"https:\/\/jornaldasoficinas.com\/pt\/mercedes-benz-eqs-450-ultrapassa-os-700-kms-de-autonomia\/"},"author":{"name":"Reda\u00e7\u00e3o JO","@id":"https:\/\/jornaldasoficinas.com\/pt\/#\/schema\/person\/a38eef5de2c41d9e7c9ac10141afddf3"},"headline":"Mercedes Benz EQS 450+ ultrapassa os 700 Kms de autonomia","datePublished":"2023-12-26T08:00:07+00:00","mainEntityOfPage":{"@id":"https:\/\/jornaldasoficinas.com\/pt\/mercedes-benz-eqs-450-ultrapassa-os-700-kms-de-autonomia\/"},"wordCount":275,"publisher":{"@id":"https:\/\/jornaldasoficinas.com\/pt\/#organization"},"image":{"@id":"https:\/\/jornaldasoficinas.com\/pt\/mercedes-benz-eqs-450-ultrapassa-os-700-kms-de-autonomia\/#primaryimage"},"thumbnailUrl":"https:\/\/jornaldasoficinas.com\/pt\/wp-content\/uploads\/2023\/12\/Mercedes-Benz-EQS-450-ultrapassa-barreira-dos-700-Kms-de-autonomia-1.jpeg","keywords":["autonomia at\u00e9 748 km","Autonomia dos VEs","Mercedes-Benz","Ve\u00edculos el\u00e9tricos"],"articleSection":["Empresas"],"inLanguage":"pt-PT"},{"@type":"WebPage","@id":"https:\/\/jornaldasoficinas.com\/pt\/mercedes-benz-eqs-450-ultrapassa-os-700-kms-de-autonomia\/","url":"https:\/\/jornaldasoficinas.com\/pt\/mercedes-benz-eqs-450-ultrapassa-os-700-kms-de-autonomia\/","name":"Mercedes Benz EQS 450+ ultrapassa os 700 Kms de autonomia - Jornal das Oficinas","isPartOf":{"@id":"https:\/\/jornaldasoficinas.com\/pt\/#website"},"primaryImageOfPage":{"@id":"https:\/\/jornaldasoficinas.com\/pt\/mercedes-benz-eqs-450-ultrapassa-os-700-kms-de-autonomia\/#primaryimage"},"image":{"@id":"https:\/\/jornaldasoficinas.com\/pt\/mercedes-benz-eqs-450-ultrapassa-os-700-kms-de-autonomia\/#primaryimage"},"thumbnailUrl":"https:\/\/jornaldasoficinas.com\/pt\/wp-content\/uploads\/2023\/12\/Mercedes-Benz-EQS-450-ultrapassa-barreira-dos-700-Kms-de-autonomia-1.jpeg","datePublished":"2023-12-26T08:00:07+00:00","description":"A autonomia de um el\u00e9trico pode ser um entrave \u00e0 compra, no entanto, j\u00e1 existem cinco carros no mercado portugu\u00eas com autonomia at\u00e9 748 km","breadcrumb":{"@id":"https:\/\/jornaldasoficinas.com\/pt\/mercedes-benz-eqs-450-ultrapassa-os-700-kms-de-autonomia\/#breadcrumb"},"inLanguage":"pt-PT","potentialAction":[{"@type":"ReadAction","target":["https:\/\/jornaldasoficinas.com\/pt\/mercedes-benz-eqs-450-ultrapassa-os-700-kms-de-autonomia\/"]}]},{"@type":"ImageObject","inLanguage":"pt-PT","@id":"https:\/\/jornaldasoficinas.com\/pt\/mercedes-benz-eqs-450-ultrapassa-os-700-kms-de-autonomia\/#primaryimage","url":"https:\/\/jornaldasoficinas.com\/pt\/wp-content\/uploads\/2023\/12\/Mercedes-Benz-EQS-450-ultrapassa-barreira-dos-700-Kms-de-autonomia-1.jpeg","contentUrl":"https:\/\/jornaldasoficinas.com\/pt\/wp-content\/uploads\/2023\/12\/Mercedes-Benz-EQS-450-ultrapassa-barreira-dos-700-Kms-de-autonomia-1.jpeg","width":1024,"height":581,"caption":"12 - Mercedes Benz EQS 450 ultrapassa barreira dos 700 Kms de autonomia 1"},{"@type":"BreadcrumbList","@id":"https:\/\/jornaldasoficinas.com\/pt\/mercedes-benz-eqs-450-ultrapassa-os-700-kms-de-autonomia\/#breadcrumb","itemListElement":[{"@type":"ListItem","position":1,"name":"In\u00edcio","item":"https:\/\/jornaldasoficinas.com\/pt\/"},{"@type":"ListItem","position":2,"name":"Mercedes Benz EQS 450+ ultrapassa os 700 Kms de autonomia"}]},{"@type":"WebSite","@id":"https:\/\/jornaldasoficinas.com\/pt\/#website","url":"https:\/\/jornaldasoficinas.com\/pt\/","name":"Jornal das Oficinas","description":"Jornal independente do Aftermarket Autom\u00f3vel em Portugal","publisher":{"@id":"https:\/\/jornaldasoficinas.com\/pt\/#organization"},"potentialAction":[{"@type":"SearchAction","target":{"@type":"EntryPoint","urlTemplate":"https:\/\/jornaldasoficinas.com\/pt\/?s={search_term_string}"},"query-input":{"@type":"PropertyValueSpecification","valueRequired":true,"valueName":"search_term_string"}}],"inLanguage":"pt-PT"},{"@type":"Organization","@id":"https:\/\/jornaldasoficinas.com\/pt\/#organization","name":"Jornal das Oficinas","url":"https:\/\/jornaldasoficinas.com\/pt\/","logo":{"@type":"ImageObject","inLanguage":"pt-PT","@id":"https:\/\/jornaldasoficinas.com\/pt\/#\/schema\/logo\/image\/","url":"https:\/\/jornaldasoficinas.com\/pt\/wp-content\/uploads\/logoJO-SEO.png","contentUrl":"https:\/\/jornaldasoficinas.com\/pt\/wp-content\/uploads\/logoJO-SEO.png","width":285,"height":450,"caption":"Jornal das Oficinas"},"image":{"@id":"https:\/\/jornaldasoficinas.com\/pt\/#\/schema\/logo\/image\/"},"sameAs":["https:\/\/www.facebook.com\/jornaloficinas","https:\/\/x.com\/jornaloficinas","https:\/\/www.instagram.com\/jornal_oficinas\/","https:\/\/www.linkedin.com\/company\/jornal-das-oficinas\/","https:\/\/www.youtube.com\/channel\/UCbQZBqtcvV-oSQrr7RzINGg"]},{"@type":"Person","@id":"https:\/\/jornaldasoficinas.com\/pt\/#\/schema\/person\/a38eef5de2c41d9e7c9ac10141afddf3","name":"Reda\u00e7\u00e3o JO","image":{"@type":"ImageObject","inLanguage":"pt-PT","@id":"https:\/\/secure.gravatar.com\/avatar\/71f2fa71737ad68a84fea94bc708ddac8ea5b0c4788dc2ad202f3ccb2887742f?s=96&d=wp_user_avatar&r=g","url":"https:\/\/secure.gravatar.com\/avatar\/71f2fa71737ad68a84fea94bc708ddac8ea5b0c4788dc2ad202f3ccb2887742f?s=96&d=wp_user_avatar&r=g","contentUrl":"https:\/\/secure.gravatar.com\/avatar\/71f2fa71737ad68a84fea94bc708ddac8ea5b0c4788dc2ad202f3ccb2887742f?s=96&d=wp_user_avatar&r=g","caption":"Reda\u00e7\u00e3o JO"},"url":"https:\/\/jornaldasoficinas.com\/pt\/author\/joredacao\/"}]}},"_links":{"self":[{"href":"https:\/\/jornaldasoficinas.com\/pt\/wp-json\/wp\/v2\/posts\/76295","targetHints":{"allow":["GET"]}}],"collection":[{"href":"https:\/\/jornaldasoficinas.com\/pt\/wp-json\/wp\/v2\/posts"}],"about":[{"href":"https:\/\/jornaldasoficinas.com\/pt\/wp-json\/wp\/v2\/types\/post"}],"author":[{"embeddable":true,"href":"https:\/\/jornaldasoficinas.com\/pt\/wp-json\/wp\/v2\/users\/15"}],"replies":[{"embeddable":true,"href":"https:\/\/jornaldasoficinas.com\/pt\/wp-json\/wp\/v2\/comments?post=76295"}],"version-history":[{"count":0,"href":"https:\/\/jornaldasoficinas.com\/pt\/wp-json\/wp\/v2\/posts\/76295\/revisions"}],"wp:featuredmedia":[{"embeddable":true,"href":"https:\/\/jornaldasoficinas.com\/pt\/wp-json\/wp\/v2\/media\/76299"}],"wp:attachment":[{"href":"https:\/\/jornaldasoficinas.com\/pt\/wp-json\/wp\/v2\/media?parent=76295"}],"wp:term":[{"taxonomy":"category","embeddable":true,"href":"https:\/\/jornaldasoficinas.com\/pt\/wp-json\/wp\/v2\/categories?post=76295"},{"taxonomy":"post_tag","embeddable":true,"href":"https:\/\/jornaldasoficinas.com\/pt\/wp-json\/wp\/v2\/tags?post=76295"}],"curies":[{"name":"wp","href":"https:\/\/api.w.org\/{rel}","templated":true}]}}