{"id":76315,"date":"2023-12-26T14:00:18","date_gmt":"2023-12-26T14:00:18","guid":{"rendered":"https:\/\/jornaldasoficinas.com\/pt\/?p=76315"},"modified":"2023-12-24T17:40:42","modified_gmt":"2023-12-24T17:40:42","slug":"carros-cinzentos-entre-os-preferidos-dos-portugueses","status":"publish","type":"post","link":"https:\/\/jornaldasoficinas.com\/pt\/carros-cinzentos-entre-os-preferidos-dos-portugueses\/","title":{"rendered":"Carros cinzentos entre os preferidos dos portugueses"},"content":{"rendered":"<p><img loading=\"lazy\" decoding=\"async\" class=\"alignnone size-full wp-image-76303\" src=\"https:\/\/jornaldasoficinas.com\/pt\/wp-content\/uploads\/2023\/12\/Carros-cinzentos-entre-os-preferidos-dos-portugueses-1.png\" alt=\"12 - Carros cinzentos entre os preferidos dos portugueses 1\" width=\"1024\" height=\"581\" srcset=\"https:\/\/jornaldasoficinas.com\/pt\/wp-content\/uploads\/2023\/12\/Carros-cinzentos-entre-os-preferidos-dos-portugueses-1.png 1024w, https:\/\/jornaldasoficinas.com\/pt\/wp-content\/uploads\/2023\/12\/Carros-cinzentos-entre-os-preferidos-dos-portugueses-1-300x170.png 300w, https:\/\/jornaldasoficinas.com\/pt\/wp-content\/uploads\/2023\/12\/Carros-cinzentos-entre-os-preferidos-dos-portugueses-1-150x85.png 150w, https:\/\/jornaldasoficinas.com\/pt\/wp-content\/uploads\/2023\/12\/Carros-cinzentos-entre-os-preferidos-dos-portugueses-1-768x436.png 768w\" sizes=\"auto, (max-width: 1024px) 100vw, 1024px\" \/><\/p>\n<p><strong>Os condutores t\u00eam prefer\u00eancias diferentes quanto \u00e0 cor dos autom\u00f3veis, muitas vezes influenciadas pelo gosto pessoal e por motivos culturais. A <a href=\"https:\/\/www.carvertical.com\/pt\" target=\"_blank\" rel=\"noopener\">carVertical<\/a>, empresa de dados autom\u00f3veis, realizou uma pesquisa em v\u00e1rios pa\u00edses europeus, que revelou que os condutores preferem cores monocrom\u00e1ticas e n\u00e3o est\u00e3o muito interessados em ve\u00edculos coloridos<\/strong><strong>\u00a0<\/strong><\/p>\n<p>Dos ve\u00edculos verificados na carVertical, 32,9% s\u00e3o cinzentos, 14,6% s\u00e3o brancos e 29,7% s\u00e3o pretos. Esta tend\u00eancia pode ser observada em toda a Europa, onde as cores monocrom\u00e1ticas dos ve\u00edculos s\u00e3o as mais populares. O cinzento, o preto e o branco s\u00e3o mais pr\u00e1ticos, mais f\u00e1ceis de manter e n\u00e3o requerem demasiada aten\u00e7\u00e3o, o que \u00e9 importante para qualquer propriet\u00e1rio de autom\u00f3vel.<\/p>\n<p>Em 2000, a percentagem de carros cinzentos era de 33,4%, o que significa que, em mais de duas d\u00e9cadas, esta cor conseguiu manter uma boa base de adeptos. A popularidade do branco cresceu de 3,1% em 2000 para 13,2% em 2010 e para 18,7% em 2020. O preto tamb\u00e9m registou um aumento de popularidade: de 20,1% em 2000 para 31,7% em 2010. No entanto, a percentagem de ve\u00edculos pretos diminuiu para 26,9% em 2020.<\/p>\n<p>Muitos condutores evitam cores vivas, porque podem desbotar com o passar dos anos, o que acaba por desvalorizar o autom\u00f3vel. \u00c9 por isso que \u00e9 importante manter o ve\u00edculo \u00e0 sombra para evitar que a pintura desbote.<\/p>\n<p>\u201cH\u00e1 muito que as cores monocrom\u00e1ticas est\u00e3o na moda. O branco, o prateado, o cinzento e o preto s\u00e3o tend\u00eancias em todo o mundo. Os ve\u00edculos azuis provam ser uma escolha popular em 2023, ao passo que as restantes cores s\u00e3o abafadas pelas op\u00e7\u00f5es mais conservadoras\u201d, afirmou Matas Buzelis, especialista em autom\u00f3veis e Diretor de Comunica\u00e7\u00f5es da carVertical.<\/p>\n<p><strong>Fabricantes oferecem agora menos op\u00e7\u00f5es de cores<br \/>\n<\/strong>As cores mais escuras costumam ser utilizadas nos ve\u00edculos de qualidade superior. No entanto, s\u00f3 alguns condutores as preferem, uma vez que atraem o calor, o p\u00f3 e a sujidade. Embora isso n\u00e3o seja um grande problema para os compradores da Europa Central ou Ocidental, as cores escuras n\u00e3o s\u00e3o particularmente apreciadas nos mercados do Sul.<\/p>\n<p>As cores vivas n\u00e3o t\u00eam uma posi\u00e7\u00e3o significativa no mercado europeu de autom\u00f3veis usados: amarelo \u2013 0,9% de todos os ve\u00edculos verificados no carVertical, vermelho \u2013 5% e azul \u2013 10,6%. O amarelo nunca foi uma escolha popular: apenas 2,4% dos autom\u00f3veis em 2000 eram amarelos, 1,2% em 2010 e 0,7% em 2020. O vermelho era um pouco mais popular do que \u00e9 atualmente, com uma quota de 6,5% em 2000, 5,5% em 2010 e 5,2% em 2020. A quota de ve\u00edculos azuis tem oscilado ao longo dos anos: 21,3% em 2000, 10% em 2010 e 11,5% em 2020.<\/p>\n<p>\u201cHoje, os fabricantes oferecem menos op\u00e7\u00f5es de cores aos compradores de autom\u00f3veis. H\u00e1 algumas d\u00e9cadas, v\u00edamos diversos ve\u00edculos coloridos, mas as paletas mudaram muito, j\u00e1 que a maioria dos compradores n\u00e3o se quer destacar na multid\u00e3o e opta por ve\u00edculos mais conservadores. Alguns condutores at\u00e9 acreditam que vender um carro vermelho ou amarelo, por exemplo, demora muito mais tempo do que vender o mesmo ve\u00edculo pintado de preto ou prateado\u201d, explicou Buzelis.<\/p>\n<p>Ao procurar um ve\u00edculo usado, \u00e9 importante dar prioridade \u00e0 condi\u00e7\u00e3o em detrimento da cor. Uma vez que os ve\u00edculos danificados e reparados podem ter camadas de tinta diferentes, Buzelis aconselha a utiliza\u00e7\u00e3o de uma ferramenta especial para medir a espessura da tinta aquando do\u00a0<em>test drive<\/em>.<\/p>\n","protected":false},"excerpt":{"rendered":"<p>Os condutores t\u00eam prefer\u00eancias diferentes quanto&#8230;<\/p>\n","protected":false},"author":15,"featured_media":76303,"comment_status":"closed","ping_status":"closed","sticky":false,"template":"","format":"standard","meta":{"footnotes":""},"categories":[37],"tags":[6991,6118,6992,4712],"class_list":["post-76315","post","type-post","status-publish","format-standard","has-post-thumbnail","hentry","category-mercado","tag-carros-cinzentos","tag-carvertical","tag-cores-monocromaticas","tag-estatistica"],"yoast_head":"<!-- This site is optimized with the Yoast SEO plugin v27.4 - https:\/\/yoast.com\/product\/yoast-seo-wordpress\/ -->\n<title>Carros cinzentos entre os preferidos dos portugueses - Jornal das Oficinas<\/title>\n<meta name=\"description\" content=\"Os condutores t\u00eam prefer\u00eancias diferentes quanto \u00e0 cor dos autom\u00f3veis, muitas vezes influenciadas pelo gosto pessoal e por motivos culturais\" \/>\n<meta name=\"robots\" content=\"index, follow, max-snippet:-1, max-image-preview:large, max-video-preview:-1\" \/>\n<link rel=\"canonical\" href=\"https:\/\/jornaldasoficinas.com\/pt\/carros-cinzentos-entre-os-preferidos-dos-portugueses\/\" \/>\n<meta property=\"og:locale\" content=\"pt_PT\" \/>\n<meta property=\"og:type\" content=\"article\" \/>\n<meta property=\"og:title\" content=\"Carros cinzentos entre os preferidos dos portugueses - Jornal das Oficinas\" \/>\n<meta property=\"og:description\" content=\"Os condutores t\u00eam prefer\u00eancias diferentes quanto \u00e0 cor dos autom\u00f3veis, muitas vezes influenciadas pelo gosto pessoal e por motivos culturais\" \/>\n<meta property=\"og:url\" content=\"https:\/\/jornaldasoficinas.com\/pt\/carros-cinzentos-entre-os-preferidos-dos-portugueses\/\" \/>\n<meta property=\"og:site_name\" content=\"Jornal das Oficinas\" \/>\n<meta property=\"article:publisher\" content=\"https:\/\/www.facebook.com\/jornaloficinas\" \/>\n<meta property=\"article:published_time\" content=\"2023-12-26T14:00:18+00:00\" \/>\n<meta property=\"og:image\" content=\"https:\/\/jornaldasoficinas.com\/pt\/wp-content\/uploads\/2023\/12\/Carros-cinzentos-entre-os-preferidos-dos-portugueses-1.png\" \/>\n\t<meta property=\"og:image:width\" content=\"1024\" \/>\n\t<meta property=\"og:image:height\" content=\"581\" \/>\n\t<meta property=\"og:image:type\" content=\"image\/png\" \/>\n<meta name=\"author\" content=\"Reda\u00e7\u00e3o JO\" \/>\n<meta name=\"twitter:card\" content=\"summary_large_image\" \/>\n<meta name=\"twitter:creator\" content=\"@jornaloficinas\" \/>\n<meta name=\"twitter:site\" content=\"@jornaloficinas\" \/>\n<meta name=\"twitter:label1\" content=\"Escrito por\" \/>\n\t<meta name=\"twitter:data1\" content=\"Reda\u00e7\u00e3o JO\" \/>\n\t<meta name=\"twitter:label2\" content=\"Tempo estimado de leitura\" \/>\n\t<meta name=\"twitter:data2\" content=\"4 minutos\" \/>\n<script type=\"application\/ld+json\" class=\"yoast-schema-graph\">{\"@context\":\"https:\\\/\\\/schema.org\",\"@graph\":[{\"@type\":\"Article\",\"@id\":\"https:\\\/\\\/jornaldasoficinas.com\\\/pt\\\/carros-cinzentos-entre-os-preferidos-dos-portugueses\\\/#article\",\"isPartOf\":{\"@id\":\"https:\\\/\\\/jornaldasoficinas.com\\\/pt\\\/carros-cinzentos-entre-os-preferidos-dos-portugueses\\\/\"},\"author\":{\"name\":\"Reda\u00e7\u00e3o JO\",\"@id\":\"https:\\\/\\\/jornaldasoficinas.com\\\/pt\\\/#\\\/schema\\\/person\\\/a38eef5de2c41d9e7c9ac10141afddf3\"},\"headline\":\"Carros cinzentos entre os preferidos dos portugueses\",\"datePublished\":\"2023-12-26T14:00:18+00:00\",\"mainEntityOfPage\":{\"@id\":\"https:\\\/\\\/jornaldasoficinas.com\\\/pt\\\/carros-cinzentos-entre-os-preferidos-dos-portugueses\\\/\"},\"wordCount\":582,\"publisher\":{\"@id\":\"https:\\\/\\\/jornaldasoficinas.com\\\/pt\\\/#organization\"},\"image\":{\"@id\":\"https:\\\/\\\/jornaldasoficinas.com\\\/pt\\\/carros-cinzentos-entre-os-preferidos-dos-portugueses\\\/#primaryimage\"},\"thumbnailUrl\":\"https:\\\/\\\/jornaldasoficinas.com\\\/pt\\\/wp-content\\\/uploads\\\/2023\\\/12\\\/Carros-cinzentos-entre-os-preferidos-dos-portugueses-1.png\",\"keywords\":[\"Carros cinzentos\",\"carVertical\",\"Cores monocrom\u00e1ticas\",\"Estat\u00edstica\"],\"articleSection\":[\"Mercado\"],\"inLanguage\":\"pt-PT\"},{\"@type\":\"WebPage\",\"@id\":\"https:\\\/\\\/jornaldasoficinas.com\\\/pt\\\/carros-cinzentos-entre-os-preferidos-dos-portugueses\\\/\",\"url\":\"https:\\\/\\\/jornaldasoficinas.com\\\/pt\\\/carros-cinzentos-entre-os-preferidos-dos-portugueses\\\/\",\"name\":\"Carros cinzentos entre os preferidos dos portugueses - Jornal das Oficinas\",\"isPartOf\":{\"@id\":\"https:\\\/\\\/jornaldasoficinas.com\\\/pt\\\/#website\"},\"primaryImageOfPage\":{\"@id\":\"https:\\\/\\\/jornaldasoficinas.com\\\/pt\\\/carros-cinzentos-entre-os-preferidos-dos-portugueses\\\/#primaryimage\"},\"image\":{\"@id\":\"https:\\\/\\\/jornaldasoficinas.com\\\/pt\\\/carros-cinzentos-entre-os-preferidos-dos-portugueses\\\/#primaryimage\"},\"thumbnailUrl\":\"https:\\\/\\\/jornaldasoficinas.com\\\/pt\\\/wp-content\\\/uploads\\\/2023\\\/12\\\/Carros-cinzentos-entre-os-preferidos-dos-portugueses-1.png\",\"datePublished\":\"2023-12-26T14:00:18+00:00\",\"description\":\"Os condutores t\u00eam prefer\u00eancias diferentes quanto \u00e0 cor dos autom\u00f3veis, muitas vezes influenciadas pelo gosto pessoal e por motivos culturais\",\"breadcrumb\":{\"@id\":\"https:\\\/\\\/jornaldasoficinas.com\\\/pt\\\/carros-cinzentos-entre-os-preferidos-dos-portugueses\\\/#breadcrumb\"},\"inLanguage\":\"pt-PT\",\"potentialAction\":[{\"@type\":\"ReadAction\",\"target\":[\"https:\\\/\\\/jornaldasoficinas.com\\\/pt\\\/carros-cinzentos-entre-os-preferidos-dos-portugueses\\\/\"]}]},{\"@type\":\"ImageObject\",\"inLanguage\":\"pt-PT\",\"@id\":\"https:\\\/\\\/jornaldasoficinas.com\\\/pt\\\/carros-cinzentos-entre-os-preferidos-dos-portugueses\\\/#primaryimage\",\"url\":\"https:\\\/\\\/jornaldasoficinas.com\\\/pt\\\/wp-content\\\/uploads\\\/2023\\\/12\\\/Carros-cinzentos-entre-os-preferidos-dos-portugueses-1.png\",\"contentUrl\":\"https:\\\/\\\/jornaldasoficinas.com\\\/pt\\\/wp-content\\\/uploads\\\/2023\\\/12\\\/Carros-cinzentos-entre-os-preferidos-dos-portugueses-1.png\",\"width\":1024,\"height\":581,\"caption\":\"12 - Carros cinzentos entre os preferidos dos portugueses 1\"},{\"@type\":\"BreadcrumbList\",\"@id\":\"https:\\\/\\\/jornaldasoficinas.com\\\/pt\\\/carros-cinzentos-entre-os-preferidos-dos-portugueses\\\/#breadcrumb\",\"itemListElement\":[{\"@type\":\"ListItem\",\"position\":1,\"name\":\"In\u00edcio\",\"item\":\"https:\\\/\\\/jornaldasoficinas.com\\\/pt\\\/\"},{\"@type\":\"ListItem\",\"position\":2,\"name\":\"Carros cinzentos entre os preferidos dos portugueses\"}]},{\"@type\":\"WebSite\",\"@id\":\"https:\\\/\\\/jornaldasoficinas.com\\\/pt\\\/#website\",\"url\":\"https:\\\/\\\/jornaldasoficinas.com\\\/pt\\\/\",\"name\":\"Jornal das Oficinas\",\"description\":\"Jornal independente do Aftermarket Autom\u00f3vel em Portugal\",\"publisher\":{\"@id\":\"https:\\\/\\\/jornaldasoficinas.com\\\/pt\\\/#organization\"},\"potentialAction\":[{\"@type\":\"SearchAction\",\"target\":{\"@type\":\"EntryPoint\",\"urlTemplate\":\"https:\\\/\\\/jornaldasoficinas.com\\\/pt\\\/?s={search_term_string}\"},\"query-input\":{\"@type\":\"PropertyValueSpecification\",\"valueRequired\":true,\"valueName\":\"search_term_string\"}}],\"inLanguage\":\"pt-PT\"},{\"@type\":\"Organization\",\"@id\":\"https:\\\/\\\/jornaldasoficinas.com\\\/pt\\\/#organization\",\"name\":\"Jornal das Oficinas\",\"url\":\"https:\\\/\\\/jornaldasoficinas.com\\\/pt\\\/\",\"logo\":{\"@type\":\"ImageObject\",\"inLanguage\":\"pt-PT\",\"@id\":\"https:\\\/\\\/jornaldasoficinas.com\\\/pt\\\/#\\\/schema\\\/logo\\\/image\\\/\",\"url\":\"https:\\\/\\\/jornaldasoficinas.com\\\/pt\\\/wp-content\\\/uploads\\\/logoJO-SEO.png\",\"contentUrl\":\"https:\\\/\\\/jornaldasoficinas.com\\\/pt\\\/wp-content\\\/uploads\\\/logoJO-SEO.png\",\"width\":285,\"height\":450,\"caption\":\"Jornal das Oficinas\"},\"image\":{\"@id\":\"https:\\\/\\\/jornaldasoficinas.com\\\/pt\\\/#\\\/schema\\\/logo\\\/image\\\/\"},\"sameAs\":[\"https:\\\/\\\/www.facebook.com\\\/jornaloficinas\",\"https:\\\/\\\/x.com\\\/jornaloficinas\",\"https:\\\/\\\/www.instagram.com\\\/jornal_oficinas\\\/\",\"https:\\\/\\\/www.linkedin.com\\\/company\\\/jornal-das-oficinas\\\/\",\"https:\\\/\\\/www.youtube.com\\\/channel\\\/UCbQZBqtcvV-oSQrr7RzINGg\"]},{\"@type\":\"Person\",\"@id\":\"https:\\\/\\\/jornaldasoficinas.com\\\/pt\\\/#\\\/schema\\\/person\\\/a38eef5de2c41d9e7c9ac10141afddf3\",\"name\":\"Reda\u00e7\u00e3o JO\",\"image\":{\"@type\":\"ImageObject\",\"inLanguage\":\"pt-PT\",\"@id\":\"https:\\\/\\\/secure.gravatar.com\\\/avatar\\\/71f2fa71737ad68a84fea94bc708ddac8ea5b0c4788dc2ad202f3ccb2887742f?s=96&d=wp_user_avatar&r=g\",\"url\":\"https:\\\/\\\/secure.gravatar.com\\\/avatar\\\/71f2fa71737ad68a84fea94bc708ddac8ea5b0c4788dc2ad202f3ccb2887742f?s=96&d=wp_user_avatar&r=g\",\"contentUrl\":\"https:\\\/\\\/secure.gravatar.com\\\/avatar\\\/71f2fa71737ad68a84fea94bc708ddac8ea5b0c4788dc2ad202f3ccb2887742f?s=96&d=wp_user_avatar&r=g\",\"caption\":\"Reda\u00e7\u00e3o JO\"},\"url\":\"https:\\\/\\\/jornaldasoficinas.com\\\/pt\\\/author\\\/joredacao\\\/\"}]}<\/script>\n<!-- \/ Yoast SEO plugin. -->","yoast_head_json":{"title":"Carros cinzentos entre os preferidos dos portugueses - Jornal das Oficinas","description":"Os condutores t\u00eam prefer\u00eancias diferentes quanto \u00e0 cor dos autom\u00f3veis, muitas vezes influenciadas pelo gosto pessoal e por motivos culturais","robots":{"index":"index","follow":"follow","max-snippet":"max-snippet:-1","max-image-preview":"max-image-preview:large","max-video-preview":"max-video-preview:-1"},"canonical":"https:\/\/jornaldasoficinas.com\/pt\/carros-cinzentos-entre-os-preferidos-dos-portugueses\/","og_locale":"pt_PT","og_type":"article","og_title":"Carros cinzentos entre os preferidos dos portugueses - Jornal das Oficinas","og_description":"Os condutores t\u00eam prefer\u00eancias diferentes quanto \u00e0 cor dos autom\u00f3veis, muitas vezes influenciadas pelo gosto pessoal e por motivos culturais","og_url":"https:\/\/jornaldasoficinas.com\/pt\/carros-cinzentos-entre-os-preferidos-dos-portugueses\/","og_site_name":"Jornal das Oficinas","article_publisher":"https:\/\/www.facebook.com\/jornaloficinas","article_published_time":"2023-12-26T14:00:18+00:00","og_image":[{"width":1024,"height":581,"url":"https:\/\/jornaldasoficinas.com\/pt\/wp-content\/uploads\/2023\/12\/Carros-cinzentos-entre-os-preferidos-dos-portugueses-1.png","type":"image\/png"}],"author":"Reda\u00e7\u00e3o JO","twitter_card":"summary_large_image","twitter_creator":"@jornaloficinas","twitter_site":"@jornaloficinas","twitter_misc":{"Escrito por":"Reda\u00e7\u00e3o JO","Tempo estimado de leitura":"4 minutos"},"schema":{"@context":"https:\/\/schema.org","@graph":[{"@type":"Article","@id":"https:\/\/jornaldasoficinas.com\/pt\/carros-cinzentos-entre-os-preferidos-dos-portugueses\/#article","isPartOf":{"@id":"https:\/\/jornaldasoficinas.com\/pt\/carros-cinzentos-entre-os-preferidos-dos-portugueses\/"},"author":{"name":"Reda\u00e7\u00e3o JO","@id":"https:\/\/jornaldasoficinas.com\/pt\/#\/schema\/person\/a38eef5de2c41d9e7c9ac10141afddf3"},"headline":"Carros cinzentos entre os preferidos dos portugueses","datePublished":"2023-12-26T14:00:18+00:00","mainEntityOfPage":{"@id":"https:\/\/jornaldasoficinas.com\/pt\/carros-cinzentos-entre-os-preferidos-dos-portugueses\/"},"wordCount":582,"publisher":{"@id":"https:\/\/jornaldasoficinas.com\/pt\/#organization"},"image":{"@id":"https:\/\/jornaldasoficinas.com\/pt\/carros-cinzentos-entre-os-preferidos-dos-portugueses\/#primaryimage"},"thumbnailUrl":"https:\/\/jornaldasoficinas.com\/pt\/wp-content\/uploads\/2023\/12\/Carros-cinzentos-entre-os-preferidos-dos-portugueses-1.png","keywords":["Carros cinzentos","carVertical","Cores monocrom\u00e1ticas","Estat\u00edstica"],"articleSection":["Mercado"],"inLanguage":"pt-PT"},{"@type":"WebPage","@id":"https:\/\/jornaldasoficinas.com\/pt\/carros-cinzentos-entre-os-preferidos-dos-portugueses\/","url":"https:\/\/jornaldasoficinas.com\/pt\/carros-cinzentos-entre-os-preferidos-dos-portugueses\/","name":"Carros cinzentos entre os preferidos dos portugueses - Jornal das Oficinas","isPartOf":{"@id":"https:\/\/jornaldasoficinas.com\/pt\/#website"},"primaryImageOfPage":{"@id":"https:\/\/jornaldasoficinas.com\/pt\/carros-cinzentos-entre-os-preferidos-dos-portugueses\/#primaryimage"},"image":{"@id":"https:\/\/jornaldasoficinas.com\/pt\/carros-cinzentos-entre-os-preferidos-dos-portugueses\/#primaryimage"},"thumbnailUrl":"https:\/\/jornaldasoficinas.com\/pt\/wp-content\/uploads\/2023\/12\/Carros-cinzentos-entre-os-preferidos-dos-portugueses-1.png","datePublished":"2023-12-26T14:00:18+00:00","description":"Os condutores t\u00eam prefer\u00eancias diferentes quanto \u00e0 cor dos autom\u00f3veis, muitas vezes influenciadas pelo gosto pessoal e por motivos culturais","breadcrumb":{"@id":"https:\/\/jornaldasoficinas.com\/pt\/carros-cinzentos-entre-os-preferidos-dos-portugueses\/#breadcrumb"},"inLanguage":"pt-PT","potentialAction":[{"@type":"ReadAction","target":["https:\/\/jornaldasoficinas.com\/pt\/carros-cinzentos-entre-os-preferidos-dos-portugueses\/"]}]},{"@type":"ImageObject","inLanguage":"pt-PT","@id":"https:\/\/jornaldasoficinas.com\/pt\/carros-cinzentos-entre-os-preferidos-dos-portugueses\/#primaryimage","url":"https:\/\/jornaldasoficinas.com\/pt\/wp-content\/uploads\/2023\/12\/Carros-cinzentos-entre-os-preferidos-dos-portugueses-1.png","contentUrl":"https:\/\/jornaldasoficinas.com\/pt\/wp-content\/uploads\/2023\/12\/Carros-cinzentos-entre-os-preferidos-dos-portugueses-1.png","width":1024,"height":581,"caption":"12 - Carros cinzentos entre os preferidos dos portugueses 1"},{"@type":"BreadcrumbList","@id":"https:\/\/jornaldasoficinas.com\/pt\/carros-cinzentos-entre-os-preferidos-dos-portugueses\/#breadcrumb","itemListElement":[{"@type":"ListItem","position":1,"name":"In\u00edcio","item":"https:\/\/jornaldasoficinas.com\/pt\/"},{"@type":"ListItem","position":2,"name":"Carros cinzentos entre os preferidos dos portugueses"}]},{"@type":"WebSite","@id":"https:\/\/jornaldasoficinas.com\/pt\/#website","url":"https:\/\/jornaldasoficinas.com\/pt\/","name":"Jornal das Oficinas","description":"Jornal independente do Aftermarket Autom\u00f3vel em Portugal","publisher":{"@id":"https:\/\/jornaldasoficinas.com\/pt\/#organization"},"potentialAction":[{"@type":"SearchAction","target":{"@type":"EntryPoint","urlTemplate":"https:\/\/jornaldasoficinas.com\/pt\/?s={search_term_string}"},"query-input":{"@type":"PropertyValueSpecification","valueRequired":true,"valueName":"search_term_string"}}],"inLanguage":"pt-PT"},{"@type":"Organization","@id":"https:\/\/jornaldasoficinas.com\/pt\/#organization","name":"Jornal das Oficinas","url":"https:\/\/jornaldasoficinas.com\/pt\/","logo":{"@type":"ImageObject","inLanguage":"pt-PT","@id":"https:\/\/jornaldasoficinas.com\/pt\/#\/schema\/logo\/image\/","url":"https:\/\/jornaldasoficinas.com\/pt\/wp-content\/uploads\/logoJO-SEO.png","contentUrl":"https:\/\/jornaldasoficinas.com\/pt\/wp-content\/uploads\/logoJO-SEO.png","width":285,"height":450,"caption":"Jornal das Oficinas"},"image":{"@id":"https:\/\/jornaldasoficinas.com\/pt\/#\/schema\/logo\/image\/"},"sameAs":["https:\/\/www.facebook.com\/jornaloficinas","https:\/\/x.com\/jornaloficinas","https:\/\/www.instagram.com\/jornal_oficinas\/","https:\/\/www.linkedin.com\/company\/jornal-das-oficinas\/","https:\/\/www.youtube.com\/channel\/UCbQZBqtcvV-oSQrr7RzINGg"]},{"@type":"Person","@id":"https:\/\/jornaldasoficinas.com\/pt\/#\/schema\/person\/a38eef5de2c41d9e7c9ac10141afddf3","name":"Reda\u00e7\u00e3o JO","image":{"@type":"ImageObject","inLanguage":"pt-PT","@id":"https:\/\/secure.gravatar.com\/avatar\/71f2fa71737ad68a84fea94bc708ddac8ea5b0c4788dc2ad202f3ccb2887742f?s=96&d=wp_user_avatar&r=g","url":"https:\/\/secure.gravatar.com\/avatar\/71f2fa71737ad68a84fea94bc708ddac8ea5b0c4788dc2ad202f3ccb2887742f?s=96&d=wp_user_avatar&r=g","contentUrl":"https:\/\/secure.gravatar.com\/avatar\/71f2fa71737ad68a84fea94bc708ddac8ea5b0c4788dc2ad202f3ccb2887742f?s=96&d=wp_user_avatar&r=g","caption":"Reda\u00e7\u00e3o JO"},"url":"https:\/\/jornaldasoficinas.com\/pt\/author\/joredacao\/"}]}},"_links":{"self":[{"href":"https:\/\/jornaldasoficinas.com\/pt\/wp-json\/wp\/v2\/posts\/76315","targetHints":{"allow":["GET"]}}],"collection":[{"href":"https:\/\/jornaldasoficinas.com\/pt\/wp-json\/wp\/v2\/posts"}],"about":[{"href":"https:\/\/jornaldasoficinas.com\/pt\/wp-json\/wp\/v2\/types\/post"}],"author":[{"embeddable":true,"href":"https:\/\/jornaldasoficinas.com\/pt\/wp-json\/wp\/v2\/users\/15"}],"replies":[{"embeddable":true,"href":"https:\/\/jornaldasoficinas.com\/pt\/wp-json\/wp\/v2\/comments?post=76315"}],"version-history":[{"count":0,"href":"https:\/\/jornaldasoficinas.com\/pt\/wp-json\/wp\/v2\/posts\/76315\/revisions"}],"wp:featuredmedia":[{"embeddable":true,"href":"https:\/\/jornaldasoficinas.com\/pt\/wp-json\/wp\/v2\/media\/76303"}],"wp:attachment":[{"href":"https:\/\/jornaldasoficinas.com\/pt\/wp-json\/wp\/v2\/media?parent=76315"}],"wp:term":[{"taxonomy":"category","embeddable":true,"href":"https:\/\/jornaldasoficinas.com\/pt\/wp-json\/wp\/v2\/categories?post=76315"},{"taxonomy":"post_tag","embeddable":true,"href":"https:\/\/jornaldasoficinas.com\/pt\/wp-json\/wp\/v2\/tags?post=76315"}],"curies":[{"name":"wp","href":"https:\/\/api.w.org\/{rel}","templated":true}]}}