{"id":76382,"date":"2023-12-29T14:00:07","date_gmt":"2023-12-29T14:00:07","guid":{"rendered":"https:\/\/jornaldasoficinas.com\/pt\/?p=76382"},"modified":"2023-12-29T09:05:08","modified_gmt":"2023-12-29T09:05:08","slug":"shell-ha-17-anos-na-frente-dos-lubrificantes-e-fluidos","status":"publish","type":"post","link":"https:\/\/jornaldasoficinas.com\/pt\/shell-ha-17-anos-na-frente-dos-lubrificantes-e-fluidos\/","title":{"rendered":"Shell h\u00e1 17 anos na frente dos Lubrificantes e Flu\u00eddos"},"content":{"rendered":"<p><img loading=\"lazy\" decoding=\"async\" class=\"alignnone size-full wp-image-76376\" src=\"https:\/\/jornaldasoficinas.com\/pt\/wp-content\/uploads\/2023\/12\/Shell-ha-17-anos-na-frente-dos-Lubrificantes-e-Fluidos.png\" alt=\"12 - Shell ha 17 anos na frente dos Lubrificantes e Fluidos\" width=\"1024\" height=\"581\" srcset=\"https:\/\/jornaldasoficinas.com\/pt\/wp-content\/uploads\/2023\/12\/Shell-ha-17-anos-na-frente-dos-Lubrificantes-e-Fluidos.png 1024w, https:\/\/jornaldasoficinas.com\/pt\/wp-content\/uploads\/2023\/12\/Shell-ha-17-anos-na-frente-dos-Lubrificantes-e-Fluidos-300x170.png 300w, https:\/\/jornaldasoficinas.com\/pt\/wp-content\/uploads\/2023\/12\/Shell-ha-17-anos-na-frente-dos-Lubrificantes-e-Fluidos-150x85.png 150w, https:\/\/jornaldasoficinas.com\/pt\/wp-content\/uploads\/2023\/12\/Shell-ha-17-anos-na-frente-dos-Lubrificantes-e-Fluidos-768x436.png 768w\" sizes=\"auto, (max-width: 1024px) 100vw, 1024px\" \/><\/p>\n<p><strong>A <a href=\"https:\/\/www.shell.com\/motorist\/oils-lubricants.html\" target=\"_blank\" rel=\"noopener\">Shell<\/a>, est\u00e1 de parab\u00e9ns, renovou a sua posi\u00e7\u00e3o de lideran\u00e7a global em todas as tr\u00eas categorias de lubrificantes, automotivo de consumo, automotivo comercial e industrial. O continuo investimento em produtos premium,\u00a0 diferenciados e o foco no progresso mundial de uma forma fi\u00e1vel, eficiente e sustent\u00e1vel, fez da Shell o fornecedor l\u00edder do mercado global de Lubrificantes e Flu\u00eddos, pelo 17\u00ba ano consecutivo<\/strong><strong>\u00a0<\/strong><\/p>\n<p>O relat\u00f3rio abrange todos os principais mercados, segmentos de mercado, tipos de produtos e formula\u00e7\u00f5es dos principais pa\u00edses consumidores de lubrificantes.\u00a0A Shell manteve a posi\u00e7\u00e3o n\u00famero um em todas as tr\u00eas categorias de lubrificantes monitoradas pela Kline \u2013 automotivo de consumo, automotivo comercial e industrial.<\/p>\n<p>Jason Wong, vice-presidente executivo global da Shell Lubricants, disse: \u201cEstamos entusiasmados em manter o nosso status como fornecedor global n\u00famero um de lubrificantes acabados por mais um ano.\u00a0Isto reflete o nosso foco em fornecer as solu\u00e7\u00f5es corretas de lubrificantes e fluidos para gerenciamento t\u00e9rmico e de fric\u00e7\u00e3o aos nossos clientes consumidores, comerciais e industriais, e em apoiar o progresso mundial de maneira confi\u00e1vel, eficiente e sustent\u00e1vel.\u00a0Com a nossa marca, tecnologia e pessoas l\u00edderes, o nosso neg\u00f3cio de lubrificantes continuar\u00e1 a apoiar a estrat\u00e9gia Powering Progress da Shell.\u00a0Com isto em mente, estamos agora focados em transformar o nosso neg\u00f3cio, deixando de ser o principal fornecedor global de lubrificantes de hoje para se tornar o principal fornecedor de lubrificantes e solu\u00e7\u00f5es de fluidos de amanh\u00e3.\u201d<\/p>\n<p>A Shell manteve sua posi\u00e7\u00e3o de lideran\u00e7a global e vantagem competitiva continuando a investir em produtos premium e diferenciados, incluindo \u00f3leo para autom\u00f3veis de passageiros Shell Helix, \u00f3leo para motociclos Shell Advance, \u00f3leos para cami\u00f5es e pesados \u200b\u200bShell Rimula, e \u00f3leos industriais Shell Tellus e Shell Gadus \u2013 marcas preferenciais em muitos dos principais mercados.<\/p>\n<p>A Shell foi uma das primeiras a lan\u00e7ar um portf\u00f3lio de E-Fluids em 2019 e hoje os Shell E-Fluids melhoram a efici\u00eancia geral, a seguran\u00e7a e a sustentabilidade dos motores EV em todo o mundo.\u00a0No entanto, a gama de aplica\u00e7\u00f5es para tais fluidos vai muito al\u00e9m dos VEs.\u00a0Por exemplo, como parte de uma oferta integrada para centros de dados, a Shell introduziu uma gama de fluidos de refrigera\u00e7\u00e3o por imers\u00e3o concebidos para ultrapassar os limites do desempenho, efici\u00eancia e sustentabilidade.<\/p>\n<p>A Shell tamb\u00e9m est\u00e1 a fornecer solu\u00e7\u00f5es mais sustent\u00e1veis, com os Lubrificantes a desempenhar um papel cr\u00edtico no apoio ao objetivo da Shell de se tornar um neg\u00f3cio de energia com emiss\u00f5es l\u00edquidas zero at\u00e9 2050, e ajudando os clientes a reduzir a sua pegada de carbono.\u00a0Por exemplo, a Shell Lubricants est\u00e1 a reduzir os res\u00edduos atrav\u00e9s do desenvolvimento de embalagens sustent\u00e1veis \u200b\u200be solu\u00e7\u00f5es circulares, bem como a fornecer op\u00e7\u00f5es mais sustent\u00e1veis \u200b\u200batrav\u00e9s da sua gama de produtos biodegrad\u00e1veis.<\/p>\n<p>De acordo com o \u00faltimo relat\u00f3rio, a Shell manteve a sua posi\u00e7\u00e3o de lideran\u00e7a com uma quota de mercado global de 11,6%. Tal como no ano anterior, estas vendas globais foram divididas quase igualmente entre os tr\u00eas segmentos: 35% autom\u00f3vel de consumo, 33% industrial e 32% autom\u00f3vel comercial.<\/p>\n<p>&nbsp;<\/p>\n","protected":false},"excerpt":{"rendered":"<p>A Shell, est\u00e1 de parab\u00e9ns, renovou&#8230;<\/p>\n","protected":false},"author":15,"featured_media":76376,"comment_status":"closed","ping_status":"closed","sticky":false,"template":"","format":"standard","meta":{"footnotes":""},"categories":[29],"tags":[6890,155,7005,1046],"class_list":["post-76382","post","type-post","status-publish","format-standard","has-post-thumbnail","hentry","category-empresas","tag-lideranca-global","tag-lubrificantes","tag-produtos-premium","tag-shell"],"yoast_head":"<!-- This site is optimized with the Yoast SEO plugin v27.5 - https:\/\/yoast.com\/product\/yoast-seo-wordpress\/ -->\n<title>Shell h\u00e1 17 anos na frente dos Lubrificantes e Flu\u00eddos - Jornal das Oficinas<\/title>\n<meta name=\"description\" content=\"A Shell, est\u00e1 de parab\u00e9ns, renovou a sua posi\u00e7\u00e3o de lideran\u00e7a global em todas as tr\u00eas categorias de lubrificantes\" \/>\n<meta name=\"robots\" content=\"index, follow, max-snippet:-1, max-image-preview:large, max-video-preview:-1\" \/>\n<link rel=\"canonical\" href=\"https:\/\/jornaldasoficinas.com\/pt\/shell-ha-17-anos-na-frente-dos-lubrificantes-e-fluidos\/\" \/>\n<meta property=\"og:locale\" content=\"pt_PT\" \/>\n<meta property=\"og:type\" content=\"article\" \/>\n<meta property=\"og:title\" content=\"Shell h\u00e1 17 anos na frente dos Lubrificantes e Flu\u00eddos - Jornal das Oficinas\" \/>\n<meta property=\"og:description\" content=\"A Shell, est\u00e1 de parab\u00e9ns, renovou a sua posi\u00e7\u00e3o de lideran\u00e7a global em todas as tr\u00eas categorias de lubrificantes\" \/>\n<meta property=\"og:url\" content=\"https:\/\/jornaldasoficinas.com\/pt\/shell-ha-17-anos-na-frente-dos-lubrificantes-e-fluidos\/\" \/>\n<meta property=\"og:site_name\" content=\"Jornal das Oficinas\" \/>\n<meta property=\"article:publisher\" content=\"https:\/\/www.facebook.com\/jornaloficinas\" \/>\n<meta property=\"article:published_time\" content=\"2023-12-29T14:00:07+00:00\" \/>\n<meta property=\"og:image\" content=\"https:\/\/jornaldasoficinas.com\/pt\/wp-content\/uploads\/2023\/12\/Shell-ha-17-anos-na-frente-dos-Lubrificantes-e-Fluidos.png\" \/>\n\t<meta property=\"og:image:width\" content=\"1024\" \/>\n\t<meta property=\"og:image:height\" content=\"581\" \/>\n\t<meta property=\"og:image:type\" content=\"image\/png\" \/>\n<meta name=\"author\" content=\"Reda\u00e7\u00e3o JO\" \/>\n<meta name=\"twitter:card\" content=\"summary_large_image\" \/>\n<meta name=\"twitter:creator\" content=\"@jornaloficinas\" \/>\n<meta name=\"twitter:site\" content=\"@jornaloficinas\" \/>\n<meta name=\"twitter:label1\" content=\"Escrito por\" \/>\n\t<meta name=\"twitter:data1\" content=\"Reda\u00e7\u00e3o JO\" \/>\n\t<meta name=\"twitter:label2\" content=\"Tempo estimado de leitura\" \/>\n\t<meta name=\"twitter:data2\" content=\"3 minutos\" \/>\n<script type=\"application\/ld+json\" class=\"yoast-schema-graph\">{\"@context\":\"https:\\\/\\\/schema.org\",\"@graph\":[{\"@type\":\"Article\",\"@id\":\"https:\\\/\\\/jornaldasoficinas.com\\\/pt\\\/shell-ha-17-anos-na-frente-dos-lubrificantes-e-fluidos\\\/#article\",\"isPartOf\":{\"@id\":\"https:\\\/\\\/jornaldasoficinas.com\\\/pt\\\/shell-ha-17-anos-na-frente-dos-lubrificantes-e-fluidos\\\/\"},\"author\":{\"name\":\"Reda\u00e7\u00e3o JO\",\"@id\":\"https:\\\/\\\/jornaldasoficinas.com\\\/pt\\\/#\\\/schema\\\/person\\\/a38eef5de2c41d9e7c9ac10141afddf3\"},\"headline\":\"Shell h\u00e1 17 anos na frente dos Lubrificantes e Flu\u00eddos\",\"datePublished\":\"2023-12-29T14:00:07+00:00\",\"mainEntityOfPage\":{\"@id\":\"https:\\\/\\\/jornaldasoficinas.com\\\/pt\\\/shell-ha-17-anos-na-frente-dos-lubrificantes-e-fluidos\\\/\"},\"wordCount\":561,\"publisher\":{\"@id\":\"https:\\\/\\\/jornaldasoficinas.com\\\/pt\\\/#organization\"},\"image\":{\"@id\":\"https:\\\/\\\/jornaldasoficinas.com\\\/pt\\\/shell-ha-17-anos-na-frente-dos-lubrificantes-e-fluidos\\\/#primaryimage\"},\"thumbnailUrl\":\"https:\\\/\\\/jornaldasoficinas.com\\\/pt\\\/wp-content\\\/uploads\\\/2023\\\/12\\\/Shell-ha-17-anos-na-frente-dos-Lubrificantes-e-Fluidos.png\",\"keywords\":[\"lideran\u00e7a global\",\"Lubrificantes\",\"produtos premium\",\"Shell\"],\"articleSection\":[\"Empresas\"],\"inLanguage\":\"pt-PT\"},{\"@type\":\"WebPage\",\"@id\":\"https:\\\/\\\/jornaldasoficinas.com\\\/pt\\\/shell-ha-17-anos-na-frente-dos-lubrificantes-e-fluidos\\\/\",\"url\":\"https:\\\/\\\/jornaldasoficinas.com\\\/pt\\\/shell-ha-17-anos-na-frente-dos-lubrificantes-e-fluidos\\\/\",\"name\":\"Shell h\u00e1 17 anos na frente dos Lubrificantes e Flu\u00eddos - Jornal das Oficinas\",\"isPartOf\":{\"@id\":\"https:\\\/\\\/jornaldasoficinas.com\\\/pt\\\/#website\"},\"primaryImageOfPage\":{\"@id\":\"https:\\\/\\\/jornaldasoficinas.com\\\/pt\\\/shell-ha-17-anos-na-frente-dos-lubrificantes-e-fluidos\\\/#primaryimage\"},\"image\":{\"@id\":\"https:\\\/\\\/jornaldasoficinas.com\\\/pt\\\/shell-ha-17-anos-na-frente-dos-lubrificantes-e-fluidos\\\/#primaryimage\"},\"thumbnailUrl\":\"https:\\\/\\\/jornaldasoficinas.com\\\/pt\\\/wp-content\\\/uploads\\\/2023\\\/12\\\/Shell-ha-17-anos-na-frente-dos-Lubrificantes-e-Fluidos.png\",\"datePublished\":\"2023-12-29T14:00:07+00:00\",\"description\":\"A Shell, est\u00e1 de parab\u00e9ns, renovou a sua posi\u00e7\u00e3o de lideran\u00e7a global em todas as tr\u00eas categorias de lubrificantes\",\"breadcrumb\":{\"@id\":\"https:\\\/\\\/jornaldasoficinas.com\\\/pt\\\/shell-ha-17-anos-na-frente-dos-lubrificantes-e-fluidos\\\/#breadcrumb\"},\"inLanguage\":\"pt-PT\",\"potentialAction\":[{\"@type\":\"ReadAction\",\"target\":[\"https:\\\/\\\/jornaldasoficinas.com\\\/pt\\\/shell-ha-17-anos-na-frente-dos-lubrificantes-e-fluidos\\\/\"]}]},{\"@type\":\"ImageObject\",\"inLanguage\":\"pt-PT\",\"@id\":\"https:\\\/\\\/jornaldasoficinas.com\\\/pt\\\/shell-ha-17-anos-na-frente-dos-lubrificantes-e-fluidos\\\/#primaryimage\",\"url\":\"https:\\\/\\\/jornaldasoficinas.com\\\/pt\\\/wp-content\\\/uploads\\\/2023\\\/12\\\/Shell-ha-17-anos-na-frente-dos-Lubrificantes-e-Fluidos.png\",\"contentUrl\":\"https:\\\/\\\/jornaldasoficinas.com\\\/pt\\\/wp-content\\\/uploads\\\/2023\\\/12\\\/Shell-ha-17-anos-na-frente-dos-Lubrificantes-e-Fluidos.png\",\"width\":1024,\"height\":581,\"caption\":\"12 - Shell ha 17 anos na frente dos Lubrificantes e Fluidos\"},{\"@type\":\"BreadcrumbList\",\"@id\":\"https:\\\/\\\/jornaldasoficinas.com\\\/pt\\\/shell-ha-17-anos-na-frente-dos-lubrificantes-e-fluidos\\\/#breadcrumb\",\"itemListElement\":[{\"@type\":\"ListItem\",\"position\":1,\"name\":\"In\u00edcio\",\"item\":\"https:\\\/\\\/jornaldasoficinas.com\\\/pt\\\/\"},{\"@type\":\"ListItem\",\"position\":2,\"name\":\"Shell h\u00e1 17 anos na frente dos Lubrificantes e Flu\u00eddos\"}]},{\"@type\":\"WebSite\",\"@id\":\"https:\\\/\\\/jornaldasoficinas.com\\\/pt\\\/#website\",\"url\":\"https:\\\/\\\/jornaldasoficinas.com\\\/pt\\\/\",\"name\":\"Jornal das Oficinas\",\"description\":\"Jornal independente do Aftermarket Autom\u00f3vel em Portugal\",\"publisher\":{\"@id\":\"https:\\\/\\\/jornaldasoficinas.com\\\/pt\\\/#organization\"},\"potentialAction\":[{\"@type\":\"SearchAction\",\"target\":{\"@type\":\"EntryPoint\",\"urlTemplate\":\"https:\\\/\\\/jornaldasoficinas.com\\\/pt\\\/?s={search_term_string}\"},\"query-input\":{\"@type\":\"PropertyValueSpecification\",\"valueRequired\":true,\"valueName\":\"search_term_string\"}}],\"inLanguage\":\"pt-PT\"},{\"@type\":\"Organization\",\"@id\":\"https:\\\/\\\/jornaldasoficinas.com\\\/pt\\\/#organization\",\"name\":\"Jornal das Oficinas\",\"url\":\"https:\\\/\\\/jornaldasoficinas.com\\\/pt\\\/\",\"logo\":{\"@type\":\"ImageObject\",\"inLanguage\":\"pt-PT\",\"@id\":\"https:\\\/\\\/jornaldasoficinas.com\\\/pt\\\/#\\\/schema\\\/logo\\\/image\\\/\",\"url\":\"https:\\\/\\\/jornaldasoficinas.com\\\/pt\\\/wp-content\\\/uploads\\\/logoJO-SEO.png\",\"contentUrl\":\"https:\\\/\\\/jornaldasoficinas.com\\\/pt\\\/wp-content\\\/uploads\\\/logoJO-SEO.png\",\"width\":285,\"height\":450,\"caption\":\"Jornal das Oficinas\"},\"image\":{\"@id\":\"https:\\\/\\\/jornaldasoficinas.com\\\/pt\\\/#\\\/schema\\\/logo\\\/image\\\/\"},\"sameAs\":[\"https:\\\/\\\/www.facebook.com\\\/jornaloficinas\",\"https:\\\/\\\/x.com\\\/jornaloficinas\",\"https:\\\/\\\/www.instagram.com\\\/jornal_oficinas\\\/\",\"https:\\\/\\\/www.linkedin.com\\\/company\\\/jornal-das-oficinas\\\/\",\"https:\\\/\\\/www.youtube.com\\\/channel\\\/UCbQZBqtcvV-oSQrr7RzINGg\"]},{\"@type\":\"Person\",\"@id\":\"https:\\\/\\\/jornaldasoficinas.com\\\/pt\\\/#\\\/schema\\\/person\\\/a38eef5de2c41d9e7c9ac10141afddf3\",\"name\":\"Reda\u00e7\u00e3o JO\",\"image\":{\"@type\":\"ImageObject\",\"inLanguage\":\"pt-PT\",\"@id\":\"https:\\\/\\\/secure.gravatar.com\\\/avatar\\\/71f2fa71737ad68a84fea94bc708ddac8ea5b0c4788dc2ad202f3ccb2887742f?s=96&d=wp_user_avatar&r=g\",\"url\":\"https:\\\/\\\/secure.gravatar.com\\\/avatar\\\/71f2fa71737ad68a84fea94bc708ddac8ea5b0c4788dc2ad202f3ccb2887742f?s=96&d=wp_user_avatar&r=g\",\"contentUrl\":\"https:\\\/\\\/secure.gravatar.com\\\/avatar\\\/71f2fa71737ad68a84fea94bc708ddac8ea5b0c4788dc2ad202f3ccb2887742f?s=96&d=wp_user_avatar&r=g\",\"caption\":\"Reda\u00e7\u00e3o JO\"},\"url\":\"https:\\\/\\\/jornaldasoficinas.com\\\/pt\\\/author\\\/joredacao\\\/\"}]}<\/script>\n<!-- \/ Yoast SEO plugin. -->","yoast_head_json":{"title":"Shell h\u00e1 17 anos na frente dos Lubrificantes e Flu\u00eddos - Jornal das Oficinas","description":"A Shell, est\u00e1 de parab\u00e9ns, renovou a sua posi\u00e7\u00e3o de lideran\u00e7a global em todas as tr\u00eas categorias de lubrificantes","robots":{"index":"index","follow":"follow","max-snippet":"max-snippet:-1","max-image-preview":"max-image-preview:large","max-video-preview":"max-video-preview:-1"},"canonical":"https:\/\/jornaldasoficinas.com\/pt\/shell-ha-17-anos-na-frente-dos-lubrificantes-e-fluidos\/","og_locale":"pt_PT","og_type":"article","og_title":"Shell h\u00e1 17 anos na frente dos Lubrificantes e Flu\u00eddos - Jornal das Oficinas","og_description":"A Shell, est\u00e1 de parab\u00e9ns, renovou a sua posi\u00e7\u00e3o de lideran\u00e7a global em todas as tr\u00eas categorias de lubrificantes","og_url":"https:\/\/jornaldasoficinas.com\/pt\/shell-ha-17-anos-na-frente-dos-lubrificantes-e-fluidos\/","og_site_name":"Jornal das Oficinas","article_publisher":"https:\/\/www.facebook.com\/jornaloficinas","article_published_time":"2023-12-29T14:00:07+00:00","og_image":[{"width":1024,"height":581,"url":"https:\/\/jornaldasoficinas.com\/pt\/wp-content\/uploads\/2023\/12\/Shell-ha-17-anos-na-frente-dos-Lubrificantes-e-Fluidos.png","type":"image\/png"}],"author":"Reda\u00e7\u00e3o JO","twitter_card":"summary_large_image","twitter_creator":"@jornaloficinas","twitter_site":"@jornaloficinas","twitter_misc":{"Escrito por":"Reda\u00e7\u00e3o JO","Tempo estimado de leitura":"3 minutos"},"schema":{"@context":"https:\/\/schema.org","@graph":[{"@type":"Article","@id":"https:\/\/jornaldasoficinas.com\/pt\/shell-ha-17-anos-na-frente-dos-lubrificantes-e-fluidos\/#article","isPartOf":{"@id":"https:\/\/jornaldasoficinas.com\/pt\/shell-ha-17-anos-na-frente-dos-lubrificantes-e-fluidos\/"},"author":{"name":"Reda\u00e7\u00e3o JO","@id":"https:\/\/jornaldasoficinas.com\/pt\/#\/schema\/person\/a38eef5de2c41d9e7c9ac10141afddf3"},"headline":"Shell h\u00e1 17 anos na frente dos Lubrificantes e Flu\u00eddos","datePublished":"2023-12-29T14:00:07+00:00","mainEntityOfPage":{"@id":"https:\/\/jornaldasoficinas.com\/pt\/shell-ha-17-anos-na-frente-dos-lubrificantes-e-fluidos\/"},"wordCount":561,"publisher":{"@id":"https:\/\/jornaldasoficinas.com\/pt\/#organization"},"image":{"@id":"https:\/\/jornaldasoficinas.com\/pt\/shell-ha-17-anos-na-frente-dos-lubrificantes-e-fluidos\/#primaryimage"},"thumbnailUrl":"https:\/\/jornaldasoficinas.com\/pt\/wp-content\/uploads\/2023\/12\/Shell-ha-17-anos-na-frente-dos-Lubrificantes-e-Fluidos.png","keywords":["lideran\u00e7a global","Lubrificantes","produtos premium","Shell"],"articleSection":["Empresas"],"inLanguage":"pt-PT"},{"@type":"WebPage","@id":"https:\/\/jornaldasoficinas.com\/pt\/shell-ha-17-anos-na-frente-dos-lubrificantes-e-fluidos\/","url":"https:\/\/jornaldasoficinas.com\/pt\/shell-ha-17-anos-na-frente-dos-lubrificantes-e-fluidos\/","name":"Shell h\u00e1 17 anos na frente dos Lubrificantes e Flu\u00eddos - Jornal das Oficinas","isPartOf":{"@id":"https:\/\/jornaldasoficinas.com\/pt\/#website"},"primaryImageOfPage":{"@id":"https:\/\/jornaldasoficinas.com\/pt\/shell-ha-17-anos-na-frente-dos-lubrificantes-e-fluidos\/#primaryimage"},"image":{"@id":"https:\/\/jornaldasoficinas.com\/pt\/shell-ha-17-anos-na-frente-dos-lubrificantes-e-fluidos\/#primaryimage"},"thumbnailUrl":"https:\/\/jornaldasoficinas.com\/pt\/wp-content\/uploads\/2023\/12\/Shell-ha-17-anos-na-frente-dos-Lubrificantes-e-Fluidos.png","datePublished":"2023-12-29T14:00:07+00:00","description":"A Shell, est\u00e1 de parab\u00e9ns, renovou a sua posi\u00e7\u00e3o de lideran\u00e7a global em todas as tr\u00eas categorias de lubrificantes","breadcrumb":{"@id":"https:\/\/jornaldasoficinas.com\/pt\/shell-ha-17-anos-na-frente-dos-lubrificantes-e-fluidos\/#breadcrumb"},"inLanguage":"pt-PT","potentialAction":[{"@type":"ReadAction","target":["https:\/\/jornaldasoficinas.com\/pt\/shell-ha-17-anos-na-frente-dos-lubrificantes-e-fluidos\/"]}]},{"@type":"ImageObject","inLanguage":"pt-PT","@id":"https:\/\/jornaldasoficinas.com\/pt\/shell-ha-17-anos-na-frente-dos-lubrificantes-e-fluidos\/#primaryimage","url":"https:\/\/jornaldasoficinas.com\/pt\/wp-content\/uploads\/2023\/12\/Shell-ha-17-anos-na-frente-dos-Lubrificantes-e-Fluidos.png","contentUrl":"https:\/\/jornaldasoficinas.com\/pt\/wp-content\/uploads\/2023\/12\/Shell-ha-17-anos-na-frente-dos-Lubrificantes-e-Fluidos.png","width":1024,"height":581,"caption":"12 - Shell ha 17 anos na frente dos Lubrificantes e Fluidos"},{"@type":"BreadcrumbList","@id":"https:\/\/jornaldasoficinas.com\/pt\/shell-ha-17-anos-na-frente-dos-lubrificantes-e-fluidos\/#breadcrumb","itemListElement":[{"@type":"ListItem","position":1,"name":"In\u00edcio","item":"https:\/\/jornaldasoficinas.com\/pt\/"},{"@type":"ListItem","position":2,"name":"Shell h\u00e1 17 anos na frente dos Lubrificantes e Flu\u00eddos"}]},{"@type":"WebSite","@id":"https:\/\/jornaldasoficinas.com\/pt\/#website","url":"https:\/\/jornaldasoficinas.com\/pt\/","name":"Jornal das Oficinas","description":"Jornal independente do Aftermarket Autom\u00f3vel em Portugal","publisher":{"@id":"https:\/\/jornaldasoficinas.com\/pt\/#organization"},"potentialAction":[{"@type":"SearchAction","target":{"@type":"EntryPoint","urlTemplate":"https:\/\/jornaldasoficinas.com\/pt\/?s={search_term_string}"},"query-input":{"@type":"PropertyValueSpecification","valueRequired":true,"valueName":"search_term_string"}}],"inLanguage":"pt-PT"},{"@type":"Organization","@id":"https:\/\/jornaldasoficinas.com\/pt\/#organization","name":"Jornal das Oficinas","url":"https:\/\/jornaldasoficinas.com\/pt\/","logo":{"@type":"ImageObject","inLanguage":"pt-PT","@id":"https:\/\/jornaldasoficinas.com\/pt\/#\/schema\/logo\/image\/","url":"https:\/\/jornaldasoficinas.com\/pt\/wp-content\/uploads\/logoJO-SEO.png","contentUrl":"https:\/\/jornaldasoficinas.com\/pt\/wp-content\/uploads\/logoJO-SEO.png","width":285,"height":450,"caption":"Jornal das Oficinas"},"image":{"@id":"https:\/\/jornaldasoficinas.com\/pt\/#\/schema\/logo\/image\/"},"sameAs":["https:\/\/www.facebook.com\/jornaloficinas","https:\/\/x.com\/jornaloficinas","https:\/\/www.instagram.com\/jornal_oficinas\/","https:\/\/www.linkedin.com\/company\/jornal-das-oficinas\/","https:\/\/www.youtube.com\/channel\/UCbQZBqtcvV-oSQrr7RzINGg"]},{"@type":"Person","@id":"https:\/\/jornaldasoficinas.com\/pt\/#\/schema\/person\/a38eef5de2c41d9e7c9ac10141afddf3","name":"Reda\u00e7\u00e3o JO","image":{"@type":"ImageObject","inLanguage":"pt-PT","@id":"https:\/\/secure.gravatar.com\/avatar\/71f2fa71737ad68a84fea94bc708ddac8ea5b0c4788dc2ad202f3ccb2887742f?s=96&d=wp_user_avatar&r=g","url":"https:\/\/secure.gravatar.com\/avatar\/71f2fa71737ad68a84fea94bc708ddac8ea5b0c4788dc2ad202f3ccb2887742f?s=96&d=wp_user_avatar&r=g","contentUrl":"https:\/\/secure.gravatar.com\/avatar\/71f2fa71737ad68a84fea94bc708ddac8ea5b0c4788dc2ad202f3ccb2887742f?s=96&d=wp_user_avatar&r=g","caption":"Reda\u00e7\u00e3o JO"},"url":"https:\/\/jornaldasoficinas.com\/pt\/author\/joredacao\/"}]}},"_links":{"self":[{"href":"https:\/\/jornaldasoficinas.com\/pt\/wp-json\/wp\/v2\/posts\/76382","targetHints":{"allow":["GET"]}}],"collection":[{"href":"https:\/\/jornaldasoficinas.com\/pt\/wp-json\/wp\/v2\/posts"}],"about":[{"href":"https:\/\/jornaldasoficinas.com\/pt\/wp-json\/wp\/v2\/types\/post"}],"author":[{"embeddable":true,"href":"https:\/\/jornaldasoficinas.com\/pt\/wp-json\/wp\/v2\/users\/15"}],"replies":[{"embeddable":true,"href":"https:\/\/jornaldasoficinas.com\/pt\/wp-json\/wp\/v2\/comments?post=76382"}],"version-history":[{"count":0,"href":"https:\/\/jornaldasoficinas.com\/pt\/wp-json\/wp\/v2\/posts\/76382\/revisions"}],"wp:featuredmedia":[{"embeddable":true,"href":"https:\/\/jornaldasoficinas.com\/pt\/wp-json\/wp\/v2\/media\/76376"}],"wp:attachment":[{"href":"https:\/\/jornaldasoficinas.com\/pt\/wp-json\/wp\/v2\/media?parent=76382"}],"wp:term":[{"taxonomy":"category","embeddable":true,"href":"https:\/\/jornaldasoficinas.com\/pt\/wp-json\/wp\/v2\/categories?post=76382"},{"taxonomy":"post_tag","embeddable":true,"href":"https:\/\/jornaldasoficinas.com\/pt\/wp-json\/wp\/v2\/tags?post=76382"}],"curies":[{"name":"wp","href":"https:\/\/api.w.org\/{rel}","templated":true}]}}