{"id":76692,"date":"2024-01-09T08:00:05","date_gmt":"2024-01-09T08:00:05","guid":{"rendered":"https:\/\/jornaldasoficinas.com\/pt\/?p=76692"},"modified":"2024-01-08T19:18:06","modified_gmt":"2024-01-08T19:18:06","slug":"venda-de-veiculos-eletricos-duplica-em-2023","status":"publish","type":"post","link":"https:\/\/jornaldasoficinas.com\/pt\/venda-de-veiculos-eletricos-duplica-em-2023\/","title":{"rendered":"Venda de Ve\u00edculos El\u00e9tricos duplica em 2023"},"content":{"rendered":"<p><img loading=\"lazy\" decoding=\"async\" class=\"alignnone size-full wp-image-76592\" src=\"https:\/\/jornaldasoficinas.com\/pt\/wp-content\/uploads\/2024\/01\/Venda-de-Veiculos-Eletricos-duplica-em-2023-2.png\" alt=\"01 - Venda de Veiculos Eletricos duplica em 2023 2\" width=\"1024\" height=\"581\" srcset=\"https:\/\/jornaldasoficinas.com\/pt\/wp-content\/uploads\/2024\/01\/Venda-de-Veiculos-Eletricos-duplica-em-2023-2.png 1024w, https:\/\/jornaldasoficinas.com\/pt\/wp-content\/uploads\/2024\/01\/Venda-de-Veiculos-Eletricos-duplica-em-2023-2-300x170.png 300w, https:\/\/jornaldasoficinas.com\/pt\/wp-content\/uploads\/2024\/01\/Venda-de-Veiculos-Eletricos-duplica-em-2023-2-150x85.png 150w, https:\/\/jornaldasoficinas.com\/pt\/wp-content\/uploads\/2024\/01\/Venda-de-Veiculos-Eletricos-duplica-em-2023-2-768x436.png 768w\" sizes=\"auto, (max-width: 1024px) 100vw, 1024px\" \/><\/p>\n<p><strong>O crescimento mundial das vendas de ve\u00edculos el\u00e9tricos aumentou significativamente em 2023, confirmando que a eletrifica\u00e7\u00e3o \u00e9 uma megatend\u00eancia, revelou o estudo Mobility Guide. Em Portugal, a venda de ve\u00edculos 100% el\u00e9tricos em 2023 duplicou face a 2022<\/strong><\/p>\n<p>Ayvens, a nova marca de mobilidade global que resulta da uni\u00e3o da <a href=\"https:\/\/www.leaseplan.com\/pt-pt\/\" target=\"_blank\" rel=\"noopener\">LeasePlan<\/a> e da <a href=\"https:\/\/catalogo.aldautomotive.pt\/Login.aspx\" target=\"_blank\" rel=\"noopener\">ALD Automotive<\/a>, publicou a nova edi\u00e7\u00e3o do seu Mobility Guide, uma an\u00e1lise abrangente para melhor compreender o mundo dos ve\u00edculos el\u00e9tricos e a maturidade de cada pa\u00eds na transi\u00e7\u00e3o para a sua ado\u00e7\u00e3o.<\/p>\n<p>O estudo re\u00fane indicadores de 46 pa\u00edses e visa ser uma b\u00fassola para apoiar o caminho da eletrifica\u00e7\u00e3o, numa era de grandes transforma\u00e7\u00f5es na ind\u00fastria autom\u00f3vel, partilhando conhecimento e estrat\u00e9gias que ir\u00e3o moldar o futuro da mobilidade.<\/p>\n<p>A an\u00e1lise \u00e9 feita sobre a percentagem das vendas que os ve\u00edculos el\u00e9tricos representam em cada pa\u00eds, a dimens\u00e3o e qualidade da infraestrutura de carregamento, os incentivos fiscais existentes, os custos totais de utiliza\u00e7\u00e3o comparados com os ve\u00edculos a combust\u00e3o e a diversidade de modelos dispon\u00edveis, entre outros.<\/p>\n<p>Os n\u00fameros recolhidos no estudo confirmam a acelera\u00e7\u00e3o no crescimento das vendas de ve\u00edculos el\u00e9tricos, atestando que a eletrifica\u00e7\u00e3o \u00e9 uma megatend\u00eancia. A quest\u00e3o j\u00e1 n\u00e3o \u00e9 \u2018se\u2019, a eletrifica\u00e7\u00e3o ir\u00e1 acontecer, mas com que rapidez \u00e9 que esta se concretizar\u00e1, considerando os m\u00faltiplos desafios que ainda se colocam \u00e0 ind\u00fastria autom\u00f3vel e as incertezas que condicionam a tomada de decis\u00e3o do lado dos compradores.<\/p>\n<p><strong>Principais conclus\u00f5es do Mobility Guide 2023:<br \/>\n<\/strong>&#8211; Dos 46 pa\u00edses examinados, 11 s\u00e3o considerados na categoria \u201cDesenvolvido\u201d, indicando uma ades\u00e3o mais relevante aos ve\u00edculos 100% el\u00e9tricos e condi\u00e7\u00f5es favor\u00e1veis para uma maior eletrifica\u00e7\u00e3o. Lideram a classifica\u00e7\u00e3o a Noruega com 81 pontos, seguida da \u00c1ustria com 69 e dos Pa\u00edses Baixos com 68;<\/p>\n<p>&#8211; Portugal ocupa a 11\u00aa posi\u00e7\u00e3o do ranking com 57 pontos e \u00e9 o l\u00edder na categoria dos pa\u00edses \u201cEm Transi\u00e7\u00e3o\u201d, a escassos 3 pontos do Reino Unido que ocupa a 10\u00aa posi\u00e7\u00e3o com 60 pontos e fecha o lote dos pa\u00edses \u201cDesenvolvidos\u201d;<\/p>\n<p>&#8211; Portugal apresenta pontua\u00e7\u00e3o m\u00e1xima no indicador paridade dos custos totais de utiliza\u00e7\u00e3o, ou seja, os ve\u00edculos 100% el\u00e9tricos para empresas em Portugal apresentam custos de utiliza\u00e7\u00e3o inferiores aos ve\u00edculos a combust\u00e3o de segmento equivalente;<\/p>\n<p>&#8211; Portugal apresenta um crescimento consider\u00e1vel no indicador de infraestruturas de carregamento sendo um dos pa\u00edses da Europa com maior crescimento no \u00faltimo ano, com especial destaque para os carregadores r\u00e1pidos cujo n\u00famero mais que duplicou;<\/p>\n<p>&#8211; A paridade dos custos totais de utiliza\u00e7\u00e3o dos ve\u00edculos 100% el\u00e9tricos melhorou em diversos pa\u00edses, tais como Espanha, B\u00e9lgica, It\u00e1lia, Irlanda e Pol\u00f3nia sendo inclusivamente mais econ\u00f3mico conduzir um ve\u00edculo 100% el\u00e9trico em pa\u00edses como Fran\u00e7a, \u00c1ustria ou Noruega.<\/p>\n<p>\u201cCom a r\u00e1pida evolu\u00e7\u00e3o tecnol\u00f3gica, o aumento dos custos energ\u00e9ticos e a infla\u00e7\u00e3o nos ve\u00edculos, estamos a viver tempos incertos e a enfrentar ventos adversos. Isto torna a transi\u00e7\u00e3o para os ve\u00edculos el\u00e9tricos num processo complexo, especialmente quando envolve a tomada de decis\u00f5es que afetam v\u00e1rios pa\u00edses\u201d, afirmou Annie Pin, CCO Ayvens. \u201cEnquanto l\u00edder global na mobilidade sustent\u00e1vel, estamos empenhados em acelerar a ado\u00e7\u00e3o dos ve\u00edculos el\u00e9tricos, fornecendo uma solu\u00e7\u00e3o completa para a eletrifica\u00e7\u00e3o. Este processo \u00e9 feito em conjunto com os nossos clientes, apoiando cumulativamente a prossecu\u00e7\u00e3o dos seus objetivos clim\u00e1ticos empresariais. O Mobility Guide \u00e9 uma ferramenta essencial para ajudar muitos dos nossos clientes na sua transi\u00e7\u00e3o\u201d, acrescentou.<\/p>\n<p>&nbsp;<\/p>\n","protected":false},"excerpt":{"rendered":"<p>O crescimento mundial das vendas de&#8230;<\/p>\n","protected":false},"author":15,"featured_media":76592,"comment_status":"closed","ping_status":"closed","sticky":false,"template":"","format":"standard","meta":{"footnotes":""},"categories":[37],"tags":[2814,519,7054,89,7053],"class_list":["post-76692","post","type-post","status-publish","format-standard","has-post-thumbnail","hentry","category-mercado","tag-ald-automotive","tag-leaseplan","tag-mobility-guide","tag-veiculos-eletricos","tag-venda-de-ves"],"yoast_head":"<!-- This site is optimized with the Yoast SEO plugin v27.4 - https:\/\/yoast.com\/product\/yoast-seo-wordpress\/ -->\n<title>Venda de Ve\u00edculos El\u00e9tricos duplica em 2023 - Jornal das Oficinas<\/title>\n<meta name=\"description\" content=\"O crescimento mundial das vendas de VEs aumentou significativamente em 2023, confirmando que a eletrifica\u00e7\u00e3o \u00e9 uma megatend\u00eancia\" \/>\n<meta name=\"robots\" content=\"index, follow, max-snippet:-1, max-image-preview:large, max-video-preview:-1\" \/>\n<link rel=\"canonical\" href=\"https:\/\/jornaldasoficinas.com\/pt\/venda-de-veiculos-eletricos-duplica-em-2023\/\" \/>\n<meta property=\"og:locale\" content=\"pt_PT\" \/>\n<meta property=\"og:type\" content=\"article\" \/>\n<meta property=\"og:title\" content=\"Venda de Ve\u00edculos El\u00e9tricos duplica em 2023 - Jornal das Oficinas\" \/>\n<meta property=\"og:description\" content=\"O crescimento mundial das vendas de VEs aumentou significativamente em 2023, confirmando que a eletrifica\u00e7\u00e3o \u00e9 uma megatend\u00eancia\" \/>\n<meta property=\"og:url\" content=\"https:\/\/jornaldasoficinas.com\/pt\/venda-de-veiculos-eletricos-duplica-em-2023\/\" \/>\n<meta property=\"og:site_name\" content=\"Jornal das Oficinas\" \/>\n<meta property=\"article:publisher\" content=\"https:\/\/www.facebook.com\/jornaloficinas\" \/>\n<meta property=\"article:published_time\" content=\"2024-01-09T08:00:05+00:00\" \/>\n<meta property=\"og:image\" content=\"https:\/\/jornaldasoficinas.com\/pt\/wp-content\/uploads\/2024\/01\/Venda-de-Veiculos-Eletricos-duplica-em-2023-2.png\" \/>\n\t<meta property=\"og:image:width\" content=\"1024\" \/>\n\t<meta property=\"og:image:height\" content=\"581\" \/>\n\t<meta property=\"og:image:type\" content=\"image\/png\" \/>\n<meta name=\"author\" content=\"Reda\u00e7\u00e3o JO\" \/>\n<meta name=\"twitter:card\" content=\"summary_large_image\" \/>\n<meta name=\"twitter:creator\" content=\"@jornaloficinas\" \/>\n<meta name=\"twitter:site\" content=\"@jornaloficinas\" \/>\n<meta name=\"twitter:label1\" content=\"Escrito por\" \/>\n\t<meta name=\"twitter:data1\" content=\"Reda\u00e7\u00e3o JO\" \/>\n\t<meta name=\"twitter:label2\" content=\"Tempo estimado de leitura\" \/>\n\t<meta name=\"twitter:data2\" content=\"4 minutos\" \/>\n<script type=\"application\/ld+json\" class=\"yoast-schema-graph\">{\"@context\":\"https:\\\/\\\/schema.org\",\"@graph\":[{\"@type\":\"Article\",\"@id\":\"https:\\\/\\\/jornaldasoficinas.com\\\/pt\\\/venda-de-veiculos-eletricos-duplica-em-2023\\\/#article\",\"isPartOf\":{\"@id\":\"https:\\\/\\\/jornaldasoficinas.com\\\/pt\\\/venda-de-veiculos-eletricos-duplica-em-2023\\\/\"},\"author\":{\"name\":\"Reda\u00e7\u00e3o JO\",\"@id\":\"https:\\\/\\\/jornaldasoficinas.com\\\/pt\\\/#\\\/schema\\\/person\\\/a38eef5de2c41d9e7c9ac10141afddf3\"},\"headline\":\"Venda de Ve\u00edculos El\u00e9tricos duplica em 2023\",\"datePublished\":\"2024-01-09T08:00:05+00:00\",\"mainEntityOfPage\":{\"@id\":\"https:\\\/\\\/jornaldasoficinas.com\\\/pt\\\/venda-de-veiculos-eletricos-duplica-em-2023\\\/\"},\"wordCount\":640,\"publisher\":{\"@id\":\"https:\\\/\\\/jornaldasoficinas.com\\\/pt\\\/#organization\"},\"image\":{\"@id\":\"https:\\\/\\\/jornaldasoficinas.com\\\/pt\\\/venda-de-veiculos-eletricos-duplica-em-2023\\\/#primaryimage\"},\"thumbnailUrl\":\"https:\\\/\\\/jornaldasoficinas.com\\\/pt\\\/wp-content\\\/uploads\\\/2024\\\/01\\\/Venda-de-Veiculos-Eletricos-duplica-em-2023-2.png\",\"keywords\":[\"ALD Automotive\",\"LeasePlan\",\"Mobility Guide\",\"Ve\u00edculos el\u00e9tricos\",\"Venda de VEs\"],\"articleSection\":[\"Mercado\"],\"inLanguage\":\"pt-PT\"},{\"@type\":\"WebPage\",\"@id\":\"https:\\\/\\\/jornaldasoficinas.com\\\/pt\\\/venda-de-veiculos-eletricos-duplica-em-2023\\\/\",\"url\":\"https:\\\/\\\/jornaldasoficinas.com\\\/pt\\\/venda-de-veiculos-eletricos-duplica-em-2023\\\/\",\"name\":\"Venda de Ve\u00edculos El\u00e9tricos duplica em 2023 - Jornal das Oficinas\",\"isPartOf\":{\"@id\":\"https:\\\/\\\/jornaldasoficinas.com\\\/pt\\\/#website\"},\"primaryImageOfPage\":{\"@id\":\"https:\\\/\\\/jornaldasoficinas.com\\\/pt\\\/venda-de-veiculos-eletricos-duplica-em-2023\\\/#primaryimage\"},\"image\":{\"@id\":\"https:\\\/\\\/jornaldasoficinas.com\\\/pt\\\/venda-de-veiculos-eletricos-duplica-em-2023\\\/#primaryimage\"},\"thumbnailUrl\":\"https:\\\/\\\/jornaldasoficinas.com\\\/pt\\\/wp-content\\\/uploads\\\/2024\\\/01\\\/Venda-de-Veiculos-Eletricos-duplica-em-2023-2.png\",\"datePublished\":\"2024-01-09T08:00:05+00:00\",\"description\":\"O crescimento mundial das vendas de VEs aumentou significativamente em 2023, confirmando que a eletrifica\u00e7\u00e3o \u00e9 uma megatend\u00eancia\",\"breadcrumb\":{\"@id\":\"https:\\\/\\\/jornaldasoficinas.com\\\/pt\\\/venda-de-veiculos-eletricos-duplica-em-2023\\\/#breadcrumb\"},\"inLanguage\":\"pt-PT\",\"potentialAction\":[{\"@type\":\"ReadAction\",\"target\":[\"https:\\\/\\\/jornaldasoficinas.com\\\/pt\\\/venda-de-veiculos-eletricos-duplica-em-2023\\\/\"]}]},{\"@type\":\"ImageObject\",\"inLanguage\":\"pt-PT\",\"@id\":\"https:\\\/\\\/jornaldasoficinas.com\\\/pt\\\/venda-de-veiculos-eletricos-duplica-em-2023\\\/#primaryimage\",\"url\":\"https:\\\/\\\/jornaldasoficinas.com\\\/pt\\\/wp-content\\\/uploads\\\/2024\\\/01\\\/Venda-de-Veiculos-Eletricos-duplica-em-2023-2.png\",\"contentUrl\":\"https:\\\/\\\/jornaldasoficinas.com\\\/pt\\\/wp-content\\\/uploads\\\/2024\\\/01\\\/Venda-de-Veiculos-Eletricos-duplica-em-2023-2.png\",\"width\":1024,\"height\":581,\"caption\":\"01 - Venda de Veiculos Eletricos duplica em 2023 2\"},{\"@type\":\"BreadcrumbList\",\"@id\":\"https:\\\/\\\/jornaldasoficinas.com\\\/pt\\\/venda-de-veiculos-eletricos-duplica-em-2023\\\/#breadcrumb\",\"itemListElement\":[{\"@type\":\"ListItem\",\"position\":1,\"name\":\"In\u00edcio\",\"item\":\"https:\\\/\\\/jornaldasoficinas.com\\\/pt\\\/\"},{\"@type\":\"ListItem\",\"position\":2,\"name\":\"Venda de Ve\u00edculos El\u00e9tricos duplica em 2023\"}]},{\"@type\":\"WebSite\",\"@id\":\"https:\\\/\\\/jornaldasoficinas.com\\\/pt\\\/#website\",\"url\":\"https:\\\/\\\/jornaldasoficinas.com\\\/pt\\\/\",\"name\":\"Jornal das Oficinas\",\"description\":\"Jornal independente do Aftermarket Autom\u00f3vel em Portugal\",\"publisher\":{\"@id\":\"https:\\\/\\\/jornaldasoficinas.com\\\/pt\\\/#organization\"},\"potentialAction\":[{\"@type\":\"SearchAction\",\"target\":{\"@type\":\"EntryPoint\",\"urlTemplate\":\"https:\\\/\\\/jornaldasoficinas.com\\\/pt\\\/?s={search_term_string}\"},\"query-input\":{\"@type\":\"PropertyValueSpecification\",\"valueRequired\":true,\"valueName\":\"search_term_string\"}}],\"inLanguage\":\"pt-PT\"},{\"@type\":\"Organization\",\"@id\":\"https:\\\/\\\/jornaldasoficinas.com\\\/pt\\\/#organization\",\"name\":\"Jornal das Oficinas\",\"url\":\"https:\\\/\\\/jornaldasoficinas.com\\\/pt\\\/\",\"logo\":{\"@type\":\"ImageObject\",\"inLanguage\":\"pt-PT\",\"@id\":\"https:\\\/\\\/jornaldasoficinas.com\\\/pt\\\/#\\\/schema\\\/logo\\\/image\\\/\",\"url\":\"https:\\\/\\\/jornaldasoficinas.com\\\/pt\\\/wp-content\\\/uploads\\\/logoJO-SEO.png\",\"contentUrl\":\"https:\\\/\\\/jornaldasoficinas.com\\\/pt\\\/wp-content\\\/uploads\\\/logoJO-SEO.png\",\"width\":285,\"height\":450,\"caption\":\"Jornal das Oficinas\"},\"image\":{\"@id\":\"https:\\\/\\\/jornaldasoficinas.com\\\/pt\\\/#\\\/schema\\\/logo\\\/image\\\/\"},\"sameAs\":[\"https:\\\/\\\/www.facebook.com\\\/jornaloficinas\",\"https:\\\/\\\/x.com\\\/jornaloficinas\",\"https:\\\/\\\/www.instagram.com\\\/jornal_oficinas\\\/\",\"https:\\\/\\\/www.linkedin.com\\\/company\\\/jornal-das-oficinas\\\/\",\"https:\\\/\\\/www.youtube.com\\\/channel\\\/UCbQZBqtcvV-oSQrr7RzINGg\"]},{\"@type\":\"Person\",\"@id\":\"https:\\\/\\\/jornaldasoficinas.com\\\/pt\\\/#\\\/schema\\\/person\\\/a38eef5de2c41d9e7c9ac10141afddf3\",\"name\":\"Reda\u00e7\u00e3o JO\",\"image\":{\"@type\":\"ImageObject\",\"inLanguage\":\"pt-PT\",\"@id\":\"https:\\\/\\\/secure.gravatar.com\\\/avatar\\\/71f2fa71737ad68a84fea94bc708ddac8ea5b0c4788dc2ad202f3ccb2887742f?s=96&d=wp_user_avatar&r=g\",\"url\":\"https:\\\/\\\/secure.gravatar.com\\\/avatar\\\/71f2fa71737ad68a84fea94bc708ddac8ea5b0c4788dc2ad202f3ccb2887742f?s=96&d=wp_user_avatar&r=g\",\"contentUrl\":\"https:\\\/\\\/secure.gravatar.com\\\/avatar\\\/71f2fa71737ad68a84fea94bc708ddac8ea5b0c4788dc2ad202f3ccb2887742f?s=96&d=wp_user_avatar&r=g\",\"caption\":\"Reda\u00e7\u00e3o JO\"},\"url\":\"https:\\\/\\\/jornaldasoficinas.com\\\/pt\\\/author\\\/joredacao\\\/\"}]}<\/script>\n<!-- \/ Yoast SEO plugin. -->","yoast_head_json":{"title":"Venda de Ve\u00edculos El\u00e9tricos duplica em 2023 - Jornal das Oficinas","description":"O crescimento mundial das vendas de VEs aumentou significativamente em 2023, confirmando que a eletrifica\u00e7\u00e3o \u00e9 uma megatend\u00eancia","robots":{"index":"index","follow":"follow","max-snippet":"max-snippet:-1","max-image-preview":"max-image-preview:large","max-video-preview":"max-video-preview:-1"},"canonical":"https:\/\/jornaldasoficinas.com\/pt\/venda-de-veiculos-eletricos-duplica-em-2023\/","og_locale":"pt_PT","og_type":"article","og_title":"Venda de Ve\u00edculos El\u00e9tricos duplica em 2023 - Jornal das Oficinas","og_description":"O crescimento mundial das vendas de VEs aumentou significativamente em 2023, confirmando que a eletrifica\u00e7\u00e3o \u00e9 uma megatend\u00eancia","og_url":"https:\/\/jornaldasoficinas.com\/pt\/venda-de-veiculos-eletricos-duplica-em-2023\/","og_site_name":"Jornal das Oficinas","article_publisher":"https:\/\/www.facebook.com\/jornaloficinas","article_published_time":"2024-01-09T08:00:05+00:00","og_image":[{"width":1024,"height":581,"url":"https:\/\/jornaldasoficinas.com\/pt\/wp-content\/uploads\/2024\/01\/Venda-de-Veiculos-Eletricos-duplica-em-2023-2.png","type":"image\/png"}],"author":"Reda\u00e7\u00e3o JO","twitter_card":"summary_large_image","twitter_creator":"@jornaloficinas","twitter_site":"@jornaloficinas","twitter_misc":{"Escrito por":"Reda\u00e7\u00e3o JO","Tempo estimado de leitura":"4 minutos"},"schema":{"@context":"https:\/\/schema.org","@graph":[{"@type":"Article","@id":"https:\/\/jornaldasoficinas.com\/pt\/venda-de-veiculos-eletricos-duplica-em-2023\/#article","isPartOf":{"@id":"https:\/\/jornaldasoficinas.com\/pt\/venda-de-veiculos-eletricos-duplica-em-2023\/"},"author":{"name":"Reda\u00e7\u00e3o JO","@id":"https:\/\/jornaldasoficinas.com\/pt\/#\/schema\/person\/a38eef5de2c41d9e7c9ac10141afddf3"},"headline":"Venda de Ve\u00edculos El\u00e9tricos duplica em 2023","datePublished":"2024-01-09T08:00:05+00:00","mainEntityOfPage":{"@id":"https:\/\/jornaldasoficinas.com\/pt\/venda-de-veiculos-eletricos-duplica-em-2023\/"},"wordCount":640,"publisher":{"@id":"https:\/\/jornaldasoficinas.com\/pt\/#organization"},"image":{"@id":"https:\/\/jornaldasoficinas.com\/pt\/venda-de-veiculos-eletricos-duplica-em-2023\/#primaryimage"},"thumbnailUrl":"https:\/\/jornaldasoficinas.com\/pt\/wp-content\/uploads\/2024\/01\/Venda-de-Veiculos-Eletricos-duplica-em-2023-2.png","keywords":["ALD Automotive","LeasePlan","Mobility Guide","Ve\u00edculos el\u00e9tricos","Venda de VEs"],"articleSection":["Mercado"],"inLanguage":"pt-PT"},{"@type":"WebPage","@id":"https:\/\/jornaldasoficinas.com\/pt\/venda-de-veiculos-eletricos-duplica-em-2023\/","url":"https:\/\/jornaldasoficinas.com\/pt\/venda-de-veiculos-eletricos-duplica-em-2023\/","name":"Venda de Ve\u00edculos El\u00e9tricos duplica em 2023 - Jornal das Oficinas","isPartOf":{"@id":"https:\/\/jornaldasoficinas.com\/pt\/#website"},"primaryImageOfPage":{"@id":"https:\/\/jornaldasoficinas.com\/pt\/venda-de-veiculos-eletricos-duplica-em-2023\/#primaryimage"},"image":{"@id":"https:\/\/jornaldasoficinas.com\/pt\/venda-de-veiculos-eletricos-duplica-em-2023\/#primaryimage"},"thumbnailUrl":"https:\/\/jornaldasoficinas.com\/pt\/wp-content\/uploads\/2024\/01\/Venda-de-Veiculos-Eletricos-duplica-em-2023-2.png","datePublished":"2024-01-09T08:00:05+00:00","description":"O crescimento mundial das vendas de VEs aumentou significativamente em 2023, confirmando que a eletrifica\u00e7\u00e3o \u00e9 uma megatend\u00eancia","breadcrumb":{"@id":"https:\/\/jornaldasoficinas.com\/pt\/venda-de-veiculos-eletricos-duplica-em-2023\/#breadcrumb"},"inLanguage":"pt-PT","potentialAction":[{"@type":"ReadAction","target":["https:\/\/jornaldasoficinas.com\/pt\/venda-de-veiculos-eletricos-duplica-em-2023\/"]}]},{"@type":"ImageObject","inLanguage":"pt-PT","@id":"https:\/\/jornaldasoficinas.com\/pt\/venda-de-veiculos-eletricos-duplica-em-2023\/#primaryimage","url":"https:\/\/jornaldasoficinas.com\/pt\/wp-content\/uploads\/2024\/01\/Venda-de-Veiculos-Eletricos-duplica-em-2023-2.png","contentUrl":"https:\/\/jornaldasoficinas.com\/pt\/wp-content\/uploads\/2024\/01\/Venda-de-Veiculos-Eletricos-duplica-em-2023-2.png","width":1024,"height":581,"caption":"01 - Venda de Veiculos Eletricos duplica em 2023 2"},{"@type":"BreadcrumbList","@id":"https:\/\/jornaldasoficinas.com\/pt\/venda-de-veiculos-eletricos-duplica-em-2023\/#breadcrumb","itemListElement":[{"@type":"ListItem","position":1,"name":"In\u00edcio","item":"https:\/\/jornaldasoficinas.com\/pt\/"},{"@type":"ListItem","position":2,"name":"Venda de Ve\u00edculos El\u00e9tricos duplica em 2023"}]},{"@type":"WebSite","@id":"https:\/\/jornaldasoficinas.com\/pt\/#website","url":"https:\/\/jornaldasoficinas.com\/pt\/","name":"Jornal das Oficinas","description":"Jornal independente do Aftermarket Autom\u00f3vel em Portugal","publisher":{"@id":"https:\/\/jornaldasoficinas.com\/pt\/#organization"},"potentialAction":[{"@type":"SearchAction","target":{"@type":"EntryPoint","urlTemplate":"https:\/\/jornaldasoficinas.com\/pt\/?s={search_term_string}"},"query-input":{"@type":"PropertyValueSpecification","valueRequired":true,"valueName":"search_term_string"}}],"inLanguage":"pt-PT"},{"@type":"Organization","@id":"https:\/\/jornaldasoficinas.com\/pt\/#organization","name":"Jornal das Oficinas","url":"https:\/\/jornaldasoficinas.com\/pt\/","logo":{"@type":"ImageObject","inLanguage":"pt-PT","@id":"https:\/\/jornaldasoficinas.com\/pt\/#\/schema\/logo\/image\/","url":"https:\/\/jornaldasoficinas.com\/pt\/wp-content\/uploads\/logoJO-SEO.png","contentUrl":"https:\/\/jornaldasoficinas.com\/pt\/wp-content\/uploads\/logoJO-SEO.png","width":285,"height":450,"caption":"Jornal das Oficinas"},"image":{"@id":"https:\/\/jornaldasoficinas.com\/pt\/#\/schema\/logo\/image\/"},"sameAs":["https:\/\/www.facebook.com\/jornaloficinas","https:\/\/x.com\/jornaloficinas","https:\/\/www.instagram.com\/jornal_oficinas\/","https:\/\/www.linkedin.com\/company\/jornal-das-oficinas\/","https:\/\/www.youtube.com\/channel\/UCbQZBqtcvV-oSQrr7RzINGg"]},{"@type":"Person","@id":"https:\/\/jornaldasoficinas.com\/pt\/#\/schema\/person\/a38eef5de2c41d9e7c9ac10141afddf3","name":"Reda\u00e7\u00e3o JO","image":{"@type":"ImageObject","inLanguage":"pt-PT","@id":"https:\/\/secure.gravatar.com\/avatar\/71f2fa71737ad68a84fea94bc708ddac8ea5b0c4788dc2ad202f3ccb2887742f?s=96&d=wp_user_avatar&r=g","url":"https:\/\/secure.gravatar.com\/avatar\/71f2fa71737ad68a84fea94bc708ddac8ea5b0c4788dc2ad202f3ccb2887742f?s=96&d=wp_user_avatar&r=g","contentUrl":"https:\/\/secure.gravatar.com\/avatar\/71f2fa71737ad68a84fea94bc708ddac8ea5b0c4788dc2ad202f3ccb2887742f?s=96&d=wp_user_avatar&r=g","caption":"Reda\u00e7\u00e3o JO"},"url":"https:\/\/jornaldasoficinas.com\/pt\/author\/joredacao\/"}]}},"_links":{"self":[{"href":"https:\/\/jornaldasoficinas.com\/pt\/wp-json\/wp\/v2\/posts\/76692","targetHints":{"allow":["GET"]}}],"collection":[{"href":"https:\/\/jornaldasoficinas.com\/pt\/wp-json\/wp\/v2\/posts"}],"about":[{"href":"https:\/\/jornaldasoficinas.com\/pt\/wp-json\/wp\/v2\/types\/post"}],"author":[{"embeddable":true,"href":"https:\/\/jornaldasoficinas.com\/pt\/wp-json\/wp\/v2\/users\/15"}],"replies":[{"embeddable":true,"href":"https:\/\/jornaldasoficinas.com\/pt\/wp-json\/wp\/v2\/comments?post=76692"}],"version-history":[{"count":0,"href":"https:\/\/jornaldasoficinas.com\/pt\/wp-json\/wp\/v2\/posts\/76692\/revisions"}],"wp:featuredmedia":[{"embeddable":true,"href":"https:\/\/jornaldasoficinas.com\/pt\/wp-json\/wp\/v2\/media\/76592"}],"wp:attachment":[{"href":"https:\/\/jornaldasoficinas.com\/pt\/wp-json\/wp\/v2\/media?parent=76692"}],"wp:term":[{"taxonomy":"category","embeddable":true,"href":"https:\/\/jornaldasoficinas.com\/pt\/wp-json\/wp\/v2\/categories?post=76692"},{"taxonomy":"post_tag","embeddable":true,"href":"https:\/\/jornaldasoficinas.com\/pt\/wp-json\/wp\/v2\/tags?post=76692"}],"curies":[{"name":"wp","href":"https:\/\/api.w.org\/{rel}","templated":true}]}}