{"id":76880,"date":"2024-01-13T18:00:51","date_gmt":"2024-01-13T18:00:51","guid":{"rendered":"https:\/\/jornaldasoficinas.com\/pt\/?p=76880"},"modified":"2024-01-12T20:17:05","modified_gmt":"2024-01-12T20:17:05","slug":"somos-um-fornecedor-do-futuro-ismael-carmena-hella","status":"publish","type":"post","link":"https:\/\/jornaldasoficinas.com\/pt\/somos-um-fornecedor-do-futuro-ismael-carmena-hella\/","title":{"rendered":"\u201cSomos um fornecedor do futuro\u201d, Ismael Carmena, HELLA"},"content":{"rendered":"<p><img loading=\"lazy\" decoding=\"async\" class=\"alignnone size-full wp-image-76934\" src=\"https:\/\/jornaldasoficinas.com\/pt\/wp-content\/uploads\/2024\/01\/ismael_carmena.jpg\" alt=\"01 - ismael_carmena\" width=\"1024\" height=\"581\" srcset=\"https:\/\/jornaldasoficinas.com\/pt\/wp-content\/uploads\/2024\/01\/ismael_carmena.jpg 1024w, https:\/\/jornaldasoficinas.com\/pt\/wp-content\/uploads\/2024\/01\/ismael_carmena-300x170.jpg 300w, https:\/\/jornaldasoficinas.com\/pt\/wp-content\/uploads\/2024\/01\/ismael_carmena-150x85.jpg 150w, https:\/\/jornaldasoficinas.com\/pt\/wp-content\/uploads\/2024\/01\/ismael_carmena-768x436.jpg 768w\" sizes=\"auto, (max-width: 1024px) 100vw, 1024px\" \/><\/p>\n<p><strong>\u00c0 frente da <a href=\"https:\/\/www.hella.com\/hella-pt\/index.html\" target=\"_blank\" rel=\"noopener\">Hella<\/a> Iberia desde 2006, Ismael Carmena, falou ao Jornal das Oficinas sobre o 60\u00ba anivers\u00e1rio da empresa, numa altura em que a companhia tem grandes perspetivas para o futuro. Estivemos \u00e0 conversa, sobre a cria\u00e7\u00e3o do <a href=\"https:\/\/www.forvia.com\/\" target=\"_blank\" rel=\"noopener\">Grupo Forvia<\/a>, resultado da fus\u00e3o com a Hella com a <a href=\"https:\/\/www.faurecia.com\/en\" target=\"_blank\" rel=\"noopener\">Faurecia<\/a>, e ainda sobre os v\u00e1rios projetos que a empresa pretende p\u00f4r em pr\u00e1tica nos pr\u00f3ximos anos <\/strong><strong>\u00a0<\/strong><\/p>\n<p>A HELLA Iberia comemorou em 2023 seis d\u00e9cadas de exist\u00eancia, com um crescimento exponencial, como recorda o atual Diretor Geral e Vice-Presidente do IAM para a Am\u00e9rica e o Sul da Europa, Ismael Carmena: \u201cO balan\u00e7o destes 60 anos \u00e9 muito interessante e desenvolveu-se em tr\u00eas fases. Primeiro, de 63 a 82, quando est\u00e1vamos num pequeno escrit\u00f3rio. Depois mud\u00e1mo-nos para Barajas, para instala\u00e7\u00f5es um pouco maiores. Nesta fase, entr\u00e1mos num mercado muito vasto, no qual trabalh\u00e1vamos sobretudo com produtos de ilumina\u00e7\u00e3o\u201d, explicou.<\/p>\n<p>Na segunda fase, a partir de 1983, Luis Carmena Mart\u00ednez, pai de Ismael, assumiu as r\u00e9deas e levou a empresa a um n\u00edvel muito elevado, dando muita visibilidade \u00e0 marca Hella atrav\u00e9s de in\u00fameras a\u00e7\u00f5es. Este foi claramente o per\u00edodo de maior expans\u00e3o da empresa, com uma fatura\u00e7\u00e3o seis vezes superior e a cria\u00e7\u00e3o de sucursais e armaz\u00e9ns, conceitos Hella, com a entrada em novos mercados como a pintura, a mec\u00e2nica e os acess\u00f3rios. A terceira etapa come\u00e7ou em janeiro de 2006, com Ismael Carmena, que j\u00e1 trabalhava para o grupo na Alemanha e em It\u00e1lia, a assumir a dire\u00e7\u00e3o da HELLA SA em Espanha e, mais tarde, em Portugal Ib\u00e9ria, ap\u00f3s a morte do seu pai, cujo trabalho, sublinha, \u201cfoi extraordin\u00e1rio e deixa-me com muita responsabilidade\u201d.<\/p>\n<p>Atualmente, ap\u00f3s 17 anos como diretor-geral da empresa, \u00e9 tamb\u00e9m vice-presidente do IAM do grupo para a Am\u00e9ricas e a Europa do Sul h\u00e1 cinco anos.<\/p>\n<p>Orgulha-se do facto de, sessenta anos depois, a HELLA Iberia ser uma \u201cgrande multinacional com um esp\u00edrito muito pessoal e humano\u201d e garante que, do ponto de vista da gest\u00e3o, est\u00e3o \u201cfocados em trabalhar com o m\u00e1ximo rigor, respeito e profissionalismo, para satisfazer tanto os clientes como os nossos colegas e funcion\u00e1rios\u201d. Ismael Carmena recorda os tempos dif\u00edceis da crise de 2011 no mercado espanhol, que se prolongou at\u00e9 2013, e destaca o desinvestimento na \u00e1rea da gest\u00e3o t\u00e9rmica e da climatiza\u00e7\u00e3o anos mais tarde (Behr Hella Service), \u201co que nos levou a racionalizar o nosso neg\u00f3cio e a centraliz\u00e1-lo mais diretamente em produtos de alta tecnologia, como a ilumina\u00e7\u00e3o, a eletr\u00f3nica, o diagn\u00f3stico e a calibra\u00e7\u00e3o de ve\u00edculos\u201d. No \u00e2mbito do novo projeto denominado FOCUS, encerr\u00e1mos armaz\u00e9ns perif\u00e9ricos, que j\u00e1 n\u00e3o faziam muito sentido, racionaliz\u00e1mos a nossa gama de produtos e concentr\u00e1mo-nos na atividade principal da empresa. Fizemos a mudan\u00e7a estrat\u00e9gica correta\u201d, afirmou. O balan\u00e7o destes sessenta anos \u00e9 \u201cmuito positivo\u201d e a empresa mant\u00e9m-se \u201ccentrada no cliente\u201d. Na sua opini\u00e3o, faz diferen\u00e7a que todos os funcion\u00e1rios, antes de fazerem qualquer coisa, se perguntem \u201ccomo o fariam se esta fosse a sua empresa\u201d.<\/p>\n<p>Inicialmente centrada em produtos de ilumina\u00e7\u00e3o, a empresa manteve \u201cuma cultura forte, que tornou a HELLA muito especial e as pessoas aqui est\u00e3o muito pr\u00f3ximas da empresa\u201d, afirma. \u201cTivemos a sorte de ter uma equipa muito forte e, nos \u00faltimos dez anos, a trajet\u00f3ria tem sido muito positiva do ponto de vista das vendas.<\/p>\n<p>Ismael Carmena acredita que o futuro do autom\u00f3vel est\u00e1 na digitaliza\u00e7\u00e3o e na eletrifica\u00e7\u00e3o dos ve\u00edculos e diz que a HELLA e o Grupo Forvia \u201cest\u00e3o a investir fortemente nestas duas \u00e1reas. As mudan\u00e7as que se avizinham na parte t\u00e9cnica do ve\u00edculo j\u00e1 s\u00e3o uma realidade e estamos a investir muito no carro el\u00e9trico, na eletr\u00f3nica do ve\u00edculo, no diagn\u00f3stico e calibra\u00e7\u00e3o, bem como em todos os componentes que t\u00eam um elevado valor acrescentado, como a ilumina\u00e7\u00e3o combinada com a eletr\u00f3nica\u201d.<\/p>\n<p>Com esta mudan\u00e7a no parque autom\u00f3vel, as repara\u00e7\u00f5es destes componentes el\u00e9tricos e eletr\u00f3nicos v\u00e3o ser necess\u00e1rias nos pr\u00f3ximos anos e Carmena acredita que, por isso, \u201cvai haver uma s\u00e9rie de fabricantes de componentes que v\u00e3o ter essa tecnologia e essa gama de produtos. Investimos muito no equipamento original e no aftermarket, pass\u00e1mos de 300\/400 refer\u00eancias eletr\u00f3nicas para 4.000\/5.000. Estamos envolvidos em muitos projetos de equipamento original em que a eletr\u00f3nica desempenha um papel fundamental. Isto significa que, nos pr\u00f3ximos anos, tamb\u00e9m teremos estes produtos no mercado p\u00f3s-venda\u201d, explicou.<\/p>\n<p>Aceda ao artigo completo, na edi\u00e7\u00e3o impressa do Jornal das Oficinas, de\u00a0 dezembro\/janeiro <a href=\"https:\/\/www.yumpu.com\/pt\/document\/read\/68584442\/jornal-das-oficinas-214\/30\" target=\"_blank\" rel=\"noopener\">aqui<\/a>.<\/p>\n<p>&nbsp;<\/p>\n","protected":false},"excerpt":{"rendered":"<p>\u00c0 frente da Hella Iberia desde&#8230;<\/p>\n","protected":false},"author":15,"featured_media":76934,"comment_status":"closed","ping_status":"closed","sticky":false,"template":"","format":"standard","meta":{"footnotes":""},"categories":[38],"tags":[7086,5389,7084,938,7009,7085],"class_list":["post-76880","post","type-post","status-publish","format-standard","has-post-thumbnail","hentry","category-entrevistas","tag-60o-aniversario","tag-faurecia","tag-grupo-forvia","tag-hella","tag-hella-iberia","tag-ismael-carmena"],"yoast_head":"<!-- This site is optimized with the Yoast SEO plugin v27.5 - https:\/\/yoast.com\/product\/yoast-seo-wordpress\/ -->\n<title>\u201cSomos um fornecedor do futuro\u201d, Ismael Carmena, HELLA - Jornal das Oficinas<\/title>\n<meta name=\"description\" content=\"\u00c0 frente da Hella Iberia desde 2006, Ismael Carmena, falou ao Jornal das Oficinas sobre o 60\u00ba anivers\u00e1rio da empresa\" \/>\n<meta name=\"robots\" content=\"index, follow, max-snippet:-1, max-image-preview:large, max-video-preview:-1\" \/>\n<link rel=\"canonical\" href=\"https:\/\/jornaldasoficinas.com\/pt\/somos-um-fornecedor-do-futuro-ismael-carmena-hella\/\" \/>\n<meta property=\"og:locale\" content=\"pt_PT\" \/>\n<meta property=\"og:type\" content=\"article\" \/>\n<meta property=\"og:title\" content=\"\u201cSomos um fornecedor do futuro\u201d, Ismael Carmena, HELLA - Jornal das Oficinas\" \/>\n<meta property=\"og:description\" content=\"\u00c0 frente da Hella Iberia desde 2006, Ismael Carmena, falou ao Jornal das Oficinas sobre o 60\u00ba anivers\u00e1rio da empresa\" \/>\n<meta property=\"og:url\" content=\"https:\/\/jornaldasoficinas.com\/pt\/somos-um-fornecedor-do-futuro-ismael-carmena-hella\/\" \/>\n<meta property=\"og:site_name\" content=\"Jornal das Oficinas\" \/>\n<meta property=\"article:publisher\" content=\"https:\/\/www.facebook.com\/jornaloficinas\" \/>\n<meta property=\"article:published_time\" content=\"2024-01-13T18:00:51+00:00\" \/>\n<meta property=\"og:image\" content=\"https:\/\/jornaldasoficinas.com\/pt\/wp-content\/uploads\/2024\/01\/ismael_carmena.jpg\" \/>\n\t<meta property=\"og:image:width\" content=\"1024\" \/>\n\t<meta property=\"og:image:height\" content=\"581\" \/>\n\t<meta property=\"og:image:type\" content=\"image\/jpeg\" \/>\n<meta name=\"author\" content=\"Reda\u00e7\u00e3o JO\" \/>\n<meta name=\"twitter:card\" content=\"summary_large_image\" \/>\n<meta name=\"twitter:creator\" content=\"@jornaloficinas\" \/>\n<meta name=\"twitter:site\" content=\"@jornaloficinas\" \/>\n<meta name=\"twitter:label1\" content=\"Escrito por\" \/>\n\t<meta name=\"twitter:data1\" content=\"Reda\u00e7\u00e3o JO\" \/>\n\t<meta name=\"twitter:label2\" content=\"Tempo estimado de leitura\" \/>\n\t<meta name=\"twitter:data2\" content=\"5 minutos\" \/>\n<script type=\"application\/ld+json\" class=\"yoast-schema-graph\">{\"@context\":\"https:\\\/\\\/schema.org\",\"@graph\":[{\"@type\":\"Article\",\"@id\":\"https:\\\/\\\/jornaldasoficinas.com\\\/pt\\\/somos-um-fornecedor-do-futuro-ismael-carmena-hella\\\/#article\",\"isPartOf\":{\"@id\":\"https:\\\/\\\/jornaldasoficinas.com\\\/pt\\\/somos-um-fornecedor-do-futuro-ismael-carmena-hella\\\/\"},\"author\":{\"name\":\"Reda\u00e7\u00e3o JO\",\"@id\":\"https:\\\/\\\/jornaldasoficinas.com\\\/pt\\\/#\\\/schema\\\/person\\\/a38eef5de2c41d9e7c9ac10141afddf3\"},\"headline\":\"\u201cSomos um fornecedor do futuro\u201d, Ismael Carmena, HELLA\",\"datePublished\":\"2024-01-13T18:00:51+00:00\",\"mainEntityOfPage\":{\"@id\":\"https:\\\/\\\/jornaldasoficinas.com\\\/pt\\\/somos-um-fornecedor-do-futuro-ismael-carmena-hella\\\/\"},\"wordCount\":832,\"publisher\":{\"@id\":\"https:\\\/\\\/jornaldasoficinas.com\\\/pt\\\/#organization\"},\"image\":{\"@id\":\"https:\\\/\\\/jornaldasoficinas.com\\\/pt\\\/somos-um-fornecedor-do-futuro-ismael-carmena-hella\\\/#primaryimage\"},\"thumbnailUrl\":\"https:\\\/\\\/jornaldasoficinas.com\\\/pt\\\/wp-content\\\/uploads\\\/2024\\\/01\\\/ismael_carmena.jpg\",\"keywords\":[\"60\u00ba anivers\u00e1rio\",\"Faurecia\",\"Grupo Forvia\",\"Hella\",\"HELLA Iberia\",\"Ismael Carmena\"],\"articleSection\":[\"Entrevistas\"],\"inLanguage\":\"pt-PT\"},{\"@type\":\"WebPage\",\"@id\":\"https:\\\/\\\/jornaldasoficinas.com\\\/pt\\\/somos-um-fornecedor-do-futuro-ismael-carmena-hella\\\/\",\"url\":\"https:\\\/\\\/jornaldasoficinas.com\\\/pt\\\/somos-um-fornecedor-do-futuro-ismael-carmena-hella\\\/\",\"name\":\"\u201cSomos um fornecedor do futuro\u201d, Ismael Carmena, HELLA - Jornal das Oficinas\",\"isPartOf\":{\"@id\":\"https:\\\/\\\/jornaldasoficinas.com\\\/pt\\\/#website\"},\"primaryImageOfPage\":{\"@id\":\"https:\\\/\\\/jornaldasoficinas.com\\\/pt\\\/somos-um-fornecedor-do-futuro-ismael-carmena-hella\\\/#primaryimage\"},\"image\":{\"@id\":\"https:\\\/\\\/jornaldasoficinas.com\\\/pt\\\/somos-um-fornecedor-do-futuro-ismael-carmena-hella\\\/#primaryimage\"},\"thumbnailUrl\":\"https:\\\/\\\/jornaldasoficinas.com\\\/pt\\\/wp-content\\\/uploads\\\/2024\\\/01\\\/ismael_carmena.jpg\",\"datePublished\":\"2024-01-13T18:00:51+00:00\",\"description\":\"\u00c0 frente da Hella Iberia desde 2006, Ismael Carmena, falou ao Jornal das Oficinas sobre o 60\u00ba anivers\u00e1rio da empresa\",\"breadcrumb\":{\"@id\":\"https:\\\/\\\/jornaldasoficinas.com\\\/pt\\\/somos-um-fornecedor-do-futuro-ismael-carmena-hella\\\/#breadcrumb\"},\"inLanguage\":\"pt-PT\",\"potentialAction\":[{\"@type\":\"ReadAction\",\"target\":[\"https:\\\/\\\/jornaldasoficinas.com\\\/pt\\\/somos-um-fornecedor-do-futuro-ismael-carmena-hella\\\/\"]}]},{\"@type\":\"ImageObject\",\"inLanguage\":\"pt-PT\",\"@id\":\"https:\\\/\\\/jornaldasoficinas.com\\\/pt\\\/somos-um-fornecedor-do-futuro-ismael-carmena-hella\\\/#primaryimage\",\"url\":\"https:\\\/\\\/jornaldasoficinas.com\\\/pt\\\/wp-content\\\/uploads\\\/2024\\\/01\\\/ismael_carmena.jpg\",\"contentUrl\":\"https:\\\/\\\/jornaldasoficinas.com\\\/pt\\\/wp-content\\\/uploads\\\/2024\\\/01\\\/ismael_carmena.jpg\",\"width\":1024,\"height\":581,\"caption\":\"01 - ismael_carmena\"},{\"@type\":\"BreadcrumbList\",\"@id\":\"https:\\\/\\\/jornaldasoficinas.com\\\/pt\\\/somos-um-fornecedor-do-futuro-ismael-carmena-hella\\\/#breadcrumb\",\"itemListElement\":[{\"@type\":\"ListItem\",\"position\":1,\"name\":\"In\u00edcio\",\"item\":\"https:\\\/\\\/jornaldasoficinas.com\\\/pt\\\/\"},{\"@type\":\"ListItem\",\"position\":2,\"name\":\"\u201cSomos um fornecedor do futuro\u201d, Ismael Carmena, HELLA\"}]},{\"@type\":\"WebSite\",\"@id\":\"https:\\\/\\\/jornaldasoficinas.com\\\/pt\\\/#website\",\"url\":\"https:\\\/\\\/jornaldasoficinas.com\\\/pt\\\/\",\"name\":\"Jornal das Oficinas\",\"description\":\"Jornal independente do Aftermarket Autom\u00f3vel em Portugal\",\"publisher\":{\"@id\":\"https:\\\/\\\/jornaldasoficinas.com\\\/pt\\\/#organization\"},\"potentialAction\":[{\"@type\":\"SearchAction\",\"target\":{\"@type\":\"EntryPoint\",\"urlTemplate\":\"https:\\\/\\\/jornaldasoficinas.com\\\/pt\\\/?s={search_term_string}\"},\"query-input\":{\"@type\":\"PropertyValueSpecification\",\"valueRequired\":true,\"valueName\":\"search_term_string\"}}],\"inLanguage\":\"pt-PT\"},{\"@type\":\"Organization\",\"@id\":\"https:\\\/\\\/jornaldasoficinas.com\\\/pt\\\/#organization\",\"name\":\"Jornal das Oficinas\",\"url\":\"https:\\\/\\\/jornaldasoficinas.com\\\/pt\\\/\",\"logo\":{\"@type\":\"ImageObject\",\"inLanguage\":\"pt-PT\",\"@id\":\"https:\\\/\\\/jornaldasoficinas.com\\\/pt\\\/#\\\/schema\\\/logo\\\/image\\\/\",\"url\":\"https:\\\/\\\/jornaldasoficinas.com\\\/pt\\\/wp-content\\\/uploads\\\/logoJO-SEO.png\",\"contentUrl\":\"https:\\\/\\\/jornaldasoficinas.com\\\/pt\\\/wp-content\\\/uploads\\\/logoJO-SEO.png\",\"width\":285,\"height\":450,\"caption\":\"Jornal das Oficinas\"},\"image\":{\"@id\":\"https:\\\/\\\/jornaldasoficinas.com\\\/pt\\\/#\\\/schema\\\/logo\\\/image\\\/\"},\"sameAs\":[\"https:\\\/\\\/www.facebook.com\\\/jornaloficinas\",\"https:\\\/\\\/x.com\\\/jornaloficinas\",\"https:\\\/\\\/www.instagram.com\\\/jornal_oficinas\\\/\",\"https:\\\/\\\/www.linkedin.com\\\/company\\\/jornal-das-oficinas\\\/\",\"https:\\\/\\\/www.youtube.com\\\/channel\\\/UCbQZBqtcvV-oSQrr7RzINGg\"]},{\"@type\":\"Person\",\"@id\":\"https:\\\/\\\/jornaldasoficinas.com\\\/pt\\\/#\\\/schema\\\/person\\\/a38eef5de2c41d9e7c9ac10141afddf3\",\"name\":\"Reda\u00e7\u00e3o JO\",\"image\":{\"@type\":\"ImageObject\",\"inLanguage\":\"pt-PT\",\"@id\":\"https:\\\/\\\/secure.gravatar.com\\\/avatar\\\/71f2fa71737ad68a84fea94bc708ddac8ea5b0c4788dc2ad202f3ccb2887742f?s=96&d=wp_user_avatar&r=g\",\"url\":\"https:\\\/\\\/secure.gravatar.com\\\/avatar\\\/71f2fa71737ad68a84fea94bc708ddac8ea5b0c4788dc2ad202f3ccb2887742f?s=96&d=wp_user_avatar&r=g\",\"contentUrl\":\"https:\\\/\\\/secure.gravatar.com\\\/avatar\\\/71f2fa71737ad68a84fea94bc708ddac8ea5b0c4788dc2ad202f3ccb2887742f?s=96&d=wp_user_avatar&r=g\",\"caption\":\"Reda\u00e7\u00e3o JO\"},\"url\":\"https:\\\/\\\/jornaldasoficinas.com\\\/pt\\\/author\\\/joredacao\\\/\"}]}<\/script>\n<!-- \/ Yoast SEO plugin. -->","yoast_head_json":{"title":"\u201cSomos um fornecedor do futuro\u201d, Ismael Carmena, HELLA - Jornal das Oficinas","description":"\u00c0 frente da Hella Iberia desde 2006, Ismael Carmena, falou ao Jornal das Oficinas sobre o 60\u00ba anivers\u00e1rio da empresa","robots":{"index":"index","follow":"follow","max-snippet":"max-snippet:-1","max-image-preview":"max-image-preview:large","max-video-preview":"max-video-preview:-1"},"canonical":"https:\/\/jornaldasoficinas.com\/pt\/somos-um-fornecedor-do-futuro-ismael-carmena-hella\/","og_locale":"pt_PT","og_type":"article","og_title":"\u201cSomos um fornecedor do futuro\u201d, Ismael Carmena, HELLA - Jornal das Oficinas","og_description":"\u00c0 frente da Hella Iberia desde 2006, Ismael Carmena, falou ao Jornal das Oficinas sobre o 60\u00ba anivers\u00e1rio da empresa","og_url":"https:\/\/jornaldasoficinas.com\/pt\/somos-um-fornecedor-do-futuro-ismael-carmena-hella\/","og_site_name":"Jornal das Oficinas","article_publisher":"https:\/\/www.facebook.com\/jornaloficinas","article_published_time":"2024-01-13T18:00:51+00:00","og_image":[{"width":1024,"height":581,"url":"https:\/\/jornaldasoficinas.com\/pt\/wp-content\/uploads\/2024\/01\/ismael_carmena.jpg","type":"image\/jpeg"}],"author":"Reda\u00e7\u00e3o JO","twitter_card":"summary_large_image","twitter_creator":"@jornaloficinas","twitter_site":"@jornaloficinas","twitter_misc":{"Escrito por":"Reda\u00e7\u00e3o JO","Tempo estimado de leitura":"5 minutos"},"schema":{"@context":"https:\/\/schema.org","@graph":[{"@type":"Article","@id":"https:\/\/jornaldasoficinas.com\/pt\/somos-um-fornecedor-do-futuro-ismael-carmena-hella\/#article","isPartOf":{"@id":"https:\/\/jornaldasoficinas.com\/pt\/somos-um-fornecedor-do-futuro-ismael-carmena-hella\/"},"author":{"name":"Reda\u00e7\u00e3o JO","@id":"https:\/\/jornaldasoficinas.com\/pt\/#\/schema\/person\/a38eef5de2c41d9e7c9ac10141afddf3"},"headline":"\u201cSomos um fornecedor do futuro\u201d, Ismael Carmena, HELLA","datePublished":"2024-01-13T18:00:51+00:00","mainEntityOfPage":{"@id":"https:\/\/jornaldasoficinas.com\/pt\/somos-um-fornecedor-do-futuro-ismael-carmena-hella\/"},"wordCount":832,"publisher":{"@id":"https:\/\/jornaldasoficinas.com\/pt\/#organization"},"image":{"@id":"https:\/\/jornaldasoficinas.com\/pt\/somos-um-fornecedor-do-futuro-ismael-carmena-hella\/#primaryimage"},"thumbnailUrl":"https:\/\/jornaldasoficinas.com\/pt\/wp-content\/uploads\/2024\/01\/ismael_carmena.jpg","keywords":["60\u00ba anivers\u00e1rio","Faurecia","Grupo Forvia","Hella","HELLA Iberia","Ismael Carmena"],"articleSection":["Entrevistas"],"inLanguage":"pt-PT"},{"@type":"WebPage","@id":"https:\/\/jornaldasoficinas.com\/pt\/somos-um-fornecedor-do-futuro-ismael-carmena-hella\/","url":"https:\/\/jornaldasoficinas.com\/pt\/somos-um-fornecedor-do-futuro-ismael-carmena-hella\/","name":"\u201cSomos um fornecedor do futuro\u201d, Ismael Carmena, HELLA - Jornal das Oficinas","isPartOf":{"@id":"https:\/\/jornaldasoficinas.com\/pt\/#website"},"primaryImageOfPage":{"@id":"https:\/\/jornaldasoficinas.com\/pt\/somos-um-fornecedor-do-futuro-ismael-carmena-hella\/#primaryimage"},"image":{"@id":"https:\/\/jornaldasoficinas.com\/pt\/somos-um-fornecedor-do-futuro-ismael-carmena-hella\/#primaryimage"},"thumbnailUrl":"https:\/\/jornaldasoficinas.com\/pt\/wp-content\/uploads\/2024\/01\/ismael_carmena.jpg","datePublished":"2024-01-13T18:00:51+00:00","description":"\u00c0 frente da Hella Iberia desde 2006, Ismael Carmena, falou ao Jornal das Oficinas sobre o 60\u00ba anivers\u00e1rio da empresa","breadcrumb":{"@id":"https:\/\/jornaldasoficinas.com\/pt\/somos-um-fornecedor-do-futuro-ismael-carmena-hella\/#breadcrumb"},"inLanguage":"pt-PT","potentialAction":[{"@type":"ReadAction","target":["https:\/\/jornaldasoficinas.com\/pt\/somos-um-fornecedor-do-futuro-ismael-carmena-hella\/"]}]},{"@type":"ImageObject","inLanguage":"pt-PT","@id":"https:\/\/jornaldasoficinas.com\/pt\/somos-um-fornecedor-do-futuro-ismael-carmena-hella\/#primaryimage","url":"https:\/\/jornaldasoficinas.com\/pt\/wp-content\/uploads\/2024\/01\/ismael_carmena.jpg","contentUrl":"https:\/\/jornaldasoficinas.com\/pt\/wp-content\/uploads\/2024\/01\/ismael_carmena.jpg","width":1024,"height":581,"caption":"01 - ismael_carmena"},{"@type":"BreadcrumbList","@id":"https:\/\/jornaldasoficinas.com\/pt\/somos-um-fornecedor-do-futuro-ismael-carmena-hella\/#breadcrumb","itemListElement":[{"@type":"ListItem","position":1,"name":"In\u00edcio","item":"https:\/\/jornaldasoficinas.com\/pt\/"},{"@type":"ListItem","position":2,"name":"\u201cSomos um fornecedor do futuro\u201d, Ismael Carmena, HELLA"}]},{"@type":"WebSite","@id":"https:\/\/jornaldasoficinas.com\/pt\/#website","url":"https:\/\/jornaldasoficinas.com\/pt\/","name":"Jornal das Oficinas","description":"Jornal independente do Aftermarket Autom\u00f3vel em Portugal","publisher":{"@id":"https:\/\/jornaldasoficinas.com\/pt\/#organization"},"potentialAction":[{"@type":"SearchAction","target":{"@type":"EntryPoint","urlTemplate":"https:\/\/jornaldasoficinas.com\/pt\/?s={search_term_string}"},"query-input":{"@type":"PropertyValueSpecification","valueRequired":true,"valueName":"search_term_string"}}],"inLanguage":"pt-PT"},{"@type":"Organization","@id":"https:\/\/jornaldasoficinas.com\/pt\/#organization","name":"Jornal das Oficinas","url":"https:\/\/jornaldasoficinas.com\/pt\/","logo":{"@type":"ImageObject","inLanguage":"pt-PT","@id":"https:\/\/jornaldasoficinas.com\/pt\/#\/schema\/logo\/image\/","url":"https:\/\/jornaldasoficinas.com\/pt\/wp-content\/uploads\/logoJO-SEO.png","contentUrl":"https:\/\/jornaldasoficinas.com\/pt\/wp-content\/uploads\/logoJO-SEO.png","width":285,"height":450,"caption":"Jornal das Oficinas"},"image":{"@id":"https:\/\/jornaldasoficinas.com\/pt\/#\/schema\/logo\/image\/"},"sameAs":["https:\/\/www.facebook.com\/jornaloficinas","https:\/\/x.com\/jornaloficinas","https:\/\/www.instagram.com\/jornal_oficinas\/","https:\/\/www.linkedin.com\/company\/jornal-das-oficinas\/","https:\/\/www.youtube.com\/channel\/UCbQZBqtcvV-oSQrr7RzINGg"]},{"@type":"Person","@id":"https:\/\/jornaldasoficinas.com\/pt\/#\/schema\/person\/a38eef5de2c41d9e7c9ac10141afddf3","name":"Reda\u00e7\u00e3o JO","image":{"@type":"ImageObject","inLanguage":"pt-PT","@id":"https:\/\/secure.gravatar.com\/avatar\/71f2fa71737ad68a84fea94bc708ddac8ea5b0c4788dc2ad202f3ccb2887742f?s=96&d=wp_user_avatar&r=g","url":"https:\/\/secure.gravatar.com\/avatar\/71f2fa71737ad68a84fea94bc708ddac8ea5b0c4788dc2ad202f3ccb2887742f?s=96&d=wp_user_avatar&r=g","contentUrl":"https:\/\/secure.gravatar.com\/avatar\/71f2fa71737ad68a84fea94bc708ddac8ea5b0c4788dc2ad202f3ccb2887742f?s=96&d=wp_user_avatar&r=g","caption":"Reda\u00e7\u00e3o JO"},"url":"https:\/\/jornaldasoficinas.com\/pt\/author\/joredacao\/"}]}},"_links":{"self":[{"href":"https:\/\/jornaldasoficinas.com\/pt\/wp-json\/wp\/v2\/posts\/76880","targetHints":{"allow":["GET"]}}],"collection":[{"href":"https:\/\/jornaldasoficinas.com\/pt\/wp-json\/wp\/v2\/posts"}],"about":[{"href":"https:\/\/jornaldasoficinas.com\/pt\/wp-json\/wp\/v2\/types\/post"}],"author":[{"embeddable":true,"href":"https:\/\/jornaldasoficinas.com\/pt\/wp-json\/wp\/v2\/users\/15"}],"replies":[{"embeddable":true,"href":"https:\/\/jornaldasoficinas.com\/pt\/wp-json\/wp\/v2\/comments?post=76880"}],"version-history":[{"count":0,"href":"https:\/\/jornaldasoficinas.com\/pt\/wp-json\/wp\/v2\/posts\/76880\/revisions"}],"wp:featuredmedia":[{"embeddable":true,"href":"https:\/\/jornaldasoficinas.com\/pt\/wp-json\/wp\/v2\/media\/76934"}],"wp:attachment":[{"href":"https:\/\/jornaldasoficinas.com\/pt\/wp-json\/wp\/v2\/media?parent=76880"}],"wp:term":[{"taxonomy":"category","embeddable":true,"href":"https:\/\/jornaldasoficinas.com\/pt\/wp-json\/wp\/v2\/categories?post=76880"},{"taxonomy":"post_tag","embeddable":true,"href":"https:\/\/jornaldasoficinas.com\/pt\/wp-json\/wp\/v2\/tags?post=76880"}],"curies":[{"name":"wp","href":"https:\/\/api.w.org\/{rel}","templated":true}]}}