{"id":76882,"date":"2024-01-14T21:00:14","date_gmt":"2024-01-14T21:00:14","guid":{"rendered":"https:\/\/jornaldasoficinas.com\/pt\/?p=76882"},"modified":"2024-01-15T08:27:41","modified_gmt":"2024-01-15T08:27:41","slug":"mercado-aftermarket-contentamento-e-incerteza","status":"publish","type":"post","link":"https:\/\/jornaldasoficinas.com\/pt\/mercado-aftermarket-contentamento-e-incerteza\/","title":{"rendered":"Mercado Aftermarket: Contentamento e Incerteza!"},"content":{"rendered":"<p><img loading=\"lazy\" decoding=\"async\" class=\"alignnone size-full wp-image-76948\" src=\"https:\/\/jornaldasoficinas.com\/pt\/wp-content\/uploads\/2024\/01\/analise_mercado_aftermarket-1.jpg\" alt=\"01 - analise_mercado_aftermarket 1\" width=\"1024\" height=\"581\" srcset=\"https:\/\/jornaldasoficinas.com\/pt\/wp-content\/uploads\/2024\/01\/analise_mercado_aftermarket-1.jpg 1024w, https:\/\/jornaldasoficinas.com\/pt\/wp-content\/uploads\/2024\/01\/analise_mercado_aftermarket-1-300x170.jpg 300w, https:\/\/jornaldasoficinas.com\/pt\/wp-content\/uploads\/2024\/01\/analise_mercado_aftermarket-1-150x85.jpg 150w, https:\/\/jornaldasoficinas.com\/pt\/wp-content\/uploads\/2024\/01\/analise_mercado_aftermarket-1-768x436.jpg 768w\" sizes=\"auto, (max-width: 1024px) 100vw, 1024px\" \/><\/p>\n<p><strong>O desempenho do Mercado Aftermarket Nacional em 2023, no geral, foi bastante positivo. A maioria das empresas, ficou satisfeita com o crescimento das vendas, confirmando o bom momento que o setor atravessa. No entanto, a incerteza continua a ser uma quest\u00e3o atual, e o setor enfrenta um conjunto enorme de desafios que amea\u00e7am revolucionar o modelo de neg\u00f3cio como o conhecemos, desde h\u00e1 d\u00e9cadas<\/strong><\/p>\n<p>A evolu\u00e7\u00e3o galopante nas viaturas, com o tradicional motor de combust\u00e3o a dar lugar ao novo motor el\u00e9trico, as evolu\u00e7\u00f5es t\u00e9cnicas de car\u00e1cter inform\u00e1tico nas viaturas, a gest\u00e3o desses dados e processamento dessa informa\u00e7\u00e3o com confidencialidade e seguran\u00e7a, e de uma forma muito acentuada as fus\u00f5es e aquisi\u00e7\u00f5es, de marcas e grossitas feito por empresas nacionais e internacionais, que procuram posicionar-se num mercado autom\u00f3vel poderoso, s\u00e3o desafios incontorn\u00e1veis que o aftermarket ter\u00e1 de enfrentar e ultrapassar. Outrora, o construtor de autom\u00f3veis tradicional preocupava-se, em especial, com o design do carro, a mec\u00e2nica e os sistemas de seguran\u00e7a ativa e passiva.<\/p>\n<p>Atualmente, os construtores empenham-se, sobretudo, na conectividade com foco no condutor, para que a condu\u00e7\u00e3o seja aliada a uma experi\u00eancia que extravasa o mero ato de conduzir, conectando o condutor ao mundo que o rodeia. As dificuldades surgem posteriormente, pois \u00e9 necess\u00e1rio gerir grandes fluxos de dados inform\u00e1ticos com seguran\u00e7a.<\/p>\n<p>Para as oficinas e o aftermarket em geral, este novo conceito de mobilidade vai trazer novos desafios, sendo necess\u00e1rio as empresas adaptarem-se aos novos modelos de neg\u00f3cio que est\u00e3o a surgir.<\/p>\n<p>Para al\u00e9m dos muitos desafios que as empresas ter\u00e3o de enfrentar, o setor est\u00e1 repleto de oportunidades ao alcance da maioria, com a adapta\u00e7\u00e3o \u00e0s novas tecnologias e cria\u00e7\u00e3o de alian\u00e7as estrat\u00e9gicas, juntamente com a diversifica\u00e7\u00e3o e a sustentabilidade, medidas fundamentais para o sucesso num futuro pr\u00f3ximo.<\/p>\n<p>A transforma\u00e7\u00e3o digital, os custos operacionais, a log\u00edstica mais dif\u00edcil, a venda de ve\u00edculos novos em queda, as novas tend\u00eancias e a concentra\u00e7\u00e3o inevit\u00e1vel s\u00e3o alguns dos muitos desafios que as empresas do setor ter\u00e3o que enfrentar no novo modelo de neg\u00f3cio do p\u00f3s-venda.<\/p>\n<p>Fique a par de cada um deles, detalhadamente, na vers\u00e3o impressa do Jornal das Oficinas de dezembro\/janeiro <a href=\"https:\/\/www.yumpu.com\/pt\/document\/read\/68584442\/jornal-das-oficinas-214\/6\" target=\"_blank\" rel=\"noopener\">aqui<\/a>.<\/p>\n<p>&nbsp;<\/p>\n","protected":false},"excerpt":{"rendered":"<p>O desempenho do Mercado Aftermarket Nacional&#8230;<\/p>\n","protected":false},"author":15,"featured_media":76948,"comment_status":"closed","ping_status":"closed","sticky":false,"template":"","format":"standard","meta":{"footnotes":""},"categories":[37],"tags":[3228,6982,7087],"class_list":["post-76882","post","type-post","status-publish","format-standard","has-post-thumbnail","hentry","category-mercado","tag-3228","tag-aftermarket-nacional","tag-empresas-satisfeitas"],"yoast_head":"<!-- This site is optimized with the Yoast SEO plugin v27.4 - https:\/\/yoast.com\/product\/yoast-seo-wordpress\/ -->\n<title>Mercado Aftermarket: Contentamento e Incerteza! - Jornal das Oficinas<\/title>\n<meta name=\"description\" content=\"O desempenho do Mercado Aftermarket Nacional em 2023, no geral, foi bastante positivo. A maioria das empresas, ficou satisfeita\" \/>\n<meta name=\"robots\" content=\"index, follow, max-snippet:-1, max-image-preview:large, max-video-preview:-1\" \/>\n<link rel=\"canonical\" href=\"https:\/\/jornaldasoficinas.com\/pt\/mercado-aftermarket-contentamento-e-incerteza\/\" \/>\n<meta property=\"og:locale\" content=\"pt_PT\" \/>\n<meta property=\"og:type\" content=\"article\" \/>\n<meta property=\"og:title\" content=\"Mercado Aftermarket: Contentamento e Incerteza! - Jornal das Oficinas\" \/>\n<meta property=\"og:description\" content=\"O desempenho do Mercado Aftermarket Nacional em 2023, no geral, foi bastante positivo. A maioria das empresas, ficou satisfeita\" \/>\n<meta property=\"og:url\" content=\"https:\/\/jornaldasoficinas.com\/pt\/mercado-aftermarket-contentamento-e-incerteza\/\" \/>\n<meta property=\"og:site_name\" content=\"Jornal das Oficinas\" \/>\n<meta property=\"article:publisher\" content=\"https:\/\/www.facebook.com\/jornaloficinas\" \/>\n<meta property=\"article:published_time\" content=\"2024-01-14T21:00:14+00:00\" \/>\n<meta property=\"article:modified_time\" content=\"2024-01-15T08:27:41+00:00\" \/>\n<meta property=\"og:image\" content=\"https:\/\/jornaldasoficinas.com\/pt\/wp-content\/uploads\/2024\/01\/analise_mercado_aftermarket-1.jpg\" \/>\n\t<meta property=\"og:image:width\" content=\"1024\" \/>\n\t<meta property=\"og:image:height\" content=\"581\" \/>\n\t<meta property=\"og:image:type\" content=\"image\/jpeg\" \/>\n<meta name=\"author\" content=\"Reda\u00e7\u00e3o JO\" \/>\n<meta name=\"twitter:card\" content=\"summary_large_image\" \/>\n<meta name=\"twitter:creator\" content=\"@jornaloficinas\" \/>\n<meta name=\"twitter:site\" content=\"@jornaloficinas\" \/>\n<meta name=\"twitter:label1\" content=\"Escrito por\" \/>\n\t<meta name=\"twitter:data1\" content=\"Reda\u00e7\u00e3o JO\" \/>\n\t<meta name=\"twitter:label2\" content=\"Tempo estimado de leitura\" \/>\n\t<meta name=\"twitter:data2\" content=\"3 minutos\" \/>\n<script type=\"application\/ld+json\" class=\"yoast-schema-graph\">{\"@context\":\"https:\\\/\\\/schema.org\",\"@graph\":[{\"@type\":\"Article\",\"@id\":\"https:\\\/\\\/jornaldasoficinas.com\\\/pt\\\/mercado-aftermarket-contentamento-e-incerteza\\\/#article\",\"isPartOf\":{\"@id\":\"https:\\\/\\\/jornaldasoficinas.com\\\/pt\\\/mercado-aftermarket-contentamento-e-incerteza\\\/\"},\"author\":{\"name\":\"Reda\u00e7\u00e3o JO\",\"@id\":\"https:\\\/\\\/jornaldasoficinas.com\\\/pt\\\/#\\\/schema\\\/person\\\/a38eef5de2c41d9e7c9ac10141afddf3\"},\"headline\":\"Mercado Aftermarket: Contentamento e Incerteza!\",\"datePublished\":\"2024-01-14T21:00:14+00:00\",\"dateModified\":\"2024-01-15T08:27:41+00:00\",\"mainEntityOfPage\":{\"@id\":\"https:\\\/\\\/jornaldasoficinas.com\\\/pt\\\/mercado-aftermarket-contentamento-e-incerteza\\\/\"},\"wordCount\":409,\"publisher\":{\"@id\":\"https:\\\/\\\/jornaldasoficinas.com\\\/pt\\\/#organization\"},\"image\":{\"@id\":\"https:\\\/\\\/jornaldasoficinas.com\\\/pt\\\/mercado-aftermarket-contentamento-e-incerteza\\\/#primaryimage\"},\"thumbnailUrl\":\"https:\\\/\\\/jornaldasoficinas.com\\\/pt\\\/wp-content\\\/uploads\\\/2024\\\/01\\\/analise_mercado_aftermarket-1.jpg\",\"keywords\":[\"2023\",\"Aftermarket nacional\",\"Empresas satisfeitas\"],\"articleSection\":[\"Mercado\"],\"inLanguage\":\"pt-PT\"},{\"@type\":\"WebPage\",\"@id\":\"https:\\\/\\\/jornaldasoficinas.com\\\/pt\\\/mercado-aftermarket-contentamento-e-incerteza\\\/\",\"url\":\"https:\\\/\\\/jornaldasoficinas.com\\\/pt\\\/mercado-aftermarket-contentamento-e-incerteza\\\/\",\"name\":\"Mercado Aftermarket: Contentamento e Incerteza! - Jornal das Oficinas\",\"isPartOf\":{\"@id\":\"https:\\\/\\\/jornaldasoficinas.com\\\/pt\\\/#website\"},\"primaryImageOfPage\":{\"@id\":\"https:\\\/\\\/jornaldasoficinas.com\\\/pt\\\/mercado-aftermarket-contentamento-e-incerteza\\\/#primaryimage\"},\"image\":{\"@id\":\"https:\\\/\\\/jornaldasoficinas.com\\\/pt\\\/mercado-aftermarket-contentamento-e-incerteza\\\/#primaryimage\"},\"thumbnailUrl\":\"https:\\\/\\\/jornaldasoficinas.com\\\/pt\\\/wp-content\\\/uploads\\\/2024\\\/01\\\/analise_mercado_aftermarket-1.jpg\",\"datePublished\":\"2024-01-14T21:00:14+00:00\",\"dateModified\":\"2024-01-15T08:27:41+00:00\",\"description\":\"O desempenho do Mercado Aftermarket Nacional em 2023, no geral, foi bastante positivo. A maioria das empresas, ficou satisfeita\",\"breadcrumb\":{\"@id\":\"https:\\\/\\\/jornaldasoficinas.com\\\/pt\\\/mercado-aftermarket-contentamento-e-incerteza\\\/#breadcrumb\"},\"inLanguage\":\"pt-PT\",\"potentialAction\":[{\"@type\":\"ReadAction\",\"target\":[\"https:\\\/\\\/jornaldasoficinas.com\\\/pt\\\/mercado-aftermarket-contentamento-e-incerteza\\\/\"]}]},{\"@type\":\"ImageObject\",\"inLanguage\":\"pt-PT\",\"@id\":\"https:\\\/\\\/jornaldasoficinas.com\\\/pt\\\/mercado-aftermarket-contentamento-e-incerteza\\\/#primaryimage\",\"url\":\"https:\\\/\\\/jornaldasoficinas.com\\\/pt\\\/wp-content\\\/uploads\\\/2024\\\/01\\\/analise_mercado_aftermarket-1.jpg\",\"contentUrl\":\"https:\\\/\\\/jornaldasoficinas.com\\\/pt\\\/wp-content\\\/uploads\\\/2024\\\/01\\\/analise_mercado_aftermarket-1.jpg\",\"width\":1024,\"height\":581,\"caption\":\"01 - analise_mercado_aftermarket 1\"},{\"@type\":\"BreadcrumbList\",\"@id\":\"https:\\\/\\\/jornaldasoficinas.com\\\/pt\\\/mercado-aftermarket-contentamento-e-incerteza\\\/#breadcrumb\",\"itemListElement\":[{\"@type\":\"ListItem\",\"position\":1,\"name\":\"In\u00edcio\",\"item\":\"https:\\\/\\\/jornaldasoficinas.com\\\/pt\\\/\"},{\"@type\":\"ListItem\",\"position\":2,\"name\":\"Mercado Aftermarket: Contentamento e Incerteza!\"}]},{\"@type\":\"WebSite\",\"@id\":\"https:\\\/\\\/jornaldasoficinas.com\\\/pt\\\/#website\",\"url\":\"https:\\\/\\\/jornaldasoficinas.com\\\/pt\\\/\",\"name\":\"Jornal das Oficinas\",\"description\":\"Jornal independente do Aftermarket Autom\u00f3vel em Portugal\",\"publisher\":{\"@id\":\"https:\\\/\\\/jornaldasoficinas.com\\\/pt\\\/#organization\"},\"potentialAction\":[{\"@type\":\"SearchAction\",\"target\":{\"@type\":\"EntryPoint\",\"urlTemplate\":\"https:\\\/\\\/jornaldasoficinas.com\\\/pt\\\/?s={search_term_string}\"},\"query-input\":{\"@type\":\"PropertyValueSpecification\",\"valueRequired\":true,\"valueName\":\"search_term_string\"}}],\"inLanguage\":\"pt-PT\"},{\"@type\":\"Organization\",\"@id\":\"https:\\\/\\\/jornaldasoficinas.com\\\/pt\\\/#organization\",\"name\":\"Jornal das Oficinas\",\"url\":\"https:\\\/\\\/jornaldasoficinas.com\\\/pt\\\/\",\"logo\":{\"@type\":\"ImageObject\",\"inLanguage\":\"pt-PT\",\"@id\":\"https:\\\/\\\/jornaldasoficinas.com\\\/pt\\\/#\\\/schema\\\/logo\\\/image\\\/\",\"url\":\"https:\\\/\\\/jornaldasoficinas.com\\\/pt\\\/wp-content\\\/uploads\\\/logoJO-SEO.png\",\"contentUrl\":\"https:\\\/\\\/jornaldasoficinas.com\\\/pt\\\/wp-content\\\/uploads\\\/logoJO-SEO.png\",\"width\":285,\"height\":450,\"caption\":\"Jornal das Oficinas\"},\"image\":{\"@id\":\"https:\\\/\\\/jornaldasoficinas.com\\\/pt\\\/#\\\/schema\\\/logo\\\/image\\\/\"},\"sameAs\":[\"https:\\\/\\\/www.facebook.com\\\/jornaloficinas\",\"https:\\\/\\\/x.com\\\/jornaloficinas\",\"https:\\\/\\\/www.instagram.com\\\/jornal_oficinas\\\/\",\"https:\\\/\\\/www.linkedin.com\\\/company\\\/jornal-das-oficinas\\\/\",\"https:\\\/\\\/www.youtube.com\\\/channel\\\/UCbQZBqtcvV-oSQrr7RzINGg\"]},{\"@type\":\"Person\",\"@id\":\"https:\\\/\\\/jornaldasoficinas.com\\\/pt\\\/#\\\/schema\\\/person\\\/a38eef5de2c41d9e7c9ac10141afddf3\",\"name\":\"Reda\u00e7\u00e3o JO\",\"image\":{\"@type\":\"ImageObject\",\"inLanguage\":\"pt-PT\",\"@id\":\"https:\\\/\\\/secure.gravatar.com\\\/avatar\\\/71f2fa71737ad68a84fea94bc708ddac8ea5b0c4788dc2ad202f3ccb2887742f?s=96&d=wp_user_avatar&r=g\",\"url\":\"https:\\\/\\\/secure.gravatar.com\\\/avatar\\\/71f2fa71737ad68a84fea94bc708ddac8ea5b0c4788dc2ad202f3ccb2887742f?s=96&d=wp_user_avatar&r=g\",\"contentUrl\":\"https:\\\/\\\/secure.gravatar.com\\\/avatar\\\/71f2fa71737ad68a84fea94bc708ddac8ea5b0c4788dc2ad202f3ccb2887742f?s=96&d=wp_user_avatar&r=g\",\"caption\":\"Reda\u00e7\u00e3o JO\"},\"url\":\"https:\\\/\\\/jornaldasoficinas.com\\\/pt\\\/author\\\/joredacao\\\/\"}]}<\/script>\n<!-- \/ Yoast SEO plugin. -->","yoast_head_json":{"title":"Mercado Aftermarket: Contentamento e Incerteza! - Jornal das Oficinas","description":"O desempenho do Mercado Aftermarket Nacional em 2023, no geral, foi bastante positivo. A maioria das empresas, ficou satisfeita","robots":{"index":"index","follow":"follow","max-snippet":"max-snippet:-1","max-image-preview":"max-image-preview:large","max-video-preview":"max-video-preview:-1"},"canonical":"https:\/\/jornaldasoficinas.com\/pt\/mercado-aftermarket-contentamento-e-incerteza\/","og_locale":"pt_PT","og_type":"article","og_title":"Mercado Aftermarket: Contentamento e Incerteza! - Jornal das Oficinas","og_description":"O desempenho do Mercado Aftermarket Nacional em 2023, no geral, foi bastante positivo. A maioria das empresas, ficou satisfeita","og_url":"https:\/\/jornaldasoficinas.com\/pt\/mercado-aftermarket-contentamento-e-incerteza\/","og_site_name":"Jornal das Oficinas","article_publisher":"https:\/\/www.facebook.com\/jornaloficinas","article_published_time":"2024-01-14T21:00:14+00:00","article_modified_time":"2024-01-15T08:27:41+00:00","og_image":[{"width":1024,"height":581,"url":"https:\/\/jornaldasoficinas.com\/pt\/wp-content\/uploads\/2024\/01\/analise_mercado_aftermarket-1.jpg","type":"image\/jpeg"}],"author":"Reda\u00e7\u00e3o JO","twitter_card":"summary_large_image","twitter_creator":"@jornaloficinas","twitter_site":"@jornaloficinas","twitter_misc":{"Escrito por":"Reda\u00e7\u00e3o JO","Tempo estimado de leitura":"3 minutos"},"schema":{"@context":"https:\/\/schema.org","@graph":[{"@type":"Article","@id":"https:\/\/jornaldasoficinas.com\/pt\/mercado-aftermarket-contentamento-e-incerteza\/#article","isPartOf":{"@id":"https:\/\/jornaldasoficinas.com\/pt\/mercado-aftermarket-contentamento-e-incerteza\/"},"author":{"name":"Reda\u00e7\u00e3o JO","@id":"https:\/\/jornaldasoficinas.com\/pt\/#\/schema\/person\/a38eef5de2c41d9e7c9ac10141afddf3"},"headline":"Mercado Aftermarket: Contentamento e Incerteza!","datePublished":"2024-01-14T21:00:14+00:00","dateModified":"2024-01-15T08:27:41+00:00","mainEntityOfPage":{"@id":"https:\/\/jornaldasoficinas.com\/pt\/mercado-aftermarket-contentamento-e-incerteza\/"},"wordCount":409,"publisher":{"@id":"https:\/\/jornaldasoficinas.com\/pt\/#organization"},"image":{"@id":"https:\/\/jornaldasoficinas.com\/pt\/mercado-aftermarket-contentamento-e-incerteza\/#primaryimage"},"thumbnailUrl":"https:\/\/jornaldasoficinas.com\/pt\/wp-content\/uploads\/2024\/01\/analise_mercado_aftermarket-1.jpg","keywords":["2023","Aftermarket nacional","Empresas satisfeitas"],"articleSection":["Mercado"],"inLanguage":"pt-PT"},{"@type":"WebPage","@id":"https:\/\/jornaldasoficinas.com\/pt\/mercado-aftermarket-contentamento-e-incerteza\/","url":"https:\/\/jornaldasoficinas.com\/pt\/mercado-aftermarket-contentamento-e-incerteza\/","name":"Mercado Aftermarket: Contentamento e Incerteza! - Jornal das Oficinas","isPartOf":{"@id":"https:\/\/jornaldasoficinas.com\/pt\/#website"},"primaryImageOfPage":{"@id":"https:\/\/jornaldasoficinas.com\/pt\/mercado-aftermarket-contentamento-e-incerteza\/#primaryimage"},"image":{"@id":"https:\/\/jornaldasoficinas.com\/pt\/mercado-aftermarket-contentamento-e-incerteza\/#primaryimage"},"thumbnailUrl":"https:\/\/jornaldasoficinas.com\/pt\/wp-content\/uploads\/2024\/01\/analise_mercado_aftermarket-1.jpg","datePublished":"2024-01-14T21:00:14+00:00","dateModified":"2024-01-15T08:27:41+00:00","description":"O desempenho do Mercado Aftermarket Nacional em 2023, no geral, foi bastante positivo. A maioria das empresas, ficou satisfeita","breadcrumb":{"@id":"https:\/\/jornaldasoficinas.com\/pt\/mercado-aftermarket-contentamento-e-incerteza\/#breadcrumb"},"inLanguage":"pt-PT","potentialAction":[{"@type":"ReadAction","target":["https:\/\/jornaldasoficinas.com\/pt\/mercado-aftermarket-contentamento-e-incerteza\/"]}]},{"@type":"ImageObject","inLanguage":"pt-PT","@id":"https:\/\/jornaldasoficinas.com\/pt\/mercado-aftermarket-contentamento-e-incerteza\/#primaryimage","url":"https:\/\/jornaldasoficinas.com\/pt\/wp-content\/uploads\/2024\/01\/analise_mercado_aftermarket-1.jpg","contentUrl":"https:\/\/jornaldasoficinas.com\/pt\/wp-content\/uploads\/2024\/01\/analise_mercado_aftermarket-1.jpg","width":1024,"height":581,"caption":"01 - analise_mercado_aftermarket 1"},{"@type":"BreadcrumbList","@id":"https:\/\/jornaldasoficinas.com\/pt\/mercado-aftermarket-contentamento-e-incerteza\/#breadcrumb","itemListElement":[{"@type":"ListItem","position":1,"name":"In\u00edcio","item":"https:\/\/jornaldasoficinas.com\/pt\/"},{"@type":"ListItem","position":2,"name":"Mercado Aftermarket: Contentamento e Incerteza!"}]},{"@type":"WebSite","@id":"https:\/\/jornaldasoficinas.com\/pt\/#website","url":"https:\/\/jornaldasoficinas.com\/pt\/","name":"Jornal das Oficinas","description":"Jornal independente do Aftermarket Autom\u00f3vel em Portugal","publisher":{"@id":"https:\/\/jornaldasoficinas.com\/pt\/#organization"},"potentialAction":[{"@type":"SearchAction","target":{"@type":"EntryPoint","urlTemplate":"https:\/\/jornaldasoficinas.com\/pt\/?s={search_term_string}"},"query-input":{"@type":"PropertyValueSpecification","valueRequired":true,"valueName":"search_term_string"}}],"inLanguage":"pt-PT"},{"@type":"Organization","@id":"https:\/\/jornaldasoficinas.com\/pt\/#organization","name":"Jornal das Oficinas","url":"https:\/\/jornaldasoficinas.com\/pt\/","logo":{"@type":"ImageObject","inLanguage":"pt-PT","@id":"https:\/\/jornaldasoficinas.com\/pt\/#\/schema\/logo\/image\/","url":"https:\/\/jornaldasoficinas.com\/pt\/wp-content\/uploads\/logoJO-SEO.png","contentUrl":"https:\/\/jornaldasoficinas.com\/pt\/wp-content\/uploads\/logoJO-SEO.png","width":285,"height":450,"caption":"Jornal das Oficinas"},"image":{"@id":"https:\/\/jornaldasoficinas.com\/pt\/#\/schema\/logo\/image\/"},"sameAs":["https:\/\/www.facebook.com\/jornaloficinas","https:\/\/x.com\/jornaloficinas","https:\/\/www.instagram.com\/jornal_oficinas\/","https:\/\/www.linkedin.com\/company\/jornal-das-oficinas\/","https:\/\/www.youtube.com\/channel\/UCbQZBqtcvV-oSQrr7RzINGg"]},{"@type":"Person","@id":"https:\/\/jornaldasoficinas.com\/pt\/#\/schema\/person\/a38eef5de2c41d9e7c9ac10141afddf3","name":"Reda\u00e7\u00e3o JO","image":{"@type":"ImageObject","inLanguage":"pt-PT","@id":"https:\/\/secure.gravatar.com\/avatar\/71f2fa71737ad68a84fea94bc708ddac8ea5b0c4788dc2ad202f3ccb2887742f?s=96&d=wp_user_avatar&r=g","url":"https:\/\/secure.gravatar.com\/avatar\/71f2fa71737ad68a84fea94bc708ddac8ea5b0c4788dc2ad202f3ccb2887742f?s=96&d=wp_user_avatar&r=g","contentUrl":"https:\/\/secure.gravatar.com\/avatar\/71f2fa71737ad68a84fea94bc708ddac8ea5b0c4788dc2ad202f3ccb2887742f?s=96&d=wp_user_avatar&r=g","caption":"Reda\u00e7\u00e3o JO"},"url":"https:\/\/jornaldasoficinas.com\/pt\/author\/joredacao\/"}]}},"_links":{"self":[{"href":"https:\/\/jornaldasoficinas.com\/pt\/wp-json\/wp\/v2\/posts\/76882","targetHints":{"allow":["GET"]}}],"collection":[{"href":"https:\/\/jornaldasoficinas.com\/pt\/wp-json\/wp\/v2\/posts"}],"about":[{"href":"https:\/\/jornaldasoficinas.com\/pt\/wp-json\/wp\/v2\/types\/post"}],"author":[{"embeddable":true,"href":"https:\/\/jornaldasoficinas.com\/pt\/wp-json\/wp\/v2\/users\/15"}],"replies":[{"embeddable":true,"href":"https:\/\/jornaldasoficinas.com\/pt\/wp-json\/wp\/v2\/comments?post=76882"}],"version-history":[{"count":0,"href":"https:\/\/jornaldasoficinas.com\/pt\/wp-json\/wp\/v2\/posts\/76882\/revisions"}],"wp:featuredmedia":[{"embeddable":true,"href":"https:\/\/jornaldasoficinas.com\/pt\/wp-json\/wp\/v2\/media\/76948"}],"wp:attachment":[{"href":"https:\/\/jornaldasoficinas.com\/pt\/wp-json\/wp\/v2\/media?parent=76882"}],"wp:term":[{"taxonomy":"category","embeddable":true,"href":"https:\/\/jornaldasoficinas.com\/pt\/wp-json\/wp\/v2\/categories?post=76882"},{"taxonomy":"post_tag","embeddable":true,"href":"https:\/\/jornaldasoficinas.com\/pt\/wp-json\/wp\/v2\/tags?post=76882"}],"curies":[{"name":"wp","href":"https:\/\/api.w.org\/{rel}","templated":true}]}}