{"id":77061,"date":"2024-01-16T12:30:57","date_gmt":"2024-01-16T12:30:57","guid":{"rendered":"https:\/\/jornaldasoficinas.com\/pt\/?p=77061"},"modified":"2024-01-20T18:44:28","modified_gmt":"2024-01-20T18:44:28","slug":"a-entrada-de-distribuidores-espanhois-muda-o-paradigma-luis-costa-japopecas","status":"publish","type":"post","link":"https:\/\/jornaldasoficinas.com\/pt\/a-entrada-de-distribuidores-espanhois-muda-o-paradigma-luis-costa-japopecas\/","title":{"rendered":"\u201cA entrada de distribuidores espanh\u00f3is muda o paradigma\u201d, Lu\u00eds Costa, Japope\u00e7as"},"content":{"rendered":"<p><img loading=\"lazy\" decoding=\"async\" class=\"alignnone size-full wp-image-77062\" src=\"https:\/\/jornaldasoficinas.com\/pt\/wp-content\/uploads\/2024\/01\/site_opiniao_mercado_2024-07.jpg\" alt=\"01 - site_opiniao_mercado_2024 07\" width=\"1024\" height=\"581\" srcset=\"https:\/\/jornaldasoficinas.com\/pt\/wp-content\/uploads\/2024\/01\/site_opiniao_mercado_2024-07.jpg 1024w, https:\/\/jornaldasoficinas.com\/pt\/wp-content\/uploads\/2024\/01\/site_opiniao_mercado_2024-07-300x170.jpg 300w, https:\/\/jornaldasoficinas.com\/pt\/wp-content\/uploads\/2024\/01\/site_opiniao_mercado_2024-07-150x85.jpg 150w, https:\/\/jornaldasoficinas.com\/pt\/wp-content\/uploads\/2024\/01\/site_opiniao_mercado_2024-07-768x436.jpg 768w\" sizes=\"auto, (max-width: 1024px) 100vw, 1024px\" \/><\/p>\n<p><strong>\u201cO dinamismo marca o momento presente refletindo-se em tr\u00eas vetores: reconfigura\u00e7\u00e3o dos distribuidores por via da entrada de novos players a que se somam aquisi\u00e7\u00f5es e fus\u00f5es dos existentes; alargamento da oferta de bens e servi\u00e7os; digitaliza\u00e7\u00e3o e melhoria de processos\u201d, afirmou Lu\u00eds Costa, Diretor Geral, da <a href=\"http:\/\/www.japopecas.pt\/\" target=\"_blank\" rel=\"noopener\">Japope\u00e7as<\/a><\/strong><\/p>\n<p>A incerteza mant\u00e9m-se uma quest\u00e3o atual uma vez que sa\u00eddos da pandemia, as consequ\u00eancias das guerras na Ucr\u00e2nia e Israel, t\u00eam impacto e causam disrup\u00e7\u00f5es no mercado, nomeadamente o contexto inflacion\u00e1rio atual.<\/p>\n<p>O envelhecimento do parque autom\u00f3vel portugu\u00eas \u00e9 um fator relevante que pode sustentar a dimens\u00e3o do setor e o seu potencial crescimento a curto\/ m\u00e9dio prazo. Numa vis\u00e3o de longo prazo a leitura \u00e9 diferente e tem que ter em linha de conta a representatividade de outra tipologia de ve\u00edculos que n\u00e3o os de combust\u00e3o, nomeadamente os el\u00e9tricos, entre outros.<\/p>\n<p>O fen\u00f3meno da iberiza\u00e7\u00e3o n\u00e3o sendo totalmente novo tem tido maior express\u00e3o recentemente. Pese o facto de globalmente muitos fabricantes olharem para o mercado como sendo ib\u00e9rico faz muitos anos, ao n\u00edvel da distribui\u00e7\u00e3o continuam a existir especificidades culturais e de modelo de neg\u00f3cio que tornam o mercado portugu\u00eas e espanhol significativamente diferente.<\/p>\n<p>Porventura \u00e9 por estas raz\u00f5es que este fen\u00f3meno s\u00f3 agora est\u00e1 a ter express\u00e3o tamb\u00e9m na distribui\u00e7\u00e3o. Naturalmente a entrada de distribuidores espanh\u00f3is representa uma mudan\u00e7a de paradigma e acontece porque o nosso mercado \u00e9 aberto, maduro e concorrencial.<\/p>\n<p>&nbsp;<\/p>\n","protected":false},"excerpt":{"rendered":"<p>\u201cO dinamismo marca o momento presente&#8230;<\/p>\n","protected":false},"author":15,"featured_media":77062,"comment_status":"closed","ping_status":"closed","sticky":false,"template":"","format":"standard","meta":{"footnotes":""},"categories":[38],"tags":[616,7111],"class_list":["post-77061","post","type-post","status-publish","format-standard","has-post-thumbnail","hentry","category-entrevistas","tag-japopecas","tag-luis-costa"],"yoast_head":"<!-- This site is optimized with the Yoast SEO plugin v27.4 - https:\/\/yoast.com\/product\/yoast-seo-wordpress\/ -->\n<title>\u201cA entrada de distribuidores espanh\u00f3is muda o paradigma\u201d, Lu\u00eds Costa, Japope\u00e7as - Jornal das Oficinas<\/title>\n<meta name=\"description\" content=\"\u201cO dinamismo marca o momento presente refletindo-se em tr\u00eas vetores: reconfigura\u00e7\u00e3o dos distribuidores por via da entrada de novos players\" \/>\n<meta name=\"robots\" content=\"index, follow, max-snippet:-1, max-image-preview:large, max-video-preview:-1\" \/>\n<link rel=\"canonical\" href=\"https:\/\/jornaldasoficinas.com\/pt\/a-entrada-de-distribuidores-espanhois-muda-o-paradigma-luis-costa-japopecas\/\" \/>\n<meta property=\"og:locale\" content=\"pt_PT\" \/>\n<meta property=\"og:type\" content=\"article\" \/>\n<meta property=\"og:title\" content=\"\u201cA entrada de distribuidores espanh\u00f3is muda o paradigma\u201d, Lu\u00eds Costa, Japope\u00e7as - Jornal das Oficinas\" \/>\n<meta property=\"og:description\" content=\"\u201cO dinamismo marca o momento presente refletindo-se em tr\u00eas vetores: reconfigura\u00e7\u00e3o dos distribuidores por via da entrada de novos players\" \/>\n<meta property=\"og:url\" content=\"https:\/\/jornaldasoficinas.com\/pt\/a-entrada-de-distribuidores-espanhois-muda-o-paradigma-luis-costa-japopecas\/\" \/>\n<meta property=\"og:site_name\" content=\"Jornal das Oficinas\" \/>\n<meta property=\"article:publisher\" content=\"https:\/\/www.facebook.com\/jornaloficinas\" \/>\n<meta property=\"article:published_time\" content=\"2024-01-16T12:30:57+00:00\" \/>\n<meta property=\"article:modified_time\" content=\"2024-01-20T18:44:28+00:00\" \/>\n<meta property=\"og:image\" content=\"https:\/\/jornaldasoficinas.com\/pt\/wp-content\/uploads\/2024\/01\/site_opiniao_mercado_2024-07.jpg\" \/>\n\t<meta property=\"og:image:width\" content=\"1024\" \/>\n\t<meta property=\"og:image:height\" content=\"581\" \/>\n\t<meta property=\"og:image:type\" content=\"image\/jpeg\" \/>\n<meta name=\"author\" content=\"Reda\u00e7\u00e3o JO\" \/>\n<meta name=\"twitter:card\" content=\"summary_large_image\" \/>\n<meta name=\"twitter:creator\" content=\"@jornaloficinas\" \/>\n<meta name=\"twitter:site\" content=\"@jornaloficinas\" \/>\n<meta name=\"twitter:label1\" content=\"Escrito por\" \/>\n\t<meta name=\"twitter:data1\" content=\"Reda\u00e7\u00e3o JO\" \/>\n\t<meta name=\"twitter:label2\" content=\"Tempo estimado de leitura\" \/>\n\t<meta name=\"twitter:data2\" content=\"2 minutos\" \/>\n<script type=\"application\/ld+json\" class=\"yoast-schema-graph\">{\"@context\":\"https:\\\/\\\/schema.org\",\"@graph\":[{\"@type\":\"Article\",\"@id\":\"https:\\\/\\\/jornaldasoficinas.com\\\/pt\\\/a-entrada-de-distribuidores-espanhois-muda-o-paradigma-luis-costa-japopecas\\\/#article\",\"isPartOf\":{\"@id\":\"https:\\\/\\\/jornaldasoficinas.com\\\/pt\\\/a-entrada-de-distribuidores-espanhois-muda-o-paradigma-luis-costa-japopecas\\\/\"},\"author\":{\"name\":\"Reda\u00e7\u00e3o JO\",\"@id\":\"https:\\\/\\\/jornaldasoficinas.com\\\/pt\\\/#\\\/schema\\\/person\\\/a38eef5de2c41d9e7c9ac10141afddf3\"},\"headline\":\"\u201cA entrada de distribuidores espanh\u00f3is muda o paradigma\u201d, Lu\u00eds Costa, Japope\u00e7as\",\"datePublished\":\"2024-01-16T12:30:57+00:00\",\"dateModified\":\"2024-01-20T18:44:28+00:00\",\"mainEntityOfPage\":{\"@id\":\"https:\\\/\\\/jornaldasoficinas.com\\\/pt\\\/a-entrada-de-distribuidores-espanhois-muda-o-paradigma-luis-costa-japopecas\\\/\"},\"wordCount\":284,\"publisher\":{\"@id\":\"https:\\\/\\\/jornaldasoficinas.com\\\/pt\\\/#organization\"},\"image\":{\"@id\":\"https:\\\/\\\/jornaldasoficinas.com\\\/pt\\\/a-entrada-de-distribuidores-espanhois-muda-o-paradigma-luis-costa-japopecas\\\/#primaryimage\"},\"thumbnailUrl\":\"https:\\\/\\\/jornaldasoficinas.com\\\/pt\\\/wp-content\\\/uploads\\\/2024\\\/01\\\/site_opiniao_mercado_2024-07.jpg\",\"keywords\":[\"japope\u00e7as\",\"Lu\u00eds Costa\"],\"articleSection\":[\"Entrevistas\"],\"inLanguage\":\"pt-PT\"},{\"@type\":\"WebPage\",\"@id\":\"https:\\\/\\\/jornaldasoficinas.com\\\/pt\\\/a-entrada-de-distribuidores-espanhois-muda-o-paradigma-luis-costa-japopecas\\\/\",\"url\":\"https:\\\/\\\/jornaldasoficinas.com\\\/pt\\\/a-entrada-de-distribuidores-espanhois-muda-o-paradigma-luis-costa-japopecas\\\/\",\"name\":\"\u201cA entrada de distribuidores espanh\u00f3is muda o paradigma\u201d, Lu\u00eds Costa, Japope\u00e7as - Jornal das Oficinas\",\"isPartOf\":{\"@id\":\"https:\\\/\\\/jornaldasoficinas.com\\\/pt\\\/#website\"},\"primaryImageOfPage\":{\"@id\":\"https:\\\/\\\/jornaldasoficinas.com\\\/pt\\\/a-entrada-de-distribuidores-espanhois-muda-o-paradigma-luis-costa-japopecas\\\/#primaryimage\"},\"image\":{\"@id\":\"https:\\\/\\\/jornaldasoficinas.com\\\/pt\\\/a-entrada-de-distribuidores-espanhois-muda-o-paradigma-luis-costa-japopecas\\\/#primaryimage\"},\"thumbnailUrl\":\"https:\\\/\\\/jornaldasoficinas.com\\\/pt\\\/wp-content\\\/uploads\\\/2024\\\/01\\\/site_opiniao_mercado_2024-07.jpg\",\"datePublished\":\"2024-01-16T12:30:57+00:00\",\"dateModified\":\"2024-01-20T18:44:28+00:00\",\"description\":\"\u201cO dinamismo marca o momento presente refletindo-se em tr\u00eas vetores: reconfigura\u00e7\u00e3o dos distribuidores por via da entrada de novos players\",\"breadcrumb\":{\"@id\":\"https:\\\/\\\/jornaldasoficinas.com\\\/pt\\\/a-entrada-de-distribuidores-espanhois-muda-o-paradigma-luis-costa-japopecas\\\/#breadcrumb\"},\"inLanguage\":\"pt-PT\",\"potentialAction\":[{\"@type\":\"ReadAction\",\"target\":[\"https:\\\/\\\/jornaldasoficinas.com\\\/pt\\\/a-entrada-de-distribuidores-espanhois-muda-o-paradigma-luis-costa-japopecas\\\/\"]}]},{\"@type\":\"ImageObject\",\"inLanguage\":\"pt-PT\",\"@id\":\"https:\\\/\\\/jornaldasoficinas.com\\\/pt\\\/a-entrada-de-distribuidores-espanhois-muda-o-paradigma-luis-costa-japopecas\\\/#primaryimage\",\"url\":\"https:\\\/\\\/jornaldasoficinas.com\\\/pt\\\/wp-content\\\/uploads\\\/2024\\\/01\\\/site_opiniao_mercado_2024-07.jpg\",\"contentUrl\":\"https:\\\/\\\/jornaldasoficinas.com\\\/pt\\\/wp-content\\\/uploads\\\/2024\\\/01\\\/site_opiniao_mercado_2024-07.jpg\",\"width\":1024,\"height\":581,\"caption\":\"01 - site_opiniao_mercado_2024 07\"},{\"@type\":\"BreadcrumbList\",\"@id\":\"https:\\\/\\\/jornaldasoficinas.com\\\/pt\\\/a-entrada-de-distribuidores-espanhois-muda-o-paradigma-luis-costa-japopecas\\\/#breadcrumb\",\"itemListElement\":[{\"@type\":\"ListItem\",\"position\":1,\"name\":\"In\u00edcio\",\"item\":\"https:\\\/\\\/jornaldasoficinas.com\\\/pt\\\/\"},{\"@type\":\"ListItem\",\"position\":2,\"name\":\"\u201cA entrada de distribuidores espanh\u00f3is muda o paradigma\u201d, Lu\u00eds Costa, Japope\u00e7as\"}]},{\"@type\":\"WebSite\",\"@id\":\"https:\\\/\\\/jornaldasoficinas.com\\\/pt\\\/#website\",\"url\":\"https:\\\/\\\/jornaldasoficinas.com\\\/pt\\\/\",\"name\":\"Jornal das Oficinas\",\"description\":\"Jornal independente do Aftermarket Autom\u00f3vel em Portugal\",\"publisher\":{\"@id\":\"https:\\\/\\\/jornaldasoficinas.com\\\/pt\\\/#organization\"},\"potentialAction\":[{\"@type\":\"SearchAction\",\"target\":{\"@type\":\"EntryPoint\",\"urlTemplate\":\"https:\\\/\\\/jornaldasoficinas.com\\\/pt\\\/?s={search_term_string}\"},\"query-input\":{\"@type\":\"PropertyValueSpecification\",\"valueRequired\":true,\"valueName\":\"search_term_string\"}}],\"inLanguage\":\"pt-PT\"},{\"@type\":\"Organization\",\"@id\":\"https:\\\/\\\/jornaldasoficinas.com\\\/pt\\\/#organization\",\"name\":\"Jornal das Oficinas\",\"url\":\"https:\\\/\\\/jornaldasoficinas.com\\\/pt\\\/\",\"logo\":{\"@type\":\"ImageObject\",\"inLanguage\":\"pt-PT\",\"@id\":\"https:\\\/\\\/jornaldasoficinas.com\\\/pt\\\/#\\\/schema\\\/logo\\\/image\\\/\",\"url\":\"https:\\\/\\\/jornaldasoficinas.com\\\/pt\\\/wp-content\\\/uploads\\\/logoJO-SEO.png\",\"contentUrl\":\"https:\\\/\\\/jornaldasoficinas.com\\\/pt\\\/wp-content\\\/uploads\\\/logoJO-SEO.png\",\"width\":285,\"height\":450,\"caption\":\"Jornal das Oficinas\"},\"image\":{\"@id\":\"https:\\\/\\\/jornaldasoficinas.com\\\/pt\\\/#\\\/schema\\\/logo\\\/image\\\/\"},\"sameAs\":[\"https:\\\/\\\/www.facebook.com\\\/jornaloficinas\",\"https:\\\/\\\/x.com\\\/jornaloficinas\",\"https:\\\/\\\/www.instagram.com\\\/jornal_oficinas\\\/\",\"https:\\\/\\\/www.linkedin.com\\\/company\\\/jornal-das-oficinas\\\/\",\"https:\\\/\\\/www.youtube.com\\\/channel\\\/UCbQZBqtcvV-oSQrr7RzINGg\"]},{\"@type\":\"Person\",\"@id\":\"https:\\\/\\\/jornaldasoficinas.com\\\/pt\\\/#\\\/schema\\\/person\\\/a38eef5de2c41d9e7c9ac10141afddf3\",\"name\":\"Reda\u00e7\u00e3o JO\",\"image\":{\"@type\":\"ImageObject\",\"inLanguage\":\"pt-PT\",\"@id\":\"https:\\\/\\\/secure.gravatar.com\\\/avatar\\\/71f2fa71737ad68a84fea94bc708ddac8ea5b0c4788dc2ad202f3ccb2887742f?s=96&d=wp_user_avatar&r=g\",\"url\":\"https:\\\/\\\/secure.gravatar.com\\\/avatar\\\/71f2fa71737ad68a84fea94bc708ddac8ea5b0c4788dc2ad202f3ccb2887742f?s=96&d=wp_user_avatar&r=g\",\"contentUrl\":\"https:\\\/\\\/secure.gravatar.com\\\/avatar\\\/71f2fa71737ad68a84fea94bc708ddac8ea5b0c4788dc2ad202f3ccb2887742f?s=96&d=wp_user_avatar&r=g\",\"caption\":\"Reda\u00e7\u00e3o JO\"},\"url\":\"https:\\\/\\\/jornaldasoficinas.com\\\/pt\\\/author\\\/joredacao\\\/\"}]}<\/script>\n<!-- \/ Yoast SEO plugin. -->","yoast_head_json":{"title":"\u201cA entrada de distribuidores espanh\u00f3is muda o paradigma\u201d, Lu\u00eds Costa, Japope\u00e7as - Jornal das Oficinas","description":"\u201cO dinamismo marca o momento presente refletindo-se em tr\u00eas vetores: reconfigura\u00e7\u00e3o dos distribuidores por via da entrada de novos players","robots":{"index":"index","follow":"follow","max-snippet":"max-snippet:-1","max-image-preview":"max-image-preview:large","max-video-preview":"max-video-preview:-1"},"canonical":"https:\/\/jornaldasoficinas.com\/pt\/a-entrada-de-distribuidores-espanhois-muda-o-paradigma-luis-costa-japopecas\/","og_locale":"pt_PT","og_type":"article","og_title":"\u201cA entrada de distribuidores espanh\u00f3is muda o paradigma\u201d, Lu\u00eds Costa, Japope\u00e7as - Jornal das Oficinas","og_description":"\u201cO dinamismo marca o momento presente refletindo-se em tr\u00eas vetores: reconfigura\u00e7\u00e3o dos distribuidores por via da entrada de novos players","og_url":"https:\/\/jornaldasoficinas.com\/pt\/a-entrada-de-distribuidores-espanhois-muda-o-paradigma-luis-costa-japopecas\/","og_site_name":"Jornal das Oficinas","article_publisher":"https:\/\/www.facebook.com\/jornaloficinas","article_published_time":"2024-01-16T12:30:57+00:00","article_modified_time":"2024-01-20T18:44:28+00:00","og_image":[{"width":1024,"height":581,"url":"https:\/\/jornaldasoficinas.com\/pt\/wp-content\/uploads\/2024\/01\/site_opiniao_mercado_2024-07.jpg","type":"image\/jpeg"}],"author":"Reda\u00e7\u00e3o JO","twitter_card":"summary_large_image","twitter_creator":"@jornaloficinas","twitter_site":"@jornaloficinas","twitter_misc":{"Escrito por":"Reda\u00e7\u00e3o JO","Tempo estimado de leitura":"2 minutos"},"schema":{"@context":"https:\/\/schema.org","@graph":[{"@type":"Article","@id":"https:\/\/jornaldasoficinas.com\/pt\/a-entrada-de-distribuidores-espanhois-muda-o-paradigma-luis-costa-japopecas\/#article","isPartOf":{"@id":"https:\/\/jornaldasoficinas.com\/pt\/a-entrada-de-distribuidores-espanhois-muda-o-paradigma-luis-costa-japopecas\/"},"author":{"name":"Reda\u00e7\u00e3o JO","@id":"https:\/\/jornaldasoficinas.com\/pt\/#\/schema\/person\/a38eef5de2c41d9e7c9ac10141afddf3"},"headline":"\u201cA entrada de distribuidores espanh\u00f3is muda o paradigma\u201d, Lu\u00eds Costa, Japope\u00e7as","datePublished":"2024-01-16T12:30:57+00:00","dateModified":"2024-01-20T18:44:28+00:00","mainEntityOfPage":{"@id":"https:\/\/jornaldasoficinas.com\/pt\/a-entrada-de-distribuidores-espanhois-muda-o-paradigma-luis-costa-japopecas\/"},"wordCount":284,"publisher":{"@id":"https:\/\/jornaldasoficinas.com\/pt\/#organization"},"image":{"@id":"https:\/\/jornaldasoficinas.com\/pt\/a-entrada-de-distribuidores-espanhois-muda-o-paradigma-luis-costa-japopecas\/#primaryimage"},"thumbnailUrl":"https:\/\/jornaldasoficinas.com\/pt\/wp-content\/uploads\/2024\/01\/site_opiniao_mercado_2024-07.jpg","keywords":["japope\u00e7as","Lu\u00eds Costa"],"articleSection":["Entrevistas"],"inLanguage":"pt-PT"},{"@type":"WebPage","@id":"https:\/\/jornaldasoficinas.com\/pt\/a-entrada-de-distribuidores-espanhois-muda-o-paradigma-luis-costa-japopecas\/","url":"https:\/\/jornaldasoficinas.com\/pt\/a-entrada-de-distribuidores-espanhois-muda-o-paradigma-luis-costa-japopecas\/","name":"\u201cA entrada de distribuidores espanh\u00f3is muda o paradigma\u201d, Lu\u00eds Costa, Japope\u00e7as - Jornal das Oficinas","isPartOf":{"@id":"https:\/\/jornaldasoficinas.com\/pt\/#website"},"primaryImageOfPage":{"@id":"https:\/\/jornaldasoficinas.com\/pt\/a-entrada-de-distribuidores-espanhois-muda-o-paradigma-luis-costa-japopecas\/#primaryimage"},"image":{"@id":"https:\/\/jornaldasoficinas.com\/pt\/a-entrada-de-distribuidores-espanhois-muda-o-paradigma-luis-costa-japopecas\/#primaryimage"},"thumbnailUrl":"https:\/\/jornaldasoficinas.com\/pt\/wp-content\/uploads\/2024\/01\/site_opiniao_mercado_2024-07.jpg","datePublished":"2024-01-16T12:30:57+00:00","dateModified":"2024-01-20T18:44:28+00:00","description":"\u201cO dinamismo marca o momento presente refletindo-se em tr\u00eas vetores: reconfigura\u00e7\u00e3o dos distribuidores por via da entrada de novos players","breadcrumb":{"@id":"https:\/\/jornaldasoficinas.com\/pt\/a-entrada-de-distribuidores-espanhois-muda-o-paradigma-luis-costa-japopecas\/#breadcrumb"},"inLanguage":"pt-PT","potentialAction":[{"@type":"ReadAction","target":["https:\/\/jornaldasoficinas.com\/pt\/a-entrada-de-distribuidores-espanhois-muda-o-paradigma-luis-costa-japopecas\/"]}]},{"@type":"ImageObject","inLanguage":"pt-PT","@id":"https:\/\/jornaldasoficinas.com\/pt\/a-entrada-de-distribuidores-espanhois-muda-o-paradigma-luis-costa-japopecas\/#primaryimage","url":"https:\/\/jornaldasoficinas.com\/pt\/wp-content\/uploads\/2024\/01\/site_opiniao_mercado_2024-07.jpg","contentUrl":"https:\/\/jornaldasoficinas.com\/pt\/wp-content\/uploads\/2024\/01\/site_opiniao_mercado_2024-07.jpg","width":1024,"height":581,"caption":"01 - site_opiniao_mercado_2024 07"},{"@type":"BreadcrumbList","@id":"https:\/\/jornaldasoficinas.com\/pt\/a-entrada-de-distribuidores-espanhois-muda-o-paradigma-luis-costa-japopecas\/#breadcrumb","itemListElement":[{"@type":"ListItem","position":1,"name":"In\u00edcio","item":"https:\/\/jornaldasoficinas.com\/pt\/"},{"@type":"ListItem","position":2,"name":"\u201cA entrada de distribuidores espanh\u00f3is muda o paradigma\u201d, Lu\u00eds Costa, Japope\u00e7as"}]},{"@type":"WebSite","@id":"https:\/\/jornaldasoficinas.com\/pt\/#website","url":"https:\/\/jornaldasoficinas.com\/pt\/","name":"Jornal das Oficinas","description":"Jornal independente do Aftermarket Autom\u00f3vel em Portugal","publisher":{"@id":"https:\/\/jornaldasoficinas.com\/pt\/#organization"},"potentialAction":[{"@type":"SearchAction","target":{"@type":"EntryPoint","urlTemplate":"https:\/\/jornaldasoficinas.com\/pt\/?s={search_term_string}"},"query-input":{"@type":"PropertyValueSpecification","valueRequired":true,"valueName":"search_term_string"}}],"inLanguage":"pt-PT"},{"@type":"Organization","@id":"https:\/\/jornaldasoficinas.com\/pt\/#organization","name":"Jornal das Oficinas","url":"https:\/\/jornaldasoficinas.com\/pt\/","logo":{"@type":"ImageObject","inLanguage":"pt-PT","@id":"https:\/\/jornaldasoficinas.com\/pt\/#\/schema\/logo\/image\/","url":"https:\/\/jornaldasoficinas.com\/pt\/wp-content\/uploads\/logoJO-SEO.png","contentUrl":"https:\/\/jornaldasoficinas.com\/pt\/wp-content\/uploads\/logoJO-SEO.png","width":285,"height":450,"caption":"Jornal das Oficinas"},"image":{"@id":"https:\/\/jornaldasoficinas.com\/pt\/#\/schema\/logo\/image\/"},"sameAs":["https:\/\/www.facebook.com\/jornaloficinas","https:\/\/x.com\/jornaloficinas","https:\/\/www.instagram.com\/jornal_oficinas\/","https:\/\/www.linkedin.com\/company\/jornal-das-oficinas\/","https:\/\/www.youtube.com\/channel\/UCbQZBqtcvV-oSQrr7RzINGg"]},{"@type":"Person","@id":"https:\/\/jornaldasoficinas.com\/pt\/#\/schema\/person\/a38eef5de2c41d9e7c9ac10141afddf3","name":"Reda\u00e7\u00e3o JO","image":{"@type":"ImageObject","inLanguage":"pt-PT","@id":"https:\/\/secure.gravatar.com\/avatar\/71f2fa71737ad68a84fea94bc708ddac8ea5b0c4788dc2ad202f3ccb2887742f?s=96&d=wp_user_avatar&r=g","url":"https:\/\/secure.gravatar.com\/avatar\/71f2fa71737ad68a84fea94bc708ddac8ea5b0c4788dc2ad202f3ccb2887742f?s=96&d=wp_user_avatar&r=g","contentUrl":"https:\/\/secure.gravatar.com\/avatar\/71f2fa71737ad68a84fea94bc708ddac8ea5b0c4788dc2ad202f3ccb2887742f?s=96&d=wp_user_avatar&r=g","caption":"Reda\u00e7\u00e3o JO"},"url":"https:\/\/jornaldasoficinas.com\/pt\/author\/joredacao\/"}]}},"_links":{"self":[{"href":"https:\/\/jornaldasoficinas.com\/pt\/wp-json\/wp\/v2\/posts\/77061","targetHints":{"allow":["GET"]}}],"collection":[{"href":"https:\/\/jornaldasoficinas.com\/pt\/wp-json\/wp\/v2\/posts"}],"about":[{"href":"https:\/\/jornaldasoficinas.com\/pt\/wp-json\/wp\/v2\/types\/post"}],"author":[{"embeddable":true,"href":"https:\/\/jornaldasoficinas.com\/pt\/wp-json\/wp\/v2\/users\/15"}],"replies":[{"embeddable":true,"href":"https:\/\/jornaldasoficinas.com\/pt\/wp-json\/wp\/v2\/comments?post=77061"}],"version-history":[{"count":0,"href":"https:\/\/jornaldasoficinas.com\/pt\/wp-json\/wp\/v2\/posts\/77061\/revisions"}],"wp:featuredmedia":[{"embeddable":true,"href":"https:\/\/jornaldasoficinas.com\/pt\/wp-json\/wp\/v2\/media\/77062"}],"wp:attachment":[{"href":"https:\/\/jornaldasoficinas.com\/pt\/wp-json\/wp\/v2\/media?parent=77061"}],"wp:term":[{"taxonomy":"category","embeddable":true,"href":"https:\/\/jornaldasoficinas.com\/pt\/wp-json\/wp\/v2\/categories?post=77061"},{"taxonomy":"post_tag","embeddable":true,"href":"https:\/\/jornaldasoficinas.com\/pt\/wp-json\/wp\/v2\/tags?post=77061"}],"curies":[{"name":"wp","href":"https:\/\/api.w.org\/{rel}","templated":true}]}}