{"id":77143,"date":"2024-01-17T14:00:43","date_gmt":"2024-01-17T14:00:43","guid":{"rendered":"https:\/\/jornaldasoficinas.com\/pt\/?p=77143"},"modified":"2024-01-17T13:06:29","modified_gmt":"2024-01-17T13:06:29","slug":"veiculos-com-mais-de-15-anos-podem-ser-forcados-a-deixar-de-circular","status":"publish","type":"post","link":"https:\/\/jornaldasoficinas.com\/pt\/veiculos-com-mais-de-15-anos-podem-ser-forcados-a-deixar-de-circular\/","title":{"rendered":"Ve\u00edculos com mais de 15 anos podem ser \u2018for\u00e7ados\u2019 a deixar de circular"},"content":{"rendered":"<p><img loading=\"lazy\" decoding=\"async\" class=\"alignnone size-full wp-image-77144\" src=\"https:\/\/jornaldasoficinas.com\/pt\/wp-content\/uploads\/2024\/01\/Veiculos-com-mais-de-15-anos-podem-ser-\u2018forcados-a-deixar-de-circular.jpeg\" alt=\"01 - Veiculos com mais de 15 anos podem ser \u2018forcados a deixar de circular\" width=\"1024\" height=\"581\" srcset=\"https:\/\/jornaldasoficinas.com\/pt\/wp-content\/uploads\/2024\/01\/Veiculos-com-mais-de-15-anos-podem-ser-\u2018forcados-a-deixar-de-circular.jpeg 1024w, https:\/\/jornaldasoficinas.com\/pt\/wp-content\/uploads\/2024\/01\/Veiculos-com-mais-de-15-anos-podem-ser-\u2018forcados-a-deixar-de-circular-300x170.jpeg 300w, https:\/\/jornaldasoficinas.com\/pt\/wp-content\/uploads\/2024\/01\/Veiculos-com-mais-de-15-anos-podem-ser-\u2018forcados-a-deixar-de-circular-150x85.jpeg 150w, https:\/\/jornaldasoficinas.com\/pt\/wp-content\/uploads\/2024\/01\/Veiculos-com-mais-de-15-anos-podem-ser-\u2018forcados-a-deixar-de-circular-768x436.jpeg 768w\" sizes=\"auto, (max-width: 1024px) 100vw, 1024px\" \/><\/p>\n<p><strong>Parece que o setor autom\u00f3vel voltou a fazer das suas, o mesmo que dizer que a <a href=\"https:\/\/european-union.europa.eu\/index_pt\" target=\"_blank\" rel=\"noopener\">Uni\u00e3o Europeia<\/a> se prepara para lan\u00e7ar uma medida em que pro\u00edbe certas repara\u00e7\u00f5es em carros com 15 ou mais anos. Com esta proposta, a Comiss\u00e3o quer tornar-se no primeiro territ\u00f3rio do mundo sem emiss\u00f5es diretas do setor dos transportes at\u00e9 2050 <\/strong><\/p>\n<p>Para quem tem um carro com 15 ou mais anos as noticias n\u00e3o s\u00e3o animadoras. Ainda sem aprova\u00e7\u00e3o, a proposta da Comiss\u00e3o Europeia visa renovar o parque autom\u00f3vel, fazendo com que os condutores europeus adquiram ve\u00edculos mais novos e ecol\u00f3gicos.<\/p>\n<p>A proposta de Bruxelas assenta no conceito de ve\u00edculo residual, que \u00e9 uma esp\u00e9cie de categoria para viaturas com mais de 15 anos e cujas avarias afetem o motor, a caixa de velocidades, os trav\u00f5es, a dire\u00e7\u00e3o, chassis ou a carro\u00e7aria. Portanto, se este regulamento for aprovado, a repara\u00e7\u00e3o ou substitui\u00e7\u00e3o de qualquer um destes componentes, numa viatura com mais de 15 anos passa a ser proibida.<\/p>\n<p>Com esta proposta, a EU quer tornar-se no primeiro territ\u00f3rio do mundo sem emiss\u00f5es diretas do setor dos transportes at\u00e9 2050. No entanto, at\u00e9 2030, Bruxelas quer reduzir as emiss\u00f5es de transportes em 55%.<\/p>\n<p>Mas e se n\u00e3o for poss\u00edvel a repara\u00e7\u00e3o, o que acontece aos ve\u00edculos? Pois bem, caso n\u00e3o tenha \u2018solu\u00e7\u00e3o poss\u00edvel\u2019, provavelmente, o ve\u00edculo vai direto para a sucata, uma forma de promover a chamada economia circular.<\/p>\n<p>N\u00e3o se aflija, esta medida n\u00e3o \u00e9 para todos os propriet\u00e1rios com viaturas com mais de 15 anos, s\u00f3 ser\u00e1 aplic\u00e1vel a um n\u00famero muito reduzido de autom\u00f3veis, com as carater\u00edsticas j\u00e1 referidas acima e considerado dentro do conceito de ve\u00edculo em fim de vida \u00fatil.<\/p>\n<p>A responsabilidade de determinar se o seu ve\u00edculo est\u00e1 ou n\u00e3o em fim de vida, \u00e9 dos pr\u00f3prios fabricantes. Ou seja, caber\u00e1 aos fabricantes fornecer instru\u00e7\u00f5es detalhadas para a substitui\u00e7\u00e3o de pe\u00e7as, bem como determinar se um autom\u00f3vel ainda \u00e9 repar\u00e1vel ou se j\u00e1 atingiu o fim de vida \u00fatil. Isto para qu\u00ea? Para impedir que um carro que j\u00e1 n\u00e3o esteja em condi\u00e7\u00f5es possa continuar a ser vendido como ve\u00edculo usado.<\/p>\n<p>Ser\u00e1 considerado residual qualquer ve\u00edculo destinado a ser res\u00edduo, sem contaminar o meio ambiente e aproveitando parte dos seus componentes. E esse \u00e9 um dos principais pontos de pol\u00e9mica: a proposta de Bruxelas diz que qualquer ve\u00edculo ou residual, um ve\u00edculo cuja repara\u00e7\u00e3o exija a substitui\u00e7\u00e3o do motor, caixa de velocidades, carro\u00e7aria ou chassis, ou quaisquer outras repara\u00e7\u00f5es para que a viatura passe numa inspe\u00e7\u00e3o t\u00e9cnica.<\/p>\n<p>Em Portugal, um em cada quatro viaturas tem mais de 20 anos e a idade m\u00e9dia dos carros matriculados \u00e9 superior a 13 anos. E esta \u00e9 uma tend\u00eancia que se estende \u00e0s pot\u00eancias econ\u00f3micas da Uni\u00e3o Europeia.<\/p>\n<p>&nbsp;<\/p>\n","protected":false},"excerpt":{"rendered":"<p>Parece que o setor autom\u00f3vel voltou&#8230;<\/p>\n","protected":false},"author":15,"featured_media":77144,"comment_status":"closed","ping_status":"closed","sticky":false,"template":"","format":"standard","meta":{"footnotes":""},"categories":[37],"tags":[7125,7126,1819,1741],"class_list":["post-77143","post","type-post","status-publish","format-standard","has-post-thumbnail","hentry","category-mercado","tag-mais-de-15-anos","tag-proibe-certas-reparacoes","tag-uniao-europeia","tag-veiculos-em-fim-de-vida"],"yoast_head":"<!-- This site is optimized with the Yoast SEO plugin v27.4 - https:\/\/yoast.com\/product\/yoast-seo-wordpress\/ -->\n<title>Ve\u00edculos com mais de 15 anos podem ser \u2018for\u00e7ados\u2019 a deixar de circular - Jornal das Oficinas<\/title>\n<meta name=\"description\" content=\"A Uni\u00e3o Europeia prepara-se para lan\u00e7ar uma medida em que pro\u00edbe certas repara\u00e7\u00f5es em carros com 15 ou mais anos\" \/>\n<meta name=\"robots\" content=\"index, follow, max-snippet:-1, max-image-preview:large, max-video-preview:-1\" \/>\n<link rel=\"canonical\" href=\"https:\/\/jornaldasoficinas.com\/pt\/veiculos-com-mais-de-15-anos-podem-ser-forcados-a-deixar-de-circular\/\" \/>\n<meta property=\"og:locale\" content=\"pt_PT\" \/>\n<meta property=\"og:type\" content=\"article\" \/>\n<meta property=\"og:title\" content=\"Ve\u00edculos com mais de 15 anos podem ser \u2018for\u00e7ados\u2019 a deixar de circular - Jornal das Oficinas\" \/>\n<meta property=\"og:description\" content=\"A Uni\u00e3o Europeia prepara-se para lan\u00e7ar uma medida em que pro\u00edbe certas repara\u00e7\u00f5es em carros com 15 ou mais anos\" \/>\n<meta property=\"og:url\" content=\"https:\/\/jornaldasoficinas.com\/pt\/veiculos-com-mais-de-15-anos-podem-ser-forcados-a-deixar-de-circular\/\" \/>\n<meta property=\"og:site_name\" content=\"Jornal das Oficinas\" \/>\n<meta property=\"article:publisher\" content=\"https:\/\/www.facebook.com\/jornaloficinas\" \/>\n<meta property=\"article:published_time\" content=\"2024-01-17T14:00:43+00:00\" \/>\n<meta property=\"og:image\" content=\"https:\/\/jornaldasoficinas.com\/pt\/wp-content\/uploads\/2024\/01\/Veiculos-com-mais-de-15-anos-podem-ser-\u2018forcados-a-deixar-de-circular.jpeg\" \/>\n\t<meta property=\"og:image:width\" content=\"1024\" \/>\n\t<meta property=\"og:image:height\" content=\"581\" \/>\n\t<meta property=\"og:image:type\" content=\"image\/jpeg\" \/>\n<meta name=\"author\" content=\"Reda\u00e7\u00e3o JO\" \/>\n<meta name=\"twitter:card\" content=\"summary_large_image\" \/>\n<meta name=\"twitter:creator\" content=\"@jornaloficinas\" \/>\n<meta name=\"twitter:site\" content=\"@jornaloficinas\" \/>\n<meta name=\"twitter:label1\" content=\"Escrito por\" \/>\n\t<meta name=\"twitter:data1\" content=\"Reda\u00e7\u00e3o JO\" \/>\n\t<meta name=\"twitter:label2\" content=\"Tempo estimado de leitura\" \/>\n\t<meta name=\"twitter:data2\" content=\"3 minutos\" \/>\n<script type=\"application\/ld+json\" class=\"yoast-schema-graph\">{\"@context\":\"https:\\\/\\\/schema.org\",\"@graph\":[{\"@type\":\"Article\",\"@id\":\"https:\\\/\\\/jornaldasoficinas.com\\\/pt\\\/veiculos-com-mais-de-15-anos-podem-ser-forcados-a-deixar-de-circular\\\/#article\",\"isPartOf\":{\"@id\":\"https:\\\/\\\/jornaldasoficinas.com\\\/pt\\\/veiculos-com-mais-de-15-anos-podem-ser-forcados-a-deixar-de-circular\\\/\"},\"author\":{\"name\":\"Reda\u00e7\u00e3o JO\",\"@id\":\"https:\\\/\\\/jornaldasoficinas.com\\\/pt\\\/#\\\/schema\\\/person\\\/a38eef5de2c41d9e7c9ac10141afddf3\"},\"headline\":\"Ve\u00edculos com mais de 15 anos podem ser \u2018for\u00e7ados\u2019 a deixar de circular\",\"datePublished\":\"2024-01-17T14:00:43+00:00\",\"mainEntityOfPage\":{\"@id\":\"https:\\\/\\\/jornaldasoficinas.com\\\/pt\\\/veiculos-com-mais-de-15-anos-podem-ser-forcados-a-deixar-de-circular\\\/\"},\"wordCount\":521,\"publisher\":{\"@id\":\"https:\\\/\\\/jornaldasoficinas.com\\\/pt\\\/#organization\"},\"image\":{\"@id\":\"https:\\\/\\\/jornaldasoficinas.com\\\/pt\\\/veiculos-com-mais-de-15-anos-podem-ser-forcados-a-deixar-de-circular\\\/#primaryimage\"},\"thumbnailUrl\":\"https:\\\/\\\/jornaldasoficinas.com\\\/pt\\\/wp-content\\\/uploads\\\/2024\\\/01\\\/Veiculos-com-mais-de-15-anos-podem-ser-\u2018forcados-a-deixar-de-circular.jpeg\",\"keywords\":[\"Mais de 15 anos\",\"pro\u00edbe certas repara\u00e7\u00f5es\",\"Uni\u00e3o Europeia\",\"Ve\u00edculos em Fim de Vida\"],\"articleSection\":[\"Mercado\"],\"inLanguage\":\"pt-PT\"},{\"@type\":\"WebPage\",\"@id\":\"https:\\\/\\\/jornaldasoficinas.com\\\/pt\\\/veiculos-com-mais-de-15-anos-podem-ser-forcados-a-deixar-de-circular\\\/\",\"url\":\"https:\\\/\\\/jornaldasoficinas.com\\\/pt\\\/veiculos-com-mais-de-15-anos-podem-ser-forcados-a-deixar-de-circular\\\/\",\"name\":\"Ve\u00edculos com mais de 15 anos podem ser \u2018for\u00e7ados\u2019 a deixar de circular - Jornal das Oficinas\",\"isPartOf\":{\"@id\":\"https:\\\/\\\/jornaldasoficinas.com\\\/pt\\\/#website\"},\"primaryImageOfPage\":{\"@id\":\"https:\\\/\\\/jornaldasoficinas.com\\\/pt\\\/veiculos-com-mais-de-15-anos-podem-ser-forcados-a-deixar-de-circular\\\/#primaryimage\"},\"image\":{\"@id\":\"https:\\\/\\\/jornaldasoficinas.com\\\/pt\\\/veiculos-com-mais-de-15-anos-podem-ser-forcados-a-deixar-de-circular\\\/#primaryimage\"},\"thumbnailUrl\":\"https:\\\/\\\/jornaldasoficinas.com\\\/pt\\\/wp-content\\\/uploads\\\/2024\\\/01\\\/Veiculos-com-mais-de-15-anos-podem-ser-\u2018forcados-a-deixar-de-circular.jpeg\",\"datePublished\":\"2024-01-17T14:00:43+00:00\",\"description\":\"A Uni\u00e3o Europeia prepara-se para lan\u00e7ar uma medida em que pro\u00edbe certas repara\u00e7\u00f5es em carros com 15 ou mais anos\",\"breadcrumb\":{\"@id\":\"https:\\\/\\\/jornaldasoficinas.com\\\/pt\\\/veiculos-com-mais-de-15-anos-podem-ser-forcados-a-deixar-de-circular\\\/#breadcrumb\"},\"inLanguage\":\"pt-PT\",\"potentialAction\":[{\"@type\":\"ReadAction\",\"target\":[\"https:\\\/\\\/jornaldasoficinas.com\\\/pt\\\/veiculos-com-mais-de-15-anos-podem-ser-forcados-a-deixar-de-circular\\\/\"]}]},{\"@type\":\"ImageObject\",\"inLanguage\":\"pt-PT\",\"@id\":\"https:\\\/\\\/jornaldasoficinas.com\\\/pt\\\/veiculos-com-mais-de-15-anos-podem-ser-forcados-a-deixar-de-circular\\\/#primaryimage\",\"url\":\"https:\\\/\\\/jornaldasoficinas.com\\\/pt\\\/wp-content\\\/uploads\\\/2024\\\/01\\\/Veiculos-com-mais-de-15-anos-podem-ser-\u2018forcados-a-deixar-de-circular.jpeg\",\"contentUrl\":\"https:\\\/\\\/jornaldasoficinas.com\\\/pt\\\/wp-content\\\/uploads\\\/2024\\\/01\\\/Veiculos-com-mais-de-15-anos-podem-ser-\u2018forcados-a-deixar-de-circular.jpeg\",\"width\":1024,\"height\":581,\"caption\":\"01 - Veiculos com mais de 15 anos podem ser \u2018forcados a deixar de circular\"},{\"@type\":\"BreadcrumbList\",\"@id\":\"https:\\\/\\\/jornaldasoficinas.com\\\/pt\\\/veiculos-com-mais-de-15-anos-podem-ser-forcados-a-deixar-de-circular\\\/#breadcrumb\",\"itemListElement\":[{\"@type\":\"ListItem\",\"position\":1,\"name\":\"In\u00edcio\",\"item\":\"https:\\\/\\\/jornaldasoficinas.com\\\/pt\\\/\"},{\"@type\":\"ListItem\",\"position\":2,\"name\":\"Ve\u00edculos com mais de 15 anos podem ser \u2018for\u00e7ados\u2019 a deixar de circular\"}]},{\"@type\":\"WebSite\",\"@id\":\"https:\\\/\\\/jornaldasoficinas.com\\\/pt\\\/#website\",\"url\":\"https:\\\/\\\/jornaldasoficinas.com\\\/pt\\\/\",\"name\":\"Jornal das Oficinas\",\"description\":\"Jornal independente do Aftermarket Autom\u00f3vel em Portugal\",\"publisher\":{\"@id\":\"https:\\\/\\\/jornaldasoficinas.com\\\/pt\\\/#organization\"},\"potentialAction\":[{\"@type\":\"SearchAction\",\"target\":{\"@type\":\"EntryPoint\",\"urlTemplate\":\"https:\\\/\\\/jornaldasoficinas.com\\\/pt\\\/?s={search_term_string}\"},\"query-input\":{\"@type\":\"PropertyValueSpecification\",\"valueRequired\":true,\"valueName\":\"search_term_string\"}}],\"inLanguage\":\"pt-PT\"},{\"@type\":\"Organization\",\"@id\":\"https:\\\/\\\/jornaldasoficinas.com\\\/pt\\\/#organization\",\"name\":\"Jornal das Oficinas\",\"url\":\"https:\\\/\\\/jornaldasoficinas.com\\\/pt\\\/\",\"logo\":{\"@type\":\"ImageObject\",\"inLanguage\":\"pt-PT\",\"@id\":\"https:\\\/\\\/jornaldasoficinas.com\\\/pt\\\/#\\\/schema\\\/logo\\\/image\\\/\",\"url\":\"https:\\\/\\\/jornaldasoficinas.com\\\/pt\\\/wp-content\\\/uploads\\\/logoJO-SEO.png\",\"contentUrl\":\"https:\\\/\\\/jornaldasoficinas.com\\\/pt\\\/wp-content\\\/uploads\\\/logoJO-SEO.png\",\"width\":285,\"height\":450,\"caption\":\"Jornal das Oficinas\"},\"image\":{\"@id\":\"https:\\\/\\\/jornaldasoficinas.com\\\/pt\\\/#\\\/schema\\\/logo\\\/image\\\/\"},\"sameAs\":[\"https:\\\/\\\/www.facebook.com\\\/jornaloficinas\",\"https:\\\/\\\/x.com\\\/jornaloficinas\",\"https:\\\/\\\/www.instagram.com\\\/jornal_oficinas\\\/\",\"https:\\\/\\\/www.linkedin.com\\\/company\\\/jornal-das-oficinas\\\/\",\"https:\\\/\\\/www.youtube.com\\\/channel\\\/UCbQZBqtcvV-oSQrr7RzINGg\"]},{\"@type\":\"Person\",\"@id\":\"https:\\\/\\\/jornaldasoficinas.com\\\/pt\\\/#\\\/schema\\\/person\\\/a38eef5de2c41d9e7c9ac10141afddf3\",\"name\":\"Reda\u00e7\u00e3o JO\",\"image\":{\"@type\":\"ImageObject\",\"inLanguage\":\"pt-PT\",\"@id\":\"https:\\\/\\\/secure.gravatar.com\\\/avatar\\\/71f2fa71737ad68a84fea94bc708ddac8ea5b0c4788dc2ad202f3ccb2887742f?s=96&d=wp_user_avatar&r=g\",\"url\":\"https:\\\/\\\/secure.gravatar.com\\\/avatar\\\/71f2fa71737ad68a84fea94bc708ddac8ea5b0c4788dc2ad202f3ccb2887742f?s=96&d=wp_user_avatar&r=g\",\"contentUrl\":\"https:\\\/\\\/secure.gravatar.com\\\/avatar\\\/71f2fa71737ad68a84fea94bc708ddac8ea5b0c4788dc2ad202f3ccb2887742f?s=96&d=wp_user_avatar&r=g\",\"caption\":\"Reda\u00e7\u00e3o JO\"},\"url\":\"https:\\\/\\\/jornaldasoficinas.com\\\/pt\\\/author\\\/joredacao\\\/\"}]}<\/script>\n<!-- \/ Yoast SEO plugin. -->","yoast_head_json":{"title":"Ve\u00edculos com mais de 15 anos podem ser \u2018for\u00e7ados\u2019 a deixar de circular - Jornal das Oficinas","description":"A Uni\u00e3o Europeia prepara-se para lan\u00e7ar uma medida em que pro\u00edbe certas repara\u00e7\u00f5es em carros com 15 ou mais anos","robots":{"index":"index","follow":"follow","max-snippet":"max-snippet:-1","max-image-preview":"max-image-preview:large","max-video-preview":"max-video-preview:-1"},"canonical":"https:\/\/jornaldasoficinas.com\/pt\/veiculos-com-mais-de-15-anos-podem-ser-forcados-a-deixar-de-circular\/","og_locale":"pt_PT","og_type":"article","og_title":"Ve\u00edculos com mais de 15 anos podem ser \u2018for\u00e7ados\u2019 a deixar de circular - Jornal das Oficinas","og_description":"A Uni\u00e3o Europeia prepara-se para lan\u00e7ar uma medida em que pro\u00edbe certas repara\u00e7\u00f5es em carros com 15 ou mais anos","og_url":"https:\/\/jornaldasoficinas.com\/pt\/veiculos-com-mais-de-15-anos-podem-ser-forcados-a-deixar-de-circular\/","og_site_name":"Jornal das Oficinas","article_publisher":"https:\/\/www.facebook.com\/jornaloficinas","article_published_time":"2024-01-17T14:00:43+00:00","og_image":[{"width":1024,"height":581,"url":"https:\/\/jornaldasoficinas.com\/pt\/wp-content\/uploads\/2024\/01\/Veiculos-com-mais-de-15-anos-podem-ser-\u2018forcados-a-deixar-de-circular.jpeg","type":"image\/jpeg"}],"author":"Reda\u00e7\u00e3o JO","twitter_card":"summary_large_image","twitter_creator":"@jornaloficinas","twitter_site":"@jornaloficinas","twitter_misc":{"Escrito por":"Reda\u00e7\u00e3o JO","Tempo estimado de leitura":"3 minutos"},"schema":{"@context":"https:\/\/schema.org","@graph":[{"@type":"Article","@id":"https:\/\/jornaldasoficinas.com\/pt\/veiculos-com-mais-de-15-anos-podem-ser-forcados-a-deixar-de-circular\/#article","isPartOf":{"@id":"https:\/\/jornaldasoficinas.com\/pt\/veiculos-com-mais-de-15-anos-podem-ser-forcados-a-deixar-de-circular\/"},"author":{"name":"Reda\u00e7\u00e3o JO","@id":"https:\/\/jornaldasoficinas.com\/pt\/#\/schema\/person\/a38eef5de2c41d9e7c9ac10141afddf3"},"headline":"Ve\u00edculos com mais de 15 anos podem ser \u2018for\u00e7ados\u2019 a deixar de circular","datePublished":"2024-01-17T14:00:43+00:00","mainEntityOfPage":{"@id":"https:\/\/jornaldasoficinas.com\/pt\/veiculos-com-mais-de-15-anos-podem-ser-forcados-a-deixar-de-circular\/"},"wordCount":521,"publisher":{"@id":"https:\/\/jornaldasoficinas.com\/pt\/#organization"},"image":{"@id":"https:\/\/jornaldasoficinas.com\/pt\/veiculos-com-mais-de-15-anos-podem-ser-forcados-a-deixar-de-circular\/#primaryimage"},"thumbnailUrl":"https:\/\/jornaldasoficinas.com\/pt\/wp-content\/uploads\/2024\/01\/Veiculos-com-mais-de-15-anos-podem-ser-\u2018forcados-a-deixar-de-circular.jpeg","keywords":["Mais de 15 anos","pro\u00edbe certas repara\u00e7\u00f5es","Uni\u00e3o Europeia","Ve\u00edculos em Fim de Vida"],"articleSection":["Mercado"],"inLanguage":"pt-PT"},{"@type":"WebPage","@id":"https:\/\/jornaldasoficinas.com\/pt\/veiculos-com-mais-de-15-anos-podem-ser-forcados-a-deixar-de-circular\/","url":"https:\/\/jornaldasoficinas.com\/pt\/veiculos-com-mais-de-15-anos-podem-ser-forcados-a-deixar-de-circular\/","name":"Ve\u00edculos com mais de 15 anos podem ser \u2018for\u00e7ados\u2019 a deixar de circular - Jornal das Oficinas","isPartOf":{"@id":"https:\/\/jornaldasoficinas.com\/pt\/#website"},"primaryImageOfPage":{"@id":"https:\/\/jornaldasoficinas.com\/pt\/veiculos-com-mais-de-15-anos-podem-ser-forcados-a-deixar-de-circular\/#primaryimage"},"image":{"@id":"https:\/\/jornaldasoficinas.com\/pt\/veiculos-com-mais-de-15-anos-podem-ser-forcados-a-deixar-de-circular\/#primaryimage"},"thumbnailUrl":"https:\/\/jornaldasoficinas.com\/pt\/wp-content\/uploads\/2024\/01\/Veiculos-com-mais-de-15-anos-podem-ser-\u2018forcados-a-deixar-de-circular.jpeg","datePublished":"2024-01-17T14:00:43+00:00","description":"A Uni\u00e3o Europeia prepara-se para lan\u00e7ar uma medida em que pro\u00edbe certas repara\u00e7\u00f5es em carros com 15 ou mais anos","breadcrumb":{"@id":"https:\/\/jornaldasoficinas.com\/pt\/veiculos-com-mais-de-15-anos-podem-ser-forcados-a-deixar-de-circular\/#breadcrumb"},"inLanguage":"pt-PT","potentialAction":[{"@type":"ReadAction","target":["https:\/\/jornaldasoficinas.com\/pt\/veiculos-com-mais-de-15-anos-podem-ser-forcados-a-deixar-de-circular\/"]}]},{"@type":"ImageObject","inLanguage":"pt-PT","@id":"https:\/\/jornaldasoficinas.com\/pt\/veiculos-com-mais-de-15-anos-podem-ser-forcados-a-deixar-de-circular\/#primaryimage","url":"https:\/\/jornaldasoficinas.com\/pt\/wp-content\/uploads\/2024\/01\/Veiculos-com-mais-de-15-anos-podem-ser-\u2018forcados-a-deixar-de-circular.jpeg","contentUrl":"https:\/\/jornaldasoficinas.com\/pt\/wp-content\/uploads\/2024\/01\/Veiculos-com-mais-de-15-anos-podem-ser-\u2018forcados-a-deixar-de-circular.jpeg","width":1024,"height":581,"caption":"01 - Veiculos com mais de 15 anos podem ser \u2018forcados a deixar de circular"},{"@type":"BreadcrumbList","@id":"https:\/\/jornaldasoficinas.com\/pt\/veiculos-com-mais-de-15-anos-podem-ser-forcados-a-deixar-de-circular\/#breadcrumb","itemListElement":[{"@type":"ListItem","position":1,"name":"In\u00edcio","item":"https:\/\/jornaldasoficinas.com\/pt\/"},{"@type":"ListItem","position":2,"name":"Ve\u00edculos com mais de 15 anos podem ser \u2018for\u00e7ados\u2019 a deixar de circular"}]},{"@type":"WebSite","@id":"https:\/\/jornaldasoficinas.com\/pt\/#website","url":"https:\/\/jornaldasoficinas.com\/pt\/","name":"Jornal das Oficinas","description":"Jornal independente do Aftermarket Autom\u00f3vel em Portugal","publisher":{"@id":"https:\/\/jornaldasoficinas.com\/pt\/#organization"},"potentialAction":[{"@type":"SearchAction","target":{"@type":"EntryPoint","urlTemplate":"https:\/\/jornaldasoficinas.com\/pt\/?s={search_term_string}"},"query-input":{"@type":"PropertyValueSpecification","valueRequired":true,"valueName":"search_term_string"}}],"inLanguage":"pt-PT"},{"@type":"Organization","@id":"https:\/\/jornaldasoficinas.com\/pt\/#organization","name":"Jornal das Oficinas","url":"https:\/\/jornaldasoficinas.com\/pt\/","logo":{"@type":"ImageObject","inLanguage":"pt-PT","@id":"https:\/\/jornaldasoficinas.com\/pt\/#\/schema\/logo\/image\/","url":"https:\/\/jornaldasoficinas.com\/pt\/wp-content\/uploads\/logoJO-SEO.png","contentUrl":"https:\/\/jornaldasoficinas.com\/pt\/wp-content\/uploads\/logoJO-SEO.png","width":285,"height":450,"caption":"Jornal das Oficinas"},"image":{"@id":"https:\/\/jornaldasoficinas.com\/pt\/#\/schema\/logo\/image\/"},"sameAs":["https:\/\/www.facebook.com\/jornaloficinas","https:\/\/x.com\/jornaloficinas","https:\/\/www.instagram.com\/jornal_oficinas\/","https:\/\/www.linkedin.com\/company\/jornal-das-oficinas\/","https:\/\/www.youtube.com\/channel\/UCbQZBqtcvV-oSQrr7RzINGg"]},{"@type":"Person","@id":"https:\/\/jornaldasoficinas.com\/pt\/#\/schema\/person\/a38eef5de2c41d9e7c9ac10141afddf3","name":"Reda\u00e7\u00e3o JO","image":{"@type":"ImageObject","inLanguage":"pt-PT","@id":"https:\/\/secure.gravatar.com\/avatar\/71f2fa71737ad68a84fea94bc708ddac8ea5b0c4788dc2ad202f3ccb2887742f?s=96&d=wp_user_avatar&r=g","url":"https:\/\/secure.gravatar.com\/avatar\/71f2fa71737ad68a84fea94bc708ddac8ea5b0c4788dc2ad202f3ccb2887742f?s=96&d=wp_user_avatar&r=g","contentUrl":"https:\/\/secure.gravatar.com\/avatar\/71f2fa71737ad68a84fea94bc708ddac8ea5b0c4788dc2ad202f3ccb2887742f?s=96&d=wp_user_avatar&r=g","caption":"Reda\u00e7\u00e3o JO"},"url":"https:\/\/jornaldasoficinas.com\/pt\/author\/joredacao\/"}]}},"_links":{"self":[{"href":"https:\/\/jornaldasoficinas.com\/pt\/wp-json\/wp\/v2\/posts\/77143","targetHints":{"allow":["GET"]}}],"collection":[{"href":"https:\/\/jornaldasoficinas.com\/pt\/wp-json\/wp\/v2\/posts"}],"about":[{"href":"https:\/\/jornaldasoficinas.com\/pt\/wp-json\/wp\/v2\/types\/post"}],"author":[{"embeddable":true,"href":"https:\/\/jornaldasoficinas.com\/pt\/wp-json\/wp\/v2\/users\/15"}],"replies":[{"embeddable":true,"href":"https:\/\/jornaldasoficinas.com\/pt\/wp-json\/wp\/v2\/comments?post=77143"}],"version-history":[{"count":0,"href":"https:\/\/jornaldasoficinas.com\/pt\/wp-json\/wp\/v2\/posts\/77143\/revisions"}],"wp:featuredmedia":[{"embeddable":true,"href":"https:\/\/jornaldasoficinas.com\/pt\/wp-json\/wp\/v2\/media\/77144"}],"wp:attachment":[{"href":"https:\/\/jornaldasoficinas.com\/pt\/wp-json\/wp\/v2\/media?parent=77143"}],"wp:term":[{"taxonomy":"category","embeddable":true,"href":"https:\/\/jornaldasoficinas.com\/pt\/wp-json\/wp\/v2\/categories?post=77143"},{"taxonomy":"post_tag","embeddable":true,"href":"https:\/\/jornaldasoficinas.com\/pt\/wp-json\/wp\/v2\/tags?post=77143"}],"curies":[{"name":"wp","href":"https:\/\/api.w.org\/{rel}","templated":true}]}}