{"id":77248,"date":"2024-01-22T12:30:06","date_gmt":"2024-01-22T12:30:06","guid":{"rendered":"https:\/\/jornaldasoficinas.com\/pt\/?p=77248"},"modified":"2024-01-20T10:56:28","modified_gmt":"2024-01-20T10:56:28","slug":"conheca-os-veiculos-importados-que-mais-compensam","status":"publish","type":"post","link":"https:\/\/jornaldasoficinas.com\/pt\/conheca-os-veiculos-importados-que-mais-compensam\/","title":{"rendered":"Conhe\u00e7a os ve\u00edculos importados que mais compensam"},"content":{"rendered":"<p><img loading=\"lazy\" decoding=\"async\" class=\"alignnone size-full wp-image-77272\" src=\"https:\/\/jornaldasoficinas.com\/pt\/wp-content\/uploads\/2024\/01\/Conheca-os-veiculos-importados-que-mais-compensam.jpg\" alt=\"01 - Conheca os veiculos importados que mais compensam\" width=\"1024\" height=\"581\" srcset=\"https:\/\/jornaldasoficinas.com\/pt\/wp-content\/uploads\/2024\/01\/Conheca-os-veiculos-importados-que-mais-compensam.jpg 1024w, https:\/\/jornaldasoficinas.com\/pt\/wp-content\/uploads\/2024\/01\/Conheca-os-veiculos-importados-que-mais-compensam-300x170.jpg 300w, https:\/\/jornaldasoficinas.com\/pt\/wp-content\/uploads\/2024\/01\/Conheca-os-veiculos-importados-que-mais-compensam-150x85.jpg 150w, https:\/\/jornaldasoficinas.com\/pt\/wp-content\/uploads\/2024\/01\/Conheca-os-veiculos-importados-que-mais-compensam-768x436.jpg 768w\" sizes=\"auto, (max-width: 1024px) 100vw, 1024px\" \/><\/p>\n<p><strong>Perante o desafiante cen\u00e1rio econ\u00f3mico vivido em Portugal, a <a href=\"https:\/\/importrust.com\/\" target=\"_blank\" rel=\"noopener\">Importrust<\/a>, empresa de consultoria autom\u00f3vel, destaca \u2013 Mercedes C300, Volvo V60 T8 e VW GOLF GTI, como os tr\u00eas modelos de ve\u00edculos que mais compensa importar neste momento<\/strong><\/p>\n<p>A Importrust, empresa de consultoria autom\u00f3vel, consciente do cen\u00e1rio econ\u00f3mico nacional e de como este tem impactado significativamente a vida dos portugueses, apresenta a importa\u00e7\u00e3o como uma alternativa \u00e0 aquisi\u00e7\u00e3o autom\u00f3vel e destaca os modelos Mercedes C300, Volvo V60 T8 e VW GOLF GTI como aqueles que mais compensa importar na medida em que o consumidor consegue poupar.<\/p>\n<p>Adquirir um ve\u00edculo importado tem sido uma solu\u00e7\u00e3o bastante vantajosa para as fam\u00edlias portuguesas, na medida em que conseguem poupar \u201cuma m\u00e9dia de 5 mil euros, nomeadamente se optarem pelo segmento de usados\u201d, segundo explica a Importrust em comunicado.<\/p>\n<p>Para al\u00e9m do acesso a uma maior variedade de marcas e modelos exclusivos, bem como pela celeridade, o pre\u00e7o \u00e9 uma das principais raz\u00f5es que t\u00eam levado os portugueses a importar um autom\u00f3vel.<\/p>\n<p>Deste modo, e com base na experi\u00eancia da Importrust, ser\u00e3o apresentados os tr\u00eas ve\u00edculos que mais compensam importar pelas vantagens econ\u00f3micas que trazem aos consumidores portugueses:<\/p>\n<p>O primeiro exemplo \u00e9 um Mercedes C300, de 2020, que em Portugal custa 34 mil euros. Este modelo importado tem o valor de 29 mil euros, levando a uma poupan\u00e7a de 5 mil euros.<\/p>\n<p>O segundo \u00e9 um Volvo V60 T8, tamb\u00e9m de 2020, cujo pre\u00e7o \u00e9 de 32 mil euros em Portugal. Importado, este autom\u00f3vel custa 28 mil euros, menos 4 mil euros que no mercado nacional. Estes dois modelos s\u00e3o h\u00edbridos e, por serem ve\u00edculos de baixas emiss\u00f5es poluentes e op\u00e7\u00f5es mais sustent\u00e1veis, oferecem incentivos fiscais significativos e beneficiam de um Imposto Sobre Ve\u00edculos (ISV) reduzido.<\/p>\n<p>O terceiro \u00e9 um VW GOLF GTI, de 2020, que tem o valor de 38 mil euros se adquirido em Portugal e de apenas 30 mil euros se importado, ou seja, um total de 8 mil euros de poupan\u00e7a.<\/p>\n<p>Este \u00faltimo autom\u00f3vel \u00e9 um modelo mais raro em Portugal, o que poder\u00e1 ser uma excelente oportunidade para os entusiastas de autom\u00f3veis desportivos. Por essa raz\u00e3o, a sua importa\u00e7\u00e3o proporciona uma poupan\u00e7a consider\u00e1vel em compara\u00e7\u00e3o com os pre\u00e7os praticados pelo mercado nacional.<\/p>\n<p>\u201cAl\u00e9m do acesso a uma ampla gama de modelos a pre\u00e7os mais acess\u00edveis, a importa\u00e7\u00e3o permite ainda que os consumidores obtenham ve\u00edculos com caracter\u00edsticas de seguran\u00e7a e efici\u00eancia energ\u00e9tica avan\u00e7adas que ainda n\u00e3o est\u00e3o dispon\u00edveis em Portugal. Paralelamente, com o aumento do foco na sustentabilidade, a importa\u00e7\u00e3o de carros h\u00edbridos e el\u00e9tricos tem sido bastante popular.<\/p>\n<p>Muitas vezes, estas op\u00e7\u00f5es tecnologicamente superiores e mais amigas do ambiente s\u00e3o dif\u00edceis de encontrar no mercado nacional, pelo que \u00e9 aqui que a Importrust entra. Desde a sele\u00e7\u00e3o do autom\u00f3vel at\u00e9 \u00e0 sua entrega, n\u00f3s temos o objetivo de simplificar todo o processo de importa\u00e7\u00e3o, tornando a experi\u00eancia do cliente o mais transparente e eficaz poss\u00edvel\u201d, comenta Ant\u00f3nio E\u00e7a, Managing Partner da Importrust.<\/p>\n<p>&nbsp;<\/p>\n","protected":false},"excerpt":{"rendered":"<p>Perante o desafiante cen\u00e1rio econ\u00f3mico vivido&#8230;<\/p>\n","protected":false},"author":15,"featured_media":77272,"comment_status":"closed","ping_status":"closed","sticky":false,"template":"","format":"standard","meta":{"footnotes":""},"categories":[37],"tags":[5844,5843,5845],"class_list":["post-77248","post","type-post","status-publish","format-standard","has-post-thumbnail","hentry","category-mercado","tag-consultoria-automovel","tag-importrust","tag-veiculos-importados"],"yoast_head":"<!-- This site is optimized with the Yoast SEO plugin v27.4 - https:\/\/yoast.com\/product\/yoast-seo-wordpress\/ -->\n<title>Conhe\u00e7a os ve\u00edculos importados que mais compensam - Jornal das Oficinas<\/title>\n<meta name=\"description\" content=\"Perante o desafiante cen\u00e1rio econ\u00f3mico vivido em Portugal, a Importrust, empresa de consultoria autom\u00f3vel, destaca \u2013 Mercedes C300\" \/>\n<meta name=\"robots\" content=\"index, follow, max-snippet:-1, max-image-preview:large, max-video-preview:-1\" \/>\n<link rel=\"canonical\" href=\"https:\/\/jornaldasoficinas.com\/pt\/conheca-os-veiculos-importados-que-mais-compensam\/\" \/>\n<meta property=\"og:locale\" content=\"pt_PT\" \/>\n<meta property=\"og:type\" content=\"article\" \/>\n<meta property=\"og:title\" content=\"Conhe\u00e7a os ve\u00edculos importados que mais compensam - Jornal das Oficinas\" \/>\n<meta property=\"og:description\" content=\"Perante o desafiante cen\u00e1rio econ\u00f3mico vivido em Portugal, a Importrust, empresa de consultoria autom\u00f3vel, destaca \u2013 Mercedes C300\" \/>\n<meta property=\"og:url\" content=\"https:\/\/jornaldasoficinas.com\/pt\/conheca-os-veiculos-importados-que-mais-compensam\/\" \/>\n<meta property=\"og:site_name\" content=\"Jornal das Oficinas\" \/>\n<meta property=\"article:publisher\" content=\"https:\/\/www.facebook.com\/jornaloficinas\" \/>\n<meta property=\"article:published_time\" content=\"2024-01-22T12:30:06+00:00\" \/>\n<meta property=\"og:image\" content=\"https:\/\/jornaldasoficinas.com\/pt\/wp-content\/uploads\/2024\/01\/Conheca-os-veiculos-importados-que-mais-compensam.jpg\" \/>\n\t<meta property=\"og:image:width\" content=\"1024\" \/>\n\t<meta property=\"og:image:height\" content=\"581\" \/>\n\t<meta property=\"og:image:type\" content=\"image\/jpeg\" \/>\n<meta name=\"author\" content=\"Reda\u00e7\u00e3o JO\" \/>\n<meta name=\"twitter:card\" content=\"summary_large_image\" \/>\n<meta name=\"twitter:creator\" content=\"@jornaloficinas\" \/>\n<meta name=\"twitter:site\" content=\"@jornaloficinas\" \/>\n<meta name=\"twitter:label1\" content=\"Escrito por\" \/>\n\t<meta name=\"twitter:data1\" content=\"Reda\u00e7\u00e3o JO\" \/>\n\t<meta name=\"twitter:label2\" content=\"Tempo estimado de leitura\" \/>\n\t<meta name=\"twitter:data2\" content=\"4 minutos\" \/>\n<script type=\"application\/ld+json\" class=\"yoast-schema-graph\">{\"@context\":\"https:\\\/\\\/schema.org\",\"@graph\":[{\"@type\":\"Article\",\"@id\":\"https:\\\/\\\/jornaldasoficinas.com\\\/pt\\\/conheca-os-veiculos-importados-que-mais-compensam\\\/#article\",\"isPartOf\":{\"@id\":\"https:\\\/\\\/jornaldasoficinas.com\\\/pt\\\/conheca-os-veiculos-importados-que-mais-compensam\\\/\"},\"author\":{\"name\":\"Reda\u00e7\u00e3o JO\",\"@id\":\"https:\\\/\\\/jornaldasoficinas.com\\\/pt\\\/#\\\/schema\\\/person\\\/a38eef5de2c41d9e7c9ac10141afddf3\"},\"headline\":\"Conhe\u00e7a os ve\u00edculos importados que mais compensam\",\"datePublished\":\"2024-01-22T12:30:06+00:00\",\"mainEntityOfPage\":{\"@id\":\"https:\\\/\\\/jornaldasoficinas.com\\\/pt\\\/conheca-os-veiculos-importados-que-mais-compensam\\\/\"},\"wordCount\":551,\"publisher\":{\"@id\":\"https:\\\/\\\/jornaldasoficinas.com\\\/pt\\\/#organization\"},\"image\":{\"@id\":\"https:\\\/\\\/jornaldasoficinas.com\\\/pt\\\/conheca-os-veiculos-importados-que-mais-compensam\\\/#primaryimage\"},\"thumbnailUrl\":\"https:\\\/\\\/jornaldasoficinas.com\\\/pt\\\/wp-content\\\/uploads\\\/2024\\\/01\\\/Conheca-os-veiculos-importados-que-mais-compensam.jpg\",\"keywords\":[\"consultoria autom\u00f3vel\",\"Importrust\",\"ve\u00edculos importados\"],\"articleSection\":[\"Mercado\"],\"inLanguage\":\"pt-PT\"},{\"@type\":\"WebPage\",\"@id\":\"https:\\\/\\\/jornaldasoficinas.com\\\/pt\\\/conheca-os-veiculos-importados-que-mais-compensam\\\/\",\"url\":\"https:\\\/\\\/jornaldasoficinas.com\\\/pt\\\/conheca-os-veiculos-importados-que-mais-compensam\\\/\",\"name\":\"Conhe\u00e7a os ve\u00edculos importados que mais compensam - Jornal das Oficinas\",\"isPartOf\":{\"@id\":\"https:\\\/\\\/jornaldasoficinas.com\\\/pt\\\/#website\"},\"primaryImageOfPage\":{\"@id\":\"https:\\\/\\\/jornaldasoficinas.com\\\/pt\\\/conheca-os-veiculos-importados-que-mais-compensam\\\/#primaryimage\"},\"image\":{\"@id\":\"https:\\\/\\\/jornaldasoficinas.com\\\/pt\\\/conheca-os-veiculos-importados-que-mais-compensam\\\/#primaryimage\"},\"thumbnailUrl\":\"https:\\\/\\\/jornaldasoficinas.com\\\/pt\\\/wp-content\\\/uploads\\\/2024\\\/01\\\/Conheca-os-veiculos-importados-que-mais-compensam.jpg\",\"datePublished\":\"2024-01-22T12:30:06+00:00\",\"description\":\"Perante o desafiante cen\u00e1rio econ\u00f3mico vivido em Portugal, a Importrust, empresa de consultoria autom\u00f3vel, destaca \u2013 Mercedes C300\",\"breadcrumb\":{\"@id\":\"https:\\\/\\\/jornaldasoficinas.com\\\/pt\\\/conheca-os-veiculos-importados-que-mais-compensam\\\/#breadcrumb\"},\"inLanguage\":\"pt-PT\",\"potentialAction\":[{\"@type\":\"ReadAction\",\"target\":[\"https:\\\/\\\/jornaldasoficinas.com\\\/pt\\\/conheca-os-veiculos-importados-que-mais-compensam\\\/\"]}]},{\"@type\":\"ImageObject\",\"inLanguage\":\"pt-PT\",\"@id\":\"https:\\\/\\\/jornaldasoficinas.com\\\/pt\\\/conheca-os-veiculos-importados-que-mais-compensam\\\/#primaryimage\",\"url\":\"https:\\\/\\\/jornaldasoficinas.com\\\/pt\\\/wp-content\\\/uploads\\\/2024\\\/01\\\/Conheca-os-veiculos-importados-que-mais-compensam.jpg\",\"contentUrl\":\"https:\\\/\\\/jornaldasoficinas.com\\\/pt\\\/wp-content\\\/uploads\\\/2024\\\/01\\\/Conheca-os-veiculos-importados-que-mais-compensam.jpg\",\"width\":1024,\"height\":581,\"caption\":\"01 - Conheca os veiculos importados que mais compensam\"},{\"@type\":\"BreadcrumbList\",\"@id\":\"https:\\\/\\\/jornaldasoficinas.com\\\/pt\\\/conheca-os-veiculos-importados-que-mais-compensam\\\/#breadcrumb\",\"itemListElement\":[{\"@type\":\"ListItem\",\"position\":1,\"name\":\"In\u00edcio\",\"item\":\"https:\\\/\\\/jornaldasoficinas.com\\\/pt\\\/\"},{\"@type\":\"ListItem\",\"position\":2,\"name\":\"Conhe\u00e7a os ve\u00edculos importados que mais compensam\"}]},{\"@type\":\"WebSite\",\"@id\":\"https:\\\/\\\/jornaldasoficinas.com\\\/pt\\\/#website\",\"url\":\"https:\\\/\\\/jornaldasoficinas.com\\\/pt\\\/\",\"name\":\"Jornal das Oficinas\",\"description\":\"Jornal independente do Aftermarket Autom\u00f3vel em Portugal\",\"publisher\":{\"@id\":\"https:\\\/\\\/jornaldasoficinas.com\\\/pt\\\/#organization\"},\"potentialAction\":[{\"@type\":\"SearchAction\",\"target\":{\"@type\":\"EntryPoint\",\"urlTemplate\":\"https:\\\/\\\/jornaldasoficinas.com\\\/pt\\\/?s={search_term_string}\"},\"query-input\":{\"@type\":\"PropertyValueSpecification\",\"valueRequired\":true,\"valueName\":\"search_term_string\"}}],\"inLanguage\":\"pt-PT\"},{\"@type\":\"Organization\",\"@id\":\"https:\\\/\\\/jornaldasoficinas.com\\\/pt\\\/#organization\",\"name\":\"Jornal das Oficinas\",\"url\":\"https:\\\/\\\/jornaldasoficinas.com\\\/pt\\\/\",\"logo\":{\"@type\":\"ImageObject\",\"inLanguage\":\"pt-PT\",\"@id\":\"https:\\\/\\\/jornaldasoficinas.com\\\/pt\\\/#\\\/schema\\\/logo\\\/image\\\/\",\"url\":\"https:\\\/\\\/jornaldasoficinas.com\\\/pt\\\/wp-content\\\/uploads\\\/logoJO-SEO.png\",\"contentUrl\":\"https:\\\/\\\/jornaldasoficinas.com\\\/pt\\\/wp-content\\\/uploads\\\/logoJO-SEO.png\",\"width\":285,\"height\":450,\"caption\":\"Jornal das Oficinas\"},\"image\":{\"@id\":\"https:\\\/\\\/jornaldasoficinas.com\\\/pt\\\/#\\\/schema\\\/logo\\\/image\\\/\"},\"sameAs\":[\"https:\\\/\\\/www.facebook.com\\\/jornaloficinas\",\"https:\\\/\\\/x.com\\\/jornaloficinas\",\"https:\\\/\\\/www.instagram.com\\\/jornal_oficinas\\\/\",\"https:\\\/\\\/www.linkedin.com\\\/company\\\/jornal-das-oficinas\\\/\",\"https:\\\/\\\/www.youtube.com\\\/channel\\\/UCbQZBqtcvV-oSQrr7RzINGg\"]},{\"@type\":\"Person\",\"@id\":\"https:\\\/\\\/jornaldasoficinas.com\\\/pt\\\/#\\\/schema\\\/person\\\/a38eef5de2c41d9e7c9ac10141afddf3\",\"name\":\"Reda\u00e7\u00e3o JO\",\"image\":{\"@type\":\"ImageObject\",\"inLanguage\":\"pt-PT\",\"@id\":\"https:\\\/\\\/secure.gravatar.com\\\/avatar\\\/71f2fa71737ad68a84fea94bc708ddac8ea5b0c4788dc2ad202f3ccb2887742f?s=96&d=wp_user_avatar&r=g\",\"url\":\"https:\\\/\\\/secure.gravatar.com\\\/avatar\\\/71f2fa71737ad68a84fea94bc708ddac8ea5b0c4788dc2ad202f3ccb2887742f?s=96&d=wp_user_avatar&r=g\",\"contentUrl\":\"https:\\\/\\\/secure.gravatar.com\\\/avatar\\\/71f2fa71737ad68a84fea94bc708ddac8ea5b0c4788dc2ad202f3ccb2887742f?s=96&d=wp_user_avatar&r=g\",\"caption\":\"Reda\u00e7\u00e3o JO\"},\"url\":\"https:\\\/\\\/jornaldasoficinas.com\\\/pt\\\/author\\\/joredacao\\\/\"}]}<\/script>\n<!-- \/ Yoast SEO plugin. -->","yoast_head_json":{"title":"Conhe\u00e7a os ve\u00edculos importados que mais compensam - Jornal das Oficinas","description":"Perante o desafiante cen\u00e1rio econ\u00f3mico vivido em Portugal, a Importrust, empresa de consultoria autom\u00f3vel, destaca \u2013 Mercedes C300","robots":{"index":"index","follow":"follow","max-snippet":"max-snippet:-1","max-image-preview":"max-image-preview:large","max-video-preview":"max-video-preview:-1"},"canonical":"https:\/\/jornaldasoficinas.com\/pt\/conheca-os-veiculos-importados-que-mais-compensam\/","og_locale":"pt_PT","og_type":"article","og_title":"Conhe\u00e7a os ve\u00edculos importados que mais compensam - Jornal das Oficinas","og_description":"Perante o desafiante cen\u00e1rio econ\u00f3mico vivido em Portugal, a Importrust, empresa de consultoria autom\u00f3vel, destaca \u2013 Mercedes C300","og_url":"https:\/\/jornaldasoficinas.com\/pt\/conheca-os-veiculos-importados-que-mais-compensam\/","og_site_name":"Jornal das Oficinas","article_publisher":"https:\/\/www.facebook.com\/jornaloficinas","article_published_time":"2024-01-22T12:30:06+00:00","og_image":[{"width":1024,"height":581,"url":"https:\/\/jornaldasoficinas.com\/pt\/wp-content\/uploads\/2024\/01\/Conheca-os-veiculos-importados-que-mais-compensam.jpg","type":"image\/jpeg"}],"author":"Reda\u00e7\u00e3o JO","twitter_card":"summary_large_image","twitter_creator":"@jornaloficinas","twitter_site":"@jornaloficinas","twitter_misc":{"Escrito por":"Reda\u00e7\u00e3o JO","Tempo estimado de leitura":"4 minutos"},"schema":{"@context":"https:\/\/schema.org","@graph":[{"@type":"Article","@id":"https:\/\/jornaldasoficinas.com\/pt\/conheca-os-veiculos-importados-que-mais-compensam\/#article","isPartOf":{"@id":"https:\/\/jornaldasoficinas.com\/pt\/conheca-os-veiculos-importados-que-mais-compensam\/"},"author":{"name":"Reda\u00e7\u00e3o JO","@id":"https:\/\/jornaldasoficinas.com\/pt\/#\/schema\/person\/a38eef5de2c41d9e7c9ac10141afddf3"},"headline":"Conhe\u00e7a os ve\u00edculos importados que mais compensam","datePublished":"2024-01-22T12:30:06+00:00","mainEntityOfPage":{"@id":"https:\/\/jornaldasoficinas.com\/pt\/conheca-os-veiculos-importados-que-mais-compensam\/"},"wordCount":551,"publisher":{"@id":"https:\/\/jornaldasoficinas.com\/pt\/#organization"},"image":{"@id":"https:\/\/jornaldasoficinas.com\/pt\/conheca-os-veiculos-importados-que-mais-compensam\/#primaryimage"},"thumbnailUrl":"https:\/\/jornaldasoficinas.com\/pt\/wp-content\/uploads\/2024\/01\/Conheca-os-veiculos-importados-que-mais-compensam.jpg","keywords":["consultoria autom\u00f3vel","Importrust","ve\u00edculos importados"],"articleSection":["Mercado"],"inLanguage":"pt-PT"},{"@type":"WebPage","@id":"https:\/\/jornaldasoficinas.com\/pt\/conheca-os-veiculos-importados-que-mais-compensam\/","url":"https:\/\/jornaldasoficinas.com\/pt\/conheca-os-veiculos-importados-que-mais-compensam\/","name":"Conhe\u00e7a os ve\u00edculos importados que mais compensam - Jornal das Oficinas","isPartOf":{"@id":"https:\/\/jornaldasoficinas.com\/pt\/#website"},"primaryImageOfPage":{"@id":"https:\/\/jornaldasoficinas.com\/pt\/conheca-os-veiculos-importados-que-mais-compensam\/#primaryimage"},"image":{"@id":"https:\/\/jornaldasoficinas.com\/pt\/conheca-os-veiculos-importados-que-mais-compensam\/#primaryimage"},"thumbnailUrl":"https:\/\/jornaldasoficinas.com\/pt\/wp-content\/uploads\/2024\/01\/Conheca-os-veiculos-importados-que-mais-compensam.jpg","datePublished":"2024-01-22T12:30:06+00:00","description":"Perante o desafiante cen\u00e1rio econ\u00f3mico vivido em Portugal, a Importrust, empresa de consultoria autom\u00f3vel, destaca \u2013 Mercedes C300","breadcrumb":{"@id":"https:\/\/jornaldasoficinas.com\/pt\/conheca-os-veiculos-importados-que-mais-compensam\/#breadcrumb"},"inLanguage":"pt-PT","potentialAction":[{"@type":"ReadAction","target":["https:\/\/jornaldasoficinas.com\/pt\/conheca-os-veiculos-importados-que-mais-compensam\/"]}]},{"@type":"ImageObject","inLanguage":"pt-PT","@id":"https:\/\/jornaldasoficinas.com\/pt\/conheca-os-veiculos-importados-que-mais-compensam\/#primaryimage","url":"https:\/\/jornaldasoficinas.com\/pt\/wp-content\/uploads\/2024\/01\/Conheca-os-veiculos-importados-que-mais-compensam.jpg","contentUrl":"https:\/\/jornaldasoficinas.com\/pt\/wp-content\/uploads\/2024\/01\/Conheca-os-veiculos-importados-que-mais-compensam.jpg","width":1024,"height":581,"caption":"01 - Conheca os veiculos importados que mais compensam"},{"@type":"BreadcrumbList","@id":"https:\/\/jornaldasoficinas.com\/pt\/conheca-os-veiculos-importados-que-mais-compensam\/#breadcrumb","itemListElement":[{"@type":"ListItem","position":1,"name":"In\u00edcio","item":"https:\/\/jornaldasoficinas.com\/pt\/"},{"@type":"ListItem","position":2,"name":"Conhe\u00e7a os ve\u00edculos importados que mais compensam"}]},{"@type":"WebSite","@id":"https:\/\/jornaldasoficinas.com\/pt\/#website","url":"https:\/\/jornaldasoficinas.com\/pt\/","name":"Jornal das Oficinas","description":"Jornal independente do Aftermarket Autom\u00f3vel em Portugal","publisher":{"@id":"https:\/\/jornaldasoficinas.com\/pt\/#organization"},"potentialAction":[{"@type":"SearchAction","target":{"@type":"EntryPoint","urlTemplate":"https:\/\/jornaldasoficinas.com\/pt\/?s={search_term_string}"},"query-input":{"@type":"PropertyValueSpecification","valueRequired":true,"valueName":"search_term_string"}}],"inLanguage":"pt-PT"},{"@type":"Organization","@id":"https:\/\/jornaldasoficinas.com\/pt\/#organization","name":"Jornal das Oficinas","url":"https:\/\/jornaldasoficinas.com\/pt\/","logo":{"@type":"ImageObject","inLanguage":"pt-PT","@id":"https:\/\/jornaldasoficinas.com\/pt\/#\/schema\/logo\/image\/","url":"https:\/\/jornaldasoficinas.com\/pt\/wp-content\/uploads\/logoJO-SEO.png","contentUrl":"https:\/\/jornaldasoficinas.com\/pt\/wp-content\/uploads\/logoJO-SEO.png","width":285,"height":450,"caption":"Jornal das Oficinas"},"image":{"@id":"https:\/\/jornaldasoficinas.com\/pt\/#\/schema\/logo\/image\/"},"sameAs":["https:\/\/www.facebook.com\/jornaloficinas","https:\/\/x.com\/jornaloficinas","https:\/\/www.instagram.com\/jornal_oficinas\/","https:\/\/www.linkedin.com\/company\/jornal-das-oficinas\/","https:\/\/www.youtube.com\/channel\/UCbQZBqtcvV-oSQrr7RzINGg"]},{"@type":"Person","@id":"https:\/\/jornaldasoficinas.com\/pt\/#\/schema\/person\/a38eef5de2c41d9e7c9ac10141afddf3","name":"Reda\u00e7\u00e3o JO","image":{"@type":"ImageObject","inLanguage":"pt-PT","@id":"https:\/\/secure.gravatar.com\/avatar\/71f2fa71737ad68a84fea94bc708ddac8ea5b0c4788dc2ad202f3ccb2887742f?s=96&d=wp_user_avatar&r=g","url":"https:\/\/secure.gravatar.com\/avatar\/71f2fa71737ad68a84fea94bc708ddac8ea5b0c4788dc2ad202f3ccb2887742f?s=96&d=wp_user_avatar&r=g","contentUrl":"https:\/\/secure.gravatar.com\/avatar\/71f2fa71737ad68a84fea94bc708ddac8ea5b0c4788dc2ad202f3ccb2887742f?s=96&d=wp_user_avatar&r=g","caption":"Reda\u00e7\u00e3o JO"},"url":"https:\/\/jornaldasoficinas.com\/pt\/author\/joredacao\/"}]}},"_links":{"self":[{"href":"https:\/\/jornaldasoficinas.com\/pt\/wp-json\/wp\/v2\/posts\/77248","targetHints":{"allow":["GET"]}}],"collection":[{"href":"https:\/\/jornaldasoficinas.com\/pt\/wp-json\/wp\/v2\/posts"}],"about":[{"href":"https:\/\/jornaldasoficinas.com\/pt\/wp-json\/wp\/v2\/types\/post"}],"author":[{"embeddable":true,"href":"https:\/\/jornaldasoficinas.com\/pt\/wp-json\/wp\/v2\/users\/15"}],"replies":[{"embeddable":true,"href":"https:\/\/jornaldasoficinas.com\/pt\/wp-json\/wp\/v2\/comments?post=77248"}],"version-history":[{"count":0,"href":"https:\/\/jornaldasoficinas.com\/pt\/wp-json\/wp\/v2\/posts\/77248\/revisions"}],"wp:featuredmedia":[{"embeddable":true,"href":"https:\/\/jornaldasoficinas.com\/pt\/wp-json\/wp\/v2\/media\/77272"}],"wp:attachment":[{"href":"https:\/\/jornaldasoficinas.com\/pt\/wp-json\/wp\/v2\/media?parent=77248"}],"wp:term":[{"taxonomy":"category","embeddable":true,"href":"https:\/\/jornaldasoficinas.com\/pt\/wp-json\/wp\/v2\/categories?post=77248"},{"taxonomy":"post_tag","embeddable":true,"href":"https:\/\/jornaldasoficinas.com\/pt\/wp-json\/wp\/v2\/tags?post=77248"}],"curies":[{"name":"wp","href":"https:\/\/api.w.org\/{rel}","templated":true}]}}