{"id":77292,"date":"2024-01-19T18:30:23","date_gmt":"2024-01-19T18:30:23","guid":{"rendered":"https:\/\/jornaldasoficinas.com\/pt\/?p=77292"},"modified":"2024-01-19T16:58:13","modified_gmt":"2024-01-19T16:58:13","slug":"passeio-dos-ingleses-volta-a-espalhar-charme-por-lisboa-e-porto","status":"publish","type":"post","link":"https:\/\/jornaldasoficinas.com\/pt\/passeio-dos-ingleses-volta-a-espalhar-charme-por-lisboa-e-porto\/","title":{"rendered":"Passeio dos Ingleses volta a espalhar charme por Lisboa e Porto"},"content":{"rendered":"<p><img loading=\"lazy\" decoding=\"async\" class=\"alignnone size-full wp-image-77294\" src=\"https:\/\/jornaldasoficinas.com\/pt\/wp-content\/uploads\/2024\/01\/Passeio-dos-Ingleses-volta-a-espalhar-charme-por-Lisboa-e-Porto-4.png\" alt=\"01 - Passeio dos Ingleses volta a espalhar charme por Lisboa e Porto 4\" width=\"1024\" height=\"580\" srcset=\"https:\/\/jornaldasoficinas.com\/pt\/wp-content\/uploads\/2024\/01\/Passeio-dos-Ingleses-volta-a-espalhar-charme-por-Lisboa-e-Porto-4.png 1024w, https:\/\/jornaldasoficinas.com\/pt\/wp-content\/uploads\/2024\/01\/Passeio-dos-Ingleses-volta-a-espalhar-charme-por-Lisboa-e-Porto-4-300x170.png 300w, https:\/\/jornaldasoficinas.com\/pt\/wp-content\/uploads\/2024\/01\/Passeio-dos-Ingleses-volta-a-espalhar-charme-por-Lisboa-e-Porto-4-150x85.png 150w, https:\/\/jornaldasoficinas.com\/pt\/wp-content\/uploads\/2024\/01\/Passeio-dos-Ingleses-volta-a-espalhar-charme-por-Lisboa-e-Porto-4-768x435.png 768w\" sizes=\"auto, (max-width: 1024px) 100vw, 1024px\" \/><\/p>\n<p><strong>A 20.\u00aa edi\u00e7\u00e3o do <a href=\"https:\/\/www.acp.pt\/o-clube\/agenda\/agenda-de-eventos\/detalhe-do-evento\/evento\/218\" target=\"_blank\" rel=\"noopener\">Passeio dos Ingleses<\/a> vai para a estrada este s\u00e1bado, dia 20 de janeiro, \u00e0s 9 horas, com partidas de Lisboa e Porto. O evento organizado pelo <a href=\"https:\/\/www.acp.pt\/inicio\" target=\"_blank\" rel=\"noopener\">ACP<\/a> \u2013 Autom\u00f3vel Club de Portugal, vai reunir centenas de cl\u00e1ssicos que representam a hist\u00f3rica ind\u00fastria e cultura autom\u00f3vel brit\u00e2nica<\/strong><\/p>\n<p>O maior passeio europeu de carros ingleses, promovido pelo ACP \u2013 Autom\u00f3vel Club de Portugal, vai acontecer amanh\u00e3, dia 20 de janeiro, \u00e0s 9 horas, com partidas simult\u00e2neas em Lisboa e no Porto.<\/p>\n<p>Foi em 2004 que o ACP organizou, pela primeira vez, um passeio dedicado exclusivamente a autom\u00f3veis cl\u00e1ssicos de fabrico ingl\u00eas, revivendo o esp\u00edrito que apaixonou milh\u00f5es de aficionados em todo o mundo, com marcas como a Bentley, Jaguar, MG, Rolls Royce, Triumph, Morgan, Lotus, Aston Martin, Ford, Riley, Land Rover, Austin Morris ou Austin-Healey. Com partida de Lisboa, o evento cresceu, alargou-se tamb\u00e9m \u00e0 cidade do Porto e afirmou-se como um dos maiores passeios tem\u00e1ticos da Europa, atingindo este ano a sua 20\u00aa edi\u00e7\u00e3o.<\/p>\n<p>Este s\u00e1bado, centenas de cl\u00e1ssicos v\u00e3o espalhar charme nas duas localiza\u00e7\u00f5es do Passeio dos Ingleses: de Lisboa em dire\u00e7\u00e3o ao Alentejo e a \u00c9vora, e do Porto rumo a Anadia, na regi\u00e3o da Bairrada. Entre o vasto e diversificado lote de autom\u00f3veis, destaque para o carro mais antigo deste Passeio dos Ingleses, um MG J2 com quase um s\u00e9culo de hist\u00f3ria, fabricado em 1932.<\/p>\n<p>O Parque Eduardo VII \u00e9 o local de concentra\u00e7\u00e3o dos concorrentes em Lisboa, entre as 9h00 e as 9h30. A partida \u00e9 dada \u00e0s 10 horas e o extenso grupo \u2013 o mais numeroso de sempre em Lisboa \u2013 ter\u00e1 como destino final o Convento do Espinheiro, em \u00c9vora. A meio do percurso, os participantes dividem-se em Grupo Desportivo e Grupo Tur\u00edstico, seguindo os seus pr\u00f3prios itiner\u00e1rios. O Grupo Tur\u00edstico faz uma paragem para visita ao Monte Selvagem, no Lavre, enquanto o Grupo Desportivo poder\u00e1 acelerar no Kart\u00f3dromo de \u00c9vora, numa prova de Regularidade.<\/p>\n<p>No Porto, a concentra\u00e7\u00e3o acontece na Foz, tamb\u00e9m entre as 9h00 e as 9h30, com a partida a ser efetuada \u00e0s 10h00. O destino final \u00e9 a Quinta do Encontro, em Anadia, onde os participantes podem visitar a Adega. A meio do percurso, o Grupo Tur\u00edstico visita o Museu Ferrovi\u00e1rio de Macinhata do Vouga, enquanto o Grupo Desportivo disputa uma prova de Regularidade no centro da cidade de Anadia. Ap\u00f3s o almo\u00e7o, segue-se uma visita ao Museu do Vinho da Bairrada.<\/p>\n<p>O Passeio dos Ingleses tamb\u00e9m conta com o apoio da Embaixada do Reino Unido e tem o patroc\u00ednio da Bentley, Barbour e Twinings, bem como o apoio dos munic\u00edpios de Lisboa, Porto e Anadia.<\/p>\n<p>Para mais informa\u00e7\u00f5es sobre o programa em Lisboa e no Porto, consulte a agenda no site do <a href=\"https:\/\/www.acp.pt\/o-clube\/agenda\/agenda-de-eventos\/detalhe-do-evento\/evento\/218\" target=\"_blank\" rel=\"noopener\">ACP<\/a>.<\/p>\n","protected":false},"excerpt":{"rendered":"<p>A 20.\u00aa edi\u00e7\u00e3o do Passeio dos&#8230;<\/p>\n","protected":false},"author":15,"featured_media":77294,"comment_status":"closed","ping_status":"closed","sticky":false,"template":"","format":"standard","meta":{"footnotes":""},"categories":[37],"tags":[7140,1035,3811],"class_list":["post-77292","post","type-post","status-publish","format-standard","has-post-thumbnail","hentry","category-mercado","tag-20-de-janeiro","tag-acp","tag-passeio-dos-ingleses"],"yoast_head":"<!-- This site is optimized with the Yoast SEO plugin v27.5 - https:\/\/yoast.com\/product\/yoast-seo-wordpress\/ -->\n<title>Passeio dos Ingleses volta a espalhar charme por Lisboa e Porto - Jornal das Oficinas<\/title>\n<meta name=\"description\" content=\"A 20.\u00aa edi\u00e7\u00e3o do Passeio dos Ingleses vai para a estrada este s\u00e1bado, dia 20 de janeiro, \u00e0s 9 horas, com partidas de Lisboa e Porto\" \/>\n<meta name=\"robots\" content=\"index, follow, max-snippet:-1, max-image-preview:large, max-video-preview:-1\" \/>\n<link rel=\"canonical\" href=\"https:\/\/jornaldasoficinas.com\/pt\/passeio-dos-ingleses-volta-a-espalhar-charme-por-lisboa-e-porto\/\" \/>\n<meta property=\"og:locale\" content=\"pt_PT\" \/>\n<meta property=\"og:type\" content=\"article\" \/>\n<meta property=\"og:title\" content=\"Passeio dos Ingleses volta a espalhar charme por Lisboa e Porto - Jornal das Oficinas\" \/>\n<meta property=\"og:description\" content=\"A 20.\u00aa edi\u00e7\u00e3o do Passeio dos Ingleses vai para a estrada este s\u00e1bado, dia 20 de janeiro, \u00e0s 9 horas, com partidas de Lisboa e Porto\" \/>\n<meta property=\"og:url\" content=\"https:\/\/jornaldasoficinas.com\/pt\/passeio-dos-ingleses-volta-a-espalhar-charme-por-lisboa-e-porto\/\" \/>\n<meta property=\"og:site_name\" content=\"Jornal das Oficinas\" \/>\n<meta property=\"article:publisher\" content=\"https:\/\/www.facebook.com\/jornaloficinas\" \/>\n<meta property=\"article:published_time\" content=\"2024-01-19T18:30:23+00:00\" \/>\n<meta property=\"og:image\" content=\"https:\/\/jornaldasoficinas.com\/pt\/wp-content\/uploads\/2024\/01\/Passeio-dos-Ingleses-volta-a-espalhar-charme-por-Lisboa-e-Porto-4.png\" \/>\n\t<meta property=\"og:image:width\" content=\"1024\" \/>\n\t<meta property=\"og:image:height\" content=\"580\" \/>\n\t<meta property=\"og:image:type\" content=\"image\/png\" \/>\n<meta name=\"author\" content=\"Reda\u00e7\u00e3o JO\" \/>\n<meta name=\"twitter:card\" content=\"summary_large_image\" \/>\n<meta name=\"twitter:creator\" content=\"@jornaloficinas\" \/>\n<meta name=\"twitter:site\" content=\"@jornaloficinas\" \/>\n<meta name=\"twitter:label1\" content=\"Escrito por\" \/>\n\t<meta name=\"twitter:data1\" content=\"Reda\u00e7\u00e3o JO\" \/>\n\t<meta name=\"twitter:label2\" content=\"Tempo estimado de leitura\" \/>\n\t<meta name=\"twitter:data2\" content=\"3 minutos\" \/>\n<script type=\"application\/ld+json\" class=\"yoast-schema-graph\">{\"@context\":\"https:\\\/\\\/schema.org\",\"@graph\":[{\"@type\":\"Article\",\"@id\":\"https:\\\/\\\/jornaldasoficinas.com\\\/pt\\\/passeio-dos-ingleses-volta-a-espalhar-charme-por-lisboa-e-porto\\\/#article\",\"isPartOf\":{\"@id\":\"https:\\\/\\\/jornaldasoficinas.com\\\/pt\\\/passeio-dos-ingleses-volta-a-espalhar-charme-por-lisboa-e-porto\\\/\"},\"author\":{\"name\":\"Reda\u00e7\u00e3o JO\",\"@id\":\"https:\\\/\\\/jornaldasoficinas.com\\\/pt\\\/#\\\/schema\\\/person\\\/a38eef5de2c41d9e7c9ac10141afddf3\"},\"headline\":\"Passeio dos Ingleses volta a espalhar charme por Lisboa e Porto\",\"datePublished\":\"2024-01-19T18:30:23+00:00\",\"mainEntityOfPage\":{\"@id\":\"https:\\\/\\\/jornaldasoficinas.com\\\/pt\\\/passeio-dos-ingleses-volta-a-espalhar-charme-por-lisboa-e-porto\\\/\"},\"wordCount\":495,\"publisher\":{\"@id\":\"https:\\\/\\\/jornaldasoficinas.com\\\/pt\\\/#organization\"},\"image\":{\"@id\":\"https:\\\/\\\/jornaldasoficinas.com\\\/pt\\\/passeio-dos-ingleses-volta-a-espalhar-charme-por-lisboa-e-porto\\\/#primaryimage\"},\"thumbnailUrl\":\"https:\\\/\\\/jornaldasoficinas.com\\\/pt\\\/wp-content\\\/uploads\\\/2024\\\/01\\\/Passeio-dos-Ingleses-volta-a-espalhar-charme-por-Lisboa-e-Porto-4.png\",\"keywords\":[\"20 de janeiro\",\"ACP\",\"Passeio dos Ingleses\"],\"articleSection\":[\"Mercado\"],\"inLanguage\":\"pt-PT\"},{\"@type\":\"WebPage\",\"@id\":\"https:\\\/\\\/jornaldasoficinas.com\\\/pt\\\/passeio-dos-ingleses-volta-a-espalhar-charme-por-lisboa-e-porto\\\/\",\"url\":\"https:\\\/\\\/jornaldasoficinas.com\\\/pt\\\/passeio-dos-ingleses-volta-a-espalhar-charme-por-lisboa-e-porto\\\/\",\"name\":\"Passeio dos Ingleses volta a espalhar charme por Lisboa e Porto - Jornal das Oficinas\",\"isPartOf\":{\"@id\":\"https:\\\/\\\/jornaldasoficinas.com\\\/pt\\\/#website\"},\"primaryImageOfPage\":{\"@id\":\"https:\\\/\\\/jornaldasoficinas.com\\\/pt\\\/passeio-dos-ingleses-volta-a-espalhar-charme-por-lisboa-e-porto\\\/#primaryimage\"},\"image\":{\"@id\":\"https:\\\/\\\/jornaldasoficinas.com\\\/pt\\\/passeio-dos-ingleses-volta-a-espalhar-charme-por-lisboa-e-porto\\\/#primaryimage\"},\"thumbnailUrl\":\"https:\\\/\\\/jornaldasoficinas.com\\\/pt\\\/wp-content\\\/uploads\\\/2024\\\/01\\\/Passeio-dos-Ingleses-volta-a-espalhar-charme-por-Lisboa-e-Porto-4.png\",\"datePublished\":\"2024-01-19T18:30:23+00:00\",\"description\":\"A 20.\u00aa edi\u00e7\u00e3o do Passeio dos Ingleses vai para a estrada este s\u00e1bado, dia 20 de janeiro, \u00e0s 9 horas, com partidas de Lisboa e Porto\",\"breadcrumb\":{\"@id\":\"https:\\\/\\\/jornaldasoficinas.com\\\/pt\\\/passeio-dos-ingleses-volta-a-espalhar-charme-por-lisboa-e-porto\\\/#breadcrumb\"},\"inLanguage\":\"pt-PT\",\"potentialAction\":[{\"@type\":\"ReadAction\",\"target\":[\"https:\\\/\\\/jornaldasoficinas.com\\\/pt\\\/passeio-dos-ingleses-volta-a-espalhar-charme-por-lisboa-e-porto\\\/\"]}]},{\"@type\":\"ImageObject\",\"inLanguage\":\"pt-PT\",\"@id\":\"https:\\\/\\\/jornaldasoficinas.com\\\/pt\\\/passeio-dos-ingleses-volta-a-espalhar-charme-por-lisboa-e-porto\\\/#primaryimage\",\"url\":\"https:\\\/\\\/jornaldasoficinas.com\\\/pt\\\/wp-content\\\/uploads\\\/2024\\\/01\\\/Passeio-dos-Ingleses-volta-a-espalhar-charme-por-Lisboa-e-Porto-4.png\",\"contentUrl\":\"https:\\\/\\\/jornaldasoficinas.com\\\/pt\\\/wp-content\\\/uploads\\\/2024\\\/01\\\/Passeio-dos-Ingleses-volta-a-espalhar-charme-por-Lisboa-e-Porto-4.png\",\"width\":1024,\"height\":580,\"caption\":\"01 - Passeio dos Ingleses volta a espalhar charme por Lisboa e Porto 4\"},{\"@type\":\"BreadcrumbList\",\"@id\":\"https:\\\/\\\/jornaldasoficinas.com\\\/pt\\\/passeio-dos-ingleses-volta-a-espalhar-charme-por-lisboa-e-porto\\\/#breadcrumb\",\"itemListElement\":[{\"@type\":\"ListItem\",\"position\":1,\"name\":\"In\u00edcio\",\"item\":\"https:\\\/\\\/jornaldasoficinas.com\\\/pt\\\/\"},{\"@type\":\"ListItem\",\"position\":2,\"name\":\"Passeio dos Ingleses volta a espalhar charme por Lisboa e Porto\"}]},{\"@type\":\"WebSite\",\"@id\":\"https:\\\/\\\/jornaldasoficinas.com\\\/pt\\\/#website\",\"url\":\"https:\\\/\\\/jornaldasoficinas.com\\\/pt\\\/\",\"name\":\"Jornal das Oficinas\",\"description\":\"Jornal independente do Aftermarket Autom\u00f3vel em Portugal\",\"publisher\":{\"@id\":\"https:\\\/\\\/jornaldasoficinas.com\\\/pt\\\/#organization\"},\"potentialAction\":[{\"@type\":\"SearchAction\",\"target\":{\"@type\":\"EntryPoint\",\"urlTemplate\":\"https:\\\/\\\/jornaldasoficinas.com\\\/pt\\\/?s={search_term_string}\"},\"query-input\":{\"@type\":\"PropertyValueSpecification\",\"valueRequired\":true,\"valueName\":\"search_term_string\"}}],\"inLanguage\":\"pt-PT\"},{\"@type\":\"Organization\",\"@id\":\"https:\\\/\\\/jornaldasoficinas.com\\\/pt\\\/#organization\",\"name\":\"Jornal das Oficinas\",\"url\":\"https:\\\/\\\/jornaldasoficinas.com\\\/pt\\\/\",\"logo\":{\"@type\":\"ImageObject\",\"inLanguage\":\"pt-PT\",\"@id\":\"https:\\\/\\\/jornaldasoficinas.com\\\/pt\\\/#\\\/schema\\\/logo\\\/image\\\/\",\"url\":\"https:\\\/\\\/jornaldasoficinas.com\\\/pt\\\/wp-content\\\/uploads\\\/logoJO-SEO.png\",\"contentUrl\":\"https:\\\/\\\/jornaldasoficinas.com\\\/pt\\\/wp-content\\\/uploads\\\/logoJO-SEO.png\",\"width\":285,\"height\":450,\"caption\":\"Jornal das Oficinas\"},\"image\":{\"@id\":\"https:\\\/\\\/jornaldasoficinas.com\\\/pt\\\/#\\\/schema\\\/logo\\\/image\\\/\"},\"sameAs\":[\"https:\\\/\\\/www.facebook.com\\\/jornaloficinas\",\"https:\\\/\\\/x.com\\\/jornaloficinas\",\"https:\\\/\\\/www.instagram.com\\\/jornal_oficinas\\\/\",\"https:\\\/\\\/www.linkedin.com\\\/company\\\/jornal-das-oficinas\\\/\",\"https:\\\/\\\/www.youtube.com\\\/channel\\\/UCbQZBqtcvV-oSQrr7RzINGg\"]},{\"@type\":\"Person\",\"@id\":\"https:\\\/\\\/jornaldasoficinas.com\\\/pt\\\/#\\\/schema\\\/person\\\/a38eef5de2c41d9e7c9ac10141afddf3\",\"name\":\"Reda\u00e7\u00e3o JO\",\"image\":{\"@type\":\"ImageObject\",\"inLanguage\":\"pt-PT\",\"@id\":\"https:\\\/\\\/secure.gravatar.com\\\/avatar\\\/71f2fa71737ad68a84fea94bc708ddac8ea5b0c4788dc2ad202f3ccb2887742f?s=96&d=wp_user_avatar&r=g\",\"url\":\"https:\\\/\\\/secure.gravatar.com\\\/avatar\\\/71f2fa71737ad68a84fea94bc708ddac8ea5b0c4788dc2ad202f3ccb2887742f?s=96&d=wp_user_avatar&r=g\",\"contentUrl\":\"https:\\\/\\\/secure.gravatar.com\\\/avatar\\\/71f2fa71737ad68a84fea94bc708ddac8ea5b0c4788dc2ad202f3ccb2887742f?s=96&d=wp_user_avatar&r=g\",\"caption\":\"Reda\u00e7\u00e3o JO\"},\"url\":\"https:\\\/\\\/jornaldasoficinas.com\\\/pt\\\/author\\\/joredacao\\\/\"}]}<\/script>\n<!-- \/ Yoast SEO plugin. -->","yoast_head_json":{"title":"Passeio dos Ingleses volta a espalhar charme por Lisboa e Porto - Jornal das Oficinas","description":"A 20.\u00aa edi\u00e7\u00e3o do Passeio dos Ingleses vai para a estrada este s\u00e1bado, dia 20 de janeiro, \u00e0s 9 horas, com partidas de Lisboa e Porto","robots":{"index":"index","follow":"follow","max-snippet":"max-snippet:-1","max-image-preview":"max-image-preview:large","max-video-preview":"max-video-preview:-1"},"canonical":"https:\/\/jornaldasoficinas.com\/pt\/passeio-dos-ingleses-volta-a-espalhar-charme-por-lisboa-e-porto\/","og_locale":"pt_PT","og_type":"article","og_title":"Passeio dos Ingleses volta a espalhar charme por Lisboa e Porto - Jornal das Oficinas","og_description":"A 20.\u00aa edi\u00e7\u00e3o do Passeio dos Ingleses vai para a estrada este s\u00e1bado, dia 20 de janeiro, \u00e0s 9 horas, com partidas de Lisboa e Porto","og_url":"https:\/\/jornaldasoficinas.com\/pt\/passeio-dos-ingleses-volta-a-espalhar-charme-por-lisboa-e-porto\/","og_site_name":"Jornal das Oficinas","article_publisher":"https:\/\/www.facebook.com\/jornaloficinas","article_published_time":"2024-01-19T18:30:23+00:00","og_image":[{"width":1024,"height":580,"url":"https:\/\/jornaldasoficinas.com\/pt\/wp-content\/uploads\/2024\/01\/Passeio-dos-Ingleses-volta-a-espalhar-charme-por-Lisboa-e-Porto-4.png","type":"image\/png"}],"author":"Reda\u00e7\u00e3o JO","twitter_card":"summary_large_image","twitter_creator":"@jornaloficinas","twitter_site":"@jornaloficinas","twitter_misc":{"Escrito por":"Reda\u00e7\u00e3o JO","Tempo estimado de leitura":"3 minutos"},"schema":{"@context":"https:\/\/schema.org","@graph":[{"@type":"Article","@id":"https:\/\/jornaldasoficinas.com\/pt\/passeio-dos-ingleses-volta-a-espalhar-charme-por-lisboa-e-porto\/#article","isPartOf":{"@id":"https:\/\/jornaldasoficinas.com\/pt\/passeio-dos-ingleses-volta-a-espalhar-charme-por-lisboa-e-porto\/"},"author":{"name":"Reda\u00e7\u00e3o JO","@id":"https:\/\/jornaldasoficinas.com\/pt\/#\/schema\/person\/a38eef5de2c41d9e7c9ac10141afddf3"},"headline":"Passeio dos Ingleses volta a espalhar charme por Lisboa e Porto","datePublished":"2024-01-19T18:30:23+00:00","mainEntityOfPage":{"@id":"https:\/\/jornaldasoficinas.com\/pt\/passeio-dos-ingleses-volta-a-espalhar-charme-por-lisboa-e-porto\/"},"wordCount":495,"publisher":{"@id":"https:\/\/jornaldasoficinas.com\/pt\/#organization"},"image":{"@id":"https:\/\/jornaldasoficinas.com\/pt\/passeio-dos-ingleses-volta-a-espalhar-charme-por-lisboa-e-porto\/#primaryimage"},"thumbnailUrl":"https:\/\/jornaldasoficinas.com\/pt\/wp-content\/uploads\/2024\/01\/Passeio-dos-Ingleses-volta-a-espalhar-charme-por-Lisboa-e-Porto-4.png","keywords":["20 de janeiro","ACP","Passeio dos Ingleses"],"articleSection":["Mercado"],"inLanguage":"pt-PT"},{"@type":"WebPage","@id":"https:\/\/jornaldasoficinas.com\/pt\/passeio-dos-ingleses-volta-a-espalhar-charme-por-lisboa-e-porto\/","url":"https:\/\/jornaldasoficinas.com\/pt\/passeio-dos-ingleses-volta-a-espalhar-charme-por-lisboa-e-porto\/","name":"Passeio dos Ingleses volta a espalhar charme por Lisboa e Porto - Jornal das Oficinas","isPartOf":{"@id":"https:\/\/jornaldasoficinas.com\/pt\/#website"},"primaryImageOfPage":{"@id":"https:\/\/jornaldasoficinas.com\/pt\/passeio-dos-ingleses-volta-a-espalhar-charme-por-lisboa-e-porto\/#primaryimage"},"image":{"@id":"https:\/\/jornaldasoficinas.com\/pt\/passeio-dos-ingleses-volta-a-espalhar-charme-por-lisboa-e-porto\/#primaryimage"},"thumbnailUrl":"https:\/\/jornaldasoficinas.com\/pt\/wp-content\/uploads\/2024\/01\/Passeio-dos-Ingleses-volta-a-espalhar-charme-por-Lisboa-e-Porto-4.png","datePublished":"2024-01-19T18:30:23+00:00","description":"A 20.\u00aa edi\u00e7\u00e3o do Passeio dos Ingleses vai para a estrada este s\u00e1bado, dia 20 de janeiro, \u00e0s 9 horas, com partidas de Lisboa e Porto","breadcrumb":{"@id":"https:\/\/jornaldasoficinas.com\/pt\/passeio-dos-ingleses-volta-a-espalhar-charme-por-lisboa-e-porto\/#breadcrumb"},"inLanguage":"pt-PT","potentialAction":[{"@type":"ReadAction","target":["https:\/\/jornaldasoficinas.com\/pt\/passeio-dos-ingleses-volta-a-espalhar-charme-por-lisboa-e-porto\/"]}]},{"@type":"ImageObject","inLanguage":"pt-PT","@id":"https:\/\/jornaldasoficinas.com\/pt\/passeio-dos-ingleses-volta-a-espalhar-charme-por-lisboa-e-porto\/#primaryimage","url":"https:\/\/jornaldasoficinas.com\/pt\/wp-content\/uploads\/2024\/01\/Passeio-dos-Ingleses-volta-a-espalhar-charme-por-Lisboa-e-Porto-4.png","contentUrl":"https:\/\/jornaldasoficinas.com\/pt\/wp-content\/uploads\/2024\/01\/Passeio-dos-Ingleses-volta-a-espalhar-charme-por-Lisboa-e-Porto-4.png","width":1024,"height":580,"caption":"01 - Passeio dos Ingleses volta a espalhar charme por Lisboa e Porto 4"},{"@type":"BreadcrumbList","@id":"https:\/\/jornaldasoficinas.com\/pt\/passeio-dos-ingleses-volta-a-espalhar-charme-por-lisboa-e-porto\/#breadcrumb","itemListElement":[{"@type":"ListItem","position":1,"name":"In\u00edcio","item":"https:\/\/jornaldasoficinas.com\/pt\/"},{"@type":"ListItem","position":2,"name":"Passeio dos Ingleses volta a espalhar charme por Lisboa e Porto"}]},{"@type":"WebSite","@id":"https:\/\/jornaldasoficinas.com\/pt\/#website","url":"https:\/\/jornaldasoficinas.com\/pt\/","name":"Jornal das Oficinas","description":"Jornal independente do Aftermarket Autom\u00f3vel em Portugal","publisher":{"@id":"https:\/\/jornaldasoficinas.com\/pt\/#organization"},"potentialAction":[{"@type":"SearchAction","target":{"@type":"EntryPoint","urlTemplate":"https:\/\/jornaldasoficinas.com\/pt\/?s={search_term_string}"},"query-input":{"@type":"PropertyValueSpecification","valueRequired":true,"valueName":"search_term_string"}}],"inLanguage":"pt-PT"},{"@type":"Organization","@id":"https:\/\/jornaldasoficinas.com\/pt\/#organization","name":"Jornal das Oficinas","url":"https:\/\/jornaldasoficinas.com\/pt\/","logo":{"@type":"ImageObject","inLanguage":"pt-PT","@id":"https:\/\/jornaldasoficinas.com\/pt\/#\/schema\/logo\/image\/","url":"https:\/\/jornaldasoficinas.com\/pt\/wp-content\/uploads\/logoJO-SEO.png","contentUrl":"https:\/\/jornaldasoficinas.com\/pt\/wp-content\/uploads\/logoJO-SEO.png","width":285,"height":450,"caption":"Jornal das Oficinas"},"image":{"@id":"https:\/\/jornaldasoficinas.com\/pt\/#\/schema\/logo\/image\/"},"sameAs":["https:\/\/www.facebook.com\/jornaloficinas","https:\/\/x.com\/jornaloficinas","https:\/\/www.instagram.com\/jornal_oficinas\/","https:\/\/www.linkedin.com\/company\/jornal-das-oficinas\/","https:\/\/www.youtube.com\/channel\/UCbQZBqtcvV-oSQrr7RzINGg"]},{"@type":"Person","@id":"https:\/\/jornaldasoficinas.com\/pt\/#\/schema\/person\/a38eef5de2c41d9e7c9ac10141afddf3","name":"Reda\u00e7\u00e3o JO","image":{"@type":"ImageObject","inLanguage":"pt-PT","@id":"https:\/\/secure.gravatar.com\/avatar\/71f2fa71737ad68a84fea94bc708ddac8ea5b0c4788dc2ad202f3ccb2887742f?s=96&d=wp_user_avatar&r=g","url":"https:\/\/secure.gravatar.com\/avatar\/71f2fa71737ad68a84fea94bc708ddac8ea5b0c4788dc2ad202f3ccb2887742f?s=96&d=wp_user_avatar&r=g","contentUrl":"https:\/\/secure.gravatar.com\/avatar\/71f2fa71737ad68a84fea94bc708ddac8ea5b0c4788dc2ad202f3ccb2887742f?s=96&d=wp_user_avatar&r=g","caption":"Reda\u00e7\u00e3o JO"},"url":"https:\/\/jornaldasoficinas.com\/pt\/author\/joredacao\/"}]}},"_links":{"self":[{"href":"https:\/\/jornaldasoficinas.com\/pt\/wp-json\/wp\/v2\/posts\/77292","targetHints":{"allow":["GET"]}}],"collection":[{"href":"https:\/\/jornaldasoficinas.com\/pt\/wp-json\/wp\/v2\/posts"}],"about":[{"href":"https:\/\/jornaldasoficinas.com\/pt\/wp-json\/wp\/v2\/types\/post"}],"author":[{"embeddable":true,"href":"https:\/\/jornaldasoficinas.com\/pt\/wp-json\/wp\/v2\/users\/15"}],"replies":[{"embeddable":true,"href":"https:\/\/jornaldasoficinas.com\/pt\/wp-json\/wp\/v2\/comments?post=77292"}],"version-history":[{"count":0,"href":"https:\/\/jornaldasoficinas.com\/pt\/wp-json\/wp\/v2\/posts\/77292\/revisions"}],"wp:featuredmedia":[{"embeddable":true,"href":"https:\/\/jornaldasoficinas.com\/pt\/wp-json\/wp\/v2\/media\/77294"}],"wp:attachment":[{"href":"https:\/\/jornaldasoficinas.com\/pt\/wp-json\/wp\/v2\/media?parent=77292"}],"wp:term":[{"taxonomy":"category","embeddable":true,"href":"https:\/\/jornaldasoficinas.com\/pt\/wp-json\/wp\/v2\/categories?post=77292"},{"taxonomy":"post_tag","embeddable":true,"href":"https:\/\/jornaldasoficinas.com\/pt\/wp-json\/wp\/v2\/tags?post=77292"}],"curies":[{"name":"wp","href":"https:\/\/api.w.org\/{rel}","templated":true}]}}