{"id":77316,"date":"2024-01-21T21:00:26","date_gmt":"2024-01-21T21:00:26","guid":{"rendered":"https:\/\/jornaldasoficinas.com\/pt\/?p=77316"},"modified":"2024-01-20T19:50:38","modified_gmt":"2024-01-20T19:50:38","slug":"ab-tyres-a-melhorar-em-toda-a-linha","status":"publish","type":"post","link":"https:\/\/jornaldasoficinas.com\/pt\/ab-tyres-a-melhorar-em-toda-a-linha\/","title":{"rendered":"AB Tyres: A melhorar em toda a linha!"},"content":{"rendered":"<p><img loading=\"lazy\" decoding=\"async\" class=\"alignnone size-full wp-image-77325\" src=\"https:\/\/jornaldasoficinas.com\/pt\/wp-content\/uploads\/2024\/01\/ABTyres_Filipe_bandeira.jpg\" alt=\"01 - ABTyres_Filipe_bandeira\" width=\"1024\" height=\"581\" srcset=\"https:\/\/jornaldasoficinas.com\/pt\/wp-content\/uploads\/2024\/01\/ABTyres_Filipe_bandeira.jpg 1024w, https:\/\/jornaldasoficinas.com\/pt\/wp-content\/uploads\/2024\/01\/ABTyres_Filipe_bandeira-300x170.jpg 300w, https:\/\/jornaldasoficinas.com\/pt\/wp-content\/uploads\/2024\/01\/ABTyres_Filipe_bandeira-150x85.jpg 150w, https:\/\/jornaldasoficinas.com\/pt\/wp-content\/uploads\/2024\/01\/ABTyres_Filipe_bandeira-768x436.jpg 768w\" sizes=\"auto, (max-width: 1024px) 100vw, 1024px\" \/><\/p>\n<p><strong>Para a <a href=\"https:\/\/www.abtyres.pt\/pt\/\" target=\"_blank\" rel=\"noopener\">AB Tyres<\/a>, 2023 foi um ano bastante positivo, n\u00e3o s\u00f3 quando comparado com o ano anterior, mas tamb\u00e9m tendo em conta as perspetivas e objetivos desenhados para este ano. O crescimento cont\u00ednuo e sustentado previsto para 2024 resulta de uma estrat\u00e9gia de longo-prazo que a empresa tem vindo a seguir e que lhe tem permitido melhorar em toda a linha. O Jornal das Oficinas esteve \u00e0 conversa com Filipe Bandeira, Diretor Geral da AB Tyres, sobre as mais recentes apostas da empresa<\/strong><\/p>\n<p>Todas as marcas comercializadas pela AB Tyres cumprem obrigatoriamente um conjunto de crit\u00e9rios de qualidade que imperam e regulam todos os neg\u00f3cios do Grupo Alves Bandeira. \u201cSempre que procuramos ou nos \u00e9 oferecida uma marca, a mesma \u00e9 sujeita primeiramente a um processo de avalia\u00e7\u00e3o rigoroso e, caso a mesma n\u00e3o cumpra os requisitos de qualidade obrigat\u00f3rios, significa que n\u00e3o poder\u00e1 entrar no nosso portfolio de produtos. De uma forma geral estamos a falar de marcas que se destacam pela sua gama alargada, capacidade de fornecimento, estabilidade econ\u00f3mica, exclusividade, processo de fabrica\u00e7\u00e3o e, consequente, qualidade do produto. Este \u00e9 efetivamente um dos segredos que nos permite satisfazer e superar diariamente as expetativas dos nossos mais de 3.000 clientes ativos\u201d, referiu Filipe Bandeira, diretor geral da AB Tyres.<\/p>\n<p>O portf\u00f3lio de marcas \u00e9 extenso: Matrax Tyres, Matrax Lubricants, AB Lubs, AB Power, Falken, CEAT, Davanti, Debica, Fulda, Golden Crown,Infinity, Joyroad, Torque, Sumitomo, Uniroyal, Bridgestone, Continental, Dunlop, Firestone, Goodyear, Mabor, Michelin, Pirelli, Cooper Tyres e BF Goodrich.<\/p>\n<p>Neste momento o foco da AB Tyres est\u00e1 centrado em melhorar, otimizar e desenvolver novas funcionalidades nos projetos e produtos que disponibiliza ao mercado de aftermarket. De uma forma resumida, a aposta da empresa assenta nos seguintes vetores:<\/p>\n<p>&#8211; Continuar a oferecer uma oferta 360\u00ba ao cliente com pneus, baterias, lubrificantes e pe\u00e7as auto;<\/p>\n<p>&#8211; Incrementar o peso das vendas nas marcas pr\u00f3prias (Matrax Tyres, Matrax Lubricants, AB Lubs e AB Power) e de representa\u00e7\u00e3o exclusiva (Falken, Davanti, Sumitomo, Infinity, Torque e Joyroad);<\/p>\n<p>&#8211; Aumentar as vendas e quota no setor agr\u00edcola e industrial, em especial com a marca exclusiva CEAT;<\/p>\n<p>-Refor\u00e7ar a aposta e investimento no programa de fideliza\u00e7\u00e3o Clube AB Tyres e todas as din\u00e2micas associadas;<\/p>\n<p>-Trabalhar o cross-selling com o universo de mais de 15.000 empresas do Grupo Alves Bandeira.<\/p>\n<p>Aceda ao artigo completo <a href=\"https:\/\/www.yumpu.com\/pt\/document\/read\/68584442\/jornal-das-oficinas-214\/88\" target=\"_blank\" rel=\"noopener\">aqui<\/a>, na edi\u00e7\u00e3o impressa do Jornal das Oficinas, de dezembro\/janeiro.<\/p>\n","protected":false},"excerpt":{"rendered":"<p>Para a AB Tyres, 2023 foi&#8230;<\/p>\n","protected":false},"author":15,"featured_media":77325,"comment_status":"closed","ping_status":"closed","sticky":false,"template":"","format":"standard","meta":{"footnotes":""},"categories":[29],"tags":[7146,7147,7011,1800,7149,58,7160,7150,7151,2593,7148,7143,7159,7152,7153,50,7154,7155,6763,7145,7144,48,109,7157,7156,7158],"class_list":["post-77316","post","type-post","status-publish","format-standard","has-post-thumbnail","hentry","category-empresas","tag-ab-lubs","tag-ab-power","tag-ab-tyres","tag-bridgestone","tag-ceat","tag-continental","tag-cooper-tyres-e-bf-goodrich","tag-davanti","tag-debica","tag-dunlop","tag-falken","tag-filipe-bandeira","tag-firestone","tag-fulda","tag-golden-crown","tag-goodyear","tag-infinity","tag-joyroad","tag-mabor","tag-matrax-lubricants","tag-matrax-tyres","tag-michelin","tag-pirelli","tag-sumitomo","tag-torque","tag-uniroyal"],"yoast_head":"<!-- This site is optimized with the Yoast SEO plugin v27.4 - https:\/\/yoast.com\/product\/yoast-seo-wordpress\/ -->\n<title>AB Tyres: A melhorar em toda a linha! - Jornal das Oficinas<\/title>\n<meta name=\"description\" content=\"Para a AB Tyres, 2023 foi um ano bastante positivo, n\u00e3o s\u00f3 quando comparado com o ano anterior, mas tamb\u00e9m tendo em conta as perspetivas\" \/>\n<meta name=\"robots\" content=\"index, follow, max-snippet:-1, max-image-preview:large, max-video-preview:-1\" \/>\n<link rel=\"canonical\" href=\"https:\/\/jornaldasoficinas.com\/pt\/ab-tyres-a-melhorar-em-toda-a-linha\/\" \/>\n<meta property=\"og:locale\" content=\"pt_PT\" \/>\n<meta property=\"og:type\" content=\"article\" \/>\n<meta property=\"og:title\" content=\"AB Tyres: A melhorar em toda a linha! - Jornal das Oficinas\" \/>\n<meta property=\"og:description\" content=\"Para a AB Tyres, 2023 foi um ano bastante positivo, n\u00e3o s\u00f3 quando comparado com o ano anterior, mas tamb\u00e9m tendo em conta as perspetivas\" \/>\n<meta property=\"og:url\" content=\"https:\/\/jornaldasoficinas.com\/pt\/ab-tyres-a-melhorar-em-toda-a-linha\/\" \/>\n<meta property=\"og:site_name\" content=\"Jornal das Oficinas\" \/>\n<meta property=\"article:publisher\" content=\"https:\/\/www.facebook.com\/jornaloficinas\" \/>\n<meta property=\"article:published_time\" content=\"2024-01-21T21:00:26+00:00\" \/>\n<meta property=\"og:image\" content=\"https:\/\/jornaldasoficinas.com\/pt\/wp-content\/uploads\/2024\/01\/ABTyres_Filipe_bandeira.jpg\" \/>\n\t<meta property=\"og:image:width\" content=\"1024\" \/>\n\t<meta property=\"og:image:height\" content=\"581\" \/>\n\t<meta property=\"og:image:type\" content=\"image\/jpeg\" \/>\n<meta name=\"author\" content=\"Reda\u00e7\u00e3o JO\" \/>\n<meta name=\"twitter:card\" content=\"summary_large_image\" \/>\n<meta name=\"twitter:creator\" content=\"@jornaloficinas\" \/>\n<meta name=\"twitter:site\" content=\"@jornaloficinas\" \/>\n<meta name=\"twitter:label1\" content=\"Escrito por\" \/>\n\t<meta name=\"twitter:data1\" content=\"Reda\u00e7\u00e3o JO\" \/>\n\t<meta name=\"twitter:label2\" content=\"Tempo estimado de leitura\" \/>\n\t<meta name=\"twitter:data2\" content=\"3 minutos\" \/>\n<script type=\"application\/ld+json\" class=\"yoast-schema-graph\">{\"@context\":\"https:\\\/\\\/schema.org\",\"@graph\":[{\"@type\":\"Article\",\"@id\":\"https:\\\/\\\/jornaldasoficinas.com\\\/pt\\\/ab-tyres-a-melhorar-em-toda-a-linha\\\/#article\",\"isPartOf\":{\"@id\":\"https:\\\/\\\/jornaldasoficinas.com\\\/pt\\\/ab-tyres-a-melhorar-em-toda-a-linha\\\/\"},\"author\":{\"name\":\"Reda\u00e7\u00e3o JO\",\"@id\":\"https:\\\/\\\/jornaldasoficinas.com\\\/pt\\\/#\\\/schema\\\/person\\\/a38eef5de2c41d9e7c9ac10141afddf3\"},\"headline\":\"AB Tyres: A melhorar em toda a linha!\",\"datePublished\":\"2024-01-21T21:00:26+00:00\",\"mainEntityOfPage\":{\"@id\":\"https:\\\/\\\/jornaldasoficinas.com\\\/pt\\\/ab-tyres-a-melhorar-em-toda-a-linha\\\/\"},\"wordCount\":417,\"publisher\":{\"@id\":\"https:\\\/\\\/jornaldasoficinas.com\\\/pt\\\/#organization\"},\"image\":{\"@id\":\"https:\\\/\\\/jornaldasoficinas.com\\\/pt\\\/ab-tyres-a-melhorar-em-toda-a-linha\\\/#primaryimage\"},\"thumbnailUrl\":\"https:\\\/\\\/jornaldasoficinas.com\\\/pt\\\/wp-content\\\/uploads\\\/2024\\\/01\\\/ABTyres_Filipe_bandeira.jpg\",\"keywords\":[\"AB Lubs\",\"AB Power\",\"AB Tyres\",\"Bridgestone\",\"CEAT\",\"Continental\",\"Cooper Tyres e BF Goodrich\",\"Davanti\",\"Debica\",\"Dunlop\",\"Falken\",\"Filipe Bandeira\",\"Firestone\",\"Fulda\",\"Golden Crown\",\"Goodyear\",\"Infinity\",\"Joyroad\",\"Mabor\",\"Matrax Lubricants\",\"Matrax Tyres\",\"Michelin\",\"Pirelli\",\"Sumitomo\",\"Torque\",\"Uniroyal\"],\"articleSection\":[\"Empresas\"],\"inLanguage\":\"pt-PT\"},{\"@type\":\"WebPage\",\"@id\":\"https:\\\/\\\/jornaldasoficinas.com\\\/pt\\\/ab-tyres-a-melhorar-em-toda-a-linha\\\/\",\"url\":\"https:\\\/\\\/jornaldasoficinas.com\\\/pt\\\/ab-tyres-a-melhorar-em-toda-a-linha\\\/\",\"name\":\"AB Tyres: A melhorar em toda a linha! - Jornal das Oficinas\",\"isPartOf\":{\"@id\":\"https:\\\/\\\/jornaldasoficinas.com\\\/pt\\\/#website\"},\"primaryImageOfPage\":{\"@id\":\"https:\\\/\\\/jornaldasoficinas.com\\\/pt\\\/ab-tyres-a-melhorar-em-toda-a-linha\\\/#primaryimage\"},\"image\":{\"@id\":\"https:\\\/\\\/jornaldasoficinas.com\\\/pt\\\/ab-tyres-a-melhorar-em-toda-a-linha\\\/#primaryimage\"},\"thumbnailUrl\":\"https:\\\/\\\/jornaldasoficinas.com\\\/pt\\\/wp-content\\\/uploads\\\/2024\\\/01\\\/ABTyres_Filipe_bandeira.jpg\",\"datePublished\":\"2024-01-21T21:00:26+00:00\",\"description\":\"Para a AB Tyres, 2023 foi um ano bastante positivo, n\u00e3o s\u00f3 quando comparado com o ano anterior, mas tamb\u00e9m tendo em conta as perspetivas\",\"breadcrumb\":{\"@id\":\"https:\\\/\\\/jornaldasoficinas.com\\\/pt\\\/ab-tyres-a-melhorar-em-toda-a-linha\\\/#breadcrumb\"},\"inLanguage\":\"pt-PT\",\"potentialAction\":[{\"@type\":\"ReadAction\",\"target\":[\"https:\\\/\\\/jornaldasoficinas.com\\\/pt\\\/ab-tyres-a-melhorar-em-toda-a-linha\\\/\"]}]},{\"@type\":\"ImageObject\",\"inLanguage\":\"pt-PT\",\"@id\":\"https:\\\/\\\/jornaldasoficinas.com\\\/pt\\\/ab-tyres-a-melhorar-em-toda-a-linha\\\/#primaryimage\",\"url\":\"https:\\\/\\\/jornaldasoficinas.com\\\/pt\\\/wp-content\\\/uploads\\\/2024\\\/01\\\/ABTyres_Filipe_bandeira.jpg\",\"contentUrl\":\"https:\\\/\\\/jornaldasoficinas.com\\\/pt\\\/wp-content\\\/uploads\\\/2024\\\/01\\\/ABTyres_Filipe_bandeira.jpg\",\"width\":1024,\"height\":581,\"caption\":\"01 - ABTyres_Filipe_bandeira\"},{\"@type\":\"BreadcrumbList\",\"@id\":\"https:\\\/\\\/jornaldasoficinas.com\\\/pt\\\/ab-tyres-a-melhorar-em-toda-a-linha\\\/#breadcrumb\",\"itemListElement\":[{\"@type\":\"ListItem\",\"position\":1,\"name\":\"In\u00edcio\",\"item\":\"https:\\\/\\\/jornaldasoficinas.com\\\/pt\\\/\"},{\"@type\":\"ListItem\",\"position\":2,\"name\":\"AB Tyres: A melhorar em toda a linha!\"}]},{\"@type\":\"WebSite\",\"@id\":\"https:\\\/\\\/jornaldasoficinas.com\\\/pt\\\/#website\",\"url\":\"https:\\\/\\\/jornaldasoficinas.com\\\/pt\\\/\",\"name\":\"Jornal das Oficinas\",\"description\":\"Jornal independente do Aftermarket Autom\u00f3vel em Portugal\",\"publisher\":{\"@id\":\"https:\\\/\\\/jornaldasoficinas.com\\\/pt\\\/#organization\"},\"potentialAction\":[{\"@type\":\"SearchAction\",\"target\":{\"@type\":\"EntryPoint\",\"urlTemplate\":\"https:\\\/\\\/jornaldasoficinas.com\\\/pt\\\/?s={search_term_string}\"},\"query-input\":{\"@type\":\"PropertyValueSpecification\",\"valueRequired\":true,\"valueName\":\"search_term_string\"}}],\"inLanguage\":\"pt-PT\"},{\"@type\":\"Organization\",\"@id\":\"https:\\\/\\\/jornaldasoficinas.com\\\/pt\\\/#organization\",\"name\":\"Jornal das Oficinas\",\"url\":\"https:\\\/\\\/jornaldasoficinas.com\\\/pt\\\/\",\"logo\":{\"@type\":\"ImageObject\",\"inLanguage\":\"pt-PT\",\"@id\":\"https:\\\/\\\/jornaldasoficinas.com\\\/pt\\\/#\\\/schema\\\/logo\\\/image\\\/\",\"url\":\"https:\\\/\\\/jornaldasoficinas.com\\\/pt\\\/wp-content\\\/uploads\\\/logoJO-SEO.png\",\"contentUrl\":\"https:\\\/\\\/jornaldasoficinas.com\\\/pt\\\/wp-content\\\/uploads\\\/logoJO-SEO.png\",\"width\":285,\"height\":450,\"caption\":\"Jornal das Oficinas\"},\"image\":{\"@id\":\"https:\\\/\\\/jornaldasoficinas.com\\\/pt\\\/#\\\/schema\\\/logo\\\/image\\\/\"},\"sameAs\":[\"https:\\\/\\\/www.facebook.com\\\/jornaloficinas\",\"https:\\\/\\\/x.com\\\/jornaloficinas\",\"https:\\\/\\\/www.instagram.com\\\/jornal_oficinas\\\/\",\"https:\\\/\\\/www.linkedin.com\\\/company\\\/jornal-das-oficinas\\\/\",\"https:\\\/\\\/www.youtube.com\\\/channel\\\/UCbQZBqtcvV-oSQrr7RzINGg\"]},{\"@type\":\"Person\",\"@id\":\"https:\\\/\\\/jornaldasoficinas.com\\\/pt\\\/#\\\/schema\\\/person\\\/a38eef5de2c41d9e7c9ac10141afddf3\",\"name\":\"Reda\u00e7\u00e3o JO\",\"image\":{\"@type\":\"ImageObject\",\"inLanguage\":\"pt-PT\",\"@id\":\"https:\\\/\\\/secure.gravatar.com\\\/avatar\\\/71f2fa71737ad68a84fea94bc708ddac8ea5b0c4788dc2ad202f3ccb2887742f?s=96&d=wp_user_avatar&r=g\",\"url\":\"https:\\\/\\\/secure.gravatar.com\\\/avatar\\\/71f2fa71737ad68a84fea94bc708ddac8ea5b0c4788dc2ad202f3ccb2887742f?s=96&d=wp_user_avatar&r=g\",\"contentUrl\":\"https:\\\/\\\/secure.gravatar.com\\\/avatar\\\/71f2fa71737ad68a84fea94bc708ddac8ea5b0c4788dc2ad202f3ccb2887742f?s=96&d=wp_user_avatar&r=g\",\"caption\":\"Reda\u00e7\u00e3o JO\"},\"url\":\"https:\\\/\\\/jornaldasoficinas.com\\\/pt\\\/author\\\/joredacao\\\/\"}]}<\/script>\n<!-- \/ Yoast SEO plugin. -->","yoast_head_json":{"title":"AB Tyres: A melhorar em toda a linha! - Jornal das Oficinas","description":"Para a AB Tyres, 2023 foi um ano bastante positivo, n\u00e3o s\u00f3 quando comparado com o ano anterior, mas tamb\u00e9m tendo em conta as perspetivas","robots":{"index":"index","follow":"follow","max-snippet":"max-snippet:-1","max-image-preview":"max-image-preview:large","max-video-preview":"max-video-preview:-1"},"canonical":"https:\/\/jornaldasoficinas.com\/pt\/ab-tyres-a-melhorar-em-toda-a-linha\/","og_locale":"pt_PT","og_type":"article","og_title":"AB Tyres: A melhorar em toda a linha! - Jornal das Oficinas","og_description":"Para a AB Tyres, 2023 foi um ano bastante positivo, n\u00e3o s\u00f3 quando comparado com o ano anterior, mas tamb\u00e9m tendo em conta as perspetivas","og_url":"https:\/\/jornaldasoficinas.com\/pt\/ab-tyres-a-melhorar-em-toda-a-linha\/","og_site_name":"Jornal das Oficinas","article_publisher":"https:\/\/www.facebook.com\/jornaloficinas","article_published_time":"2024-01-21T21:00:26+00:00","og_image":[{"width":1024,"height":581,"url":"https:\/\/jornaldasoficinas.com\/pt\/wp-content\/uploads\/2024\/01\/ABTyres_Filipe_bandeira.jpg","type":"image\/jpeg"}],"author":"Reda\u00e7\u00e3o JO","twitter_card":"summary_large_image","twitter_creator":"@jornaloficinas","twitter_site":"@jornaloficinas","twitter_misc":{"Escrito por":"Reda\u00e7\u00e3o JO","Tempo estimado de leitura":"3 minutos"},"schema":{"@context":"https:\/\/schema.org","@graph":[{"@type":"Article","@id":"https:\/\/jornaldasoficinas.com\/pt\/ab-tyres-a-melhorar-em-toda-a-linha\/#article","isPartOf":{"@id":"https:\/\/jornaldasoficinas.com\/pt\/ab-tyres-a-melhorar-em-toda-a-linha\/"},"author":{"name":"Reda\u00e7\u00e3o JO","@id":"https:\/\/jornaldasoficinas.com\/pt\/#\/schema\/person\/a38eef5de2c41d9e7c9ac10141afddf3"},"headline":"AB Tyres: A melhorar em toda a linha!","datePublished":"2024-01-21T21:00:26+00:00","mainEntityOfPage":{"@id":"https:\/\/jornaldasoficinas.com\/pt\/ab-tyres-a-melhorar-em-toda-a-linha\/"},"wordCount":417,"publisher":{"@id":"https:\/\/jornaldasoficinas.com\/pt\/#organization"},"image":{"@id":"https:\/\/jornaldasoficinas.com\/pt\/ab-tyres-a-melhorar-em-toda-a-linha\/#primaryimage"},"thumbnailUrl":"https:\/\/jornaldasoficinas.com\/pt\/wp-content\/uploads\/2024\/01\/ABTyres_Filipe_bandeira.jpg","keywords":["AB Lubs","AB Power","AB Tyres","Bridgestone","CEAT","Continental","Cooper Tyres e BF Goodrich","Davanti","Debica","Dunlop","Falken","Filipe Bandeira","Firestone","Fulda","Golden Crown","Goodyear","Infinity","Joyroad","Mabor","Matrax Lubricants","Matrax Tyres","Michelin","Pirelli","Sumitomo","Torque","Uniroyal"],"articleSection":["Empresas"],"inLanguage":"pt-PT"},{"@type":"WebPage","@id":"https:\/\/jornaldasoficinas.com\/pt\/ab-tyres-a-melhorar-em-toda-a-linha\/","url":"https:\/\/jornaldasoficinas.com\/pt\/ab-tyres-a-melhorar-em-toda-a-linha\/","name":"AB Tyres: A melhorar em toda a linha! - Jornal das Oficinas","isPartOf":{"@id":"https:\/\/jornaldasoficinas.com\/pt\/#website"},"primaryImageOfPage":{"@id":"https:\/\/jornaldasoficinas.com\/pt\/ab-tyres-a-melhorar-em-toda-a-linha\/#primaryimage"},"image":{"@id":"https:\/\/jornaldasoficinas.com\/pt\/ab-tyres-a-melhorar-em-toda-a-linha\/#primaryimage"},"thumbnailUrl":"https:\/\/jornaldasoficinas.com\/pt\/wp-content\/uploads\/2024\/01\/ABTyres_Filipe_bandeira.jpg","datePublished":"2024-01-21T21:00:26+00:00","description":"Para a AB Tyres, 2023 foi um ano bastante positivo, n\u00e3o s\u00f3 quando comparado com o ano anterior, mas tamb\u00e9m tendo em conta as perspetivas","breadcrumb":{"@id":"https:\/\/jornaldasoficinas.com\/pt\/ab-tyres-a-melhorar-em-toda-a-linha\/#breadcrumb"},"inLanguage":"pt-PT","potentialAction":[{"@type":"ReadAction","target":["https:\/\/jornaldasoficinas.com\/pt\/ab-tyres-a-melhorar-em-toda-a-linha\/"]}]},{"@type":"ImageObject","inLanguage":"pt-PT","@id":"https:\/\/jornaldasoficinas.com\/pt\/ab-tyres-a-melhorar-em-toda-a-linha\/#primaryimage","url":"https:\/\/jornaldasoficinas.com\/pt\/wp-content\/uploads\/2024\/01\/ABTyres_Filipe_bandeira.jpg","contentUrl":"https:\/\/jornaldasoficinas.com\/pt\/wp-content\/uploads\/2024\/01\/ABTyres_Filipe_bandeira.jpg","width":1024,"height":581,"caption":"01 - ABTyres_Filipe_bandeira"},{"@type":"BreadcrumbList","@id":"https:\/\/jornaldasoficinas.com\/pt\/ab-tyres-a-melhorar-em-toda-a-linha\/#breadcrumb","itemListElement":[{"@type":"ListItem","position":1,"name":"In\u00edcio","item":"https:\/\/jornaldasoficinas.com\/pt\/"},{"@type":"ListItem","position":2,"name":"AB Tyres: A melhorar em toda a linha!"}]},{"@type":"WebSite","@id":"https:\/\/jornaldasoficinas.com\/pt\/#website","url":"https:\/\/jornaldasoficinas.com\/pt\/","name":"Jornal das Oficinas","description":"Jornal independente do Aftermarket Autom\u00f3vel em Portugal","publisher":{"@id":"https:\/\/jornaldasoficinas.com\/pt\/#organization"},"potentialAction":[{"@type":"SearchAction","target":{"@type":"EntryPoint","urlTemplate":"https:\/\/jornaldasoficinas.com\/pt\/?s={search_term_string}"},"query-input":{"@type":"PropertyValueSpecification","valueRequired":true,"valueName":"search_term_string"}}],"inLanguage":"pt-PT"},{"@type":"Organization","@id":"https:\/\/jornaldasoficinas.com\/pt\/#organization","name":"Jornal das Oficinas","url":"https:\/\/jornaldasoficinas.com\/pt\/","logo":{"@type":"ImageObject","inLanguage":"pt-PT","@id":"https:\/\/jornaldasoficinas.com\/pt\/#\/schema\/logo\/image\/","url":"https:\/\/jornaldasoficinas.com\/pt\/wp-content\/uploads\/logoJO-SEO.png","contentUrl":"https:\/\/jornaldasoficinas.com\/pt\/wp-content\/uploads\/logoJO-SEO.png","width":285,"height":450,"caption":"Jornal das Oficinas"},"image":{"@id":"https:\/\/jornaldasoficinas.com\/pt\/#\/schema\/logo\/image\/"},"sameAs":["https:\/\/www.facebook.com\/jornaloficinas","https:\/\/x.com\/jornaloficinas","https:\/\/www.instagram.com\/jornal_oficinas\/","https:\/\/www.linkedin.com\/company\/jornal-das-oficinas\/","https:\/\/www.youtube.com\/channel\/UCbQZBqtcvV-oSQrr7RzINGg"]},{"@type":"Person","@id":"https:\/\/jornaldasoficinas.com\/pt\/#\/schema\/person\/a38eef5de2c41d9e7c9ac10141afddf3","name":"Reda\u00e7\u00e3o JO","image":{"@type":"ImageObject","inLanguage":"pt-PT","@id":"https:\/\/secure.gravatar.com\/avatar\/71f2fa71737ad68a84fea94bc708ddac8ea5b0c4788dc2ad202f3ccb2887742f?s=96&d=wp_user_avatar&r=g","url":"https:\/\/secure.gravatar.com\/avatar\/71f2fa71737ad68a84fea94bc708ddac8ea5b0c4788dc2ad202f3ccb2887742f?s=96&d=wp_user_avatar&r=g","contentUrl":"https:\/\/secure.gravatar.com\/avatar\/71f2fa71737ad68a84fea94bc708ddac8ea5b0c4788dc2ad202f3ccb2887742f?s=96&d=wp_user_avatar&r=g","caption":"Reda\u00e7\u00e3o JO"},"url":"https:\/\/jornaldasoficinas.com\/pt\/author\/joredacao\/"}]}},"_links":{"self":[{"href":"https:\/\/jornaldasoficinas.com\/pt\/wp-json\/wp\/v2\/posts\/77316","targetHints":{"allow":["GET"]}}],"collection":[{"href":"https:\/\/jornaldasoficinas.com\/pt\/wp-json\/wp\/v2\/posts"}],"about":[{"href":"https:\/\/jornaldasoficinas.com\/pt\/wp-json\/wp\/v2\/types\/post"}],"author":[{"embeddable":true,"href":"https:\/\/jornaldasoficinas.com\/pt\/wp-json\/wp\/v2\/users\/15"}],"replies":[{"embeddable":true,"href":"https:\/\/jornaldasoficinas.com\/pt\/wp-json\/wp\/v2\/comments?post=77316"}],"version-history":[{"count":0,"href":"https:\/\/jornaldasoficinas.com\/pt\/wp-json\/wp\/v2\/posts\/77316\/revisions"}],"wp:featuredmedia":[{"embeddable":true,"href":"https:\/\/jornaldasoficinas.com\/pt\/wp-json\/wp\/v2\/media\/77325"}],"wp:attachment":[{"href":"https:\/\/jornaldasoficinas.com\/pt\/wp-json\/wp\/v2\/media?parent=77316"}],"wp:term":[{"taxonomy":"category","embeddable":true,"href":"https:\/\/jornaldasoficinas.com\/pt\/wp-json\/wp\/v2\/categories?post=77316"},{"taxonomy":"post_tag","embeddable":true,"href":"https:\/\/jornaldasoficinas.com\/pt\/wp-json\/wp\/v2\/tags?post=77316"}],"curies":[{"name":"wp","href":"https:\/\/api.w.org\/{rel}","templated":true}]}}