{"id":78023,"date":"2024-01-31T17:08:41","date_gmt":"2024-01-31T17:08:41","guid":{"rendered":"https:\/\/jornaldasoficinas.com\/pt\/?p=78023"},"modified":"2024-01-31T18:22:12","modified_gmt":"2024-01-31T18:22:12","slug":"faleceu-peter-sparkes-fundador-da-sparkes-sparkes","status":"publish","type":"post","link":"https:\/\/jornaldasoficinas.com\/pt\/faleceu-peter-sparkes-fundador-da-sparkes-sparkes\/","title":{"rendered":"Faleceu Peter Sparkes, fundador da Sparkes &#038; Sparkes"},"content":{"rendered":"<p><img loading=\"lazy\" decoding=\"async\" class=\"alignnone size-full wp-image-78027\" src=\"https:\/\/jornaldasoficinas.com\/pt\/wp-content\/uploads\/peter-sparkes-2.jpg\" alt=\"uploads - peter sparkes 2\" width=\"1024\" height=\"581\" srcset=\"https:\/\/jornaldasoficinas.com\/pt\/wp-content\/uploads\/peter-sparkes-2.jpg 1024w, https:\/\/jornaldasoficinas.com\/pt\/wp-content\/uploads\/peter-sparkes-2-300x170.jpg 300w, https:\/\/jornaldasoficinas.com\/pt\/wp-content\/uploads\/peter-sparkes-2-150x85.jpg 150w, https:\/\/jornaldasoficinas.com\/pt\/wp-content\/uploads\/peter-sparkes-2-768x436.jpg 768w\" sizes=\"auto, (max-width: 1024px) 100vw, 1024px\" \/><strong>\u00c9 com profunda tristeza que comunicamos o falecimento do fundador e s\u00f3cio-gerente da <a href=\"https:\/\/sparkes.pt\/\" target=\"_blank\" rel=\"noopener\">Sparkes &amp; Sparkes,<\/a> Sr. Peter Sparkes. Nasceu a 1 de abril de 1938 no sudoeste de Inglaterra e h\u00e1 quase 35 anos foi um dos pioneiros dos produtos recondicionados no nosso pa\u00eds, ao estabelecer em Portugal a Sparkes &amp; Sparkes, desde sempre dedicada \u00e0 reconstru\u00e7\u00e3o de caixas de velocidades manuais<\/strong><\/p>\n<p>Recordamos o seu grande sentido de humor, tipicamente brit\u00e2nico, que tantas gargalhadas provocou. Mostrou sempre uma grande empatia pelos seus colaboradores o que levou a que fosse uma figura quase patriarcal.<\/p>\n<p>Faleceu no passado dia 30 de janeiro de 2024, em Inglaterra, deixando um grande legado e os seus valores, como a sinceridade, a honestidade, a frontalidade, e a qualidade e garantia que exigia nos produtos que comercializava, bem incutidos na empresa que criou e que fez crescer.<\/p>\n<p>Peter Sparkes colocou todo o seu talento ao servi\u00e7o da empresa, dos seus colaboradores e clientes. Mostrou grande lideran\u00e7a e iniciativa, bem como uma compreens\u00e3o abrangente do aftermarket portugu\u00eas<\/p>\n<p>A Sparkes &amp; Sparkes, uma empresa \u00fanica do seu tipo em Portugal desde 1990, \u00e9 especializada em reconstru\u00e7\u00e3o de caixas de velocidades manuais de alta qualidade para ve\u00edculos ligeiros, tanto de passageiros como comerciais.<\/p>\n<p>Gra\u00e7as ao vasto stock de pe\u00e7as novas, rolamentos e mais de 1000 caixas de velocidades que mant\u00e9m em stock, consegue sempre garantir um servi\u00e7o r\u00e1pido no fornecimento aos seus clientes com garantia de 1 ano e devolu\u00e7\u00e3o da unidade usada em troca.<\/p>\n<p>Toda a equipa do Jornal das Oficinas lamenta esta grande perda e transmitimos as nossas sinceras condol\u00eancias a todos os seus familiares e amigos.<\/p>\n<p>&nbsp;<\/p>\n","protected":false},"excerpt":{"rendered":"<p>\u00c9 com profunda tristeza que comunicamos&#8230;<\/p>\n","protected":false},"author":15,"featured_media":78027,"comment_status":"closed","ping_status":"closed","sticky":false,"template":"","format":"standard","meta":{"footnotes":""},"categories":[29],"tags":[6338,4407,7267,2714],"class_list":["post-78023","post","type-post","status-publish","format-standard","has-post-thumbnail","hentry","category-empresas","tag-falecimento","tag-fundador","tag-peter-sparkes","tag-sparkes-sparkes"],"yoast_head":"<!-- This site is optimized with the Yoast SEO plugin v27.5 - https:\/\/yoast.com\/product\/yoast-seo-wordpress\/ -->\n<title>Faleceu Peter Sparkes, fundador da Sparkes &amp; Sparkes - Jornal das Oficinas<\/title>\n<meta name=\"description\" content=\"\u00c9 com profunda tristeza que comunicamos o falecimento do fundador e s\u00f3cio-gerente da Sparkes &amp; Sparkes, Sr. Peter Sparkes.\" \/>\n<meta name=\"robots\" content=\"index, follow, max-snippet:-1, max-image-preview:large, max-video-preview:-1\" \/>\n<link rel=\"canonical\" href=\"https:\/\/jornaldasoficinas.com\/pt\/faleceu-peter-sparkes-fundador-da-sparkes-sparkes\/\" \/>\n<meta property=\"og:locale\" content=\"pt_PT\" \/>\n<meta property=\"og:type\" content=\"article\" \/>\n<meta property=\"og:title\" content=\"Faleceu Peter Sparkes, fundador da Sparkes &amp; Sparkes - Jornal das Oficinas\" \/>\n<meta property=\"og:description\" content=\"\u00c9 com profunda tristeza que comunicamos o falecimento do fundador e s\u00f3cio-gerente da Sparkes &amp; Sparkes, Sr. Peter Sparkes.\" \/>\n<meta property=\"og:url\" content=\"https:\/\/jornaldasoficinas.com\/pt\/faleceu-peter-sparkes-fundador-da-sparkes-sparkes\/\" \/>\n<meta property=\"og:site_name\" content=\"Jornal das Oficinas\" \/>\n<meta property=\"article:publisher\" content=\"https:\/\/www.facebook.com\/jornaloficinas\" \/>\n<meta property=\"article:published_time\" content=\"2024-01-31T17:08:41+00:00\" \/>\n<meta property=\"article:modified_time\" content=\"2024-01-31T18:22:12+00:00\" \/>\n<meta property=\"og:image\" content=\"https:\/\/jornaldasoficinas.com\/pt\/wp-content\/uploads\/peter-sparkes-2.jpg\" \/>\n\t<meta property=\"og:image:width\" content=\"1024\" \/>\n\t<meta property=\"og:image:height\" content=\"581\" \/>\n\t<meta property=\"og:image:type\" content=\"image\/jpeg\" \/>\n<meta name=\"author\" content=\"Reda\u00e7\u00e3o JO\" \/>\n<meta name=\"twitter:card\" content=\"summary_large_image\" \/>\n<meta name=\"twitter:creator\" content=\"@jornaloficinas\" \/>\n<meta name=\"twitter:site\" content=\"@jornaloficinas\" \/>\n<meta name=\"twitter:label1\" content=\"Escrito por\" \/>\n\t<meta name=\"twitter:data1\" content=\"Reda\u00e7\u00e3o JO\" \/>\n\t<meta name=\"twitter:label2\" content=\"Tempo estimado de leitura\" \/>\n\t<meta name=\"twitter:data2\" content=\"2 minutos\" \/>\n<script type=\"application\/ld+json\" class=\"yoast-schema-graph\">{\"@context\":\"https:\\\/\\\/schema.org\",\"@graph\":[{\"@type\":\"Article\",\"@id\":\"https:\\\/\\\/jornaldasoficinas.com\\\/pt\\\/faleceu-peter-sparkes-fundador-da-sparkes-sparkes\\\/#article\",\"isPartOf\":{\"@id\":\"https:\\\/\\\/jornaldasoficinas.com\\\/pt\\\/faleceu-peter-sparkes-fundador-da-sparkes-sparkes\\\/\"},\"author\":{\"name\":\"Reda\u00e7\u00e3o JO\",\"@id\":\"https:\\\/\\\/jornaldasoficinas.com\\\/pt\\\/#\\\/schema\\\/person\\\/a38eef5de2c41d9e7c9ac10141afddf3\"},\"headline\":\"Faleceu Peter Sparkes, fundador da Sparkes &#038; Sparkes\",\"datePublished\":\"2024-01-31T17:08:41+00:00\",\"dateModified\":\"2024-01-31T18:22:12+00:00\",\"mainEntityOfPage\":{\"@id\":\"https:\\\/\\\/jornaldasoficinas.com\\\/pt\\\/faleceu-peter-sparkes-fundador-da-sparkes-sparkes\\\/\"},\"wordCount\":284,\"publisher\":{\"@id\":\"https:\\\/\\\/jornaldasoficinas.com\\\/pt\\\/#organization\"},\"image\":{\"@id\":\"https:\\\/\\\/jornaldasoficinas.com\\\/pt\\\/faleceu-peter-sparkes-fundador-da-sparkes-sparkes\\\/#primaryimage\"},\"thumbnailUrl\":\"https:\\\/\\\/jornaldasoficinas.com\\\/pt\\\/wp-content\\\/uploads\\\/peter-sparkes-2.jpg\",\"keywords\":[\"Falecimento\",\"Fundador\",\"Peter Sparkes\",\"Sparkes &amp; Sparkes\"],\"articleSection\":[\"Empresas\"],\"inLanguage\":\"pt-PT\"},{\"@type\":\"WebPage\",\"@id\":\"https:\\\/\\\/jornaldasoficinas.com\\\/pt\\\/faleceu-peter-sparkes-fundador-da-sparkes-sparkes\\\/\",\"url\":\"https:\\\/\\\/jornaldasoficinas.com\\\/pt\\\/faleceu-peter-sparkes-fundador-da-sparkes-sparkes\\\/\",\"name\":\"Faleceu Peter Sparkes, fundador da Sparkes & Sparkes - Jornal das Oficinas\",\"isPartOf\":{\"@id\":\"https:\\\/\\\/jornaldasoficinas.com\\\/pt\\\/#website\"},\"primaryImageOfPage\":{\"@id\":\"https:\\\/\\\/jornaldasoficinas.com\\\/pt\\\/faleceu-peter-sparkes-fundador-da-sparkes-sparkes\\\/#primaryimage\"},\"image\":{\"@id\":\"https:\\\/\\\/jornaldasoficinas.com\\\/pt\\\/faleceu-peter-sparkes-fundador-da-sparkes-sparkes\\\/#primaryimage\"},\"thumbnailUrl\":\"https:\\\/\\\/jornaldasoficinas.com\\\/pt\\\/wp-content\\\/uploads\\\/peter-sparkes-2.jpg\",\"datePublished\":\"2024-01-31T17:08:41+00:00\",\"dateModified\":\"2024-01-31T18:22:12+00:00\",\"description\":\"\u00c9 com profunda tristeza que comunicamos o falecimento do fundador e s\u00f3cio-gerente da Sparkes & Sparkes, Sr. Peter Sparkes.\",\"breadcrumb\":{\"@id\":\"https:\\\/\\\/jornaldasoficinas.com\\\/pt\\\/faleceu-peter-sparkes-fundador-da-sparkes-sparkes\\\/#breadcrumb\"},\"inLanguage\":\"pt-PT\",\"potentialAction\":[{\"@type\":\"ReadAction\",\"target\":[\"https:\\\/\\\/jornaldasoficinas.com\\\/pt\\\/faleceu-peter-sparkes-fundador-da-sparkes-sparkes\\\/\"]}]},{\"@type\":\"ImageObject\",\"inLanguage\":\"pt-PT\",\"@id\":\"https:\\\/\\\/jornaldasoficinas.com\\\/pt\\\/faleceu-peter-sparkes-fundador-da-sparkes-sparkes\\\/#primaryimage\",\"url\":\"https:\\\/\\\/jornaldasoficinas.com\\\/pt\\\/wp-content\\\/uploads\\\/peter-sparkes-2.jpg\",\"contentUrl\":\"https:\\\/\\\/jornaldasoficinas.com\\\/pt\\\/wp-content\\\/uploads\\\/peter-sparkes-2.jpg\",\"width\":1024,\"height\":581,\"caption\":\"uploads - peter sparkes 2\"},{\"@type\":\"BreadcrumbList\",\"@id\":\"https:\\\/\\\/jornaldasoficinas.com\\\/pt\\\/faleceu-peter-sparkes-fundador-da-sparkes-sparkes\\\/#breadcrumb\",\"itemListElement\":[{\"@type\":\"ListItem\",\"position\":1,\"name\":\"In\u00edcio\",\"item\":\"https:\\\/\\\/jornaldasoficinas.com\\\/pt\\\/\"},{\"@type\":\"ListItem\",\"position\":2,\"name\":\"Faleceu Peter Sparkes, fundador da Sparkes &#038; Sparkes\"}]},{\"@type\":\"WebSite\",\"@id\":\"https:\\\/\\\/jornaldasoficinas.com\\\/pt\\\/#website\",\"url\":\"https:\\\/\\\/jornaldasoficinas.com\\\/pt\\\/\",\"name\":\"Jornal das Oficinas\",\"description\":\"Jornal independente do Aftermarket Autom\u00f3vel em Portugal\",\"publisher\":{\"@id\":\"https:\\\/\\\/jornaldasoficinas.com\\\/pt\\\/#organization\"},\"potentialAction\":[{\"@type\":\"SearchAction\",\"target\":{\"@type\":\"EntryPoint\",\"urlTemplate\":\"https:\\\/\\\/jornaldasoficinas.com\\\/pt\\\/?s={search_term_string}\"},\"query-input\":{\"@type\":\"PropertyValueSpecification\",\"valueRequired\":true,\"valueName\":\"search_term_string\"}}],\"inLanguage\":\"pt-PT\"},{\"@type\":\"Organization\",\"@id\":\"https:\\\/\\\/jornaldasoficinas.com\\\/pt\\\/#organization\",\"name\":\"Jornal das Oficinas\",\"url\":\"https:\\\/\\\/jornaldasoficinas.com\\\/pt\\\/\",\"logo\":{\"@type\":\"ImageObject\",\"inLanguage\":\"pt-PT\",\"@id\":\"https:\\\/\\\/jornaldasoficinas.com\\\/pt\\\/#\\\/schema\\\/logo\\\/image\\\/\",\"url\":\"https:\\\/\\\/jornaldasoficinas.com\\\/pt\\\/wp-content\\\/uploads\\\/logoJO-SEO.png\",\"contentUrl\":\"https:\\\/\\\/jornaldasoficinas.com\\\/pt\\\/wp-content\\\/uploads\\\/logoJO-SEO.png\",\"width\":285,\"height\":450,\"caption\":\"Jornal das Oficinas\"},\"image\":{\"@id\":\"https:\\\/\\\/jornaldasoficinas.com\\\/pt\\\/#\\\/schema\\\/logo\\\/image\\\/\"},\"sameAs\":[\"https:\\\/\\\/www.facebook.com\\\/jornaloficinas\",\"https:\\\/\\\/x.com\\\/jornaloficinas\",\"https:\\\/\\\/www.instagram.com\\\/jornal_oficinas\\\/\",\"https:\\\/\\\/www.linkedin.com\\\/company\\\/jornal-das-oficinas\\\/\",\"https:\\\/\\\/www.youtube.com\\\/channel\\\/UCbQZBqtcvV-oSQrr7RzINGg\"]},{\"@type\":\"Person\",\"@id\":\"https:\\\/\\\/jornaldasoficinas.com\\\/pt\\\/#\\\/schema\\\/person\\\/a38eef5de2c41d9e7c9ac10141afddf3\",\"name\":\"Reda\u00e7\u00e3o JO\",\"image\":{\"@type\":\"ImageObject\",\"inLanguage\":\"pt-PT\",\"@id\":\"https:\\\/\\\/secure.gravatar.com\\\/avatar\\\/71f2fa71737ad68a84fea94bc708ddac8ea5b0c4788dc2ad202f3ccb2887742f?s=96&d=wp_user_avatar&r=g\",\"url\":\"https:\\\/\\\/secure.gravatar.com\\\/avatar\\\/71f2fa71737ad68a84fea94bc708ddac8ea5b0c4788dc2ad202f3ccb2887742f?s=96&d=wp_user_avatar&r=g\",\"contentUrl\":\"https:\\\/\\\/secure.gravatar.com\\\/avatar\\\/71f2fa71737ad68a84fea94bc708ddac8ea5b0c4788dc2ad202f3ccb2887742f?s=96&d=wp_user_avatar&r=g\",\"caption\":\"Reda\u00e7\u00e3o JO\"},\"url\":\"https:\\\/\\\/jornaldasoficinas.com\\\/pt\\\/author\\\/joredacao\\\/\"}]}<\/script>\n<!-- \/ Yoast SEO plugin. -->","yoast_head_json":{"title":"Faleceu Peter Sparkes, fundador da Sparkes & Sparkes - Jornal das Oficinas","description":"\u00c9 com profunda tristeza que comunicamos o falecimento do fundador e s\u00f3cio-gerente da Sparkes & Sparkes, Sr. Peter Sparkes.","robots":{"index":"index","follow":"follow","max-snippet":"max-snippet:-1","max-image-preview":"max-image-preview:large","max-video-preview":"max-video-preview:-1"},"canonical":"https:\/\/jornaldasoficinas.com\/pt\/faleceu-peter-sparkes-fundador-da-sparkes-sparkes\/","og_locale":"pt_PT","og_type":"article","og_title":"Faleceu Peter Sparkes, fundador da Sparkes & Sparkes - Jornal das Oficinas","og_description":"\u00c9 com profunda tristeza que comunicamos o falecimento do fundador e s\u00f3cio-gerente da Sparkes & Sparkes, Sr. Peter Sparkes.","og_url":"https:\/\/jornaldasoficinas.com\/pt\/faleceu-peter-sparkes-fundador-da-sparkes-sparkes\/","og_site_name":"Jornal das Oficinas","article_publisher":"https:\/\/www.facebook.com\/jornaloficinas","article_published_time":"2024-01-31T17:08:41+00:00","article_modified_time":"2024-01-31T18:22:12+00:00","og_image":[{"width":1024,"height":581,"url":"https:\/\/jornaldasoficinas.com\/pt\/wp-content\/uploads\/peter-sparkes-2.jpg","type":"image\/jpeg"}],"author":"Reda\u00e7\u00e3o JO","twitter_card":"summary_large_image","twitter_creator":"@jornaloficinas","twitter_site":"@jornaloficinas","twitter_misc":{"Escrito por":"Reda\u00e7\u00e3o JO","Tempo estimado de leitura":"2 minutos"},"schema":{"@context":"https:\/\/schema.org","@graph":[{"@type":"Article","@id":"https:\/\/jornaldasoficinas.com\/pt\/faleceu-peter-sparkes-fundador-da-sparkes-sparkes\/#article","isPartOf":{"@id":"https:\/\/jornaldasoficinas.com\/pt\/faleceu-peter-sparkes-fundador-da-sparkes-sparkes\/"},"author":{"name":"Reda\u00e7\u00e3o JO","@id":"https:\/\/jornaldasoficinas.com\/pt\/#\/schema\/person\/a38eef5de2c41d9e7c9ac10141afddf3"},"headline":"Faleceu Peter Sparkes, fundador da Sparkes &#038; Sparkes","datePublished":"2024-01-31T17:08:41+00:00","dateModified":"2024-01-31T18:22:12+00:00","mainEntityOfPage":{"@id":"https:\/\/jornaldasoficinas.com\/pt\/faleceu-peter-sparkes-fundador-da-sparkes-sparkes\/"},"wordCount":284,"publisher":{"@id":"https:\/\/jornaldasoficinas.com\/pt\/#organization"},"image":{"@id":"https:\/\/jornaldasoficinas.com\/pt\/faleceu-peter-sparkes-fundador-da-sparkes-sparkes\/#primaryimage"},"thumbnailUrl":"https:\/\/jornaldasoficinas.com\/pt\/wp-content\/uploads\/peter-sparkes-2.jpg","keywords":["Falecimento","Fundador","Peter Sparkes","Sparkes &amp; Sparkes"],"articleSection":["Empresas"],"inLanguage":"pt-PT"},{"@type":"WebPage","@id":"https:\/\/jornaldasoficinas.com\/pt\/faleceu-peter-sparkes-fundador-da-sparkes-sparkes\/","url":"https:\/\/jornaldasoficinas.com\/pt\/faleceu-peter-sparkes-fundador-da-sparkes-sparkes\/","name":"Faleceu Peter Sparkes, fundador da Sparkes & Sparkes - Jornal das Oficinas","isPartOf":{"@id":"https:\/\/jornaldasoficinas.com\/pt\/#website"},"primaryImageOfPage":{"@id":"https:\/\/jornaldasoficinas.com\/pt\/faleceu-peter-sparkes-fundador-da-sparkes-sparkes\/#primaryimage"},"image":{"@id":"https:\/\/jornaldasoficinas.com\/pt\/faleceu-peter-sparkes-fundador-da-sparkes-sparkes\/#primaryimage"},"thumbnailUrl":"https:\/\/jornaldasoficinas.com\/pt\/wp-content\/uploads\/peter-sparkes-2.jpg","datePublished":"2024-01-31T17:08:41+00:00","dateModified":"2024-01-31T18:22:12+00:00","description":"\u00c9 com profunda tristeza que comunicamos o falecimento do fundador e s\u00f3cio-gerente da Sparkes & Sparkes, Sr. Peter Sparkes.","breadcrumb":{"@id":"https:\/\/jornaldasoficinas.com\/pt\/faleceu-peter-sparkes-fundador-da-sparkes-sparkes\/#breadcrumb"},"inLanguage":"pt-PT","potentialAction":[{"@type":"ReadAction","target":["https:\/\/jornaldasoficinas.com\/pt\/faleceu-peter-sparkes-fundador-da-sparkes-sparkes\/"]}]},{"@type":"ImageObject","inLanguage":"pt-PT","@id":"https:\/\/jornaldasoficinas.com\/pt\/faleceu-peter-sparkes-fundador-da-sparkes-sparkes\/#primaryimage","url":"https:\/\/jornaldasoficinas.com\/pt\/wp-content\/uploads\/peter-sparkes-2.jpg","contentUrl":"https:\/\/jornaldasoficinas.com\/pt\/wp-content\/uploads\/peter-sparkes-2.jpg","width":1024,"height":581,"caption":"uploads - peter sparkes 2"},{"@type":"BreadcrumbList","@id":"https:\/\/jornaldasoficinas.com\/pt\/faleceu-peter-sparkes-fundador-da-sparkes-sparkes\/#breadcrumb","itemListElement":[{"@type":"ListItem","position":1,"name":"In\u00edcio","item":"https:\/\/jornaldasoficinas.com\/pt\/"},{"@type":"ListItem","position":2,"name":"Faleceu Peter Sparkes, fundador da Sparkes &#038; Sparkes"}]},{"@type":"WebSite","@id":"https:\/\/jornaldasoficinas.com\/pt\/#website","url":"https:\/\/jornaldasoficinas.com\/pt\/","name":"Jornal das Oficinas","description":"Jornal independente do Aftermarket Autom\u00f3vel em Portugal","publisher":{"@id":"https:\/\/jornaldasoficinas.com\/pt\/#organization"},"potentialAction":[{"@type":"SearchAction","target":{"@type":"EntryPoint","urlTemplate":"https:\/\/jornaldasoficinas.com\/pt\/?s={search_term_string}"},"query-input":{"@type":"PropertyValueSpecification","valueRequired":true,"valueName":"search_term_string"}}],"inLanguage":"pt-PT"},{"@type":"Organization","@id":"https:\/\/jornaldasoficinas.com\/pt\/#organization","name":"Jornal das Oficinas","url":"https:\/\/jornaldasoficinas.com\/pt\/","logo":{"@type":"ImageObject","inLanguage":"pt-PT","@id":"https:\/\/jornaldasoficinas.com\/pt\/#\/schema\/logo\/image\/","url":"https:\/\/jornaldasoficinas.com\/pt\/wp-content\/uploads\/logoJO-SEO.png","contentUrl":"https:\/\/jornaldasoficinas.com\/pt\/wp-content\/uploads\/logoJO-SEO.png","width":285,"height":450,"caption":"Jornal das Oficinas"},"image":{"@id":"https:\/\/jornaldasoficinas.com\/pt\/#\/schema\/logo\/image\/"},"sameAs":["https:\/\/www.facebook.com\/jornaloficinas","https:\/\/x.com\/jornaloficinas","https:\/\/www.instagram.com\/jornal_oficinas\/","https:\/\/www.linkedin.com\/company\/jornal-das-oficinas\/","https:\/\/www.youtube.com\/channel\/UCbQZBqtcvV-oSQrr7RzINGg"]},{"@type":"Person","@id":"https:\/\/jornaldasoficinas.com\/pt\/#\/schema\/person\/a38eef5de2c41d9e7c9ac10141afddf3","name":"Reda\u00e7\u00e3o JO","image":{"@type":"ImageObject","inLanguage":"pt-PT","@id":"https:\/\/secure.gravatar.com\/avatar\/71f2fa71737ad68a84fea94bc708ddac8ea5b0c4788dc2ad202f3ccb2887742f?s=96&d=wp_user_avatar&r=g","url":"https:\/\/secure.gravatar.com\/avatar\/71f2fa71737ad68a84fea94bc708ddac8ea5b0c4788dc2ad202f3ccb2887742f?s=96&d=wp_user_avatar&r=g","contentUrl":"https:\/\/secure.gravatar.com\/avatar\/71f2fa71737ad68a84fea94bc708ddac8ea5b0c4788dc2ad202f3ccb2887742f?s=96&d=wp_user_avatar&r=g","caption":"Reda\u00e7\u00e3o JO"},"url":"https:\/\/jornaldasoficinas.com\/pt\/author\/joredacao\/"}]}},"_links":{"self":[{"href":"https:\/\/jornaldasoficinas.com\/pt\/wp-json\/wp\/v2\/posts\/78023","targetHints":{"allow":["GET"]}}],"collection":[{"href":"https:\/\/jornaldasoficinas.com\/pt\/wp-json\/wp\/v2\/posts"}],"about":[{"href":"https:\/\/jornaldasoficinas.com\/pt\/wp-json\/wp\/v2\/types\/post"}],"author":[{"embeddable":true,"href":"https:\/\/jornaldasoficinas.com\/pt\/wp-json\/wp\/v2\/users\/15"}],"replies":[{"embeddable":true,"href":"https:\/\/jornaldasoficinas.com\/pt\/wp-json\/wp\/v2\/comments?post=78023"}],"version-history":[{"count":0,"href":"https:\/\/jornaldasoficinas.com\/pt\/wp-json\/wp\/v2\/posts\/78023\/revisions"}],"wp:featuredmedia":[{"embeddable":true,"href":"https:\/\/jornaldasoficinas.com\/pt\/wp-json\/wp\/v2\/media\/78027"}],"wp:attachment":[{"href":"https:\/\/jornaldasoficinas.com\/pt\/wp-json\/wp\/v2\/media?parent=78023"}],"wp:term":[{"taxonomy":"category","embeddable":true,"href":"https:\/\/jornaldasoficinas.com\/pt\/wp-json\/wp\/v2\/categories?post=78023"},{"taxonomy":"post_tag","embeddable":true,"href":"https:\/\/jornaldasoficinas.com\/pt\/wp-json\/wp\/v2\/tags?post=78023"}],"curies":[{"name":"wp","href":"https:\/\/api.w.org\/{rel}","templated":true}]}}