{"id":7812,"date":"2019-12-12T23:31:20","date_gmt":"2019-12-12T23:31:20","guid":{"rendered":"https:\/\/jornaldasoficinas.com\/pt\/?p=7812"},"modified":"2019-12-13T11:10:46","modified_gmt":"2019-12-13T11:10:46","slug":"mannhummel-empenhada-na-luta-contra-as-alteracoes-climaticas","status":"publish","type":"post","link":"https:\/\/jornaldasoficinas.com\/pt\/mannhummel-empenhada-na-luta-contra-as-alteracoes-climaticas\/","title":{"rendered":"MANN+HUMMEL empenhada na luta contra as altera\u00e7\u00f5es clim\u00e1ticas"},"content":{"rendered":"<p><img loading=\"lazy\" decoding=\"async\" class=\"alignnone wp-image-7810 size-full\" src=\"https:\/\/jornaldasoficinas.com\/pt\/wp-content\/uploads\/2019\/12\/mannhummelfiltercubes.png\" alt=\"12 - mannhummelfiltercubes\" width=\"1024\" height=\"581\" srcset=\"https:\/\/jornaldasoficinas.com\/pt\/wp-content\/uploads\/2019\/12\/mannhummelfiltercubes.png 1024w, https:\/\/jornaldasoficinas.com\/pt\/wp-content\/uploads\/2019\/12\/mannhummelfiltercubes-300x170.png 300w, https:\/\/jornaldasoficinas.com\/pt\/wp-content\/uploads\/2019\/12\/mannhummelfiltercubes-150x85.png 150w, https:\/\/jornaldasoficinas.com\/pt\/wp-content\/uploads\/2019\/12\/mannhummelfiltercubes-768x436.png 768w\" sizes=\"auto, (max-width: 1024px) 100vw, 1024px\" \/><\/p>\n<p><strong>Comprometido com a inova\u00e7\u00e3o e as solu\u00e7\u00f5es tecnol\u00f3gicas, o grupo alem\u00e3o especialista em filtragem transforma os desafios em oportunidades para combater as altera\u00e7\u00f5es clim\u00e1ticas.<\/strong><\/p>\n<p>A um dia da conclus\u00e3o da Cimeira do Clima COP 25, ainda subsistem muitas inc\u00f3gnitas acerca de como agir para resolver o problema das altera\u00e7\u00f5es clim\u00e1ticas.<\/p>\n<p>Apesar da falta de consenso confirmada em Madrid, tal n\u00e3o impede a plena entrada em vigor do Acordo de Paris, em novembro de 2020. O Parlamento Europeu declarou que o planeta est\u00e1 em estado de \u201cemerg\u00eancia clim\u00e1tica\u201d, sendo necess\u00e1rio agir imediatamente.<\/p>\n<p>Esta declara\u00e7\u00e3o simb\u00f3lica teve como objetivo atrair a aten\u00e7\u00e3o da classe pol\u00edtica, das empresas e da sociedade em geral, para que estas redobrem os seus esfor\u00e7os na luta contra o aquecimento global, com o objetivo de alcan\u00e7ar a neutralidade de carbono no ano de 2050.<\/p>\n<p>A COP 25 tamb\u00e9m serviu como bar\u00f3metro para avaliar o grau de \u201cambi\u00e7\u00e3o\u201d de cada participante no alcance dos objetivos e salvar a humanidade do desastre clim\u00e1tico. Enquanto aguardam uma resolu\u00e7\u00e3o, as empresas j\u00e1 est\u00e3o a tra\u00e7ar a sua rota, atrav\u00e9s da qual pretendem alcan\u00e7ar os seus objetivos ambientais.<\/p>\n<p>O <a href=\"https:\/\/www.mann-hummel.com\/en\/\" target=\"_blank\" rel=\"noopener noreferrer\">Grupo MANN+HUMMEL<\/a>, consciente da necessidade de tomar medidas urgentes para travar o aquecimento global, promove h\u00e1 v\u00e1rios anos iniciativas que contribuem para o avan\u00e7o da transi\u00e7\u00e3o ecol\u00f3gica e para uma economia de baixo carbono.<\/p>\n<p>\u201cAtrav\u00e9s do nosso programa de financiamento ecol\u00f3gico, estamos a aplicar a vasta experi\u00eancia de que dispomos na \u00e1rea da filtra\u00e7\u00e3o, separando o \u00fatil do prejudicial. Este ano, recebemos o segundo b\u00f3nus verde. O primeiro foi em 2017 e tornou-nos no primeiro fornecedor autom\u00f3vel do mundo a t\u00ea-lo. Nesta ocasi\u00e3o, ser\u00e1 usado para financiar projetos nas \u00e1reas de filtragem de ar e \u00e1gua, energia renov\u00e1vel, sustentabilidade e prote\u00e7\u00e3o ambiental &#8220;, disse fonte do grupo alem\u00e3o.<\/p>\n<p>\u201cAl\u00e9m disso, a empresa realiza outras a\u00e7\u00f5es para cumprir os objetivos estabelecidos na sua f\u00e1brica de Espanha: redu\u00e7\u00e3o do consumo de energia e res\u00edduos para minorar o impacto ambiental, bem, como a aplica\u00e7\u00e3o da regra ecol\u00f3gica 3R (consumo respons\u00e1vel; reutiliza\u00e7\u00e3o de res\u00edduos; reciclagem externa)\u201d, acrescenta o grupo.<\/p>\n<p>\u201cO controlo abrangente da gest\u00e3o de produtos qu\u00edmicos, a intensifica\u00e7\u00e3o de a\u00e7\u00f5es para reduzir a pegada de carbono e a colabora\u00e7\u00e3o com outras empresas para aumentar o consumo de energia verde, s\u00e3o outras estrat\u00e9gias. A partir do dia 1 de janeiro de 2020, come\u00e7aremos a colaborar com uma empresa de energia que nos garante que a mesma quantidade de energia consumida pela nossa empresa seja gerada a partir de fontes renov\u00e1veis, como hidr\u00e1ulica, e\u00f3lica ou solar ou por cogera\u00e7\u00e3o de elevada efici\u00eancia\u201d, afirma a MANN+HUMMEL Ib\u00e9rica.<\/p>\n<p>\u201cComo exemplo de reutiliza\u00e7\u00e3o interna, destacamos a instala\u00e7\u00e3o de retifica\u00e7\u00e3o para os res\u00edduos termopl\u00e1sticos que temos na f\u00e1brica de Zaragoza. Todo o pl\u00e1stico que n\u00e3o \u00e9 fresado internamente \u00e9 processado por um gestor de res\u00edduos externo autorizado, garantindo, assim, 100% de reutiliza\u00e7\u00e3o de res\u00edduos de pl\u00e1stico\u201d, refere a empresa.<\/p>\n<p>\u201cAssim, a percentagem de res\u00edduos da MANN+HUMMEL Ib\u00e9rica avan\u00e7a, ano ap\u00f3s ano, rumo ao objetivo energ\u00e9tico da empresa \u2018aterro zero\u2019, procurando sempre a gest\u00e3o mais sustent\u00e1vel poss\u00edvel para cada res\u00edduo. O valor final da taxa de reciclagem em 2018 foi de 98,91%\u201d, sublinha o Departamento de Gest\u00e3o e Meio Ambiente da MANN+HUMMEL Ib\u00e9rica.<\/p>\n<p>Em 2018, a MANN+HUMMEL Ib\u00e9rica investiu em melhorias ambientais para se adaptar \u00e0s metas clim\u00e1ticas, atrav\u00e9s de investimentos eficientes. &#8220;Muito foi feito nos \u00faltimos anos, mas estamos convencidos de que devemos estabelecer metas mais ambiciosas na luta contra as altera\u00e7\u00f5es clim\u00e1ticas\u201d, refere a empresa.<\/p>\n<p>Os chamados \u201cCubos de Filtro\u201d (cubos de filtra\u00e7\u00e3o) que se veem na imagem que acompanha esta not\u00edcia s\u00e3o instalados de forma modular e podem ser configurados de acordo com as necessidades, seja apenas para reter part\u00edculas finas ou, tamb\u00e9m, para reduzir NO2. J\u00e1 se encontram em funcionamento na Alemanha e destinam-se a melhorar a qualidade do ar nas cidades.<\/p>\n","protected":false},"excerpt":{"rendered":"<p>Comprometido com a inova\u00e7\u00e3o e as&#8230;<\/p>\n","protected":false},"author":15,"featured_media":7810,"comment_status":"closed","ping_status":"closed","sticky":false,"template":"","format":"standard","meta":{"footnotes":""},"categories":[29],"tags":[833,266,223],"class_list":["post-7812","post","type-post","status-publish","format-standard","has-post-thumbnail","hentry","category-empresas","tag-filtracao","tag-mann-filter","tag-mannhummel"],"yoast_head":"<!-- This site is optimized with the Yoast SEO plugin v27.4 - https:\/\/yoast.com\/product\/yoast-seo-wordpress\/ -->\n<title>MANN+HUMMEL empenhada na luta contra as altera\u00e7\u00f5es clim\u00e1ticas - Jornal das Oficinas<\/title>\n<meta name=\"robots\" content=\"index, follow, max-snippet:-1, max-image-preview:large, max-video-preview:-1\" \/>\n<link rel=\"canonical\" href=\"https:\/\/jornaldasoficinas.com\/pt\/mannhummel-empenhada-na-luta-contra-as-alteracoes-climaticas\/\" \/>\n<meta property=\"og:locale\" content=\"pt_PT\" \/>\n<meta property=\"og:type\" content=\"article\" \/>\n<meta property=\"og:title\" content=\"MANN+HUMMEL empenhada na luta contra as altera\u00e7\u00f5es clim\u00e1ticas - Jornal das Oficinas\" \/>\n<meta property=\"og:description\" content=\"Comprometido com a inova\u00e7\u00e3o e as...\" \/>\n<meta property=\"og:url\" content=\"https:\/\/jornaldasoficinas.com\/pt\/mannhummel-empenhada-na-luta-contra-as-alteracoes-climaticas\/\" \/>\n<meta property=\"og:site_name\" content=\"Jornal das Oficinas\" \/>\n<meta property=\"article:publisher\" content=\"https:\/\/www.facebook.com\/jornaloficinas\" \/>\n<meta property=\"article:published_time\" content=\"2019-12-12T23:31:20+00:00\" \/>\n<meta property=\"article:modified_time\" content=\"2019-12-13T11:10:46+00:00\" \/>\n<meta property=\"og:image\" content=\"https:\/\/jornaldasoficinas.com\/pt\/wp-content\/uploads\/2019\/12\/mannhummelfiltercubes.png\" \/>\n\t<meta property=\"og:image:width\" content=\"1024\" \/>\n\t<meta property=\"og:image:height\" content=\"581\" \/>\n\t<meta property=\"og:image:type\" content=\"image\/png\" \/>\n<meta name=\"author\" content=\"Reda\u00e7\u00e3o JO\" \/>\n<meta name=\"twitter:card\" content=\"summary_large_image\" \/>\n<meta name=\"twitter:creator\" content=\"@jornaloficinas\" \/>\n<meta name=\"twitter:site\" content=\"@jornaloficinas\" \/>\n<meta name=\"twitter:label1\" content=\"Escrito por\" \/>\n\t<meta name=\"twitter:data1\" content=\"Reda\u00e7\u00e3o JO\" \/>\n\t<meta name=\"twitter:label2\" content=\"Tempo estimado de leitura\" \/>\n\t<meta name=\"twitter:data2\" content=\"4 minutos\" \/>\n<script type=\"application\/ld+json\" class=\"yoast-schema-graph\">{\"@context\":\"https:\\\/\\\/schema.org\",\"@graph\":[{\"@type\":\"Article\",\"@id\":\"https:\\\/\\\/jornaldasoficinas.com\\\/pt\\\/mannhummel-empenhada-na-luta-contra-as-alteracoes-climaticas\\\/#article\",\"isPartOf\":{\"@id\":\"https:\\\/\\\/jornaldasoficinas.com\\\/pt\\\/mannhummel-empenhada-na-luta-contra-as-alteracoes-climaticas\\\/\"},\"author\":{\"name\":\"Reda\u00e7\u00e3o JO\",\"@id\":\"https:\\\/\\\/jornaldasoficinas.com\\\/pt\\\/#\\\/schema\\\/person\\\/a38eef5de2c41d9e7c9ac10141afddf3\"},\"headline\":\"MANN+HUMMEL empenhada na luta contra as altera\u00e7\u00f5es clim\u00e1ticas\",\"datePublished\":\"2019-12-12T23:31:20+00:00\",\"dateModified\":\"2019-12-13T11:10:46+00:00\",\"mainEntityOfPage\":{\"@id\":\"https:\\\/\\\/jornaldasoficinas.com\\\/pt\\\/mannhummel-empenhada-na-luta-contra-as-alteracoes-climaticas\\\/\"},\"wordCount\":735,\"publisher\":{\"@id\":\"https:\\\/\\\/jornaldasoficinas.com\\\/pt\\\/#organization\"},\"image\":{\"@id\":\"https:\\\/\\\/jornaldasoficinas.com\\\/pt\\\/mannhummel-empenhada-na-luta-contra-as-alteracoes-climaticas\\\/#primaryimage\"},\"thumbnailUrl\":\"https:\\\/\\\/jornaldasoficinas.com\\\/pt\\\/wp-content\\\/uploads\\\/2019\\\/12\\\/mannhummelfiltercubes.png\",\"keywords\":[\"Filtra\u00e7\u00e3o\",\"MANN-FILTER\",\"MANN+HUMMEL\"],\"articleSection\":[\"Empresas\"],\"inLanguage\":\"pt-PT\"},{\"@type\":\"WebPage\",\"@id\":\"https:\\\/\\\/jornaldasoficinas.com\\\/pt\\\/mannhummel-empenhada-na-luta-contra-as-alteracoes-climaticas\\\/\",\"url\":\"https:\\\/\\\/jornaldasoficinas.com\\\/pt\\\/mannhummel-empenhada-na-luta-contra-as-alteracoes-climaticas\\\/\",\"name\":\"MANN+HUMMEL empenhada na luta contra as altera\u00e7\u00f5es clim\u00e1ticas - Jornal das Oficinas\",\"isPartOf\":{\"@id\":\"https:\\\/\\\/jornaldasoficinas.com\\\/pt\\\/#website\"},\"primaryImageOfPage\":{\"@id\":\"https:\\\/\\\/jornaldasoficinas.com\\\/pt\\\/mannhummel-empenhada-na-luta-contra-as-alteracoes-climaticas\\\/#primaryimage\"},\"image\":{\"@id\":\"https:\\\/\\\/jornaldasoficinas.com\\\/pt\\\/mannhummel-empenhada-na-luta-contra-as-alteracoes-climaticas\\\/#primaryimage\"},\"thumbnailUrl\":\"https:\\\/\\\/jornaldasoficinas.com\\\/pt\\\/wp-content\\\/uploads\\\/2019\\\/12\\\/mannhummelfiltercubes.png\",\"datePublished\":\"2019-12-12T23:31:20+00:00\",\"dateModified\":\"2019-12-13T11:10:46+00:00\",\"breadcrumb\":{\"@id\":\"https:\\\/\\\/jornaldasoficinas.com\\\/pt\\\/mannhummel-empenhada-na-luta-contra-as-alteracoes-climaticas\\\/#breadcrumb\"},\"inLanguage\":\"pt-PT\",\"potentialAction\":[{\"@type\":\"ReadAction\",\"target\":[\"https:\\\/\\\/jornaldasoficinas.com\\\/pt\\\/mannhummel-empenhada-na-luta-contra-as-alteracoes-climaticas\\\/\"]}]},{\"@type\":\"ImageObject\",\"inLanguage\":\"pt-PT\",\"@id\":\"https:\\\/\\\/jornaldasoficinas.com\\\/pt\\\/mannhummel-empenhada-na-luta-contra-as-alteracoes-climaticas\\\/#primaryimage\",\"url\":\"https:\\\/\\\/jornaldasoficinas.com\\\/pt\\\/wp-content\\\/uploads\\\/2019\\\/12\\\/mannhummelfiltercubes.png\",\"contentUrl\":\"https:\\\/\\\/jornaldasoficinas.com\\\/pt\\\/wp-content\\\/uploads\\\/2019\\\/12\\\/mannhummelfiltercubes.png\",\"width\":1024,\"height\":581,\"caption\":\"12 - mannhummelfiltercubes\"},{\"@type\":\"BreadcrumbList\",\"@id\":\"https:\\\/\\\/jornaldasoficinas.com\\\/pt\\\/mannhummel-empenhada-na-luta-contra-as-alteracoes-climaticas\\\/#breadcrumb\",\"itemListElement\":[{\"@type\":\"ListItem\",\"position\":1,\"name\":\"In\u00edcio\",\"item\":\"https:\\\/\\\/jornaldasoficinas.com\\\/pt\\\/\"},{\"@type\":\"ListItem\",\"position\":2,\"name\":\"MANN+HUMMEL empenhada na luta contra as altera\u00e7\u00f5es clim\u00e1ticas\"}]},{\"@type\":\"WebSite\",\"@id\":\"https:\\\/\\\/jornaldasoficinas.com\\\/pt\\\/#website\",\"url\":\"https:\\\/\\\/jornaldasoficinas.com\\\/pt\\\/\",\"name\":\"Jornal das Oficinas\",\"description\":\"Jornal independente do Aftermarket Autom\u00f3vel em Portugal\",\"publisher\":{\"@id\":\"https:\\\/\\\/jornaldasoficinas.com\\\/pt\\\/#organization\"},\"potentialAction\":[{\"@type\":\"SearchAction\",\"target\":{\"@type\":\"EntryPoint\",\"urlTemplate\":\"https:\\\/\\\/jornaldasoficinas.com\\\/pt\\\/?s={search_term_string}\"},\"query-input\":{\"@type\":\"PropertyValueSpecification\",\"valueRequired\":true,\"valueName\":\"search_term_string\"}}],\"inLanguage\":\"pt-PT\"},{\"@type\":\"Organization\",\"@id\":\"https:\\\/\\\/jornaldasoficinas.com\\\/pt\\\/#organization\",\"name\":\"Jornal das Oficinas\",\"url\":\"https:\\\/\\\/jornaldasoficinas.com\\\/pt\\\/\",\"logo\":{\"@type\":\"ImageObject\",\"inLanguage\":\"pt-PT\",\"@id\":\"https:\\\/\\\/jornaldasoficinas.com\\\/pt\\\/#\\\/schema\\\/logo\\\/image\\\/\",\"url\":\"https:\\\/\\\/jornaldasoficinas.com\\\/pt\\\/wp-content\\\/uploads\\\/logoJO-SEO.png\",\"contentUrl\":\"https:\\\/\\\/jornaldasoficinas.com\\\/pt\\\/wp-content\\\/uploads\\\/logoJO-SEO.png\",\"width\":285,\"height\":450,\"caption\":\"Jornal das Oficinas\"},\"image\":{\"@id\":\"https:\\\/\\\/jornaldasoficinas.com\\\/pt\\\/#\\\/schema\\\/logo\\\/image\\\/\"},\"sameAs\":[\"https:\\\/\\\/www.facebook.com\\\/jornaloficinas\",\"https:\\\/\\\/x.com\\\/jornaloficinas\",\"https:\\\/\\\/www.instagram.com\\\/jornal_oficinas\\\/\",\"https:\\\/\\\/www.linkedin.com\\\/company\\\/jornal-das-oficinas\\\/\",\"https:\\\/\\\/www.youtube.com\\\/channel\\\/UCbQZBqtcvV-oSQrr7RzINGg\"]},{\"@type\":\"Person\",\"@id\":\"https:\\\/\\\/jornaldasoficinas.com\\\/pt\\\/#\\\/schema\\\/person\\\/a38eef5de2c41d9e7c9ac10141afddf3\",\"name\":\"Reda\u00e7\u00e3o JO\",\"image\":{\"@type\":\"ImageObject\",\"inLanguage\":\"pt-PT\",\"@id\":\"https:\\\/\\\/secure.gravatar.com\\\/avatar\\\/71f2fa71737ad68a84fea94bc708ddac8ea5b0c4788dc2ad202f3ccb2887742f?s=96&d=wp_user_avatar&r=g\",\"url\":\"https:\\\/\\\/secure.gravatar.com\\\/avatar\\\/71f2fa71737ad68a84fea94bc708ddac8ea5b0c4788dc2ad202f3ccb2887742f?s=96&d=wp_user_avatar&r=g\",\"contentUrl\":\"https:\\\/\\\/secure.gravatar.com\\\/avatar\\\/71f2fa71737ad68a84fea94bc708ddac8ea5b0c4788dc2ad202f3ccb2887742f?s=96&d=wp_user_avatar&r=g\",\"caption\":\"Reda\u00e7\u00e3o JO\"},\"url\":\"https:\\\/\\\/jornaldasoficinas.com\\\/pt\\\/author\\\/joredacao\\\/\"}]}<\/script>\n<!-- \/ Yoast SEO plugin. -->","yoast_head_json":{"title":"MANN+HUMMEL empenhada na luta contra as altera\u00e7\u00f5es clim\u00e1ticas - Jornal das Oficinas","robots":{"index":"index","follow":"follow","max-snippet":"max-snippet:-1","max-image-preview":"max-image-preview:large","max-video-preview":"max-video-preview:-1"},"canonical":"https:\/\/jornaldasoficinas.com\/pt\/mannhummel-empenhada-na-luta-contra-as-alteracoes-climaticas\/","og_locale":"pt_PT","og_type":"article","og_title":"MANN+HUMMEL empenhada na luta contra as altera\u00e7\u00f5es clim\u00e1ticas - Jornal das Oficinas","og_description":"Comprometido com a inova\u00e7\u00e3o e as...","og_url":"https:\/\/jornaldasoficinas.com\/pt\/mannhummel-empenhada-na-luta-contra-as-alteracoes-climaticas\/","og_site_name":"Jornal das Oficinas","article_publisher":"https:\/\/www.facebook.com\/jornaloficinas","article_published_time":"2019-12-12T23:31:20+00:00","article_modified_time":"2019-12-13T11:10:46+00:00","og_image":[{"width":1024,"height":581,"url":"https:\/\/jornaldasoficinas.com\/pt\/wp-content\/uploads\/2019\/12\/mannhummelfiltercubes.png","type":"image\/png"}],"author":"Reda\u00e7\u00e3o JO","twitter_card":"summary_large_image","twitter_creator":"@jornaloficinas","twitter_site":"@jornaloficinas","twitter_misc":{"Escrito por":"Reda\u00e7\u00e3o JO","Tempo estimado de leitura":"4 minutos"},"schema":{"@context":"https:\/\/schema.org","@graph":[{"@type":"Article","@id":"https:\/\/jornaldasoficinas.com\/pt\/mannhummel-empenhada-na-luta-contra-as-alteracoes-climaticas\/#article","isPartOf":{"@id":"https:\/\/jornaldasoficinas.com\/pt\/mannhummel-empenhada-na-luta-contra-as-alteracoes-climaticas\/"},"author":{"name":"Reda\u00e7\u00e3o JO","@id":"https:\/\/jornaldasoficinas.com\/pt\/#\/schema\/person\/a38eef5de2c41d9e7c9ac10141afddf3"},"headline":"MANN+HUMMEL empenhada na luta contra as altera\u00e7\u00f5es clim\u00e1ticas","datePublished":"2019-12-12T23:31:20+00:00","dateModified":"2019-12-13T11:10:46+00:00","mainEntityOfPage":{"@id":"https:\/\/jornaldasoficinas.com\/pt\/mannhummel-empenhada-na-luta-contra-as-alteracoes-climaticas\/"},"wordCount":735,"publisher":{"@id":"https:\/\/jornaldasoficinas.com\/pt\/#organization"},"image":{"@id":"https:\/\/jornaldasoficinas.com\/pt\/mannhummel-empenhada-na-luta-contra-as-alteracoes-climaticas\/#primaryimage"},"thumbnailUrl":"https:\/\/jornaldasoficinas.com\/pt\/wp-content\/uploads\/2019\/12\/mannhummelfiltercubes.png","keywords":["Filtra\u00e7\u00e3o","MANN-FILTER","MANN+HUMMEL"],"articleSection":["Empresas"],"inLanguage":"pt-PT"},{"@type":"WebPage","@id":"https:\/\/jornaldasoficinas.com\/pt\/mannhummel-empenhada-na-luta-contra-as-alteracoes-climaticas\/","url":"https:\/\/jornaldasoficinas.com\/pt\/mannhummel-empenhada-na-luta-contra-as-alteracoes-climaticas\/","name":"MANN+HUMMEL empenhada na luta contra as altera\u00e7\u00f5es clim\u00e1ticas - Jornal das Oficinas","isPartOf":{"@id":"https:\/\/jornaldasoficinas.com\/pt\/#website"},"primaryImageOfPage":{"@id":"https:\/\/jornaldasoficinas.com\/pt\/mannhummel-empenhada-na-luta-contra-as-alteracoes-climaticas\/#primaryimage"},"image":{"@id":"https:\/\/jornaldasoficinas.com\/pt\/mannhummel-empenhada-na-luta-contra-as-alteracoes-climaticas\/#primaryimage"},"thumbnailUrl":"https:\/\/jornaldasoficinas.com\/pt\/wp-content\/uploads\/2019\/12\/mannhummelfiltercubes.png","datePublished":"2019-12-12T23:31:20+00:00","dateModified":"2019-12-13T11:10:46+00:00","breadcrumb":{"@id":"https:\/\/jornaldasoficinas.com\/pt\/mannhummel-empenhada-na-luta-contra-as-alteracoes-climaticas\/#breadcrumb"},"inLanguage":"pt-PT","potentialAction":[{"@type":"ReadAction","target":["https:\/\/jornaldasoficinas.com\/pt\/mannhummel-empenhada-na-luta-contra-as-alteracoes-climaticas\/"]}]},{"@type":"ImageObject","inLanguage":"pt-PT","@id":"https:\/\/jornaldasoficinas.com\/pt\/mannhummel-empenhada-na-luta-contra-as-alteracoes-climaticas\/#primaryimage","url":"https:\/\/jornaldasoficinas.com\/pt\/wp-content\/uploads\/2019\/12\/mannhummelfiltercubes.png","contentUrl":"https:\/\/jornaldasoficinas.com\/pt\/wp-content\/uploads\/2019\/12\/mannhummelfiltercubes.png","width":1024,"height":581,"caption":"12 - mannhummelfiltercubes"},{"@type":"BreadcrumbList","@id":"https:\/\/jornaldasoficinas.com\/pt\/mannhummel-empenhada-na-luta-contra-as-alteracoes-climaticas\/#breadcrumb","itemListElement":[{"@type":"ListItem","position":1,"name":"In\u00edcio","item":"https:\/\/jornaldasoficinas.com\/pt\/"},{"@type":"ListItem","position":2,"name":"MANN+HUMMEL empenhada na luta contra as altera\u00e7\u00f5es clim\u00e1ticas"}]},{"@type":"WebSite","@id":"https:\/\/jornaldasoficinas.com\/pt\/#website","url":"https:\/\/jornaldasoficinas.com\/pt\/","name":"Jornal das Oficinas","description":"Jornal independente do Aftermarket Autom\u00f3vel em Portugal","publisher":{"@id":"https:\/\/jornaldasoficinas.com\/pt\/#organization"},"potentialAction":[{"@type":"SearchAction","target":{"@type":"EntryPoint","urlTemplate":"https:\/\/jornaldasoficinas.com\/pt\/?s={search_term_string}"},"query-input":{"@type":"PropertyValueSpecification","valueRequired":true,"valueName":"search_term_string"}}],"inLanguage":"pt-PT"},{"@type":"Organization","@id":"https:\/\/jornaldasoficinas.com\/pt\/#organization","name":"Jornal das Oficinas","url":"https:\/\/jornaldasoficinas.com\/pt\/","logo":{"@type":"ImageObject","inLanguage":"pt-PT","@id":"https:\/\/jornaldasoficinas.com\/pt\/#\/schema\/logo\/image\/","url":"https:\/\/jornaldasoficinas.com\/pt\/wp-content\/uploads\/logoJO-SEO.png","contentUrl":"https:\/\/jornaldasoficinas.com\/pt\/wp-content\/uploads\/logoJO-SEO.png","width":285,"height":450,"caption":"Jornal das Oficinas"},"image":{"@id":"https:\/\/jornaldasoficinas.com\/pt\/#\/schema\/logo\/image\/"},"sameAs":["https:\/\/www.facebook.com\/jornaloficinas","https:\/\/x.com\/jornaloficinas","https:\/\/www.instagram.com\/jornal_oficinas\/","https:\/\/www.linkedin.com\/company\/jornal-das-oficinas\/","https:\/\/www.youtube.com\/channel\/UCbQZBqtcvV-oSQrr7RzINGg"]},{"@type":"Person","@id":"https:\/\/jornaldasoficinas.com\/pt\/#\/schema\/person\/a38eef5de2c41d9e7c9ac10141afddf3","name":"Reda\u00e7\u00e3o JO","image":{"@type":"ImageObject","inLanguage":"pt-PT","@id":"https:\/\/secure.gravatar.com\/avatar\/71f2fa71737ad68a84fea94bc708ddac8ea5b0c4788dc2ad202f3ccb2887742f?s=96&d=wp_user_avatar&r=g","url":"https:\/\/secure.gravatar.com\/avatar\/71f2fa71737ad68a84fea94bc708ddac8ea5b0c4788dc2ad202f3ccb2887742f?s=96&d=wp_user_avatar&r=g","contentUrl":"https:\/\/secure.gravatar.com\/avatar\/71f2fa71737ad68a84fea94bc708ddac8ea5b0c4788dc2ad202f3ccb2887742f?s=96&d=wp_user_avatar&r=g","caption":"Reda\u00e7\u00e3o JO"},"url":"https:\/\/jornaldasoficinas.com\/pt\/author\/joredacao\/"}]}},"_links":{"self":[{"href":"https:\/\/jornaldasoficinas.com\/pt\/wp-json\/wp\/v2\/posts\/7812","targetHints":{"allow":["GET"]}}],"collection":[{"href":"https:\/\/jornaldasoficinas.com\/pt\/wp-json\/wp\/v2\/posts"}],"about":[{"href":"https:\/\/jornaldasoficinas.com\/pt\/wp-json\/wp\/v2\/types\/post"}],"author":[{"embeddable":true,"href":"https:\/\/jornaldasoficinas.com\/pt\/wp-json\/wp\/v2\/users\/15"}],"replies":[{"embeddable":true,"href":"https:\/\/jornaldasoficinas.com\/pt\/wp-json\/wp\/v2\/comments?post=7812"}],"version-history":[{"count":0,"href":"https:\/\/jornaldasoficinas.com\/pt\/wp-json\/wp\/v2\/posts\/7812\/revisions"}],"wp:featuredmedia":[{"embeddable":true,"href":"https:\/\/jornaldasoficinas.com\/pt\/wp-json\/wp\/v2\/media\/7810"}],"wp:attachment":[{"href":"https:\/\/jornaldasoficinas.com\/pt\/wp-json\/wp\/v2\/media?parent=7812"}],"wp:term":[{"taxonomy":"category","embeddable":true,"href":"https:\/\/jornaldasoficinas.com\/pt\/wp-json\/wp\/v2\/categories?post=7812"},{"taxonomy":"post_tag","embeddable":true,"href":"https:\/\/jornaldasoficinas.com\/pt\/wp-json\/wp\/v2\/tags?post=7812"}],"curies":[{"name":"wp","href":"https:\/\/api.w.org\/{rel}","templated":true}]}}