{"id":7816,"date":"2019-12-12T23:50:01","date_gmt":"2019-12-12T23:50:01","guid":{"rendered":"https:\/\/jornaldasoficinas.com\/pt\/?p=7816"},"modified":"2023-07-20T16:07:21","modified_gmt":"2023-07-20T15:07:21","slug":"indie-campers-nova-identidade-acompanha-expansao-do-negocio","status":"publish","type":"post","link":"https:\/\/jornaldasoficinas.com\/pt\/indie-campers-nova-identidade-acompanha-expansao-do-negocio\/","title":{"rendered":"Indie Campers: nova identidade acompanha expans\u00e3o do neg\u00f3cio"},"content":{"rendered":"<p><img loading=\"lazy\" decoding=\"async\" class=\"alignnone wp-image-7815 size-full\" src=\"https:\/\/jornaldasoficinas.com\/pt\/wp-content\/uploads\/2019\/12\/indiecampersnovaimagem.png\" alt=\"12 - indiecampersnovaimagem\" width=\"1024\" height=\"581\" srcset=\"https:\/\/jornaldasoficinas.com\/pt\/wp-content\/uploads\/2019\/12\/indiecampersnovaimagem.png 1024w, https:\/\/jornaldasoficinas.com\/pt\/wp-content\/uploads\/2019\/12\/indiecampersnovaimagem-300x170.png 300w, https:\/\/jornaldasoficinas.com\/pt\/wp-content\/uploads\/2019\/12\/indiecampersnovaimagem-150x85.png 150w, https:\/\/jornaldasoficinas.com\/pt\/wp-content\/uploads\/2019\/12\/indiecampersnovaimagem-768x436.png 768w\" sizes=\"auto, (max-width: 1024px) 100vw, 1024px\" \/><\/p>\n<p><strong>A empresa portuguesa de aluguer de autocaravanas anuncia a expans\u00e3o do neg\u00f3cio para novas cidades e o maior aumento de frota da sua hist\u00f3ria, ao mesmo tempo que releva o <em>rebranding<\/em>, fruto da sua nova identidade.<\/strong><\/p>\n<p>A Indie Campers, a maior empresa de aluguer de autocaravanas da Europa, anuncia a expans\u00e3o do neg\u00f3cio para mais 15 localiza\u00e7\u00f5es, bem como o maior aumento de frota desde a sua funda\u00e7\u00e3o e a sua nova imagem.<\/p>\n<p>A expans\u00e3o do neg\u00f3cio come\u00e7a pelo an\u00fancio de mais cidades e pa\u00edses com bases Indie Campers, nomeadamente Viena (\u00c1ustria), Malmo, Gotemburgo e Estocolmo (Su\u00e9cia), Nantes e Toulouose (Fran\u00e7a), Col\u00f3nia, Hanover e Estugarda (Alemanha), Cagliari, Floren\u00e7a, N\u00e1poles e Palermo (It\u00e1lia), Dubrovnik (Cro\u00e1cia) e Manchester (Inglaterra).<\/p>\n<p>No total, s\u00e3o 15 novas bases de autocaravanas <a href=\"https:\/\/indiecampers.pt\/\" target=\"_blank\" rel=\"noopener noreferrer\">Indie Campers<\/a>, com destaque para a entrada na \u00c1ustria e na Su\u00e9cia, assim como as novas bases de Nantes e Toulouose, que garantem a cobertura do territ\u00f3rio franc\u00eas por completo.<\/p>\n<p>A expans\u00e3o do neg\u00f3cio inclui ainda o maior aumento da frota desde a funda\u00e7\u00e3o da empresa. Em 2020, a Indie Campers espera ultrapassar os dois mil ve\u00edculos, sendo que as autocaravanas representam apenas 85% deste valor.<\/p>\n<p>Al\u00e9m do neg\u00f3cio tradicional da empresa, a Indie Campers vai lan\u00e7ar uma nova gama de produtos, que ser\u00e3o divididos em tr\u00eas segmentos: \u201cMotos\u201d; \u201cScooters\u201d; \u201cCarros com Tendas de Tejadilho\u201d.<\/p>\n<p>Mas h\u00e1 mais novidades: a empresa anuncia a mudan\u00e7a de imagem com um novo log\u00f3tipo Indie Campers, que tem como objetivo representar o crescimento e a maturidade da empresa.<\/p>\n<p>A <em>start-up<\/em> abandona, assim, o <em>layout<\/em> colorido e <em>fun<\/em> das autocaravanas e, a partir de hoje, o <em>site<\/em> e os ve\u00edculos da Indie Campers circulam com o novo log\u00f3tipo, que representa as diferentes fases do sol, desde o amarelo\/laranja do nascer ao vermelho\/roxo do anoitecer. O conceito foi desenvolvido em parceria com a ag\u00eancia criativa A Equipa.<\/p>\n<p>\u201cHoje, a Indie Campers est\u00e1 absolutamente estabelecida no mercado europeu, \u00e9 uma empresa adulta e esperamos que esta nova imagem da marca represente esta maturidade. Al\u00e9m disso, este log\u00f3tipo moderno est\u00e1 mais adequado \u00e0 nossa realidade enquanto empresa de inova\u00e7\u00e3o marcadamente digital\u201d, explica Hugo Oliveira, CEO da Indie Campers.<\/p>\n","protected":false},"excerpt":{"rendered":"<p>A empresa portuguesa de aluguer de&#8230;<\/p>\n","protected":false},"author":15,"featured_media":7815,"comment_status":"closed","ping_status":"closed","sticky":false,"template":"","format":"standard","meta":{"footnotes":""},"categories":[29],"tags":[1003,88],"class_list":["post-7816","post","type-post","status-publish","format-standard","has-post-thumbnail","hentry","category-empresas","tag-autocaravanas","tag-indie-campers"],"yoast_head":"<!-- This site is optimized with the Yoast SEO plugin v27.4 - https:\/\/yoast.com\/product\/yoast-seo-wordpress\/ -->\n<title>Indie Campers: nova identidade acompanha expans\u00e3o do neg\u00f3cio - Jornal das Oficinas<\/title>\n<meta name=\"robots\" content=\"index, follow, max-snippet:-1, max-image-preview:large, max-video-preview:-1\" \/>\n<link rel=\"canonical\" href=\"https:\/\/jornaldasoficinas.com\/pt\/indie-campers-nova-identidade-acompanha-expansao-do-negocio\/\" \/>\n<meta property=\"og:locale\" content=\"pt_PT\" \/>\n<meta property=\"og:type\" content=\"article\" \/>\n<meta property=\"og:title\" content=\"Indie Campers: nova identidade acompanha expans\u00e3o do neg\u00f3cio - Jornal das Oficinas\" \/>\n<meta property=\"og:description\" content=\"A empresa portuguesa de aluguer de...\" \/>\n<meta property=\"og:url\" content=\"https:\/\/jornaldasoficinas.com\/pt\/indie-campers-nova-identidade-acompanha-expansao-do-negocio\/\" \/>\n<meta property=\"og:site_name\" content=\"Jornal das Oficinas\" \/>\n<meta property=\"article:publisher\" content=\"https:\/\/www.facebook.com\/jornaloficinas\" \/>\n<meta property=\"article:published_time\" content=\"2019-12-12T23:50:01+00:00\" \/>\n<meta property=\"article:modified_time\" content=\"2023-07-20T15:07:21+00:00\" \/>\n<meta property=\"og:image\" content=\"https:\/\/jornaldasoficinas.com\/pt\/wp-content\/uploads\/2019\/12\/indiecampersnovaimagem.png\" \/>\n\t<meta property=\"og:image:width\" content=\"1024\" \/>\n\t<meta property=\"og:image:height\" content=\"581\" \/>\n\t<meta property=\"og:image:type\" content=\"image\/png\" \/>\n<meta name=\"author\" content=\"Reda\u00e7\u00e3o JO\" \/>\n<meta name=\"twitter:card\" content=\"summary_large_image\" \/>\n<meta name=\"twitter:creator\" content=\"@jornaloficinas\" \/>\n<meta name=\"twitter:site\" content=\"@jornaloficinas\" \/>\n<meta name=\"twitter:label1\" content=\"Escrito por\" \/>\n\t<meta name=\"twitter:data1\" content=\"Reda\u00e7\u00e3o JO\" \/>\n\t<meta name=\"twitter:label2\" content=\"Tempo estimado de leitura\" \/>\n\t<meta name=\"twitter:data2\" content=\"2 minutos\" \/>\n<script type=\"application\/ld+json\" class=\"yoast-schema-graph\">{\"@context\":\"https:\\\/\\\/schema.org\",\"@graph\":[{\"@type\":\"Article\",\"@id\":\"https:\\\/\\\/jornaldasoficinas.com\\\/pt\\\/indie-campers-nova-identidade-acompanha-expansao-do-negocio\\\/#article\",\"isPartOf\":{\"@id\":\"https:\\\/\\\/jornaldasoficinas.com\\\/pt\\\/indie-campers-nova-identidade-acompanha-expansao-do-negocio\\\/\"},\"author\":{\"name\":\"Reda\u00e7\u00e3o JO\",\"@id\":\"https:\\\/\\\/jornaldasoficinas.com\\\/pt\\\/#\\\/schema\\\/person\\\/a38eef5de2c41d9e7c9ac10141afddf3\"},\"headline\":\"Indie Campers: nova identidade acompanha expans\u00e3o do neg\u00f3cio\",\"datePublished\":\"2019-12-12T23:50:01+00:00\",\"dateModified\":\"2023-07-20T15:07:21+00:00\",\"mainEntityOfPage\":{\"@id\":\"https:\\\/\\\/jornaldasoficinas.com\\\/pt\\\/indie-campers-nova-identidade-acompanha-expansao-do-negocio\\\/\"},\"wordCount\":401,\"publisher\":{\"@id\":\"https:\\\/\\\/jornaldasoficinas.com\\\/pt\\\/#organization\"},\"image\":{\"@id\":\"https:\\\/\\\/jornaldasoficinas.com\\\/pt\\\/indie-campers-nova-identidade-acompanha-expansao-do-negocio\\\/#primaryimage\"},\"thumbnailUrl\":\"https:\\\/\\\/jornaldasoficinas.com\\\/pt\\\/wp-content\\\/uploads\\\/2019\\\/12\\\/indiecampersnovaimagem.png\",\"keywords\":[\"autocaravanas\",\"Indie Campers\"],\"articleSection\":[\"Empresas\"],\"inLanguage\":\"pt-PT\"},{\"@type\":\"WebPage\",\"@id\":\"https:\\\/\\\/jornaldasoficinas.com\\\/pt\\\/indie-campers-nova-identidade-acompanha-expansao-do-negocio\\\/\",\"url\":\"https:\\\/\\\/jornaldasoficinas.com\\\/pt\\\/indie-campers-nova-identidade-acompanha-expansao-do-negocio\\\/\",\"name\":\"Indie Campers: nova identidade acompanha expans\u00e3o do neg\u00f3cio - Jornal das Oficinas\",\"isPartOf\":{\"@id\":\"https:\\\/\\\/jornaldasoficinas.com\\\/pt\\\/#website\"},\"primaryImageOfPage\":{\"@id\":\"https:\\\/\\\/jornaldasoficinas.com\\\/pt\\\/indie-campers-nova-identidade-acompanha-expansao-do-negocio\\\/#primaryimage\"},\"image\":{\"@id\":\"https:\\\/\\\/jornaldasoficinas.com\\\/pt\\\/indie-campers-nova-identidade-acompanha-expansao-do-negocio\\\/#primaryimage\"},\"thumbnailUrl\":\"https:\\\/\\\/jornaldasoficinas.com\\\/pt\\\/wp-content\\\/uploads\\\/2019\\\/12\\\/indiecampersnovaimagem.png\",\"datePublished\":\"2019-12-12T23:50:01+00:00\",\"dateModified\":\"2023-07-20T15:07:21+00:00\",\"breadcrumb\":{\"@id\":\"https:\\\/\\\/jornaldasoficinas.com\\\/pt\\\/indie-campers-nova-identidade-acompanha-expansao-do-negocio\\\/#breadcrumb\"},\"inLanguage\":\"pt-PT\",\"potentialAction\":[{\"@type\":\"ReadAction\",\"target\":[\"https:\\\/\\\/jornaldasoficinas.com\\\/pt\\\/indie-campers-nova-identidade-acompanha-expansao-do-negocio\\\/\"]}]},{\"@type\":\"ImageObject\",\"inLanguage\":\"pt-PT\",\"@id\":\"https:\\\/\\\/jornaldasoficinas.com\\\/pt\\\/indie-campers-nova-identidade-acompanha-expansao-do-negocio\\\/#primaryimage\",\"url\":\"https:\\\/\\\/jornaldasoficinas.com\\\/pt\\\/wp-content\\\/uploads\\\/2019\\\/12\\\/indiecampersnovaimagem.png\",\"contentUrl\":\"https:\\\/\\\/jornaldasoficinas.com\\\/pt\\\/wp-content\\\/uploads\\\/2019\\\/12\\\/indiecampersnovaimagem.png\",\"width\":1024,\"height\":581,\"caption\":\"12 - indiecampersnovaimagem\"},{\"@type\":\"BreadcrumbList\",\"@id\":\"https:\\\/\\\/jornaldasoficinas.com\\\/pt\\\/indie-campers-nova-identidade-acompanha-expansao-do-negocio\\\/#breadcrumb\",\"itemListElement\":[{\"@type\":\"ListItem\",\"position\":1,\"name\":\"In\u00edcio\",\"item\":\"https:\\\/\\\/jornaldasoficinas.com\\\/pt\\\/\"},{\"@type\":\"ListItem\",\"position\":2,\"name\":\"Indie Campers: nova identidade acompanha expans\u00e3o do neg\u00f3cio\"}]},{\"@type\":\"WebSite\",\"@id\":\"https:\\\/\\\/jornaldasoficinas.com\\\/pt\\\/#website\",\"url\":\"https:\\\/\\\/jornaldasoficinas.com\\\/pt\\\/\",\"name\":\"Jornal das Oficinas\",\"description\":\"Jornal independente do Aftermarket Autom\u00f3vel em Portugal\",\"publisher\":{\"@id\":\"https:\\\/\\\/jornaldasoficinas.com\\\/pt\\\/#organization\"},\"potentialAction\":[{\"@type\":\"SearchAction\",\"target\":{\"@type\":\"EntryPoint\",\"urlTemplate\":\"https:\\\/\\\/jornaldasoficinas.com\\\/pt\\\/?s={search_term_string}\"},\"query-input\":{\"@type\":\"PropertyValueSpecification\",\"valueRequired\":true,\"valueName\":\"search_term_string\"}}],\"inLanguage\":\"pt-PT\"},{\"@type\":\"Organization\",\"@id\":\"https:\\\/\\\/jornaldasoficinas.com\\\/pt\\\/#organization\",\"name\":\"Jornal das Oficinas\",\"url\":\"https:\\\/\\\/jornaldasoficinas.com\\\/pt\\\/\",\"logo\":{\"@type\":\"ImageObject\",\"inLanguage\":\"pt-PT\",\"@id\":\"https:\\\/\\\/jornaldasoficinas.com\\\/pt\\\/#\\\/schema\\\/logo\\\/image\\\/\",\"url\":\"https:\\\/\\\/jornaldasoficinas.com\\\/pt\\\/wp-content\\\/uploads\\\/logoJO-SEO.png\",\"contentUrl\":\"https:\\\/\\\/jornaldasoficinas.com\\\/pt\\\/wp-content\\\/uploads\\\/logoJO-SEO.png\",\"width\":285,\"height\":450,\"caption\":\"Jornal das Oficinas\"},\"image\":{\"@id\":\"https:\\\/\\\/jornaldasoficinas.com\\\/pt\\\/#\\\/schema\\\/logo\\\/image\\\/\"},\"sameAs\":[\"https:\\\/\\\/www.facebook.com\\\/jornaloficinas\",\"https:\\\/\\\/x.com\\\/jornaloficinas\",\"https:\\\/\\\/www.instagram.com\\\/jornal_oficinas\\\/\",\"https:\\\/\\\/www.linkedin.com\\\/company\\\/jornal-das-oficinas\\\/\",\"https:\\\/\\\/www.youtube.com\\\/channel\\\/UCbQZBqtcvV-oSQrr7RzINGg\"]},{\"@type\":\"Person\",\"@id\":\"https:\\\/\\\/jornaldasoficinas.com\\\/pt\\\/#\\\/schema\\\/person\\\/a38eef5de2c41d9e7c9ac10141afddf3\",\"name\":\"Reda\u00e7\u00e3o JO\",\"image\":{\"@type\":\"ImageObject\",\"inLanguage\":\"pt-PT\",\"@id\":\"https:\\\/\\\/secure.gravatar.com\\\/avatar\\\/71f2fa71737ad68a84fea94bc708ddac8ea5b0c4788dc2ad202f3ccb2887742f?s=96&d=wp_user_avatar&r=g\",\"url\":\"https:\\\/\\\/secure.gravatar.com\\\/avatar\\\/71f2fa71737ad68a84fea94bc708ddac8ea5b0c4788dc2ad202f3ccb2887742f?s=96&d=wp_user_avatar&r=g\",\"contentUrl\":\"https:\\\/\\\/secure.gravatar.com\\\/avatar\\\/71f2fa71737ad68a84fea94bc708ddac8ea5b0c4788dc2ad202f3ccb2887742f?s=96&d=wp_user_avatar&r=g\",\"caption\":\"Reda\u00e7\u00e3o JO\"},\"url\":\"https:\\\/\\\/jornaldasoficinas.com\\\/pt\\\/author\\\/joredacao\\\/\"}]}<\/script>\n<!-- \/ Yoast SEO plugin. -->","yoast_head_json":{"title":"Indie Campers: nova identidade acompanha expans\u00e3o do neg\u00f3cio - Jornal das Oficinas","robots":{"index":"index","follow":"follow","max-snippet":"max-snippet:-1","max-image-preview":"max-image-preview:large","max-video-preview":"max-video-preview:-1"},"canonical":"https:\/\/jornaldasoficinas.com\/pt\/indie-campers-nova-identidade-acompanha-expansao-do-negocio\/","og_locale":"pt_PT","og_type":"article","og_title":"Indie Campers: nova identidade acompanha expans\u00e3o do neg\u00f3cio - Jornal das Oficinas","og_description":"A empresa portuguesa de aluguer de...","og_url":"https:\/\/jornaldasoficinas.com\/pt\/indie-campers-nova-identidade-acompanha-expansao-do-negocio\/","og_site_name":"Jornal das Oficinas","article_publisher":"https:\/\/www.facebook.com\/jornaloficinas","article_published_time":"2019-12-12T23:50:01+00:00","article_modified_time":"2023-07-20T15:07:21+00:00","og_image":[{"width":1024,"height":581,"url":"https:\/\/jornaldasoficinas.com\/pt\/wp-content\/uploads\/2019\/12\/indiecampersnovaimagem.png","type":"image\/png"}],"author":"Reda\u00e7\u00e3o JO","twitter_card":"summary_large_image","twitter_creator":"@jornaloficinas","twitter_site":"@jornaloficinas","twitter_misc":{"Escrito por":"Reda\u00e7\u00e3o JO","Tempo estimado de leitura":"2 minutos"},"schema":{"@context":"https:\/\/schema.org","@graph":[{"@type":"Article","@id":"https:\/\/jornaldasoficinas.com\/pt\/indie-campers-nova-identidade-acompanha-expansao-do-negocio\/#article","isPartOf":{"@id":"https:\/\/jornaldasoficinas.com\/pt\/indie-campers-nova-identidade-acompanha-expansao-do-negocio\/"},"author":{"name":"Reda\u00e7\u00e3o JO","@id":"https:\/\/jornaldasoficinas.com\/pt\/#\/schema\/person\/a38eef5de2c41d9e7c9ac10141afddf3"},"headline":"Indie Campers: nova identidade acompanha expans\u00e3o do neg\u00f3cio","datePublished":"2019-12-12T23:50:01+00:00","dateModified":"2023-07-20T15:07:21+00:00","mainEntityOfPage":{"@id":"https:\/\/jornaldasoficinas.com\/pt\/indie-campers-nova-identidade-acompanha-expansao-do-negocio\/"},"wordCount":401,"publisher":{"@id":"https:\/\/jornaldasoficinas.com\/pt\/#organization"},"image":{"@id":"https:\/\/jornaldasoficinas.com\/pt\/indie-campers-nova-identidade-acompanha-expansao-do-negocio\/#primaryimage"},"thumbnailUrl":"https:\/\/jornaldasoficinas.com\/pt\/wp-content\/uploads\/2019\/12\/indiecampersnovaimagem.png","keywords":["autocaravanas","Indie Campers"],"articleSection":["Empresas"],"inLanguage":"pt-PT"},{"@type":"WebPage","@id":"https:\/\/jornaldasoficinas.com\/pt\/indie-campers-nova-identidade-acompanha-expansao-do-negocio\/","url":"https:\/\/jornaldasoficinas.com\/pt\/indie-campers-nova-identidade-acompanha-expansao-do-negocio\/","name":"Indie Campers: nova identidade acompanha expans\u00e3o do neg\u00f3cio - Jornal das Oficinas","isPartOf":{"@id":"https:\/\/jornaldasoficinas.com\/pt\/#website"},"primaryImageOfPage":{"@id":"https:\/\/jornaldasoficinas.com\/pt\/indie-campers-nova-identidade-acompanha-expansao-do-negocio\/#primaryimage"},"image":{"@id":"https:\/\/jornaldasoficinas.com\/pt\/indie-campers-nova-identidade-acompanha-expansao-do-negocio\/#primaryimage"},"thumbnailUrl":"https:\/\/jornaldasoficinas.com\/pt\/wp-content\/uploads\/2019\/12\/indiecampersnovaimagem.png","datePublished":"2019-12-12T23:50:01+00:00","dateModified":"2023-07-20T15:07:21+00:00","breadcrumb":{"@id":"https:\/\/jornaldasoficinas.com\/pt\/indie-campers-nova-identidade-acompanha-expansao-do-negocio\/#breadcrumb"},"inLanguage":"pt-PT","potentialAction":[{"@type":"ReadAction","target":["https:\/\/jornaldasoficinas.com\/pt\/indie-campers-nova-identidade-acompanha-expansao-do-negocio\/"]}]},{"@type":"ImageObject","inLanguage":"pt-PT","@id":"https:\/\/jornaldasoficinas.com\/pt\/indie-campers-nova-identidade-acompanha-expansao-do-negocio\/#primaryimage","url":"https:\/\/jornaldasoficinas.com\/pt\/wp-content\/uploads\/2019\/12\/indiecampersnovaimagem.png","contentUrl":"https:\/\/jornaldasoficinas.com\/pt\/wp-content\/uploads\/2019\/12\/indiecampersnovaimagem.png","width":1024,"height":581,"caption":"12 - indiecampersnovaimagem"},{"@type":"BreadcrumbList","@id":"https:\/\/jornaldasoficinas.com\/pt\/indie-campers-nova-identidade-acompanha-expansao-do-negocio\/#breadcrumb","itemListElement":[{"@type":"ListItem","position":1,"name":"In\u00edcio","item":"https:\/\/jornaldasoficinas.com\/pt\/"},{"@type":"ListItem","position":2,"name":"Indie Campers: nova identidade acompanha expans\u00e3o do neg\u00f3cio"}]},{"@type":"WebSite","@id":"https:\/\/jornaldasoficinas.com\/pt\/#website","url":"https:\/\/jornaldasoficinas.com\/pt\/","name":"Jornal das Oficinas","description":"Jornal independente do Aftermarket Autom\u00f3vel em Portugal","publisher":{"@id":"https:\/\/jornaldasoficinas.com\/pt\/#organization"},"potentialAction":[{"@type":"SearchAction","target":{"@type":"EntryPoint","urlTemplate":"https:\/\/jornaldasoficinas.com\/pt\/?s={search_term_string}"},"query-input":{"@type":"PropertyValueSpecification","valueRequired":true,"valueName":"search_term_string"}}],"inLanguage":"pt-PT"},{"@type":"Organization","@id":"https:\/\/jornaldasoficinas.com\/pt\/#organization","name":"Jornal das Oficinas","url":"https:\/\/jornaldasoficinas.com\/pt\/","logo":{"@type":"ImageObject","inLanguage":"pt-PT","@id":"https:\/\/jornaldasoficinas.com\/pt\/#\/schema\/logo\/image\/","url":"https:\/\/jornaldasoficinas.com\/pt\/wp-content\/uploads\/logoJO-SEO.png","contentUrl":"https:\/\/jornaldasoficinas.com\/pt\/wp-content\/uploads\/logoJO-SEO.png","width":285,"height":450,"caption":"Jornal das Oficinas"},"image":{"@id":"https:\/\/jornaldasoficinas.com\/pt\/#\/schema\/logo\/image\/"},"sameAs":["https:\/\/www.facebook.com\/jornaloficinas","https:\/\/x.com\/jornaloficinas","https:\/\/www.instagram.com\/jornal_oficinas\/","https:\/\/www.linkedin.com\/company\/jornal-das-oficinas\/","https:\/\/www.youtube.com\/channel\/UCbQZBqtcvV-oSQrr7RzINGg"]},{"@type":"Person","@id":"https:\/\/jornaldasoficinas.com\/pt\/#\/schema\/person\/a38eef5de2c41d9e7c9ac10141afddf3","name":"Reda\u00e7\u00e3o JO","image":{"@type":"ImageObject","inLanguage":"pt-PT","@id":"https:\/\/secure.gravatar.com\/avatar\/71f2fa71737ad68a84fea94bc708ddac8ea5b0c4788dc2ad202f3ccb2887742f?s=96&d=wp_user_avatar&r=g","url":"https:\/\/secure.gravatar.com\/avatar\/71f2fa71737ad68a84fea94bc708ddac8ea5b0c4788dc2ad202f3ccb2887742f?s=96&d=wp_user_avatar&r=g","contentUrl":"https:\/\/secure.gravatar.com\/avatar\/71f2fa71737ad68a84fea94bc708ddac8ea5b0c4788dc2ad202f3ccb2887742f?s=96&d=wp_user_avatar&r=g","caption":"Reda\u00e7\u00e3o JO"},"url":"https:\/\/jornaldasoficinas.com\/pt\/author\/joredacao\/"}]}},"_links":{"self":[{"href":"https:\/\/jornaldasoficinas.com\/pt\/wp-json\/wp\/v2\/posts\/7816","targetHints":{"allow":["GET"]}}],"collection":[{"href":"https:\/\/jornaldasoficinas.com\/pt\/wp-json\/wp\/v2\/posts"}],"about":[{"href":"https:\/\/jornaldasoficinas.com\/pt\/wp-json\/wp\/v2\/types\/post"}],"author":[{"embeddable":true,"href":"https:\/\/jornaldasoficinas.com\/pt\/wp-json\/wp\/v2\/users\/15"}],"replies":[{"embeddable":true,"href":"https:\/\/jornaldasoficinas.com\/pt\/wp-json\/wp\/v2\/comments?post=7816"}],"version-history":[{"count":0,"href":"https:\/\/jornaldasoficinas.com\/pt\/wp-json\/wp\/v2\/posts\/7816\/revisions"}],"wp:featuredmedia":[{"embeddable":true,"href":"https:\/\/jornaldasoficinas.com\/pt\/wp-json\/wp\/v2\/media\/7815"}],"wp:attachment":[{"href":"https:\/\/jornaldasoficinas.com\/pt\/wp-json\/wp\/v2\/media?parent=7816"}],"wp:term":[{"taxonomy":"category","embeddable":true,"href":"https:\/\/jornaldasoficinas.com\/pt\/wp-json\/wp\/v2\/categories?post=7816"},{"taxonomy":"post_tag","embeddable":true,"href":"https:\/\/jornaldasoficinas.com\/pt\/wp-json\/wp\/v2\/tags?post=7816"}],"curies":[{"name":"wp","href":"https:\/\/api.w.org\/{rel}","templated":true}]}}