{"id":78177,"date":"2024-02-04T20:30:49","date_gmt":"2024-02-04T20:30:49","guid":{"rendered":"https:\/\/jornaldasoficinas.com\/pt\/?p=78177"},"modified":"2024-02-02T11:58:39","modified_gmt":"2024-02-02T11:58:39","slug":"este-e-um-momento-para-expressar-gratidao-a-todos-os-colaboradores-clientes-e-parceiros-miguel-melo-mcoutinho","status":"publish","type":"post","link":"https:\/\/jornaldasoficinas.com\/pt\/este-e-um-momento-para-expressar-gratidao-a-todos-os-colaboradores-clientes-e-parceiros-miguel-melo-mcoutinho\/","title":{"rendered":"\u201cEste e\u0301 um momento para expressar gratida\u0303o a todos os colaboradores, clientes e parceiros\u201d, Miguel Melo, MCoutinho"},"content":{"rendered":"<p><img loading=\"lazy\" decoding=\"async\" class=\"alignnone size-full wp-image-78168\" src=\"https:\/\/jornaldasoficinas.com\/pt\/wp-content\/uploads\/2024\/02\/Este-e-um-momento-para-expressar-gratidao-a-todos-os-colaboradores-clientes-e-parceiros-Miguel-Melo-MCoutinho.jpg\" alt=\"02 - Este e um momento para expressar gratidao a todos os colaboradores clientes e parceiros Miguel Melo MCoutinho\" width=\"1024\" height=\"581\" srcset=\"https:\/\/jornaldasoficinas.com\/pt\/wp-content\/uploads\/2024\/02\/Este-e-um-momento-para-expressar-gratidao-a-todos-os-colaboradores-clientes-e-parceiros-Miguel-Melo-MCoutinho.jpg 1024w, https:\/\/jornaldasoficinas.com\/pt\/wp-content\/uploads\/2024\/02\/Este-e-um-momento-para-expressar-gratidao-a-todos-os-colaboradores-clientes-e-parceiros-Miguel-Melo-MCoutinho-300x170.jpg 300w, https:\/\/jornaldasoficinas.com\/pt\/wp-content\/uploads\/2024\/02\/Este-e-um-momento-para-expressar-gratidao-a-todos-os-colaboradores-clientes-e-parceiros-Miguel-Melo-MCoutinho-150x85.jpg 150w, https:\/\/jornaldasoficinas.com\/pt\/wp-content\/uploads\/2024\/02\/Este-e-um-momento-para-expressar-gratidao-a-todos-os-colaboradores-clientes-e-parceiros-Miguel-Melo-MCoutinho-768x436.jpg 768w\" sizes=\"auto, (max-width: 1024px) 100vw, 1024px\" \/><\/p>\n<p><strong>A <a href=\"https:\/\/www.mcoutinhopecas.pt\/\" target=\"_blank\" rel=\"noopener\">MCoutinho Pe\u00e7as<\/a>, ao celebrar o seu 25\u00ba Anivers\u00e1rio, realizou uma reflex\u00e3o profunda sobre o seu percurso de duas d\u00e9cadas e meia dedicadas ao setor do com\u00e9rcio de pe\u00e7as autom\u00f3vel, em Portugal. O Jornal das Oficinas esteve \u00e0 conversa com Miguel Melo, Administrador da MCoutinho Pe\u00e7as + <a href=\"https:\/\/www.azauto.pt\/\" target=\"_blank\" rel=\"noopener\">AZ Auto<\/a> quisemos saber os melhores momentos desta hist\u00f3ria de 25 anos, numa entrevista exclusiva<\/strong><\/p>\n<p>Ao longo destes anos, a MCOUTINHO PEC\u0327AS consolidou a sua posic\u0327a\u0303o como uma refere\u0302ncia no fornecimento de pec\u0327as automo\u0301vel, destacando-se pela qualidade dos produtos e pela eficie\u0302ncia dos servic\u0327os oferecidos. O com- promisso com padro\u0303es elevados de profissionalismo e integridade contribuiu para a construc\u0327a\u0303o de relac\u0327o\u0303es so\u0301lidas com Parceiros e Clientes, estabelecendo um legado de confianc\u0327a no mercado. Para nos falar sobre este percurso de sucesso, estivemos a\u0300 conversa com Miguel Melo, Administrador da MCOUTINHO PEC\u0327AS+AZ AUTO.<\/p>\n<p><strong>Quais foram os momentos mais marcantes na vida da empresa?<br \/>\n<\/strong>A MCOUTINHO PEC\u0327AS surge no mercado em 1999 com um modelo de nego\u0301cio disruptivo. A inovac\u0327a\u0303o e\u0301 parte integrante do seu ADN, e a capacidade de criar disrupc\u0327a\u0303o no mercado levou a que a MCOUTINHO PEC\u0327AS entrasse no nego\u0301cio de pec\u0327as aftermarket, com a aquisic\u0327a\u0303o da AZ AUTO em 2009. Outro momento marcante na vida da empresa foi a pandemia da Covid-19. Um desafio que so\u0301 foi superado grac\u0327as a uma equipa resiliente e de excele\u0302ncia, a\u0300 confianc\u0327a dos Clientes e fornecedores, nomeadamente as marcas com as quais a MCOUTINHO PEC\u0327AS tem desenvolvido parcerias estrate\u0301gicas ao longo dos anos.<\/p>\n<p>A celebrac\u0327a\u0303o do 25\u00ba Aniversa\u0301rio na\u0303o e\u0301 apenas uma ocasia\u0303o para reconhecimento, e\u0301 tambe\u0301m um motivo para reforc\u0327ar o compromisso com a evoluc\u0327a\u0303o sistema\u0301tica, o que sempre permitiu a\u0300 MCOUTINHO PEC\u0327AS antecipar as tende\u0302ncias de mercado, aprimorando constantemente os seus servic\u0327os, mantendo-se na vanguarda das exige\u0302ncias do setor automo\u0301vel. Este e\u0301 um momento para expressar gratida\u0303o a todos os colaboradores, Clientes e parceiros que contribui\u0301ram para o sucesso da empresa ao longo destes anos e com quem a empresa conta para os desafios e oportunidades que o futuro reserva.<\/p>\n<p><strong>Como define o modelo de nego\u0301cio da MCOUTINHO PEC\u0327AS+AZ AUTO e o que faz a diferenc\u0327a, comparativamente com outras empresas de distribuic\u0327a\u0303o de pec\u0327as?<br \/>\n<\/strong>O modelo de nego\u0301cio inovador da MCOUTINHO PEC\u0327AS+AZ AUTO distingue-se no mercado por va\u0301rios fatores. Primeiro, destacam-se a variedade e a qualidade dos produtos oferecidos. A empresa disponibiliza um amplo leque de 32 marcas origi- nais e mais de 20 marcas aftermarket. Este portfo\u0301lio abrangente cobre mais de 98% do parque au- tomo\u0301vel nacional, atraindo uma larga audie\u0302ncia e proporcionando todas as pec\u0327as necessa\u0301rias atrave\u0301s de um u\u0301nico fornecedor. Em termos de eficie\u0302ncia logi\u0301stica, a MCOUTINHO PEC\u0327AS+AZ AUTO sobressai pela otimizac\u0327a\u0303o da sua cadeia de distribui\u00e7a\u0303o. A entrega ra\u0301pida e fia\u0301vel das pec\u0327as e\u0301 crucial, atendendo a\u0300s exige\u0302ncias dos Clientes num setor onde prontida\u0303o e rapidez sa\u0303o essenciais.<\/p>\n<p>O atendimento ao cliente e\u0301 outro pilar forte da em- presa. Com um call center de 34 operadores especializados por marca, a MCOUTINHO PEC\u0327AS+AZ AUTO utiliza as ferramentas mais avanc\u0327adas para identificac\u0327a\u0303o correta das pec\u0327as. As tecnologias de ponta suportam um atendimento ra\u0301pido e dedicado, processando diariamente 2.800 chamadas, 3.000 emails e 300 contactos em outros canais. A inova- c\u0327a\u0303o tecnolo\u0301gica tambe\u0301m e\u0301 uma prioridade. A empresa foca-se na otimizac\u0327a\u0303o dos processos de compra e anuncia o lanc\u0327amento iminente do seu novo portal B2B. Este portal, que sera\u0301 apresentado no ini\u0301cio do ano, promete novas funcionalidades para melhorar significativamente a experie\u0302ncia do cliente.<\/p>\n<p>Por fim, a sustentabilidade e\u0301 um compromisso se\u0301- rio da MCOUTINHO PEC\u0327AS+AZ AUTO. A em- presa implementou medidas internas alinhadas com os princ\u00edpios da sustentabilidade. Um exemplo nota\u0301vel e\u0301 o projeto de recolha de materiais de embalagem dos Reparadores Autorizados do GRUPO MCOUTINHO, que visa reduzir o consumo destes materiais e, consequentemente, os cus- tos associados ao nego\u0301cio.<\/p>\n<p><strong>Quantas marcas de pec\u0327as originais comercializam atualmente?<br \/>\n<\/strong>Este e\u0301 mais um ponto onde a MCOUTINHO PEC\u0327AS se destaca, comercializando pec\u0327as originais de 32 marcas de construtores automo\u0301veis, cobrindo mais de 98% do parque automo\u0301vel nacional. No seguimento da aquisic\u0327a\u0303o da BOMCAR, inclui\u0301mos no portefo\u0301lio a marca MG Electric. No entanto, tal como tem acontecido ao longo do tempo, a MCOUTINHO PEC\u0327AS antecipar-se-a\u0301 a\u0300s necessidades do mercado.<\/p>\n<p><strong>E a ni\u0301vel das marcas aftermarket, quantas fazem parte do portfo\u0301lio e quais as previso\u0303es de entrada de novas marcas?<br \/>\n<\/strong>O portfo\u0301lio da AZ AUTO e\u0301 atualmente constitui\u0301do por 20 Marcas. No entanto, a AZ AUTO ira\u0301 sur preender o mercado, estendendo em largura e profundidade a sua gama, e oferecendo novas marcas. Sempre que e\u0301 iniciada uma parceria com uma nova Marca, e\u0301 dedicado muito traba- lho e atenc\u0327a\u0303o ao produto, a\u0300 sua qua- lidade e a\u0300s suas caracteri\u0301sticas. A AZ AUTO faz questa\u0303o de ser \u201cEspecialistas de Refere\u0302ncia\u201d, explorando cada gama e cada marca de forma a prestar um servic\u0327o de excele\u0302ncia ao Cliente. Para o efeito, e\u0301 de referir a parceria estrate\u0301gica com a CGA.<\/p>\n<p><strong>Qual a quantidade me\u0301dia de refere\u0302ncias de pec\u0327as que te\u0302m em stock?<br \/>\n<\/strong>A MCOUTINHOPEC\u0327AS+AZ AUTO possui mais de 100.000 refere\u0302ncias em stock, sendo que movimenta anualmente mais de 250.000 refere\u0302ncias. Estes nu\u0301meros refletem o compromisso da empresa em oferecer uma ampla variedade de pec\u0327as a ni\u0301vel nacional, contribuindo para a eficie\u0302ncia e prontida\u0303o no atendimento a\u0300s necessidades dos Clientes a ni\u0301vel Continental e Ilhas.<\/p>\n<p><strong>Leia a entrevista completa <a href=\"https:\/\/www.yumpu.com\/pt\/document\/read\/68584442\/jornal-das-oficinas-214\/46\" target=\"_blank\" rel=\"noopener\">aqui<\/a> na edi\u00e7\u00e3o impressa do Jornal das Oficinas de dezembro\/janeiro.<br \/>\n<\/strong><\/p>\n<p>&nbsp;<\/p>\n","protected":false},"excerpt":{"rendered":"<p>A MCoutinho Pe\u00e7as, ao celebrar o&#8230;<\/p>\n","protected":false},"author":15,"featured_media":78168,"comment_status":"closed","ping_status":"closed","sticky":false,"template":"","format":"standard","meta":{"footnotes":""},"categories":[38],"tags":[5377,373,371,7300],"class_list":["post-78177","post","type-post","status-publish","format-standard","has-post-thumbnail","hentry","category-entrevistas","tag-25o-aniversario","tag-az-auto","tag-mcoutinho-pecas","tag-miguel-melo"],"yoast_head":"<!-- This site is optimized with the Yoast SEO plugin v27.4 - https:\/\/yoast.com\/product\/yoast-seo-wordpress\/ -->\n<title>\u201cEste e\u0301 um momento para expressar gratida\u0303o a todos os colaboradores, clientes e parceiros\u201d, Miguel Melo, MCoutinho - Jornal das Oficinas<\/title>\n<meta name=\"description\" content=\"A MCoutinho Pe\u00e7as, realizou uma reflex\u00e3o profunda sobre o seu percurso de duas d\u00e9cadas e meia dedicadas ao setor do com\u00e9rcio de pe\u00e7as\" \/>\n<meta name=\"robots\" content=\"index, follow, max-snippet:-1, max-image-preview:large, max-video-preview:-1\" \/>\n<link rel=\"canonical\" href=\"https:\/\/jornaldasoficinas.com\/pt\/este-e-um-momento-para-expressar-gratidao-a-todos-os-colaboradores-clientes-e-parceiros-miguel-melo-mcoutinho\/\" \/>\n<meta property=\"og:locale\" content=\"pt_PT\" \/>\n<meta property=\"og:type\" content=\"article\" \/>\n<meta property=\"og:title\" content=\"\u201cEste e\u0301 um momento para expressar gratida\u0303o a todos os colaboradores, clientes e parceiros\u201d, Miguel Melo, MCoutinho - Jornal das Oficinas\" \/>\n<meta property=\"og:description\" content=\"A MCoutinho Pe\u00e7as, realizou uma reflex\u00e3o profunda sobre o seu percurso de duas d\u00e9cadas e meia dedicadas ao setor do com\u00e9rcio de pe\u00e7as\" \/>\n<meta property=\"og:url\" content=\"https:\/\/jornaldasoficinas.com\/pt\/este-e-um-momento-para-expressar-gratidao-a-todos-os-colaboradores-clientes-e-parceiros-miguel-melo-mcoutinho\/\" \/>\n<meta property=\"og:site_name\" content=\"Jornal das Oficinas\" \/>\n<meta property=\"article:publisher\" content=\"https:\/\/www.facebook.com\/jornaloficinas\" \/>\n<meta property=\"article:published_time\" content=\"2024-02-04T20:30:49+00:00\" \/>\n<meta property=\"og:image\" content=\"https:\/\/jornaldasoficinas.com\/pt\/wp-content\/uploads\/2024\/02\/Este-e-um-momento-para-expressar-gratidao-a-todos-os-colaboradores-clientes-e-parceiros-Miguel-Melo-MCoutinho.jpg\" \/>\n\t<meta property=\"og:image:width\" content=\"1024\" \/>\n\t<meta property=\"og:image:height\" content=\"581\" \/>\n\t<meta property=\"og:image:type\" content=\"image\/jpeg\" \/>\n<meta name=\"author\" content=\"Reda\u00e7\u00e3o JO\" \/>\n<meta name=\"twitter:card\" content=\"summary_large_image\" \/>\n<meta name=\"twitter:creator\" content=\"@jornaloficinas\" \/>\n<meta name=\"twitter:site\" content=\"@jornaloficinas\" \/>\n<meta name=\"twitter:label1\" content=\"Escrito por\" \/>\n\t<meta name=\"twitter:data1\" content=\"Reda\u00e7\u00e3o JO\" \/>\n\t<meta name=\"twitter:label2\" content=\"Tempo estimado de leitura\" \/>\n\t<meta name=\"twitter:data2\" content=\"6 minutos\" \/>\n<script type=\"application\/ld+json\" class=\"yoast-schema-graph\">{\"@context\":\"https:\\\/\\\/schema.org\",\"@graph\":[{\"@type\":\"Article\",\"@id\":\"https:\\\/\\\/jornaldasoficinas.com\\\/pt\\\/este-e-um-momento-para-expressar-gratidao-a-todos-os-colaboradores-clientes-e-parceiros-miguel-melo-mcoutinho\\\/#article\",\"isPartOf\":{\"@id\":\"https:\\\/\\\/jornaldasoficinas.com\\\/pt\\\/este-e-um-momento-para-expressar-gratidao-a-todos-os-colaboradores-clientes-e-parceiros-miguel-melo-mcoutinho\\\/\"},\"author\":{\"name\":\"Reda\u00e7\u00e3o JO\",\"@id\":\"https:\\\/\\\/jornaldasoficinas.com\\\/pt\\\/#\\\/schema\\\/person\\\/a38eef5de2c41d9e7c9ac10141afddf3\"},\"headline\":\"\u201cEste e\u0301 um momento para expressar gratida\u0303o a todos os colaboradores, clientes e parceiros\u201d, Miguel Melo, MCoutinho\",\"datePublished\":\"2024-02-04T20:30:49+00:00\",\"mainEntityOfPage\":{\"@id\":\"https:\\\/\\\/jornaldasoficinas.com\\\/pt\\\/este-e-um-momento-para-expressar-gratidao-a-todos-os-colaboradores-clientes-e-parceiros-miguel-melo-mcoutinho\\\/\"},\"wordCount\":1049,\"publisher\":{\"@id\":\"https:\\\/\\\/jornaldasoficinas.com\\\/pt\\\/#organization\"},\"image\":{\"@id\":\"https:\\\/\\\/jornaldasoficinas.com\\\/pt\\\/este-e-um-momento-para-expressar-gratidao-a-todos-os-colaboradores-clientes-e-parceiros-miguel-melo-mcoutinho\\\/#primaryimage\"},\"thumbnailUrl\":\"https:\\\/\\\/jornaldasoficinas.com\\\/pt\\\/wp-content\\\/uploads\\\/2024\\\/02\\\/Este-e-um-momento-para-expressar-gratidao-a-todos-os-colaboradores-clientes-e-parceiros-Miguel-Melo-MCoutinho.jpg\",\"keywords\":[\"25\u00ba Anivers\u00e1rio\",\"AZ Auto\",\"MCoutinho Pe\u00e7as\",\"Miguel Melo\"],\"articleSection\":[\"Entrevistas\"],\"inLanguage\":\"pt-PT\"},{\"@type\":\"WebPage\",\"@id\":\"https:\\\/\\\/jornaldasoficinas.com\\\/pt\\\/este-e-um-momento-para-expressar-gratidao-a-todos-os-colaboradores-clientes-e-parceiros-miguel-melo-mcoutinho\\\/\",\"url\":\"https:\\\/\\\/jornaldasoficinas.com\\\/pt\\\/este-e-um-momento-para-expressar-gratidao-a-todos-os-colaboradores-clientes-e-parceiros-miguel-melo-mcoutinho\\\/\",\"name\":\"\u201cEste e\u0301 um momento para expressar gratida\u0303o a todos os colaboradores, clientes e parceiros\u201d, Miguel Melo, MCoutinho - Jornal das Oficinas\",\"isPartOf\":{\"@id\":\"https:\\\/\\\/jornaldasoficinas.com\\\/pt\\\/#website\"},\"primaryImageOfPage\":{\"@id\":\"https:\\\/\\\/jornaldasoficinas.com\\\/pt\\\/este-e-um-momento-para-expressar-gratidao-a-todos-os-colaboradores-clientes-e-parceiros-miguel-melo-mcoutinho\\\/#primaryimage\"},\"image\":{\"@id\":\"https:\\\/\\\/jornaldasoficinas.com\\\/pt\\\/este-e-um-momento-para-expressar-gratidao-a-todos-os-colaboradores-clientes-e-parceiros-miguel-melo-mcoutinho\\\/#primaryimage\"},\"thumbnailUrl\":\"https:\\\/\\\/jornaldasoficinas.com\\\/pt\\\/wp-content\\\/uploads\\\/2024\\\/02\\\/Este-e-um-momento-para-expressar-gratidao-a-todos-os-colaboradores-clientes-e-parceiros-Miguel-Melo-MCoutinho.jpg\",\"datePublished\":\"2024-02-04T20:30:49+00:00\",\"description\":\"A MCoutinho Pe\u00e7as, realizou uma reflex\u00e3o profunda sobre o seu percurso de duas d\u00e9cadas e meia dedicadas ao setor do com\u00e9rcio de pe\u00e7as\",\"breadcrumb\":{\"@id\":\"https:\\\/\\\/jornaldasoficinas.com\\\/pt\\\/este-e-um-momento-para-expressar-gratidao-a-todos-os-colaboradores-clientes-e-parceiros-miguel-melo-mcoutinho\\\/#breadcrumb\"},\"inLanguage\":\"pt-PT\",\"potentialAction\":[{\"@type\":\"ReadAction\",\"target\":[\"https:\\\/\\\/jornaldasoficinas.com\\\/pt\\\/este-e-um-momento-para-expressar-gratidao-a-todos-os-colaboradores-clientes-e-parceiros-miguel-melo-mcoutinho\\\/\"]}]},{\"@type\":\"ImageObject\",\"inLanguage\":\"pt-PT\",\"@id\":\"https:\\\/\\\/jornaldasoficinas.com\\\/pt\\\/este-e-um-momento-para-expressar-gratidao-a-todos-os-colaboradores-clientes-e-parceiros-miguel-melo-mcoutinho\\\/#primaryimage\",\"url\":\"https:\\\/\\\/jornaldasoficinas.com\\\/pt\\\/wp-content\\\/uploads\\\/2024\\\/02\\\/Este-e-um-momento-para-expressar-gratidao-a-todos-os-colaboradores-clientes-e-parceiros-Miguel-Melo-MCoutinho.jpg\",\"contentUrl\":\"https:\\\/\\\/jornaldasoficinas.com\\\/pt\\\/wp-content\\\/uploads\\\/2024\\\/02\\\/Este-e-um-momento-para-expressar-gratidao-a-todos-os-colaboradores-clientes-e-parceiros-Miguel-Melo-MCoutinho.jpg\",\"width\":1024,\"height\":581,\"caption\":\"02 - Este e um momento para expressar gratidao a todos os colaboradores clientes e parceiros Miguel Melo MCoutinho\"},{\"@type\":\"BreadcrumbList\",\"@id\":\"https:\\\/\\\/jornaldasoficinas.com\\\/pt\\\/este-e-um-momento-para-expressar-gratidao-a-todos-os-colaboradores-clientes-e-parceiros-miguel-melo-mcoutinho\\\/#breadcrumb\",\"itemListElement\":[{\"@type\":\"ListItem\",\"position\":1,\"name\":\"In\u00edcio\",\"item\":\"https:\\\/\\\/jornaldasoficinas.com\\\/pt\\\/\"},{\"@type\":\"ListItem\",\"position\":2,\"name\":\"\u201cEste e\u0301 um momento para expressar gratida\u0303o a todos os colaboradores, clientes e parceiros\u201d, Miguel Melo, MCoutinho\"}]},{\"@type\":\"WebSite\",\"@id\":\"https:\\\/\\\/jornaldasoficinas.com\\\/pt\\\/#website\",\"url\":\"https:\\\/\\\/jornaldasoficinas.com\\\/pt\\\/\",\"name\":\"Jornal das Oficinas\",\"description\":\"Jornal independente do Aftermarket Autom\u00f3vel em Portugal\",\"publisher\":{\"@id\":\"https:\\\/\\\/jornaldasoficinas.com\\\/pt\\\/#organization\"},\"potentialAction\":[{\"@type\":\"SearchAction\",\"target\":{\"@type\":\"EntryPoint\",\"urlTemplate\":\"https:\\\/\\\/jornaldasoficinas.com\\\/pt\\\/?s={search_term_string}\"},\"query-input\":{\"@type\":\"PropertyValueSpecification\",\"valueRequired\":true,\"valueName\":\"search_term_string\"}}],\"inLanguage\":\"pt-PT\"},{\"@type\":\"Organization\",\"@id\":\"https:\\\/\\\/jornaldasoficinas.com\\\/pt\\\/#organization\",\"name\":\"Jornal das Oficinas\",\"url\":\"https:\\\/\\\/jornaldasoficinas.com\\\/pt\\\/\",\"logo\":{\"@type\":\"ImageObject\",\"inLanguage\":\"pt-PT\",\"@id\":\"https:\\\/\\\/jornaldasoficinas.com\\\/pt\\\/#\\\/schema\\\/logo\\\/image\\\/\",\"url\":\"https:\\\/\\\/jornaldasoficinas.com\\\/pt\\\/wp-content\\\/uploads\\\/logoJO-SEO.png\",\"contentUrl\":\"https:\\\/\\\/jornaldasoficinas.com\\\/pt\\\/wp-content\\\/uploads\\\/logoJO-SEO.png\",\"width\":285,\"height\":450,\"caption\":\"Jornal das Oficinas\"},\"image\":{\"@id\":\"https:\\\/\\\/jornaldasoficinas.com\\\/pt\\\/#\\\/schema\\\/logo\\\/image\\\/\"},\"sameAs\":[\"https:\\\/\\\/www.facebook.com\\\/jornaloficinas\",\"https:\\\/\\\/x.com\\\/jornaloficinas\",\"https:\\\/\\\/www.instagram.com\\\/jornal_oficinas\\\/\",\"https:\\\/\\\/www.linkedin.com\\\/company\\\/jornal-das-oficinas\\\/\",\"https:\\\/\\\/www.youtube.com\\\/channel\\\/UCbQZBqtcvV-oSQrr7RzINGg\"]},{\"@type\":\"Person\",\"@id\":\"https:\\\/\\\/jornaldasoficinas.com\\\/pt\\\/#\\\/schema\\\/person\\\/a38eef5de2c41d9e7c9ac10141afddf3\",\"name\":\"Reda\u00e7\u00e3o JO\",\"image\":{\"@type\":\"ImageObject\",\"inLanguage\":\"pt-PT\",\"@id\":\"https:\\\/\\\/secure.gravatar.com\\\/avatar\\\/71f2fa71737ad68a84fea94bc708ddac8ea5b0c4788dc2ad202f3ccb2887742f?s=96&d=wp_user_avatar&r=g\",\"url\":\"https:\\\/\\\/secure.gravatar.com\\\/avatar\\\/71f2fa71737ad68a84fea94bc708ddac8ea5b0c4788dc2ad202f3ccb2887742f?s=96&d=wp_user_avatar&r=g\",\"contentUrl\":\"https:\\\/\\\/secure.gravatar.com\\\/avatar\\\/71f2fa71737ad68a84fea94bc708ddac8ea5b0c4788dc2ad202f3ccb2887742f?s=96&d=wp_user_avatar&r=g\",\"caption\":\"Reda\u00e7\u00e3o JO\"},\"url\":\"https:\\\/\\\/jornaldasoficinas.com\\\/pt\\\/author\\\/joredacao\\\/\"}]}<\/script>\n<!-- \/ Yoast SEO plugin. -->","yoast_head_json":{"title":"\u201cEste e\u0301 um momento para expressar gratida\u0303o a todos os colaboradores, clientes e parceiros\u201d, Miguel Melo, MCoutinho - Jornal das Oficinas","description":"A MCoutinho Pe\u00e7as, realizou uma reflex\u00e3o profunda sobre o seu percurso de duas d\u00e9cadas e meia dedicadas ao setor do com\u00e9rcio de pe\u00e7as","robots":{"index":"index","follow":"follow","max-snippet":"max-snippet:-1","max-image-preview":"max-image-preview:large","max-video-preview":"max-video-preview:-1"},"canonical":"https:\/\/jornaldasoficinas.com\/pt\/este-e-um-momento-para-expressar-gratidao-a-todos-os-colaboradores-clientes-e-parceiros-miguel-melo-mcoutinho\/","og_locale":"pt_PT","og_type":"article","og_title":"\u201cEste e\u0301 um momento para expressar gratida\u0303o a todos os colaboradores, clientes e parceiros\u201d, Miguel Melo, MCoutinho - Jornal das Oficinas","og_description":"A MCoutinho Pe\u00e7as, realizou uma reflex\u00e3o profunda sobre o seu percurso de duas d\u00e9cadas e meia dedicadas ao setor do com\u00e9rcio de pe\u00e7as","og_url":"https:\/\/jornaldasoficinas.com\/pt\/este-e-um-momento-para-expressar-gratidao-a-todos-os-colaboradores-clientes-e-parceiros-miguel-melo-mcoutinho\/","og_site_name":"Jornal das Oficinas","article_publisher":"https:\/\/www.facebook.com\/jornaloficinas","article_published_time":"2024-02-04T20:30:49+00:00","og_image":[{"width":1024,"height":581,"url":"https:\/\/jornaldasoficinas.com\/pt\/wp-content\/uploads\/2024\/02\/Este-e-um-momento-para-expressar-gratidao-a-todos-os-colaboradores-clientes-e-parceiros-Miguel-Melo-MCoutinho.jpg","type":"image\/jpeg"}],"author":"Reda\u00e7\u00e3o JO","twitter_card":"summary_large_image","twitter_creator":"@jornaloficinas","twitter_site":"@jornaloficinas","twitter_misc":{"Escrito por":"Reda\u00e7\u00e3o JO","Tempo estimado de leitura":"6 minutos"},"schema":{"@context":"https:\/\/schema.org","@graph":[{"@type":"Article","@id":"https:\/\/jornaldasoficinas.com\/pt\/este-e-um-momento-para-expressar-gratidao-a-todos-os-colaboradores-clientes-e-parceiros-miguel-melo-mcoutinho\/#article","isPartOf":{"@id":"https:\/\/jornaldasoficinas.com\/pt\/este-e-um-momento-para-expressar-gratidao-a-todos-os-colaboradores-clientes-e-parceiros-miguel-melo-mcoutinho\/"},"author":{"name":"Reda\u00e7\u00e3o JO","@id":"https:\/\/jornaldasoficinas.com\/pt\/#\/schema\/person\/a38eef5de2c41d9e7c9ac10141afddf3"},"headline":"\u201cEste e\u0301 um momento para expressar gratida\u0303o a todos os colaboradores, clientes e parceiros\u201d, Miguel Melo, MCoutinho","datePublished":"2024-02-04T20:30:49+00:00","mainEntityOfPage":{"@id":"https:\/\/jornaldasoficinas.com\/pt\/este-e-um-momento-para-expressar-gratidao-a-todos-os-colaboradores-clientes-e-parceiros-miguel-melo-mcoutinho\/"},"wordCount":1049,"publisher":{"@id":"https:\/\/jornaldasoficinas.com\/pt\/#organization"},"image":{"@id":"https:\/\/jornaldasoficinas.com\/pt\/este-e-um-momento-para-expressar-gratidao-a-todos-os-colaboradores-clientes-e-parceiros-miguel-melo-mcoutinho\/#primaryimage"},"thumbnailUrl":"https:\/\/jornaldasoficinas.com\/pt\/wp-content\/uploads\/2024\/02\/Este-e-um-momento-para-expressar-gratidao-a-todos-os-colaboradores-clientes-e-parceiros-Miguel-Melo-MCoutinho.jpg","keywords":["25\u00ba Anivers\u00e1rio","AZ Auto","MCoutinho Pe\u00e7as","Miguel Melo"],"articleSection":["Entrevistas"],"inLanguage":"pt-PT"},{"@type":"WebPage","@id":"https:\/\/jornaldasoficinas.com\/pt\/este-e-um-momento-para-expressar-gratidao-a-todos-os-colaboradores-clientes-e-parceiros-miguel-melo-mcoutinho\/","url":"https:\/\/jornaldasoficinas.com\/pt\/este-e-um-momento-para-expressar-gratidao-a-todos-os-colaboradores-clientes-e-parceiros-miguel-melo-mcoutinho\/","name":"\u201cEste e\u0301 um momento para expressar gratida\u0303o a todos os colaboradores, clientes e parceiros\u201d, Miguel Melo, MCoutinho - Jornal das Oficinas","isPartOf":{"@id":"https:\/\/jornaldasoficinas.com\/pt\/#website"},"primaryImageOfPage":{"@id":"https:\/\/jornaldasoficinas.com\/pt\/este-e-um-momento-para-expressar-gratidao-a-todos-os-colaboradores-clientes-e-parceiros-miguel-melo-mcoutinho\/#primaryimage"},"image":{"@id":"https:\/\/jornaldasoficinas.com\/pt\/este-e-um-momento-para-expressar-gratidao-a-todos-os-colaboradores-clientes-e-parceiros-miguel-melo-mcoutinho\/#primaryimage"},"thumbnailUrl":"https:\/\/jornaldasoficinas.com\/pt\/wp-content\/uploads\/2024\/02\/Este-e-um-momento-para-expressar-gratidao-a-todos-os-colaboradores-clientes-e-parceiros-Miguel-Melo-MCoutinho.jpg","datePublished":"2024-02-04T20:30:49+00:00","description":"A MCoutinho Pe\u00e7as, realizou uma reflex\u00e3o profunda sobre o seu percurso de duas d\u00e9cadas e meia dedicadas ao setor do com\u00e9rcio de pe\u00e7as","breadcrumb":{"@id":"https:\/\/jornaldasoficinas.com\/pt\/este-e-um-momento-para-expressar-gratidao-a-todos-os-colaboradores-clientes-e-parceiros-miguel-melo-mcoutinho\/#breadcrumb"},"inLanguage":"pt-PT","potentialAction":[{"@type":"ReadAction","target":["https:\/\/jornaldasoficinas.com\/pt\/este-e-um-momento-para-expressar-gratidao-a-todos-os-colaboradores-clientes-e-parceiros-miguel-melo-mcoutinho\/"]}]},{"@type":"ImageObject","inLanguage":"pt-PT","@id":"https:\/\/jornaldasoficinas.com\/pt\/este-e-um-momento-para-expressar-gratidao-a-todos-os-colaboradores-clientes-e-parceiros-miguel-melo-mcoutinho\/#primaryimage","url":"https:\/\/jornaldasoficinas.com\/pt\/wp-content\/uploads\/2024\/02\/Este-e-um-momento-para-expressar-gratidao-a-todos-os-colaboradores-clientes-e-parceiros-Miguel-Melo-MCoutinho.jpg","contentUrl":"https:\/\/jornaldasoficinas.com\/pt\/wp-content\/uploads\/2024\/02\/Este-e-um-momento-para-expressar-gratidao-a-todos-os-colaboradores-clientes-e-parceiros-Miguel-Melo-MCoutinho.jpg","width":1024,"height":581,"caption":"02 - Este e um momento para expressar gratidao a todos os colaboradores clientes e parceiros Miguel Melo MCoutinho"},{"@type":"BreadcrumbList","@id":"https:\/\/jornaldasoficinas.com\/pt\/este-e-um-momento-para-expressar-gratidao-a-todos-os-colaboradores-clientes-e-parceiros-miguel-melo-mcoutinho\/#breadcrumb","itemListElement":[{"@type":"ListItem","position":1,"name":"In\u00edcio","item":"https:\/\/jornaldasoficinas.com\/pt\/"},{"@type":"ListItem","position":2,"name":"\u201cEste e\u0301 um momento para expressar gratida\u0303o a todos os colaboradores, clientes e parceiros\u201d, Miguel Melo, MCoutinho"}]},{"@type":"WebSite","@id":"https:\/\/jornaldasoficinas.com\/pt\/#website","url":"https:\/\/jornaldasoficinas.com\/pt\/","name":"Jornal das Oficinas","description":"Jornal independente do Aftermarket Autom\u00f3vel em Portugal","publisher":{"@id":"https:\/\/jornaldasoficinas.com\/pt\/#organization"},"potentialAction":[{"@type":"SearchAction","target":{"@type":"EntryPoint","urlTemplate":"https:\/\/jornaldasoficinas.com\/pt\/?s={search_term_string}"},"query-input":{"@type":"PropertyValueSpecification","valueRequired":true,"valueName":"search_term_string"}}],"inLanguage":"pt-PT"},{"@type":"Organization","@id":"https:\/\/jornaldasoficinas.com\/pt\/#organization","name":"Jornal das Oficinas","url":"https:\/\/jornaldasoficinas.com\/pt\/","logo":{"@type":"ImageObject","inLanguage":"pt-PT","@id":"https:\/\/jornaldasoficinas.com\/pt\/#\/schema\/logo\/image\/","url":"https:\/\/jornaldasoficinas.com\/pt\/wp-content\/uploads\/logoJO-SEO.png","contentUrl":"https:\/\/jornaldasoficinas.com\/pt\/wp-content\/uploads\/logoJO-SEO.png","width":285,"height":450,"caption":"Jornal das Oficinas"},"image":{"@id":"https:\/\/jornaldasoficinas.com\/pt\/#\/schema\/logo\/image\/"},"sameAs":["https:\/\/www.facebook.com\/jornaloficinas","https:\/\/x.com\/jornaloficinas","https:\/\/www.instagram.com\/jornal_oficinas\/","https:\/\/www.linkedin.com\/company\/jornal-das-oficinas\/","https:\/\/www.youtube.com\/channel\/UCbQZBqtcvV-oSQrr7RzINGg"]},{"@type":"Person","@id":"https:\/\/jornaldasoficinas.com\/pt\/#\/schema\/person\/a38eef5de2c41d9e7c9ac10141afddf3","name":"Reda\u00e7\u00e3o JO","image":{"@type":"ImageObject","inLanguage":"pt-PT","@id":"https:\/\/secure.gravatar.com\/avatar\/71f2fa71737ad68a84fea94bc708ddac8ea5b0c4788dc2ad202f3ccb2887742f?s=96&d=wp_user_avatar&r=g","url":"https:\/\/secure.gravatar.com\/avatar\/71f2fa71737ad68a84fea94bc708ddac8ea5b0c4788dc2ad202f3ccb2887742f?s=96&d=wp_user_avatar&r=g","contentUrl":"https:\/\/secure.gravatar.com\/avatar\/71f2fa71737ad68a84fea94bc708ddac8ea5b0c4788dc2ad202f3ccb2887742f?s=96&d=wp_user_avatar&r=g","caption":"Reda\u00e7\u00e3o JO"},"url":"https:\/\/jornaldasoficinas.com\/pt\/author\/joredacao\/"}]}},"_links":{"self":[{"href":"https:\/\/jornaldasoficinas.com\/pt\/wp-json\/wp\/v2\/posts\/78177","targetHints":{"allow":["GET"]}}],"collection":[{"href":"https:\/\/jornaldasoficinas.com\/pt\/wp-json\/wp\/v2\/posts"}],"about":[{"href":"https:\/\/jornaldasoficinas.com\/pt\/wp-json\/wp\/v2\/types\/post"}],"author":[{"embeddable":true,"href":"https:\/\/jornaldasoficinas.com\/pt\/wp-json\/wp\/v2\/users\/15"}],"replies":[{"embeddable":true,"href":"https:\/\/jornaldasoficinas.com\/pt\/wp-json\/wp\/v2\/comments?post=78177"}],"version-history":[{"count":0,"href":"https:\/\/jornaldasoficinas.com\/pt\/wp-json\/wp\/v2\/posts\/78177\/revisions"}],"wp:featuredmedia":[{"embeddable":true,"href":"https:\/\/jornaldasoficinas.com\/pt\/wp-json\/wp\/v2\/media\/78168"}],"wp:attachment":[{"href":"https:\/\/jornaldasoficinas.com\/pt\/wp-json\/wp\/v2\/media?parent=78177"}],"wp:term":[{"taxonomy":"category","embeddable":true,"href":"https:\/\/jornaldasoficinas.com\/pt\/wp-json\/wp\/v2\/categories?post=78177"},{"taxonomy":"post_tag","embeddable":true,"href":"https:\/\/jornaldasoficinas.com\/pt\/wp-json\/wp\/v2\/tags?post=78177"}],"curies":[{"name":"wp","href":"https:\/\/api.w.org\/{rel}","templated":true}]}}