{"id":7819,"date":"2019-12-13T00:27:03","date_gmt":"2019-12-13T00:27:03","guid":{"rendered":"https:\/\/jornaldasoficinas.com\/pt\/?p=7819"},"modified":"2019-12-13T00:27:57","modified_gmt":"2019-12-13T00:27:57","slug":"tecnologia-e-coat-da-basf-maior-protecao-e-menor-consumo","status":"publish","type":"post","link":"https:\/\/jornaldasoficinas.com\/pt\/tecnologia-e-coat-da-basf-maior-protecao-e-menor-consumo\/","title":{"rendered":"Tecnologia e-coat da BASF: maior prote\u00e7\u00e3o e menor consumo"},"content":{"rendered":"<p><img loading=\"lazy\" decoding=\"async\" class=\"alignnone wp-image-7818 size-full\" src=\"https:\/\/jornaldasoficinas.com\/pt\/wp-content\/uploads\/2019\/12\/basfecoat.png\" alt=\"12 - basfecoat\" width=\"1024\" height=\"581\" srcset=\"https:\/\/jornaldasoficinas.com\/pt\/wp-content\/uploads\/2019\/12\/basfecoat.png 1024w, https:\/\/jornaldasoficinas.com\/pt\/wp-content\/uploads\/2019\/12\/basfecoat-300x170.png 300w, https:\/\/jornaldasoficinas.com\/pt\/wp-content\/uploads\/2019\/12\/basfecoat-150x85.png 150w, https:\/\/jornaldasoficinas.com\/pt\/wp-content\/uploads\/2019\/12\/basfecoat-768x436.png 768w\" sizes=\"auto, (max-width: 1024px) 100vw, 1024px\" \/><\/p>\n<p><strong>Marcos Fernandes, diretor de Tintas Autom\u00f3vel da BASF, aborda a tecnologia e-coat, que anuncia elevado poder de prote\u00e7\u00e3o e possibilita a redu\u00e7\u00e3o da camada de aplica\u00e7\u00e3o, gerando uma diminui\u00e7\u00e3o do consumo de material de at\u00e9 20%.<\/strong><\/p>\n<p>A cor do ve\u00edculo faz parte do conjunto de itens que direcionam o estilo que o construtor de autom\u00f3veis define para cada um dos seus modelos e tem potencial para representar uma marca ao longo da vida \u00fatil de um ve\u00edculo.<\/p>\n<p>Por isso, \u00e9 fundamental que o processo de pintura autom\u00f3vel seja feito com qualidade e tecnologia, al\u00e9m de garantir a prote\u00e7\u00e3o contra degrada\u00e7\u00e3o ou danos durante o uso do autom\u00f3vel.<\/p>\n<p>Segundo Marcos Fernandes, \u201ceste \u00e9 um ponto muito importante que \u00e9 garantido na etapa da fabrica\u00e7\u00e3o tanto da tinta como do autom\u00f3vel em si, j\u00e1 que o produto final s\u00f3 ter\u00e1 a prote\u00e7\u00e3o e qualidade desejadas ap\u00f3s a aplica\u00e7\u00e3o de v\u00e1rios revestimentos. E estas camadas devem ser aplicadas com produtos que resultem numa cobertura uniforme e com menor espessura\u201d.<\/p>\n<p>Os anos de experi\u00eancia em desenvolver solu\u00e7\u00f5es para o setor, juntamente com a parceria com os clientes, levou a <a href=\"https:\/\/www.basf.com\/global\/en.html\" target=\"_blank\" rel=\"noopener noreferrer\">BASF<\/a> a produzir diversas inova\u00e7\u00f5es para o processo de pintura do ve\u00edculo, que envolve cinco camadas, desde o pr\u00e9-tratamento da superf\u00edcie, o e-coat para prote\u00e7\u00e3o contra corros\u00e3o, passando pelo <em>primer<\/em>, base e verniz. No final de todo o processo, todas estas camadas medem apenas um d\u00e9cimo de mil\u00edmetro de espessura, sendo mais finas do que um fio de cabelo humano.<\/p>\n<p>De acordo com o diretor de Tintas Autom\u00f3vel da BASF, \u201co e-coat \u00e9 a primeira camada aplicada depois do pr\u00e9-tratamento da pe\u00e7a de metal. Nesse processo, a carro\u00e7aria \u00e9 inteiramente imersa no produto e uma corrente el\u00e9trica promove a sua deposi\u00e7\u00e3o na superf\u00edcie de metal. Tem a finalidade de proteger contra a corros\u00e3o com maior efici\u00eancia, incluindo as cavidades que n\u00e3o poderiam ser alcan\u00e7adas facilmente com a aplica\u00e7\u00e3o de <em>spray<\/em>\u201d.<\/p>\n<p><strong>Base de \u00e1gua Cathoguard<\/strong><br \/>\nA tecnologia de e-coat \u00e0 base de \u00e1gua Cathoguard, desenvolvida pela BASF, disp\u00f5e de elevado poder de prote\u00e7\u00e3o e possibilita a redu\u00e7\u00e3o da camada de aplica\u00e7\u00e3o sem perder a propriedade de prote\u00e7\u00e3o, o que, por sua vez, leva a uma redu\u00e7\u00e3o no consumo de material de at\u00e9 20%, al\u00e9m de promover uma economia relevante de \u00e1gua no processo. A utiliza\u00e7\u00e3o deste produto \u00e9 fundamental para quem procura desenvolver processos de produ\u00e7\u00e3o mais sustent\u00e1veis.<\/p>\n<p>\u201cO <em>primer<\/em>, a camada seguinte, elimina qualquer irregularidade. Proporciona uma superf\u00edcie lisa, protege contra embates de pedras e protege o e-coat da radia\u00e7\u00e3o UV. A pr\u00f3xima camada \u00e9 a base, onde est\u00e1 a cor que empresta a personalidade ao ve\u00edculo, que \u00e9 um dos requisitos estrat\u00e9gicos e muito valorizados pelos fabricantes de autom\u00f3veis\u201d, explica Marcos Fernandes.<\/p>\n<p>O respons\u00e1vel acrescenta que \u201ca qualidade desta camada \u00e9 assegurada por uma ampla gama de pigmentos e elementos de efeito especial. A BASF tem dispon\u00edvel no seu portef\u00f3lio ricas cores s\u00f3lidas, met\u00e1licas e efeitos de profundidade, al\u00e9m de produtos que oferecem caracter\u00edsticas funcionais. Um exemplo s\u00e3o os pigmentos especiais que promovem a reflex\u00e3o dos raios UV, at\u00e9 mesmo em cores escuras, diminuindo a temperatura da superf\u00edcie do ve\u00edculo. Assim, a necessidade de ligar o ar condicionado para aliviar o calor no interior do ve\u00edculo \u00e9 menor. Al\u00e9m do conforto, a tecnologia reduz o consumo de combust\u00edvel ou aumenta a autonomia dos ve\u00edculos el\u00e9tricos\u201d.<\/p>\n<p><strong>Futuro dos ve\u00edculos traz novos desafios<\/strong><br \/>\nA \u00faltima etapa \u00e9 o verniz, cuja principal fun\u00e7\u00e3o \u00e9 proteger a superf\u00edcie durante a vida do ve\u00edculo contra as mais diversas agress\u00f5es, como arranh\u00f5es, excrementos de p\u00e1ssaros, insetos e radia\u00e7\u00e3o UV, entre outras possibilidades. A principal inova\u00e7\u00e3o da BASF para o acabamento \u00e9 o iGloss, uma esp\u00e9cie de verniz autom\u00f3vel que garante prote\u00e7\u00e3o extra \u00e0 pintura dos ve\u00edculos, aumentando a resist\u00eancia a arranh\u00f5es e evitando manchas e desbotamento. A solu\u00e7\u00e3o anuncia um \u00edndice de 90% de recupera\u00e7\u00e3o de danos externos, enquanto os demais produtos do mercado v\u00e3o at\u00e9 aos 70%.<\/p>\n<p>\u201cAl\u00e9m de todas as exig\u00eancias atuais, o futuro dos ve\u00edculos traz-nos novos desafios e a BASF j\u00e1 est\u00e1 a trabalhar em produtos que contribuam para viabilizar as inova\u00e7\u00f5es que est\u00e3o para chegar. Por exemplo, podemos citar uma nova tecnologia de tintas que incluem uma caracter\u00edstica especial de reduzir bloqueios dos sinais infravermelhos aos sensores Lidar e, assim, garantir o perfeito funcionamento dos ve\u00edculos aut\u00f3nomos num futuro muito pr\u00f3ximo\u201d, revela o diretor de Tintas Autom\u00f3vel da BASF.<\/p>\n<p>Que, a concluir, afirma que \u201ca boa gest\u00e3o deste processo \u00e9 fundamental para que a pintura tenha um resultado que corresponda as expectativas dos fabricantes e, principalmente, dos consumidores. E pelo facto de haver muitas etapas, a cobertura e espessura de cada produto deve ser uniforme e fina para garantir um acabamento perfeito. Por isso, os fornecedores da ind\u00fastria autom\u00f3vel t\u00eam a responsabilidade de estar sempre a investir no desenvolvimento de solu\u00e7\u00f5es inovadoras e sustent\u00e1veis que v\u00e3o ao encontro da maior competitividade e necessidades t\u00e9cnicas e est\u00e9ticas\u201d.<\/p>\n","protected":false},"excerpt":{"rendered":"<p>Marcos Fernandes, diretor de Tintas Autom\u00f3vel&#8230;<\/p>\n","protected":false},"author":15,"featured_media":7818,"comment_status":"closed","ping_status":"closed","sticky":false,"template":"","format":"standard","meta":{"footnotes":""},"categories":[2],"tags":[247,1005,1004],"class_list":["post-7819","post","type-post","status-publish","format-standard","has-post-thumbnail","hentry","category-repintura","tag-basf","tag-cathoguard","tag-e-coat"],"yoast_head":"<!-- This site is optimized with the Yoast SEO plugin v27.4 - https:\/\/yoast.com\/product\/yoast-seo-wordpress\/ -->\n<title>Tecnologia e-coat da BASF: maior prote\u00e7\u00e3o e menor consumo - Jornal das Oficinas<\/title>\n<meta name=\"robots\" content=\"index, follow, max-snippet:-1, max-image-preview:large, max-video-preview:-1\" \/>\n<link rel=\"canonical\" href=\"https:\/\/jornaldasoficinas.com\/pt\/tecnologia-e-coat-da-basf-maior-protecao-e-menor-consumo\/\" \/>\n<meta property=\"og:locale\" content=\"pt_PT\" \/>\n<meta property=\"og:type\" content=\"article\" \/>\n<meta property=\"og:title\" content=\"Tecnologia e-coat da BASF: maior prote\u00e7\u00e3o e menor consumo - Jornal das Oficinas\" \/>\n<meta property=\"og:description\" content=\"Marcos Fernandes, diretor de Tintas Autom\u00f3vel...\" \/>\n<meta property=\"og:url\" content=\"https:\/\/jornaldasoficinas.com\/pt\/tecnologia-e-coat-da-basf-maior-protecao-e-menor-consumo\/\" \/>\n<meta property=\"og:site_name\" content=\"Jornal das Oficinas\" \/>\n<meta property=\"article:publisher\" content=\"https:\/\/www.facebook.com\/jornaloficinas\" \/>\n<meta property=\"article:published_time\" content=\"2019-12-13T00:27:03+00:00\" \/>\n<meta property=\"article:modified_time\" content=\"2019-12-13T00:27:57+00:00\" \/>\n<meta property=\"og:image\" content=\"https:\/\/jornaldasoficinas.com\/pt\/wp-content\/uploads\/2019\/12\/basfecoat.png\" \/>\n\t<meta property=\"og:image:width\" content=\"1024\" \/>\n\t<meta property=\"og:image:height\" content=\"581\" \/>\n\t<meta property=\"og:image:type\" content=\"image\/png\" \/>\n<meta name=\"author\" content=\"Reda\u00e7\u00e3o JO\" \/>\n<meta name=\"twitter:card\" content=\"summary_large_image\" \/>\n<meta name=\"twitter:creator\" content=\"@jornaloficinas\" \/>\n<meta name=\"twitter:site\" content=\"@jornaloficinas\" \/>\n<meta name=\"twitter:label1\" content=\"Escrito por\" \/>\n\t<meta name=\"twitter:data1\" content=\"Reda\u00e7\u00e3o JO\" \/>\n\t<meta name=\"twitter:label2\" content=\"Tempo estimado de leitura\" \/>\n\t<meta name=\"twitter:data2\" content=\"5 minutos\" \/>\n<script type=\"application\/ld+json\" class=\"yoast-schema-graph\">{\"@context\":\"https:\\\/\\\/schema.org\",\"@graph\":[{\"@type\":\"Article\",\"@id\":\"https:\\\/\\\/jornaldasoficinas.com\\\/pt\\\/tecnologia-e-coat-da-basf-maior-protecao-e-menor-consumo\\\/#article\",\"isPartOf\":{\"@id\":\"https:\\\/\\\/jornaldasoficinas.com\\\/pt\\\/tecnologia-e-coat-da-basf-maior-protecao-e-menor-consumo\\\/\"},\"author\":{\"name\":\"Reda\u00e7\u00e3o JO\",\"@id\":\"https:\\\/\\\/jornaldasoficinas.com\\\/pt\\\/#\\\/schema\\\/person\\\/a38eef5de2c41d9e7c9ac10141afddf3\"},\"headline\":\"Tecnologia e-coat da BASF: maior prote\u00e7\u00e3o e menor consumo\",\"datePublished\":\"2019-12-13T00:27:03+00:00\",\"dateModified\":\"2019-12-13T00:27:57+00:00\",\"mainEntityOfPage\":{\"@id\":\"https:\\\/\\\/jornaldasoficinas.com\\\/pt\\\/tecnologia-e-coat-da-basf-maior-protecao-e-menor-consumo\\\/\"},\"wordCount\":911,\"publisher\":{\"@id\":\"https:\\\/\\\/jornaldasoficinas.com\\\/pt\\\/#organization\"},\"image\":{\"@id\":\"https:\\\/\\\/jornaldasoficinas.com\\\/pt\\\/tecnologia-e-coat-da-basf-maior-protecao-e-menor-consumo\\\/#primaryimage\"},\"thumbnailUrl\":\"https:\\\/\\\/jornaldasoficinas.com\\\/pt\\\/wp-content\\\/uploads\\\/2019\\\/12\\\/basfecoat.png\",\"keywords\":[\"BASF\",\"cathoguard\",\"e-coat\"],\"articleSection\":[\"Repintura\"],\"inLanguage\":\"pt-PT\"},{\"@type\":\"WebPage\",\"@id\":\"https:\\\/\\\/jornaldasoficinas.com\\\/pt\\\/tecnologia-e-coat-da-basf-maior-protecao-e-menor-consumo\\\/\",\"url\":\"https:\\\/\\\/jornaldasoficinas.com\\\/pt\\\/tecnologia-e-coat-da-basf-maior-protecao-e-menor-consumo\\\/\",\"name\":\"Tecnologia e-coat da BASF: maior prote\u00e7\u00e3o e menor consumo - Jornal das Oficinas\",\"isPartOf\":{\"@id\":\"https:\\\/\\\/jornaldasoficinas.com\\\/pt\\\/#website\"},\"primaryImageOfPage\":{\"@id\":\"https:\\\/\\\/jornaldasoficinas.com\\\/pt\\\/tecnologia-e-coat-da-basf-maior-protecao-e-menor-consumo\\\/#primaryimage\"},\"image\":{\"@id\":\"https:\\\/\\\/jornaldasoficinas.com\\\/pt\\\/tecnologia-e-coat-da-basf-maior-protecao-e-menor-consumo\\\/#primaryimage\"},\"thumbnailUrl\":\"https:\\\/\\\/jornaldasoficinas.com\\\/pt\\\/wp-content\\\/uploads\\\/2019\\\/12\\\/basfecoat.png\",\"datePublished\":\"2019-12-13T00:27:03+00:00\",\"dateModified\":\"2019-12-13T00:27:57+00:00\",\"breadcrumb\":{\"@id\":\"https:\\\/\\\/jornaldasoficinas.com\\\/pt\\\/tecnologia-e-coat-da-basf-maior-protecao-e-menor-consumo\\\/#breadcrumb\"},\"inLanguage\":\"pt-PT\",\"potentialAction\":[{\"@type\":\"ReadAction\",\"target\":[\"https:\\\/\\\/jornaldasoficinas.com\\\/pt\\\/tecnologia-e-coat-da-basf-maior-protecao-e-menor-consumo\\\/\"]}]},{\"@type\":\"ImageObject\",\"inLanguage\":\"pt-PT\",\"@id\":\"https:\\\/\\\/jornaldasoficinas.com\\\/pt\\\/tecnologia-e-coat-da-basf-maior-protecao-e-menor-consumo\\\/#primaryimage\",\"url\":\"https:\\\/\\\/jornaldasoficinas.com\\\/pt\\\/wp-content\\\/uploads\\\/2019\\\/12\\\/basfecoat.png\",\"contentUrl\":\"https:\\\/\\\/jornaldasoficinas.com\\\/pt\\\/wp-content\\\/uploads\\\/2019\\\/12\\\/basfecoat.png\",\"width\":1024,\"height\":581,\"caption\":\"12 - basfecoat\"},{\"@type\":\"BreadcrumbList\",\"@id\":\"https:\\\/\\\/jornaldasoficinas.com\\\/pt\\\/tecnologia-e-coat-da-basf-maior-protecao-e-menor-consumo\\\/#breadcrumb\",\"itemListElement\":[{\"@type\":\"ListItem\",\"position\":1,\"name\":\"In\u00edcio\",\"item\":\"https:\\\/\\\/jornaldasoficinas.com\\\/pt\\\/\"},{\"@type\":\"ListItem\",\"position\":2,\"name\":\"Tecnologia e-coat da BASF: maior prote\u00e7\u00e3o e menor consumo\"}]},{\"@type\":\"WebSite\",\"@id\":\"https:\\\/\\\/jornaldasoficinas.com\\\/pt\\\/#website\",\"url\":\"https:\\\/\\\/jornaldasoficinas.com\\\/pt\\\/\",\"name\":\"Jornal das Oficinas\",\"description\":\"Jornal independente do Aftermarket Autom\u00f3vel em Portugal\",\"publisher\":{\"@id\":\"https:\\\/\\\/jornaldasoficinas.com\\\/pt\\\/#organization\"},\"potentialAction\":[{\"@type\":\"SearchAction\",\"target\":{\"@type\":\"EntryPoint\",\"urlTemplate\":\"https:\\\/\\\/jornaldasoficinas.com\\\/pt\\\/?s={search_term_string}\"},\"query-input\":{\"@type\":\"PropertyValueSpecification\",\"valueRequired\":true,\"valueName\":\"search_term_string\"}}],\"inLanguage\":\"pt-PT\"},{\"@type\":\"Organization\",\"@id\":\"https:\\\/\\\/jornaldasoficinas.com\\\/pt\\\/#organization\",\"name\":\"Jornal das Oficinas\",\"url\":\"https:\\\/\\\/jornaldasoficinas.com\\\/pt\\\/\",\"logo\":{\"@type\":\"ImageObject\",\"inLanguage\":\"pt-PT\",\"@id\":\"https:\\\/\\\/jornaldasoficinas.com\\\/pt\\\/#\\\/schema\\\/logo\\\/image\\\/\",\"url\":\"https:\\\/\\\/jornaldasoficinas.com\\\/pt\\\/wp-content\\\/uploads\\\/logoJO-SEO.png\",\"contentUrl\":\"https:\\\/\\\/jornaldasoficinas.com\\\/pt\\\/wp-content\\\/uploads\\\/logoJO-SEO.png\",\"width\":285,\"height\":450,\"caption\":\"Jornal das Oficinas\"},\"image\":{\"@id\":\"https:\\\/\\\/jornaldasoficinas.com\\\/pt\\\/#\\\/schema\\\/logo\\\/image\\\/\"},\"sameAs\":[\"https:\\\/\\\/www.facebook.com\\\/jornaloficinas\",\"https:\\\/\\\/x.com\\\/jornaloficinas\",\"https:\\\/\\\/www.instagram.com\\\/jornal_oficinas\\\/\",\"https:\\\/\\\/www.linkedin.com\\\/company\\\/jornal-das-oficinas\\\/\",\"https:\\\/\\\/www.youtube.com\\\/channel\\\/UCbQZBqtcvV-oSQrr7RzINGg\"]},{\"@type\":\"Person\",\"@id\":\"https:\\\/\\\/jornaldasoficinas.com\\\/pt\\\/#\\\/schema\\\/person\\\/a38eef5de2c41d9e7c9ac10141afddf3\",\"name\":\"Reda\u00e7\u00e3o JO\",\"image\":{\"@type\":\"ImageObject\",\"inLanguage\":\"pt-PT\",\"@id\":\"https:\\\/\\\/secure.gravatar.com\\\/avatar\\\/71f2fa71737ad68a84fea94bc708ddac8ea5b0c4788dc2ad202f3ccb2887742f?s=96&d=wp_user_avatar&r=g\",\"url\":\"https:\\\/\\\/secure.gravatar.com\\\/avatar\\\/71f2fa71737ad68a84fea94bc708ddac8ea5b0c4788dc2ad202f3ccb2887742f?s=96&d=wp_user_avatar&r=g\",\"contentUrl\":\"https:\\\/\\\/secure.gravatar.com\\\/avatar\\\/71f2fa71737ad68a84fea94bc708ddac8ea5b0c4788dc2ad202f3ccb2887742f?s=96&d=wp_user_avatar&r=g\",\"caption\":\"Reda\u00e7\u00e3o JO\"},\"url\":\"https:\\\/\\\/jornaldasoficinas.com\\\/pt\\\/author\\\/joredacao\\\/\"}]}<\/script>\n<!-- \/ Yoast SEO plugin. -->","yoast_head_json":{"title":"Tecnologia e-coat da BASF: maior prote\u00e7\u00e3o e menor consumo - Jornal das Oficinas","robots":{"index":"index","follow":"follow","max-snippet":"max-snippet:-1","max-image-preview":"max-image-preview:large","max-video-preview":"max-video-preview:-1"},"canonical":"https:\/\/jornaldasoficinas.com\/pt\/tecnologia-e-coat-da-basf-maior-protecao-e-menor-consumo\/","og_locale":"pt_PT","og_type":"article","og_title":"Tecnologia e-coat da BASF: maior prote\u00e7\u00e3o e menor consumo - Jornal das Oficinas","og_description":"Marcos Fernandes, diretor de Tintas Autom\u00f3vel...","og_url":"https:\/\/jornaldasoficinas.com\/pt\/tecnologia-e-coat-da-basf-maior-protecao-e-menor-consumo\/","og_site_name":"Jornal das Oficinas","article_publisher":"https:\/\/www.facebook.com\/jornaloficinas","article_published_time":"2019-12-13T00:27:03+00:00","article_modified_time":"2019-12-13T00:27:57+00:00","og_image":[{"width":1024,"height":581,"url":"https:\/\/jornaldasoficinas.com\/pt\/wp-content\/uploads\/2019\/12\/basfecoat.png","type":"image\/png"}],"author":"Reda\u00e7\u00e3o JO","twitter_card":"summary_large_image","twitter_creator":"@jornaloficinas","twitter_site":"@jornaloficinas","twitter_misc":{"Escrito por":"Reda\u00e7\u00e3o JO","Tempo estimado de leitura":"5 minutos"},"schema":{"@context":"https:\/\/schema.org","@graph":[{"@type":"Article","@id":"https:\/\/jornaldasoficinas.com\/pt\/tecnologia-e-coat-da-basf-maior-protecao-e-menor-consumo\/#article","isPartOf":{"@id":"https:\/\/jornaldasoficinas.com\/pt\/tecnologia-e-coat-da-basf-maior-protecao-e-menor-consumo\/"},"author":{"name":"Reda\u00e7\u00e3o JO","@id":"https:\/\/jornaldasoficinas.com\/pt\/#\/schema\/person\/a38eef5de2c41d9e7c9ac10141afddf3"},"headline":"Tecnologia e-coat da BASF: maior prote\u00e7\u00e3o e menor consumo","datePublished":"2019-12-13T00:27:03+00:00","dateModified":"2019-12-13T00:27:57+00:00","mainEntityOfPage":{"@id":"https:\/\/jornaldasoficinas.com\/pt\/tecnologia-e-coat-da-basf-maior-protecao-e-menor-consumo\/"},"wordCount":911,"publisher":{"@id":"https:\/\/jornaldasoficinas.com\/pt\/#organization"},"image":{"@id":"https:\/\/jornaldasoficinas.com\/pt\/tecnologia-e-coat-da-basf-maior-protecao-e-menor-consumo\/#primaryimage"},"thumbnailUrl":"https:\/\/jornaldasoficinas.com\/pt\/wp-content\/uploads\/2019\/12\/basfecoat.png","keywords":["BASF","cathoguard","e-coat"],"articleSection":["Repintura"],"inLanguage":"pt-PT"},{"@type":"WebPage","@id":"https:\/\/jornaldasoficinas.com\/pt\/tecnologia-e-coat-da-basf-maior-protecao-e-menor-consumo\/","url":"https:\/\/jornaldasoficinas.com\/pt\/tecnologia-e-coat-da-basf-maior-protecao-e-menor-consumo\/","name":"Tecnologia e-coat da BASF: maior prote\u00e7\u00e3o e menor consumo - Jornal das Oficinas","isPartOf":{"@id":"https:\/\/jornaldasoficinas.com\/pt\/#website"},"primaryImageOfPage":{"@id":"https:\/\/jornaldasoficinas.com\/pt\/tecnologia-e-coat-da-basf-maior-protecao-e-menor-consumo\/#primaryimage"},"image":{"@id":"https:\/\/jornaldasoficinas.com\/pt\/tecnologia-e-coat-da-basf-maior-protecao-e-menor-consumo\/#primaryimage"},"thumbnailUrl":"https:\/\/jornaldasoficinas.com\/pt\/wp-content\/uploads\/2019\/12\/basfecoat.png","datePublished":"2019-12-13T00:27:03+00:00","dateModified":"2019-12-13T00:27:57+00:00","breadcrumb":{"@id":"https:\/\/jornaldasoficinas.com\/pt\/tecnologia-e-coat-da-basf-maior-protecao-e-menor-consumo\/#breadcrumb"},"inLanguage":"pt-PT","potentialAction":[{"@type":"ReadAction","target":["https:\/\/jornaldasoficinas.com\/pt\/tecnologia-e-coat-da-basf-maior-protecao-e-menor-consumo\/"]}]},{"@type":"ImageObject","inLanguage":"pt-PT","@id":"https:\/\/jornaldasoficinas.com\/pt\/tecnologia-e-coat-da-basf-maior-protecao-e-menor-consumo\/#primaryimage","url":"https:\/\/jornaldasoficinas.com\/pt\/wp-content\/uploads\/2019\/12\/basfecoat.png","contentUrl":"https:\/\/jornaldasoficinas.com\/pt\/wp-content\/uploads\/2019\/12\/basfecoat.png","width":1024,"height":581,"caption":"12 - basfecoat"},{"@type":"BreadcrumbList","@id":"https:\/\/jornaldasoficinas.com\/pt\/tecnologia-e-coat-da-basf-maior-protecao-e-menor-consumo\/#breadcrumb","itemListElement":[{"@type":"ListItem","position":1,"name":"In\u00edcio","item":"https:\/\/jornaldasoficinas.com\/pt\/"},{"@type":"ListItem","position":2,"name":"Tecnologia e-coat da BASF: maior prote\u00e7\u00e3o e menor consumo"}]},{"@type":"WebSite","@id":"https:\/\/jornaldasoficinas.com\/pt\/#website","url":"https:\/\/jornaldasoficinas.com\/pt\/","name":"Jornal das Oficinas","description":"Jornal independente do Aftermarket Autom\u00f3vel em Portugal","publisher":{"@id":"https:\/\/jornaldasoficinas.com\/pt\/#organization"},"potentialAction":[{"@type":"SearchAction","target":{"@type":"EntryPoint","urlTemplate":"https:\/\/jornaldasoficinas.com\/pt\/?s={search_term_string}"},"query-input":{"@type":"PropertyValueSpecification","valueRequired":true,"valueName":"search_term_string"}}],"inLanguage":"pt-PT"},{"@type":"Organization","@id":"https:\/\/jornaldasoficinas.com\/pt\/#organization","name":"Jornal das Oficinas","url":"https:\/\/jornaldasoficinas.com\/pt\/","logo":{"@type":"ImageObject","inLanguage":"pt-PT","@id":"https:\/\/jornaldasoficinas.com\/pt\/#\/schema\/logo\/image\/","url":"https:\/\/jornaldasoficinas.com\/pt\/wp-content\/uploads\/logoJO-SEO.png","contentUrl":"https:\/\/jornaldasoficinas.com\/pt\/wp-content\/uploads\/logoJO-SEO.png","width":285,"height":450,"caption":"Jornal das Oficinas"},"image":{"@id":"https:\/\/jornaldasoficinas.com\/pt\/#\/schema\/logo\/image\/"},"sameAs":["https:\/\/www.facebook.com\/jornaloficinas","https:\/\/x.com\/jornaloficinas","https:\/\/www.instagram.com\/jornal_oficinas\/","https:\/\/www.linkedin.com\/company\/jornal-das-oficinas\/","https:\/\/www.youtube.com\/channel\/UCbQZBqtcvV-oSQrr7RzINGg"]},{"@type":"Person","@id":"https:\/\/jornaldasoficinas.com\/pt\/#\/schema\/person\/a38eef5de2c41d9e7c9ac10141afddf3","name":"Reda\u00e7\u00e3o JO","image":{"@type":"ImageObject","inLanguage":"pt-PT","@id":"https:\/\/secure.gravatar.com\/avatar\/71f2fa71737ad68a84fea94bc708ddac8ea5b0c4788dc2ad202f3ccb2887742f?s=96&d=wp_user_avatar&r=g","url":"https:\/\/secure.gravatar.com\/avatar\/71f2fa71737ad68a84fea94bc708ddac8ea5b0c4788dc2ad202f3ccb2887742f?s=96&d=wp_user_avatar&r=g","contentUrl":"https:\/\/secure.gravatar.com\/avatar\/71f2fa71737ad68a84fea94bc708ddac8ea5b0c4788dc2ad202f3ccb2887742f?s=96&d=wp_user_avatar&r=g","caption":"Reda\u00e7\u00e3o JO"},"url":"https:\/\/jornaldasoficinas.com\/pt\/author\/joredacao\/"}]}},"_links":{"self":[{"href":"https:\/\/jornaldasoficinas.com\/pt\/wp-json\/wp\/v2\/posts\/7819","targetHints":{"allow":["GET"]}}],"collection":[{"href":"https:\/\/jornaldasoficinas.com\/pt\/wp-json\/wp\/v2\/posts"}],"about":[{"href":"https:\/\/jornaldasoficinas.com\/pt\/wp-json\/wp\/v2\/types\/post"}],"author":[{"embeddable":true,"href":"https:\/\/jornaldasoficinas.com\/pt\/wp-json\/wp\/v2\/users\/15"}],"replies":[{"embeddable":true,"href":"https:\/\/jornaldasoficinas.com\/pt\/wp-json\/wp\/v2\/comments?post=7819"}],"version-history":[{"count":0,"href":"https:\/\/jornaldasoficinas.com\/pt\/wp-json\/wp\/v2\/posts\/7819\/revisions"}],"wp:featuredmedia":[{"embeddable":true,"href":"https:\/\/jornaldasoficinas.com\/pt\/wp-json\/wp\/v2\/media\/7818"}],"wp:attachment":[{"href":"https:\/\/jornaldasoficinas.com\/pt\/wp-json\/wp\/v2\/media?parent=7819"}],"wp:term":[{"taxonomy":"category","embeddable":true,"href":"https:\/\/jornaldasoficinas.com\/pt\/wp-json\/wp\/v2\/categories?post=7819"},{"taxonomy":"post_tag","embeddable":true,"href":"https:\/\/jornaldasoficinas.com\/pt\/wp-json\/wp\/v2\/tags?post=7819"}],"curies":[{"name":"wp","href":"https:\/\/api.w.org\/{rel}","templated":true}]}}