{"id":78194,"date":"2024-02-04T08:00:08","date_gmt":"2024-02-04T08:00:08","guid":{"rendered":"https:\/\/jornaldasoficinas.com\/pt\/?p=78194"},"modified":"2024-02-04T16:46:57","modified_gmt":"2024-02-04T16:46:57","slug":"arenes-car-competencia-e-eficiencia","status":"publish","type":"post","link":"https:\/\/jornaldasoficinas.com\/pt\/arenes-car-competencia-e-eficiencia\/","title":{"rendered":"Arenes Car: Compet\u00eancia e Efici\u00eancia!"},"content":{"rendered":"<p><img loading=\"lazy\" decoding=\"async\" class=\"alignnone size-full wp-image-78169\" src=\"https:\/\/jornaldasoficinas.com\/pt\/wp-content\/uploads\/2024\/02\/Competencia-e-Eficiencia-Arenes-Car.jpg\" alt=\"02 - Competencia e Eficiencia Arenes Car\" width=\"1024\" height=\"581\" srcset=\"https:\/\/jornaldasoficinas.com\/pt\/wp-content\/uploads\/2024\/02\/Competencia-e-Eficiencia-Arenes-Car.jpg 1024w, https:\/\/jornaldasoficinas.com\/pt\/wp-content\/uploads\/2024\/02\/Competencia-e-Eficiencia-Arenes-Car-300x170.jpg 300w, https:\/\/jornaldasoficinas.com\/pt\/wp-content\/uploads\/2024\/02\/Competencia-e-Eficiencia-Arenes-Car-150x85.jpg 150w, https:\/\/jornaldasoficinas.com\/pt\/wp-content\/uploads\/2024\/02\/Competencia-e-Eficiencia-Arenes-Car-768x436.jpg 768w\" sizes=\"auto, (max-width: 1024px) 100vw, 1024px\" \/><\/p>\n<p><strong>A <a href=\"https:\/\/www.arenescar.pt\/\" target=\"_blank\" rel=\"noopener\">Arenes Car<\/a> nasceu da paix\u00e3o dos irm\u00e3os Rom\u00e3o pelos autom\u00f3veis. Ap\u00f3s longas carreiras no ramo da Repara\u00e7\u00e3o Autom\u00f3vel, nomeadamente nos concession\u00e1rios Mercedes, Audi, Volkswagen e Peugeot, decidiram p\u00f4r m\u00e3os \u00e0 obra e tornar o sonho realidade. Adquiriram instala\u00e7\u00f5es, ferramentas topo de gama e criaram a Arenes Car, Lda., situada no Bairro Arenes, em Torres Vedras, uma oficina com 1500 <\/strong><strong>m\u00b2. Fomos at\u00e9 l\u00e1, acompanhe-nos nesta viagem <\/strong><\/p>\n<p>Passados dezanove anos desde a sua inaugura\u00e7a\u0303o, a Arenes Car mante\u0301m a estrate\u0301gia e os resultados esta\u0303o a\u0300 vista, com uma clientela fiel, que valoriza o asseio e conforto das instalac\u0327o\u0303es, assim como a excele\u0302ncia do servic\u0327o, assegurado pela compete\u0302ncia te\u0301cnica de toda a equipa e pelos equipamentos de u\u0301ltima gerac\u0327a\u0303o.<\/p>\n<p>Os irma\u0303os Roma\u0303o sabem que a qualidade das reparac\u0327o\u0303es depende de especificac\u0327o\u0303es e procedimentos recomendados pela origem, por isso, nas reparac\u0327o\u0303es realizadas, as pec\u0327as de substituic\u0327a\u0303o sa\u0303o originais ou de marcas premium aftermarket. \u201cEstar atualizado e\u0301 meio caminho andado para con- seguir dar resposta a\u0300s solicitac\u0327o\u0303es dos nossos clientes, por isso na Arenes Car procuramos estar a par dos mais recentes desenvolvimentos e inovac\u0327o\u0303es no setor automo\u0301vel\u201d, referiram os irma\u0303os Roma\u0303o.<\/p>\n<p>Neste sentido, a oficina dispo\u0303e de equipamentos de diagno\u0301stico multimarcas e um especi\u0301fico da Mercedes-Benz, para o qual fizeram um contrato com a marca alema\u0303 que autoriza a sua utilizac\u0327a\u0303o, tendo tambe\u0301m acesso a\u0300 plataforma B2B Connect Mercedes-Benz, que permite registar todas as reviso\u0303es efetuadas, bem como consultar todos os registos feitos das viaturas em qualquer concessiona\u0301rio da marca.<\/p>\n<p>\u201cQueremos fidelizar os clientes pela qualidade do servic\u0327o e pela nossa honestidade, transpare\u0302ncia e seriedade, por isso na\u0303o poupamos esforc\u0327os para conseguir satisfazer as suas necessidades e superar as suas expetativas. A promoc\u0327a\u0303o e divulgac\u0327a\u0303o da oficina e\u0301 feita pelos pro\u0301prios clientes, que se encarregam de recomendar a Arenes Car a familiares e amigos, contribuindo assim para o crescimento da carteira de clientes\u201d, afirmaram os responsa\u0301veis.<\/p>\n<p>Quer saber mais sobre a Arenes Car? Leia <a href=\"https:\/\/www.yumpu.com\/pt\/document\/read\/68584442\/jornal-das-oficinas-214\/64\" target=\"_blank\" rel=\"noopener\">aqui<\/a> ou na vers\u00e3o impressa do Jornal das Oficinas de dezembro\/janeiro.<\/p>\n<p>&nbsp;<\/p>\n","protected":false},"excerpt":{"rendered":"<p>A Arenes Car nasceu da paix\u00e3o&#8230;<\/p>\n","protected":false},"author":15,"featured_media":78169,"comment_status":"closed","ping_status":"closed","sticky":false,"template":"","format":"standard","meta":{"footnotes":""},"categories":[29],"tags":[7014,3317,6778],"class_list":["post-78194","post","type-post","status-publish","format-standard","has-post-thumbnail","hentry","category-empresas","tag-arenes-car","tag-reparacao-automovel","tag-torres-vedras"],"yoast_head":"<!-- This site is optimized with the Yoast SEO plugin v27.5 - https:\/\/yoast.com\/product\/yoast-seo-wordpress\/ -->\n<title>Arenes Car: Compet\u00eancia e Efici\u00eancia! - Jornal das Oficinas<\/title>\n<meta name=\"description\" content=\"A Arenes Car nasceu da paix\u00e3o dos irm\u00e3os Rom\u00e3o pelos autom\u00f3veis. Situada no Bairro Arenes, em Torres Vedras, uma oficina com 1500 m\u00b2\" \/>\n<meta name=\"robots\" content=\"index, follow, max-snippet:-1, max-image-preview:large, max-video-preview:-1\" \/>\n<link rel=\"canonical\" href=\"https:\/\/jornaldasoficinas.com\/pt\/arenes-car-competencia-e-eficiencia\/\" \/>\n<meta property=\"og:locale\" content=\"pt_PT\" \/>\n<meta property=\"og:type\" content=\"article\" \/>\n<meta property=\"og:title\" content=\"Arenes Car: Compet\u00eancia e Efici\u00eancia! - Jornal das Oficinas\" \/>\n<meta property=\"og:description\" content=\"A Arenes Car nasceu da paix\u00e3o dos irm\u00e3os Rom\u00e3o pelos autom\u00f3veis. Situada no Bairro Arenes, em Torres Vedras, uma oficina com 1500 m\u00b2\" \/>\n<meta property=\"og:url\" content=\"https:\/\/jornaldasoficinas.com\/pt\/arenes-car-competencia-e-eficiencia\/\" \/>\n<meta property=\"og:site_name\" content=\"Jornal das Oficinas\" \/>\n<meta property=\"article:publisher\" content=\"https:\/\/www.facebook.com\/jornaloficinas\" \/>\n<meta property=\"article:published_time\" content=\"2024-02-04T08:00:08+00:00\" \/>\n<meta property=\"article:modified_time\" content=\"2024-02-04T16:46:57+00:00\" \/>\n<meta property=\"og:image\" content=\"https:\/\/jornaldasoficinas.com\/pt\/wp-content\/uploads\/2024\/02\/Competencia-e-Eficiencia-Arenes-Car.jpg\" \/>\n\t<meta property=\"og:image:width\" content=\"1024\" \/>\n\t<meta property=\"og:image:height\" content=\"581\" \/>\n\t<meta property=\"og:image:type\" content=\"image\/jpeg\" \/>\n<meta name=\"author\" content=\"Reda\u00e7\u00e3o JO\" \/>\n<meta name=\"twitter:card\" content=\"summary_large_image\" \/>\n<meta name=\"twitter:creator\" content=\"@jornaloficinas\" \/>\n<meta name=\"twitter:site\" content=\"@jornaloficinas\" \/>\n<meta name=\"twitter:label1\" content=\"Escrito por\" \/>\n\t<meta name=\"twitter:data1\" content=\"Reda\u00e7\u00e3o JO\" \/>\n\t<meta name=\"twitter:label2\" content=\"Tempo estimado de leitura\" \/>\n\t<meta name=\"twitter:data2\" content=\"3 minutos\" \/>\n<script type=\"application\/ld+json\" class=\"yoast-schema-graph\">{\"@context\":\"https:\\\/\\\/schema.org\",\"@graph\":[{\"@type\":\"Article\",\"@id\":\"https:\\\/\\\/jornaldasoficinas.com\\\/pt\\\/arenes-car-competencia-e-eficiencia\\\/#article\",\"isPartOf\":{\"@id\":\"https:\\\/\\\/jornaldasoficinas.com\\\/pt\\\/arenes-car-competencia-e-eficiencia\\\/\"},\"author\":{\"name\":\"Reda\u00e7\u00e3o JO\",\"@id\":\"https:\\\/\\\/jornaldasoficinas.com\\\/pt\\\/#\\\/schema\\\/person\\\/a38eef5de2c41d9e7c9ac10141afddf3\"},\"headline\":\"Arenes Car: Compet\u00eancia e Efici\u00eancia!\",\"datePublished\":\"2024-02-04T08:00:08+00:00\",\"dateModified\":\"2024-02-04T16:46:57+00:00\",\"mainEntityOfPage\":{\"@id\":\"https:\\\/\\\/jornaldasoficinas.com\\\/pt\\\/arenes-car-competencia-e-eficiencia\\\/\"},\"wordCount\":405,\"publisher\":{\"@id\":\"https:\\\/\\\/jornaldasoficinas.com\\\/pt\\\/#organization\"},\"image\":{\"@id\":\"https:\\\/\\\/jornaldasoficinas.com\\\/pt\\\/arenes-car-competencia-e-eficiencia\\\/#primaryimage\"},\"thumbnailUrl\":\"https:\\\/\\\/jornaldasoficinas.com\\\/pt\\\/wp-content\\\/uploads\\\/2024\\\/02\\\/Competencia-e-Eficiencia-Arenes-Car.jpg\",\"keywords\":[\"Arenes Car\",\"Repara\u00e7\u00e3o autom\u00f3vel\",\"Torres Vedras\"],\"articleSection\":[\"Empresas\"],\"inLanguage\":\"pt-PT\"},{\"@type\":\"WebPage\",\"@id\":\"https:\\\/\\\/jornaldasoficinas.com\\\/pt\\\/arenes-car-competencia-e-eficiencia\\\/\",\"url\":\"https:\\\/\\\/jornaldasoficinas.com\\\/pt\\\/arenes-car-competencia-e-eficiencia\\\/\",\"name\":\"Arenes Car: Compet\u00eancia e Efici\u00eancia! - Jornal das Oficinas\",\"isPartOf\":{\"@id\":\"https:\\\/\\\/jornaldasoficinas.com\\\/pt\\\/#website\"},\"primaryImageOfPage\":{\"@id\":\"https:\\\/\\\/jornaldasoficinas.com\\\/pt\\\/arenes-car-competencia-e-eficiencia\\\/#primaryimage\"},\"image\":{\"@id\":\"https:\\\/\\\/jornaldasoficinas.com\\\/pt\\\/arenes-car-competencia-e-eficiencia\\\/#primaryimage\"},\"thumbnailUrl\":\"https:\\\/\\\/jornaldasoficinas.com\\\/pt\\\/wp-content\\\/uploads\\\/2024\\\/02\\\/Competencia-e-Eficiencia-Arenes-Car.jpg\",\"datePublished\":\"2024-02-04T08:00:08+00:00\",\"dateModified\":\"2024-02-04T16:46:57+00:00\",\"description\":\"A Arenes Car nasceu da paix\u00e3o dos irm\u00e3os Rom\u00e3o pelos autom\u00f3veis. Situada no Bairro Arenes, em Torres Vedras, uma oficina com 1500 m\u00b2\",\"breadcrumb\":{\"@id\":\"https:\\\/\\\/jornaldasoficinas.com\\\/pt\\\/arenes-car-competencia-e-eficiencia\\\/#breadcrumb\"},\"inLanguage\":\"pt-PT\",\"potentialAction\":[{\"@type\":\"ReadAction\",\"target\":[\"https:\\\/\\\/jornaldasoficinas.com\\\/pt\\\/arenes-car-competencia-e-eficiencia\\\/\"]}]},{\"@type\":\"ImageObject\",\"inLanguage\":\"pt-PT\",\"@id\":\"https:\\\/\\\/jornaldasoficinas.com\\\/pt\\\/arenes-car-competencia-e-eficiencia\\\/#primaryimage\",\"url\":\"https:\\\/\\\/jornaldasoficinas.com\\\/pt\\\/wp-content\\\/uploads\\\/2024\\\/02\\\/Competencia-e-Eficiencia-Arenes-Car.jpg\",\"contentUrl\":\"https:\\\/\\\/jornaldasoficinas.com\\\/pt\\\/wp-content\\\/uploads\\\/2024\\\/02\\\/Competencia-e-Eficiencia-Arenes-Car.jpg\",\"width\":1024,\"height\":581,\"caption\":\"02 - Competencia e Eficiencia Arenes Car\"},{\"@type\":\"BreadcrumbList\",\"@id\":\"https:\\\/\\\/jornaldasoficinas.com\\\/pt\\\/arenes-car-competencia-e-eficiencia\\\/#breadcrumb\",\"itemListElement\":[{\"@type\":\"ListItem\",\"position\":1,\"name\":\"In\u00edcio\",\"item\":\"https:\\\/\\\/jornaldasoficinas.com\\\/pt\\\/\"},{\"@type\":\"ListItem\",\"position\":2,\"name\":\"Arenes Car: Compet\u00eancia e Efici\u00eancia!\"}]},{\"@type\":\"WebSite\",\"@id\":\"https:\\\/\\\/jornaldasoficinas.com\\\/pt\\\/#website\",\"url\":\"https:\\\/\\\/jornaldasoficinas.com\\\/pt\\\/\",\"name\":\"Jornal das Oficinas\",\"description\":\"Jornal independente do Aftermarket Autom\u00f3vel em Portugal\",\"publisher\":{\"@id\":\"https:\\\/\\\/jornaldasoficinas.com\\\/pt\\\/#organization\"},\"potentialAction\":[{\"@type\":\"SearchAction\",\"target\":{\"@type\":\"EntryPoint\",\"urlTemplate\":\"https:\\\/\\\/jornaldasoficinas.com\\\/pt\\\/?s={search_term_string}\"},\"query-input\":{\"@type\":\"PropertyValueSpecification\",\"valueRequired\":true,\"valueName\":\"search_term_string\"}}],\"inLanguage\":\"pt-PT\"},{\"@type\":\"Organization\",\"@id\":\"https:\\\/\\\/jornaldasoficinas.com\\\/pt\\\/#organization\",\"name\":\"Jornal das Oficinas\",\"url\":\"https:\\\/\\\/jornaldasoficinas.com\\\/pt\\\/\",\"logo\":{\"@type\":\"ImageObject\",\"inLanguage\":\"pt-PT\",\"@id\":\"https:\\\/\\\/jornaldasoficinas.com\\\/pt\\\/#\\\/schema\\\/logo\\\/image\\\/\",\"url\":\"https:\\\/\\\/jornaldasoficinas.com\\\/pt\\\/wp-content\\\/uploads\\\/logoJO-SEO.png\",\"contentUrl\":\"https:\\\/\\\/jornaldasoficinas.com\\\/pt\\\/wp-content\\\/uploads\\\/logoJO-SEO.png\",\"width\":285,\"height\":450,\"caption\":\"Jornal das Oficinas\"},\"image\":{\"@id\":\"https:\\\/\\\/jornaldasoficinas.com\\\/pt\\\/#\\\/schema\\\/logo\\\/image\\\/\"},\"sameAs\":[\"https:\\\/\\\/www.facebook.com\\\/jornaloficinas\",\"https:\\\/\\\/x.com\\\/jornaloficinas\",\"https:\\\/\\\/www.instagram.com\\\/jornal_oficinas\\\/\",\"https:\\\/\\\/www.linkedin.com\\\/company\\\/jornal-das-oficinas\\\/\",\"https:\\\/\\\/www.youtube.com\\\/channel\\\/UCbQZBqtcvV-oSQrr7RzINGg\"]},{\"@type\":\"Person\",\"@id\":\"https:\\\/\\\/jornaldasoficinas.com\\\/pt\\\/#\\\/schema\\\/person\\\/a38eef5de2c41d9e7c9ac10141afddf3\",\"name\":\"Reda\u00e7\u00e3o JO\",\"image\":{\"@type\":\"ImageObject\",\"inLanguage\":\"pt-PT\",\"@id\":\"https:\\\/\\\/secure.gravatar.com\\\/avatar\\\/71f2fa71737ad68a84fea94bc708ddac8ea5b0c4788dc2ad202f3ccb2887742f?s=96&d=wp_user_avatar&r=g\",\"url\":\"https:\\\/\\\/secure.gravatar.com\\\/avatar\\\/71f2fa71737ad68a84fea94bc708ddac8ea5b0c4788dc2ad202f3ccb2887742f?s=96&d=wp_user_avatar&r=g\",\"contentUrl\":\"https:\\\/\\\/secure.gravatar.com\\\/avatar\\\/71f2fa71737ad68a84fea94bc708ddac8ea5b0c4788dc2ad202f3ccb2887742f?s=96&d=wp_user_avatar&r=g\",\"caption\":\"Reda\u00e7\u00e3o JO\"},\"url\":\"https:\\\/\\\/jornaldasoficinas.com\\\/pt\\\/author\\\/joredacao\\\/\"}]}<\/script>\n<!-- \/ Yoast SEO plugin. -->","yoast_head_json":{"title":"Arenes Car: Compet\u00eancia e Efici\u00eancia! - Jornal das Oficinas","description":"A Arenes Car nasceu da paix\u00e3o dos irm\u00e3os Rom\u00e3o pelos autom\u00f3veis. Situada no Bairro Arenes, em Torres Vedras, uma oficina com 1500 m\u00b2","robots":{"index":"index","follow":"follow","max-snippet":"max-snippet:-1","max-image-preview":"max-image-preview:large","max-video-preview":"max-video-preview:-1"},"canonical":"https:\/\/jornaldasoficinas.com\/pt\/arenes-car-competencia-e-eficiencia\/","og_locale":"pt_PT","og_type":"article","og_title":"Arenes Car: Compet\u00eancia e Efici\u00eancia! - Jornal das Oficinas","og_description":"A Arenes Car nasceu da paix\u00e3o dos irm\u00e3os Rom\u00e3o pelos autom\u00f3veis. Situada no Bairro Arenes, em Torres Vedras, uma oficina com 1500 m\u00b2","og_url":"https:\/\/jornaldasoficinas.com\/pt\/arenes-car-competencia-e-eficiencia\/","og_site_name":"Jornal das Oficinas","article_publisher":"https:\/\/www.facebook.com\/jornaloficinas","article_published_time":"2024-02-04T08:00:08+00:00","article_modified_time":"2024-02-04T16:46:57+00:00","og_image":[{"width":1024,"height":581,"url":"https:\/\/jornaldasoficinas.com\/pt\/wp-content\/uploads\/2024\/02\/Competencia-e-Eficiencia-Arenes-Car.jpg","type":"image\/jpeg"}],"author":"Reda\u00e7\u00e3o JO","twitter_card":"summary_large_image","twitter_creator":"@jornaloficinas","twitter_site":"@jornaloficinas","twitter_misc":{"Escrito por":"Reda\u00e7\u00e3o JO","Tempo estimado de leitura":"3 minutos"},"schema":{"@context":"https:\/\/schema.org","@graph":[{"@type":"Article","@id":"https:\/\/jornaldasoficinas.com\/pt\/arenes-car-competencia-e-eficiencia\/#article","isPartOf":{"@id":"https:\/\/jornaldasoficinas.com\/pt\/arenes-car-competencia-e-eficiencia\/"},"author":{"name":"Reda\u00e7\u00e3o JO","@id":"https:\/\/jornaldasoficinas.com\/pt\/#\/schema\/person\/a38eef5de2c41d9e7c9ac10141afddf3"},"headline":"Arenes Car: Compet\u00eancia e Efici\u00eancia!","datePublished":"2024-02-04T08:00:08+00:00","dateModified":"2024-02-04T16:46:57+00:00","mainEntityOfPage":{"@id":"https:\/\/jornaldasoficinas.com\/pt\/arenes-car-competencia-e-eficiencia\/"},"wordCount":405,"publisher":{"@id":"https:\/\/jornaldasoficinas.com\/pt\/#organization"},"image":{"@id":"https:\/\/jornaldasoficinas.com\/pt\/arenes-car-competencia-e-eficiencia\/#primaryimage"},"thumbnailUrl":"https:\/\/jornaldasoficinas.com\/pt\/wp-content\/uploads\/2024\/02\/Competencia-e-Eficiencia-Arenes-Car.jpg","keywords":["Arenes Car","Repara\u00e7\u00e3o autom\u00f3vel","Torres Vedras"],"articleSection":["Empresas"],"inLanguage":"pt-PT"},{"@type":"WebPage","@id":"https:\/\/jornaldasoficinas.com\/pt\/arenes-car-competencia-e-eficiencia\/","url":"https:\/\/jornaldasoficinas.com\/pt\/arenes-car-competencia-e-eficiencia\/","name":"Arenes Car: Compet\u00eancia e Efici\u00eancia! - Jornal das Oficinas","isPartOf":{"@id":"https:\/\/jornaldasoficinas.com\/pt\/#website"},"primaryImageOfPage":{"@id":"https:\/\/jornaldasoficinas.com\/pt\/arenes-car-competencia-e-eficiencia\/#primaryimage"},"image":{"@id":"https:\/\/jornaldasoficinas.com\/pt\/arenes-car-competencia-e-eficiencia\/#primaryimage"},"thumbnailUrl":"https:\/\/jornaldasoficinas.com\/pt\/wp-content\/uploads\/2024\/02\/Competencia-e-Eficiencia-Arenes-Car.jpg","datePublished":"2024-02-04T08:00:08+00:00","dateModified":"2024-02-04T16:46:57+00:00","description":"A Arenes Car nasceu da paix\u00e3o dos irm\u00e3os Rom\u00e3o pelos autom\u00f3veis. Situada no Bairro Arenes, em Torres Vedras, uma oficina com 1500 m\u00b2","breadcrumb":{"@id":"https:\/\/jornaldasoficinas.com\/pt\/arenes-car-competencia-e-eficiencia\/#breadcrumb"},"inLanguage":"pt-PT","potentialAction":[{"@type":"ReadAction","target":["https:\/\/jornaldasoficinas.com\/pt\/arenes-car-competencia-e-eficiencia\/"]}]},{"@type":"ImageObject","inLanguage":"pt-PT","@id":"https:\/\/jornaldasoficinas.com\/pt\/arenes-car-competencia-e-eficiencia\/#primaryimage","url":"https:\/\/jornaldasoficinas.com\/pt\/wp-content\/uploads\/2024\/02\/Competencia-e-Eficiencia-Arenes-Car.jpg","contentUrl":"https:\/\/jornaldasoficinas.com\/pt\/wp-content\/uploads\/2024\/02\/Competencia-e-Eficiencia-Arenes-Car.jpg","width":1024,"height":581,"caption":"02 - Competencia e Eficiencia Arenes Car"},{"@type":"BreadcrumbList","@id":"https:\/\/jornaldasoficinas.com\/pt\/arenes-car-competencia-e-eficiencia\/#breadcrumb","itemListElement":[{"@type":"ListItem","position":1,"name":"In\u00edcio","item":"https:\/\/jornaldasoficinas.com\/pt\/"},{"@type":"ListItem","position":2,"name":"Arenes Car: Compet\u00eancia e Efici\u00eancia!"}]},{"@type":"WebSite","@id":"https:\/\/jornaldasoficinas.com\/pt\/#website","url":"https:\/\/jornaldasoficinas.com\/pt\/","name":"Jornal das Oficinas","description":"Jornal independente do Aftermarket Autom\u00f3vel em Portugal","publisher":{"@id":"https:\/\/jornaldasoficinas.com\/pt\/#organization"},"potentialAction":[{"@type":"SearchAction","target":{"@type":"EntryPoint","urlTemplate":"https:\/\/jornaldasoficinas.com\/pt\/?s={search_term_string}"},"query-input":{"@type":"PropertyValueSpecification","valueRequired":true,"valueName":"search_term_string"}}],"inLanguage":"pt-PT"},{"@type":"Organization","@id":"https:\/\/jornaldasoficinas.com\/pt\/#organization","name":"Jornal das Oficinas","url":"https:\/\/jornaldasoficinas.com\/pt\/","logo":{"@type":"ImageObject","inLanguage":"pt-PT","@id":"https:\/\/jornaldasoficinas.com\/pt\/#\/schema\/logo\/image\/","url":"https:\/\/jornaldasoficinas.com\/pt\/wp-content\/uploads\/logoJO-SEO.png","contentUrl":"https:\/\/jornaldasoficinas.com\/pt\/wp-content\/uploads\/logoJO-SEO.png","width":285,"height":450,"caption":"Jornal das Oficinas"},"image":{"@id":"https:\/\/jornaldasoficinas.com\/pt\/#\/schema\/logo\/image\/"},"sameAs":["https:\/\/www.facebook.com\/jornaloficinas","https:\/\/x.com\/jornaloficinas","https:\/\/www.instagram.com\/jornal_oficinas\/","https:\/\/www.linkedin.com\/company\/jornal-das-oficinas\/","https:\/\/www.youtube.com\/channel\/UCbQZBqtcvV-oSQrr7RzINGg"]},{"@type":"Person","@id":"https:\/\/jornaldasoficinas.com\/pt\/#\/schema\/person\/a38eef5de2c41d9e7c9ac10141afddf3","name":"Reda\u00e7\u00e3o JO","image":{"@type":"ImageObject","inLanguage":"pt-PT","@id":"https:\/\/secure.gravatar.com\/avatar\/71f2fa71737ad68a84fea94bc708ddac8ea5b0c4788dc2ad202f3ccb2887742f?s=96&d=wp_user_avatar&r=g","url":"https:\/\/secure.gravatar.com\/avatar\/71f2fa71737ad68a84fea94bc708ddac8ea5b0c4788dc2ad202f3ccb2887742f?s=96&d=wp_user_avatar&r=g","contentUrl":"https:\/\/secure.gravatar.com\/avatar\/71f2fa71737ad68a84fea94bc708ddac8ea5b0c4788dc2ad202f3ccb2887742f?s=96&d=wp_user_avatar&r=g","caption":"Reda\u00e7\u00e3o JO"},"url":"https:\/\/jornaldasoficinas.com\/pt\/author\/joredacao\/"}]}},"_links":{"self":[{"href":"https:\/\/jornaldasoficinas.com\/pt\/wp-json\/wp\/v2\/posts\/78194","targetHints":{"allow":["GET"]}}],"collection":[{"href":"https:\/\/jornaldasoficinas.com\/pt\/wp-json\/wp\/v2\/posts"}],"about":[{"href":"https:\/\/jornaldasoficinas.com\/pt\/wp-json\/wp\/v2\/types\/post"}],"author":[{"embeddable":true,"href":"https:\/\/jornaldasoficinas.com\/pt\/wp-json\/wp\/v2\/users\/15"}],"replies":[{"embeddable":true,"href":"https:\/\/jornaldasoficinas.com\/pt\/wp-json\/wp\/v2\/comments?post=78194"}],"version-history":[{"count":0,"href":"https:\/\/jornaldasoficinas.com\/pt\/wp-json\/wp\/v2\/posts\/78194\/revisions"}],"wp:featuredmedia":[{"embeddable":true,"href":"https:\/\/jornaldasoficinas.com\/pt\/wp-json\/wp\/v2\/media\/78169"}],"wp:attachment":[{"href":"https:\/\/jornaldasoficinas.com\/pt\/wp-json\/wp\/v2\/media?parent=78194"}],"wp:term":[{"taxonomy":"category","embeddable":true,"href":"https:\/\/jornaldasoficinas.com\/pt\/wp-json\/wp\/v2\/categories?post=78194"},{"taxonomy":"post_tag","embeddable":true,"href":"https:\/\/jornaldasoficinas.com\/pt\/wp-json\/wp\/v2\/tags?post=78194"}],"curies":[{"name":"wp","href":"https:\/\/api.w.org\/{rel}","templated":true}]}}