{"id":78388,"date":"2024-02-07T16:00:50","date_gmt":"2024-02-07T16:00:50","guid":{"rendered":"https:\/\/jornaldasoficinas.com\/pt\/?p=78388"},"modified":"2024-02-07T11:46:13","modified_gmt":"2024-02-07T11:46:13","slug":"acap-mercado-bev-com-crescimento-de-161-em-janeiro","status":"publish","type":"post","link":"https:\/\/jornaldasoficinas.com\/pt\/acap-mercado-bev-com-crescimento-de-161-em-janeiro\/","title":{"rendered":"ACAP: Mercado BEV com crescimento de 16,1% em janeiro"},"content":{"rendered":"<p><img loading=\"lazy\" decoding=\"async\" class=\"size-full wp-image-78393\" src=\"https:\/\/jornaldasoficinas.com\/pt\/wp-content\/uploads\/2024\/02\/Mercado-BEV-com-crescimento-homologo-de-161-em-janeiro.jpg\" alt=\"02 - Mercado BEV com crescimento homologo de 161 em janeiro\" width=\"1024\" height=\"581\" srcset=\"https:\/\/jornaldasoficinas.com\/pt\/wp-content\/uploads\/2024\/02\/Mercado-BEV-com-crescimento-homologo-de-161-em-janeiro.jpg 1024w, https:\/\/jornaldasoficinas.com\/pt\/wp-content\/uploads\/2024\/02\/Mercado-BEV-com-crescimento-homologo-de-161-em-janeiro-300x170.jpg 300w, https:\/\/jornaldasoficinas.com\/pt\/wp-content\/uploads\/2024\/02\/Mercado-BEV-com-crescimento-homologo-de-161-em-janeiro-150x85.jpg 150w, https:\/\/jornaldasoficinas.com\/pt\/wp-content\/uploads\/2024\/02\/Mercado-BEV-com-crescimento-homologo-de-161-em-janeiro-768x436.jpg 768w\" sizes=\"auto, (max-width: 1024px) 100vw, 1024px\" \/><\/p>\n<p><strong>Segundo um estudo da <a href=\"https:\/\/www.acap.pt\/pt\/home\" target=\"_blank\" rel=\"noopener\">ACAP,<\/a> o crescimento dos eletrificados (16,1%) encontra-se acima do mercado de todas as energias (7,9%). Em janeiro de 2024, observou-se um aumento de 10,5% em compara\u00e7\u00e3o com o mesmo m\u00eas de 2023<\/strong><\/p>\n<p>Por categorias e tipos de ve\u00edculos, a ACAP observou a seguinte evolu\u00e7\u00e3o do n\u00famero de unidades matriculadas no nosso pa\u00eds:<\/p>\n<p><strong>Autom\u00f3veis Ligeiros de Passageiros:<\/strong> No m\u00eas de janeiro de 2024 foram matriculados em Portugal 7.227 autom\u00f3veis ligeiros de passageiros novos el\u00e9tricos, plug-in e h\u00edbridos el\u00e9tricos, ou seja, mais 15,3% que no mesmo m\u00eas do ano anterior. Ao observamos, particularmente, os ve\u00edculos el\u00e9tricos, em janeiro de 2024 registou-se um aumento de 10,5% em compara\u00e7\u00e3o com o mesmo m\u00eas de 2023, tendo sido matriculados 2.494 ligeiros de passageiros novos.<br \/>\n<strong>Ve\u00edculos Ligeiros de Mercadorias:<\/strong> O mercado de el\u00e9tricos, plug-in e h\u00edbridos el\u00e9tricos de ligeiros de mercadorias registou, no primeiro m\u00eas de 2024, uma evolu\u00e7\u00e3o positiva de 43,4% face ao m\u00eas hom\u00f3logo do ano de 2023, situando-se em 238 unidades matriculadas.<br \/>\nEm janeiro verificou-se um aumento de 43,0% nas matr\u00edculas de ve\u00edculos ligeiros de mercadorias novos el\u00e9tricos em compara\u00e7\u00e3o com o mesmo m\u00eas de 2023.<br \/>\n<strong>Ve\u00edculos Pesados:<\/strong> Quanto ao mercado de ve\u00edculos pesados, o qual engloba os tipos de passageiros e de mercadorias, no m\u00eas de janeiro de 2024 verificou-se um crescimento de 266,7% face ao mesmo m\u00eas do ano anterior, tendo-se sido matriculados 11 ve\u00edculos pesados el\u00e9tricos novos.<\/p>\n<p><img loading=\"lazy\" decoding=\"async\" class=\"alignnone size-full wp-image-78400\" src=\"https:\/\/jornaldasoficinas.com\/pt\/wp-content\/uploads\/2024\/02\/PR06-2024-MERCADOAUTOMOVEL-BEVPHEVHEV_JANEIRO2024-1.jpg\" alt=\"02 - PR06 2024 MERCADOAUTOMOVEL BEVPHEVHEV_JANEIRO2024 1\" width=\"968\" height=\"1000\" srcset=\"https:\/\/jornaldasoficinas.com\/pt\/wp-content\/uploads\/2024\/02\/PR06-2024-MERCADOAUTOMOVEL-BEVPHEVHEV_JANEIRO2024-1.jpg 968w, https:\/\/jornaldasoficinas.com\/pt\/wp-content\/uploads\/2024\/02\/PR06-2024-MERCADOAUTOMOVEL-BEVPHEVHEV_JANEIRO2024-1-290x300.jpg 290w, https:\/\/jornaldasoficinas.com\/pt\/wp-content\/uploads\/2024\/02\/PR06-2024-MERCADOAUTOMOVEL-BEVPHEVHEV_JANEIRO2024-1-768x793.jpg 768w\" sizes=\"auto, (max-width: 968px) 100vw, 968px\" \/><\/p>\n<p>&nbsp;<\/p>\n","protected":false},"excerpt":{"rendered":"<p>Segundo um estudo da ACAP, o&#8230;<\/p>\n","protected":false},"author":15,"featured_media":78393,"comment_status":"closed","ping_status":"closed","sticky":false,"template":"","format":"standard","meta":{"footnotes":""},"categories":[37],"tags":[157,7340,7341,3960,7308,7339,89],"class_list":["post-78388","post","type-post","status-publish","format-standard","has-post-thumbnail","hentry","category-mercado","tag-acap","tag-crescimento-homologo","tag-eletrificados","tag-estudo","tag-janeiro-2024","tag-mercado-bev","tag-veiculos-eletricos"],"yoast_head":"<!-- This site is optimized with the Yoast SEO plugin v27.4 - https:\/\/yoast.com\/product\/yoast-seo-wordpress\/ -->\n<title>ACAP: Mercado BEV com crescimento de 16,1% em janeiro - Jornal das Oficinas<\/title>\n<meta name=\"description\" content=\"Segundo um estudo da ACAP, o crescimento nos eletrificados (16,1%) encontra-se acima do mercado de todas as energias (7,9%)\" \/>\n<meta name=\"robots\" content=\"index, follow, max-snippet:-1, max-image-preview:large, max-video-preview:-1\" \/>\n<link rel=\"canonical\" href=\"https:\/\/jornaldasoficinas.com\/pt\/acap-mercado-bev-com-crescimento-de-161-em-janeiro\/\" \/>\n<meta property=\"og:locale\" content=\"pt_PT\" \/>\n<meta property=\"og:type\" content=\"article\" \/>\n<meta property=\"og:title\" content=\"ACAP: Mercado BEV com crescimento de 16,1% em janeiro - Jornal das Oficinas\" \/>\n<meta property=\"og:description\" content=\"Segundo um estudo da ACAP, o crescimento nos eletrificados (16,1%) encontra-se acima do mercado de todas as energias (7,9%)\" \/>\n<meta property=\"og:url\" content=\"https:\/\/jornaldasoficinas.com\/pt\/acap-mercado-bev-com-crescimento-de-161-em-janeiro\/\" \/>\n<meta property=\"og:site_name\" content=\"Jornal das Oficinas\" \/>\n<meta property=\"article:publisher\" content=\"https:\/\/www.facebook.com\/jornaloficinas\" \/>\n<meta property=\"article:published_time\" content=\"2024-02-07T16:00:50+00:00\" \/>\n<meta property=\"og:image\" content=\"https:\/\/jornaldasoficinas.com\/pt\/wp-content\/uploads\/2024\/02\/Mercado-BEV-com-crescimento-homologo-de-161-em-janeiro.jpg\" \/>\n\t<meta property=\"og:image:width\" content=\"1024\" \/>\n\t<meta property=\"og:image:height\" content=\"581\" \/>\n\t<meta property=\"og:image:type\" content=\"image\/jpeg\" \/>\n<meta name=\"author\" content=\"Reda\u00e7\u00e3o JO\" \/>\n<meta name=\"twitter:card\" content=\"summary_large_image\" \/>\n<meta name=\"twitter:creator\" content=\"@jornaloficinas\" \/>\n<meta name=\"twitter:site\" content=\"@jornaloficinas\" \/>\n<meta name=\"twitter:label1\" content=\"Escrito por\" \/>\n\t<meta name=\"twitter:data1\" content=\"Reda\u00e7\u00e3o JO\" \/>\n\t<meta name=\"twitter:label2\" content=\"Tempo estimado de leitura\" \/>\n\t<meta name=\"twitter:data2\" content=\"2 minutos\" \/>\n<script type=\"application\/ld+json\" class=\"yoast-schema-graph\">{\"@context\":\"https:\\\/\\\/schema.org\",\"@graph\":[{\"@type\":\"Article\",\"@id\":\"https:\\\/\\\/jornaldasoficinas.com\\\/pt\\\/acap-mercado-bev-com-crescimento-de-161-em-janeiro\\\/#article\",\"isPartOf\":{\"@id\":\"https:\\\/\\\/jornaldasoficinas.com\\\/pt\\\/acap-mercado-bev-com-crescimento-de-161-em-janeiro\\\/\"},\"author\":{\"name\":\"Reda\u00e7\u00e3o JO\",\"@id\":\"https:\\\/\\\/jornaldasoficinas.com\\\/pt\\\/#\\\/schema\\\/person\\\/a38eef5de2c41d9e7c9ac10141afddf3\"},\"headline\":\"ACAP: Mercado BEV com crescimento de 16,1% em janeiro\",\"datePublished\":\"2024-02-07T16:00:50+00:00\",\"mainEntityOfPage\":{\"@id\":\"https:\\\/\\\/jornaldasoficinas.com\\\/pt\\\/acap-mercado-bev-com-crescimento-de-161-em-janeiro\\\/\"},\"wordCount\":255,\"publisher\":{\"@id\":\"https:\\\/\\\/jornaldasoficinas.com\\\/pt\\\/#organization\"},\"image\":{\"@id\":\"https:\\\/\\\/jornaldasoficinas.com\\\/pt\\\/acap-mercado-bev-com-crescimento-de-161-em-janeiro\\\/#primaryimage\"},\"thumbnailUrl\":\"https:\\\/\\\/jornaldasoficinas.com\\\/pt\\\/wp-content\\\/uploads\\\/2024\\\/02\\\/Mercado-BEV-com-crescimento-homologo-de-161-em-janeiro.jpg\",\"keywords\":[\"ACAP\",\"crescimento hom\u00f3logo\",\"eletrificados\",\"Estudo\",\"janeiro 2024\",\"mercado BEV\",\"Ve\u00edculos el\u00e9tricos\"],\"articleSection\":[\"Mercado\"],\"inLanguage\":\"pt-PT\"},{\"@type\":\"WebPage\",\"@id\":\"https:\\\/\\\/jornaldasoficinas.com\\\/pt\\\/acap-mercado-bev-com-crescimento-de-161-em-janeiro\\\/\",\"url\":\"https:\\\/\\\/jornaldasoficinas.com\\\/pt\\\/acap-mercado-bev-com-crescimento-de-161-em-janeiro\\\/\",\"name\":\"ACAP: Mercado BEV com crescimento de 16,1% em janeiro - Jornal das Oficinas\",\"isPartOf\":{\"@id\":\"https:\\\/\\\/jornaldasoficinas.com\\\/pt\\\/#website\"},\"primaryImageOfPage\":{\"@id\":\"https:\\\/\\\/jornaldasoficinas.com\\\/pt\\\/acap-mercado-bev-com-crescimento-de-161-em-janeiro\\\/#primaryimage\"},\"image\":{\"@id\":\"https:\\\/\\\/jornaldasoficinas.com\\\/pt\\\/acap-mercado-bev-com-crescimento-de-161-em-janeiro\\\/#primaryimage\"},\"thumbnailUrl\":\"https:\\\/\\\/jornaldasoficinas.com\\\/pt\\\/wp-content\\\/uploads\\\/2024\\\/02\\\/Mercado-BEV-com-crescimento-homologo-de-161-em-janeiro.jpg\",\"datePublished\":\"2024-02-07T16:00:50+00:00\",\"description\":\"Segundo um estudo da ACAP, o crescimento nos eletrificados (16,1%) encontra-se acima do mercado de todas as energias (7,9%)\",\"breadcrumb\":{\"@id\":\"https:\\\/\\\/jornaldasoficinas.com\\\/pt\\\/acap-mercado-bev-com-crescimento-de-161-em-janeiro\\\/#breadcrumb\"},\"inLanguage\":\"pt-PT\",\"potentialAction\":[{\"@type\":\"ReadAction\",\"target\":[\"https:\\\/\\\/jornaldasoficinas.com\\\/pt\\\/acap-mercado-bev-com-crescimento-de-161-em-janeiro\\\/\"]}]},{\"@type\":\"ImageObject\",\"inLanguage\":\"pt-PT\",\"@id\":\"https:\\\/\\\/jornaldasoficinas.com\\\/pt\\\/acap-mercado-bev-com-crescimento-de-161-em-janeiro\\\/#primaryimage\",\"url\":\"https:\\\/\\\/jornaldasoficinas.com\\\/pt\\\/wp-content\\\/uploads\\\/2024\\\/02\\\/Mercado-BEV-com-crescimento-homologo-de-161-em-janeiro.jpg\",\"contentUrl\":\"https:\\\/\\\/jornaldasoficinas.com\\\/pt\\\/wp-content\\\/uploads\\\/2024\\\/02\\\/Mercado-BEV-com-crescimento-homologo-de-161-em-janeiro.jpg\",\"width\":1024,\"height\":581,\"caption\":\"Man charging his electric car at charge station\"},{\"@type\":\"BreadcrumbList\",\"@id\":\"https:\\\/\\\/jornaldasoficinas.com\\\/pt\\\/acap-mercado-bev-com-crescimento-de-161-em-janeiro\\\/#breadcrumb\",\"itemListElement\":[{\"@type\":\"ListItem\",\"position\":1,\"name\":\"In\u00edcio\",\"item\":\"https:\\\/\\\/jornaldasoficinas.com\\\/pt\\\/\"},{\"@type\":\"ListItem\",\"position\":2,\"name\":\"ACAP: Mercado BEV com crescimento de 16,1% em janeiro\"}]},{\"@type\":\"WebSite\",\"@id\":\"https:\\\/\\\/jornaldasoficinas.com\\\/pt\\\/#website\",\"url\":\"https:\\\/\\\/jornaldasoficinas.com\\\/pt\\\/\",\"name\":\"Jornal das Oficinas\",\"description\":\"Jornal independente do Aftermarket Autom\u00f3vel em Portugal\",\"publisher\":{\"@id\":\"https:\\\/\\\/jornaldasoficinas.com\\\/pt\\\/#organization\"},\"potentialAction\":[{\"@type\":\"SearchAction\",\"target\":{\"@type\":\"EntryPoint\",\"urlTemplate\":\"https:\\\/\\\/jornaldasoficinas.com\\\/pt\\\/?s={search_term_string}\"},\"query-input\":{\"@type\":\"PropertyValueSpecification\",\"valueRequired\":true,\"valueName\":\"search_term_string\"}}],\"inLanguage\":\"pt-PT\"},{\"@type\":\"Organization\",\"@id\":\"https:\\\/\\\/jornaldasoficinas.com\\\/pt\\\/#organization\",\"name\":\"Jornal das Oficinas\",\"url\":\"https:\\\/\\\/jornaldasoficinas.com\\\/pt\\\/\",\"logo\":{\"@type\":\"ImageObject\",\"inLanguage\":\"pt-PT\",\"@id\":\"https:\\\/\\\/jornaldasoficinas.com\\\/pt\\\/#\\\/schema\\\/logo\\\/image\\\/\",\"url\":\"https:\\\/\\\/jornaldasoficinas.com\\\/pt\\\/wp-content\\\/uploads\\\/logoJO-SEO.png\",\"contentUrl\":\"https:\\\/\\\/jornaldasoficinas.com\\\/pt\\\/wp-content\\\/uploads\\\/logoJO-SEO.png\",\"width\":285,\"height\":450,\"caption\":\"Jornal das Oficinas\"},\"image\":{\"@id\":\"https:\\\/\\\/jornaldasoficinas.com\\\/pt\\\/#\\\/schema\\\/logo\\\/image\\\/\"},\"sameAs\":[\"https:\\\/\\\/www.facebook.com\\\/jornaloficinas\",\"https:\\\/\\\/x.com\\\/jornaloficinas\",\"https:\\\/\\\/www.instagram.com\\\/jornal_oficinas\\\/\",\"https:\\\/\\\/www.linkedin.com\\\/company\\\/jornal-das-oficinas\\\/\",\"https:\\\/\\\/www.youtube.com\\\/channel\\\/UCbQZBqtcvV-oSQrr7RzINGg\"]},{\"@type\":\"Person\",\"@id\":\"https:\\\/\\\/jornaldasoficinas.com\\\/pt\\\/#\\\/schema\\\/person\\\/a38eef5de2c41d9e7c9ac10141afddf3\",\"name\":\"Reda\u00e7\u00e3o JO\",\"image\":{\"@type\":\"ImageObject\",\"inLanguage\":\"pt-PT\",\"@id\":\"https:\\\/\\\/secure.gravatar.com\\\/avatar\\\/71f2fa71737ad68a84fea94bc708ddac8ea5b0c4788dc2ad202f3ccb2887742f?s=96&d=wp_user_avatar&r=g\",\"url\":\"https:\\\/\\\/secure.gravatar.com\\\/avatar\\\/71f2fa71737ad68a84fea94bc708ddac8ea5b0c4788dc2ad202f3ccb2887742f?s=96&d=wp_user_avatar&r=g\",\"contentUrl\":\"https:\\\/\\\/secure.gravatar.com\\\/avatar\\\/71f2fa71737ad68a84fea94bc708ddac8ea5b0c4788dc2ad202f3ccb2887742f?s=96&d=wp_user_avatar&r=g\",\"caption\":\"Reda\u00e7\u00e3o JO\"},\"url\":\"https:\\\/\\\/jornaldasoficinas.com\\\/pt\\\/author\\\/joredacao\\\/\"}]}<\/script>\n<!-- \/ Yoast SEO plugin. -->","yoast_head_json":{"title":"ACAP: Mercado BEV com crescimento de 16,1% em janeiro - Jornal das Oficinas","description":"Segundo um estudo da ACAP, o crescimento nos eletrificados (16,1%) encontra-se acima do mercado de todas as energias (7,9%)","robots":{"index":"index","follow":"follow","max-snippet":"max-snippet:-1","max-image-preview":"max-image-preview:large","max-video-preview":"max-video-preview:-1"},"canonical":"https:\/\/jornaldasoficinas.com\/pt\/acap-mercado-bev-com-crescimento-de-161-em-janeiro\/","og_locale":"pt_PT","og_type":"article","og_title":"ACAP: Mercado BEV com crescimento de 16,1% em janeiro - Jornal das Oficinas","og_description":"Segundo um estudo da ACAP, o crescimento nos eletrificados (16,1%) encontra-se acima do mercado de todas as energias (7,9%)","og_url":"https:\/\/jornaldasoficinas.com\/pt\/acap-mercado-bev-com-crescimento-de-161-em-janeiro\/","og_site_name":"Jornal das Oficinas","article_publisher":"https:\/\/www.facebook.com\/jornaloficinas","article_published_time":"2024-02-07T16:00:50+00:00","og_image":[{"width":1024,"height":581,"url":"https:\/\/jornaldasoficinas.com\/pt\/wp-content\/uploads\/2024\/02\/Mercado-BEV-com-crescimento-homologo-de-161-em-janeiro.jpg","type":"image\/jpeg"}],"author":"Reda\u00e7\u00e3o JO","twitter_card":"summary_large_image","twitter_creator":"@jornaloficinas","twitter_site":"@jornaloficinas","twitter_misc":{"Escrito por":"Reda\u00e7\u00e3o JO","Tempo estimado de leitura":"2 minutos"},"schema":{"@context":"https:\/\/schema.org","@graph":[{"@type":"Article","@id":"https:\/\/jornaldasoficinas.com\/pt\/acap-mercado-bev-com-crescimento-de-161-em-janeiro\/#article","isPartOf":{"@id":"https:\/\/jornaldasoficinas.com\/pt\/acap-mercado-bev-com-crescimento-de-161-em-janeiro\/"},"author":{"name":"Reda\u00e7\u00e3o JO","@id":"https:\/\/jornaldasoficinas.com\/pt\/#\/schema\/person\/a38eef5de2c41d9e7c9ac10141afddf3"},"headline":"ACAP: Mercado BEV com crescimento de 16,1% em janeiro","datePublished":"2024-02-07T16:00:50+00:00","mainEntityOfPage":{"@id":"https:\/\/jornaldasoficinas.com\/pt\/acap-mercado-bev-com-crescimento-de-161-em-janeiro\/"},"wordCount":255,"publisher":{"@id":"https:\/\/jornaldasoficinas.com\/pt\/#organization"},"image":{"@id":"https:\/\/jornaldasoficinas.com\/pt\/acap-mercado-bev-com-crescimento-de-161-em-janeiro\/#primaryimage"},"thumbnailUrl":"https:\/\/jornaldasoficinas.com\/pt\/wp-content\/uploads\/2024\/02\/Mercado-BEV-com-crescimento-homologo-de-161-em-janeiro.jpg","keywords":["ACAP","crescimento hom\u00f3logo","eletrificados","Estudo","janeiro 2024","mercado BEV","Ve\u00edculos el\u00e9tricos"],"articleSection":["Mercado"],"inLanguage":"pt-PT"},{"@type":"WebPage","@id":"https:\/\/jornaldasoficinas.com\/pt\/acap-mercado-bev-com-crescimento-de-161-em-janeiro\/","url":"https:\/\/jornaldasoficinas.com\/pt\/acap-mercado-bev-com-crescimento-de-161-em-janeiro\/","name":"ACAP: Mercado BEV com crescimento de 16,1% em janeiro - Jornal das Oficinas","isPartOf":{"@id":"https:\/\/jornaldasoficinas.com\/pt\/#website"},"primaryImageOfPage":{"@id":"https:\/\/jornaldasoficinas.com\/pt\/acap-mercado-bev-com-crescimento-de-161-em-janeiro\/#primaryimage"},"image":{"@id":"https:\/\/jornaldasoficinas.com\/pt\/acap-mercado-bev-com-crescimento-de-161-em-janeiro\/#primaryimage"},"thumbnailUrl":"https:\/\/jornaldasoficinas.com\/pt\/wp-content\/uploads\/2024\/02\/Mercado-BEV-com-crescimento-homologo-de-161-em-janeiro.jpg","datePublished":"2024-02-07T16:00:50+00:00","description":"Segundo um estudo da ACAP, o crescimento nos eletrificados (16,1%) encontra-se acima do mercado de todas as energias (7,9%)","breadcrumb":{"@id":"https:\/\/jornaldasoficinas.com\/pt\/acap-mercado-bev-com-crescimento-de-161-em-janeiro\/#breadcrumb"},"inLanguage":"pt-PT","potentialAction":[{"@type":"ReadAction","target":["https:\/\/jornaldasoficinas.com\/pt\/acap-mercado-bev-com-crescimento-de-161-em-janeiro\/"]}]},{"@type":"ImageObject","inLanguage":"pt-PT","@id":"https:\/\/jornaldasoficinas.com\/pt\/acap-mercado-bev-com-crescimento-de-161-em-janeiro\/#primaryimage","url":"https:\/\/jornaldasoficinas.com\/pt\/wp-content\/uploads\/2024\/02\/Mercado-BEV-com-crescimento-homologo-de-161-em-janeiro.jpg","contentUrl":"https:\/\/jornaldasoficinas.com\/pt\/wp-content\/uploads\/2024\/02\/Mercado-BEV-com-crescimento-homologo-de-161-em-janeiro.jpg","width":1024,"height":581,"caption":"Man charging his electric car at charge station"},{"@type":"BreadcrumbList","@id":"https:\/\/jornaldasoficinas.com\/pt\/acap-mercado-bev-com-crescimento-de-161-em-janeiro\/#breadcrumb","itemListElement":[{"@type":"ListItem","position":1,"name":"In\u00edcio","item":"https:\/\/jornaldasoficinas.com\/pt\/"},{"@type":"ListItem","position":2,"name":"ACAP: Mercado BEV com crescimento de 16,1% em janeiro"}]},{"@type":"WebSite","@id":"https:\/\/jornaldasoficinas.com\/pt\/#website","url":"https:\/\/jornaldasoficinas.com\/pt\/","name":"Jornal das Oficinas","description":"Jornal independente do Aftermarket Autom\u00f3vel em Portugal","publisher":{"@id":"https:\/\/jornaldasoficinas.com\/pt\/#organization"},"potentialAction":[{"@type":"SearchAction","target":{"@type":"EntryPoint","urlTemplate":"https:\/\/jornaldasoficinas.com\/pt\/?s={search_term_string}"},"query-input":{"@type":"PropertyValueSpecification","valueRequired":true,"valueName":"search_term_string"}}],"inLanguage":"pt-PT"},{"@type":"Organization","@id":"https:\/\/jornaldasoficinas.com\/pt\/#organization","name":"Jornal das Oficinas","url":"https:\/\/jornaldasoficinas.com\/pt\/","logo":{"@type":"ImageObject","inLanguage":"pt-PT","@id":"https:\/\/jornaldasoficinas.com\/pt\/#\/schema\/logo\/image\/","url":"https:\/\/jornaldasoficinas.com\/pt\/wp-content\/uploads\/logoJO-SEO.png","contentUrl":"https:\/\/jornaldasoficinas.com\/pt\/wp-content\/uploads\/logoJO-SEO.png","width":285,"height":450,"caption":"Jornal das Oficinas"},"image":{"@id":"https:\/\/jornaldasoficinas.com\/pt\/#\/schema\/logo\/image\/"},"sameAs":["https:\/\/www.facebook.com\/jornaloficinas","https:\/\/x.com\/jornaloficinas","https:\/\/www.instagram.com\/jornal_oficinas\/","https:\/\/www.linkedin.com\/company\/jornal-das-oficinas\/","https:\/\/www.youtube.com\/channel\/UCbQZBqtcvV-oSQrr7RzINGg"]},{"@type":"Person","@id":"https:\/\/jornaldasoficinas.com\/pt\/#\/schema\/person\/a38eef5de2c41d9e7c9ac10141afddf3","name":"Reda\u00e7\u00e3o JO","image":{"@type":"ImageObject","inLanguage":"pt-PT","@id":"https:\/\/secure.gravatar.com\/avatar\/71f2fa71737ad68a84fea94bc708ddac8ea5b0c4788dc2ad202f3ccb2887742f?s=96&d=wp_user_avatar&r=g","url":"https:\/\/secure.gravatar.com\/avatar\/71f2fa71737ad68a84fea94bc708ddac8ea5b0c4788dc2ad202f3ccb2887742f?s=96&d=wp_user_avatar&r=g","contentUrl":"https:\/\/secure.gravatar.com\/avatar\/71f2fa71737ad68a84fea94bc708ddac8ea5b0c4788dc2ad202f3ccb2887742f?s=96&d=wp_user_avatar&r=g","caption":"Reda\u00e7\u00e3o JO"},"url":"https:\/\/jornaldasoficinas.com\/pt\/author\/joredacao\/"}]}},"_links":{"self":[{"href":"https:\/\/jornaldasoficinas.com\/pt\/wp-json\/wp\/v2\/posts\/78388","targetHints":{"allow":["GET"]}}],"collection":[{"href":"https:\/\/jornaldasoficinas.com\/pt\/wp-json\/wp\/v2\/posts"}],"about":[{"href":"https:\/\/jornaldasoficinas.com\/pt\/wp-json\/wp\/v2\/types\/post"}],"author":[{"embeddable":true,"href":"https:\/\/jornaldasoficinas.com\/pt\/wp-json\/wp\/v2\/users\/15"}],"replies":[{"embeddable":true,"href":"https:\/\/jornaldasoficinas.com\/pt\/wp-json\/wp\/v2\/comments?post=78388"}],"version-history":[{"count":0,"href":"https:\/\/jornaldasoficinas.com\/pt\/wp-json\/wp\/v2\/posts\/78388\/revisions"}],"wp:featuredmedia":[{"embeddable":true,"href":"https:\/\/jornaldasoficinas.com\/pt\/wp-json\/wp\/v2\/media\/78393"}],"wp:attachment":[{"href":"https:\/\/jornaldasoficinas.com\/pt\/wp-json\/wp\/v2\/media?parent=78388"}],"wp:term":[{"taxonomy":"category","embeddable":true,"href":"https:\/\/jornaldasoficinas.com\/pt\/wp-json\/wp\/v2\/categories?post=78388"},{"taxonomy":"post_tag","embeddable":true,"href":"https:\/\/jornaldasoficinas.com\/pt\/wp-json\/wp\/v2\/tags?post=78388"}],"curies":[{"name":"wp","href":"https:\/\/api.w.org\/{rel}","templated":true}]}}