{"id":78408,"date":"2024-02-08T08:00:07","date_gmt":"2024-02-08T08:00:07","guid":{"rendered":"https:\/\/jornaldasoficinas.com\/pt\/?p=78408"},"modified":"2024-02-08T12:55:52","modified_gmt":"2024-02-08T12:55:52","slug":"arval-aumenta-frota-de-veiculos-alugados-em-69","status":"publish","type":"post","link":"https:\/\/jornaldasoficinas.com\/pt\/arval-aumenta-frota-de-veiculos-alugados-em-69\/","title":{"rendered":"Arval aumenta frota de ve\u00edculos alugados em 6,9%"},"content":{"rendered":"<p><img loading=\"lazy\" decoding=\"async\" class=\"alignnone size-full wp-image-78416\" src=\"https:\/\/jornaldasoficinas.com\/pt\/wp-content\/uploads\/2024\/02\/Arval-aumenta-frota-de-veiculos-alugados-em-69.jpg\" alt=\"02 - Arval aumenta frota de veiculos alugados em 69\" width=\"1024\" height=\"581\" srcset=\"https:\/\/jornaldasoficinas.com\/pt\/wp-content\/uploads\/2024\/02\/Arval-aumenta-frota-de-veiculos-alugados-em-69.jpg 1024w, https:\/\/jornaldasoficinas.com\/pt\/wp-content\/uploads\/2024\/02\/Arval-aumenta-frota-de-veiculos-alugados-em-69-300x170.jpg 300w, https:\/\/jornaldasoficinas.com\/pt\/wp-content\/uploads\/2024\/02\/Arval-aumenta-frota-de-veiculos-alugados-em-69-150x85.jpg 150w, https:\/\/jornaldasoficinas.com\/pt\/wp-content\/uploads\/2024\/02\/Arval-aumenta-frota-de-veiculos-alugados-em-69-768x436.jpg 768w\" sizes=\"auto, (max-width: 1024px) 100vw, 1024px\" \/><\/p>\n<p><strong>Com resultados s\u00f3lidos em 2023, a<a href=\"https:\/\/www.arval.pt\/\"> Arval<\/a> inclui agora uma frota com 1.701.540 ve\u00edculos alugados em todo o mundo, o que representa um crescimento org\u00e2nico de 6,9% comparativamente a 2022. Foram alcan\u00e7ados progressos significativos no que diz respeito \u00e0 eletrifica\u00e7\u00e3o da frota, \u00e0 mobilidade e aos ve\u00edculos conectados. Na sequ\u00eancia destes resultados, a empresa ir\u00e1 publicar o relat\u00f3rio anual a 8 de mar\u00e7o de 2024<\/strong><\/p>\n<p>Enquanto player no setor de <em>renting<\/em>, como tamb\u00e9m no fornecimento de solu\u00e7\u00f5es de mobilidade, a Arval intensificou o seu crescimento em 2023, mantendo a din\u00e2mica positiva acumulada nos anos anteriores. Assim, no final de 2023:<\/p>\n<p>&#8211; A Arval aumentou a sua frota de ve\u00edculos alugados em 6,9% em compara\u00e7\u00e3o com 2022, com 1.701.540 ve\u00edculos. Inclui agora 166.363 ve\u00edculos el\u00e9tricos a bateria (VEB), mais 85% do que em 2022. No \u00faltimo trimestre de 2023, os VEB representaram 22% das encomendas de ve\u00edculos novos.<br \/>\n&#8211; As grandes empresas internacionais s\u00e3o respons\u00e1veis por 440.000 ve\u00edculos alugados em todo o mundo, o que representa um aumento de 8%.<br \/>\n&#8211; Os clientes do segmento empresarial local representam 696.000 ve\u00edculos, um aumento de 3%.<br \/>\n&#8211; O segmento do retalho atingiu 506.000 ve\u00edculos, um crescimento de 12% em rela\u00e7\u00e3o a 2022.<br \/>\n&#8211; Com 105.000 utilizadores ativos e 60.121 ve\u00edculos, o Arval Flex, o modelo flex\u00edvel de subscri\u00e7\u00e3o (incluindo o aluguer de m\u00e9dia dura\u00e7\u00e3o para profissionais), cresceu 9%.<br \/>\n&#8211; O n\u00famero de ve\u00edculos conectados ultrapassou a marca de 633.000, um aumento de 39% em rela\u00e7\u00e3o ao ano anterior.<\/p>\n<p>Com 8.388 colaboradores, a Arval presta servi\u00e7os a mais de 300.000 clientes em 29 pa\u00edses.<\/p>\n<p>&#8220;2023 foi um ano excecional, como ilustrado pelo crescimento da nossa frota alugada, pelos progressos que fizemos em v\u00e1rias \u00e1reas e pelo desenvolvimento das nossas parcerias. Podemos estar todos muito orgulhosos das nossas conquistas&#8221;, afirmou Alain van Groenendael, Presidente e CEO da Arval.<\/p>\n<p>&#8220;Isto \u00e9 um bom press\u00e1gio para as oportunidades e desafios que nos esperam em 2024, que ser\u00e1 um ano de transi\u00e7\u00e3o para o mercado e para a Arval. Com o apoio do BNP Paribas, dos nossos colaboradores e dos nossos parceiros, continuaremos a impulsionar o nosso crescimento, oferecendo aos nossos clientes um apoio cada vez mais forte \u00e0 medida que realizam a sua transi\u00e7\u00e3o energ\u00e9tica&#8221;, acrescentou.<\/p>\n<p>Tamb\u00e9m para a Arval Portugal, 2023 foi um ano com bons resultados, tendo a frota crescido quase 12%. \u201cO ano foi marcado pela celebra\u00e7\u00e3o de novas parcerias estrat\u00e9gicas com fabricantes autom\u00f3veis e grandes distribuidores que v\u00eam refor\u00e7ar o nosso compromisso com a transi\u00e7\u00e3o energ\u00e9tica. Fomos precursores no lan\u00e7amento em Portugal de produtos de mobilidade alternativa como o renting de e-bikes e inici\u00e1mos tamb\u00e9m a atividade de Re-lease, para o segmento de viaturas usadas. Adicionalmente observ\u00e1mos um forte crescimento da utiliza\u00e7\u00e3o da nossa solu\u00e7\u00e3o de telem\u00e1tica, o Arval Connect, contribuindo para a otimiza\u00e7\u00e3o de consumos e seguran\u00e7a dos condutores. Por todas estas conquistas, estamos muito confiantes que em 2024 iremos continuar a fazer crescer a nossa frota de forma sustent\u00e1vel, para atingir os objetivos estrat\u00e9gicos definidos no plano Arval Beyond 2020-2024\u201d, referiu Jos\u00e9 Pedro Pinto, Diretor Geral da Arval Portugal.<\/p>\n<p><strong>Destaques de 2023<\/strong><\/p>\n<p><strong>Recorde na eletrifica\u00e7\u00e3o da frota<\/strong><\/p>\n<p>Tendo estabelecido uma meta de 350.000 ve\u00edculos el\u00e9tricos a bateria e uma meta global de 700.000 ve\u00edculos eletrificados alugados at\u00e9 2025, contribuindo para o objetivo de reduzir as emiss\u00f5es de CO2 da frota em 35% em compara\u00e7\u00e3o com 2020, a Arval j\u00e1 estava a alugar mais de 166.363 ve\u00edculos el\u00e9tricos a bateria no final de 2023, um aumento de 85% em rela\u00e7\u00e3o a 2022.<br \/>\nPara apoiar a ado\u00e7\u00e3o de ve\u00edculos el\u00e9tricos, a Arval anunciou recentemente o lan\u00e7amento de uma nova oferta, a Arval Charging Services, que permite que um ve\u00edculo seja alugado com uma esta\u00e7\u00e3o de carregamento e est\u00e1 dispon\u00edvel para empresas e clientes particulares.<br \/>\nA Arval assinou tamb\u00e9m um acordo internacional com a <a href=\"https:\/\/www.chargepoint.com\/pt-pt\" target=\"_blank\" rel=\"noopener\">ChargePoint<\/a>, um dos principais intervenientes nas redes de carregamento de ve\u00edculos el\u00e9tricos. Este acordo permite aos clientes da Arval ter pontos de carregamento no trabalho e em casa, com um sistema de reembolso autom\u00e1tico para os automobilistas e acesso a uma rede de mais de 500.000 pontos de carregamento na Europa.<br \/>\nEsta nova oferta de pontos de carregamento faz parte de um leque de solu\u00e7\u00f5es j\u00e1 disponibilizadas pela Arval e orientadas para a transi\u00e7\u00e3o energ\u00e9tica, que inclui a utiliza\u00e7\u00e3o n\u00e3o s\u00f3 de ve\u00edculos el\u00e9tricos a bateria, mas tamb\u00e9m de solu\u00e7\u00f5es de mobilidade alternativas ou complementares.<\/p>\n<p><strong>Novas parcerias estrat\u00e9gicas<\/strong><br \/>\nA Arval refor\u00e7ou a sua colabora\u00e7\u00e3o internacional ao anunciar um acordo de coopera\u00e7\u00e3o estrat\u00e9gica tripartida com o seu parceiro de longa data Element e a Sumitomo Mitsui Auto Service (SMAS). O acordo permitir\u00e1 que os clientes globais da Alian\u00e7a acedam a servi\u00e7os de aluguer de ve\u00edculos e gest\u00e3o de frotas no Jap\u00e3o, Tail\u00e2ndia, \u00cdndia e Indon\u00e9sia. Al\u00e9m disso, a Alian\u00e7a expandiu-se para incluir a SIXT Mega Rent na S\u00e9rvia, Montenegro e B\u00f3snia-Herzegovina.<\/p>\n<p>Em conjunto, os parceiros da Alian\u00e7a Global Element-Arval gerem mais de 4,4 milh\u00f5es de ve\u00edculos e operam em 56 pa\u00edses nos cinco continentes. A experi\u00eancia aprofundada e o alcance global oferecidos pela Alian\u00e7a proporcionam um valor acrescentado significativo aos clientes internacionais da Arval.<br \/>\nPara al\u00e9m de manter fortes parcerias banc\u00e1rias (principalmente com o BNP Paribas, mas tamb\u00e9m com o CaixaBank em Espanha e Portugal, o UniCredit Bank na \u00c1ustria, o Erste Bank na Eslov\u00e1quia, etc.), a Arval continuou a trabalhar com outros grandes players do setor autom\u00f3vel, no \u00e2mbito de parcerias estrat\u00e9gicas internacionais como as celebradas com a Hyundai, Kia, Honda, Sixt, Astara, Emil Frey France, MG Motors e Volvo Cars.<\/p>\n<p>A Arval trabalha tamb\u00e9m atrav\u00e9s de marcas brancas com parceiros estrat\u00e9gicos. Em janeiro de 2023, a Arval, o BNP Paribas Cardif e o BNP Paribas Personal Finance anunciaram o lan\u00e7amento da sua parceria com a Jaguar Land Rover, que se centra no financiamento integrado de solu\u00e7\u00f5es de mobilidade em nove mercados europeus. Em junho, a Arval intensificou a sua coopera\u00e7\u00e3o com o fabricante de autom\u00f3veis MG Motor, lan\u00e7ando uma oferta conjunta de subscri\u00e7\u00e3o de ve\u00edculos: &#8220;MG Auto Abo powered by Arval&#8221;.<br \/>\nEm outubro, a Arval uniu for\u00e7as com a marca de ve\u00edculos el\u00e9tricos premium ZEEKR, juntamente com o BNP Paribas Personal Finance.<\/p>\n<p>Como uma empresa de renting multimarca, a Arval continuar\u00e1 a expandir a sele\u00e7\u00e3o de modelos de ve\u00edculos dispon\u00edveis para os clientes e est\u00e1 a preparar-se para anunciar brevemente uma nova parceria internacional.<\/p>\n<p><strong>Inova\u00e7\u00f5es que beneficiam tanto a mobilidade como os clientes<\/strong><\/p>\n<p>Para al\u00e9m de apoiar os clientes na transi\u00e7\u00e3o energ\u00e9tica, a Arval assinou parcerias e lan\u00e7ou v\u00e1rias ofertas para impulsionar a ado\u00e7\u00e3o de solu\u00e7\u00f5es de mobilidade.<br \/>\n&#8211; A implementa\u00e7\u00e3o de solu\u00e7\u00f5es de mobilidade partilhada para colaboradores de empresas teve continuidade em 2023, com a ades\u00e3o de mais seis pa\u00edses. A oferta de carsharing da Arval est\u00e1 agora dispon\u00edvel em 15 pa\u00edses, com um total de 125.000 reservas efetuadas na plataforma em 2023 em todos os pa\u00edses.<br \/>\n&#8211; O Arval Mobility Pass, uma solu\u00e7\u00e3o simples e inovadora que combina um cart\u00e3o de pagamento, uma aplica\u00e7\u00e3o e uma plataforma de gest\u00e3o para melhorar a mobilidade de empregadores e colaboradores, foi lan\u00e7ado em 2023 com a Edenred no Brasil, a Betterway em Fran\u00e7a e a XXImo nos Pa\u00edses Baixos.<br \/>\n&#8211; Dispon\u00edvel em 14 pa\u00edses, o Arval Bike Renting registou um aumento de 65% no final de 2023 em compara\u00e7\u00e3o com o per\u00edodo hom\u00f3logo. Para apoiar este crescimento do mercado, a Arval expandiu a oferta de aluguer de bicicletas a longo prazo em Fran\u00e7a atrav\u00e9s de uma parceria com a startup especializada Zenride.<br \/>\n&#8211; No final de dezembro de 2023, a Arval tinha lan\u00e7ado a sua oferta de renting de ve\u00edculos usados, o Arval Re-lease, em 21 pa\u00edses, mais cinco do que no ano anterior, proporcionando assim uma solu\u00e7\u00e3o inteligente que d\u00e1 aos clientes acesso a ve\u00edculos de alta qualidade a valores de renting atrativos, bem como o prolongamento da vida \u00fatil dos ve\u00edculos. A frota da Arval Re-lease registou um crescimento anual de 139%, o que demonstra o entusiasmo dos clientes por este novo tipo de oferta.<br \/>\n&#8211; A Arval atingiu o marco de 633.000 ve\u00edculos conectados na sua frota, um aumento de 39% comparativamente ao ano anterior. Isto coloca a Arval no objetivo de conectar 80% da sua frota at\u00e9 2025. Gra\u00e7as \u00e0 tecnologia telem\u00e1tica e \u00e0 intelig\u00eancia de dados, a solu\u00e7\u00e3o digital Arval Connect permite aos clientes otimizar os custos da sua frota de ve\u00edculos, melhorar a seguran\u00e7a dos automobilistas, acelerar a transi\u00e7\u00e3o energ\u00e9tica e gerir as equipas m\u00f3veis de forma mais eficiente. Com a sua oferta de seguro conectado, a Arval vai ainda mais longe, proporcionando aos clientes uma redu\u00e7\u00e3o da sua taxa mensal de aluguer, com base no estilo de condu\u00e7\u00e3o. Lan\u00e7ado com sucesso em It\u00e1lia, este servi\u00e7o j\u00e1 regista uma redu\u00e7\u00e3o para metade dos acidentes rodovi\u00e1rios. Em breve, ser\u00e1 implementado em Espanha, nos Pa\u00edses Baixos e na B\u00e9lgica.<\/p>\n<p><strong>As ambi\u00e7\u00f5es da Arval para 2024<\/strong><br \/>\nEm 2024, o principal objetivo da Arval, num mercado em r\u00e1pida mudan\u00e7a, ser\u00e1 aproveitar o impulso positivo dos \u00faltimos anos, com o prop\u00f3sito final de servir os clientes e atrav\u00e9s do trabalho \u00e1rduo dos colaboradores altamente motivados e empenhados. No centro da estrat\u00e9gia da Arval estar\u00e1 tamb\u00e9m a acelera\u00e7\u00e3o da transi\u00e7\u00e3o energ\u00e9tica das frotas. Expandir a sele\u00e7\u00e3o de ve\u00edculos el\u00e9tricos dispon\u00edveis, implementar parcerias para o carregamento de ve\u00edculos, fornecer conhecimentos e aconselhamento aos clientes para o desenvolvimento de pol\u00edticas de mobilidade que incluam ve\u00edculos el\u00e9tricos a bateria e solu\u00e7\u00f5es de mobilidade complementares que emitam menos CO2 ser\u00e3o fundamentais para esta ambi\u00e7\u00e3o.<\/p>\n<p>A Arval j\u00e1 come\u00e7ou com o lan\u00e7amento, a 15 de janeiro, do Arval Charging Services, uma oferta que combina o aluguer de um ponto de carregamento com um ve\u00edculo el\u00e9trico a bateria. Esta oferta completa o sistema de cart\u00f5es de carregamento na estrada da Arval e o reembolso autom\u00e1tico do consumo de eletricidade dos ve\u00edculos em casa.<\/p>\n<p>Al\u00e9m disso, a estrat\u00e9gia global da Arval para incentivar a mobilidade foi recompensada em 2024 com uma medalha de ouro EcoVadis, colocando a Arval entre as 5% melhores empresas avaliadas. Este pr\u00e9mio reflete o empenho dos colaboradores da Arval em participar em atividades mais sustent\u00e1veis a todos os n\u00edveis da empresa.<\/p>\n<p>Com a maioria dos objetivos do plano definidos para serem alcan\u00e7ados num futuro pr\u00f3ximo, 2024 marcar\u00e1 tamb\u00e9m a conclus\u00e3o do Arval Beyond, que foi lan\u00e7ado em 2020. Assim, 2024 ser\u00e1 o ano em que a Arval construir\u00e1 o novo plano estrat\u00e9gico. O plano ser\u00e1 anunciado no in\u00edcio de 2025 e marcar\u00e1 um ponto de viragem na hist\u00f3ria da empresa.<\/p>\n<p>Na sequ\u00eancia dos resultados financeiros de 2023, a Arval publicar\u00e1 o relat\u00f3rio anual a 8 de mar\u00e7o de 2024.<\/p>\n<p>&nbsp;<\/p>\n","protected":false},"excerpt":{"rendered":"<p>Com resultados s\u00f3lidos em 2023, a&#8230;<\/p>\n","protected":false},"author":15,"featured_media":78416,"comment_status":"closed","ping_status":"closed","sticky":false,"template":"","format":"standard","meta":{"footnotes":""},"categories":[29],"tags":[364,2781,7345,335,7346,7344,3198],"class_list":["post-78408","post","type-post","status-publish","format-standard","has-post-thumbnail","hentry","category-empresas","tag-arval","tag-crescimento","tag-eletrificacao-da-frota","tag-mobilidade","tag-relatorio-anual","tag-veiculos-alugados","tag-veiculos-conectados"],"yoast_head":"<!-- This site is optimized with the Yoast SEO plugin v27.5 - https:\/\/yoast.com\/product\/yoast-seo-wordpress\/ -->\n<title>Arval aumenta frota de ve\u00edculos alugados em 6,9% - Jornal das Oficinas<\/title>\n<meta name=\"description\" content=\"Com resultados s\u00f3lidos em 2023, a Arval inclui agora uma frota com 1.701.540 ve\u00edculos alugados em todo o mundo\" \/>\n<meta name=\"robots\" content=\"index, follow, max-snippet:-1, max-image-preview:large, max-video-preview:-1\" \/>\n<link rel=\"canonical\" href=\"https:\/\/jornaldasoficinas.com\/pt\/arval-aumenta-frota-de-veiculos-alugados-em-69\/\" \/>\n<meta property=\"og:locale\" content=\"pt_PT\" \/>\n<meta property=\"og:type\" content=\"article\" \/>\n<meta property=\"og:title\" content=\"Arval aumenta frota de ve\u00edculos alugados em 6,9% - Jornal das Oficinas\" \/>\n<meta property=\"og:description\" content=\"Com resultados s\u00f3lidos em 2023, a Arval inclui agora uma frota com 1.701.540 ve\u00edculos alugados em todo o mundo\" \/>\n<meta property=\"og:url\" content=\"https:\/\/jornaldasoficinas.com\/pt\/arval-aumenta-frota-de-veiculos-alugados-em-69\/\" \/>\n<meta property=\"og:site_name\" content=\"Jornal das Oficinas\" \/>\n<meta property=\"article:publisher\" content=\"https:\/\/www.facebook.com\/jornaloficinas\" \/>\n<meta property=\"article:published_time\" content=\"2024-02-08T08:00:07+00:00\" \/>\n<meta property=\"article:modified_time\" content=\"2024-02-08T12:55:52+00:00\" \/>\n<meta property=\"og:image\" content=\"https:\/\/jornaldasoficinas.com\/pt\/wp-content\/uploads\/2024\/02\/Arval-aumenta-frota-de-veiculos-alugados-em-69.jpg\" \/>\n\t<meta property=\"og:image:width\" content=\"1024\" \/>\n\t<meta property=\"og:image:height\" content=\"581\" \/>\n\t<meta property=\"og:image:type\" content=\"image\/jpeg\" \/>\n<meta name=\"author\" content=\"Reda\u00e7\u00e3o JO\" \/>\n<meta name=\"twitter:card\" content=\"summary_large_image\" \/>\n<meta name=\"twitter:creator\" content=\"@jornaloficinas\" \/>\n<meta name=\"twitter:site\" content=\"@jornaloficinas\" \/>\n<meta name=\"twitter:label1\" content=\"Escrito por\" \/>\n\t<meta name=\"twitter:data1\" content=\"Reda\u00e7\u00e3o JO\" \/>\n\t<meta name=\"twitter:label2\" content=\"Tempo estimado de leitura\" \/>\n\t<meta name=\"twitter:data2\" content=\"10 minutos\" \/>\n<script type=\"application\/ld+json\" class=\"yoast-schema-graph\">{\"@context\":\"https:\\\/\\\/schema.org\",\"@graph\":[{\"@type\":\"Article\",\"@id\":\"https:\\\/\\\/jornaldasoficinas.com\\\/pt\\\/arval-aumenta-frota-de-veiculos-alugados-em-69\\\/#article\",\"isPartOf\":{\"@id\":\"https:\\\/\\\/jornaldasoficinas.com\\\/pt\\\/arval-aumenta-frota-de-veiculos-alugados-em-69\\\/\"},\"author\":{\"name\":\"Reda\u00e7\u00e3o JO\",\"@id\":\"https:\\\/\\\/jornaldasoficinas.com\\\/pt\\\/#\\\/schema\\\/person\\\/a38eef5de2c41d9e7c9ac10141afddf3\"},\"headline\":\"Arval aumenta frota de ve\u00edculos alugados em 6,9%\",\"datePublished\":\"2024-02-08T08:00:07+00:00\",\"dateModified\":\"2024-02-08T12:55:52+00:00\",\"mainEntityOfPage\":{\"@id\":\"https:\\\/\\\/jornaldasoficinas.com\\\/pt\\\/arval-aumenta-frota-de-veiculos-alugados-em-69\\\/\"},\"wordCount\":1901,\"publisher\":{\"@id\":\"https:\\\/\\\/jornaldasoficinas.com\\\/pt\\\/#organization\"},\"image\":{\"@id\":\"https:\\\/\\\/jornaldasoficinas.com\\\/pt\\\/arval-aumenta-frota-de-veiculos-alugados-em-69\\\/#primaryimage\"},\"thumbnailUrl\":\"https:\\\/\\\/jornaldasoficinas.com\\\/pt\\\/wp-content\\\/uploads\\\/2024\\\/02\\\/Arval-aumenta-frota-de-veiculos-alugados-em-69.jpg\",\"keywords\":[\"Arval\",\"Crescimento\",\"eletrifica\u00e7\u00e3o da frota\",\"Mobilidade\",\"relat\u00f3rio anual\",\"ve\u00edculos alugados\",\"Ve\u00edculos conectados\"],\"articleSection\":[\"Empresas\"],\"inLanguage\":\"pt-PT\"},{\"@type\":\"WebPage\",\"@id\":\"https:\\\/\\\/jornaldasoficinas.com\\\/pt\\\/arval-aumenta-frota-de-veiculos-alugados-em-69\\\/\",\"url\":\"https:\\\/\\\/jornaldasoficinas.com\\\/pt\\\/arval-aumenta-frota-de-veiculos-alugados-em-69\\\/\",\"name\":\"Arval aumenta frota de ve\u00edculos alugados em 6,9% - Jornal das Oficinas\",\"isPartOf\":{\"@id\":\"https:\\\/\\\/jornaldasoficinas.com\\\/pt\\\/#website\"},\"primaryImageOfPage\":{\"@id\":\"https:\\\/\\\/jornaldasoficinas.com\\\/pt\\\/arval-aumenta-frota-de-veiculos-alugados-em-69\\\/#primaryimage\"},\"image\":{\"@id\":\"https:\\\/\\\/jornaldasoficinas.com\\\/pt\\\/arval-aumenta-frota-de-veiculos-alugados-em-69\\\/#primaryimage\"},\"thumbnailUrl\":\"https:\\\/\\\/jornaldasoficinas.com\\\/pt\\\/wp-content\\\/uploads\\\/2024\\\/02\\\/Arval-aumenta-frota-de-veiculos-alugados-em-69.jpg\",\"datePublished\":\"2024-02-08T08:00:07+00:00\",\"dateModified\":\"2024-02-08T12:55:52+00:00\",\"description\":\"Com resultados s\u00f3lidos em 2023, a Arval inclui agora uma frota com 1.701.540 ve\u00edculos alugados em todo o mundo\",\"breadcrumb\":{\"@id\":\"https:\\\/\\\/jornaldasoficinas.com\\\/pt\\\/arval-aumenta-frota-de-veiculos-alugados-em-69\\\/#breadcrumb\"},\"inLanguage\":\"pt-PT\",\"potentialAction\":[{\"@type\":\"ReadAction\",\"target\":[\"https:\\\/\\\/jornaldasoficinas.com\\\/pt\\\/arval-aumenta-frota-de-veiculos-alugados-em-69\\\/\"]}]},{\"@type\":\"ImageObject\",\"inLanguage\":\"pt-PT\",\"@id\":\"https:\\\/\\\/jornaldasoficinas.com\\\/pt\\\/arval-aumenta-frota-de-veiculos-alugados-em-69\\\/#primaryimage\",\"url\":\"https:\\\/\\\/jornaldasoficinas.com\\\/pt\\\/wp-content\\\/uploads\\\/2024\\\/02\\\/Arval-aumenta-frota-de-veiculos-alugados-em-69.jpg\",\"contentUrl\":\"https:\\\/\\\/jornaldasoficinas.com\\\/pt\\\/wp-content\\\/uploads\\\/2024\\\/02\\\/Arval-aumenta-frota-de-veiculos-alugados-em-69.jpg\",\"width\":1024,\"height\":581,\"caption\":\"02 - Arval aumenta frota de veiculos alugados em 69\"},{\"@type\":\"BreadcrumbList\",\"@id\":\"https:\\\/\\\/jornaldasoficinas.com\\\/pt\\\/arval-aumenta-frota-de-veiculos-alugados-em-69\\\/#breadcrumb\",\"itemListElement\":[{\"@type\":\"ListItem\",\"position\":1,\"name\":\"In\u00edcio\",\"item\":\"https:\\\/\\\/jornaldasoficinas.com\\\/pt\\\/\"},{\"@type\":\"ListItem\",\"position\":2,\"name\":\"Arval aumenta frota de ve\u00edculos alugados em 6,9%\"}]},{\"@type\":\"WebSite\",\"@id\":\"https:\\\/\\\/jornaldasoficinas.com\\\/pt\\\/#website\",\"url\":\"https:\\\/\\\/jornaldasoficinas.com\\\/pt\\\/\",\"name\":\"Jornal das Oficinas\",\"description\":\"Jornal independente do Aftermarket Autom\u00f3vel em Portugal\",\"publisher\":{\"@id\":\"https:\\\/\\\/jornaldasoficinas.com\\\/pt\\\/#organization\"},\"potentialAction\":[{\"@type\":\"SearchAction\",\"target\":{\"@type\":\"EntryPoint\",\"urlTemplate\":\"https:\\\/\\\/jornaldasoficinas.com\\\/pt\\\/?s={search_term_string}\"},\"query-input\":{\"@type\":\"PropertyValueSpecification\",\"valueRequired\":true,\"valueName\":\"search_term_string\"}}],\"inLanguage\":\"pt-PT\"},{\"@type\":\"Organization\",\"@id\":\"https:\\\/\\\/jornaldasoficinas.com\\\/pt\\\/#organization\",\"name\":\"Jornal das Oficinas\",\"url\":\"https:\\\/\\\/jornaldasoficinas.com\\\/pt\\\/\",\"logo\":{\"@type\":\"ImageObject\",\"inLanguage\":\"pt-PT\",\"@id\":\"https:\\\/\\\/jornaldasoficinas.com\\\/pt\\\/#\\\/schema\\\/logo\\\/image\\\/\",\"url\":\"https:\\\/\\\/jornaldasoficinas.com\\\/pt\\\/wp-content\\\/uploads\\\/logoJO-SEO.png\",\"contentUrl\":\"https:\\\/\\\/jornaldasoficinas.com\\\/pt\\\/wp-content\\\/uploads\\\/logoJO-SEO.png\",\"width\":285,\"height\":450,\"caption\":\"Jornal das Oficinas\"},\"image\":{\"@id\":\"https:\\\/\\\/jornaldasoficinas.com\\\/pt\\\/#\\\/schema\\\/logo\\\/image\\\/\"},\"sameAs\":[\"https:\\\/\\\/www.facebook.com\\\/jornaloficinas\",\"https:\\\/\\\/x.com\\\/jornaloficinas\",\"https:\\\/\\\/www.instagram.com\\\/jornal_oficinas\\\/\",\"https:\\\/\\\/www.linkedin.com\\\/company\\\/jornal-das-oficinas\\\/\",\"https:\\\/\\\/www.youtube.com\\\/channel\\\/UCbQZBqtcvV-oSQrr7RzINGg\"]},{\"@type\":\"Person\",\"@id\":\"https:\\\/\\\/jornaldasoficinas.com\\\/pt\\\/#\\\/schema\\\/person\\\/a38eef5de2c41d9e7c9ac10141afddf3\",\"name\":\"Reda\u00e7\u00e3o JO\",\"image\":{\"@type\":\"ImageObject\",\"inLanguage\":\"pt-PT\",\"@id\":\"https:\\\/\\\/secure.gravatar.com\\\/avatar\\\/71f2fa71737ad68a84fea94bc708ddac8ea5b0c4788dc2ad202f3ccb2887742f?s=96&d=wp_user_avatar&r=g\",\"url\":\"https:\\\/\\\/secure.gravatar.com\\\/avatar\\\/71f2fa71737ad68a84fea94bc708ddac8ea5b0c4788dc2ad202f3ccb2887742f?s=96&d=wp_user_avatar&r=g\",\"contentUrl\":\"https:\\\/\\\/secure.gravatar.com\\\/avatar\\\/71f2fa71737ad68a84fea94bc708ddac8ea5b0c4788dc2ad202f3ccb2887742f?s=96&d=wp_user_avatar&r=g\",\"caption\":\"Reda\u00e7\u00e3o JO\"},\"url\":\"https:\\\/\\\/jornaldasoficinas.com\\\/pt\\\/author\\\/joredacao\\\/\"}]}<\/script>\n<!-- \/ Yoast SEO plugin. -->","yoast_head_json":{"title":"Arval aumenta frota de ve\u00edculos alugados em 6,9% - Jornal das Oficinas","description":"Com resultados s\u00f3lidos em 2023, a Arval inclui agora uma frota com 1.701.540 ve\u00edculos alugados em todo o mundo","robots":{"index":"index","follow":"follow","max-snippet":"max-snippet:-1","max-image-preview":"max-image-preview:large","max-video-preview":"max-video-preview:-1"},"canonical":"https:\/\/jornaldasoficinas.com\/pt\/arval-aumenta-frota-de-veiculos-alugados-em-69\/","og_locale":"pt_PT","og_type":"article","og_title":"Arval aumenta frota de ve\u00edculos alugados em 6,9% - Jornal das Oficinas","og_description":"Com resultados s\u00f3lidos em 2023, a Arval inclui agora uma frota com 1.701.540 ve\u00edculos alugados em todo o mundo","og_url":"https:\/\/jornaldasoficinas.com\/pt\/arval-aumenta-frota-de-veiculos-alugados-em-69\/","og_site_name":"Jornal das Oficinas","article_publisher":"https:\/\/www.facebook.com\/jornaloficinas","article_published_time":"2024-02-08T08:00:07+00:00","article_modified_time":"2024-02-08T12:55:52+00:00","og_image":[{"width":1024,"height":581,"url":"https:\/\/jornaldasoficinas.com\/pt\/wp-content\/uploads\/2024\/02\/Arval-aumenta-frota-de-veiculos-alugados-em-69.jpg","type":"image\/jpeg"}],"author":"Reda\u00e7\u00e3o JO","twitter_card":"summary_large_image","twitter_creator":"@jornaloficinas","twitter_site":"@jornaloficinas","twitter_misc":{"Escrito por":"Reda\u00e7\u00e3o JO","Tempo estimado de leitura":"10 minutos"},"schema":{"@context":"https:\/\/schema.org","@graph":[{"@type":"Article","@id":"https:\/\/jornaldasoficinas.com\/pt\/arval-aumenta-frota-de-veiculos-alugados-em-69\/#article","isPartOf":{"@id":"https:\/\/jornaldasoficinas.com\/pt\/arval-aumenta-frota-de-veiculos-alugados-em-69\/"},"author":{"name":"Reda\u00e7\u00e3o JO","@id":"https:\/\/jornaldasoficinas.com\/pt\/#\/schema\/person\/a38eef5de2c41d9e7c9ac10141afddf3"},"headline":"Arval aumenta frota de ve\u00edculos alugados em 6,9%","datePublished":"2024-02-08T08:00:07+00:00","dateModified":"2024-02-08T12:55:52+00:00","mainEntityOfPage":{"@id":"https:\/\/jornaldasoficinas.com\/pt\/arval-aumenta-frota-de-veiculos-alugados-em-69\/"},"wordCount":1901,"publisher":{"@id":"https:\/\/jornaldasoficinas.com\/pt\/#organization"},"image":{"@id":"https:\/\/jornaldasoficinas.com\/pt\/arval-aumenta-frota-de-veiculos-alugados-em-69\/#primaryimage"},"thumbnailUrl":"https:\/\/jornaldasoficinas.com\/pt\/wp-content\/uploads\/2024\/02\/Arval-aumenta-frota-de-veiculos-alugados-em-69.jpg","keywords":["Arval","Crescimento","eletrifica\u00e7\u00e3o da frota","Mobilidade","relat\u00f3rio anual","ve\u00edculos alugados","Ve\u00edculos conectados"],"articleSection":["Empresas"],"inLanguage":"pt-PT"},{"@type":"WebPage","@id":"https:\/\/jornaldasoficinas.com\/pt\/arval-aumenta-frota-de-veiculos-alugados-em-69\/","url":"https:\/\/jornaldasoficinas.com\/pt\/arval-aumenta-frota-de-veiculos-alugados-em-69\/","name":"Arval aumenta frota de ve\u00edculos alugados em 6,9% - Jornal das Oficinas","isPartOf":{"@id":"https:\/\/jornaldasoficinas.com\/pt\/#website"},"primaryImageOfPage":{"@id":"https:\/\/jornaldasoficinas.com\/pt\/arval-aumenta-frota-de-veiculos-alugados-em-69\/#primaryimage"},"image":{"@id":"https:\/\/jornaldasoficinas.com\/pt\/arval-aumenta-frota-de-veiculos-alugados-em-69\/#primaryimage"},"thumbnailUrl":"https:\/\/jornaldasoficinas.com\/pt\/wp-content\/uploads\/2024\/02\/Arval-aumenta-frota-de-veiculos-alugados-em-69.jpg","datePublished":"2024-02-08T08:00:07+00:00","dateModified":"2024-02-08T12:55:52+00:00","description":"Com resultados s\u00f3lidos em 2023, a Arval inclui agora uma frota com 1.701.540 ve\u00edculos alugados em todo o mundo","breadcrumb":{"@id":"https:\/\/jornaldasoficinas.com\/pt\/arval-aumenta-frota-de-veiculos-alugados-em-69\/#breadcrumb"},"inLanguage":"pt-PT","potentialAction":[{"@type":"ReadAction","target":["https:\/\/jornaldasoficinas.com\/pt\/arval-aumenta-frota-de-veiculos-alugados-em-69\/"]}]},{"@type":"ImageObject","inLanguage":"pt-PT","@id":"https:\/\/jornaldasoficinas.com\/pt\/arval-aumenta-frota-de-veiculos-alugados-em-69\/#primaryimage","url":"https:\/\/jornaldasoficinas.com\/pt\/wp-content\/uploads\/2024\/02\/Arval-aumenta-frota-de-veiculos-alugados-em-69.jpg","contentUrl":"https:\/\/jornaldasoficinas.com\/pt\/wp-content\/uploads\/2024\/02\/Arval-aumenta-frota-de-veiculos-alugados-em-69.jpg","width":1024,"height":581,"caption":"02 - Arval aumenta frota de veiculos alugados em 69"},{"@type":"BreadcrumbList","@id":"https:\/\/jornaldasoficinas.com\/pt\/arval-aumenta-frota-de-veiculos-alugados-em-69\/#breadcrumb","itemListElement":[{"@type":"ListItem","position":1,"name":"In\u00edcio","item":"https:\/\/jornaldasoficinas.com\/pt\/"},{"@type":"ListItem","position":2,"name":"Arval aumenta frota de ve\u00edculos alugados em 6,9%"}]},{"@type":"WebSite","@id":"https:\/\/jornaldasoficinas.com\/pt\/#website","url":"https:\/\/jornaldasoficinas.com\/pt\/","name":"Jornal das Oficinas","description":"Jornal independente do Aftermarket Autom\u00f3vel em Portugal","publisher":{"@id":"https:\/\/jornaldasoficinas.com\/pt\/#organization"},"potentialAction":[{"@type":"SearchAction","target":{"@type":"EntryPoint","urlTemplate":"https:\/\/jornaldasoficinas.com\/pt\/?s={search_term_string}"},"query-input":{"@type":"PropertyValueSpecification","valueRequired":true,"valueName":"search_term_string"}}],"inLanguage":"pt-PT"},{"@type":"Organization","@id":"https:\/\/jornaldasoficinas.com\/pt\/#organization","name":"Jornal das Oficinas","url":"https:\/\/jornaldasoficinas.com\/pt\/","logo":{"@type":"ImageObject","inLanguage":"pt-PT","@id":"https:\/\/jornaldasoficinas.com\/pt\/#\/schema\/logo\/image\/","url":"https:\/\/jornaldasoficinas.com\/pt\/wp-content\/uploads\/logoJO-SEO.png","contentUrl":"https:\/\/jornaldasoficinas.com\/pt\/wp-content\/uploads\/logoJO-SEO.png","width":285,"height":450,"caption":"Jornal das Oficinas"},"image":{"@id":"https:\/\/jornaldasoficinas.com\/pt\/#\/schema\/logo\/image\/"},"sameAs":["https:\/\/www.facebook.com\/jornaloficinas","https:\/\/x.com\/jornaloficinas","https:\/\/www.instagram.com\/jornal_oficinas\/","https:\/\/www.linkedin.com\/company\/jornal-das-oficinas\/","https:\/\/www.youtube.com\/channel\/UCbQZBqtcvV-oSQrr7RzINGg"]},{"@type":"Person","@id":"https:\/\/jornaldasoficinas.com\/pt\/#\/schema\/person\/a38eef5de2c41d9e7c9ac10141afddf3","name":"Reda\u00e7\u00e3o JO","image":{"@type":"ImageObject","inLanguage":"pt-PT","@id":"https:\/\/secure.gravatar.com\/avatar\/71f2fa71737ad68a84fea94bc708ddac8ea5b0c4788dc2ad202f3ccb2887742f?s=96&d=wp_user_avatar&r=g","url":"https:\/\/secure.gravatar.com\/avatar\/71f2fa71737ad68a84fea94bc708ddac8ea5b0c4788dc2ad202f3ccb2887742f?s=96&d=wp_user_avatar&r=g","contentUrl":"https:\/\/secure.gravatar.com\/avatar\/71f2fa71737ad68a84fea94bc708ddac8ea5b0c4788dc2ad202f3ccb2887742f?s=96&d=wp_user_avatar&r=g","caption":"Reda\u00e7\u00e3o JO"},"url":"https:\/\/jornaldasoficinas.com\/pt\/author\/joredacao\/"}]}},"_links":{"self":[{"href":"https:\/\/jornaldasoficinas.com\/pt\/wp-json\/wp\/v2\/posts\/78408","targetHints":{"allow":["GET"]}}],"collection":[{"href":"https:\/\/jornaldasoficinas.com\/pt\/wp-json\/wp\/v2\/posts"}],"about":[{"href":"https:\/\/jornaldasoficinas.com\/pt\/wp-json\/wp\/v2\/types\/post"}],"author":[{"embeddable":true,"href":"https:\/\/jornaldasoficinas.com\/pt\/wp-json\/wp\/v2\/users\/15"}],"replies":[{"embeddable":true,"href":"https:\/\/jornaldasoficinas.com\/pt\/wp-json\/wp\/v2\/comments?post=78408"}],"version-history":[{"count":0,"href":"https:\/\/jornaldasoficinas.com\/pt\/wp-json\/wp\/v2\/posts\/78408\/revisions"}],"wp:featuredmedia":[{"embeddable":true,"href":"https:\/\/jornaldasoficinas.com\/pt\/wp-json\/wp\/v2\/media\/78416"}],"wp:attachment":[{"href":"https:\/\/jornaldasoficinas.com\/pt\/wp-json\/wp\/v2\/media?parent=78408"}],"wp:term":[{"taxonomy":"category","embeddable":true,"href":"https:\/\/jornaldasoficinas.com\/pt\/wp-json\/wp\/v2\/categories?post=78408"},{"taxonomy":"post_tag","embeddable":true,"href":"https:\/\/jornaldasoficinas.com\/pt\/wp-json\/wp\/v2\/tags?post=78408"}],"curies":[{"name":"wp","href":"https:\/\/api.w.org\/{rel}","templated":true}]}}