{"id":78524,"date":"2024-02-09T10:00:40","date_gmt":"2024-02-09T10:00:40","guid":{"rendered":"https:\/\/jornaldasoficinas.com\/pt\/?p=78524"},"modified":"2024-02-07T18:41:15","modified_gmt":"2024-02-07T18:41:15","slug":"luis-simoes-conquista-5a-medalha-de-ouro-ecovadis","status":"publish","type":"post","link":"https:\/\/jornaldasoficinas.com\/pt\/luis-simoes-conquista-5a-medalha-de-ouro-ecovadis\/","title":{"rendered":"Lu\u00eds Sim\u00f5es conquista 5\u00aa medalha de ouro Ecovadis"},"content":{"rendered":"<p><img loading=\"lazy\" decoding=\"async\" class=\"alignnone size-full wp-image-78523\" src=\"https:\/\/jornaldasoficinas.com\/pt\/wp-content\/uploads\/2024\/02\/PI_EcoVadis_Medaille.png\" alt=\"02 - PI_EcoVadis_Medaille\" width=\"1024\" height=\"581\" srcset=\"https:\/\/jornaldasoficinas.com\/pt\/wp-content\/uploads\/2024\/02\/PI_EcoVadis_Medaille.png 1024w, https:\/\/jornaldasoficinas.com\/pt\/wp-content\/uploads\/2024\/02\/PI_EcoVadis_Medaille-300x170.png 300w, https:\/\/jornaldasoficinas.com\/pt\/wp-content\/uploads\/2024\/02\/PI_EcoVadis_Medaille-150x85.png 150w, https:\/\/jornaldasoficinas.com\/pt\/wp-content\/uploads\/2024\/02\/PI_EcoVadis_Medaille-768x436.png 768w\" sizes=\"auto, (max-width: 1024px) 100vw, 1024px\" \/><\/p>\n<p><strong>A empresa recebeu a medalha de ouro em 2023 pelo quinto ano consecutivo, com uma pontua\u00e7\u00e3o superior \u00e0 de 2022 e superando a m\u00e9dia do setor em todas as \u00e1reas avaliadas. O reconhecimento veio demonstrar o compromisso da <a href=\"https:\/\/www.luis-simoes.com\/\" target=\"_blank\" rel=\"noopener\">Lu\u00eds Sim\u00f5es<\/a> com a sustentabilidade das opera\u00e7\u00f5es de transporte, alinhado com as exig\u00eancias dos seus clientes, incluindo a Coca-Cola, a Nestl\u00e9 e a Unilever<\/strong><\/p>\n<p>A Lu\u00eds Sim\u00f5es, operador log\u00edstico de refer\u00eancia na Pen\u00ednsula Ib\u00e9rica, foi distinguida pelo quinto ano consecutivo com a Medalha de Ouro Ecovadis, que reflete o seu desempenho sustent\u00e1vel na \u00e1rea dos transportes em 2023. A empresa obteve uma pontua\u00e7\u00e3o tr\u00eas pontos acima de 2022, demonstrando a idoneidade das a\u00e7\u00f5es que desenvolveu no \u00e2mbito do seu plano estrat\u00e9gico de sustentabilidade.<\/p>\n<p>A <a href=\"https:\/\/ecovadis.com\/pt\/\" target=\"_blank\" rel=\"noopener\">Ecovadis<\/a>, que analisou mais de 1.6 milh\u00f5es de empresas de 200 ind\u00fastrias diferentes, procura promover a sustentabilidade nas cadeias de abastecimento, com o objetivo de impulsionar a inova\u00e7\u00e3o, minimizar os riscos e favorecer a transpar\u00eancia e a confian\u00e7a entre parceiros de neg\u00f3cio.<\/p>\n<p>No caso da Lu\u00eds Sim\u00f5es, a organiza\u00e7\u00e3o avalia as opera\u00e7\u00f5es de transporte em diferentes aspetos, incluindo o impacto ambiental, as compras sustent\u00e1veis, os direitos laborais e humanos e a \u00e9tica.<\/p>\n<p>A pontua\u00e7\u00e3o atribu\u00edda foi superior \u00e0 m\u00e9dia do setor em todas as \u00e1reas avaliadas, com maior destaque para a de Ambiente, seguida da de pr\u00e1ticas laborais e \u00e9tica. O certificado \u00e9, portanto, o resultado da implementa\u00e7\u00e3o de uma estrat\u00e9gia abrangente de responsabilidade social corporativa, liderada por uma equipa multidisciplinar e envolvendo diferentes \u00e1reas de neg\u00f3cio da Lu\u00eds Sim\u00f5es.<\/p>\n<p>&#8220;\u00c9 com muito orgulho que recebemos mais uma vez a Medalha de Ouro Ecovadis para a nossa atividade de transportes. Na Lu\u00eds Sim\u00f5es entendemos que ser sustent\u00e1vel significa ter de inovar e transformar-nos de v\u00e1rias formas e apostar em a\u00e7\u00f5es que v\u00e3o para al\u00e9m da redu\u00e7\u00e3o de emiss\u00f5es&#8221;, afirmou Cl\u00e1udia Sim\u00f5es, Coordenadora de Sustentabilidade da Lu\u00eds Sim\u00f5es.<\/p>\n<p>&#8220;A sustentabilidade tem de ser vista de uma forma transversal e orientada para o futuro. S\u00f3 assim \u00e9 poss\u00edvel oferecer um servi\u00e7o de qualidade alinhado com as novas necessidades dos nossos clientes, da nossa economia e da nossa sociedade&#8221;, sublinhou.<\/p>\n<p><strong>Lu\u00eds Sim\u00f5es: uma estrat\u00e9gia ESG focada no crescimento<\/strong><\/p>\n<p>Sob esta premissa, a Lu\u00eds Sim\u00f5es conseguiu classificar-se como uma empresa de transporte sustent\u00e1vel, alinhada com os objetivos de responsabilidade de muitos dos seus clientes, incluindo a Coca-Cola, Nestl\u00e9, Heineken, Procter &amp; Gamble ou Unilever, entre outras marcas relevantes do setor FMCG.<\/p>\n<p>Durante o ano de 2023, a frota da Lu\u00eds Sim\u00f5es percorreu mais de 120 milh\u00f5es de quil\u00f3metros e a operadora geriu quase 10.000 envios de e-commerce por dia. Todas estas opera\u00e7\u00f5es foram abordadas de uma perspetiva sustent\u00e1vel, que diminuiu os n\u00edveis de emiss\u00f5es de gases com efeito de estufa da frota pr\u00f3pria da empresa em 12% face a 2017. Entre as m\u00faltiplas iniciativas que contribu\u00edram para este objetivo est\u00e1 a manuten\u00e7\u00e3o de uma frota jovem, com uma idade m\u00e9dia de 2.6 anos, e a aposta em ve\u00edculos euromodulares, sendo a Lu\u00eds Sim\u00f5es pioneira na sua introdu\u00e7\u00e3o sustentada na Pen\u00ednsula Ib\u00e9rica.<\/p>\n<p>Paralelamente a estas pr\u00e1ticas focadas na promo\u00e7\u00e3o de um transporte mais amigo do ambiente, a empresa tem desenvolvido v\u00e1rios projetos dedicados a promover a forma\u00e7\u00e3o, o reconhecimento e o bem-estar dos seus colaboradores.<\/p>\n","protected":false},"excerpt":{"rendered":"<p>A empresa recebeu a medalha de&#8230;<\/p>\n","protected":false},"author":15,"featured_media":78523,"comment_status":"closed","ping_status":"closed","sticky":false,"template":"","format":"standard","meta":{"footnotes":""},"categories":[29],"tags":[5265,1213,7378,7380,7379,6774],"class_list":["post-78524","post","type-post","status-publish","format-standard","has-post-thumbnail","hentry","category-empresas","tag-ecovadis","tag-luis-simoes","tag-medalha-de-ouro","tag-operacoes-de-transporte","tag-quinto-ano-consecutivo","tag-reconhecimento"],"yoast_head":"<!-- This site is optimized with the Yoast SEO plugin v27.5 - https:\/\/yoast.com\/product\/yoast-seo-wordpress\/ -->\n<title>Lu\u00eds Sim\u00f5es conquista 5\u00aa medalha de ouro Ecovadis - Jornal das Oficinas<\/title>\n<meta name=\"description\" content=\"A empresa recebeu a medalha de ouro em 2023 pelo quinto ano consecutivo, com uma pontua\u00e7\u00e3o superior \u00e0 de 2022 e superando a m\u00e9dia do setor\" \/>\n<meta name=\"robots\" content=\"index, follow, max-snippet:-1, max-image-preview:large, max-video-preview:-1\" \/>\n<link rel=\"canonical\" href=\"https:\/\/jornaldasoficinas.com\/pt\/luis-simoes-conquista-5a-medalha-de-ouro-ecovadis\/\" \/>\n<meta property=\"og:locale\" content=\"pt_PT\" \/>\n<meta property=\"og:type\" content=\"article\" \/>\n<meta property=\"og:title\" content=\"Lu\u00eds Sim\u00f5es conquista 5\u00aa medalha de ouro Ecovadis - Jornal das Oficinas\" \/>\n<meta property=\"og:description\" content=\"A empresa recebeu a medalha de ouro em 2023 pelo quinto ano consecutivo, com uma pontua\u00e7\u00e3o superior \u00e0 de 2022 e superando a m\u00e9dia do setor\" \/>\n<meta property=\"og:url\" content=\"https:\/\/jornaldasoficinas.com\/pt\/luis-simoes-conquista-5a-medalha-de-ouro-ecovadis\/\" \/>\n<meta property=\"og:site_name\" content=\"Jornal das Oficinas\" \/>\n<meta property=\"article:publisher\" content=\"https:\/\/www.facebook.com\/jornaloficinas\" \/>\n<meta property=\"article:published_time\" content=\"2024-02-09T10:00:40+00:00\" \/>\n<meta property=\"og:image\" content=\"https:\/\/jornaldasoficinas.com\/pt\/wp-content\/uploads\/2024\/02\/PI_EcoVadis_Medaille.png\" \/>\n\t<meta property=\"og:image:width\" content=\"1024\" \/>\n\t<meta property=\"og:image:height\" content=\"581\" \/>\n\t<meta property=\"og:image:type\" content=\"image\/png\" \/>\n<meta name=\"author\" content=\"Reda\u00e7\u00e3o JO\" \/>\n<meta name=\"twitter:card\" content=\"summary_large_image\" \/>\n<meta name=\"twitter:creator\" content=\"@jornaloficinas\" \/>\n<meta name=\"twitter:site\" content=\"@jornaloficinas\" \/>\n<meta name=\"twitter:label1\" content=\"Escrito por\" \/>\n\t<meta name=\"twitter:data1\" content=\"Reda\u00e7\u00e3o JO\" \/>\n\t<meta name=\"twitter:label2\" content=\"Tempo estimado de leitura\" \/>\n\t<meta name=\"twitter:data2\" content=\"4 minutos\" \/>\n<script type=\"application\/ld+json\" class=\"yoast-schema-graph\">{\"@context\":\"https:\\\/\\\/schema.org\",\"@graph\":[{\"@type\":\"Article\",\"@id\":\"https:\\\/\\\/jornaldasoficinas.com\\\/pt\\\/luis-simoes-conquista-5a-medalha-de-ouro-ecovadis\\\/#article\",\"isPartOf\":{\"@id\":\"https:\\\/\\\/jornaldasoficinas.com\\\/pt\\\/luis-simoes-conquista-5a-medalha-de-ouro-ecovadis\\\/\"},\"author\":{\"name\":\"Reda\u00e7\u00e3o JO\",\"@id\":\"https:\\\/\\\/jornaldasoficinas.com\\\/pt\\\/#\\\/schema\\\/person\\\/a38eef5de2c41d9e7c9ac10141afddf3\"},\"headline\":\"Lu\u00eds Sim\u00f5es conquista 5\u00aa medalha de ouro Ecovadis\",\"datePublished\":\"2024-02-09T10:00:40+00:00\",\"mainEntityOfPage\":{\"@id\":\"https:\\\/\\\/jornaldasoficinas.com\\\/pt\\\/luis-simoes-conquista-5a-medalha-de-ouro-ecovadis\\\/\"},\"wordCount\":605,\"publisher\":{\"@id\":\"https:\\\/\\\/jornaldasoficinas.com\\\/pt\\\/#organization\"},\"image\":{\"@id\":\"https:\\\/\\\/jornaldasoficinas.com\\\/pt\\\/luis-simoes-conquista-5a-medalha-de-ouro-ecovadis\\\/#primaryimage\"},\"thumbnailUrl\":\"https:\\\/\\\/jornaldasoficinas.com\\\/pt\\\/wp-content\\\/uploads\\\/2024\\\/02\\\/PI_EcoVadis_Medaille.png\",\"keywords\":[\"EcoVadis\",\"Lu\u00eds Sim\u00f5es\",\"medalha de ouro\",\"opera\u00e7\u00f5es de transporte\",\"quinto ano consecutivo\",\"Reconhecimento\"],\"articleSection\":[\"Empresas\"],\"inLanguage\":\"pt-PT\"},{\"@type\":\"WebPage\",\"@id\":\"https:\\\/\\\/jornaldasoficinas.com\\\/pt\\\/luis-simoes-conquista-5a-medalha-de-ouro-ecovadis\\\/\",\"url\":\"https:\\\/\\\/jornaldasoficinas.com\\\/pt\\\/luis-simoes-conquista-5a-medalha-de-ouro-ecovadis\\\/\",\"name\":\"Lu\u00eds Sim\u00f5es conquista 5\u00aa medalha de ouro Ecovadis - Jornal das Oficinas\",\"isPartOf\":{\"@id\":\"https:\\\/\\\/jornaldasoficinas.com\\\/pt\\\/#website\"},\"primaryImageOfPage\":{\"@id\":\"https:\\\/\\\/jornaldasoficinas.com\\\/pt\\\/luis-simoes-conquista-5a-medalha-de-ouro-ecovadis\\\/#primaryimage\"},\"image\":{\"@id\":\"https:\\\/\\\/jornaldasoficinas.com\\\/pt\\\/luis-simoes-conquista-5a-medalha-de-ouro-ecovadis\\\/#primaryimage\"},\"thumbnailUrl\":\"https:\\\/\\\/jornaldasoficinas.com\\\/pt\\\/wp-content\\\/uploads\\\/2024\\\/02\\\/PI_EcoVadis_Medaille.png\",\"datePublished\":\"2024-02-09T10:00:40+00:00\",\"description\":\"A empresa recebeu a medalha de ouro em 2023 pelo quinto ano consecutivo, com uma pontua\u00e7\u00e3o superior \u00e0 de 2022 e superando a m\u00e9dia do setor\",\"breadcrumb\":{\"@id\":\"https:\\\/\\\/jornaldasoficinas.com\\\/pt\\\/luis-simoes-conquista-5a-medalha-de-ouro-ecovadis\\\/#breadcrumb\"},\"inLanguage\":\"pt-PT\",\"potentialAction\":[{\"@type\":\"ReadAction\",\"target\":[\"https:\\\/\\\/jornaldasoficinas.com\\\/pt\\\/luis-simoes-conquista-5a-medalha-de-ouro-ecovadis\\\/\"]}]},{\"@type\":\"ImageObject\",\"inLanguage\":\"pt-PT\",\"@id\":\"https:\\\/\\\/jornaldasoficinas.com\\\/pt\\\/luis-simoes-conquista-5a-medalha-de-ouro-ecovadis\\\/#primaryimage\",\"url\":\"https:\\\/\\\/jornaldasoficinas.com\\\/pt\\\/wp-content\\\/uploads\\\/2024\\\/02\\\/PI_EcoVadis_Medaille.png\",\"contentUrl\":\"https:\\\/\\\/jornaldasoficinas.com\\\/pt\\\/wp-content\\\/uploads\\\/2024\\\/02\\\/PI_EcoVadis_Medaille.png\",\"width\":1024,\"height\":581,\"caption\":\"02 - PI_EcoVadis_Medaille\"},{\"@type\":\"BreadcrumbList\",\"@id\":\"https:\\\/\\\/jornaldasoficinas.com\\\/pt\\\/luis-simoes-conquista-5a-medalha-de-ouro-ecovadis\\\/#breadcrumb\",\"itemListElement\":[{\"@type\":\"ListItem\",\"position\":1,\"name\":\"In\u00edcio\",\"item\":\"https:\\\/\\\/jornaldasoficinas.com\\\/pt\\\/\"},{\"@type\":\"ListItem\",\"position\":2,\"name\":\"Lu\u00eds Sim\u00f5es conquista 5\u00aa medalha de ouro Ecovadis\"}]},{\"@type\":\"WebSite\",\"@id\":\"https:\\\/\\\/jornaldasoficinas.com\\\/pt\\\/#website\",\"url\":\"https:\\\/\\\/jornaldasoficinas.com\\\/pt\\\/\",\"name\":\"Jornal das Oficinas\",\"description\":\"Jornal independente do Aftermarket Autom\u00f3vel em Portugal\",\"publisher\":{\"@id\":\"https:\\\/\\\/jornaldasoficinas.com\\\/pt\\\/#organization\"},\"potentialAction\":[{\"@type\":\"SearchAction\",\"target\":{\"@type\":\"EntryPoint\",\"urlTemplate\":\"https:\\\/\\\/jornaldasoficinas.com\\\/pt\\\/?s={search_term_string}\"},\"query-input\":{\"@type\":\"PropertyValueSpecification\",\"valueRequired\":true,\"valueName\":\"search_term_string\"}}],\"inLanguage\":\"pt-PT\"},{\"@type\":\"Organization\",\"@id\":\"https:\\\/\\\/jornaldasoficinas.com\\\/pt\\\/#organization\",\"name\":\"Jornal das Oficinas\",\"url\":\"https:\\\/\\\/jornaldasoficinas.com\\\/pt\\\/\",\"logo\":{\"@type\":\"ImageObject\",\"inLanguage\":\"pt-PT\",\"@id\":\"https:\\\/\\\/jornaldasoficinas.com\\\/pt\\\/#\\\/schema\\\/logo\\\/image\\\/\",\"url\":\"https:\\\/\\\/jornaldasoficinas.com\\\/pt\\\/wp-content\\\/uploads\\\/logoJO-SEO.png\",\"contentUrl\":\"https:\\\/\\\/jornaldasoficinas.com\\\/pt\\\/wp-content\\\/uploads\\\/logoJO-SEO.png\",\"width\":285,\"height\":450,\"caption\":\"Jornal das Oficinas\"},\"image\":{\"@id\":\"https:\\\/\\\/jornaldasoficinas.com\\\/pt\\\/#\\\/schema\\\/logo\\\/image\\\/\"},\"sameAs\":[\"https:\\\/\\\/www.facebook.com\\\/jornaloficinas\",\"https:\\\/\\\/x.com\\\/jornaloficinas\",\"https:\\\/\\\/www.instagram.com\\\/jornal_oficinas\\\/\",\"https:\\\/\\\/www.linkedin.com\\\/company\\\/jornal-das-oficinas\\\/\",\"https:\\\/\\\/www.youtube.com\\\/channel\\\/UCbQZBqtcvV-oSQrr7RzINGg\"]},{\"@type\":\"Person\",\"@id\":\"https:\\\/\\\/jornaldasoficinas.com\\\/pt\\\/#\\\/schema\\\/person\\\/a38eef5de2c41d9e7c9ac10141afddf3\",\"name\":\"Reda\u00e7\u00e3o JO\",\"image\":{\"@type\":\"ImageObject\",\"inLanguage\":\"pt-PT\",\"@id\":\"https:\\\/\\\/secure.gravatar.com\\\/avatar\\\/71f2fa71737ad68a84fea94bc708ddac8ea5b0c4788dc2ad202f3ccb2887742f?s=96&d=wp_user_avatar&r=g\",\"url\":\"https:\\\/\\\/secure.gravatar.com\\\/avatar\\\/71f2fa71737ad68a84fea94bc708ddac8ea5b0c4788dc2ad202f3ccb2887742f?s=96&d=wp_user_avatar&r=g\",\"contentUrl\":\"https:\\\/\\\/secure.gravatar.com\\\/avatar\\\/71f2fa71737ad68a84fea94bc708ddac8ea5b0c4788dc2ad202f3ccb2887742f?s=96&d=wp_user_avatar&r=g\",\"caption\":\"Reda\u00e7\u00e3o JO\"},\"url\":\"https:\\\/\\\/jornaldasoficinas.com\\\/pt\\\/author\\\/joredacao\\\/\"}]}<\/script>\n<!-- \/ Yoast SEO plugin. -->","yoast_head_json":{"title":"Lu\u00eds Sim\u00f5es conquista 5\u00aa medalha de ouro Ecovadis - Jornal das Oficinas","description":"A empresa recebeu a medalha de ouro em 2023 pelo quinto ano consecutivo, com uma pontua\u00e7\u00e3o superior \u00e0 de 2022 e superando a m\u00e9dia do setor","robots":{"index":"index","follow":"follow","max-snippet":"max-snippet:-1","max-image-preview":"max-image-preview:large","max-video-preview":"max-video-preview:-1"},"canonical":"https:\/\/jornaldasoficinas.com\/pt\/luis-simoes-conquista-5a-medalha-de-ouro-ecovadis\/","og_locale":"pt_PT","og_type":"article","og_title":"Lu\u00eds Sim\u00f5es conquista 5\u00aa medalha de ouro Ecovadis - Jornal das Oficinas","og_description":"A empresa recebeu a medalha de ouro em 2023 pelo quinto ano consecutivo, com uma pontua\u00e7\u00e3o superior \u00e0 de 2022 e superando a m\u00e9dia do setor","og_url":"https:\/\/jornaldasoficinas.com\/pt\/luis-simoes-conquista-5a-medalha-de-ouro-ecovadis\/","og_site_name":"Jornal das Oficinas","article_publisher":"https:\/\/www.facebook.com\/jornaloficinas","article_published_time":"2024-02-09T10:00:40+00:00","og_image":[{"width":1024,"height":581,"url":"https:\/\/jornaldasoficinas.com\/pt\/wp-content\/uploads\/2024\/02\/PI_EcoVadis_Medaille.png","type":"image\/png"}],"author":"Reda\u00e7\u00e3o JO","twitter_card":"summary_large_image","twitter_creator":"@jornaloficinas","twitter_site":"@jornaloficinas","twitter_misc":{"Escrito por":"Reda\u00e7\u00e3o JO","Tempo estimado de leitura":"4 minutos"},"schema":{"@context":"https:\/\/schema.org","@graph":[{"@type":"Article","@id":"https:\/\/jornaldasoficinas.com\/pt\/luis-simoes-conquista-5a-medalha-de-ouro-ecovadis\/#article","isPartOf":{"@id":"https:\/\/jornaldasoficinas.com\/pt\/luis-simoes-conquista-5a-medalha-de-ouro-ecovadis\/"},"author":{"name":"Reda\u00e7\u00e3o JO","@id":"https:\/\/jornaldasoficinas.com\/pt\/#\/schema\/person\/a38eef5de2c41d9e7c9ac10141afddf3"},"headline":"Lu\u00eds Sim\u00f5es conquista 5\u00aa medalha de ouro Ecovadis","datePublished":"2024-02-09T10:00:40+00:00","mainEntityOfPage":{"@id":"https:\/\/jornaldasoficinas.com\/pt\/luis-simoes-conquista-5a-medalha-de-ouro-ecovadis\/"},"wordCount":605,"publisher":{"@id":"https:\/\/jornaldasoficinas.com\/pt\/#organization"},"image":{"@id":"https:\/\/jornaldasoficinas.com\/pt\/luis-simoes-conquista-5a-medalha-de-ouro-ecovadis\/#primaryimage"},"thumbnailUrl":"https:\/\/jornaldasoficinas.com\/pt\/wp-content\/uploads\/2024\/02\/PI_EcoVadis_Medaille.png","keywords":["EcoVadis","Lu\u00eds Sim\u00f5es","medalha de ouro","opera\u00e7\u00f5es de transporte","quinto ano consecutivo","Reconhecimento"],"articleSection":["Empresas"],"inLanguage":"pt-PT"},{"@type":"WebPage","@id":"https:\/\/jornaldasoficinas.com\/pt\/luis-simoes-conquista-5a-medalha-de-ouro-ecovadis\/","url":"https:\/\/jornaldasoficinas.com\/pt\/luis-simoes-conquista-5a-medalha-de-ouro-ecovadis\/","name":"Lu\u00eds Sim\u00f5es conquista 5\u00aa medalha de ouro Ecovadis - Jornal das Oficinas","isPartOf":{"@id":"https:\/\/jornaldasoficinas.com\/pt\/#website"},"primaryImageOfPage":{"@id":"https:\/\/jornaldasoficinas.com\/pt\/luis-simoes-conquista-5a-medalha-de-ouro-ecovadis\/#primaryimage"},"image":{"@id":"https:\/\/jornaldasoficinas.com\/pt\/luis-simoes-conquista-5a-medalha-de-ouro-ecovadis\/#primaryimage"},"thumbnailUrl":"https:\/\/jornaldasoficinas.com\/pt\/wp-content\/uploads\/2024\/02\/PI_EcoVadis_Medaille.png","datePublished":"2024-02-09T10:00:40+00:00","description":"A empresa recebeu a medalha de ouro em 2023 pelo quinto ano consecutivo, com uma pontua\u00e7\u00e3o superior \u00e0 de 2022 e superando a m\u00e9dia do setor","breadcrumb":{"@id":"https:\/\/jornaldasoficinas.com\/pt\/luis-simoes-conquista-5a-medalha-de-ouro-ecovadis\/#breadcrumb"},"inLanguage":"pt-PT","potentialAction":[{"@type":"ReadAction","target":["https:\/\/jornaldasoficinas.com\/pt\/luis-simoes-conquista-5a-medalha-de-ouro-ecovadis\/"]}]},{"@type":"ImageObject","inLanguage":"pt-PT","@id":"https:\/\/jornaldasoficinas.com\/pt\/luis-simoes-conquista-5a-medalha-de-ouro-ecovadis\/#primaryimage","url":"https:\/\/jornaldasoficinas.com\/pt\/wp-content\/uploads\/2024\/02\/PI_EcoVadis_Medaille.png","contentUrl":"https:\/\/jornaldasoficinas.com\/pt\/wp-content\/uploads\/2024\/02\/PI_EcoVadis_Medaille.png","width":1024,"height":581,"caption":"02 - PI_EcoVadis_Medaille"},{"@type":"BreadcrumbList","@id":"https:\/\/jornaldasoficinas.com\/pt\/luis-simoes-conquista-5a-medalha-de-ouro-ecovadis\/#breadcrumb","itemListElement":[{"@type":"ListItem","position":1,"name":"In\u00edcio","item":"https:\/\/jornaldasoficinas.com\/pt\/"},{"@type":"ListItem","position":2,"name":"Lu\u00eds Sim\u00f5es conquista 5\u00aa medalha de ouro Ecovadis"}]},{"@type":"WebSite","@id":"https:\/\/jornaldasoficinas.com\/pt\/#website","url":"https:\/\/jornaldasoficinas.com\/pt\/","name":"Jornal das Oficinas","description":"Jornal independente do Aftermarket Autom\u00f3vel em Portugal","publisher":{"@id":"https:\/\/jornaldasoficinas.com\/pt\/#organization"},"potentialAction":[{"@type":"SearchAction","target":{"@type":"EntryPoint","urlTemplate":"https:\/\/jornaldasoficinas.com\/pt\/?s={search_term_string}"},"query-input":{"@type":"PropertyValueSpecification","valueRequired":true,"valueName":"search_term_string"}}],"inLanguage":"pt-PT"},{"@type":"Organization","@id":"https:\/\/jornaldasoficinas.com\/pt\/#organization","name":"Jornal das Oficinas","url":"https:\/\/jornaldasoficinas.com\/pt\/","logo":{"@type":"ImageObject","inLanguage":"pt-PT","@id":"https:\/\/jornaldasoficinas.com\/pt\/#\/schema\/logo\/image\/","url":"https:\/\/jornaldasoficinas.com\/pt\/wp-content\/uploads\/logoJO-SEO.png","contentUrl":"https:\/\/jornaldasoficinas.com\/pt\/wp-content\/uploads\/logoJO-SEO.png","width":285,"height":450,"caption":"Jornal das Oficinas"},"image":{"@id":"https:\/\/jornaldasoficinas.com\/pt\/#\/schema\/logo\/image\/"},"sameAs":["https:\/\/www.facebook.com\/jornaloficinas","https:\/\/x.com\/jornaloficinas","https:\/\/www.instagram.com\/jornal_oficinas\/","https:\/\/www.linkedin.com\/company\/jornal-das-oficinas\/","https:\/\/www.youtube.com\/channel\/UCbQZBqtcvV-oSQrr7RzINGg"]},{"@type":"Person","@id":"https:\/\/jornaldasoficinas.com\/pt\/#\/schema\/person\/a38eef5de2c41d9e7c9ac10141afddf3","name":"Reda\u00e7\u00e3o JO","image":{"@type":"ImageObject","inLanguage":"pt-PT","@id":"https:\/\/secure.gravatar.com\/avatar\/71f2fa71737ad68a84fea94bc708ddac8ea5b0c4788dc2ad202f3ccb2887742f?s=96&d=wp_user_avatar&r=g","url":"https:\/\/secure.gravatar.com\/avatar\/71f2fa71737ad68a84fea94bc708ddac8ea5b0c4788dc2ad202f3ccb2887742f?s=96&d=wp_user_avatar&r=g","contentUrl":"https:\/\/secure.gravatar.com\/avatar\/71f2fa71737ad68a84fea94bc708ddac8ea5b0c4788dc2ad202f3ccb2887742f?s=96&d=wp_user_avatar&r=g","caption":"Reda\u00e7\u00e3o JO"},"url":"https:\/\/jornaldasoficinas.com\/pt\/author\/joredacao\/"}]}},"_links":{"self":[{"href":"https:\/\/jornaldasoficinas.com\/pt\/wp-json\/wp\/v2\/posts\/78524","targetHints":{"allow":["GET"]}}],"collection":[{"href":"https:\/\/jornaldasoficinas.com\/pt\/wp-json\/wp\/v2\/posts"}],"about":[{"href":"https:\/\/jornaldasoficinas.com\/pt\/wp-json\/wp\/v2\/types\/post"}],"author":[{"embeddable":true,"href":"https:\/\/jornaldasoficinas.com\/pt\/wp-json\/wp\/v2\/users\/15"}],"replies":[{"embeddable":true,"href":"https:\/\/jornaldasoficinas.com\/pt\/wp-json\/wp\/v2\/comments?post=78524"}],"version-history":[{"count":0,"href":"https:\/\/jornaldasoficinas.com\/pt\/wp-json\/wp\/v2\/posts\/78524\/revisions"}],"wp:featuredmedia":[{"embeddable":true,"href":"https:\/\/jornaldasoficinas.com\/pt\/wp-json\/wp\/v2\/media\/78523"}],"wp:attachment":[{"href":"https:\/\/jornaldasoficinas.com\/pt\/wp-json\/wp\/v2\/media?parent=78524"}],"wp:term":[{"taxonomy":"category","embeddable":true,"href":"https:\/\/jornaldasoficinas.com\/pt\/wp-json\/wp\/v2\/categories?post=78524"},{"taxonomy":"post_tag","embeddable":true,"href":"https:\/\/jornaldasoficinas.com\/pt\/wp-json\/wp\/v2\/tags?post=78524"}],"curies":[{"name":"wp","href":"https:\/\/api.w.org\/{rel}","templated":true}]}}