{"id":79144,"date":"2024-02-20T08:00:59","date_gmt":"2024-02-20T08:00:59","guid":{"rendered":"https:\/\/jornaldasoficinas.com\/pt\/?p=79144"},"modified":"2024-02-15T17:45:51","modified_gmt":"2024-02-15T17:45:51","slug":"centro-zaragoza-faz-convocatoria-para-curso-de-perito-em-seguro-auto","status":"publish","type":"post","link":"https:\/\/jornaldasoficinas.com\/pt\/centro-zaragoza-faz-convocatoria-para-curso-de-perito-em-seguro-auto\/","title":{"rendered":"Centro Zaragoza faz convocat\u00f3ria para curso de &#8220;Perito em Seguro Auto&#8221;"},"content":{"rendered":"<p><img loading=\"lazy\" decoding=\"async\" class=\"alignnone size-full wp-image-79146\" src=\"https:\/\/jornaldasoficinas.com\/pt\/wp-content\/uploads\/2024\/02\/Centro-Zaragoza-lanca-1a-convocatoria-do-curso-de-avaliacao-de-seguros-auto.jpeg\" alt=\"02 - Centro Zaragoza lanca 1a convocatoria do curso de avaliacao de seguros auto\" width=\"1024\" height=\"581\" srcset=\"https:\/\/jornaldasoficinas.com\/pt\/wp-content\/uploads\/2024\/02\/Centro-Zaragoza-lanca-1a-convocatoria-do-curso-de-avaliacao-de-seguros-auto.jpeg 1024w, https:\/\/jornaldasoficinas.com\/pt\/wp-content\/uploads\/2024\/02\/Centro-Zaragoza-lanca-1a-convocatoria-do-curso-de-avaliacao-de-seguros-auto-300x170.jpeg 300w, https:\/\/jornaldasoficinas.com\/pt\/wp-content\/uploads\/2024\/02\/Centro-Zaragoza-lanca-1a-convocatoria-do-curso-de-avaliacao-de-seguros-auto-150x85.jpeg 150w, https:\/\/jornaldasoficinas.com\/pt\/wp-content\/uploads\/2024\/02\/Centro-Zaragoza-lanca-1a-convocatoria-do-curso-de-avaliacao-de-seguros-auto-768x436.jpeg 768w\" sizes=\"auto, (max-width: 1024px) 100vw, 1024px\" \/><\/p>\n<p><strong>Este ano, o <a href=\"https:\/\/web.centro-zaragoza.com\/\" target=\"_blank\" rel=\"noopener\">Centro Zaragoza<\/a> programou tr\u00eas convocat\u00f3rias para a forma\u00e7\u00e3o que ministra h\u00e1 mais de 30 anos em inspe\u00e7\u00e3o de ve\u00edculos. O primeiro deles come\u00e7a no dia 11 de mar\u00e7o e termina no dia 25 de outubro<\/strong><\/p>\n<p>&#8220;A experi\u00eancia dos \u00faltimos tr\u00eas anos no desenvolvimento do curso de avaliador de seguros autom\u00f3veis sob uma metodologia 100% online teve uma avalia\u00e7\u00e3o muito positiva por parte dos alunos, demonstrando a sua satisfa\u00e7\u00e3o tanto com os conte\u00fados do curso como com os recursos pedag\u00f3gicos utilizados: streaming aulas, chats, v\u00eddeos, informa\u00e7\u00f5es complementares em f\u00f3runs, etc., promovendo o correto entendimento dos assuntos inclu\u00eddos nos quatro blocos do curso: legisla\u00e7\u00e3o de seguros, tecnologia automobil\u00edstica, sistemas tecnol\u00f3gicos de avalia\u00e7\u00e3o de sinistros e avalia\u00e7\u00e3o de danos e, atua\u00e7\u00e3o de conhecimentos espec\u00edficos de seguro autom\u00f3vel&#8221;, avan\u00e7ou o Centro Zaragoza em comunicado.<\/p>\n<p>Assim, tomando como refer\u00eancia a experi\u00eancia de anos anteriores, o Centro Zaragoza programou, em 2024, tr\u00eas sess\u00f5es de forma\u00e7\u00e3o 100% online com base nas datas mais procuradas pelos alunos para a realiza\u00e7\u00e3o do curso. Estas s\u00e3o:<\/p>\n<p>\u2022 1\u00aa chamada: de 11 de mar\u00e7o a 25 de outubro de 2024<br \/>\n\u2022 2\u00aa chamada: de 3 de junho de 2024 a 10 de janeiro de 2025<br \/>\n\u2022 3\u00aa chamada: de 14 de outubro de 2024 a 16 de maio de 2025<\/p>\n<p>&#8220;Os dois primeiros s\u00e3o muito bem recebidos pelos trabalhadores, tanto do setor da repara\u00e7\u00e3o como do setor especializado, que pretendem conciliar trabalho e forma\u00e7\u00e3o com o objectivo de melhorar as suas compet\u00eancias e aumentar as suas perspectivas de carreira&#8221;, explicou.<\/p>\n<p>&#8220;O terceiro concurso tem especial interesse para os alunos que tenham conclu\u00eddo a forma\u00e7\u00e3o como t\u00e9cnicos de forma\u00e7\u00e3o profissional interm\u00e9dia e superior e se especializaram em avalia\u00e7\u00e3o de seguros autom\u00f3veis com o objectivo de entrar no mercado com um maior grau de especializa\u00e7\u00e3o e competitividade&#8221;, esclareceu.<\/p>\n<p>&#8220;Por \u00faltimo, importa referir que, independentemente do perfil do aluno, o curso \u201cPerito em Seguro Auto\u201d d\u00e1 acesso a uma profiss\u00e3o procurada, cujas oportunidades profissionais atingem cada vez mais uma maior dimens\u00e3o em resultado da moderniza\u00e7\u00e3o do setor&#8221;, concluiu.<\/p>\n","protected":false},"excerpt":{"rendered":"<p>Este ano, o Centro Zaragoza programou&#8230;<\/p>\n","protected":false},"author":15,"featured_media":79146,"comment_status":"closed","ping_status":"closed","sticky":false,"template":"","format":"standard","meta":{"footnotes":""},"categories":[37],"tags":[4558,7486,4226,209,212,7485,7487,7484],"class_list":["post-79144","post","type-post","status-publish","format-standard","has-post-thumbnail","hentry","category-mercado","tag-11-de-marco","tag-25-de-outubro","tag-30-anos","tag-centro-zaragoza","tag-formacao","tag-inspecao-de-veiculos","tag-perito-em-seguro-auto","tag-tres-convocatorias"],"yoast_head":"<!-- This site is optimized with the Yoast SEO plugin v27.4 - https:\/\/yoast.com\/product\/yoast-seo-wordpress\/ -->\n<title>Centro Zaragoza faz convocat\u00f3ria para curso de &quot;Perito em Seguro Auto&quot; - Jornal das Oficinas<\/title>\n<meta name=\"description\" content=\"Este ano, o Centro Zaragoza programou tr\u00eas convocat\u00f3rias para a forma\u00e7\u00e3o que ministra h\u00e1 mais de 30 anos em inspe\u00e7\u00e3o de ve\u00edculos\" \/>\n<meta name=\"robots\" content=\"index, follow, max-snippet:-1, max-image-preview:large, max-video-preview:-1\" \/>\n<link rel=\"canonical\" href=\"https:\/\/jornaldasoficinas.com\/pt\/centro-zaragoza-faz-convocatoria-para-curso-de-perito-em-seguro-auto\/\" \/>\n<meta property=\"og:locale\" content=\"pt_PT\" \/>\n<meta property=\"og:type\" content=\"article\" \/>\n<meta property=\"og:title\" content=\"Centro Zaragoza faz convocat\u00f3ria para curso de &quot;Perito em Seguro Auto&quot; - Jornal das Oficinas\" \/>\n<meta property=\"og:description\" content=\"Este ano, o Centro Zaragoza programou tr\u00eas convocat\u00f3rias para a forma\u00e7\u00e3o que ministra h\u00e1 mais de 30 anos em inspe\u00e7\u00e3o de ve\u00edculos\" \/>\n<meta property=\"og:url\" content=\"https:\/\/jornaldasoficinas.com\/pt\/centro-zaragoza-faz-convocatoria-para-curso-de-perito-em-seguro-auto\/\" \/>\n<meta property=\"og:site_name\" content=\"Jornal das Oficinas\" \/>\n<meta property=\"article:publisher\" content=\"https:\/\/www.facebook.com\/jornaloficinas\" \/>\n<meta property=\"article:published_time\" content=\"2024-02-20T08:00:59+00:00\" \/>\n<meta property=\"og:image\" content=\"https:\/\/jornaldasoficinas.com\/pt\/wp-content\/uploads\/2024\/02\/Centro-Zaragoza-lanca-1a-convocatoria-do-curso-de-avaliacao-de-seguros-auto.jpeg\" \/>\n\t<meta property=\"og:image:width\" content=\"1024\" \/>\n\t<meta property=\"og:image:height\" content=\"581\" \/>\n\t<meta property=\"og:image:type\" content=\"image\/jpeg\" \/>\n<meta name=\"author\" content=\"Reda\u00e7\u00e3o JO\" \/>\n<meta name=\"twitter:card\" content=\"summary_large_image\" \/>\n<meta name=\"twitter:creator\" content=\"@jornaloficinas\" \/>\n<meta name=\"twitter:site\" content=\"@jornaloficinas\" \/>\n<meta name=\"twitter:label1\" content=\"Escrito por\" \/>\n\t<meta name=\"twitter:data1\" content=\"Reda\u00e7\u00e3o JO\" \/>\n\t<meta name=\"twitter:label2\" content=\"Tempo estimado de leitura\" \/>\n\t<meta name=\"twitter:data2\" content=\"3 minutos\" \/>\n<script type=\"application\/ld+json\" class=\"yoast-schema-graph\">{\"@context\":\"https:\\\/\\\/schema.org\",\"@graph\":[{\"@type\":\"Article\",\"@id\":\"https:\\\/\\\/jornaldasoficinas.com\\\/pt\\\/centro-zaragoza-faz-convocatoria-para-curso-de-perito-em-seguro-auto\\\/#article\",\"isPartOf\":{\"@id\":\"https:\\\/\\\/jornaldasoficinas.com\\\/pt\\\/centro-zaragoza-faz-convocatoria-para-curso-de-perito-em-seguro-auto\\\/\"},\"author\":{\"name\":\"Reda\u00e7\u00e3o JO\",\"@id\":\"https:\\\/\\\/jornaldasoficinas.com\\\/pt\\\/#\\\/schema\\\/person\\\/a38eef5de2c41d9e7c9ac10141afddf3\"},\"headline\":\"Centro Zaragoza faz convocat\u00f3ria para curso de &#8220;Perito em Seguro Auto&#8221;\",\"datePublished\":\"2024-02-20T08:00:59+00:00\",\"mainEntityOfPage\":{\"@id\":\"https:\\\/\\\/jornaldasoficinas.com\\\/pt\\\/centro-zaragoza-faz-convocatoria-para-curso-de-perito-em-seguro-auto\\\/\"},\"wordCount\":376,\"publisher\":{\"@id\":\"https:\\\/\\\/jornaldasoficinas.com\\\/pt\\\/#organization\"},\"image\":{\"@id\":\"https:\\\/\\\/jornaldasoficinas.com\\\/pt\\\/centro-zaragoza-faz-convocatoria-para-curso-de-perito-em-seguro-auto\\\/#primaryimage\"},\"thumbnailUrl\":\"https:\\\/\\\/jornaldasoficinas.com\\\/pt\\\/wp-content\\\/uploads\\\/2024\\\/02\\\/Centro-Zaragoza-lanca-1a-convocatoria-do-curso-de-avaliacao-de-seguros-auto.jpeg\",\"keywords\":[\"11 de mar\u00e7o\",\"25 de outubro\",\"30 anos\",\"Centro Zaragoza\",\"Forma\u00e7\u00e3o\",\"inspe\u00e7\u00e3o de ve\u00edculos\",\"Perito em Seguro Auto\",\"tr\u00eas convocat\u00f3rias\"],\"articleSection\":[\"Mercado\"],\"inLanguage\":\"pt-PT\"},{\"@type\":\"WebPage\",\"@id\":\"https:\\\/\\\/jornaldasoficinas.com\\\/pt\\\/centro-zaragoza-faz-convocatoria-para-curso-de-perito-em-seguro-auto\\\/\",\"url\":\"https:\\\/\\\/jornaldasoficinas.com\\\/pt\\\/centro-zaragoza-faz-convocatoria-para-curso-de-perito-em-seguro-auto\\\/\",\"name\":\"Centro Zaragoza faz convocat\u00f3ria para curso de \\\"Perito em Seguro Auto\\\" - Jornal das Oficinas\",\"isPartOf\":{\"@id\":\"https:\\\/\\\/jornaldasoficinas.com\\\/pt\\\/#website\"},\"primaryImageOfPage\":{\"@id\":\"https:\\\/\\\/jornaldasoficinas.com\\\/pt\\\/centro-zaragoza-faz-convocatoria-para-curso-de-perito-em-seguro-auto\\\/#primaryimage\"},\"image\":{\"@id\":\"https:\\\/\\\/jornaldasoficinas.com\\\/pt\\\/centro-zaragoza-faz-convocatoria-para-curso-de-perito-em-seguro-auto\\\/#primaryimage\"},\"thumbnailUrl\":\"https:\\\/\\\/jornaldasoficinas.com\\\/pt\\\/wp-content\\\/uploads\\\/2024\\\/02\\\/Centro-Zaragoza-lanca-1a-convocatoria-do-curso-de-avaliacao-de-seguros-auto.jpeg\",\"datePublished\":\"2024-02-20T08:00:59+00:00\",\"description\":\"Este ano, o Centro Zaragoza programou tr\u00eas convocat\u00f3rias para a forma\u00e7\u00e3o que ministra h\u00e1 mais de 30 anos em inspe\u00e7\u00e3o de ve\u00edculos\",\"breadcrumb\":{\"@id\":\"https:\\\/\\\/jornaldasoficinas.com\\\/pt\\\/centro-zaragoza-faz-convocatoria-para-curso-de-perito-em-seguro-auto\\\/#breadcrumb\"},\"inLanguage\":\"pt-PT\",\"potentialAction\":[{\"@type\":\"ReadAction\",\"target\":[\"https:\\\/\\\/jornaldasoficinas.com\\\/pt\\\/centro-zaragoza-faz-convocatoria-para-curso-de-perito-em-seguro-auto\\\/\"]}]},{\"@type\":\"ImageObject\",\"inLanguage\":\"pt-PT\",\"@id\":\"https:\\\/\\\/jornaldasoficinas.com\\\/pt\\\/centro-zaragoza-faz-convocatoria-para-curso-de-perito-em-seguro-auto\\\/#primaryimage\",\"url\":\"https:\\\/\\\/jornaldasoficinas.com\\\/pt\\\/wp-content\\\/uploads\\\/2024\\\/02\\\/Centro-Zaragoza-lanca-1a-convocatoria-do-curso-de-avaliacao-de-seguros-auto.jpeg\",\"contentUrl\":\"https:\\\/\\\/jornaldasoficinas.com\\\/pt\\\/wp-content\\\/uploads\\\/2024\\\/02\\\/Centro-Zaragoza-lanca-1a-convocatoria-do-curso-de-avaliacao-de-seguros-auto.jpeg\",\"width\":1024,\"height\":581,\"caption\":\"02 - Centro Zaragoza lanca 1a convocatoria do curso de avaliacao de seguros auto\"},{\"@type\":\"BreadcrumbList\",\"@id\":\"https:\\\/\\\/jornaldasoficinas.com\\\/pt\\\/centro-zaragoza-faz-convocatoria-para-curso-de-perito-em-seguro-auto\\\/#breadcrumb\",\"itemListElement\":[{\"@type\":\"ListItem\",\"position\":1,\"name\":\"In\u00edcio\",\"item\":\"https:\\\/\\\/jornaldasoficinas.com\\\/pt\\\/\"},{\"@type\":\"ListItem\",\"position\":2,\"name\":\"Centro Zaragoza faz convocat\u00f3ria para curso de &#8220;Perito em Seguro Auto&#8221;\"}]},{\"@type\":\"WebSite\",\"@id\":\"https:\\\/\\\/jornaldasoficinas.com\\\/pt\\\/#website\",\"url\":\"https:\\\/\\\/jornaldasoficinas.com\\\/pt\\\/\",\"name\":\"Jornal das Oficinas\",\"description\":\"Jornal independente do Aftermarket Autom\u00f3vel em Portugal\",\"publisher\":{\"@id\":\"https:\\\/\\\/jornaldasoficinas.com\\\/pt\\\/#organization\"},\"potentialAction\":[{\"@type\":\"SearchAction\",\"target\":{\"@type\":\"EntryPoint\",\"urlTemplate\":\"https:\\\/\\\/jornaldasoficinas.com\\\/pt\\\/?s={search_term_string}\"},\"query-input\":{\"@type\":\"PropertyValueSpecification\",\"valueRequired\":true,\"valueName\":\"search_term_string\"}}],\"inLanguage\":\"pt-PT\"},{\"@type\":\"Organization\",\"@id\":\"https:\\\/\\\/jornaldasoficinas.com\\\/pt\\\/#organization\",\"name\":\"Jornal das Oficinas\",\"url\":\"https:\\\/\\\/jornaldasoficinas.com\\\/pt\\\/\",\"logo\":{\"@type\":\"ImageObject\",\"inLanguage\":\"pt-PT\",\"@id\":\"https:\\\/\\\/jornaldasoficinas.com\\\/pt\\\/#\\\/schema\\\/logo\\\/image\\\/\",\"url\":\"https:\\\/\\\/jornaldasoficinas.com\\\/pt\\\/wp-content\\\/uploads\\\/logoJO-SEO.png\",\"contentUrl\":\"https:\\\/\\\/jornaldasoficinas.com\\\/pt\\\/wp-content\\\/uploads\\\/logoJO-SEO.png\",\"width\":285,\"height\":450,\"caption\":\"Jornal das Oficinas\"},\"image\":{\"@id\":\"https:\\\/\\\/jornaldasoficinas.com\\\/pt\\\/#\\\/schema\\\/logo\\\/image\\\/\"},\"sameAs\":[\"https:\\\/\\\/www.facebook.com\\\/jornaloficinas\",\"https:\\\/\\\/x.com\\\/jornaloficinas\",\"https:\\\/\\\/www.instagram.com\\\/jornal_oficinas\\\/\",\"https:\\\/\\\/www.linkedin.com\\\/company\\\/jornal-das-oficinas\\\/\",\"https:\\\/\\\/www.youtube.com\\\/channel\\\/UCbQZBqtcvV-oSQrr7RzINGg\"]},{\"@type\":\"Person\",\"@id\":\"https:\\\/\\\/jornaldasoficinas.com\\\/pt\\\/#\\\/schema\\\/person\\\/a38eef5de2c41d9e7c9ac10141afddf3\",\"name\":\"Reda\u00e7\u00e3o JO\",\"image\":{\"@type\":\"ImageObject\",\"inLanguage\":\"pt-PT\",\"@id\":\"https:\\\/\\\/secure.gravatar.com\\\/avatar\\\/71f2fa71737ad68a84fea94bc708ddac8ea5b0c4788dc2ad202f3ccb2887742f?s=96&d=wp_user_avatar&r=g\",\"url\":\"https:\\\/\\\/secure.gravatar.com\\\/avatar\\\/71f2fa71737ad68a84fea94bc708ddac8ea5b0c4788dc2ad202f3ccb2887742f?s=96&d=wp_user_avatar&r=g\",\"contentUrl\":\"https:\\\/\\\/secure.gravatar.com\\\/avatar\\\/71f2fa71737ad68a84fea94bc708ddac8ea5b0c4788dc2ad202f3ccb2887742f?s=96&d=wp_user_avatar&r=g\",\"caption\":\"Reda\u00e7\u00e3o JO\"},\"url\":\"https:\\\/\\\/jornaldasoficinas.com\\\/pt\\\/author\\\/joredacao\\\/\"}]}<\/script>\n<!-- \/ Yoast SEO plugin. -->","yoast_head_json":{"title":"Centro Zaragoza faz convocat\u00f3ria para curso de \"Perito em Seguro Auto\" - Jornal das Oficinas","description":"Este ano, o Centro Zaragoza programou tr\u00eas convocat\u00f3rias para a forma\u00e7\u00e3o que ministra h\u00e1 mais de 30 anos em inspe\u00e7\u00e3o de ve\u00edculos","robots":{"index":"index","follow":"follow","max-snippet":"max-snippet:-1","max-image-preview":"max-image-preview:large","max-video-preview":"max-video-preview:-1"},"canonical":"https:\/\/jornaldasoficinas.com\/pt\/centro-zaragoza-faz-convocatoria-para-curso-de-perito-em-seguro-auto\/","og_locale":"pt_PT","og_type":"article","og_title":"Centro Zaragoza faz convocat\u00f3ria para curso de \"Perito em Seguro Auto\" - Jornal das Oficinas","og_description":"Este ano, o Centro Zaragoza programou tr\u00eas convocat\u00f3rias para a forma\u00e7\u00e3o que ministra h\u00e1 mais de 30 anos em inspe\u00e7\u00e3o de ve\u00edculos","og_url":"https:\/\/jornaldasoficinas.com\/pt\/centro-zaragoza-faz-convocatoria-para-curso-de-perito-em-seguro-auto\/","og_site_name":"Jornal das Oficinas","article_publisher":"https:\/\/www.facebook.com\/jornaloficinas","article_published_time":"2024-02-20T08:00:59+00:00","og_image":[{"width":1024,"height":581,"url":"https:\/\/jornaldasoficinas.com\/pt\/wp-content\/uploads\/2024\/02\/Centro-Zaragoza-lanca-1a-convocatoria-do-curso-de-avaliacao-de-seguros-auto.jpeg","type":"image\/jpeg"}],"author":"Reda\u00e7\u00e3o JO","twitter_card":"summary_large_image","twitter_creator":"@jornaloficinas","twitter_site":"@jornaloficinas","twitter_misc":{"Escrito por":"Reda\u00e7\u00e3o JO","Tempo estimado de leitura":"3 minutos"},"schema":{"@context":"https:\/\/schema.org","@graph":[{"@type":"Article","@id":"https:\/\/jornaldasoficinas.com\/pt\/centro-zaragoza-faz-convocatoria-para-curso-de-perito-em-seguro-auto\/#article","isPartOf":{"@id":"https:\/\/jornaldasoficinas.com\/pt\/centro-zaragoza-faz-convocatoria-para-curso-de-perito-em-seguro-auto\/"},"author":{"name":"Reda\u00e7\u00e3o JO","@id":"https:\/\/jornaldasoficinas.com\/pt\/#\/schema\/person\/a38eef5de2c41d9e7c9ac10141afddf3"},"headline":"Centro Zaragoza faz convocat\u00f3ria para curso de &#8220;Perito em Seguro Auto&#8221;","datePublished":"2024-02-20T08:00:59+00:00","mainEntityOfPage":{"@id":"https:\/\/jornaldasoficinas.com\/pt\/centro-zaragoza-faz-convocatoria-para-curso-de-perito-em-seguro-auto\/"},"wordCount":376,"publisher":{"@id":"https:\/\/jornaldasoficinas.com\/pt\/#organization"},"image":{"@id":"https:\/\/jornaldasoficinas.com\/pt\/centro-zaragoza-faz-convocatoria-para-curso-de-perito-em-seguro-auto\/#primaryimage"},"thumbnailUrl":"https:\/\/jornaldasoficinas.com\/pt\/wp-content\/uploads\/2024\/02\/Centro-Zaragoza-lanca-1a-convocatoria-do-curso-de-avaliacao-de-seguros-auto.jpeg","keywords":["11 de mar\u00e7o","25 de outubro","30 anos","Centro Zaragoza","Forma\u00e7\u00e3o","inspe\u00e7\u00e3o de ve\u00edculos","Perito em Seguro Auto","tr\u00eas convocat\u00f3rias"],"articleSection":["Mercado"],"inLanguage":"pt-PT"},{"@type":"WebPage","@id":"https:\/\/jornaldasoficinas.com\/pt\/centro-zaragoza-faz-convocatoria-para-curso-de-perito-em-seguro-auto\/","url":"https:\/\/jornaldasoficinas.com\/pt\/centro-zaragoza-faz-convocatoria-para-curso-de-perito-em-seguro-auto\/","name":"Centro Zaragoza faz convocat\u00f3ria para curso de \"Perito em Seguro Auto\" - Jornal das Oficinas","isPartOf":{"@id":"https:\/\/jornaldasoficinas.com\/pt\/#website"},"primaryImageOfPage":{"@id":"https:\/\/jornaldasoficinas.com\/pt\/centro-zaragoza-faz-convocatoria-para-curso-de-perito-em-seguro-auto\/#primaryimage"},"image":{"@id":"https:\/\/jornaldasoficinas.com\/pt\/centro-zaragoza-faz-convocatoria-para-curso-de-perito-em-seguro-auto\/#primaryimage"},"thumbnailUrl":"https:\/\/jornaldasoficinas.com\/pt\/wp-content\/uploads\/2024\/02\/Centro-Zaragoza-lanca-1a-convocatoria-do-curso-de-avaliacao-de-seguros-auto.jpeg","datePublished":"2024-02-20T08:00:59+00:00","description":"Este ano, o Centro Zaragoza programou tr\u00eas convocat\u00f3rias para a forma\u00e7\u00e3o que ministra h\u00e1 mais de 30 anos em inspe\u00e7\u00e3o de ve\u00edculos","breadcrumb":{"@id":"https:\/\/jornaldasoficinas.com\/pt\/centro-zaragoza-faz-convocatoria-para-curso-de-perito-em-seguro-auto\/#breadcrumb"},"inLanguage":"pt-PT","potentialAction":[{"@type":"ReadAction","target":["https:\/\/jornaldasoficinas.com\/pt\/centro-zaragoza-faz-convocatoria-para-curso-de-perito-em-seguro-auto\/"]}]},{"@type":"ImageObject","inLanguage":"pt-PT","@id":"https:\/\/jornaldasoficinas.com\/pt\/centro-zaragoza-faz-convocatoria-para-curso-de-perito-em-seguro-auto\/#primaryimage","url":"https:\/\/jornaldasoficinas.com\/pt\/wp-content\/uploads\/2024\/02\/Centro-Zaragoza-lanca-1a-convocatoria-do-curso-de-avaliacao-de-seguros-auto.jpeg","contentUrl":"https:\/\/jornaldasoficinas.com\/pt\/wp-content\/uploads\/2024\/02\/Centro-Zaragoza-lanca-1a-convocatoria-do-curso-de-avaliacao-de-seguros-auto.jpeg","width":1024,"height":581,"caption":"02 - Centro Zaragoza lanca 1a convocatoria do curso de avaliacao de seguros auto"},{"@type":"BreadcrumbList","@id":"https:\/\/jornaldasoficinas.com\/pt\/centro-zaragoza-faz-convocatoria-para-curso-de-perito-em-seguro-auto\/#breadcrumb","itemListElement":[{"@type":"ListItem","position":1,"name":"In\u00edcio","item":"https:\/\/jornaldasoficinas.com\/pt\/"},{"@type":"ListItem","position":2,"name":"Centro Zaragoza faz convocat\u00f3ria para curso de &#8220;Perito em Seguro Auto&#8221;"}]},{"@type":"WebSite","@id":"https:\/\/jornaldasoficinas.com\/pt\/#website","url":"https:\/\/jornaldasoficinas.com\/pt\/","name":"Jornal das Oficinas","description":"Jornal independente do Aftermarket Autom\u00f3vel em Portugal","publisher":{"@id":"https:\/\/jornaldasoficinas.com\/pt\/#organization"},"potentialAction":[{"@type":"SearchAction","target":{"@type":"EntryPoint","urlTemplate":"https:\/\/jornaldasoficinas.com\/pt\/?s={search_term_string}"},"query-input":{"@type":"PropertyValueSpecification","valueRequired":true,"valueName":"search_term_string"}}],"inLanguage":"pt-PT"},{"@type":"Organization","@id":"https:\/\/jornaldasoficinas.com\/pt\/#organization","name":"Jornal das Oficinas","url":"https:\/\/jornaldasoficinas.com\/pt\/","logo":{"@type":"ImageObject","inLanguage":"pt-PT","@id":"https:\/\/jornaldasoficinas.com\/pt\/#\/schema\/logo\/image\/","url":"https:\/\/jornaldasoficinas.com\/pt\/wp-content\/uploads\/logoJO-SEO.png","contentUrl":"https:\/\/jornaldasoficinas.com\/pt\/wp-content\/uploads\/logoJO-SEO.png","width":285,"height":450,"caption":"Jornal das Oficinas"},"image":{"@id":"https:\/\/jornaldasoficinas.com\/pt\/#\/schema\/logo\/image\/"},"sameAs":["https:\/\/www.facebook.com\/jornaloficinas","https:\/\/x.com\/jornaloficinas","https:\/\/www.instagram.com\/jornal_oficinas\/","https:\/\/www.linkedin.com\/company\/jornal-das-oficinas\/","https:\/\/www.youtube.com\/channel\/UCbQZBqtcvV-oSQrr7RzINGg"]},{"@type":"Person","@id":"https:\/\/jornaldasoficinas.com\/pt\/#\/schema\/person\/a38eef5de2c41d9e7c9ac10141afddf3","name":"Reda\u00e7\u00e3o JO","image":{"@type":"ImageObject","inLanguage":"pt-PT","@id":"https:\/\/secure.gravatar.com\/avatar\/71f2fa71737ad68a84fea94bc708ddac8ea5b0c4788dc2ad202f3ccb2887742f?s=96&d=wp_user_avatar&r=g","url":"https:\/\/secure.gravatar.com\/avatar\/71f2fa71737ad68a84fea94bc708ddac8ea5b0c4788dc2ad202f3ccb2887742f?s=96&d=wp_user_avatar&r=g","contentUrl":"https:\/\/secure.gravatar.com\/avatar\/71f2fa71737ad68a84fea94bc708ddac8ea5b0c4788dc2ad202f3ccb2887742f?s=96&d=wp_user_avatar&r=g","caption":"Reda\u00e7\u00e3o JO"},"url":"https:\/\/jornaldasoficinas.com\/pt\/author\/joredacao\/"}]}},"_links":{"self":[{"href":"https:\/\/jornaldasoficinas.com\/pt\/wp-json\/wp\/v2\/posts\/79144","targetHints":{"allow":["GET"]}}],"collection":[{"href":"https:\/\/jornaldasoficinas.com\/pt\/wp-json\/wp\/v2\/posts"}],"about":[{"href":"https:\/\/jornaldasoficinas.com\/pt\/wp-json\/wp\/v2\/types\/post"}],"author":[{"embeddable":true,"href":"https:\/\/jornaldasoficinas.com\/pt\/wp-json\/wp\/v2\/users\/15"}],"replies":[{"embeddable":true,"href":"https:\/\/jornaldasoficinas.com\/pt\/wp-json\/wp\/v2\/comments?post=79144"}],"version-history":[{"count":0,"href":"https:\/\/jornaldasoficinas.com\/pt\/wp-json\/wp\/v2\/posts\/79144\/revisions"}],"wp:featuredmedia":[{"embeddable":true,"href":"https:\/\/jornaldasoficinas.com\/pt\/wp-json\/wp\/v2\/media\/79146"}],"wp:attachment":[{"href":"https:\/\/jornaldasoficinas.com\/pt\/wp-json\/wp\/v2\/media?parent=79144"}],"wp:term":[{"taxonomy":"category","embeddable":true,"href":"https:\/\/jornaldasoficinas.com\/pt\/wp-json\/wp\/v2\/categories?post=79144"},{"taxonomy":"post_tag","embeddable":true,"href":"https:\/\/jornaldasoficinas.com\/pt\/wp-json\/wp\/v2\/tags?post=79144"}],"curies":[{"name":"wp","href":"https:\/\/api.w.org\/{rel}","templated":true}]}}