{"id":79431,"date":"2024-02-22T10:00:10","date_gmt":"2024-02-22T10:00:10","guid":{"rendered":"https:\/\/jornaldasoficinas.com\/pt\/?p=79431"},"modified":"2024-02-21T17:21:34","modified_gmt":"2024-02-21T17:21:34","slug":"cepsa-alarga-carregamento-eletrico-a-clientes-profissionais","status":"publish","type":"post","link":"https:\/\/jornaldasoficinas.com\/pt\/cepsa-alarga-carregamento-eletrico-a-clientes-profissionais\/","title":{"rendered":"Cepsa alarga carregamento el\u00e9trico a clientes profissionais"},"content":{"rendered":"<p><img loading=\"lazy\" decoding=\"async\" class=\"alignnone size-full wp-image-79443\" src=\"https:\/\/jornaldasoficinas.com\/pt\/wp-content\/uploads\/2024\/02\/Cepsa-alarga-oferta-de-carregamento-eletrico-a-clientes-profissionais.jpg\" alt=\"02 - Cepsa alarga oferta de carregamento eletrico a clientes profissionais\" width=\"1024\" height=\"581\" srcset=\"https:\/\/jornaldasoficinas.com\/pt\/wp-content\/uploads\/2024\/02\/Cepsa-alarga-oferta-de-carregamento-eletrico-a-clientes-profissionais.jpg 1024w, https:\/\/jornaldasoficinas.com\/pt\/wp-content\/uploads\/2024\/02\/Cepsa-alarga-oferta-de-carregamento-eletrico-a-clientes-profissionais-300x170.jpg 300w, https:\/\/jornaldasoficinas.com\/pt\/wp-content\/uploads\/2024\/02\/Cepsa-alarga-oferta-de-carregamento-eletrico-a-clientes-profissionais-150x85.jpg 150w, https:\/\/jornaldasoficinas.com\/pt\/wp-content\/uploads\/2024\/02\/Cepsa-alarga-oferta-de-carregamento-eletrico-a-clientes-profissionais-768x436.jpg 768w\" sizes=\"auto, (max-width: 1024px) 100vw, 1024px\" \/><\/p>\n<p><strong>A empresa energ\u00e9tica abriu uma nova linha de neg\u00f3cio de carregamento el\u00e9trico para clientes profissionais. Esta iniciativa ir\u00e1 permitir \u00e0s empresas carregar as suas frotas tanto nas suas pr\u00f3prias instala\u00e7\u00f5es (no trabalho) como nos postos de abastecimento <a href=\"https:\/\/pt.cepsa.com\/pt\/\" target=\"_blank\" rel=\"noopener\">Cepsa<\/a> (em viagem)<\/strong><\/p>\n<p>A Cepsa decidiu abrir uma nova linha de neg\u00f3cio para facilitar a mobilidade sustent\u00e1vel dos seus clientes B2B, atrav\u00e9s de uma solu\u00e7\u00e3o de carregamento el\u00e9trico para todo o tipo de empresas: desde as empresas de log\u00edstica e estafetas at\u00e9 \u00e0s empresas de outros setores, como servi\u00e7os e ind\u00fastria.<\/p>\n<p>Esta iniciativa permitir\u00e1 \u00e0s empresas carregar as suas frotas tanto nas suas pr\u00f3prias instala\u00e7\u00f5es (no trabalho) como nos postos de abastecimento Cepsa (em viagem), oferecendo assim uma oferta completa de carregamento que facilita a ado\u00e7\u00e3o da mobilidade el\u00e9trica, no \u00e2mbito profissional.<\/p>\n<p>Os clientes profissionais podem aceder tanto \u00e0 rede de pontos de carregamento ultrarr\u00e1pido instalados nos postos de abastecimento da Cepsa como a uma rede interoper\u00e1vel de mais de 5.000 pontos de carregamento, utilizando o cart\u00e3o StarRessa, o cart\u00e3o de fideliza\u00e7\u00e3o da Cepsa que permite aos clientes profissionais gerir a sua frota e efetuar pagamentos de forma segura.<\/p>\n<p>A empresa j\u00e1 tem 130 pontos de carregamento ultrarr\u00e1pido constru\u00eddos, localizados nos principais corredores e cidades, e est\u00e1 a avan\u00e7ar com o desenvolvimento de mais 330.<\/p>\n<p>Al\u00e9m disso, a Cepsa oferece aos seus clientes profissionais a instala\u00e7\u00e3o de pontos de carregamento el\u00e9trico nas suas diferentes sedes ou centros de trabalho, atrav\u00e9s da concep\u00e7\u00e3o personalizada de projetos &#8220;chave na m\u00e3o&#8221;, para que a sua frota de ve\u00edculos el\u00e9tricos tamb\u00e9m possa ser carregada nas suas pr\u00f3prias instala\u00e7\u00f5es.<\/p>\n<p>&#8220;Queremos acompanhar os nossos clientes profissionais na descarboniza\u00e7\u00e3o da sua atividade atrav\u00e9s de solu\u00e7\u00f5es adaptadas \u00e0s suas necessidades e que contribuam para um futuro mais sustent\u00e1vel para todos. Por isso, cri\u00e1mos esta solu\u00e7\u00e3o integral de mobilidade el\u00e9trica para clientes profissionais, na qual facilitamos o carregamento desde o seu local de trabalho at\u00e9 qualquer ponto de Espanha e Portugal onde necessitem de se deslocar, gra\u00e7as \u00e0 grande capilaridade do ecossistema de carregamento el\u00e9trico que estamos a desenvolver&#8221;, afirmou Cedric Vigneau, Diretor de Frotas &amp; CRT da Cepsa.<\/p>\n<p>Paralelamente, no \u00e2mbito desta nova linha de neg\u00f3cio, a Cepsa chegou a um acordo de colabora\u00e7\u00e3o com a Renault Trucks, que permitir\u00e1 a ambas as empresas oferecer solu\u00e7\u00f5es integrais de mobilidade sustent\u00e1vel aos seus clientes, incluindo a instala\u00e7\u00e3o de carregadores el\u00e9tricos nos seus centros operacionais, para facilitar a descarboniza\u00e7\u00e3o da sua atividade.<\/p>\n<p><strong>Compromisso com a mobilidade sustent\u00e1vel<\/strong><\/p>\n<p>&#8220;A Cepsa, no \u00e2mbito da sua estrat\u00e9gia 2030, &#8220;Positive Motion&#8221;, est\u00e1 a avan\u00e7ar em v\u00e1rios projetos com o objetivo de se tornar uma refer\u00eancia na transi\u00e7\u00e3o energ\u00e9tica durante esta d\u00e9cada. Para tal, est\u00e1 a transformar-se numa empresa mais centrada nas necessidades dos seus clientes, que tamb\u00e9m enfrentam os seus pr\u00f3prios desafios de descarboniza\u00e7\u00e3o&#8221;, destacou.<\/p>\n<p>A empresa pretende liderar a mobilidade sustent\u00e1vel em Espanha e Portugal at\u00e9 2030. Neste sentido, est\u00e1 a desenvolver o maior ecossistema de mobilidade el\u00e9trica em Espanha e Portugal e, para tal, a Cepsa est\u00e1 a implementar uma vasta gama de carregamentos ultrarr\u00e1pidos nas estradas de ambos os pa\u00edses. A empresa est\u00e1 igualmente empenhada no desenvolvimento de mol\u00e9culas verdes (biocombust\u00edveis e hidrog\u00e9nio verde) como vetores de descarboniza\u00e7\u00e3o do transporte pesado.<\/p>\n<p>A Cepsa j\u00e1 fornece gas\u00f3leo 100% renov\u00e1vel aos clientes profissionais nos seus postos de abastecimento e est\u00e1 tamb\u00e9m a trabalhar para impulsionar a procura de hidrog\u00e9nio verde no transporte rodovi\u00e1rio, para o qual estabeleceu o objetivo de criar uma esta\u00e7\u00e3o de abastecimento a cada 300 quil\u00f3metros at\u00e9 2030 nos corredores que ligam Espanha \u00e0 Europa.<\/p>\n<p>&nbsp;<\/p>\n","protected":false},"excerpt":{"rendered":"<p>A empresa energ\u00e9tica abriu uma nova&#8230;<\/p>\n","protected":false},"author":15,"featured_media":79443,"comment_status":"closed","ping_status":"closed","sticky":false,"template":"","format":"standard","meta":{"footnotes":""},"categories":[29],"tags":[7545,3220,199,7544,7542,7543,751,7546],"class_list":["post-79431","post","type-post","status-publish","format-standard","has-post-thumbnail","hentry","category-empresas","tag-carregamento-de-frotas","tag-carregamento-eletrico","tag-cepsa","tag-clientes-profissionais","tag-empresa-energetica","tag-linha-de-negocio","tag-mobilidade-sustentavel","tag-postos-de-abastecimento"],"yoast_head":"<!-- This site is optimized with the Yoast SEO plugin v27.4 - https:\/\/yoast.com\/product\/yoast-seo-wordpress\/ -->\n<title>Cepsa alarga carregamento el\u00e9trico a clientes profissionais - Jornal das Oficinas<\/title>\n<meta name=\"description\" content=\"A Cepsa abriu uma nova linha de neg\u00f3cio de carregamento el\u00e9trico para clientes profissionais. Esta iniciativa facilitar\u00e1 os carregamentos\" \/>\n<meta name=\"robots\" content=\"index, follow, max-snippet:-1, max-image-preview:large, max-video-preview:-1\" \/>\n<link rel=\"canonical\" href=\"https:\/\/jornaldasoficinas.com\/pt\/cepsa-alarga-carregamento-eletrico-a-clientes-profissionais\/\" \/>\n<meta property=\"og:locale\" content=\"pt_PT\" \/>\n<meta property=\"og:type\" content=\"article\" \/>\n<meta property=\"og:title\" content=\"Cepsa alarga carregamento el\u00e9trico a clientes profissionais - Jornal das Oficinas\" \/>\n<meta property=\"og:description\" content=\"A Cepsa abriu uma nova linha de neg\u00f3cio de carregamento el\u00e9trico para clientes profissionais. Esta iniciativa facilitar\u00e1 os carregamentos\" \/>\n<meta property=\"og:url\" content=\"https:\/\/jornaldasoficinas.com\/pt\/cepsa-alarga-carregamento-eletrico-a-clientes-profissionais\/\" \/>\n<meta property=\"og:site_name\" content=\"Jornal das Oficinas\" \/>\n<meta property=\"article:publisher\" content=\"https:\/\/www.facebook.com\/jornaloficinas\" \/>\n<meta property=\"article:published_time\" content=\"2024-02-22T10:00:10+00:00\" \/>\n<meta property=\"og:image\" content=\"https:\/\/jornaldasoficinas.com\/pt\/wp-content\/uploads\/2024\/02\/Cepsa-alarga-oferta-de-carregamento-eletrico-a-clientes-profissionais.jpg\" \/>\n\t<meta property=\"og:image:width\" content=\"1024\" \/>\n\t<meta property=\"og:image:height\" content=\"581\" \/>\n\t<meta property=\"og:image:type\" content=\"image\/jpeg\" \/>\n<meta name=\"author\" content=\"Reda\u00e7\u00e3o JO\" \/>\n<meta name=\"twitter:card\" content=\"summary_large_image\" \/>\n<meta name=\"twitter:creator\" content=\"@jornaloficinas\" \/>\n<meta name=\"twitter:site\" content=\"@jornaloficinas\" \/>\n<meta name=\"twitter:label1\" content=\"Escrito por\" \/>\n\t<meta name=\"twitter:data1\" content=\"Reda\u00e7\u00e3o JO\" \/>\n\t<meta name=\"twitter:label2\" content=\"Tempo estimado de leitura\" \/>\n\t<meta name=\"twitter:data2\" content=\"4 minutos\" \/>\n<script type=\"application\/ld+json\" class=\"yoast-schema-graph\">{\"@context\":\"https:\\\/\\\/schema.org\",\"@graph\":[{\"@type\":\"Article\",\"@id\":\"https:\\\/\\\/jornaldasoficinas.com\\\/pt\\\/cepsa-alarga-carregamento-eletrico-a-clientes-profissionais\\\/#article\",\"isPartOf\":{\"@id\":\"https:\\\/\\\/jornaldasoficinas.com\\\/pt\\\/cepsa-alarga-carregamento-eletrico-a-clientes-profissionais\\\/\"},\"author\":{\"name\":\"Reda\u00e7\u00e3o JO\",\"@id\":\"https:\\\/\\\/jornaldasoficinas.com\\\/pt\\\/#\\\/schema\\\/person\\\/a38eef5de2c41d9e7c9ac10141afddf3\"},\"headline\":\"Cepsa alarga carregamento el\u00e9trico a clientes profissionais\",\"datePublished\":\"2024-02-22T10:00:10+00:00\",\"mainEntityOfPage\":{\"@id\":\"https:\\\/\\\/jornaldasoficinas.com\\\/pt\\\/cepsa-alarga-carregamento-eletrico-a-clientes-profissionais\\\/\"},\"wordCount\":659,\"publisher\":{\"@id\":\"https:\\\/\\\/jornaldasoficinas.com\\\/pt\\\/#organization\"},\"image\":{\"@id\":\"https:\\\/\\\/jornaldasoficinas.com\\\/pt\\\/cepsa-alarga-carregamento-eletrico-a-clientes-profissionais\\\/#primaryimage\"},\"thumbnailUrl\":\"https:\\\/\\\/jornaldasoficinas.com\\\/pt\\\/wp-content\\\/uploads\\\/2024\\\/02\\\/Cepsa-alarga-oferta-de-carregamento-eletrico-a-clientes-profissionais.jpg\",\"keywords\":[\"carregamento de frotas\",\"carregamento el\u00e9trico\",\"Cepsa\",\"clientes profissionais\",\"empresa energ\u00e9tica\",\"linha de neg\u00f3cio\",\"Mobilidade sustent\u00e1vel\",\"postos de abastecimento\"],\"articleSection\":[\"Empresas\"],\"inLanguage\":\"pt-PT\"},{\"@type\":\"WebPage\",\"@id\":\"https:\\\/\\\/jornaldasoficinas.com\\\/pt\\\/cepsa-alarga-carregamento-eletrico-a-clientes-profissionais\\\/\",\"url\":\"https:\\\/\\\/jornaldasoficinas.com\\\/pt\\\/cepsa-alarga-carregamento-eletrico-a-clientes-profissionais\\\/\",\"name\":\"Cepsa alarga carregamento el\u00e9trico a clientes profissionais - Jornal das Oficinas\",\"isPartOf\":{\"@id\":\"https:\\\/\\\/jornaldasoficinas.com\\\/pt\\\/#website\"},\"primaryImageOfPage\":{\"@id\":\"https:\\\/\\\/jornaldasoficinas.com\\\/pt\\\/cepsa-alarga-carregamento-eletrico-a-clientes-profissionais\\\/#primaryimage\"},\"image\":{\"@id\":\"https:\\\/\\\/jornaldasoficinas.com\\\/pt\\\/cepsa-alarga-carregamento-eletrico-a-clientes-profissionais\\\/#primaryimage\"},\"thumbnailUrl\":\"https:\\\/\\\/jornaldasoficinas.com\\\/pt\\\/wp-content\\\/uploads\\\/2024\\\/02\\\/Cepsa-alarga-oferta-de-carregamento-eletrico-a-clientes-profissionais.jpg\",\"datePublished\":\"2024-02-22T10:00:10+00:00\",\"description\":\"A Cepsa abriu uma nova linha de neg\u00f3cio de carregamento el\u00e9trico para clientes profissionais. Esta iniciativa facilitar\u00e1 os carregamentos\",\"breadcrumb\":{\"@id\":\"https:\\\/\\\/jornaldasoficinas.com\\\/pt\\\/cepsa-alarga-carregamento-eletrico-a-clientes-profissionais\\\/#breadcrumb\"},\"inLanguage\":\"pt-PT\",\"potentialAction\":[{\"@type\":\"ReadAction\",\"target\":[\"https:\\\/\\\/jornaldasoficinas.com\\\/pt\\\/cepsa-alarga-carregamento-eletrico-a-clientes-profissionais\\\/\"]}]},{\"@type\":\"ImageObject\",\"inLanguage\":\"pt-PT\",\"@id\":\"https:\\\/\\\/jornaldasoficinas.com\\\/pt\\\/cepsa-alarga-carregamento-eletrico-a-clientes-profissionais\\\/#primaryimage\",\"url\":\"https:\\\/\\\/jornaldasoficinas.com\\\/pt\\\/wp-content\\\/uploads\\\/2024\\\/02\\\/Cepsa-alarga-oferta-de-carregamento-eletrico-a-clientes-profissionais.jpg\",\"contentUrl\":\"https:\\\/\\\/jornaldasoficinas.com\\\/pt\\\/wp-content\\\/uploads\\\/2024\\\/02\\\/Cepsa-alarga-oferta-de-carregamento-eletrico-a-clientes-profissionais.jpg\",\"width\":1024,\"height\":581,\"caption\":\"02 - Cepsa alarga oferta de carregamento eletrico a clientes profissionais\"},{\"@type\":\"BreadcrumbList\",\"@id\":\"https:\\\/\\\/jornaldasoficinas.com\\\/pt\\\/cepsa-alarga-carregamento-eletrico-a-clientes-profissionais\\\/#breadcrumb\",\"itemListElement\":[{\"@type\":\"ListItem\",\"position\":1,\"name\":\"In\u00edcio\",\"item\":\"https:\\\/\\\/jornaldasoficinas.com\\\/pt\\\/\"},{\"@type\":\"ListItem\",\"position\":2,\"name\":\"Cepsa alarga carregamento el\u00e9trico a clientes profissionais\"}]},{\"@type\":\"WebSite\",\"@id\":\"https:\\\/\\\/jornaldasoficinas.com\\\/pt\\\/#website\",\"url\":\"https:\\\/\\\/jornaldasoficinas.com\\\/pt\\\/\",\"name\":\"Jornal das Oficinas\",\"description\":\"Jornal independente do Aftermarket Autom\u00f3vel em Portugal\",\"publisher\":{\"@id\":\"https:\\\/\\\/jornaldasoficinas.com\\\/pt\\\/#organization\"},\"potentialAction\":[{\"@type\":\"SearchAction\",\"target\":{\"@type\":\"EntryPoint\",\"urlTemplate\":\"https:\\\/\\\/jornaldasoficinas.com\\\/pt\\\/?s={search_term_string}\"},\"query-input\":{\"@type\":\"PropertyValueSpecification\",\"valueRequired\":true,\"valueName\":\"search_term_string\"}}],\"inLanguage\":\"pt-PT\"},{\"@type\":\"Organization\",\"@id\":\"https:\\\/\\\/jornaldasoficinas.com\\\/pt\\\/#organization\",\"name\":\"Jornal das Oficinas\",\"url\":\"https:\\\/\\\/jornaldasoficinas.com\\\/pt\\\/\",\"logo\":{\"@type\":\"ImageObject\",\"inLanguage\":\"pt-PT\",\"@id\":\"https:\\\/\\\/jornaldasoficinas.com\\\/pt\\\/#\\\/schema\\\/logo\\\/image\\\/\",\"url\":\"https:\\\/\\\/jornaldasoficinas.com\\\/pt\\\/wp-content\\\/uploads\\\/logoJO-SEO.png\",\"contentUrl\":\"https:\\\/\\\/jornaldasoficinas.com\\\/pt\\\/wp-content\\\/uploads\\\/logoJO-SEO.png\",\"width\":285,\"height\":450,\"caption\":\"Jornal das Oficinas\"},\"image\":{\"@id\":\"https:\\\/\\\/jornaldasoficinas.com\\\/pt\\\/#\\\/schema\\\/logo\\\/image\\\/\"},\"sameAs\":[\"https:\\\/\\\/www.facebook.com\\\/jornaloficinas\",\"https:\\\/\\\/x.com\\\/jornaloficinas\",\"https:\\\/\\\/www.instagram.com\\\/jornal_oficinas\\\/\",\"https:\\\/\\\/www.linkedin.com\\\/company\\\/jornal-das-oficinas\\\/\",\"https:\\\/\\\/www.youtube.com\\\/channel\\\/UCbQZBqtcvV-oSQrr7RzINGg\"]},{\"@type\":\"Person\",\"@id\":\"https:\\\/\\\/jornaldasoficinas.com\\\/pt\\\/#\\\/schema\\\/person\\\/a38eef5de2c41d9e7c9ac10141afddf3\",\"name\":\"Reda\u00e7\u00e3o JO\",\"image\":{\"@type\":\"ImageObject\",\"inLanguage\":\"pt-PT\",\"@id\":\"https:\\\/\\\/secure.gravatar.com\\\/avatar\\\/71f2fa71737ad68a84fea94bc708ddac8ea5b0c4788dc2ad202f3ccb2887742f?s=96&d=wp_user_avatar&r=g\",\"url\":\"https:\\\/\\\/secure.gravatar.com\\\/avatar\\\/71f2fa71737ad68a84fea94bc708ddac8ea5b0c4788dc2ad202f3ccb2887742f?s=96&d=wp_user_avatar&r=g\",\"contentUrl\":\"https:\\\/\\\/secure.gravatar.com\\\/avatar\\\/71f2fa71737ad68a84fea94bc708ddac8ea5b0c4788dc2ad202f3ccb2887742f?s=96&d=wp_user_avatar&r=g\",\"caption\":\"Reda\u00e7\u00e3o JO\"},\"url\":\"https:\\\/\\\/jornaldasoficinas.com\\\/pt\\\/author\\\/joredacao\\\/\"}]}<\/script>\n<!-- \/ Yoast SEO plugin. -->","yoast_head_json":{"title":"Cepsa alarga carregamento el\u00e9trico a clientes profissionais - Jornal das Oficinas","description":"A Cepsa abriu uma nova linha de neg\u00f3cio de carregamento el\u00e9trico para clientes profissionais. Esta iniciativa facilitar\u00e1 os carregamentos","robots":{"index":"index","follow":"follow","max-snippet":"max-snippet:-1","max-image-preview":"max-image-preview:large","max-video-preview":"max-video-preview:-1"},"canonical":"https:\/\/jornaldasoficinas.com\/pt\/cepsa-alarga-carregamento-eletrico-a-clientes-profissionais\/","og_locale":"pt_PT","og_type":"article","og_title":"Cepsa alarga carregamento el\u00e9trico a clientes profissionais - Jornal das Oficinas","og_description":"A Cepsa abriu uma nova linha de neg\u00f3cio de carregamento el\u00e9trico para clientes profissionais. Esta iniciativa facilitar\u00e1 os carregamentos","og_url":"https:\/\/jornaldasoficinas.com\/pt\/cepsa-alarga-carregamento-eletrico-a-clientes-profissionais\/","og_site_name":"Jornal das Oficinas","article_publisher":"https:\/\/www.facebook.com\/jornaloficinas","article_published_time":"2024-02-22T10:00:10+00:00","og_image":[{"width":1024,"height":581,"url":"https:\/\/jornaldasoficinas.com\/pt\/wp-content\/uploads\/2024\/02\/Cepsa-alarga-oferta-de-carregamento-eletrico-a-clientes-profissionais.jpg","type":"image\/jpeg"}],"author":"Reda\u00e7\u00e3o JO","twitter_card":"summary_large_image","twitter_creator":"@jornaloficinas","twitter_site":"@jornaloficinas","twitter_misc":{"Escrito por":"Reda\u00e7\u00e3o JO","Tempo estimado de leitura":"4 minutos"},"schema":{"@context":"https:\/\/schema.org","@graph":[{"@type":"Article","@id":"https:\/\/jornaldasoficinas.com\/pt\/cepsa-alarga-carregamento-eletrico-a-clientes-profissionais\/#article","isPartOf":{"@id":"https:\/\/jornaldasoficinas.com\/pt\/cepsa-alarga-carregamento-eletrico-a-clientes-profissionais\/"},"author":{"name":"Reda\u00e7\u00e3o JO","@id":"https:\/\/jornaldasoficinas.com\/pt\/#\/schema\/person\/a38eef5de2c41d9e7c9ac10141afddf3"},"headline":"Cepsa alarga carregamento el\u00e9trico a clientes profissionais","datePublished":"2024-02-22T10:00:10+00:00","mainEntityOfPage":{"@id":"https:\/\/jornaldasoficinas.com\/pt\/cepsa-alarga-carregamento-eletrico-a-clientes-profissionais\/"},"wordCount":659,"publisher":{"@id":"https:\/\/jornaldasoficinas.com\/pt\/#organization"},"image":{"@id":"https:\/\/jornaldasoficinas.com\/pt\/cepsa-alarga-carregamento-eletrico-a-clientes-profissionais\/#primaryimage"},"thumbnailUrl":"https:\/\/jornaldasoficinas.com\/pt\/wp-content\/uploads\/2024\/02\/Cepsa-alarga-oferta-de-carregamento-eletrico-a-clientes-profissionais.jpg","keywords":["carregamento de frotas","carregamento el\u00e9trico","Cepsa","clientes profissionais","empresa energ\u00e9tica","linha de neg\u00f3cio","Mobilidade sustent\u00e1vel","postos de abastecimento"],"articleSection":["Empresas"],"inLanguage":"pt-PT"},{"@type":"WebPage","@id":"https:\/\/jornaldasoficinas.com\/pt\/cepsa-alarga-carregamento-eletrico-a-clientes-profissionais\/","url":"https:\/\/jornaldasoficinas.com\/pt\/cepsa-alarga-carregamento-eletrico-a-clientes-profissionais\/","name":"Cepsa alarga carregamento el\u00e9trico a clientes profissionais - Jornal das Oficinas","isPartOf":{"@id":"https:\/\/jornaldasoficinas.com\/pt\/#website"},"primaryImageOfPage":{"@id":"https:\/\/jornaldasoficinas.com\/pt\/cepsa-alarga-carregamento-eletrico-a-clientes-profissionais\/#primaryimage"},"image":{"@id":"https:\/\/jornaldasoficinas.com\/pt\/cepsa-alarga-carregamento-eletrico-a-clientes-profissionais\/#primaryimage"},"thumbnailUrl":"https:\/\/jornaldasoficinas.com\/pt\/wp-content\/uploads\/2024\/02\/Cepsa-alarga-oferta-de-carregamento-eletrico-a-clientes-profissionais.jpg","datePublished":"2024-02-22T10:00:10+00:00","description":"A Cepsa abriu uma nova linha de neg\u00f3cio de carregamento el\u00e9trico para clientes profissionais. Esta iniciativa facilitar\u00e1 os carregamentos","breadcrumb":{"@id":"https:\/\/jornaldasoficinas.com\/pt\/cepsa-alarga-carregamento-eletrico-a-clientes-profissionais\/#breadcrumb"},"inLanguage":"pt-PT","potentialAction":[{"@type":"ReadAction","target":["https:\/\/jornaldasoficinas.com\/pt\/cepsa-alarga-carregamento-eletrico-a-clientes-profissionais\/"]}]},{"@type":"ImageObject","inLanguage":"pt-PT","@id":"https:\/\/jornaldasoficinas.com\/pt\/cepsa-alarga-carregamento-eletrico-a-clientes-profissionais\/#primaryimage","url":"https:\/\/jornaldasoficinas.com\/pt\/wp-content\/uploads\/2024\/02\/Cepsa-alarga-oferta-de-carregamento-eletrico-a-clientes-profissionais.jpg","contentUrl":"https:\/\/jornaldasoficinas.com\/pt\/wp-content\/uploads\/2024\/02\/Cepsa-alarga-oferta-de-carregamento-eletrico-a-clientes-profissionais.jpg","width":1024,"height":581,"caption":"02 - Cepsa alarga oferta de carregamento eletrico a clientes profissionais"},{"@type":"BreadcrumbList","@id":"https:\/\/jornaldasoficinas.com\/pt\/cepsa-alarga-carregamento-eletrico-a-clientes-profissionais\/#breadcrumb","itemListElement":[{"@type":"ListItem","position":1,"name":"In\u00edcio","item":"https:\/\/jornaldasoficinas.com\/pt\/"},{"@type":"ListItem","position":2,"name":"Cepsa alarga carregamento el\u00e9trico a clientes profissionais"}]},{"@type":"WebSite","@id":"https:\/\/jornaldasoficinas.com\/pt\/#website","url":"https:\/\/jornaldasoficinas.com\/pt\/","name":"Jornal das Oficinas","description":"Jornal independente do Aftermarket Autom\u00f3vel em Portugal","publisher":{"@id":"https:\/\/jornaldasoficinas.com\/pt\/#organization"},"potentialAction":[{"@type":"SearchAction","target":{"@type":"EntryPoint","urlTemplate":"https:\/\/jornaldasoficinas.com\/pt\/?s={search_term_string}"},"query-input":{"@type":"PropertyValueSpecification","valueRequired":true,"valueName":"search_term_string"}}],"inLanguage":"pt-PT"},{"@type":"Organization","@id":"https:\/\/jornaldasoficinas.com\/pt\/#organization","name":"Jornal das Oficinas","url":"https:\/\/jornaldasoficinas.com\/pt\/","logo":{"@type":"ImageObject","inLanguage":"pt-PT","@id":"https:\/\/jornaldasoficinas.com\/pt\/#\/schema\/logo\/image\/","url":"https:\/\/jornaldasoficinas.com\/pt\/wp-content\/uploads\/logoJO-SEO.png","contentUrl":"https:\/\/jornaldasoficinas.com\/pt\/wp-content\/uploads\/logoJO-SEO.png","width":285,"height":450,"caption":"Jornal das Oficinas"},"image":{"@id":"https:\/\/jornaldasoficinas.com\/pt\/#\/schema\/logo\/image\/"},"sameAs":["https:\/\/www.facebook.com\/jornaloficinas","https:\/\/x.com\/jornaloficinas","https:\/\/www.instagram.com\/jornal_oficinas\/","https:\/\/www.linkedin.com\/company\/jornal-das-oficinas\/","https:\/\/www.youtube.com\/channel\/UCbQZBqtcvV-oSQrr7RzINGg"]},{"@type":"Person","@id":"https:\/\/jornaldasoficinas.com\/pt\/#\/schema\/person\/a38eef5de2c41d9e7c9ac10141afddf3","name":"Reda\u00e7\u00e3o JO","image":{"@type":"ImageObject","inLanguage":"pt-PT","@id":"https:\/\/secure.gravatar.com\/avatar\/71f2fa71737ad68a84fea94bc708ddac8ea5b0c4788dc2ad202f3ccb2887742f?s=96&d=wp_user_avatar&r=g","url":"https:\/\/secure.gravatar.com\/avatar\/71f2fa71737ad68a84fea94bc708ddac8ea5b0c4788dc2ad202f3ccb2887742f?s=96&d=wp_user_avatar&r=g","contentUrl":"https:\/\/secure.gravatar.com\/avatar\/71f2fa71737ad68a84fea94bc708ddac8ea5b0c4788dc2ad202f3ccb2887742f?s=96&d=wp_user_avatar&r=g","caption":"Reda\u00e7\u00e3o JO"},"url":"https:\/\/jornaldasoficinas.com\/pt\/author\/joredacao\/"}]}},"_links":{"self":[{"href":"https:\/\/jornaldasoficinas.com\/pt\/wp-json\/wp\/v2\/posts\/79431","targetHints":{"allow":["GET"]}}],"collection":[{"href":"https:\/\/jornaldasoficinas.com\/pt\/wp-json\/wp\/v2\/posts"}],"about":[{"href":"https:\/\/jornaldasoficinas.com\/pt\/wp-json\/wp\/v2\/types\/post"}],"author":[{"embeddable":true,"href":"https:\/\/jornaldasoficinas.com\/pt\/wp-json\/wp\/v2\/users\/15"}],"replies":[{"embeddable":true,"href":"https:\/\/jornaldasoficinas.com\/pt\/wp-json\/wp\/v2\/comments?post=79431"}],"version-history":[{"count":0,"href":"https:\/\/jornaldasoficinas.com\/pt\/wp-json\/wp\/v2\/posts\/79431\/revisions"}],"wp:featuredmedia":[{"embeddable":true,"href":"https:\/\/jornaldasoficinas.com\/pt\/wp-json\/wp\/v2\/media\/79443"}],"wp:attachment":[{"href":"https:\/\/jornaldasoficinas.com\/pt\/wp-json\/wp\/v2\/media?parent=79431"}],"wp:term":[{"taxonomy":"category","embeddable":true,"href":"https:\/\/jornaldasoficinas.com\/pt\/wp-json\/wp\/v2\/categories?post=79431"},{"taxonomy":"post_tag","embeddable":true,"href":"https:\/\/jornaldasoficinas.com\/pt\/wp-json\/wp\/v2\/tags?post=79431"}],"curies":[{"name":"wp","href":"https:\/\/api.w.org\/{rel}","templated":true}]}}