{"id":79464,"date":"2024-02-22T08:00:37","date_gmt":"2024-02-22T08:00:37","guid":{"rendered":"https:\/\/jornaldasoficinas.com\/pt\/?p=79464"},"modified":"2024-02-21T17:19:30","modified_gmt":"2024-02-21T17:19:30","slug":"varta-lanca-campanha-inspirada-nas-oficinas-do-futuro","status":"publish","type":"post","link":"https:\/\/jornaldasoficinas.com\/pt\/varta-lanca-campanha-inspirada-nas-oficinas-do-futuro\/","title":{"rendered":"VARTA lan\u00e7a campanha inspirada nas oficinas do futuro"},"content":{"rendered":"<p><img loading=\"lazy\" decoding=\"async\" class=\"alignnone size-full wp-image-79468\" src=\"https:\/\/jornaldasoficinas.com\/pt\/wp-content\/uploads\/2024\/02\/VARTA-PT1.png\" alt=\"02 - VARTA PT1\" width=\"1024\" height=\"581\" srcset=\"https:\/\/jornaldasoficinas.com\/pt\/wp-content\/uploads\/2024\/02\/VARTA-PT1.png 1024w, https:\/\/jornaldasoficinas.com\/pt\/wp-content\/uploads\/2024\/02\/VARTA-PT1-300x170.png 300w, https:\/\/jornaldasoficinas.com\/pt\/wp-content\/uploads\/2024\/02\/VARTA-PT1-150x85.png 150w, https:\/\/jornaldasoficinas.com\/pt\/wp-content\/uploads\/2024\/02\/VARTA-PT1-768x436.png 768w\" sizes=\"auto, (max-width: 1024px) 100vw, 1024px\" \/><\/p>\n<p><strong>&#8220;Impulsiona o teu Futuro&#8221;, \u00e9 o mote da nova campanha digital da <a href=\"https:\/\/www.varta-automotive.pt\/\" target=\"_blank\" rel=\"noopener\">VARTA<\/a>. A marca decidiu demonstrar o seu compromisso com a transi\u00e7\u00e3o para os ve\u00edculos el\u00e9tricos atrav\u00e9s de um v\u00eddeo criativo nas suas redes sociais<\/strong><\/p>\n<p>&#8220;Apesar de ainda n\u00e3o termos carros voadores a circular nas nossas cidades, como vemos nos filmes de fic\u00e7\u00e3o cient\u00edfica, o cen\u00e1rio autom\u00f3vel est\u00e1 a ser redefinido de forma marcante, repleto de desafios e transforma\u00e7\u00f5es emocionantes. A transi\u00e7\u00e3o para ve\u00edculos el\u00e9tricos (xEV) e a press\u00e3o pela descarboniza\u00e7\u00e3o j\u00e1 se est\u00e3o a fazer sentir, e n\u00e3o h\u00e1 d\u00favida de que est\u00e3o a redefinir o trabalho das oficinas, que devem preparar-se para satisfazer as novas necessidades dos condutores&#8221;, come\u00e7a por contextualizar a marca.<\/p>\n<p>Deste modo, a VARTA decidiu lan\u00e7ar uma nova campanha digital intitulada &#8220;Impulsiona o teu Futuro&#8221;. &#8220;No primeiro v\u00eddeo, destaca-se o compromisso da marca na transi\u00e7\u00e3o para os ve\u00edculos el\u00e9tricos, o que serve como um claro exemplo da mudan\u00e7a cultural em curso que impulsiona a VARTA para a nova mobilidade&#8221;, salienta.<\/p>\n<p>&#8220;<strong>Junta-te \u00e0 equipa do Sr. Neves, Mc Anic e Dina(mite) e descobre o que define uma oficina preparada para o futuro!<\/strong>&#8220;, destaca em v\u00eddeo.<\/p>\n\n<div data-mode=\"normal\" data-oembed=\"1\" data-provider=\"youtube\" id=\"arve-youtube-zfthco6hpow\" style=\"max-width:800px;\" class=\"arve\">\n\t<div class=\"arve-inner\">\n\t\t<div class=\"arve-embed arve-embed--has-aspect-ratio\">\n\t\t\t<div class=\"arve-ar\" style=\"padding-top:56.250000%\"><\/div>\n\t\t\t<iframe allow=\"accelerometer &apos;none&apos;;autoplay &apos;none&apos;;bluetooth &apos;none&apos;;browsing-topics &apos;none&apos;;camera &apos;none&apos;;clipboard-read &apos;none&apos;;clipboard-write;display-capture &apos;none&apos;;encrypted-media &apos;none&apos;;gamepad &apos;none&apos;;geolocation &apos;none&apos;;gyroscope &apos;none&apos;;hid &apos;none&apos;;identity-credentials-get &apos;none&apos;;idle-detection &apos;none&apos;;keyboard-map &apos;none&apos;;local-fonts;magnetometer &apos;none&apos;;microphone &apos;none&apos;;midi &apos;none&apos;;otp-credentials &apos;none&apos;;payment &apos;none&apos;;picture-in-picture;publickey-credentials-create &apos;none&apos;;publickey-credentials-get &apos;none&apos;;screen-wake-lock &apos;none&apos;;serial &apos;none&apos;;summarizer &apos;none&apos;;sync-xhr;usb &apos;none&apos;;web-share;window-management &apos;none&apos;;xr-spatial-tracking &apos;none&apos;;\" allowfullscreen=\"\" class=\"arve-iframe fitvidsignore\" credentialless data-arve=\"arve-youtube-zfthco6hpow\" data-lenis-prevent=\"\" data-src-no-ap=\"https:\/\/www.youtube-nocookie.com\/embed\/ZftHCo6HpOw?feature=oembed&amp;iv_load_policy=3&amp;modestbranding=1&amp;rel=0&amp;autohide=1&amp;playsinline=0&amp;autoplay=0\" frameborder=\"0\" height=\"450\" loading=\"lazy\" name=\"\" referrerpolicy=\"strict-origin-when-cross-origin\" sandbox=\"allow-scripts allow-same-origin allow-presentation allow-popups allow-popups-to-escape-sandbox\" scrolling=\"no\" src=\"https:\/\/www.youtube-nocookie.com\/embed\/ZftHCo6HpOw?feature=oembed&#038;iv_load_policy=3&#038;modestbranding=1&#038;rel=0&#038;autohide=1&#038;playsinline=0&#038;autoplay=0\" title=\"\" width=\"800\"><\/iframe>\n\t\t\t\n\t\t<\/div>\n\t\t\n\t<\/div>\n\t\n\t\n\t<script type=\"application\/ld+json\">{\"@context\":\"http:\\\/\\\/schema.org\\\/\",\"@id\":\"https:\\\/\\\/jornaldasoficinas.com\\\/pt\\\/varta-lanca-campanha-inspirada-nas-oficinas-do-futuro\\\/#arve-youtube-zfthco6hpow\",\"type\":\"VideoObject\",\"embedURL\":\"https:\\\/\\\/www.youtube-nocookie.com\\\/embed\\\/ZftHCo6HpOw?feature=oembed&iv_load_policy=3&modestbranding=1&rel=0&autohide=1&playsinline=0&autoplay=0\"}<\/script>\n\t\n<\/div>\n<p><strong>Mc Anic: Inova\u00e7\u00e3o para os Ve\u00edculos xEV<\/strong><\/p>\n<p>&#8220;Hoje em dia, os mec\u00e2nicos enfrentam o desafio de lidar com tecnologias inovadoras, sendo essencial que estejam familiarizados com os diferentes tipos de ve\u00edculos modernos, desde os avan\u00e7ados sistemas Start-Stop at\u00e9 aos ve\u00edculos totalmente el\u00e9tricos. \u00c9 tamb\u00e9m crucial que tenham a capacidade de recomendar as baterias adequadas para garantir um desempenho \u00f3timo nesses ve\u00edculos revolucion\u00e1rios, como a nova linha AGM da VARTA, concebida especificamente para o universo xEV&#8221;, explica.<\/p>\n<p><strong>Sr. Neves: O Valor do Conhecimento<\/strong><\/p>\n<p>&#8220;As oficinas preparadas para o futuro destacam-se pela inova\u00e7\u00e3o e pela intera\u00e7\u00e3o geracional, promovendo a partilha de conhecimentos. Neste sentido, a forma\u00e7\u00e3o cont\u00ednua revela-se crucial para acompanhar os avan\u00e7os tecnol\u00f3gicos, e os v\u00eddeos da VARTA Training Academy surgem como um recurso valioso e gratuito para o desenvolvimento \u00e1gil da compet\u00eancia mec\u00e2nica&#8221;, refor\u00e7a.<\/p>\n<p><strong>Dina(mite): Agilidade no Quotidiano<\/strong><\/p>\n<p>&#8220;Num cen\u00e1rio atual, a excel\u00eancia na oficina vai para al\u00e9m das compet\u00eancias mec\u00e2nicas; implica a utiliza\u00e7\u00e3o eficiente de ferramentas. Ao priorizar tecnologias facilitadoras, como o VARTA Partner Portal, os mec\u00e2nicos n\u00e3o s\u00f3 simplificam as suas opera\u00e7\u00f5es di\u00e1rias, como tamb\u00e9m asseguram um servi\u00e7o de qualidade e personalizado aos seus clientes&#8221;, sublinha.<\/p>\n<p>&#8220;Atrav\u00e9s de uma s\u00e9rie de v\u00eddeos protagonizados por estes personagens carism\u00e1ticos e modernos, a VARTA prop\u00f5e criar la\u00e7os s\u00f3lidos com os jovens e os especialistas mec\u00e2nicos. O seu objetivo \u00e9 claro: demonstrar como as oficinas podem adotar facilmente as \u00faltimas pr\u00e1ticas de substitui\u00e7\u00e3o de baterias para ve\u00edculos modernos, ao mesmo tempo que oferece um s\u00f3lido apoio para o seu dia a dia&#8221;, finaliza.<\/p>\n","protected":false},"excerpt":{"rendered":"<p>&#8220;Impulsiona o teu Futuro&#8221;, \u00e9 o&#8230;<\/p>\n","protected":false},"author":15,"featured_media":79468,"comment_status":"closed","ping_status":"closed","sticky":false,"template":"","format":"standard","meta":{"footnotes":""},"categories":[29],"tags":[7548,7550,7547,395,728,89,7549],"class_list":["post-79464","post","type-post","status-publish","format-standard","has-post-thumbnail","hentry","category-empresas","tag-campanha-digital","tag-impulsiona-o-teu-futuro","tag-oficinas-do-futuro","tag-redes-sociais","tag-varta","tag-veiculos-eletricos","tag-video-criativo"],"yoast_head":"<!-- This site is optimized with the Yoast SEO plugin v27.4 - https:\/\/yoast.com\/product\/yoast-seo-wordpress\/ -->\n<title>VARTA lan\u00e7a campanha inspirada nas oficinas do futuro - Jornal das Oficinas<\/title>\n<meta name=\"description\" content=\"A VARTA decidiu demonstrar o seu compromisso com a transi\u00e7\u00e3o para os ve\u00edculos el\u00e9tricos atrav\u00e9s de um v\u00eddeo criativo nas suas redes sociais\" \/>\n<meta name=\"robots\" content=\"index, follow, max-snippet:-1, max-image-preview:large, max-video-preview:-1\" \/>\n<link rel=\"canonical\" href=\"https:\/\/jornaldasoficinas.com\/pt\/varta-lanca-campanha-inspirada-nas-oficinas-do-futuro\/\" \/>\n<meta property=\"og:locale\" content=\"pt_PT\" \/>\n<meta property=\"og:type\" content=\"article\" \/>\n<meta property=\"og:title\" content=\"VARTA lan\u00e7a campanha inspirada nas oficinas do futuro - Jornal das Oficinas\" \/>\n<meta property=\"og:description\" content=\"A VARTA decidiu demonstrar o seu compromisso com a transi\u00e7\u00e3o para os ve\u00edculos el\u00e9tricos atrav\u00e9s de um v\u00eddeo criativo nas suas redes sociais\" \/>\n<meta property=\"og:url\" content=\"https:\/\/jornaldasoficinas.com\/pt\/varta-lanca-campanha-inspirada-nas-oficinas-do-futuro\/\" \/>\n<meta property=\"og:site_name\" content=\"Jornal das Oficinas\" \/>\n<meta property=\"article:publisher\" content=\"https:\/\/www.facebook.com\/jornaloficinas\" \/>\n<meta property=\"article:published_time\" content=\"2024-02-22T08:00:37+00:00\" \/>\n<meta property=\"og:image\" content=\"https:\/\/jornaldasoficinas.com\/pt\/wp-content\/uploads\/2024\/02\/VARTA-PT1.png\" \/>\n\t<meta property=\"og:image:width\" content=\"1024\" \/>\n\t<meta property=\"og:image:height\" content=\"581\" \/>\n\t<meta property=\"og:image:type\" content=\"image\/png\" \/>\n<meta name=\"author\" content=\"Reda\u00e7\u00e3o JO\" \/>\n<meta name=\"twitter:card\" content=\"summary_large_image\" \/>\n<meta name=\"twitter:creator\" content=\"@jornaloficinas\" \/>\n<meta name=\"twitter:site\" content=\"@jornaloficinas\" \/>\n<meta name=\"twitter:label1\" content=\"Escrito por\" \/>\n\t<meta name=\"twitter:data1\" content=\"Reda\u00e7\u00e3o JO\" \/>\n\t<meta name=\"twitter:label2\" content=\"Tempo estimado de leitura\" \/>\n\t<meta name=\"twitter:data2\" content=\"3 minutos\" \/>\n<script type=\"application\/ld+json\" class=\"yoast-schema-graph\">{\"@context\":\"https:\\\/\\\/schema.org\",\"@graph\":[{\"@type\":\"Article\",\"@id\":\"https:\\\/\\\/jornaldasoficinas.com\\\/pt\\\/varta-lanca-campanha-inspirada-nas-oficinas-do-futuro\\\/#article\",\"isPartOf\":{\"@id\":\"https:\\\/\\\/jornaldasoficinas.com\\\/pt\\\/varta-lanca-campanha-inspirada-nas-oficinas-do-futuro\\\/\"},\"author\":{\"name\":\"Reda\u00e7\u00e3o JO\",\"@id\":\"https:\\\/\\\/jornaldasoficinas.com\\\/pt\\\/#\\\/schema\\\/person\\\/a38eef5de2c41d9e7c9ac10141afddf3\"},\"headline\":\"VARTA lan\u00e7a campanha inspirada nas oficinas do futuro\",\"datePublished\":\"2024-02-22T08:00:37+00:00\",\"mainEntityOfPage\":{\"@id\":\"https:\\\/\\\/jornaldasoficinas.com\\\/pt\\\/varta-lanca-campanha-inspirada-nas-oficinas-do-futuro\\\/\"},\"wordCount\":530,\"publisher\":{\"@id\":\"https:\\\/\\\/jornaldasoficinas.com\\\/pt\\\/#organization\"},\"image\":{\"@id\":\"https:\\\/\\\/jornaldasoficinas.com\\\/pt\\\/varta-lanca-campanha-inspirada-nas-oficinas-do-futuro\\\/#primaryimage\"},\"thumbnailUrl\":\"https:\\\/\\\/jornaldasoficinas.com\\\/pt\\\/wp-content\\\/uploads\\\/2024\\\/02\\\/VARTA-PT1.png\",\"keywords\":[\"campanha digital\",\"impulsiona o teu futuro\",\"oficinas do futuro\",\"Redes sociais\",\"VARTA\",\"Ve\u00edculos el\u00e9tricos\",\"v\u00eddeo criativo\"],\"articleSection\":[\"Empresas\"],\"inLanguage\":\"pt-PT\"},{\"@type\":\"WebPage\",\"@id\":\"https:\\\/\\\/jornaldasoficinas.com\\\/pt\\\/varta-lanca-campanha-inspirada-nas-oficinas-do-futuro\\\/\",\"url\":\"https:\\\/\\\/jornaldasoficinas.com\\\/pt\\\/varta-lanca-campanha-inspirada-nas-oficinas-do-futuro\\\/\",\"name\":\"VARTA lan\u00e7a campanha inspirada nas oficinas do futuro - Jornal das Oficinas\",\"isPartOf\":{\"@id\":\"https:\\\/\\\/jornaldasoficinas.com\\\/pt\\\/#website\"},\"primaryImageOfPage\":{\"@id\":\"https:\\\/\\\/jornaldasoficinas.com\\\/pt\\\/varta-lanca-campanha-inspirada-nas-oficinas-do-futuro\\\/#primaryimage\"},\"image\":{\"@id\":\"https:\\\/\\\/jornaldasoficinas.com\\\/pt\\\/varta-lanca-campanha-inspirada-nas-oficinas-do-futuro\\\/#primaryimage\"},\"thumbnailUrl\":\"https:\\\/\\\/jornaldasoficinas.com\\\/pt\\\/wp-content\\\/uploads\\\/2024\\\/02\\\/VARTA-PT1.png\",\"datePublished\":\"2024-02-22T08:00:37+00:00\",\"description\":\"A VARTA decidiu demonstrar o seu compromisso com a transi\u00e7\u00e3o para os ve\u00edculos el\u00e9tricos atrav\u00e9s de um v\u00eddeo criativo nas suas redes sociais\",\"breadcrumb\":{\"@id\":\"https:\\\/\\\/jornaldasoficinas.com\\\/pt\\\/varta-lanca-campanha-inspirada-nas-oficinas-do-futuro\\\/#breadcrumb\"},\"inLanguage\":\"pt-PT\",\"potentialAction\":[{\"@type\":\"ReadAction\",\"target\":[\"https:\\\/\\\/jornaldasoficinas.com\\\/pt\\\/varta-lanca-campanha-inspirada-nas-oficinas-do-futuro\\\/\"]}]},{\"@type\":\"ImageObject\",\"inLanguage\":\"pt-PT\",\"@id\":\"https:\\\/\\\/jornaldasoficinas.com\\\/pt\\\/varta-lanca-campanha-inspirada-nas-oficinas-do-futuro\\\/#primaryimage\",\"url\":\"https:\\\/\\\/jornaldasoficinas.com\\\/pt\\\/wp-content\\\/uploads\\\/2024\\\/02\\\/VARTA-PT1.png\",\"contentUrl\":\"https:\\\/\\\/jornaldasoficinas.com\\\/pt\\\/wp-content\\\/uploads\\\/2024\\\/02\\\/VARTA-PT1.png\",\"width\":1024,\"height\":581,\"caption\":\"02 - VARTA PT1\"},{\"@type\":\"BreadcrumbList\",\"@id\":\"https:\\\/\\\/jornaldasoficinas.com\\\/pt\\\/varta-lanca-campanha-inspirada-nas-oficinas-do-futuro\\\/#breadcrumb\",\"itemListElement\":[{\"@type\":\"ListItem\",\"position\":1,\"name\":\"In\u00edcio\",\"item\":\"https:\\\/\\\/jornaldasoficinas.com\\\/pt\\\/\"},{\"@type\":\"ListItem\",\"position\":2,\"name\":\"VARTA lan\u00e7a campanha inspirada nas oficinas do futuro\"}]},{\"@type\":\"WebSite\",\"@id\":\"https:\\\/\\\/jornaldasoficinas.com\\\/pt\\\/#website\",\"url\":\"https:\\\/\\\/jornaldasoficinas.com\\\/pt\\\/\",\"name\":\"Jornal das Oficinas\",\"description\":\"Jornal independente do Aftermarket Autom\u00f3vel em Portugal\",\"publisher\":{\"@id\":\"https:\\\/\\\/jornaldasoficinas.com\\\/pt\\\/#organization\"},\"potentialAction\":[{\"@type\":\"SearchAction\",\"target\":{\"@type\":\"EntryPoint\",\"urlTemplate\":\"https:\\\/\\\/jornaldasoficinas.com\\\/pt\\\/?s={search_term_string}\"},\"query-input\":{\"@type\":\"PropertyValueSpecification\",\"valueRequired\":true,\"valueName\":\"search_term_string\"}}],\"inLanguage\":\"pt-PT\"},{\"@type\":\"Organization\",\"@id\":\"https:\\\/\\\/jornaldasoficinas.com\\\/pt\\\/#organization\",\"name\":\"Jornal das Oficinas\",\"url\":\"https:\\\/\\\/jornaldasoficinas.com\\\/pt\\\/\",\"logo\":{\"@type\":\"ImageObject\",\"inLanguage\":\"pt-PT\",\"@id\":\"https:\\\/\\\/jornaldasoficinas.com\\\/pt\\\/#\\\/schema\\\/logo\\\/image\\\/\",\"url\":\"https:\\\/\\\/jornaldasoficinas.com\\\/pt\\\/wp-content\\\/uploads\\\/logoJO-SEO.png\",\"contentUrl\":\"https:\\\/\\\/jornaldasoficinas.com\\\/pt\\\/wp-content\\\/uploads\\\/logoJO-SEO.png\",\"width\":285,\"height\":450,\"caption\":\"Jornal das Oficinas\"},\"image\":{\"@id\":\"https:\\\/\\\/jornaldasoficinas.com\\\/pt\\\/#\\\/schema\\\/logo\\\/image\\\/\"},\"sameAs\":[\"https:\\\/\\\/www.facebook.com\\\/jornaloficinas\",\"https:\\\/\\\/x.com\\\/jornaloficinas\",\"https:\\\/\\\/www.instagram.com\\\/jornal_oficinas\\\/\",\"https:\\\/\\\/www.linkedin.com\\\/company\\\/jornal-das-oficinas\\\/\",\"https:\\\/\\\/www.youtube.com\\\/channel\\\/UCbQZBqtcvV-oSQrr7RzINGg\"]},{\"@type\":\"Person\",\"@id\":\"https:\\\/\\\/jornaldasoficinas.com\\\/pt\\\/#\\\/schema\\\/person\\\/a38eef5de2c41d9e7c9ac10141afddf3\",\"name\":\"Reda\u00e7\u00e3o JO\",\"image\":{\"@type\":\"ImageObject\",\"inLanguage\":\"pt-PT\",\"@id\":\"https:\\\/\\\/secure.gravatar.com\\\/avatar\\\/71f2fa71737ad68a84fea94bc708ddac8ea5b0c4788dc2ad202f3ccb2887742f?s=96&d=wp_user_avatar&r=g\",\"url\":\"https:\\\/\\\/secure.gravatar.com\\\/avatar\\\/71f2fa71737ad68a84fea94bc708ddac8ea5b0c4788dc2ad202f3ccb2887742f?s=96&d=wp_user_avatar&r=g\",\"contentUrl\":\"https:\\\/\\\/secure.gravatar.com\\\/avatar\\\/71f2fa71737ad68a84fea94bc708ddac8ea5b0c4788dc2ad202f3ccb2887742f?s=96&d=wp_user_avatar&r=g\",\"caption\":\"Reda\u00e7\u00e3o JO\"},\"url\":\"https:\\\/\\\/jornaldasoficinas.com\\\/pt\\\/author\\\/joredacao\\\/\"}]}<\/script>\n<!-- \/ Yoast SEO plugin. -->","yoast_head_json":{"title":"VARTA lan\u00e7a campanha inspirada nas oficinas do futuro - Jornal das Oficinas","description":"A VARTA decidiu demonstrar o seu compromisso com a transi\u00e7\u00e3o para os ve\u00edculos el\u00e9tricos atrav\u00e9s de um v\u00eddeo criativo nas suas redes sociais","robots":{"index":"index","follow":"follow","max-snippet":"max-snippet:-1","max-image-preview":"max-image-preview:large","max-video-preview":"max-video-preview:-1"},"canonical":"https:\/\/jornaldasoficinas.com\/pt\/varta-lanca-campanha-inspirada-nas-oficinas-do-futuro\/","og_locale":"pt_PT","og_type":"article","og_title":"VARTA lan\u00e7a campanha inspirada nas oficinas do futuro - Jornal das Oficinas","og_description":"A VARTA decidiu demonstrar o seu compromisso com a transi\u00e7\u00e3o para os ve\u00edculos el\u00e9tricos atrav\u00e9s de um v\u00eddeo criativo nas suas redes sociais","og_url":"https:\/\/jornaldasoficinas.com\/pt\/varta-lanca-campanha-inspirada-nas-oficinas-do-futuro\/","og_site_name":"Jornal das Oficinas","article_publisher":"https:\/\/www.facebook.com\/jornaloficinas","article_published_time":"2024-02-22T08:00:37+00:00","og_image":[{"width":1024,"height":581,"url":"https:\/\/jornaldasoficinas.com\/pt\/wp-content\/uploads\/2024\/02\/VARTA-PT1.png","type":"image\/png"}],"author":"Reda\u00e7\u00e3o JO","twitter_card":"summary_large_image","twitter_creator":"@jornaloficinas","twitter_site":"@jornaloficinas","twitter_misc":{"Escrito por":"Reda\u00e7\u00e3o JO","Tempo estimado de leitura":"3 minutos"},"schema":{"@context":"https:\/\/schema.org","@graph":[{"@type":"Article","@id":"https:\/\/jornaldasoficinas.com\/pt\/varta-lanca-campanha-inspirada-nas-oficinas-do-futuro\/#article","isPartOf":{"@id":"https:\/\/jornaldasoficinas.com\/pt\/varta-lanca-campanha-inspirada-nas-oficinas-do-futuro\/"},"author":{"name":"Reda\u00e7\u00e3o JO","@id":"https:\/\/jornaldasoficinas.com\/pt\/#\/schema\/person\/a38eef5de2c41d9e7c9ac10141afddf3"},"headline":"VARTA lan\u00e7a campanha inspirada nas oficinas do futuro","datePublished":"2024-02-22T08:00:37+00:00","mainEntityOfPage":{"@id":"https:\/\/jornaldasoficinas.com\/pt\/varta-lanca-campanha-inspirada-nas-oficinas-do-futuro\/"},"wordCount":530,"publisher":{"@id":"https:\/\/jornaldasoficinas.com\/pt\/#organization"},"image":{"@id":"https:\/\/jornaldasoficinas.com\/pt\/varta-lanca-campanha-inspirada-nas-oficinas-do-futuro\/#primaryimage"},"thumbnailUrl":"https:\/\/jornaldasoficinas.com\/pt\/wp-content\/uploads\/2024\/02\/VARTA-PT1.png","keywords":["campanha digital","impulsiona o teu futuro","oficinas do futuro","Redes sociais","VARTA","Ve\u00edculos el\u00e9tricos","v\u00eddeo criativo"],"articleSection":["Empresas"],"inLanguage":"pt-PT"},{"@type":"WebPage","@id":"https:\/\/jornaldasoficinas.com\/pt\/varta-lanca-campanha-inspirada-nas-oficinas-do-futuro\/","url":"https:\/\/jornaldasoficinas.com\/pt\/varta-lanca-campanha-inspirada-nas-oficinas-do-futuro\/","name":"VARTA lan\u00e7a campanha inspirada nas oficinas do futuro - Jornal das Oficinas","isPartOf":{"@id":"https:\/\/jornaldasoficinas.com\/pt\/#website"},"primaryImageOfPage":{"@id":"https:\/\/jornaldasoficinas.com\/pt\/varta-lanca-campanha-inspirada-nas-oficinas-do-futuro\/#primaryimage"},"image":{"@id":"https:\/\/jornaldasoficinas.com\/pt\/varta-lanca-campanha-inspirada-nas-oficinas-do-futuro\/#primaryimage"},"thumbnailUrl":"https:\/\/jornaldasoficinas.com\/pt\/wp-content\/uploads\/2024\/02\/VARTA-PT1.png","datePublished":"2024-02-22T08:00:37+00:00","description":"A VARTA decidiu demonstrar o seu compromisso com a transi\u00e7\u00e3o para os ve\u00edculos el\u00e9tricos atrav\u00e9s de um v\u00eddeo criativo nas suas redes sociais","breadcrumb":{"@id":"https:\/\/jornaldasoficinas.com\/pt\/varta-lanca-campanha-inspirada-nas-oficinas-do-futuro\/#breadcrumb"},"inLanguage":"pt-PT","potentialAction":[{"@type":"ReadAction","target":["https:\/\/jornaldasoficinas.com\/pt\/varta-lanca-campanha-inspirada-nas-oficinas-do-futuro\/"]}]},{"@type":"ImageObject","inLanguage":"pt-PT","@id":"https:\/\/jornaldasoficinas.com\/pt\/varta-lanca-campanha-inspirada-nas-oficinas-do-futuro\/#primaryimage","url":"https:\/\/jornaldasoficinas.com\/pt\/wp-content\/uploads\/2024\/02\/VARTA-PT1.png","contentUrl":"https:\/\/jornaldasoficinas.com\/pt\/wp-content\/uploads\/2024\/02\/VARTA-PT1.png","width":1024,"height":581,"caption":"02 - VARTA PT1"},{"@type":"BreadcrumbList","@id":"https:\/\/jornaldasoficinas.com\/pt\/varta-lanca-campanha-inspirada-nas-oficinas-do-futuro\/#breadcrumb","itemListElement":[{"@type":"ListItem","position":1,"name":"In\u00edcio","item":"https:\/\/jornaldasoficinas.com\/pt\/"},{"@type":"ListItem","position":2,"name":"VARTA lan\u00e7a campanha inspirada nas oficinas do futuro"}]},{"@type":"WebSite","@id":"https:\/\/jornaldasoficinas.com\/pt\/#website","url":"https:\/\/jornaldasoficinas.com\/pt\/","name":"Jornal das Oficinas","description":"Jornal independente do Aftermarket Autom\u00f3vel em Portugal","publisher":{"@id":"https:\/\/jornaldasoficinas.com\/pt\/#organization"},"potentialAction":[{"@type":"SearchAction","target":{"@type":"EntryPoint","urlTemplate":"https:\/\/jornaldasoficinas.com\/pt\/?s={search_term_string}"},"query-input":{"@type":"PropertyValueSpecification","valueRequired":true,"valueName":"search_term_string"}}],"inLanguage":"pt-PT"},{"@type":"Organization","@id":"https:\/\/jornaldasoficinas.com\/pt\/#organization","name":"Jornal das Oficinas","url":"https:\/\/jornaldasoficinas.com\/pt\/","logo":{"@type":"ImageObject","inLanguage":"pt-PT","@id":"https:\/\/jornaldasoficinas.com\/pt\/#\/schema\/logo\/image\/","url":"https:\/\/jornaldasoficinas.com\/pt\/wp-content\/uploads\/logoJO-SEO.png","contentUrl":"https:\/\/jornaldasoficinas.com\/pt\/wp-content\/uploads\/logoJO-SEO.png","width":285,"height":450,"caption":"Jornal das Oficinas"},"image":{"@id":"https:\/\/jornaldasoficinas.com\/pt\/#\/schema\/logo\/image\/"},"sameAs":["https:\/\/www.facebook.com\/jornaloficinas","https:\/\/x.com\/jornaloficinas","https:\/\/www.instagram.com\/jornal_oficinas\/","https:\/\/www.linkedin.com\/company\/jornal-das-oficinas\/","https:\/\/www.youtube.com\/channel\/UCbQZBqtcvV-oSQrr7RzINGg"]},{"@type":"Person","@id":"https:\/\/jornaldasoficinas.com\/pt\/#\/schema\/person\/a38eef5de2c41d9e7c9ac10141afddf3","name":"Reda\u00e7\u00e3o JO","image":{"@type":"ImageObject","inLanguage":"pt-PT","@id":"https:\/\/secure.gravatar.com\/avatar\/71f2fa71737ad68a84fea94bc708ddac8ea5b0c4788dc2ad202f3ccb2887742f?s=96&d=wp_user_avatar&r=g","url":"https:\/\/secure.gravatar.com\/avatar\/71f2fa71737ad68a84fea94bc708ddac8ea5b0c4788dc2ad202f3ccb2887742f?s=96&d=wp_user_avatar&r=g","contentUrl":"https:\/\/secure.gravatar.com\/avatar\/71f2fa71737ad68a84fea94bc708ddac8ea5b0c4788dc2ad202f3ccb2887742f?s=96&d=wp_user_avatar&r=g","caption":"Reda\u00e7\u00e3o JO"},"url":"https:\/\/jornaldasoficinas.com\/pt\/author\/joredacao\/"}]}},"_links":{"self":[{"href":"https:\/\/jornaldasoficinas.com\/pt\/wp-json\/wp\/v2\/posts\/79464","targetHints":{"allow":["GET"]}}],"collection":[{"href":"https:\/\/jornaldasoficinas.com\/pt\/wp-json\/wp\/v2\/posts"}],"about":[{"href":"https:\/\/jornaldasoficinas.com\/pt\/wp-json\/wp\/v2\/types\/post"}],"author":[{"embeddable":true,"href":"https:\/\/jornaldasoficinas.com\/pt\/wp-json\/wp\/v2\/users\/15"}],"replies":[{"embeddable":true,"href":"https:\/\/jornaldasoficinas.com\/pt\/wp-json\/wp\/v2\/comments?post=79464"}],"version-history":[{"count":0,"href":"https:\/\/jornaldasoficinas.com\/pt\/wp-json\/wp\/v2\/posts\/79464\/revisions"}],"wp:featuredmedia":[{"embeddable":true,"href":"https:\/\/jornaldasoficinas.com\/pt\/wp-json\/wp\/v2\/media\/79468"}],"wp:attachment":[{"href":"https:\/\/jornaldasoficinas.com\/pt\/wp-json\/wp\/v2\/media?parent=79464"}],"wp:term":[{"taxonomy":"category","embeddable":true,"href":"https:\/\/jornaldasoficinas.com\/pt\/wp-json\/wp\/v2\/categories?post=79464"},{"taxonomy":"post_tag","embeddable":true,"href":"https:\/\/jornaldasoficinas.com\/pt\/wp-json\/wp\/v2\/tags?post=79464"}],"curies":[{"name":"wp","href":"https:\/\/api.w.org\/{rel}","templated":true}]}}