{"id":79577,"date":"2024-02-25T20:30:55","date_gmt":"2024-02-25T20:30:55","guid":{"rendered":"https:\/\/jornaldasoficinas.com\/pt\/?p=79577"},"modified":"2024-02-25T20:15:13","modified_gmt":"2024-02-25T20:15:13","slug":"jornal-das-oficinas-de-fevereiro-marco-2024-disponivel-online","status":"publish","type":"post","link":"https:\/\/jornaldasoficinas.com\/pt\/jornal-das-oficinas-de-fevereiro-marco-2024-disponivel-online\/","title":{"rendered":"Jornal das Oficinas de fevereiro\/mar\u00e7o 2024 dispon\u00edvel online"},"content":{"rendered":"<p><img loading=\"lazy\" decoding=\"async\" class=\"alignnone size-full wp-image-79562\" src=\"https:\/\/jornaldasoficinas.com\/pt\/wp-content\/uploads\/2024\/02\/JO215_Capa.jpg\" alt=\"02 - JO215_Capa\" width=\"1024\" height=\"581\" srcset=\"https:\/\/jornaldasoficinas.com\/pt\/wp-content\/uploads\/2024\/02\/JO215_Capa.jpg 1024w, https:\/\/jornaldasoficinas.com\/pt\/wp-content\/uploads\/2024\/02\/JO215_Capa-300x170.jpg 300w, https:\/\/jornaldasoficinas.com\/pt\/wp-content\/uploads\/2024\/02\/JO215_Capa-150x85.jpg 150w, https:\/\/jornaldasoficinas.com\/pt\/wp-content\/uploads\/2024\/02\/JO215_Capa-768x436.jpg 768w\" sizes=\"auto, (max-width: 1024px) 100vw, 1024px\" \/><\/p>\n<p><strong>Na edi\u00e7\u00e3o de fevereiro\/mar\u00e7o 2024 do Jornal das Oficinas N\u00ba 215, o artigo de destaque \u00e9 o sobre Big Data, um termo que se refere ao processamento e an\u00e1lise de conjuntos de dados extremamente grandes e complexos. A quest\u00e3o-chave ser\u00e1 a capacidade de aceder ao ve\u00edculo, assim como aos respetivos dados, para a oficina oferecer os seus servi\u00e7os quando o ve\u00edculo necessitar de manuten\u00e7\u00e3o<\/strong><\/p>\n<p>Nesta edi\u00e7\u00e3o publicamos o Especial Lubrificantes, um trabalho completo sobre o mercado de lubrificantes em Portugal, com opini\u00f5es dos protagonistas, novidades e volumes de vendas.<\/p>\n<p>Lan\u00e7ada em 2016, a Automotive Data Publishers Association (<a href=\"https:\/\/www.adpa.eu\/\" target=\"_blank\" rel=\"noopener\">ADPA<\/a>) surge para garantir que a legisla\u00e7\u00e3o europeia continua a salvaguardar os interesses e a competitividade de todo o mercado independente de p\u00f3s-venda autom\u00f3vel e dos consumidores finais. Para perceber mais sobre a atividade da associa\u00e7\u00e3o nestes oito anos, fal\u00e1mos com o presidente, Ralf Pelkmann, e com o diretor-geral, Pierre Thibaudat.<\/p>\n<p>Transi\u00e7\u00e3o para a mobilidade ecol\u00f3gica. Embora as proje\u00e7\u00f5es sugiram que os ve\u00edculos el\u00e9tricos possam representar mais de 50% dos ve\u00edculos produzidos at\u00e9 ao final da presente d\u00e9cada, os ve\u00edculos com motor de combust\u00e3o continuar\u00e3o a representar dois ter\u00e7os da frota at\u00e9 ao final da pr\u00f3xima d\u00e9cada.<\/p>\n<p>S\u00e3o v\u00e1rias as entrevistas que pode ler nesta edi\u00e7\u00e3o:<\/p>\n<p>Aldo Machado, diretor-geral <a href=\"https:\/\/www.nextyres.pt\/\" target=\"_blank\" rel=\"noopener\">NEX Tyres<\/a><\/p>\n<p>David Laureano, Administrador <a href=\"https:\/\/www.pneusalcaide.com\/\" target=\"_blank\" rel=\"noopener\">Pneus do Alcaide<\/a><\/p>\n<p>Heitor Santos, diretor-geral <a href=\"https:\/\/www.europart.net\/\" target=\"_blank\" rel=\"noopener\">Europart<\/a><\/p>\n<p>Jorge Filipe Fernandes Couto, gestor Comercial da<a href=\"https:\/\/www.tabspain.com\/pt-pt\/\" target=\"_blank\" rel=\"noopener\"> TAB Spain<\/a> em Portugal<\/p>\n<p>Ra\u00fal Jimenez, diretor ib\u00e9rico <a href=\"http:\/\/www.nexentire.com\/\" target=\"_blank\" rel=\"noopener\">Nexen Tire<\/a><\/p>\n<p>Thierry Van der Brempt, Diretor Geral Ib\u00e9rico da <a href=\"https:\/\/www.basf.com\/pt\/pt.html\" target=\"_blank\" rel=\"noopener\">BASF<\/a> e Filipe Perdiz, Diretor Comercial da BASF em Portugal<\/p>\n<p>Na r\u00fabrica Forma\u00e7\u00e3o abordamos os diferentes componentes de aprendizagem. Todas as evid\u00eancias sugerem que aprender pela \u201cpr\u00e1tica\u201d \u00e9 o melhor m\u00e9todo, ou seja, aprender de forma ativa em vez de passiva.<\/p>\n<p><a href=\"https:\/\/laranja2016.wixsite.com\/trustconstrucao\/\" target=\"_blank\" rel=\"noopener\">TRUSTAUTO<\/a> e <a href=\"https:\/\/www.stellantisandyou.com\/pt\/\" target=\"_blank\" rel=\"noopener\">Stellantis &amp;You<\/a> efetuaram uma parceria hist\u00f3rica. Ambas as empresas, desenvolveram um novo modelo de neg\u00f3cio, que unifica o mercado das pe\u00e7as de origem (IAM) e aftermarket na mesma equa\u00e7\u00e3o.<\/p>\n<p>A <a href=\"https:\/\/www.axalta.com\/pt\/pt_PT.html\" target=\"_blank\" rel=\"noopener\">Axalta<\/a> reuniu distribuidores, clientes e imprensa da especialidade para falar das megatend\u00eancias do neg\u00f3cio da repintura autom\u00f3vel e das solu\u00e7\u00f5es que disponibiliza para as oficinas serem mais rent\u00e1veis e eficientes.<\/p>\n<p><a href=\"https:\/\/carretos.pt\/\" target=\"_blank\" rel=\"noopener\">Carreto\u2019s<\/a> \u00e9 Oficina do M\u00eas. Com uma vasta experi\u00eancia como t\u00e9cnico especializado em ve\u00edculos Mercedes, David Carreto decidiu h\u00e1 dez anos dar o salto e investir todo o seu conhecimento nesta \u00e1rea para abrir o seu pr\u00f3prio neg\u00f3cio. Conhe\u00e7a os objetivos para o futuro da Carreto\u2019s.<\/p>\n<p>Ecossistema digital na \u00e1rea de pintura. A digitaliza\u00e7\u00e3o da gest\u00e3o da cor e da pintura chegou \u00e0s oficinas para ficar. As oficinas s\u00e3o verdadeiras empresas de servi\u00e7os. Para que isto aconte\u00e7a, os novos programas de pintura ajudar\u00e3o as oficinas no controlo e gest\u00e3o de todos os aspetos importantes que afetam a \u00e1rea de pintura.<\/p>\n<p>Desejamos boas leituras e at\u00e9 \u00e0 pr\u00f3xima edi\u00e7\u00e3o de abril\/maio 2024<\/p>\n<p><iframe loading=\"lazy\" src=\"https:\/\/www.yumpu.com\/pt\/embed\/view\/C8KX9xS7iNZpGVMc\" width=\"620px\" height=\"460px\" frameborder=\"0\" allowfullscreen=\"allowfullscreen\"><span style=\"display: inline-block; width: 0px; overflow: hidden; line-height: 0;\" data-mce-type=\"bookmark\" class=\"mce_SELRES_start\">\ufeff<\/span><\/iframe><\/p>\n","protected":false},"excerpt":{"rendered":"<p>Na edi\u00e7\u00e3o de fevereiro\/mar\u00e7o 2024 do&#8230;<\/p>\n","protected":false},"author":15,"featured_media":79562,"comment_status":"closed","ping_status":"closed","sticky":false,"template":"","format":"standard","meta":{"footnotes":""},"categories":[411],"tags":[2879,7203,67,247,1575,7161,7581,624,3541,7137,7202,7585,7583,7163,7582,7584,148,5000,564,7107,2417],"class_list":["post-79577","post","type-post","status-publish","format-standard","has-post-thumbnail","hentry","category-edicoes-jo","tag-adpa","tag-aldo-machado","tag-axalta","tag-basf","tag-big-data","tag-david-laureano","tag-especial-lubrificantes","tag-europart","tag-heitor-santos","tag-jorge-couto","tag-nex-tyres","tag-nexen-tire","tag-pierre-thibaudat","tag-pneus-do-alcaide","tag-ralf-pelkmann","tag-raul-jimenez","tag-repintura","tag-stellantis-you","tag-tab-spain","tag-thierry-van-der-brempt","tag-trustauto"],"yoast_head":"<!-- This site is optimized with the Yoast SEO plugin v27.5 - https:\/\/yoast.com\/product\/yoast-seo-wordpress\/ -->\n<title>Jornal das Oficinas de fevereiro\/mar\u00e7o 2024 dispon\u00edvel online - Jornal das Oficinas<\/title>\n<meta name=\"description\" content=\"Na edi\u00e7\u00e3o de fevereiro\/mar\u00e7o 2024 do Jornal das Oficinas, o artigo de destaque \u00e9 o sobre Big Data, um termo que se refere ao processamento\" \/>\n<meta name=\"robots\" content=\"index, follow, max-snippet:-1, max-image-preview:large, max-video-preview:-1\" \/>\n<link rel=\"canonical\" href=\"https:\/\/jornaldasoficinas.com\/pt\/jornal-das-oficinas-de-fevereiro-marco-2024-disponivel-online\/\" \/>\n<meta property=\"og:locale\" content=\"pt_PT\" \/>\n<meta property=\"og:type\" content=\"article\" \/>\n<meta property=\"og:title\" content=\"Jornal das Oficinas de fevereiro\/mar\u00e7o 2024 dispon\u00edvel online - Jornal das Oficinas\" \/>\n<meta property=\"og:description\" content=\"Na edi\u00e7\u00e3o de fevereiro\/mar\u00e7o 2024 do Jornal das Oficinas, o artigo de destaque \u00e9 o sobre Big Data, um termo que se refere ao processamento\" \/>\n<meta property=\"og:url\" content=\"https:\/\/jornaldasoficinas.com\/pt\/jornal-das-oficinas-de-fevereiro-marco-2024-disponivel-online\/\" \/>\n<meta property=\"og:site_name\" content=\"Jornal das Oficinas\" \/>\n<meta property=\"article:publisher\" content=\"https:\/\/www.facebook.com\/jornaloficinas\" \/>\n<meta property=\"article:published_time\" content=\"2024-02-25T20:30:55+00:00\" \/>\n<meta property=\"og:image\" content=\"https:\/\/jornaldasoficinas.com\/pt\/wp-content\/uploads\/2024\/02\/JO215_Capa.jpg\" \/>\n\t<meta property=\"og:image:width\" content=\"1024\" \/>\n\t<meta property=\"og:image:height\" content=\"581\" \/>\n\t<meta property=\"og:image:type\" content=\"image\/jpeg\" \/>\n<meta name=\"author\" content=\"Reda\u00e7\u00e3o JO\" \/>\n<meta name=\"twitter:card\" content=\"summary_large_image\" \/>\n<meta name=\"twitter:creator\" content=\"@jornaloficinas\" \/>\n<meta name=\"twitter:site\" content=\"@jornaloficinas\" \/>\n<meta name=\"twitter:label1\" content=\"Escrito por\" \/>\n\t<meta name=\"twitter:data1\" content=\"Reda\u00e7\u00e3o JO\" \/>\n\t<meta name=\"twitter:label2\" content=\"Tempo estimado de leitura\" \/>\n\t<meta name=\"twitter:data2\" content=\"3 minutos\" \/>\n<script type=\"application\/ld+json\" class=\"yoast-schema-graph\">{\"@context\":\"https:\\\/\\\/schema.org\",\"@graph\":[{\"@type\":\"Article\",\"@id\":\"https:\\\/\\\/jornaldasoficinas.com\\\/pt\\\/jornal-das-oficinas-de-fevereiro-marco-2024-disponivel-online\\\/#article\",\"isPartOf\":{\"@id\":\"https:\\\/\\\/jornaldasoficinas.com\\\/pt\\\/jornal-das-oficinas-de-fevereiro-marco-2024-disponivel-online\\\/\"},\"author\":{\"name\":\"Reda\u00e7\u00e3o JO\",\"@id\":\"https:\\\/\\\/jornaldasoficinas.com\\\/pt\\\/#\\\/schema\\\/person\\\/a38eef5de2c41d9e7c9ac10141afddf3\"},\"headline\":\"Jornal das Oficinas de fevereiro\\\/mar\u00e7o 2024 dispon\u00edvel online\",\"datePublished\":\"2024-02-25T20:30:55+00:00\",\"mainEntityOfPage\":{\"@id\":\"https:\\\/\\\/jornaldasoficinas.com\\\/pt\\\/jornal-das-oficinas-de-fevereiro-marco-2024-disponivel-online\\\/\"},\"wordCount\":528,\"publisher\":{\"@id\":\"https:\\\/\\\/jornaldasoficinas.com\\\/pt\\\/#organization\"},\"image\":{\"@id\":\"https:\\\/\\\/jornaldasoficinas.com\\\/pt\\\/jornal-das-oficinas-de-fevereiro-marco-2024-disponivel-online\\\/#primaryimage\"},\"thumbnailUrl\":\"https:\\\/\\\/jornaldasoficinas.com\\\/pt\\\/wp-content\\\/uploads\\\/2024\\\/02\\\/JO215_Capa.jpg\",\"keywords\":[\"ADPA\",\"Aldo Machado\",\"Axalta\",\"BASF\",\"Big Data\",\"David Laureano\",\"Especial Lubrificantes\",\"EUROPART\",\"Heitor Santos\",\"Jorge Couto\",\"Nex Tyres\",\"Nexen Tire\",\"Pierre Thibaudat\",\"Pneus do Alcaide\",\"Ralf Pelkmann\",\"Ra\u00fal Jimenez\",\"Repintura\",\"Stellantis &amp; You\",\"TAB Spain\",\"Thierry Van der Brempt\",\"Trustauto\"],\"articleSection\":[\"Edi\u00e7\u00f5es JO\"],\"inLanguage\":\"pt-PT\"},{\"@type\":\"WebPage\",\"@id\":\"https:\\\/\\\/jornaldasoficinas.com\\\/pt\\\/jornal-das-oficinas-de-fevereiro-marco-2024-disponivel-online\\\/\",\"url\":\"https:\\\/\\\/jornaldasoficinas.com\\\/pt\\\/jornal-das-oficinas-de-fevereiro-marco-2024-disponivel-online\\\/\",\"name\":\"Jornal das Oficinas de fevereiro\\\/mar\u00e7o 2024 dispon\u00edvel online - Jornal das Oficinas\",\"isPartOf\":{\"@id\":\"https:\\\/\\\/jornaldasoficinas.com\\\/pt\\\/#website\"},\"primaryImageOfPage\":{\"@id\":\"https:\\\/\\\/jornaldasoficinas.com\\\/pt\\\/jornal-das-oficinas-de-fevereiro-marco-2024-disponivel-online\\\/#primaryimage\"},\"image\":{\"@id\":\"https:\\\/\\\/jornaldasoficinas.com\\\/pt\\\/jornal-das-oficinas-de-fevereiro-marco-2024-disponivel-online\\\/#primaryimage\"},\"thumbnailUrl\":\"https:\\\/\\\/jornaldasoficinas.com\\\/pt\\\/wp-content\\\/uploads\\\/2024\\\/02\\\/JO215_Capa.jpg\",\"datePublished\":\"2024-02-25T20:30:55+00:00\",\"description\":\"Na edi\u00e7\u00e3o de fevereiro\\\/mar\u00e7o 2024 do Jornal das Oficinas, o artigo de destaque \u00e9 o sobre Big Data, um termo que se refere ao processamento\",\"breadcrumb\":{\"@id\":\"https:\\\/\\\/jornaldasoficinas.com\\\/pt\\\/jornal-das-oficinas-de-fevereiro-marco-2024-disponivel-online\\\/#breadcrumb\"},\"inLanguage\":\"pt-PT\",\"potentialAction\":[{\"@type\":\"ReadAction\",\"target\":[\"https:\\\/\\\/jornaldasoficinas.com\\\/pt\\\/jornal-das-oficinas-de-fevereiro-marco-2024-disponivel-online\\\/\"]}]},{\"@type\":\"ImageObject\",\"inLanguage\":\"pt-PT\",\"@id\":\"https:\\\/\\\/jornaldasoficinas.com\\\/pt\\\/jornal-das-oficinas-de-fevereiro-marco-2024-disponivel-online\\\/#primaryimage\",\"url\":\"https:\\\/\\\/jornaldasoficinas.com\\\/pt\\\/wp-content\\\/uploads\\\/2024\\\/02\\\/JO215_Capa.jpg\",\"contentUrl\":\"https:\\\/\\\/jornaldasoficinas.com\\\/pt\\\/wp-content\\\/uploads\\\/2024\\\/02\\\/JO215_Capa.jpg\",\"width\":1024,\"height\":581,\"caption\":\"02 - JO215_Capa\"},{\"@type\":\"BreadcrumbList\",\"@id\":\"https:\\\/\\\/jornaldasoficinas.com\\\/pt\\\/jornal-das-oficinas-de-fevereiro-marco-2024-disponivel-online\\\/#breadcrumb\",\"itemListElement\":[{\"@type\":\"ListItem\",\"position\":1,\"name\":\"In\u00edcio\",\"item\":\"https:\\\/\\\/jornaldasoficinas.com\\\/pt\\\/\"},{\"@type\":\"ListItem\",\"position\":2,\"name\":\"Jornal das Oficinas de fevereiro\\\/mar\u00e7o 2024 dispon\u00edvel online\"}]},{\"@type\":\"WebSite\",\"@id\":\"https:\\\/\\\/jornaldasoficinas.com\\\/pt\\\/#website\",\"url\":\"https:\\\/\\\/jornaldasoficinas.com\\\/pt\\\/\",\"name\":\"Jornal das Oficinas\",\"description\":\"Jornal independente do Aftermarket Autom\u00f3vel em Portugal\",\"publisher\":{\"@id\":\"https:\\\/\\\/jornaldasoficinas.com\\\/pt\\\/#organization\"},\"potentialAction\":[{\"@type\":\"SearchAction\",\"target\":{\"@type\":\"EntryPoint\",\"urlTemplate\":\"https:\\\/\\\/jornaldasoficinas.com\\\/pt\\\/?s={search_term_string}\"},\"query-input\":{\"@type\":\"PropertyValueSpecification\",\"valueRequired\":true,\"valueName\":\"search_term_string\"}}],\"inLanguage\":\"pt-PT\"},{\"@type\":\"Organization\",\"@id\":\"https:\\\/\\\/jornaldasoficinas.com\\\/pt\\\/#organization\",\"name\":\"Jornal das Oficinas\",\"url\":\"https:\\\/\\\/jornaldasoficinas.com\\\/pt\\\/\",\"logo\":{\"@type\":\"ImageObject\",\"inLanguage\":\"pt-PT\",\"@id\":\"https:\\\/\\\/jornaldasoficinas.com\\\/pt\\\/#\\\/schema\\\/logo\\\/image\\\/\",\"url\":\"https:\\\/\\\/jornaldasoficinas.com\\\/pt\\\/wp-content\\\/uploads\\\/logoJO-SEO.png\",\"contentUrl\":\"https:\\\/\\\/jornaldasoficinas.com\\\/pt\\\/wp-content\\\/uploads\\\/logoJO-SEO.png\",\"width\":285,\"height\":450,\"caption\":\"Jornal das Oficinas\"},\"image\":{\"@id\":\"https:\\\/\\\/jornaldasoficinas.com\\\/pt\\\/#\\\/schema\\\/logo\\\/image\\\/\"},\"sameAs\":[\"https:\\\/\\\/www.facebook.com\\\/jornaloficinas\",\"https:\\\/\\\/x.com\\\/jornaloficinas\",\"https:\\\/\\\/www.instagram.com\\\/jornal_oficinas\\\/\",\"https:\\\/\\\/www.linkedin.com\\\/company\\\/jornal-das-oficinas\\\/\",\"https:\\\/\\\/www.youtube.com\\\/channel\\\/UCbQZBqtcvV-oSQrr7RzINGg\"]},{\"@type\":\"Person\",\"@id\":\"https:\\\/\\\/jornaldasoficinas.com\\\/pt\\\/#\\\/schema\\\/person\\\/a38eef5de2c41d9e7c9ac10141afddf3\",\"name\":\"Reda\u00e7\u00e3o JO\",\"image\":{\"@type\":\"ImageObject\",\"inLanguage\":\"pt-PT\",\"@id\":\"https:\\\/\\\/secure.gravatar.com\\\/avatar\\\/71f2fa71737ad68a84fea94bc708ddac8ea5b0c4788dc2ad202f3ccb2887742f?s=96&d=wp_user_avatar&r=g\",\"url\":\"https:\\\/\\\/secure.gravatar.com\\\/avatar\\\/71f2fa71737ad68a84fea94bc708ddac8ea5b0c4788dc2ad202f3ccb2887742f?s=96&d=wp_user_avatar&r=g\",\"contentUrl\":\"https:\\\/\\\/secure.gravatar.com\\\/avatar\\\/71f2fa71737ad68a84fea94bc708ddac8ea5b0c4788dc2ad202f3ccb2887742f?s=96&d=wp_user_avatar&r=g\",\"caption\":\"Reda\u00e7\u00e3o JO\"},\"url\":\"https:\\\/\\\/jornaldasoficinas.com\\\/pt\\\/author\\\/joredacao\\\/\"}]}<\/script>\n<!-- \/ Yoast SEO plugin. -->","yoast_head_json":{"title":"Jornal das Oficinas de fevereiro\/mar\u00e7o 2024 dispon\u00edvel online - Jornal das Oficinas","description":"Na edi\u00e7\u00e3o de fevereiro\/mar\u00e7o 2024 do Jornal das Oficinas, o artigo de destaque \u00e9 o sobre Big Data, um termo que se refere ao processamento","robots":{"index":"index","follow":"follow","max-snippet":"max-snippet:-1","max-image-preview":"max-image-preview:large","max-video-preview":"max-video-preview:-1"},"canonical":"https:\/\/jornaldasoficinas.com\/pt\/jornal-das-oficinas-de-fevereiro-marco-2024-disponivel-online\/","og_locale":"pt_PT","og_type":"article","og_title":"Jornal das Oficinas de fevereiro\/mar\u00e7o 2024 dispon\u00edvel online - Jornal das Oficinas","og_description":"Na edi\u00e7\u00e3o de fevereiro\/mar\u00e7o 2024 do Jornal das Oficinas, o artigo de destaque \u00e9 o sobre Big Data, um termo que se refere ao processamento","og_url":"https:\/\/jornaldasoficinas.com\/pt\/jornal-das-oficinas-de-fevereiro-marco-2024-disponivel-online\/","og_site_name":"Jornal das Oficinas","article_publisher":"https:\/\/www.facebook.com\/jornaloficinas","article_published_time":"2024-02-25T20:30:55+00:00","og_image":[{"width":1024,"height":581,"url":"https:\/\/jornaldasoficinas.com\/pt\/wp-content\/uploads\/2024\/02\/JO215_Capa.jpg","type":"image\/jpeg"}],"author":"Reda\u00e7\u00e3o JO","twitter_card":"summary_large_image","twitter_creator":"@jornaloficinas","twitter_site":"@jornaloficinas","twitter_misc":{"Escrito por":"Reda\u00e7\u00e3o JO","Tempo estimado de leitura":"3 minutos"},"schema":{"@context":"https:\/\/schema.org","@graph":[{"@type":"Article","@id":"https:\/\/jornaldasoficinas.com\/pt\/jornal-das-oficinas-de-fevereiro-marco-2024-disponivel-online\/#article","isPartOf":{"@id":"https:\/\/jornaldasoficinas.com\/pt\/jornal-das-oficinas-de-fevereiro-marco-2024-disponivel-online\/"},"author":{"name":"Reda\u00e7\u00e3o JO","@id":"https:\/\/jornaldasoficinas.com\/pt\/#\/schema\/person\/a38eef5de2c41d9e7c9ac10141afddf3"},"headline":"Jornal das Oficinas de fevereiro\/mar\u00e7o 2024 dispon\u00edvel online","datePublished":"2024-02-25T20:30:55+00:00","mainEntityOfPage":{"@id":"https:\/\/jornaldasoficinas.com\/pt\/jornal-das-oficinas-de-fevereiro-marco-2024-disponivel-online\/"},"wordCount":528,"publisher":{"@id":"https:\/\/jornaldasoficinas.com\/pt\/#organization"},"image":{"@id":"https:\/\/jornaldasoficinas.com\/pt\/jornal-das-oficinas-de-fevereiro-marco-2024-disponivel-online\/#primaryimage"},"thumbnailUrl":"https:\/\/jornaldasoficinas.com\/pt\/wp-content\/uploads\/2024\/02\/JO215_Capa.jpg","keywords":["ADPA","Aldo Machado","Axalta","BASF","Big Data","David Laureano","Especial Lubrificantes","EUROPART","Heitor Santos","Jorge Couto","Nex Tyres","Nexen Tire","Pierre Thibaudat","Pneus do Alcaide","Ralf Pelkmann","Ra\u00fal Jimenez","Repintura","Stellantis &amp; You","TAB Spain","Thierry Van der Brempt","Trustauto"],"articleSection":["Edi\u00e7\u00f5es JO"],"inLanguage":"pt-PT"},{"@type":"WebPage","@id":"https:\/\/jornaldasoficinas.com\/pt\/jornal-das-oficinas-de-fevereiro-marco-2024-disponivel-online\/","url":"https:\/\/jornaldasoficinas.com\/pt\/jornal-das-oficinas-de-fevereiro-marco-2024-disponivel-online\/","name":"Jornal das Oficinas de fevereiro\/mar\u00e7o 2024 dispon\u00edvel online - Jornal das Oficinas","isPartOf":{"@id":"https:\/\/jornaldasoficinas.com\/pt\/#website"},"primaryImageOfPage":{"@id":"https:\/\/jornaldasoficinas.com\/pt\/jornal-das-oficinas-de-fevereiro-marco-2024-disponivel-online\/#primaryimage"},"image":{"@id":"https:\/\/jornaldasoficinas.com\/pt\/jornal-das-oficinas-de-fevereiro-marco-2024-disponivel-online\/#primaryimage"},"thumbnailUrl":"https:\/\/jornaldasoficinas.com\/pt\/wp-content\/uploads\/2024\/02\/JO215_Capa.jpg","datePublished":"2024-02-25T20:30:55+00:00","description":"Na edi\u00e7\u00e3o de fevereiro\/mar\u00e7o 2024 do Jornal das Oficinas, o artigo de destaque \u00e9 o sobre Big Data, um termo que se refere ao processamento","breadcrumb":{"@id":"https:\/\/jornaldasoficinas.com\/pt\/jornal-das-oficinas-de-fevereiro-marco-2024-disponivel-online\/#breadcrumb"},"inLanguage":"pt-PT","potentialAction":[{"@type":"ReadAction","target":["https:\/\/jornaldasoficinas.com\/pt\/jornal-das-oficinas-de-fevereiro-marco-2024-disponivel-online\/"]}]},{"@type":"ImageObject","inLanguage":"pt-PT","@id":"https:\/\/jornaldasoficinas.com\/pt\/jornal-das-oficinas-de-fevereiro-marco-2024-disponivel-online\/#primaryimage","url":"https:\/\/jornaldasoficinas.com\/pt\/wp-content\/uploads\/2024\/02\/JO215_Capa.jpg","contentUrl":"https:\/\/jornaldasoficinas.com\/pt\/wp-content\/uploads\/2024\/02\/JO215_Capa.jpg","width":1024,"height":581,"caption":"02 - JO215_Capa"},{"@type":"BreadcrumbList","@id":"https:\/\/jornaldasoficinas.com\/pt\/jornal-das-oficinas-de-fevereiro-marco-2024-disponivel-online\/#breadcrumb","itemListElement":[{"@type":"ListItem","position":1,"name":"In\u00edcio","item":"https:\/\/jornaldasoficinas.com\/pt\/"},{"@type":"ListItem","position":2,"name":"Jornal das Oficinas de fevereiro\/mar\u00e7o 2024 dispon\u00edvel online"}]},{"@type":"WebSite","@id":"https:\/\/jornaldasoficinas.com\/pt\/#website","url":"https:\/\/jornaldasoficinas.com\/pt\/","name":"Jornal das Oficinas","description":"Jornal independente do Aftermarket Autom\u00f3vel em Portugal","publisher":{"@id":"https:\/\/jornaldasoficinas.com\/pt\/#organization"},"potentialAction":[{"@type":"SearchAction","target":{"@type":"EntryPoint","urlTemplate":"https:\/\/jornaldasoficinas.com\/pt\/?s={search_term_string}"},"query-input":{"@type":"PropertyValueSpecification","valueRequired":true,"valueName":"search_term_string"}}],"inLanguage":"pt-PT"},{"@type":"Organization","@id":"https:\/\/jornaldasoficinas.com\/pt\/#organization","name":"Jornal das Oficinas","url":"https:\/\/jornaldasoficinas.com\/pt\/","logo":{"@type":"ImageObject","inLanguage":"pt-PT","@id":"https:\/\/jornaldasoficinas.com\/pt\/#\/schema\/logo\/image\/","url":"https:\/\/jornaldasoficinas.com\/pt\/wp-content\/uploads\/logoJO-SEO.png","contentUrl":"https:\/\/jornaldasoficinas.com\/pt\/wp-content\/uploads\/logoJO-SEO.png","width":285,"height":450,"caption":"Jornal das Oficinas"},"image":{"@id":"https:\/\/jornaldasoficinas.com\/pt\/#\/schema\/logo\/image\/"},"sameAs":["https:\/\/www.facebook.com\/jornaloficinas","https:\/\/x.com\/jornaloficinas","https:\/\/www.instagram.com\/jornal_oficinas\/","https:\/\/www.linkedin.com\/company\/jornal-das-oficinas\/","https:\/\/www.youtube.com\/channel\/UCbQZBqtcvV-oSQrr7RzINGg"]},{"@type":"Person","@id":"https:\/\/jornaldasoficinas.com\/pt\/#\/schema\/person\/a38eef5de2c41d9e7c9ac10141afddf3","name":"Reda\u00e7\u00e3o JO","image":{"@type":"ImageObject","inLanguage":"pt-PT","@id":"https:\/\/secure.gravatar.com\/avatar\/71f2fa71737ad68a84fea94bc708ddac8ea5b0c4788dc2ad202f3ccb2887742f?s=96&d=wp_user_avatar&r=g","url":"https:\/\/secure.gravatar.com\/avatar\/71f2fa71737ad68a84fea94bc708ddac8ea5b0c4788dc2ad202f3ccb2887742f?s=96&d=wp_user_avatar&r=g","contentUrl":"https:\/\/secure.gravatar.com\/avatar\/71f2fa71737ad68a84fea94bc708ddac8ea5b0c4788dc2ad202f3ccb2887742f?s=96&d=wp_user_avatar&r=g","caption":"Reda\u00e7\u00e3o JO"},"url":"https:\/\/jornaldasoficinas.com\/pt\/author\/joredacao\/"}]}},"_links":{"self":[{"href":"https:\/\/jornaldasoficinas.com\/pt\/wp-json\/wp\/v2\/posts\/79577","targetHints":{"allow":["GET"]}}],"collection":[{"href":"https:\/\/jornaldasoficinas.com\/pt\/wp-json\/wp\/v2\/posts"}],"about":[{"href":"https:\/\/jornaldasoficinas.com\/pt\/wp-json\/wp\/v2\/types\/post"}],"author":[{"embeddable":true,"href":"https:\/\/jornaldasoficinas.com\/pt\/wp-json\/wp\/v2\/users\/15"}],"replies":[{"embeddable":true,"href":"https:\/\/jornaldasoficinas.com\/pt\/wp-json\/wp\/v2\/comments?post=79577"}],"version-history":[{"count":0,"href":"https:\/\/jornaldasoficinas.com\/pt\/wp-json\/wp\/v2\/posts\/79577\/revisions"}],"wp:featuredmedia":[{"embeddable":true,"href":"https:\/\/jornaldasoficinas.com\/pt\/wp-json\/wp\/v2\/media\/79562"}],"wp:attachment":[{"href":"https:\/\/jornaldasoficinas.com\/pt\/wp-json\/wp\/v2\/media?parent=79577"}],"wp:term":[{"taxonomy":"category","embeddable":true,"href":"https:\/\/jornaldasoficinas.com\/pt\/wp-json\/wp\/v2\/categories?post=79577"},{"taxonomy":"post_tag","embeddable":true,"href":"https:\/\/jornaldasoficinas.com\/pt\/wp-json\/wp\/v2\/tags?post=79577"}],"curies":[{"name":"wp","href":"https:\/\/api.w.org\/{rel}","templated":true}]}}