{"id":79638,"date":"2024-02-26T14:00:50","date_gmt":"2024-02-26T14:00:50","guid":{"rendered":"https:\/\/jornaldasoficinas.com\/pt\/?p=79638"},"modified":"2024-02-23T12:18:35","modified_gmt":"2024-02-23T12:18:35","slug":"bevs-estao-a-ser-substituidos-pelos-hibridos-indicata-responde","status":"publish","type":"post","link":"https:\/\/jornaldasoficinas.com\/pt\/bevs-estao-a-ser-substituidos-pelos-hibridos-indicata-responde\/","title":{"rendered":"BEVs est\u00e3o a ser substitu\u00eddos pelos h\u00edbridos? INDICATA responde"},"content":{"rendered":"<p><img loading=\"lazy\" decoding=\"async\" class=\"alignnone size-full wp-image-79645\" src=\"https:\/\/jornaldasoficinas.com\/pt\/wp-content\/uploads\/2024\/02\/BEVs-estao-a-ser-substituidos-pelos-hibridos-INDICATA-responde.jpg\" alt=\"02 - BEVs estao a ser substituidos pelos hibridos INDICATA responde\" width=\"1024\" height=\"581\" srcset=\"https:\/\/jornaldasoficinas.com\/pt\/wp-content\/uploads\/2024\/02\/BEVs-estao-a-ser-substituidos-pelos-hibridos-INDICATA-responde.jpg 1024w, https:\/\/jornaldasoficinas.com\/pt\/wp-content\/uploads\/2024\/02\/BEVs-estao-a-ser-substituidos-pelos-hibridos-INDICATA-responde-300x170.jpg 300w, https:\/\/jornaldasoficinas.com\/pt\/wp-content\/uploads\/2024\/02\/BEVs-estao-a-ser-substituidos-pelos-hibridos-INDICATA-responde-150x85.jpg 150w, https:\/\/jornaldasoficinas.com\/pt\/wp-content\/uploads\/2024\/02\/BEVs-estao-a-ser-substituidos-pelos-hibridos-INDICATA-responde-768x436.jpg 768w\" sizes=\"auto, (max-width: 1024px) 100vw, 1024px\" \/><\/p>\n<p><strong>Segundo o Observat\u00f3rio <a href=\"https:\/\/www.indicata.pt\/\" target=\"_blank\" rel=\"noopener\">INDICATA<\/a>, a quota de mercado das vendas de h\u00edbridos continua a bater recordes, com 15,29%, enquanto as vendas de BEVs usados registaram uma queda mensal, caindo para 4,11% do mercado online de ve\u00edculos usados B2C<\/strong><\/p>\n<p>O 48.\u00ba relat\u00f3rio do Observat\u00f3rio INDICATA acaba de ser lan\u00e7ado e nele constam os mais recentes dados\u00a0sobre o mercado de ve\u00edculos usados em Portugal.<\/p>\n<p>Para come\u00e7ar, em janeiro,\u00a0a quota de mercado de vendas de ve\u00edculos usados a gasolina melhorou em termos mensais para 44,15%, tendo os ve\u00edculos usados a gas\u00f3leo descido para 36,45%. As vendas de BEVs usados registaram uma queda mensal, caindo para 4,11% do mercado online de ve\u00edculos usados B2C.<\/p>\n<p>No entanto, a quota de mercado das vendas de h\u00edbridos continua a bater recordes, com 15,29%. As vendas de PHEV\/HEV aumentaram para 8,0% e as de MHEV para 7,29%. No mesmo m\u00eas, as vendas de autom\u00f3veis usados foram dominadas pelos ve\u00edculos a gasolina, com uma quota de mercado de 47,04%, que baixou para 46,61% nos ve\u00edculos com menos de quatro anos. A quota de mercado dos autom\u00f3veis usados a gas\u00f3leo desceu para 32,39% e para 21,7% nos autom\u00f3veis com menos de quatro anos.<\/p>\n<p>Os pre\u00e7os m\u00e9dios dos BEVs usados continuam a descer, caindo para 76,8 pontos no nosso \u00edndice, com um MDS de 115 dias e uma quota de stock a subir 8,1% em termos mensais para 6,82%.<\/p>\n<p><strong>Os BEVs est\u00e3o a perder a sua popularidade?<\/strong><\/p>\n<p>A ret\u00f3rica governamental continua a promover os BEVs como o futuro da mobilidade pessoal, apesar de os subs\u00eddios apoiados pelo Estado estarem a desaparecer ou a ser gradualmente eliminados. No entanto, os consumidores continuam a n\u00e3o estar convencidos, em especial no mercado de ve\u00edculos usados, onde, no in\u00edcio, havia poucos benef\u00edcios financiados pelo Estado.<\/p>\n<p>No mercado online de ve\u00edculos usados B2C de janeiro, a quota de vendas de BEVs continuou a diminuir, mas, ao mesmo tempo, a sua quota de stock aumentou 8,1% em termos mensais, para 6,82%. O c\u00e1lculo da taxa de execu\u00e7\u00e3o absoluta das vendas di\u00e1rias sobre os n\u00edveis de stock mostra a rapidez com que o stock \u00e9 vendido, o que constitui a nossa m\u00e9trica Market Days\u2019 Supply (MDS).<\/p>\n<p>Embora o MDS para os BEVs tenha melhorado de 120 dias em dezembro para 115 dias em janeiro, os outros grupos motopropulsores registaram uma melhoria muito mais significativa, uma vez que o mercado de ve\u00edculos usados regressou \u00e0 vida ap\u00f3s a habitual calmaria de fim de ano.<\/p>\n<p><strong>Para conhecer em maior profundidade os resultados do relat\u00f3rio do Observat\u00f3rio INDICATA, clique <a href=\"https:\/\/www.indicata.com\/download\/INDICATA_Market_Watch_48_PT.pdf\" target=\"_blank\" rel=\"noopener\">aqui<\/a>.<\/strong><\/p>\n","protected":false},"excerpt":{"rendered":"<p>Segundo o Observat\u00f3rio INDICATA, a quota&#8230;<\/p>\n","protected":false},"author":15,"featured_media":79645,"comment_status":"closed","ping_status":"closed","sticky":false,"template":"","format":"standard","meta":{"footnotes":""},"categories":[37],"tags":[7600,5096,3948,1895,7599,7415,7196,498,1568],"class_list":["post-79638","post","type-post","status-publish","format-standard","has-post-thumbnail","hentry","category-mercado","tag-b2c","tag-bate-recordes","tag-bevs","tag-indicata","tag-mercado-online-de-veiculos","tag-quota-de-mercado","tag-relatorio","tag-veiculos-hibridos","tag-veiculos-usados"],"yoast_head":"<!-- This site is optimized with the Yoast SEO plugin v27.5 - https:\/\/yoast.com\/product\/yoast-seo-wordpress\/ -->\n<title>BEVs est\u00e3o a ser substitu\u00eddos pelos h\u00edbridos? INDICATA responde - Jornal das Oficinas<\/title>\n<meta name=\"description\" content=\"Segundo o Observat\u00f3rio INDICATA, a quota de mercado das vendas de h\u00edbridos continua a bater recordes, com 15,29%\" \/>\n<meta name=\"robots\" content=\"index, follow, max-snippet:-1, max-image-preview:large, max-video-preview:-1\" \/>\n<link rel=\"canonical\" href=\"https:\/\/jornaldasoficinas.com\/pt\/bevs-estao-a-ser-substituidos-pelos-hibridos-indicata-responde\/\" \/>\n<meta property=\"og:locale\" content=\"pt_PT\" \/>\n<meta property=\"og:type\" content=\"article\" \/>\n<meta property=\"og:title\" content=\"BEVs est\u00e3o a ser substitu\u00eddos pelos h\u00edbridos? INDICATA responde - Jornal das Oficinas\" \/>\n<meta property=\"og:description\" content=\"Segundo o Observat\u00f3rio INDICATA, a quota de mercado das vendas de h\u00edbridos continua a bater recordes, com 15,29%\" \/>\n<meta property=\"og:url\" content=\"https:\/\/jornaldasoficinas.com\/pt\/bevs-estao-a-ser-substituidos-pelos-hibridos-indicata-responde\/\" \/>\n<meta property=\"og:site_name\" content=\"Jornal das Oficinas\" \/>\n<meta property=\"article:publisher\" content=\"https:\/\/www.facebook.com\/jornaloficinas\" \/>\n<meta property=\"article:published_time\" content=\"2024-02-26T14:00:50+00:00\" \/>\n<meta property=\"og:image\" content=\"https:\/\/jornaldasoficinas.com\/pt\/wp-content\/uploads\/2024\/02\/BEVs-estao-a-ser-substituidos-pelos-hibridos-INDICATA-responde.jpg\" \/>\n\t<meta property=\"og:image:width\" content=\"1024\" \/>\n\t<meta property=\"og:image:height\" content=\"581\" \/>\n\t<meta property=\"og:image:type\" content=\"image\/jpeg\" \/>\n<meta name=\"author\" content=\"Reda\u00e7\u00e3o JO\" \/>\n<meta name=\"twitter:card\" content=\"summary_large_image\" \/>\n<meta name=\"twitter:creator\" content=\"@jornaloficinas\" \/>\n<meta name=\"twitter:site\" content=\"@jornaloficinas\" \/>\n<meta name=\"twitter:label1\" content=\"Escrito por\" \/>\n\t<meta name=\"twitter:data1\" content=\"Reda\u00e7\u00e3o JO\" \/>\n\t<meta name=\"twitter:label2\" content=\"Tempo estimado de leitura\" \/>\n\t<meta name=\"twitter:data2\" content=\"3 minutos\" \/>\n<script type=\"application\/ld+json\" class=\"yoast-schema-graph\">{\"@context\":\"https:\\\/\\\/schema.org\",\"@graph\":[{\"@type\":\"Article\",\"@id\":\"https:\\\/\\\/jornaldasoficinas.com\\\/pt\\\/bevs-estao-a-ser-substituidos-pelos-hibridos-indicata-responde\\\/#article\",\"isPartOf\":{\"@id\":\"https:\\\/\\\/jornaldasoficinas.com\\\/pt\\\/bevs-estao-a-ser-substituidos-pelos-hibridos-indicata-responde\\\/\"},\"author\":{\"name\":\"Reda\u00e7\u00e3o JO\",\"@id\":\"https:\\\/\\\/jornaldasoficinas.com\\\/pt\\\/#\\\/schema\\\/person\\\/a38eef5de2c41d9e7c9ac10141afddf3\"},\"headline\":\"BEVs est\u00e3o a ser substitu\u00eddos pelos h\u00edbridos? INDICATA responde\",\"datePublished\":\"2024-02-26T14:00:50+00:00\",\"mainEntityOfPage\":{\"@id\":\"https:\\\/\\\/jornaldasoficinas.com\\\/pt\\\/bevs-estao-a-ser-substituidos-pelos-hibridos-indicata-responde\\\/\"},\"wordCount\":453,\"publisher\":{\"@id\":\"https:\\\/\\\/jornaldasoficinas.com\\\/pt\\\/#organization\"},\"image\":{\"@id\":\"https:\\\/\\\/jornaldasoficinas.com\\\/pt\\\/bevs-estao-a-ser-substituidos-pelos-hibridos-indicata-responde\\\/#primaryimage\"},\"thumbnailUrl\":\"https:\\\/\\\/jornaldasoficinas.com\\\/pt\\\/wp-content\\\/uploads\\\/2024\\\/02\\\/BEVs-estao-a-ser-substituidos-pelos-hibridos-INDICATA-responde.jpg\",\"keywords\":[\"B2C\",\"bate recordes\",\"BEVs\",\"INDICATA\",\"mercado online de ve\u00edculos\",\"quota de mercado\",\"Relat\u00f3rio\",\"Ve\u00edculos h\u00edbridos\",\"Ve\u00edculos usados\"],\"articleSection\":[\"Mercado\"],\"inLanguage\":\"pt-PT\"},{\"@type\":\"WebPage\",\"@id\":\"https:\\\/\\\/jornaldasoficinas.com\\\/pt\\\/bevs-estao-a-ser-substituidos-pelos-hibridos-indicata-responde\\\/\",\"url\":\"https:\\\/\\\/jornaldasoficinas.com\\\/pt\\\/bevs-estao-a-ser-substituidos-pelos-hibridos-indicata-responde\\\/\",\"name\":\"BEVs est\u00e3o a ser substitu\u00eddos pelos h\u00edbridos? INDICATA responde - Jornal das Oficinas\",\"isPartOf\":{\"@id\":\"https:\\\/\\\/jornaldasoficinas.com\\\/pt\\\/#website\"},\"primaryImageOfPage\":{\"@id\":\"https:\\\/\\\/jornaldasoficinas.com\\\/pt\\\/bevs-estao-a-ser-substituidos-pelos-hibridos-indicata-responde\\\/#primaryimage\"},\"image\":{\"@id\":\"https:\\\/\\\/jornaldasoficinas.com\\\/pt\\\/bevs-estao-a-ser-substituidos-pelos-hibridos-indicata-responde\\\/#primaryimage\"},\"thumbnailUrl\":\"https:\\\/\\\/jornaldasoficinas.com\\\/pt\\\/wp-content\\\/uploads\\\/2024\\\/02\\\/BEVs-estao-a-ser-substituidos-pelos-hibridos-INDICATA-responde.jpg\",\"datePublished\":\"2024-02-26T14:00:50+00:00\",\"description\":\"Segundo o Observat\u00f3rio INDICATA, a quota de mercado das vendas de h\u00edbridos continua a bater recordes, com 15,29%\",\"breadcrumb\":{\"@id\":\"https:\\\/\\\/jornaldasoficinas.com\\\/pt\\\/bevs-estao-a-ser-substituidos-pelos-hibridos-indicata-responde\\\/#breadcrumb\"},\"inLanguage\":\"pt-PT\",\"potentialAction\":[{\"@type\":\"ReadAction\",\"target\":[\"https:\\\/\\\/jornaldasoficinas.com\\\/pt\\\/bevs-estao-a-ser-substituidos-pelos-hibridos-indicata-responde\\\/\"]}]},{\"@type\":\"ImageObject\",\"inLanguage\":\"pt-PT\",\"@id\":\"https:\\\/\\\/jornaldasoficinas.com\\\/pt\\\/bevs-estao-a-ser-substituidos-pelos-hibridos-indicata-responde\\\/#primaryimage\",\"url\":\"https:\\\/\\\/jornaldasoficinas.com\\\/pt\\\/wp-content\\\/uploads\\\/2024\\\/02\\\/BEVs-estao-a-ser-substituidos-pelos-hibridos-INDICATA-responde.jpg\",\"contentUrl\":\"https:\\\/\\\/jornaldasoficinas.com\\\/pt\\\/wp-content\\\/uploads\\\/2024\\\/02\\\/BEVs-estao-a-ser-substituidos-pelos-hibridos-INDICATA-responde.jpg\",\"width\":1024,\"height\":581,\"caption\":\"02 - BEVs estao a ser substituidos pelos hibridos INDICATA responde\"},{\"@type\":\"BreadcrumbList\",\"@id\":\"https:\\\/\\\/jornaldasoficinas.com\\\/pt\\\/bevs-estao-a-ser-substituidos-pelos-hibridos-indicata-responde\\\/#breadcrumb\",\"itemListElement\":[{\"@type\":\"ListItem\",\"position\":1,\"name\":\"In\u00edcio\",\"item\":\"https:\\\/\\\/jornaldasoficinas.com\\\/pt\\\/\"},{\"@type\":\"ListItem\",\"position\":2,\"name\":\"BEVs est\u00e3o a ser substitu\u00eddos pelos h\u00edbridos? INDICATA responde\"}]},{\"@type\":\"WebSite\",\"@id\":\"https:\\\/\\\/jornaldasoficinas.com\\\/pt\\\/#website\",\"url\":\"https:\\\/\\\/jornaldasoficinas.com\\\/pt\\\/\",\"name\":\"Jornal das Oficinas\",\"description\":\"Jornal independente do Aftermarket Autom\u00f3vel em Portugal\",\"publisher\":{\"@id\":\"https:\\\/\\\/jornaldasoficinas.com\\\/pt\\\/#organization\"},\"potentialAction\":[{\"@type\":\"SearchAction\",\"target\":{\"@type\":\"EntryPoint\",\"urlTemplate\":\"https:\\\/\\\/jornaldasoficinas.com\\\/pt\\\/?s={search_term_string}\"},\"query-input\":{\"@type\":\"PropertyValueSpecification\",\"valueRequired\":true,\"valueName\":\"search_term_string\"}}],\"inLanguage\":\"pt-PT\"},{\"@type\":\"Organization\",\"@id\":\"https:\\\/\\\/jornaldasoficinas.com\\\/pt\\\/#organization\",\"name\":\"Jornal das Oficinas\",\"url\":\"https:\\\/\\\/jornaldasoficinas.com\\\/pt\\\/\",\"logo\":{\"@type\":\"ImageObject\",\"inLanguage\":\"pt-PT\",\"@id\":\"https:\\\/\\\/jornaldasoficinas.com\\\/pt\\\/#\\\/schema\\\/logo\\\/image\\\/\",\"url\":\"https:\\\/\\\/jornaldasoficinas.com\\\/pt\\\/wp-content\\\/uploads\\\/logoJO-SEO.png\",\"contentUrl\":\"https:\\\/\\\/jornaldasoficinas.com\\\/pt\\\/wp-content\\\/uploads\\\/logoJO-SEO.png\",\"width\":285,\"height\":450,\"caption\":\"Jornal das Oficinas\"},\"image\":{\"@id\":\"https:\\\/\\\/jornaldasoficinas.com\\\/pt\\\/#\\\/schema\\\/logo\\\/image\\\/\"},\"sameAs\":[\"https:\\\/\\\/www.facebook.com\\\/jornaloficinas\",\"https:\\\/\\\/x.com\\\/jornaloficinas\",\"https:\\\/\\\/www.instagram.com\\\/jornal_oficinas\\\/\",\"https:\\\/\\\/www.linkedin.com\\\/company\\\/jornal-das-oficinas\\\/\",\"https:\\\/\\\/www.youtube.com\\\/channel\\\/UCbQZBqtcvV-oSQrr7RzINGg\"]},{\"@type\":\"Person\",\"@id\":\"https:\\\/\\\/jornaldasoficinas.com\\\/pt\\\/#\\\/schema\\\/person\\\/a38eef5de2c41d9e7c9ac10141afddf3\",\"name\":\"Reda\u00e7\u00e3o JO\",\"image\":{\"@type\":\"ImageObject\",\"inLanguage\":\"pt-PT\",\"@id\":\"https:\\\/\\\/secure.gravatar.com\\\/avatar\\\/71f2fa71737ad68a84fea94bc708ddac8ea5b0c4788dc2ad202f3ccb2887742f?s=96&d=wp_user_avatar&r=g\",\"url\":\"https:\\\/\\\/secure.gravatar.com\\\/avatar\\\/71f2fa71737ad68a84fea94bc708ddac8ea5b0c4788dc2ad202f3ccb2887742f?s=96&d=wp_user_avatar&r=g\",\"contentUrl\":\"https:\\\/\\\/secure.gravatar.com\\\/avatar\\\/71f2fa71737ad68a84fea94bc708ddac8ea5b0c4788dc2ad202f3ccb2887742f?s=96&d=wp_user_avatar&r=g\",\"caption\":\"Reda\u00e7\u00e3o JO\"},\"url\":\"https:\\\/\\\/jornaldasoficinas.com\\\/pt\\\/author\\\/joredacao\\\/\"}]}<\/script>\n<!-- \/ Yoast SEO plugin. -->","yoast_head_json":{"title":"BEVs est\u00e3o a ser substitu\u00eddos pelos h\u00edbridos? INDICATA responde - Jornal das Oficinas","description":"Segundo o Observat\u00f3rio INDICATA, a quota de mercado das vendas de h\u00edbridos continua a bater recordes, com 15,29%","robots":{"index":"index","follow":"follow","max-snippet":"max-snippet:-1","max-image-preview":"max-image-preview:large","max-video-preview":"max-video-preview:-1"},"canonical":"https:\/\/jornaldasoficinas.com\/pt\/bevs-estao-a-ser-substituidos-pelos-hibridos-indicata-responde\/","og_locale":"pt_PT","og_type":"article","og_title":"BEVs est\u00e3o a ser substitu\u00eddos pelos h\u00edbridos? INDICATA responde - Jornal das Oficinas","og_description":"Segundo o Observat\u00f3rio INDICATA, a quota de mercado das vendas de h\u00edbridos continua a bater recordes, com 15,29%","og_url":"https:\/\/jornaldasoficinas.com\/pt\/bevs-estao-a-ser-substituidos-pelos-hibridos-indicata-responde\/","og_site_name":"Jornal das Oficinas","article_publisher":"https:\/\/www.facebook.com\/jornaloficinas","article_published_time":"2024-02-26T14:00:50+00:00","og_image":[{"width":1024,"height":581,"url":"https:\/\/jornaldasoficinas.com\/pt\/wp-content\/uploads\/2024\/02\/BEVs-estao-a-ser-substituidos-pelos-hibridos-INDICATA-responde.jpg","type":"image\/jpeg"}],"author":"Reda\u00e7\u00e3o JO","twitter_card":"summary_large_image","twitter_creator":"@jornaloficinas","twitter_site":"@jornaloficinas","twitter_misc":{"Escrito por":"Reda\u00e7\u00e3o JO","Tempo estimado de leitura":"3 minutos"},"schema":{"@context":"https:\/\/schema.org","@graph":[{"@type":"Article","@id":"https:\/\/jornaldasoficinas.com\/pt\/bevs-estao-a-ser-substituidos-pelos-hibridos-indicata-responde\/#article","isPartOf":{"@id":"https:\/\/jornaldasoficinas.com\/pt\/bevs-estao-a-ser-substituidos-pelos-hibridos-indicata-responde\/"},"author":{"name":"Reda\u00e7\u00e3o JO","@id":"https:\/\/jornaldasoficinas.com\/pt\/#\/schema\/person\/a38eef5de2c41d9e7c9ac10141afddf3"},"headline":"BEVs est\u00e3o a ser substitu\u00eddos pelos h\u00edbridos? INDICATA responde","datePublished":"2024-02-26T14:00:50+00:00","mainEntityOfPage":{"@id":"https:\/\/jornaldasoficinas.com\/pt\/bevs-estao-a-ser-substituidos-pelos-hibridos-indicata-responde\/"},"wordCount":453,"publisher":{"@id":"https:\/\/jornaldasoficinas.com\/pt\/#organization"},"image":{"@id":"https:\/\/jornaldasoficinas.com\/pt\/bevs-estao-a-ser-substituidos-pelos-hibridos-indicata-responde\/#primaryimage"},"thumbnailUrl":"https:\/\/jornaldasoficinas.com\/pt\/wp-content\/uploads\/2024\/02\/BEVs-estao-a-ser-substituidos-pelos-hibridos-INDICATA-responde.jpg","keywords":["B2C","bate recordes","BEVs","INDICATA","mercado online de ve\u00edculos","quota de mercado","Relat\u00f3rio","Ve\u00edculos h\u00edbridos","Ve\u00edculos usados"],"articleSection":["Mercado"],"inLanguage":"pt-PT"},{"@type":"WebPage","@id":"https:\/\/jornaldasoficinas.com\/pt\/bevs-estao-a-ser-substituidos-pelos-hibridos-indicata-responde\/","url":"https:\/\/jornaldasoficinas.com\/pt\/bevs-estao-a-ser-substituidos-pelos-hibridos-indicata-responde\/","name":"BEVs est\u00e3o a ser substitu\u00eddos pelos h\u00edbridos? INDICATA responde - Jornal das Oficinas","isPartOf":{"@id":"https:\/\/jornaldasoficinas.com\/pt\/#website"},"primaryImageOfPage":{"@id":"https:\/\/jornaldasoficinas.com\/pt\/bevs-estao-a-ser-substituidos-pelos-hibridos-indicata-responde\/#primaryimage"},"image":{"@id":"https:\/\/jornaldasoficinas.com\/pt\/bevs-estao-a-ser-substituidos-pelos-hibridos-indicata-responde\/#primaryimage"},"thumbnailUrl":"https:\/\/jornaldasoficinas.com\/pt\/wp-content\/uploads\/2024\/02\/BEVs-estao-a-ser-substituidos-pelos-hibridos-INDICATA-responde.jpg","datePublished":"2024-02-26T14:00:50+00:00","description":"Segundo o Observat\u00f3rio INDICATA, a quota de mercado das vendas de h\u00edbridos continua a bater recordes, com 15,29%","breadcrumb":{"@id":"https:\/\/jornaldasoficinas.com\/pt\/bevs-estao-a-ser-substituidos-pelos-hibridos-indicata-responde\/#breadcrumb"},"inLanguage":"pt-PT","potentialAction":[{"@type":"ReadAction","target":["https:\/\/jornaldasoficinas.com\/pt\/bevs-estao-a-ser-substituidos-pelos-hibridos-indicata-responde\/"]}]},{"@type":"ImageObject","inLanguage":"pt-PT","@id":"https:\/\/jornaldasoficinas.com\/pt\/bevs-estao-a-ser-substituidos-pelos-hibridos-indicata-responde\/#primaryimage","url":"https:\/\/jornaldasoficinas.com\/pt\/wp-content\/uploads\/2024\/02\/BEVs-estao-a-ser-substituidos-pelos-hibridos-INDICATA-responde.jpg","contentUrl":"https:\/\/jornaldasoficinas.com\/pt\/wp-content\/uploads\/2024\/02\/BEVs-estao-a-ser-substituidos-pelos-hibridos-INDICATA-responde.jpg","width":1024,"height":581,"caption":"02 - BEVs estao a ser substituidos pelos hibridos INDICATA responde"},{"@type":"BreadcrumbList","@id":"https:\/\/jornaldasoficinas.com\/pt\/bevs-estao-a-ser-substituidos-pelos-hibridos-indicata-responde\/#breadcrumb","itemListElement":[{"@type":"ListItem","position":1,"name":"In\u00edcio","item":"https:\/\/jornaldasoficinas.com\/pt\/"},{"@type":"ListItem","position":2,"name":"BEVs est\u00e3o a ser substitu\u00eddos pelos h\u00edbridos? INDICATA responde"}]},{"@type":"WebSite","@id":"https:\/\/jornaldasoficinas.com\/pt\/#website","url":"https:\/\/jornaldasoficinas.com\/pt\/","name":"Jornal das Oficinas","description":"Jornal independente do Aftermarket Autom\u00f3vel em Portugal","publisher":{"@id":"https:\/\/jornaldasoficinas.com\/pt\/#organization"},"potentialAction":[{"@type":"SearchAction","target":{"@type":"EntryPoint","urlTemplate":"https:\/\/jornaldasoficinas.com\/pt\/?s={search_term_string}"},"query-input":{"@type":"PropertyValueSpecification","valueRequired":true,"valueName":"search_term_string"}}],"inLanguage":"pt-PT"},{"@type":"Organization","@id":"https:\/\/jornaldasoficinas.com\/pt\/#organization","name":"Jornal das Oficinas","url":"https:\/\/jornaldasoficinas.com\/pt\/","logo":{"@type":"ImageObject","inLanguage":"pt-PT","@id":"https:\/\/jornaldasoficinas.com\/pt\/#\/schema\/logo\/image\/","url":"https:\/\/jornaldasoficinas.com\/pt\/wp-content\/uploads\/logoJO-SEO.png","contentUrl":"https:\/\/jornaldasoficinas.com\/pt\/wp-content\/uploads\/logoJO-SEO.png","width":285,"height":450,"caption":"Jornal das Oficinas"},"image":{"@id":"https:\/\/jornaldasoficinas.com\/pt\/#\/schema\/logo\/image\/"},"sameAs":["https:\/\/www.facebook.com\/jornaloficinas","https:\/\/x.com\/jornaloficinas","https:\/\/www.instagram.com\/jornal_oficinas\/","https:\/\/www.linkedin.com\/company\/jornal-das-oficinas\/","https:\/\/www.youtube.com\/channel\/UCbQZBqtcvV-oSQrr7RzINGg"]},{"@type":"Person","@id":"https:\/\/jornaldasoficinas.com\/pt\/#\/schema\/person\/a38eef5de2c41d9e7c9ac10141afddf3","name":"Reda\u00e7\u00e3o JO","image":{"@type":"ImageObject","inLanguage":"pt-PT","@id":"https:\/\/secure.gravatar.com\/avatar\/71f2fa71737ad68a84fea94bc708ddac8ea5b0c4788dc2ad202f3ccb2887742f?s=96&d=wp_user_avatar&r=g","url":"https:\/\/secure.gravatar.com\/avatar\/71f2fa71737ad68a84fea94bc708ddac8ea5b0c4788dc2ad202f3ccb2887742f?s=96&d=wp_user_avatar&r=g","contentUrl":"https:\/\/secure.gravatar.com\/avatar\/71f2fa71737ad68a84fea94bc708ddac8ea5b0c4788dc2ad202f3ccb2887742f?s=96&d=wp_user_avatar&r=g","caption":"Reda\u00e7\u00e3o JO"},"url":"https:\/\/jornaldasoficinas.com\/pt\/author\/joredacao\/"}]}},"_links":{"self":[{"href":"https:\/\/jornaldasoficinas.com\/pt\/wp-json\/wp\/v2\/posts\/79638","targetHints":{"allow":["GET"]}}],"collection":[{"href":"https:\/\/jornaldasoficinas.com\/pt\/wp-json\/wp\/v2\/posts"}],"about":[{"href":"https:\/\/jornaldasoficinas.com\/pt\/wp-json\/wp\/v2\/types\/post"}],"author":[{"embeddable":true,"href":"https:\/\/jornaldasoficinas.com\/pt\/wp-json\/wp\/v2\/users\/15"}],"replies":[{"embeddable":true,"href":"https:\/\/jornaldasoficinas.com\/pt\/wp-json\/wp\/v2\/comments?post=79638"}],"version-history":[{"count":0,"href":"https:\/\/jornaldasoficinas.com\/pt\/wp-json\/wp\/v2\/posts\/79638\/revisions"}],"wp:featuredmedia":[{"embeddable":true,"href":"https:\/\/jornaldasoficinas.com\/pt\/wp-json\/wp\/v2\/media\/79645"}],"wp:attachment":[{"href":"https:\/\/jornaldasoficinas.com\/pt\/wp-json\/wp\/v2\/media?parent=79638"}],"wp:term":[{"taxonomy":"category","embeddable":true,"href":"https:\/\/jornaldasoficinas.com\/pt\/wp-json\/wp\/v2\/categories?post=79638"},{"taxonomy":"post_tag","embeddable":true,"href":"https:\/\/jornaldasoficinas.com\/pt\/wp-json\/wp\/v2\/tags?post=79638"}],"curies":[{"name":"wp","href":"https:\/\/api.w.org\/{rel}","templated":true}]}}