{"id":79680,"date":"2024-02-27T18:00:16","date_gmt":"2024-02-27T18:00:16","guid":{"rendered":"https:\/\/jornaldasoficinas.com\/pt\/?p=79680"},"modified":"2024-02-26T15:42:45","modified_gmt":"2024-02-26T15:42:45","slug":"aag-iberia-anuncia-estrategia-de-negocio-para-2024","status":"publish","type":"post","link":"https:\/\/jornaldasoficinas.com\/pt\/aag-iberia-anuncia-estrategia-de-negocio-para-2024\/","title":{"rendered":"AAG Iberia anuncia estrat\u00e9gia de neg\u00f3cio para 2024"},"content":{"rendered":"<p><img loading=\"lazy\" decoding=\"async\" class=\"alignnone size-full wp-image-79689\" src=\"https:\/\/jornaldasoficinas.com\/pt\/wp-content\/uploads\/2024\/02\/AAG-Iberia-anuncia-estrategia-de-negocio-para-2024.jpeg\" alt=\"02 - AAG Iberia anuncia estrategia de negocio para 2024\" width=\"1024\" height=\"581\" srcset=\"https:\/\/jornaldasoficinas.com\/pt\/wp-content\/uploads\/2024\/02\/AAG-Iberia-anuncia-estrategia-de-negocio-para-2024.jpeg 1024w, https:\/\/jornaldasoficinas.com\/pt\/wp-content\/uploads\/2024\/02\/AAG-Iberia-anuncia-estrategia-de-negocio-para-2024-300x170.jpeg 300w, https:\/\/jornaldasoficinas.com\/pt\/wp-content\/uploads\/2024\/02\/AAG-Iberia-anuncia-estrategia-de-negocio-para-2024-150x85.jpeg 150w, https:\/\/jornaldasoficinas.com\/pt\/wp-content\/uploads\/2024\/02\/AAG-Iberia-anuncia-estrategia-de-negocio-para-2024-768x436.jpeg 768w\" sizes=\"auto, (max-width: 1024px) 100vw, 1024px\" \/><\/p>\n<p><strong>A <a href=\"https:\/\/allianceautomotivegroup.eu\/\" target=\"_blank\" rel=\"noopener\">Alliance Automotive Group Iberia<\/a> continua a manter o foco na estrat\u00e9gia que tem vindo a desenvolver desde <\/strong><strong>meados de 2022<\/strong><\/p>\n<p>A AAG Iberia anunciou recentemente os seus principais objetivos para 2024. Entre eles, consta a supera\u00e7\u00e3o de 300 milh\u00f5es de euros em fatura\u00e7\u00e3o at\u00e9 2025, atrav\u00e9s da absor\u00e7\u00e3o de novas empresas. Para isso, foi j\u00e1 feita a incorpora\u00e7\u00e3o da Recambios Gaud\u00ed, uma das empresas mais importantes do setor na Pen\u00ednsula Ib\u00e9rica.<\/p>\n<p>Outro objetivo em destaque vai para a incorpora\u00e7\u00e3o de um novo armaz\u00e9m regulador para a Pen\u00ednsula Ib\u00e9rica, que seja capaz de regular o stock n\u00e3o s\u00f3 da pr\u00f3pria organiza\u00e7\u00e3o, como tamb\u00e9m de todos os seus clientes, especialmente aqueles que trabalham com grandes volumes com o grupo na Pen\u00ednsula Ib\u00e9rica.<\/p>\n<p>A empresa tamb\u00e9m ambiciona desenvolver a NAPA, uma das marcas de pe\u00e7as de reposi\u00e7\u00e3o mais importantes do mundo, dentro da Pen\u00ednsula Ib\u00e9rica. Algo que j\u00e1 se encontra em andamento devido a a\u00e7\u00f5es como o NAPA RACING WEEKEND, em colabora\u00e7\u00e3o com a Real Federa\u00e7\u00e3o Espanhola de Automobilismo (RFEDA), bem como, a exposi\u00e7\u00e3o da marca NAPA por meio de r\u00f3tulos com um estilo desportivo colocados nos carros comerciais do grupo.<\/p>\n<p>Em termos de desenvolvimento de produtos NAPA, a empresa j\u00e1 possui 13 linhas de produtos no mercado, que ir\u00e3o aumentar durante os pr\u00f3ximos meses com a introdu\u00e7\u00e3o de novas fam\u00edlias de produtos. Dando destaque para a ampla gama de lubrificantes j\u00e1 dispon\u00edvel:\u00a0autom\u00f3veis de passageiros, ve\u00edculos industriais, v\u00e1lvulas, fluidos hidr\u00e1ulicos e fluidos de transmiss\u00e3o.<\/p>\n<p>Algumas das pr\u00f3ximas adi\u00e7\u00f5es de produtos NAPA que estar\u00e3o dispon\u00edveis em 2024 s\u00e3o: juntas homocin\u00e9ticas, transmiss\u00f5es, kits de distribui\u00e7\u00e3o, l\u00e2mpadas e aditivos de motor, entre outros.<\/p>\n<p>&#8220;Um dos principais aspectos que promoveremos em 2024 \u00e9 o conceito know how da marca, que resulta num produto de qualidade e confian\u00e7a. Este conceito desenvolve-se nos EUA h\u00e1 mais de uma d\u00e9cada e em 2024 dar\u00e1 o salto para Espanha e Portugal&#8221;, afirmou a AAG Iberia.<\/p>\n","protected":false},"excerpt":{"rendered":"<p>A Alliance Automotive Group Iberia continua&#8230;<\/p>\n","protected":false},"author":15,"featured_media":79689,"comment_status":"closed","ping_status":"closed","sticky":false,"template":"","format":"standard","meta":{"footnotes":""},"categories":[29],"tags":[5880,7612,4140,4273,7613],"class_list":["post-79680","post","type-post","status-publish","format-standard","has-post-thumbnail","hentry","category-empresas","tag-aag-iberia","tag-estrategia-de-negocio","tag-napa","tag-peninsula-iberica","tag-principais-objetivos"],"yoast_head":"<!-- This site is optimized with the Yoast SEO plugin v27.5 - https:\/\/yoast.com\/product\/yoast-seo-wordpress\/ -->\n<title>AAG Iberia anuncia estrat\u00e9gia de neg\u00f3cio para 2024 - Jornal das Oficinas<\/title>\n<meta name=\"description\" content=\"AAG Iberia anunciou recentemente os seus principais objetivos para 2024. Entre eles, consta a supera\u00e7\u00e3o de 300 milh\u00f5es de euros at\u00e9 2025\" \/>\n<meta name=\"robots\" content=\"index, follow, max-snippet:-1, max-image-preview:large, max-video-preview:-1\" \/>\n<link rel=\"canonical\" href=\"https:\/\/jornaldasoficinas.com\/pt\/aag-iberia-anuncia-estrategia-de-negocio-para-2024\/\" \/>\n<meta property=\"og:locale\" content=\"pt_PT\" \/>\n<meta property=\"og:type\" content=\"article\" \/>\n<meta property=\"og:title\" content=\"AAG Iberia anuncia estrat\u00e9gia de neg\u00f3cio para 2024 - Jornal das Oficinas\" \/>\n<meta property=\"og:description\" content=\"AAG Iberia anunciou recentemente os seus principais objetivos para 2024. Entre eles, consta a supera\u00e7\u00e3o de 300 milh\u00f5es de euros at\u00e9 2025\" \/>\n<meta property=\"og:url\" content=\"https:\/\/jornaldasoficinas.com\/pt\/aag-iberia-anuncia-estrategia-de-negocio-para-2024\/\" \/>\n<meta property=\"og:site_name\" content=\"Jornal das Oficinas\" \/>\n<meta property=\"article:publisher\" content=\"https:\/\/www.facebook.com\/jornaloficinas\" \/>\n<meta property=\"article:published_time\" content=\"2024-02-27T18:00:16+00:00\" \/>\n<meta property=\"og:image\" content=\"https:\/\/jornaldasoficinas.com\/pt\/wp-content\/uploads\/2024\/02\/AAG-Iberia-anuncia-estrategia-de-negocio-para-2024.jpeg\" \/>\n\t<meta property=\"og:image:width\" content=\"1024\" \/>\n\t<meta property=\"og:image:height\" content=\"581\" \/>\n\t<meta property=\"og:image:type\" content=\"image\/jpeg\" \/>\n<meta name=\"author\" content=\"Reda\u00e7\u00e3o JO\" \/>\n<meta name=\"twitter:card\" content=\"summary_large_image\" \/>\n<meta name=\"twitter:creator\" content=\"@jornaloficinas\" \/>\n<meta name=\"twitter:site\" content=\"@jornaloficinas\" \/>\n<meta name=\"twitter:label1\" content=\"Escrito por\" \/>\n\t<meta name=\"twitter:data1\" content=\"Reda\u00e7\u00e3o JO\" \/>\n\t<meta name=\"twitter:label2\" content=\"Tempo estimado de leitura\" \/>\n\t<meta name=\"twitter:data2\" content=\"3 minutos\" \/>\n<script type=\"application\/ld+json\" class=\"yoast-schema-graph\">{\"@context\":\"https:\\\/\\\/schema.org\",\"@graph\":[{\"@type\":\"Article\",\"@id\":\"https:\\\/\\\/jornaldasoficinas.com\\\/pt\\\/aag-iberia-anuncia-estrategia-de-negocio-para-2024\\\/#article\",\"isPartOf\":{\"@id\":\"https:\\\/\\\/jornaldasoficinas.com\\\/pt\\\/aag-iberia-anuncia-estrategia-de-negocio-para-2024\\\/\"},\"author\":{\"name\":\"Reda\u00e7\u00e3o JO\",\"@id\":\"https:\\\/\\\/jornaldasoficinas.com\\\/pt\\\/#\\\/schema\\\/person\\\/a38eef5de2c41d9e7c9ac10141afddf3\"},\"headline\":\"AAG Iberia anuncia estrat\u00e9gia de neg\u00f3cio para 2024\",\"datePublished\":\"2024-02-27T18:00:16+00:00\",\"mainEntityOfPage\":{\"@id\":\"https:\\\/\\\/jornaldasoficinas.com\\\/pt\\\/aag-iberia-anuncia-estrategia-de-negocio-para-2024\\\/\"},\"wordCount\":366,\"publisher\":{\"@id\":\"https:\\\/\\\/jornaldasoficinas.com\\\/pt\\\/#organization\"},\"image\":{\"@id\":\"https:\\\/\\\/jornaldasoficinas.com\\\/pt\\\/aag-iberia-anuncia-estrategia-de-negocio-para-2024\\\/#primaryimage\"},\"thumbnailUrl\":\"https:\\\/\\\/jornaldasoficinas.com\\\/pt\\\/wp-content\\\/uploads\\\/2024\\\/02\\\/AAG-Iberia-anuncia-estrategia-de-negocio-para-2024.jpeg\",\"keywords\":[\"AAG Iberia\",\"estrat\u00e9gia de neg\u00f3cio\",\"NAPA\",\"Pen\u00ednsula Ib\u00e9rica\",\"principais objetivos\"],\"articleSection\":[\"Empresas\"],\"inLanguage\":\"pt-PT\"},{\"@type\":\"WebPage\",\"@id\":\"https:\\\/\\\/jornaldasoficinas.com\\\/pt\\\/aag-iberia-anuncia-estrategia-de-negocio-para-2024\\\/\",\"url\":\"https:\\\/\\\/jornaldasoficinas.com\\\/pt\\\/aag-iberia-anuncia-estrategia-de-negocio-para-2024\\\/\",\"name\":\"AAG Iberia anuncia estrat\u00e9gia de neg\u00f3cio para 2024 - Jornal das Oficinas\",\"isPartOf\":{\"@id\":\"https:\\\/\\\/jornaldasoficinas.com\\\/pt\\\/#website\"},\"primaryImageOfPage\":{\"@id\":\"https:\\\/\\\/jornaldasoficinas.com\\\/pt\\\/aag-iberia-anuncia-estrategia-de-negocio-para-2024\\\/#primaryimage\"},\"image\":{\"@id\":\"https:\\\/\\\/jornaldasoficinas.com\\\/pt\\\/aag-iberia-anuncia-estrategia-de-negocio-para-2024\\\/#primaryimage\"},\"thumbnailUrl\":\"https:\\\/\\\/jornaldasoficinas.com\\\/pt\\\/wp-content\\\/uploads\\\/2024\\\/02\\\/AAG-Iberia-anuncia-estrategia-de-negocio-para-2024.jpeg\",\"datePublished\":\"2024-02-27T18:00:16+00:00\",\"description\":\"AAG Iberia anunciou recentemente os seus principais objetivos para 2024. Entre eles, consta a supera\u00e7\u00e3o de 300 milh\u00f5es de euros at\u00e9 2025\",\"breadcrumb\":{\"@id\":\"https:\\\/\\\/jornaldasoficinas.com\\\/pt\\\/aag-iberia-anuncia-estrategia-de-negocio-para-2024\\\/#breadcrumb\"},\"inLanguage\":\"pt-PT\",\"potentialAction\":[{\"@type\":\"ReadAction\",\"target\":[\"https:\\\/\\\/jornaldasoficinas.com\\\/pt\\\/aag-iberia-anuncia-estrategia-de-negocio-para-2024\\\/\"]}]},{\"@type\":\"ImageObject\",\"inLanguage\":\"pt-PT\",\"@id\":\"https:\\\/\\\/jornaldasoficinas.com\\\/pt\\\/aag-iberia-anuncia-estrategia-de-negocio-para-2024\\\/#primaryimage\",\"url\":\"https:\\\/\\\/jornaldasoficinas.com\\\/pt\\\/wp-content\\\/uploads\\\/2024\\\/02\\\/AAG-Iberia-anuncia-estrategia-de-negocio-para-2024.jpeg\",\"contentUrl\":\"https:\\\/\\\/jornaldasoficinas.com\\\/pt\\\/wp-content\\\/uploads\\\/2024\\\/02\\\/AAG-Iberia-anuncia-estrategia-de-negocio-para-2024.jpeg\",\"width\":1024,\"height\":581,\"caption\":\"02 - AAG Iberia anuncia estrategia de negocio para 2024\"},{\"@type\":\"BreadcrumbList\",\"@id\":\"https:\\\/\\\/jornaldasoficinas.com\\\/pt\\\/aag-iberia-anuncia-estrategia-de-negocio-para-2024\\\/#breadcrumb\",\"itemListElement\":[{\"@type\":\"ListItem\",\"position\":1,\"name\":\"In\u00edcio\",\"item\":\"https:\\\/\\\/jornaldasoficinas.com\\\/pt\\\/\"},{\"@type\":\"ListItem\",\"position\":2,\"name\":\"AAG Iberia anuncia estrat\u00e9gia de neg\u00f3cio para 2024\"}]},{\"@type\":\"WebSite\",\"@id\":\"https:\\\/\\\/jornaldasoficinas.com\\\/pt\\\/#website\",\"url\":\"https:\\\/\\\/jornaldasoficinas.com\\\/pt\\\/\",\"name\":\"Jornal das Oficinas\",\"description\":\"Jornal independente do Aftermarket Autom\u00f3vel em Portugal\",\"publisher\":{\"@id\":\"https:\\\/\\\/jornaldasoficinas.com\\\/pt\\\/#organization\"},\"potentialAction\":[{\"@type\":\"SearchAction\",\"target\":{\"@type\":\"EntryPoint\",\"urlTemplate\":\"https:\\\/\\\/jornaldasoficinas.com\\\/pt\\\/?s={search_term_string}\"},\"query-input\":{\"@type\":\"PropertyValueSpecification\",\"valueRequired\":true,\"valueName\":\"search_term_string\"}}],\"inLanguage\":\"pt-PT\"},{\"@type\":\"Organization\",\"@id\":\"https:\\\/\\\/jornaldasoficinas.com\\\/pt\\\/#organization\",\"name\":\"Jornal das Oficinas\",\"url\":\"https:\\\/\\\/jornaldasoficinas.com\\\/pt\\\/\",\"logo\":{\"@type\":\"ImageObject\",\"inLanguage\":\"pt-PT\",\"@id\":\"https:\\\/\\\/jornaldasoficinas.com\\\/pt\\\/#\\\/schema\\\/logo\\\/image\\\/\",\"url\":\"https:\\\/\\\/jornaldasoficinas.com\\\/pt\\\/wp-content\\\/uploads\\\/logoJO-SEO.png\",\"contentUrl\":\"https:\\\/\\\/jornaldasoficinas.com\\\/pt\\\/wp-content\\\/uploads\\\/logoJO-SEO.png\",\"width\":285,\"height\":450,\"caption\":\"Jornal das Oficinas\"},\"image\":{\"@id\":\"https:\\\/\\\/jornaldasoficinas.com\\\/pt\\\/#\\\/schema\\\/logo\\\/image\\\/\"},\"sameAs\":[\"https:\\\/\\\/www.facebook.com\\\/jornaloficinas\",\"https:\\\/\\\/x.com\\\/jornaloficinas\",\"https:\\\/\\\/www.instagram.com\\\/jornal_oficinas\\\/\",\"https:\\\/\\\/www.linkedin.com\\\/company\\\/jornal-das-oficinas\\\/\",\"https:\\\/\\\/www.youtube.com\\\/channel\\\/UCbQZBqtcvV-oSQrr7RzINGg\"]},{\"@type\":\"Person\",\"@id\":\"https:\\\/\\\/jornaldasoficinas.com\\\/pt\\\/#\\\/schema\\\/person\\\/a38eef5de2c41d9e7c9ac10141afddf3\",\"name\":\"Reda\u00e7\u00e3o JO\",\"image\":{\"@type\":\"ImageObject\",\"inLanguage\":\"pt-PT\",\"@id\":\"https:\\\/\\\/secure.gravatar.com\\\/avatar\\\/71f2fa71737ad68a84fea94bc708ddac8ea5b0c4788dc2ad202f3ccb2887742f?s=96&d=wp_user_avatar&r=g\",\"url\":\"https:\\\/\\\/secure.gravatar.com\\\/avatar\\\/71f2fa71737ad68a84fea94bc708ddac8ea5b0c4788dc2ad202f3ccb2887742f?s=96&d=wp_user_avatar&r=g\",\"contentUrl\":\"https:\\\/\\\/secure.gravatar.com\\\/avatar\\\/71f2fa71737ad68a84fea94bc708ddac8ea5b0c4788dc2ad202f3ccb2887742f?s=96&d=wp_user_avatar&r=g\",\"caption\":\"Reda\u00e7\u00e3o JO\"},\"url\":\"https:\\\/\\\/jornaldasoficinas.com\\\/pt\\\/author\\\/joredacao\\\/\"}]}<\/script>\n<!-- \/ Yoast SEO plugin. -->","yoast_head_json":{"title":"AAG Iberia anuncia estrat\u00e9gia de neg\u00f3cio para 2024 - Jornal das Oficinas","description":"AAG Iberia anunciou recentemente os seus principais objetivos para 2024. Entre eles, consta a supera\u00e7\u00e3o de 300 milh\u00f5es de euros at\u00e9 2025","robots":{"index":"index","follow":"follow","max-snippet":"max-snippet:-1","max-image-preview":"max-image-preview:large","max-video-preview":"max-video-preview:-1"},"canonical":"https:\/\/jornaldasoficinas.com\/pt\/aag-iberia-anuncia-estrategia-de-negocio-para-2024\/","og_locale":"pt_PT","og_type":"article","og_title":"AAG Iberia anuncia estrat\u00e9gia de neg\u00f3cio para 2024 - Jornal das Oficinas","og_description":"AAG Iberia anunciou recentemente os seus principais objetivos para 2024. Entre eles, consta a supera\u00e7\u00e3o de 300 milh\u00f5es de euros at\u00e9 2025","og_url":"https:\/\/jornaldasoficinas.com\/pt\/aag-iberia-anuncia-estrategia-de-negocio-para-2024\/","og_site_name":"Jornal das Oficinas","article_publisher":"https:\/\/www.facebook.com\/jornaloficinas","article_published_time":"2024-02-27T18:00:16+00:00","og_image":[{"width":1024,"height":581,"url":"https:\/\/jornaldasoficinas.com\/pt\/wp-content\/uploads\/2024\/02\/AAG-Iberia-anuncia-estrategia-de-negocio-para-2024.jpeg","type":"image\/jpeg"}],"author":"Reda\u00e7\u00e3o JO","twitter_card":"summary_large_image","twitter_creator":"@jornaloficinas","twitter_site":"@jornaloficinas","twitter_misc":{"Escrito por":"Reda\u00e7\u00e3o JO","Tempo estimado de leitura":"3 minutos"},"schema":{"@context":"https:\/\/schema.org","@graph":[{"@type":"Article","@id":"https:\/\/jornaldasoficinas.com\/pt\/aag-iberia-anuncia-estrategia-de-negocio-para-2024\/#article","isPartOf":{"@id":"https:\/\/jornaldasoficinas.com\/pt\/aag-iberia-anuncia-estrategia-de-negocio-para-2024\/"},"author":{"name":"Reda\u00e7\u00e3o JO","@id":"https:\/\/jornaldasoficinas.com\/pt\/#\/schema\/person\/a38eef5de2c41d9e7c9ac10141afddf3"},"headline":"AAG Iberia anuncia estrat\u00e9gia de neg\u00f3cio para 2024","datePublished":"2024-02-27T18:00:16+00:00","mainEntityOfPage":{"@id":"https:\/\/jornaldasoficinas.com\/pt\/aag-iberia-anuncia-estrategia-de-negocio-para-2024\/"},"wordCount":366,"publisher":{"@id":"https:\/\/jornaldasoficinas.com\/pt\/#organization"},"image":{"@id":"https:\/\/jornaldasoficinas.com\/pt\/aag-iberia-anuncia-estrategia-de-negocio-para-2024\/#primaryimage"},"thumbnailUrl":"https:\/\/jornaldasoficinas.com\/pt\/wp-content\/uploads\/2024\/02\/AAG-Iberia-anuncia-estrategia-de-negocio-para-2024.jpeg","keywords":["AAG Iberia","estrat\u00e9gia de neg\u00f3cio","NAPA","Pen\u00ednsula Ib\u00e9rica","principais objetivos"],"articleSection":["Empresas"],"inLanguage":"pt-PT"},{"@type":"WebPage","@id":"https:\/\/jornaldasoficinas.com\/pt\/aag-iberia-anuncia-estrategia-de-negocio-para-2024\/","url":"https:\/\/jornaldasoficinas.com\/pt\/aag-iberia-anuncia-estrategia-de-negocio-para-2024\/","name":"AAG Iberia anuncia estrat\u00e9gia de neg\u00f3cio para 2024 - Jornal das Oficinas","isPartOf":{"@id":"https:\/\/jornaldasoficinas.com\/pt\/#website"},"primaryImageOfPage":{"@id":"https:\/\/jornaldasoficinas.com\/pt\/aag-iberia-anuncia-estrategia-de-negocio-para-2024\/#primaryimage"},"image":{"@id":"https:\/\/jornaldasoficinas.com\/pt\/aag-iberia-anuncia-estrategia-de-negocio-para-2024\/#primaryimage"},"thumbnailUrl":"https:\/\/jornaldasoficinas.com\/pt\/wp-content\/uploads\/2024\/02\/AAG-Iberia-anuncia-estrategia-de-negocio-para-2024.jpeg","datePublished":"2024-02-27T18:00:16+00:00","description":"AAG Iberia anunciou recentemente os seus principais objetivos para 2024. Entre eles, consta a supera\u00e7\u00e3o de 300 milh\u00f5es de euros at\u00e9 2025","breadcrumb":{"@id":"https:\/\/jornaldasoficinas.com\/pt\/aag-iberia-anuncia-estrategia-de-negocio-para-2024\/#breadcrumb"},"inLanguage":"pt-PT","potentialAction":[{"@type":"ReadAction","target":["https:\/\/jornaldasoficinas.com\/pt\/aag-iberia-anuncia-estrategia-de-negocio-para-2024\/"]}]},{"@type":"ImageObject","inLanguage":"pt-PT","@id":"https:\/\/jornaldasoficinas.com\/pt\/aag-iberia-anuncia-estrategia-de-negocio-para-2024\/#primaryimage","url":"https:\/\/jornaldasoficinas.com\/pt\/wp-content\/uploads\/2024\/02\/AAG-Iberia-anuncia-estrategia-de-negocio-para-2024.jpeg","contentUrl":"https:\/\/jornaldasoficinas.com\/pt\/wp-content\/uploads\/2024\/02\/AAG-Iberia-anuncia-estrategia-de-negocio-para-2024.jpeg","width":1024,"height":581,"caption":"02 - AAG Iberia anuncia estrategia de negocio para 2024"},{"@type":"BreadcrumbList","@id":"https:\/\/jornaldasoficinas.com\/pt\/aag-iberia-anuncia-estrategia-de-negocio-para-2024\/#breadcrumb","itemListElement":[{"@type":"ListItem","position":1,"name":"In\u00edcio","item":"https:\/\/jornaldasoficinas.com\/pt\/"},{"@type":"ListItem","position":2,"name":"AAG Iberia anuncia estrat\u00e9gia de neg\u00f3cio para 2024"}]},{"@type":"WebSite","@id":"https:\/\/jornaldasoficinas.com\/pt\/#website","url":"https:\/\/jornaldasoficinas.com\/pt\/","name":"Jornal das Oficinas","description":"Jornal independente do Aftermarket Autom\u00f3vel em Portugal","publisher":{"@id":"https:\/\/jornaldasoficinas.com\/pt\/#organization"},"potentialAction":[{"@type":"SearchAction","target":{"@type":"EntryPoint","urlTemplate":"https:\/\/jornaldasoficinas.com\/pt\/?s={search_term_string}"},"query-input":{"@type":"PropertyValueSpecification","valueRequired":true,"valueName":"search_term_string"}}],"inLanguage":"pt-PT"},{"@type":"Organization","@id":"https:\/\/jornaldasoficinas.com\/pt\/#organization","name":"Jornal das Oficinas","url":"https:\/\/jornaldasoficinas.com\/pt\/","logo":{"@type":"ImageObject","inLanguage":"pt-PT","@id":"https:\/\/jornaldasoficinas.com\/pt\/#\/schema\/logo\/image\/","url":"https:\/\/jornaldasoficinas.com\/pt\/wp-content\/uploads\/logoJO-SEO.png","contentUrl":"https:\/\/jornaldasoficinas.com\/pt\/wp-content\/uploads\/logoJO-SEO.png","width":285,"height":450,"caption":"Jornal das Oficinas"},"image":{"@id":"https:\/\/jornaldasoficinas.com\/pt\/#\/schema\/logo\/image\/"},"sameAs":["https:\/\/www.facebook.com\/jornaloficinas","https:\/\/x.com\/jornaloficinas","https:\/\/www.instagram.com\/jornal_oficinas\/","https:\/\/www.linkedin.com\/company\/jornal-das-oficinas\/","https:\/\/www.youtube.com\/channel\/UCbQZBqtcvV-oSQrr7RzINGg"]},{"@type":"Person","@id":"https:\/\/jornaldasoficinas.com\/pt\/#\/schema\/person\/a38eef5de2c41d9e7c9ac10141afddf3","name":"Reda\u00e7\u00e3o JO","image":{"@type":"ImageObject","inLanguage":"pt-PT","@id":"https:\/\/secure.gravatar.com\/avatar\/71f2fa71737ad68a84fea94bc708ddac8ea5b0c4788dc2ad202f3ccb2887742f?s=96&d=wp_user_avatar&r=g","url":"https:\/\/secure.gravatar.com\/avatar\/71f2fa71737ad68a84fea94bc708ddac8ea5b0c4788dc2ad202f3ccb2887742f?s=96&d=wp_user_avatar&r=g","contentUrl":"https:\/\/secure.gravatar.com\/avatar\/71f2fa71737ad68a84fea94bc708ddac8ea5b0c4788dc2ad202f3ccb2887742f?s=96&d=wp_user_avatar&r=g","caption":"Reda\u00e7\u00e3o JO"},"url":"https:\/\/jornaldasoficinas.com\/pt\/author\/joredacao\/"}]}},"_links":{"self":[{"href":"https:\/\/jornaldasoficinas.com\/pt\/wp-json\/wp\/v2\/posts\/79680","targetHints":{"allow":["GET"]}}],"collection":[{"href":"https:\/\/jornaldasoficinas.com\/pt\/wp-json\/wp\/v2\/posts"}],"about":[{"href":"https:\/\/jornaldasoficinas.com\/pt\/wp-json\/wp\/v2\/types\/post"}],"author":[{"embeddable":true,"href":"https:\/\/jornaldasoficinas.com\/pt\/wp-json\/wp\/v2\/users\/15"}],"replies":[{"embeddable":true,"href":"https:\/\/jornaldasoficinas.com\/pt\/wp-json\/wp\/v2\/comments?post=79680"}],"version-history":[{"count":0,"href":"https:\/\/jornaldasoficinas.com\/pt\/wp-json\/wp\/v2\/posts\/79680\/revisions"}],"wp:featuredmedia":[{"embeddable":true,"href":"https:\/\/jornaldasoficinas.com\/pt\/wp-json\/wp\/v2\/media\/79689"}],"wp:attachment":[{"href":"https:\/\/jornaldasoficinas.com\/pt\/wp-json\/wp\/v2\/media?parent=79680"}],"wp:term":[{"taxonomy":"category","embeddable":true,"href":"https:\/\/jornaldasoficinas.com\/pt\/wp-json\/wp\/v2\/categories?post=79680"},{"taxonomy":"post_tag","embeddable":true,"href":"https:\/\/jornaldasoficinas.com\/pt\/wp-json\/wp\/v2\/tags?post=79680"}],"curies":[{"name":"wp","href":"https:\/\/api.w.org\/{rel}","templated":true}]}}