{"id":79991,"date":"2024-02-29T20:00:10","date_gmt":"2024-02-29T20:00:10","guid":{"rendered":"https:\/\/jornaldasoficinas.com\/pt\/?p=79991"},"modified":"2024-02-29T17:22:49","modified_gmt":"2024-02-29T17:22:49","slug":"gs-yuasa-anuncia-parceria-com-a-a-maiasport-team","status":"publish","type":"post","link":"https:\/\/jornaldasoficinas.com\/pt\/gs-yuasa-anuncia-parceria-com-a-a-maiasport-team\/","title":{"rendered":"GS Yuasa anuncia parceria com a A.MaiaSport Team"},"content":{"rendered":"<p><img loading=\"lazy\" decoding=\"async\" class=\"alignnone size-full wp-image-79994\" src=\"https:\/\/jornaldasoficinas.com\/pt\/wp-content\/uploads\/2024\/02\/GS-Yuasa-anuncia-parceria-com-a-A.maiaSport-Team-.jpg\" alt=\"02 - GS Yuasa anuncia parceria com a A.maiaSport Team \" width=\"1024\" height=\"581\" srcset=\"https:\/\/jornaldasoficinas.com\/pt\/wp-content\/uploads\/2024\/02\/GS-Yuasa-anuncia-parceria-com-a-A.maiaSport-Team-.jpg 1024w, https:\/\/jornaldasoficinas.com\/pt\/wp-content\/uploads\/2024\/02\/GS-Yuasa-anuncia-parceria-com-a-A.maiaSport-Team--300x170.jpg 300w, https:\/\/jornaldasoficinas.com\/pt\/wp-content\/uploads\/2024\/02\/GS-Yuasa-anuncia-parceria-com-a-A.maiaSport-Team--150x85.jpg 150w, https:\/\/jornaldasoficinas.com\/pt\/wp-content\/uploads\/2024\/02\/GS-Yuasa-anuncia-parceria-com-a-A.maiaSport-Team--768x436.jpg 768w\" sizes=\"auto, (max-width: 1024px) 100vw, 1024px\" \/><\/p>\n<p><strong>A temporada de 2024 do <a href=\"https:\/\/rallyserrasdefafefelgueirasboticascabeceirasbasto.com\/\" target=\"_blank\" rel=\"noopener\">Rally Serras de Fafe, Felgueiras, Boticas e Cabeceiras de Basto<\/a> arrancou no dia 23 de fevereiro, onde a equipa A.MaiaSport esteve presente com o patroc\u00ednio da <a href=\"https:\/\/www.gs-yuasa.com\/en\/\" target=\"_blank\" rel=\"noopener\">GS Yuasa<\/a> para enfrentar o desafio <a href=\"https:\/\/www.toyotagazooracingiberiancup.com\/pt\/\" target=\"_blank\" rel=\"noopener\">Toyota Gazoo Racing Iberian CUP 2024<\/a><\/strong><\/p>\n<p>A equipa da P\u00f3voa de Varzim, esteve representada por Manuel Martins e Rui Vila\u00e7a no seu nov\u00edssimo Toyota GR Yaris, com o patroc\u00ednio da GS Yuasa. &#8220;A expectativa era alta depois de uma pr\u00e9-temporada bem preparada entre testes, prepara\u00e7\u00e3o mec\u00e2nica e log\u00edstica&#8221;, afirmou a equipa A.MaiaSport.<\/p>\n<p>&#8220;A ideia para esta primeira prova era de rodar sem press\u00f5es, com o intuito de ver onde se situavam dentro do pelot\u00e3o Toyota e assim ganhar experi\u00eancia para as pr\u00f3ximas provas&#8221;, revelou.<\/p>\n<p>No primeiro dia nas classifica\u00e7\u00f5es de Boticas a equipa entrou cautelosa e n\u00e3o arriscou em &#8220;pisos que estavam realmente dif\u00edceis e prop\u00edcios ao erro e aproveitamos para perceber melhor o carro nestas condi\u00e7\u00f5es&#8221;, referiu.<\/p>\n<p>&#8220;T\u00ednhamos a ideia do rodar com mais rapidez no s\u00e1bado, em tro\u00e7os que nos s\u00e3o mais familiares. Infelizmente na Super-Especial Noturna em Fafe, sem que nada o fizesse prever a caixa de velocidades cedeu e tivemos de dar por encerrada a nossa participa\u00e7\u00e3o. Foi realmente uma entrada em falso, um verdadeiro &#8220;murro no est\u00f4mago&#8221; com tanto trabalho que foi feito para esta participa\u00e7\u00e3o. Felizmente temos uma equipa muito capaz e n\u00e3o nos deixam desanimar e j\u00e1 iremos preparar a nossa estreia em Espanha, no Rallye Sierra Morena no inicio do m\u00eas de abril, nas melhores condi\u00e7\u00f5es poss\u00edveis&#8221;, concluiu.<\/p>\n","protected":false},"excerpt":{"rendered":"<p>A temporada de 2024 do Rally&#8230;<\/p>\n","protected":false},"author":15,"featured_media":79994,"comment_status":"closed","ping_status":"closed","sticky":false,"template":"","format":"standard","meta":{"footnotes":""},"categories":[29],"tags":[7702,7703,7701,2075,4619,7704],"class_list":["post-79991","post","type-post","status-publish","format-standard","has-post-thumbnail","hentry","category-empresas","tag-23-de-fevereiro","tag-a-maiasport","tag-felgueiras-e-boticas","tag-gs-yuasa","tag-rally-serras-de-fafe","tag-toyota-gazoo-racing-iberian-cup"],"yoast_head":"<!-- This site is optimized with the Yoast SEO plugin v27.4 - https:\/\/yoast.com\/product\/yoast-seo-wordpress\/ -->\n<title>GS Yuasa anuncia parceria com a A.MaiaSport Team - Jornal das Oficinas<\/title>\n<meta name=\"description\" content=\"O Rally Serras de Fafe, Felgueiras, Boticas e Cabeceiras de Basto arrancou no dia 23 de fevereiro, onde a equipa A.MaiaSport esteve presente\" \/>\n<meta name=\"robots\" content=\"index, follow, max-snippet:-1, max-image-preview:large, max-video-preview:-1\" \/>\n<link rel=\"canonical\" href=\"https:\/\/jornaldasoficinas.com\/pt\/gs-yuasa-anuncia-parceria-com-a-a-maiasport-team\/\" \/>\n<meta property=\"og:locale\" content=\"pt_PT\" \/>\n<meta property=\"og:type\" content=\"article\" \/>\n<meta property=\"og:title\" content=\"GS Yuasa anuncia parceria com a A.MaiaSport Team - Jornal das Oficinas\" \/>\n<meta property=\"og:description\" content=\"O Rally Serras de Fafe, Felgueiras, Boticas e Cabeceiras de Basto arrancou no dia 23 de fevereiro, onde a equipa A.MaiaSport esteve presente\" \/>\n<meta property=\"og:url\" content=\"https:\/\/jornaldasoficinas.com\/pt\/gs-yuasa-anuncia-parceria-com-a-a-maiasport-team\/\" \/>\n<meta property=\"og:site_name\" content=\"Jornal das Oficinas\" \/>\n<meta property=\"article:publisher\" content=\"https:\/\/www.facebook.com\/jornaloficinas\" \/>\n<meta property=\"article:published_time\" content=\"2024-02-29T20:00:10+00:00\" \/>\n<meta property=\"og:image\" content=\"https:\/\/jornaldasoficinas.com\/pt\/wp-content\/uploads\/2024\/02\/GS-Yuasa-anuncia-parceria-com-a-A.maiaSport-Team-.jpg\" \/>\n\t<meta property=\"og:image:width\" content=\"1024\" \/>\n\t<meta property=\"og:image:height\" content=\"581\" \/>\n\t<meta property=\"og:image:type\" content=\"image\/jpeg\" \/>\n<meta name=\"author\" content=\"Reda\u00e7\u00e3o JO\" \/>\n<meta name=\"twitter:card\" content=\"summary_large_image\" \/>\n<meta name=\"twitter:creator\" content=\"@jornaloficinas\" \/>\n<meta name=\"twitter:site\" content=\"@jornaloficinas\" \/>\n<meta name=\"twitter:label1\" content=\"Escrito por\" \/>\n\t<meta name=\"twitter:data1\" content=\"Reda\u00e7\u00e3o JO\" \/>\n\t<meta name=\"twitter:label2\" content=\"Tempo estimado de leitura\" \/>\n\t<meta name=\"twitter:data2\" content=\"2 minutos\" \/>\n<script type=\"application\/ld+json\" class=\"yoast-schema-graph\">{\"@context\":\"https:\\\/\\\/schema.org\",\"@graph\":[{\"@type\":\"Article\",\"@id\":\"https:\\\/\\\/jornaldasoficinas.com\\\/pt\\\/gs-yuasa-anuncia-parceria-com-a-a-maiasport-team\\\/#article\",\"isPartOf\":{\"@id\":\"https:\\\/\\\/jornaldasoficinas.com\\\/pt\\\/gs-yuasa-anuncia-parceria-com-a-a-maiasport-team\\\/\"},\"author\":{\"name\":\"Reda\u00e7\u00e3o JO\",\"@id\":\"https:\\\/\\\/jornaldasoficinas.com\\\/pt\\\/#\\\/schema\\\/person\\\/a38eef5de2c41d9e7c9ac10141afddf3\"},\"headline\":\"GS Yuasa anuncia parceria com a A.MaiaSport Team\",\"datePublished\":\"2024-02-29T20:00:10+00:00\",\"mainEntityOfPage\":{\"@id\":\"https:\\\/\\\/jornaldasoficinas.com\\\/pt\\\/gs-yuasa-anuncia-parceria-com-a-a-maiasport-team\\\/\"},\"wordCount\":290,\"publisher\":{\"@id\":\"https:\\\/\\\/jornaldasoficinas.com\\\/pt\\\/#organization\"},\"image\":{\"@id\":\"https:\\\/\\\/jornaldasoficinas.com\\\/pt\\\/gs-yuasa-anuncia-parceria-com-a-a-maiasport-team\\\/#primaryimage\"},\"thumbnailUrl\":\"https:\\\/\\\/jornaldasoficinas.com\\\/pt\\\/wp-content\\\/uploads\\\/2024\\\/02\\\/GS-Yuasa-anuncia-parceria-com-a-A.maiaSport-Team-.jpg\",\"keywords\":[\"23 de fevereiro\",\"A.MaiaSport\",\"Felgueiras e Boticas\",\"GS Yuasa\",\"Rally Serras de Fafe\",\"Toyota Gazoo Racing Iberian CUP\"],\"articleSection\":[\"Empresas\"],\"inLanguage\":\"pt-PT\"},{\"@type\":\"WebPage\",\"@id\":\"https:\\\/\\\/jornaldasoficinas.com\\\/pt\\\/gs-yuasa-anuncia-parceria-com-a-a-maiasport-team\\\/\",\"url\":\"https:\\\/\\\/jornaldasoficinas.com\\\/pt\\\/gs-yuasa-anuncia-parceria-com-a-a-maiasport-team\\\/\",\"name\":\"GS Yuasa anuncia parceria com a A.MaiaSport Team - Jornal das Oficinas\",\"isPartOf\":{\"@id\":\"https:\\\/\\\/jornaldasoficinas.com\\\/pt\\\/#website\"},\"primaryImageOfPage\":{\"@id\":\"https:\\\/\\\/jornaldasoficinas.com\\\/pt\\\/gs-yuasa-anuncia-parceria-com-a-a-maiasport-team\\\/#primaryimage\"},\"image\":{\"@id\":\"https:\\\/\\\/jornaldasoficinas.com\\\/pt\\\/gs-yuasa-anuncia-parceria-com-a-a-maiasport-team\\\/#primaryimage\"},\"thumbnailUrl\":\"https:\\\/\\\/jornaldasoficinas.com\\\/pt\\\/wp-content\\\/uploads\\\/2024\\\/02\\\/GS-Yuasa-anuncia-parceria-com-a-A.maiaSport-Team-.jpg\",\"datePublished\":\"2024-02-29T20:00:10+00:00\",\"description\":\"O Rally Serras de Fafe, Felgueiras, Boticas e Cabeceiras de Basto arrancou no dia 23 de fevereiro, onde a equipa A.MaiaSport esteve presente\",\"breadcrumb\":{\"@id\":\"https:\\\/\\\/jornaldasoficinas.com\\\/pt\\\/gs-yuasa-anuncia-parceria-com-a-a-maiasport-team\\\/#breadcrumb\"},\"inLanguage\":\"pt-PT\",\"potentialAction\":[{\"@type\":\"ReadAction\",\"target\":[\"https:\\\/\\\/jornaldasoficinas.com\\\/pt\\\/gs-yuasa-anuncia-parceria-com-a-a-maiasport-team\\\/\"]}]},{\"@type\":\"ImageObject\",\"inLanguage\":\"pt-PT\",\"@id\":\"https:\\\/\\\/jornaldasoficinas.com\\\/pt\\\/gs-yuasa-anuncia-parceria-com-a-a-maiasport-team\\\/#primaryimage\",\"url\":\"https:\\\/\\\/jornaldasoficinas.com\\\/pt\\\/wp-content\\\/uploads\\\/2024\\\/02\\\/GS-Yuasa-anuncia-parceria-com-a-A.maiaSport-Team-.jpg\",\"contentUrl\":\"https:\\\/\\\/jornaldasoficinas.com\\\/pt\\\/wp-content\\\/uploads\\\/2024\\\/02\\\/GS-Yuasa-anuncia-parceria-com-a-A.maiaSport-Team-.jpg\",\"width\":1024,\"height\":581,\"caption\":\"02 - GS Yuasa anuncia parceria com a A.maiaSport Team\"},{\"@type\":\"BreadcrumbList\",\"@id\":\"https:\\\/\\\/jornaldasoficinas.com\\\/pt\\\/gs-yuasa-anuncia-parceria-com-a-a-maiasport-team\\\/#breadcrumb\",\"itemListElement\":[{\"@type\":\"ListItem\",\"position\":1,\"name\":\"In\u00edcio\",\"item\":\"https:\\\/\\\/jornaldasoficinas.com\\\/pt\\\/\"},{\"@type\":\"ListItem\",\"position\":2,\"name\":\"GS Yuasa anuncia parceria com a A.MaiaSport Team\"}]},{\"@type\":\"WebSite\",\"@id\":\"https:\\\/\\\/jornaldasoficinas.com\\\/pt\\\/#website\",\"url\":\"https:\\\/\\\/jornaldasoficinas.com\\\/pt\\\/\",\"name\":\"Jornal das Oficinas\",\"description\":\"Jornal independente do Aftermarket Autom\u00f3vel em Portugal\",\"publisher\":{\"@id\":\"https:\\\/\\\/jornaldasoficinas.com\\\/pt\\\/#organization\"},\"potentialAction\":[{\"@type\":\"SearchAction\",\"target\":{\"@type\":\"EntryPoint\",\"urlTemplate\":\"https:\\\/\\\/jornaldasoficinas.com\\\/pt\\\/?s={search_term_string}\"},\"query-input\":{\"@type\":\"PropertyValueSpecification\",\"valueRequired\":true,\"valueName\":\"search_term_string\"}}],\"inLanguage\":\"pt-PT\"},{\"@type\":\"Organization\",\"@id\":\"https:\\\/\\\/jornaldasoficinas.com\\\/pt\\\/#organization\",\"name\":\"Jornal das Oficinas\",\"url\":\"https:\\\/\\\/jornaldasoficinas.com\\\/pt\\\/\",\"logo\":{\"@type\":\"ImageObject\",\"inLanguage\":\"pt-PT\",\"@id\":\"https:\\\/\\\/jornaldasoficinas.com\\\/pt\\\/#\\\/schema\\\/logo\\\/image\\\/\",\"url\":\"https:\\\/\\\/jornaldasoficinas.com\\\/pt\\\/wp-content\\\/uploads\\\/logoJO-SEO.png\",\"contentUrl\":\"https:\\\/\\\/jornaldasoficinas.com\\\/pt\\\/wp-content\\\/uploads\\\/logoJO-SEO.png\",\"width\":285,\"height\":450,\"caption\":\"Jornal das Oficinas\"},\"image\":{\"@id\":\"https:\\\/\\\/jornaldasoficinas.com\\\/pt\\\/#\\\/schema\\\/logo\\\/image\\\/\"},\"sameAs\":[\"https:\\\/\\\/www.facebook.com\\\/jornaloficinas\",\"https:\\\/\\\/x.com\\\/jornaloficinas\",\"https:\\\/\\\/www.instagram.com\\\/jornal_oficinas\\\/\",\"https:\\\/\\\/www.linkedin.com\\\/company\\\/jornal-das-oficinas\\\/\",\"https:\\\/\\\/www.youtube.com\\\/channel\\\/UCbQZBqtcvV-oSQrr7RzINGg\"]},{\"@type\":\"Person\",\"@id\":\"https:\\\/\\\/jornaldasoficinas.com\\\/pt\\\/#\\\/schema\\\/person\\\/a38eef5de2c41d9e7c9ac10141afddf3\",\"name\":\"Reda\u00e7\u00e3o JO\",\"image\":{\"@type\":\"ImageObject\",\"inLanguage\":\"pt-PT\",\"@id\":\"https:\\\/\\\/secure.gravatar.com\\\/avatar\\\/71f2fa71737ad68a84fea94bc708ddac8ea5b0c4788dc2ad202f3ccb2887742f?s=96&d=wp_user_avatar&r=g\",\"url\":\"https:\\\/\\\/secure.gravatar.com\\\/avatar\\\/71f2fa71737ad68a84fea94bc708ddac8ea5b0c4788dc2ad202f3ccb2887742f?s=96&d=wp_user_avatar&r=g\",\"contentUrl\":\"https:\\\/\\\/secure.gravatar.com\\\/avatar\\\/71f2fa71737ad68a84fea94bc708ddac8ea5b0c4788dc2ad202f3ccb2887742f?s=96&d=wp_user_avatar&r=g\",\"caption\":\"Reda\u00e7\u00e3o JO\"},\"url\":\"https:\\\/\\\/jornaldasoficinas.com\\\/pt\\\/author\\\/joredacao\\\/\"}]}<\/script>\n<!-- \/ Yoast SEO plugin. -->","yoast_head_json":{"title":"GS Yuasa anuncia parceria com a A.MaiaSport Team - Jornal das Oficinas","description":"O Rally Serras de Fafe, Felgueiras, Boticas e Cabeceiras de Basto arrancou no dia 23 de fevereiro, onde a equipa A.MaiaSport esteve presente","robots":{"index":"index","follow":"follow","max-snippet":"max-snippet:-1","max-image-preview":"max-image-preview:large","max-video-preview":"max-video-preview:-1"},"canonical":"https:\/\/jornaldasoficinas.com\/pt\/gs-yuasa-anuncia-parceria-com-a-a-maiasport-team\/","og_locale":"pt_PT","og_type":"article","og_title":"GS Yuasa anuncia parceria com a A.MaiaSport Team - Jornal das Oficinas","og_description":"O Rally Serras de Fafe, Felgueiras, Boticas e Cabeceiras de Basto arrancou no dia 23 de fevereiro, onde a equipa A.MaiaSport esteve presente","og_url":"https:\/\/jornaldasoficinas.com\/pt\/gs-yuasa-anuncia-parceria-com-a-a-maiasport-team\/","og_site_name":"Jornal das Oficinas","article_publisher":"https:\/\/www.facebook.com\/jornaloficinas","article_published_time":"2024-02-29T20:00:10+00:00","og_image":[{"width":1024,"height":581,"url":"https:\/\/jornaldasoficinas.com\/pt\/wp-content\/uploads\/2024\/02\/GS-Yuasa-anuncia-parceria-com-a-A.maiaSport-Team-.jpg","type":"image\/jpeg"}],"author":"Reda\u00e7\u00e3o JO","twitter_card":"summary_large_image","twitter_creator":"@jornaloficinas","twitter_site":"@jornaloficinas","twitter_misc":{"Escrito por":"Reda\u00e7\u00e3o JO","Tempo estimado de leitura":"2 minutos"},"schema":{"@context":"https:\/\/schema.org","@graph":[{"@type":"Article","@id":"https:\/\/jornaldasoficinas.com\/pt\/gs-yuasa-anuncia-parceria-com-a-a-maiasport-team\/#article","isPartOf":{"@id":"https:\/\/jornaldasoficinas.com\/pt\/gs-yuasa-anuncia-parceria-com-a-a-maiasport-team\/"},"author":{"name":"Reda\u00e7\u00e3o JO","@id":"https:\/\/jornaldasoficinas.com\/pt\/#\/schema\/person\/a38eef5de2c41d9e7c9ac10141afddf3"},"headline":"GS Yuasa anuncia parceria com a A.MaiaSport Team","datePublished":"2024-02-29T20:00:10+00:00","mainEntityOfPage":{"@id":"https:\/\/jornaldasoficinas.com\/pt\/gs-yuasa-anuncia-parceria-com-a-a-maiasport-team\/"},"wordCount":290,"publisher":{"@id":"https:\/\/jornaldasoficinas.com\/pt\/#organization"},"image":{"@id":"https:\/\/jornaldasoficinas.com\/pt\/gs-yuasa-anuncia-parceria-com-a-a-maiasport-team\/#primaryimage"},"thumbnailUrl":"https:\/\/jornaldasoficinas.com\/pt\/wp-content\/uploads\/2024\/02\/GS-Yuasa-anuncia-parceria-com-a-A.maiaSport-Team-.jpg","keywords":["23 de fevereiro","A.MaiaSport","Felgueiras e Boticas","GS Yuasa","Rally Serras de Fafe","Toyota Gazoo Racing Iberian CUP"],"articleSection":["Empresas"],"inLanguage":"pt-PT"},{"@type":"WebPage","@id":"https:\/\/jornaldasoficinas.com\/pt\/gs-yuasa-anuncia-parceria-com-a-a-maiasport-team\/","url":"https:\/\/jornaldasoficinas.com\/pt\/gs-yuasa-anuncia-parceria-com-a-a-maiasport-team\/","name":"GS Yuasa anuncia parceria com a A.MaiaSport Team - Jornal das Oficinas","isPartOf":{"@id":"https:\/\/jornaldasoficinas.com\/pt\/#website"},"primaryImageOfPage":{"@id":"https:\/\/jornaldasoficinas.com\/pt\/gs-yuasa-anuncia-parceria-com-a-a-maiasport-team\/#primaryimage"},"image":{"@id":"https:\/\/jornaldasoficinas.com\/pt\/gs-yuasa-anuncia-parceria-com-a-a-maiasport-team\/#primaryimage"},"thumbnailUrl":"https:\/\/jornaldasoficinas.com\/pt\/wp-content\/uploads\/2024\/02\/GS-Yuasa-anuncia-parceria-com-a-A.maiaSport-Team-.jpg","datePublished":"2024-02-29T20:00:10+00:00","description":"O Rally Serras de Fafe, Felgueiras, Boticas e Cabeceiras de Basto arrancou no dia 23 de fevereiro, onde a equipa A.MaiaSport esteve presente","breadcrumb":{"@id":"https:\/\/jornaldasoficinas.com\/pt\/gs-yuasa-anuncia-parceria-com-a-a-maiasport-team\/#breadcrumb"},"inLanguage":"pt-PT","potentialAction":[{"@type":"ReadAction","target":["https:\/\/jornaldasoficinas.com\/pt\/gs-yuasa-anuncia-parceria-com-a-a-maiasport-team\/"]}]},{"@type":"ImageObject","inLanguage":"pt-PT","@id":"https:\/\/jornaldasoficinas.com\/pt\/gs-yuasa-anuncia-parceria-com-a-a-maiasport-team\/#primaryimage","url":"https:\/\/jornaldasoficinas.com\/pt\/wp-content\/uploads\/2024\/02\/GS-Yuasa-anuncia-parceria-com-a-A.maiaSport-Team-.jpg","contentUrl":"https:\/\/jornaldasoficinas.com\/pt\/wp-content\/uploads\/2024\/02\/GS-Yuasa-anuncia-parceria-com-a-A.maiaSport-Team-.jpg","width":1024,"height":581,"caption":"02 - GS Yuasa anuncia parceria com a A.maiaSport Team"},{"@type":"BreadcrumbList","@id":"https:\/\/jornaldasoficinas.com\/pt\/gs-yuasa-anuncia-parceria-com-a-a-maiasport-team\/#breadcrumb","itemListElement":[{"@type":"ListItem","position":1,"name":"In\u00edcio","item":"https:\/\/jornaldasoficinas.com\/pt\/"},{"@type":"ListItem","position":2,"name":"GS Yuasa anuncia parceria com a A.MaiaSport Team"}]},{"@type":"WebSite","@id":"https:\/\/jornaldasoficinas.com\/pt\/#website","url":"https:\/\/jornaldasoficinas.com\/pt\/","name":"Jornal das Oficinas","description":"Jornal independente do Aftermarket Autom\u00f3vel em Portugal","publisher":{"@id":"https:\/\/jornaldasoficinas.com\/pt\/#organization"},"potentialAction":[{"@type":"SearchAction","target":{"@type":"EntryPoint","urlTemplate":"https:\/\/jornaldasoficinas.com\/pt\/?s={search_term_string}"},"query-input":{"@type":"PropertyValueSpecification","valueRequired":true,"valueName":"search_term_string"}}],"inLanguage":"pt-PT"},{"@type":"Organization","@id":"https:\/\/jornaldasoficinas.com\/pt\/#organization","name":"Jornal das Oficinas","url":"https:\/\/jornaldasoficinas.com\/pt\/","logo":{"@type":"ImageObject","inLanguage":"pt-PT","@id":"https:\/\/jornaldasoficinas.com\/pt\/#\/schema\/logo\/image\/","url":"https:\/\/jornaldasoficinas.com\/pt\/wp-content\/uploads\/logoJO-SEO.png","contentUrl":"https:\/\/jornaldasoficinas.com\/pt\/wp-content\/uploads\/logoJO-SEO.png","width":285,"height":450,"caption":"Jornal das Oficinas"},"image":{"@id":"https:\/\/jornaldasoficinas.com\/pt\/#\/schema\/logo\/image\/"},"sameAs":["https:\/\/www.facebook.com\/jornaloficinas","https:\/\/x.com\/jornaloficinas","https:\/\/www.instagram.com\/jornal_oficinas\/","https:\/\/www.linkedin.com\/company\/jornal-das-oficinas\/","https:\/\/www.youtube.com\/channel\/UCbQZBqtcvV-oSQrr7RzINGg"]},{"@type":"Person","@id":"https:\/\/jornaldasoficinas.com\/pt\/#\/schema\/person\/a38eef5de2c41d9e7c9ac10141afddf3","name":"Reda\u00e7\u00e3o JO","image":{"@type":"ImageObject","inLanguage":"pt-PT","@id":"https:\/\/secure.gravatar.com\/avatar\/71f2fa71737ad68a84fea94bc708ddac8ea5b0c4788dc2ad202f3ccb2887742f?s=96&d=wp_user_avatar&r=g","url":"https:\/\/secure.gravatar.com\/avatar\/71f2fa71737ad68a84fea94bc708ddac8ea5b0c4788dc2ad202f3ccb2887742f?s=96&d=wp_user_avatar&r=g","contentUrl":"https:\/\/secure.gravatar.com\/avatar\/71f2fa71737ad68a84fea94bc708ddac8ea5b0c4788dc2ad202f3ccb2887742f?s=96&d=wp_user_avatar&r=g","caption":"Reda\u00e7\u00e3o JO"},"url":"https:\/\/jornaldasoficinas.com\/pt\/author\/joredacao\/"}]}},"_links":{"self":[{"href":"https:\/\/jornaldasoficinas.com\/pt\/wp-json\/wp\/v2\/posts\/79991","targetHints":{"allow":["GET"]}}],"collection":[{"href":"https:\/\/jornaldasoficinas.com\/pt\/wp-json\/wp\/v2\/posts"}],"about":[{"href":"https:\/\/jornaldasoficinas.com\/pt\/wp-json\/wp\/v2\/types\/post"}],"author":[{"embeddable":true,"href":"https:\/\/jornaldasoficinas.com\/pt\/wp-json\/wp\/v2\/users\/15"}],"replies":[{"embeddable":true,"href":"https:\/\/jornaldasoficinas.com\/pt\/wp-json\/wp\/v2\/comments?post=79991"}],"version-history":[{"count":0,"href":"https:\/\/jornaldasoficinas.com\/pt\/wp-json\/wp\/v2\/posts\/79991\/revisions"}],"wp:featuredmedia":[{"embeddable":true,"href":"https:\/\/jornaldasoficinas.com\/pt\/wp-json\/wp\/v2\/media\/79994"}],"wp:attachment":[{"href":"https:\/\/jornaldasoficinas.com\/pt\/wp-json\/wp\/v2\/media?parent=79991"}],"wp:term":[{"taxonomy":"category","embeddable":true,"href":"https:\/\/jornaldasoficinas.com\/pt\/wp-json\/wp\/v2\/categories?post=79991"},{"taxonomy":"post_tag","embeddable":true,"href":"https:\/\/jornaldasoficinas.com\/pt\/wp-json\/wp\/v2\/tags?post=79991"}],"curies":[{"name":"wp","href":"https:\/\/api.w.org\/{rel}","templated":true}]}}