{"id":80121,"date":"2024-03-04T12:46:05","date_gmt":"2024-03-04T12:46:05","guid":{"rendered":"https:\/\/jornaldasoficinas.com\/pt\/?p=80121"},"modified":"2024-03-04T12:46:05","modified_gmt":"2024-03-04T12:46:05","slug":"sernauto-coordena-iniciativa-de-sensibilizacao-sobre-a-ecu","status":"publish","type":"post","link":"https:\/\/jornaldasoficinas.com\/pt\/sernauto-coordena-iniciativa-de-sensibilizacao-sobre-a-ecu\/","title":{"rendered":"Sernauto coordena iniciativa de sensibiliza\u00e7\u00e3o sobre a ECU"},"content":{"rendered":"<p><img loading=\"lazy\" decoding=\"async\" class=\"size-full wp-image-80137\" src=\"https:\/\/jornaldasoficinas.com\/pt\/wp-content\/uploads\/2024\/02\/Sernauto-coordena-iniciativa-de-sensibilizacao-sobre-a-ECU.jpeg\" alt=\"02 - Sernauto coordena iniciativa de sensibilizacao sobre a ECU\" width=\"1024\" height=\"581\" srcset=\"https:\/\/jornaldasoficinas.com\/pt\/wp-content\/uploads\/2024\/02\/Sernauto-coordena-iniciativa-de-sensibilizacao-sobre-a-ECU.jpeg 1024w, https:\/\/jornaldasoficinas.com\/pt\/wp-content\/uploads\/2024\/02\/Sernauto-coordena-iniciativa-de-sensibilizacao-sobre-a-ECU-300x170.jpeg 300w, https:\/\/jornaldasoficinas.com\/pt\/wp-content\/uploads\/2024\/02\/Sernauto-coordena-iniciativa-de-sensibilizacao-sobre-a-ECU-150x85.jpeg 150w, https:\/\/jornaldasoficinas.com\/pt\/wp-content\/uploads\/2024\/02\/Sernauto-coordena-iniciativa-de-sensibilizacao-sobre-a-ECU-768x436.jpeg 768w\" sizes=\"auto, (max-width: 1024px) 100vw, 1024px\" \/><\/p>\n<p><strong>A <a href=\"https:\/\/www.sernauto.es\/\" target=\"_blank\" rel=\"noopener\">Sernauto<\/a> reuniu com cerca de vinte fabricantes do setor do aftermarket com o objetivo de sensibilizarem as oficinas multimarcas sobre a &#8220;ECU&#8221; enquanto &#8220;c\u00e9rebro&#8221; na gest\u00e3o do motor, entre outros temas importantes<\/strong><\/p>\n<p>Os sistemas de gest\u00e3o de motores s\u00e3o componentes cr\u00edticos nos ve\u00edculos atuais, controlando e regulando uma variedade de fun\u00e7\u00f5es relacionadas com a opera\u00e7\u00e3o do motor para otimizar o desempenho, a efici\u00eancia e as emiss\u00f5es. Desde a inje\u00e7\u00e3o de combust\u00edvel \u00e0 igni\u00e7\u00e3o, bem como, ao controle de v\u00e1lvulas e transmiss\u00e3o. E o elemento que controla todos esses sistemas \u00e9 a Unidade de Controle Electr\u00f3nico (ECU).<\/p>\n<p>&#8220;A ECU atua como o &#8220;c\u00e9rebro&#8221; do sistema de gest\u00e3o do motor, recolhem informa\u00e7\u00f5es de v\u00e1rios sensores distribu\u00eddos por todo o ve\u00edculo e usam essas informa\u00e7\u00f5es para controlar e ajustar diferentes aspetos da opera\u00e7\u00e3o do motor e ode outros sistemas relacionados&#8221;, explicaram durante o &#8220;Elige calidad, elige confianza&#8221; (ECEC), uma iniciativa que reuniu cerca de vinte fabricantes de componentes de topo ligados \u00e0 Sernauto.<\/p>\n<p>Estes sensores s\u00e3o vistos como essenciais para o correto funcionamento do sistema de gerenciamento do motor, na medida em que garantem a mistura de combust\u00edvel e ar ideal para o seu correto funcionamento. Entre outros fatores, tais como: sistemas de combust\u00edvel, que fornecem combust\u00edvel do tanque para o motor para faz\u00ea-lo funcionar com uma maior efici\u00eancia; sensores para gerenciamento do motor, que auxiliam na redu\u00e7\u00e3o do consumo de combust\u00edvel e na redu\u00e7\u00e3o da emiss\u00e3o de gases poluentes; sensores de instrumenta\u00e7\u00e3o, que fornecem informa\u00e7\u00f5es importantes para o funcionamento do ve\u00edculo quanto \u00e0 press\u00e3o, temperatura, rpm, velocidade ou n\u00edvel de combust\u00edvel; sensores de press\u00e3o dos pneus (TPMS), que informam sobre o enchimento correto das rodas, o que tem impacto na seguran\u00e7a e no consumo eficiente de combust\u00edvel; sistemas de ventila\u00e7\u00e3o e sopro, que garantem uma lufada de ar fresco aos ocupantes do ve\u00edculo e ao motor; sistemas de limpeza de para-brisas e far\u00f3is, que evitam quebras de p\u00e1ra-brisas por calor ou congelamento e sinalizam falta de \u00e1gua ou falhas el\u00e9tricas.<\/p>\n<p>Assim, a principal tarefa de um sistema de gest\u00e3o do motor \u00e9 a de coordenar e controlar par\u00e2metros como ponto de igni\u00e7\u00e3o, quantidade de combust\u00edvel injectado e temperatura e rota\u00e7\u00f5es do motor, entre outras quest\u00f5es.<\/p>\n<p>A ECU recebe informa\u00e7\u00f5es em tempo real de sensores que monitoram vari\u00e1veis como temperatura do motor, velocidade do ve\u00edculo, posi\u00e7\u00e3o do acelerador, quantidade de oxig\u00e9nio nos gases do escape, entre outras. Em seguida, processa esses dados usando algoritmos pr\u00e9-programados para tomar decis\u00f5es sobre a inje\u00e7\u00e3o de combust\u00edvel, ponto de igni\u00e7\u00e3o, controle de emiss\u00f5es e outras fun\u00e7\u00f5es.<\/p>\n<p>Al\u00e9m disso, a ECU faz ajustes cont\u00ednuos em resposta \u00e0s mudan\u00e7as nas condi\u00e7\u00f5es de condu\u00e7\u00e3o para otimizar o desempenho do motor, a efici\u00eancia de combust\u00edvel e as emiss\u00f5es. &#8220;Isso garante que o motor tenha um desempenho ideal em diversas situa\u00e7\u00f5es, desde a acelera\u00e7\u00e3o at\u00e9 a condu\u00e7\u00e3o em velocidade constante&#8221;, destacou a ECEC.<\/p>\n<p>Al\u00e9m de monitorar a opera\u00e7\u00e3o do motor, a ECU tamb\u00e9m monitora constantemente o sistema em busca de poss\u00edveis problemas. &#8220;Se detetar um mau funcionamento, pode ativar uma luz de advert\u00eancia no painel de instrumentos e armazenar c\u00f3digos de diagn\u00f3stico de problemas (DTCs) que os t\u00e9cnicos podem usar para identificar e corrigir a causa subjacente do problema&#8221;, explicaram na iniciativa.<\/p>\n<p>Em alguns casos, a ECU tamb\u00e9m pode ser programada ou reprogramada para acomodar modifica\u00e7\u00f5es no motor ou em outros componentes do ve\u00edculo. Isto pode incluir ajustes para melhorar o desempenho, a efici\u00eancia de combust\u00edvel ou a resposta do motor.<\/p>\n<p><strong>Manuten\u00e7\u00e3o da ECU<\/strong><\/p>\n<p>Para manter a ECU do ve\u00edculo em boas condi\u00e7\u00f5es, a ECEC recomenda o uso de dispositivos de prote\u00e7\u00e3o contra surtos, como fus\u00edveis e supressores de surtos, para proteger o sistema el\u00e9trico do carro, pois os surtos el\u00e9tricos podem danificar a ECU e outros componentes electr\u00f3nicos.<\/p>\n<p>Da mesma forma, a iniciativa recomenda a realiza\u00e7\u00e3o de verifica\u00e7\u00f5es peri\u00f3dicas no sistema el\u00e9trico do ve\u00edculo para detetar e reparar qualquer problema que possa afetar a ECU. &#8220;Verifique o estado dos cabos, conectores e terminais e substitua quaisquer componentes desgastados ou corro\u00eddos conforme necess\u00e1rio&#8221;, alertaram.<\/p>\n<p>Outra recomenda\u00e7\u00e3o \u00e9 manter a bateria em boas condi\u00e7\u00f5es. &#8220;Uma bateria defeituosa ou descarregada pode causar problemas el\u00e9tricos que afetam a ECU e outros componentes do ve\u00edculo. \u00c9 importante realizar testes regulares de bateria e substitu\u00ed-las conforme necess\u00e1rio para evitar problemas de energia&#8221;, afirma ECEC.<\/p>\n<p>Em alguns casos, os fabricantes de ve\u00edculos tamb\u00e9m podem lan\u00e7ar atualiza\u00e7\u00f5es de software para a ECU, com o objetivo de corrigir problemas operacionais ou melhorar o desempenho. &#8220;Vamos manter o nosso ve\u00edculo atualizado com essas atualiza\u00e7\u00f5es, fazendo visitas regulares \u00e0s concession\u00e1rias ou utilizando ferramentas de diagn\u00f3stico atualizadas&#8221;, aconselhou a iniciativa, que, por fim, alerta para a import\u00e2ncia de evitar manipula\u00e7\u00f5es n\u00e3o autorizadas: &#8220;A ECU cont\u00e9m programas e configura\u00e7\u00f5es espec\u00edficas para o funcionamento do motor e outros sistemas do ve\u00edculo. Assim, \u00e9 fundamental evitar manipula\u00e7\u00f5es n\u00e3o autorizadas, como reprogram\u00e1-lo sem os equipamentos adequados ou fazer liga\u00e7\u00f5es el\u00e9tricas incorretas, pois isso pode causar danos irrepar\u00e1veis&#8221;, conclu\u00edram.<\/p>\n<p>A iniciativa contou com a presen\u00e7a da ATE, BOSCH, BREMBO, CONTINENTAL, DAYCO, GATES, HELLA, KYB, MAGNETI MARELLI, MANN-FILTER, NTN-SNR, OSRAM, PHILIPS, SCHAEFFLER, TUDOR, VALEO e VARTA. O objetivo principal residiu na import\u00e2ncia da sensibiliza\u00e7\u00e3o das oficinas multimarcas, nas quais as marcas de fabricantes oferecem n\u00e3o s\u00f3 a sua gama de produtos para autom\u00f3veis, como tamb\u00e9m, a forma\u00e7\u00e3o e o apoio t\u00e9cnico permanente.<\/p>\n<p>Esta iniciativa foi coordenada pela Sernauto, Associa\u00e7\u00e3o Espanhola de Fornecedores Autom\u00f3vel.<\/p>\n","protected":false},"excerpt":{"rendered":"<p>A Sernauto reuniu com cerca de&#8230;<\/p>\n","protected":false},"author":15,"featured_media":80137,"comment_status":"closed","ping_status":"closed","sticky":false,"template":"","format":"standard","meta":{"footnotes":""},"categories":[37],"tags":[7743,7746,7747,7745,7748,1321,7744],"class_list":["post-80121","post","type-post","status-publish","format-standard","has-post-thumbnail","hentry","category-mercado","tag-ecu","tag-gestao-do-motor","tag-iniciativa","tag-oficinas-multimarcas","tag-produtos-automoveis","tag-sernauto","tag-vinte-fabricantes"],"yoast_head":"<!-- This site is optimized with the Yoast SEO plugin v27.4 - https:\/\/yoast.com\/product\/yoast-seo-wordpress\/ -->\n<title>Sernauto coordena iniciativa de sensibiliza\u00e7\u00e3o sobre a ECU - Jornal das Oficinas<\/title>\n<meta name=\"description\" content=\"A Sernauto reuniu com cerca de vinte fabricantes do setor do aftermarket com o objetivo de sensibilizarem as oficinas multimarcas sobre a ECU\" \/>\n<meta name=\"robots\" content=\"index, follow, max-snippet:-1, max-image-preview:large, max-video-preview:-1\" \/>\n<link rel=\"canonical\" href=\"https:\/\/jornaldasoficinas.com\/pt\/sernauto-coordena-iniciativa-de-sensibilizacao-sobre-a-ecu\/\" \/>\n<meta property=\"og:locale\" content=\"pt_PT\" \/>\n<meta property=\"og:type\" content=\"article\" \/>\n<meta property=\"og:title\" content=\"Sernauto coordena iniciativa de sensibiliza\u00e7\u00e3o sobre a ECU - Jornal das Oficinas\" \/>\n<meta property=\"og:description\" content=\"A Sernauto reuniu com cerca de vinte fabricantes do setor do aftermarket com o objetivo de sensibilizarem as oficinas multimarcas sobre a ECU\" \/>\n<meta property=\"og:url\" content=\"https:\/\/jornaldasoficinas.com\/pt\/sernauto-coordena-iniciativa-de-sensibilizacao-sobre-a-ecu\/\" \/>\n<meta property=\"og:site_name\" content=\"Jornal das Oficinas\" \/>\n<meta property=\"article:publisher\" content=\"https:\/\/www.facebook.com\/jornaloficinas\" \/>\n<meta property=\"article:published_time\" content=\"2024-03-04T12:46:05+00:00\" \/>\n<meta property=\"og:image\" content=\"https:\/\/jornaldasoficinas.com\/pt\/wp-content\/uploads\/2024\/02\/Sernauto-coordena-iniciativa-de-sensibilizacao-sobre-a-ECU.jpeg\" \/>\n\t<meta property=\"og:image:width\" content=\"1024\" \/>\n\t<meta property=\"og:image:height\" content=\"581\" \/>\n\t<meta property=\"og:image:type\" content=\"image\/jpeg\" \/>\n<meta name=\"author\" content=\"Reda\u00e7\u00e3o JO\" \/>\n<meta name=\"twitter:card\" content=\"summary_large_image\" \/>\n<meta name=\"twitter:creator\" content=\"@jornaloficinas\" \/>\n<meta name=\"twitter:site\" content=\"@jornaloficinas\" \/>\n<meta name=\"twitter:label1\" content=\"Escrito por\" \/>\n\t<meta name=\"twitter:data1\" content=\"Reda\u00e7\u00e3o JO\" \/>\n\t<meta name=\"twitter:label2\" content=\"Tempo estimado de leitura\" \/>\n\t<meta name=\"twitter:data2\" content=\"6 minutos\" \/>\n<script type=\"application\/ld+json\" class=\"yoast-schema-graph\">{\"@context\":\"https:\\\/\\\/schema.org\",\"@graph\":[{\"@type\":\"Article\",\"@id\":\"https:\\\/\\\/jornaldasoficinas.com\\\/pt\\\/sernauto-coordena-iniciativa-de-sensibilizacao-sobre-a-ecu\\\/#article\",\"isPartOf\":{\"@id\":\"https:\\\/\\\/jornaldasoficinas.com\\\/pt\\\/sernauto-coordena-iniciativa-de-sensibilizacao-sobre-a-ecu\\\/\"},\"author\":{\"name\":\"Reda\u00e7\u00e3o JO\",\"@id\":\"https:\\\/\\\/jornaldasoficinas.com\\\/pt\\\/#\\\/schema\\\/person\\\/a38eef5de2c41d9e7c9ac10141afddf3\"},\"headline\":\"Sernauto coordena iniciativa de sensibiliza\u00e7\u00e3o sobre a ECU\",\"datePublished\":\"2024-03-04T12:46:05+00:00\",\"mainEntityOfPage\":{\"@id\":\"https:\\\/\\\/jornaldasoficinas.com\\\/pt\\\/sernauto-coordena-iniciativa-de-sensibilizacao-sobre-a-ecu\\\/\"},\"wordCount\":1029,\"publisher\":{\"@id\":\"https:\\\/\\\/jornaldasoficinas.com\\\/pt\\\/#organization\"},\"image\":{\"@id\":\"https:\\\/\\\/jornaldasoficinas.com\\\/pt\\\/sernauto-coordena-iniciativa-de-sensibilizacao-sobre-a-ecu\\\/#primaryimage\"},\"thumbnailUrl\":\"https:\\\/\\\/jornaldasoficinas.com\\\/pt\\\/wp-content\\\/uploads\\\/2024\\\/02\\\/Sernauto-coordena-iniciativa-de-sensibilizacao-sobre-a-ECU.jpeg\",\"keywords\":[\"ECU\",\"gest\u00e3o do motor\",\"iniciativa\",\"oficinas multimarcas\",\"produtos autom\u00f3veis\",\"Sernauto\",\"vinte fabricantes\"],\"articleSection\":[\"Mercado\"],\"inLanguage\":\"pt-PT\"},{\"@type\":\"WebPage\",\"@id\":\"https:\\\/\\\/jornaldasoficinas.com\\\/pt\\\/sernauto-coordena-iniciativa-de-sensibilizacao-sobre-a-ecu\\\/\",\"url\":\"https:\\\/\\\/jornaldasoficinas.com\\\/pt\\\/sernauto-coordena-iniciativa-de-sensibilizacao-sobre-a-ecu\\\/\",\"name\":\"Sernauto coordena iniciativa de sensibiliza\u00e7\u00e3o sobre a ECU - Jornal das Oficinas\",\"isPartOf\":{\"@id\":\"https:\\\/\\\/jornaldasoficinas.com\\\/pt\\\/#website\"},\"primaryImageOfPage\":{\"@id\":\"https:\\\/\\\/jornaldasoficinas.com\\\/pt\\\/sernauto-coordena-iniciativa-de-sensibilizacao-sobre-a-ecu\\\/#primaryimage\"},\"image\":{\"@id\":\"https:\\\/\\\/jornaldasoficinas.com\\\/pt\\\/sernauto-coordena-iniciativa-de-sensibilizacao-sobre-a-ecu\\\/#primaryimage\"},\"thumbnailUrl\":\"https:\\\/\\\/jornaldasoficinas.com\\\/pt\\\/wp-content\\\/uploads\\\/2024\\\/02\\\/Sernauto-coordena-iniciativa-de-sensibilizacao-sobre-a-ECU.jpeg\",\"datePublished\":\"2024-03-04T12:46:05+00:00\",\"description\":\"A Sernauto reuniu com cerca de vinte fabricantes do setor do aftermarket com o objetivo de sensibilizarem as oficinas multimarcas sobre a ECU\",\"breadcrumb\":{\"@id\":\"https:\\\/\\\/jornaldasoficinas.com\\\/pt\\\/sernauto-coordena-iniciativa-de-sensibilizacao-sobre-a-ecu\\\/#breadcrumb\"},\"inLanguage\":\"pt-PT\",\"potentialAction\":[{\"@type\":\"ReadAction\",\"target\":[\"https:\\\/\\\/jornaldasoficinas.com\\\/pt\\\/sernauto-coordena-iniciativa-de-sensibilizacao-sobre-a-ecu\\\/\"]}]},{\"@type\":\"ImageObject\",\"inLanguage\":\"pt-PT\",\"@id\":\"https:\\\/\\\/jornaldasoficinas.com\\\/pt\\\/sernauto-coordena-iniciativa-de-sensibilizacao-sobre-a-ecu\\\/#primaryimage\",\"url\":\"https:\\\/\\\/jornaldasoficinas.com\\\/pt\\\/wp-content\\\/uploads\\\/2024\\\/02\\\/Sernauto-coordena-iniciativa-de-sensibilizacao-sobre-a-ECU.jpeg\",\"contentUrl\":\"https:\\\/\\\/jornaldasoficinas.com\\\/pt\\\/wp-content\\\/uploads\\\/2024\\\/02\\\/Sernauto-coordena-iniciativa-de-sensibilizacao-sobre-a-ECU.jpeg\",\"width\":1024,\"height\":581,\"caption\":\"Arabian male auto mechanic examining a car engine removed from car for repair with voltmeter. Electronic Control Unit (ECU) of modern electric car.\"},{\"@type\":\"BreadcrumbList\",\"@id\":\"https:\\\/\\\/jornaldasoficinas.com\\\/pt\\\/sernauto-coordena-iniciativa-de-sensibilizacao-sobre-a-ecu\\\/#breadcrumb\",\"itemListElement\":[{\"@type\":\"ListItem\",\"position\":1,\"name\":\"In\u00edcio\",\"item\":\"https:\\\/\\\/jornaldasoficinas.com\\\/pt\\\/\"},{\"@type\":\"ListItem\",\"position\":2,\"name\":\"Sernauto coordena iniciativa de sensibiliza\u00e7\u00e3o sobre a ECU\"}]},{\"@type\":\"WebSite\",\"@id\":\"https:\\\/\\\/jornaldasoficinas.com\\\/pt\\\/#website\",\"url\":\"https:\\\/\\\/jornaldasoficinas.com\\\/pt\\\/\",\"name\":\"Jornal das Oficinas\",\"description\":\"Jornal independente do Aftermarket Autom\u00f3vel em Portugal\",\"publisher\":{\"@id\":\"https:\\\/\\\/jornaldasoficinas.com\\\/pt\\\/#organization\"},\"potentialAction\":[{\"@type\":\"SearchAction\",\"target\":{\"@type\":\"EntryPoint\",\"urlTemplate\":\"https:\\\/\\\/jornaldasoficinas.com\\\/pt\\\/?s={search_term_string}\"},\"query-input\":{\"@type\":\"PropertyValueSpecification\",\"valueRequired\":true,\"valueName\":\"search_term_string\"}}],\"inLanguage\":\"pt-PT\"},{\"@type\":\"Organization\",\"@id\":\"https:\\\/\\\/jornaldasoficinas.com\\\/pt\\\/#organization\",\"name\":\"Jornal das Oficinas\",\"url\":\"https:\\\/\\\/jornaldasoficinas.com\\\/pt\\\/\",\"logo\":{\"@type\":\"ImageObject\",\"inLanguage\":\"pt-PT\",\"@id\":\"https:\\\/\\\/jornaldasoficinas.com\\\/pt\\\/#\\\/schema\\\/logo\\\/image\\\/\",\"url\":\"https:\\\/\\\/jornaldasoficinas.com\\\/pt\\\/wp-content\\\/uploads\\\/logoJO-SEO.png\",\"contentUrl\":\"https:\\\/\\\/jornaldasoficinas.com\\\/pt\\\/wp-content\\\/uploads\\\/logoJO-SEO.png\",\"width\":285,\"height\":450,\"caption\":\"Jornal das Oficinas\"},\"image\":{\"@id\":\"https:\\\/\\\/jornaldasoficinas.com\\\/pt\\\/#\\\/schema\\\/logo\\\/image\\\/\"},\"sameAs\":[\"https:\\\/\\\/www.facebook.com\\\/jornaloficinas\",\"https:\\\/\\\/x.com\\\/jornaloficinas\",\"https:\\\/\\\/www.instagram.com\\\/jornal_oficinas\\\/\",\"https:\\\/\\\/www.linkedin.com\\\/company\\\/jornal-das-oficinas\\\/\",\"https:\\\/\\\/www.youtube.com\\\/channel\\\/UCbQZBqtcvV-oSQrr7RzINGg\"]},{\"@type\":\"Person\",\"@id\":\"https:\\\/\\\/jornaldasoficinas.com\\\/pt\\\/#\\\/schema\\\/person\\\/a38eef5de2c41d9e7c9ac10141afddf3\",\"name\":\"Reda\u00e7\u00e3o JO\",\"image\":{\"@type\":\"ImageObject\",\"inLanguage\":\"pt-PT\",\"@id\":\"https:\\\/\\\/secure.gravatar.com\\\/avatar\\\/71f2fa71737ad68a84fea94bc708ddac8ea5b0c4788dc2ad202f3ccb2887742f?s=96&d=wp_user_avatar&r=g\",\"url\":\"https:\\\/\\\/secure.gravatar.com\\\/avatar\\\/71f2fa71737ad68a84fea94bc708ddac8ea5b0c4788dc2ad202f3ccb2887742f?s=96&d=wp_user_avatar&r=g\",\"contentUrl\":\"https:\\\/\\\/secure.gravatar.com\\\/avatar\\\/71f2fa71737ad68a84fea94bc708ddac8ea5b0c4788dc2ad202f3ccb2887742f?s=96&d=wp_user_avatar&r=g\",\"caption\":\"Reda\u00e7\u00e3o JO\"},\"url\":\"https:\\\/\\\/jornaldasoficinas.com\\\/pt\\\/author\\\/joredacao\\\/\"}]}<\/script>\n<!-- \/ Yoast SEO plugin. -->","yoast_head_json":{"title":"Sernauto coordena iniciativa de sensibiliza\u00e7\u00e3o sobre a ECU - Jornal das Oficinas","description":"A Sernauto reuniu com cerca de vinte fabricantes do setor do aftermarket com o objetivo de sensibilizarem as oficinas multimarcas sobre a ECU","robots":{"index":"index","follow":"follow","max-snippet":"max-snippet:-1","max-image-preview":"max-image-preview:large","max-video-preview":"max-video-preview:-1"},"canonical":"https:\/\/jornaldasoficinas.com\/pt\/sernauto-coordena-iniciativa-de-sensibilizacao-sobre-a-ecu\/","og_locale":"pt_PT","og_type":"article","og_title":"Sernauto coordena iniciativa de sensibiliza\u00e7\u00e3o sobre a ECU - Jornal das Oficinas","og_description":"A Sernauto reuniu com cerca de vinte fabricantes do setor do aftermarket com o objetivo de sensibilizarem as oficinas multimarcas sobre a ECU","og_url":"https:\/\/jornaldasoficinas.com\/pt\/sernauto-coordena-iniciativa-de-sensibilizacao-sobre-a-ecu\/","og_site_name":"Jornal das Oficinas","article_publisher":"https:\/\/www.facebook.com\/jornaloficinas","article_published_time":"2024-03-04T12:46:05+00:00","og_image":[{"width":1024,"height":581,"url":"https:\/\/jornaldasoficinas.com\/pt\/wp-content\/uploads\/2024\/02\/Sernauto-coordena-iniciativa-de-sensibilizacao-sobre-a-ECU.jpeg","type":"image\/jpeg"}],"author":"Reda\u00e7\u00e3o JO","twitter_card":"summary_large_image","twitter_creator":"@jornaloficinas","twitter_site":"@jornaloficinas","twitter_misc":{"Escrito por":"Reda\u00e7\u00e3o JO","Tempo estimado de leitura":"6 minutos"},"schema":{"@context":"https:\/\/schema.org","@graph":[{"@type":"Article","@id":"https:\/\/jornaldasoficinas.com\/pt\/sernauto-coordena-iniciativa-de-sensibilizacao-sobre-a-ecu\/#article","isPartOf":{"@id":"https:\/\/jornaldasoficinas.com\/pt\/sernauto-coordena-iniciativa-de-sensibilizacao-sobre-a-ecu\/"},"author":{"name":"Reda\u00e7\u00e3o JO","@id":"https:\/\/jornaldasoficinas.com\/pt\/#\/schema\/person\/a38eef5de2c41d9e7c9ac10141afddf3"},"headline":"Sernauto coordena iniciativa de sensibiliza\u00e7\u00e3o sobre a ECU","datePublished":"2024-03-04T12:46:05+00:00","mainEntityOfPage":{"@id":"https:\/\/jornaldasoficinas.com\/pt\/sernauto-coordena-iniciativa-de-sensibilizacao-sobre-a-ecu\/"},"wordCount":1029,"publisher":{"@id":"https:\/\/jornaldasoficinas.com\/pt\/#organization"},"image":{"@id":"https:\/\/jornaldasoficinas.com\/pt\/sernauto-coordena-iniciativa-de-sensibilizacao-sobre-a-ecu\/#primaryimage"},"thumbnailUrl":"https:\/\/jornaldasoficinas.com\/pt\/wp-content\/uploads\/2024\/02\/Sernauto-coordena-iniciativa-de-sensibilizacao-sobre-a-ECU.jpeg","keywords":["ECU","gest\u00e3o do motor","iniciativa","oficinas multimarcas","produtos autom\u00f3veis","Sernauto","vinte fabricantes"],"articleSection":["Mercado"],"inLanguage":"pt-PT"},{"@type":"WebPage","@id":"https:\/\/jornaldasoficinas.com\/pt\/sernauto-coordena-iniciativa-de-sensibilizacao-sobre-a-ecu\/","url":"https:\/\/jornaldasoficinas.com\/pt\/sernauto-coordena-iniciativa-de-sensibilizacao-sobre-a-ecu\/","name":"Sernauto coordena iniciativa de sensibiliza\u00e7\u00e3o sobre a ECU - Jornal das Oficinas","isPartOf":{"@id":"https:\/\/jornaldasoficinas.com\/pt\/#website"},"primaryImageOfPage":{"@id":"https:\/\/jornaldasoficinas.com\/pt\/sernauto-coordena-iniciativa-de-sensibilizacao-sobre-a-ecu\/#primaryimage"},"image":{"@id":"https:\/\/jornaldasoficinas.com\/pt\/sernauto-coordena-iniciativa-de-sensibilizacao-sobre-a-ecu\/#primaryimage"},"thumbnailUrl":"https:\/\/jornaldasoficinas.com\/pt\/wp-content\/uploads\/2024\/02\/Sernauto-coordena-iniciativa-de-sensibilizacao-sobre-a-ECU.jpeg","datePublished":"2024-03-04T12:46:05+00:00","description":"A Sernauto reuniu com cerca de vinte fabricantes do setor do aftermarket com o objetivo de sensibilizarem as oficinas multimarcas sobre a ECU","breadcrumb":{"@id":"https:\/\/jornaldasoficinas.com\/pt\/sernauto-coordena-iniciativa-de-sensibilizacao-sobre-a-ecu\/#breadcrumb"},"inLanguage":"pt-PT","potentialAction":[{"@type":"ReadAction","target":["https:\/\/jornaldasoficinas.com\/pt\/sernauto-coordena-iniciativa-de-sensibilizacao-sobre-a-ecu\/"]}]},{"@type":"ImageObject","inLanguage":"pt-PT","@id":"https:\/\/jornaldasoficinas.com\/pt\/sernauto-coordena-iniciativa-de-sensibilizacao-sobre-a-ecu\/#primaryimage","url":"https:\/\/jornaldasoficinas.com\/pt\/wp-content\/uploads\/2024\/02\/Sernauto-coordena-iniciativa-de-sensibilizacao-sobre-a-ECU.jpeg","contentUrl":"https:\/\/jornaldasoficinas.com\/pt\/wp-content\/uploads\/2024\/02\/Sernauto-coordena-iniciativa-de-sensibilizacao-sobre-a-ECU.jpeg","width":1024,"height":581,"caption":"Arabian male auto mechanic examining a car engine removed from car for repair with voltmeter. Electronic Control Unit (ECU) of modern electric car."},{"@type":"BreadcrumbList","@id":"https:\/\/jornaldasoficinas.com\/pt\/sernauto-coordena-iniciativa-de-sensibilizacao-sobre-a-ecu\/#breadcrumb","itemListElement":[{"@type":"ListItem","position":1,"name":"In\u00edcio","item":"https:\/\/jornaldasoficinas.com\/pt\/"},{"@type":"ListItem","position":2,"name":"Sernauto coordena iniciativa de sensibiliza\u00e7\u00e3o sobre a ECU"}]},{"@type":"WebSite","@id":"https:\/\/jornaldasoficinas.com\/pt\/#website","url":"https:\/\/jornaldasoficinas.com\/pt\/","name":"Jornal das Oficinas","description":"Jornal independente do Aftermarket Autom\u00f3vel em Portugal","publisher":{"@id":"https:\/\/jornaldasoficinas.com\/pt\/#organization"},"potentialAction":[{"@type":"SearchAction","target":{"@type":"EntryPoint","urlTemplate":"https:\/\/jornaldasoficinas.com\/pt\/?s={search_term_string}"},"query-input":{"@type":"PropertyValueSpecification","valueRequired":true,"valueName":"search_term_string"}}],"inLanguage":"pt-PT"},{"@type":"Organization","@id":"https:\/\/jornaldasoficinas.com\/pt\/#organization","name":"Jornal das Oficinas","url":"https:\/\/jornaldasoficinas.com\/pt\/","logo":{"@type":"ImageObject","inLanguage":"pt-PT","@id":"https:\/\/jornaldasoficinas.com\/pt\/#\/schema\/logo\/image\/","url":"https:\/\/jornaldasoficinas.com\/pt\/wp-content\/uploads\/logoJO-SEO.png","contentUrl":"https:\/\/jornaldasoficinas.com\/pt\/wp-content\/uploads\/logoJO-SEO.png","width":285,"height":450,"caption":"Jornal das Oficinas"},"image":{"@id":"https:\/\/jornaldasoficinas.com\/pt\/#\/schema\/logo\/image\/"},"sameAs":["https:\/\/www.facebook.com\/jornaloficinas","https:\/\/x.com\/jornaloficinas","https:\/\/www.instagram.com\/jornal_oficinas\/","https:\/\/www.linkedin.com\/company\/jornal-das-oficinas\/","https:\/\/www.youtube.com\/channel\/UCbQZBqtcvV-oSQrr7RzINGg"]},{"@type":"Person","@id":"https:\/\/jornaldasoficinas.com\/pt\/#\/schema\/person\/a38eef5de2c41d9e7c9ac10141afddf3","name":"Reda\u00e7\u00e3o JO","image":{"@type":"ImageObject","inLanguage":"pt-PT","@id":"https:\/\/secure.gravatar.com\/avatar\/71f2fa71737ad68a84fea94bc708ddac8ea5b0c4788dc2ad202f3ccb2887742f?s=96&d=wp_user_avatar&r=g","url":"https:\/\/secure.gravatar.com\/avatar\/71f2fa71737ad68a84fea94bc708ddac8ea5b0c4788dc2ad202f3ccb2887742f?s=96&d=wp_user_avatar&r=g","contentUrl":"https:\/\/secure.gravatar.com\/avatar\/71f2fa71737ad68a84fea94bc708ddac8ea5b0c4788dc2ad202f3ccb2887742f?s=96&d=wp_user_avatar&r=g","caption":"Reda\u00e7\u00e3o JO"},"url":"https:\/\/jornaldasoficinas.com\/pt\/author\/joredacao\/"}]}},"_links":{"self":[{"href":"https:\/\/jornaldasoficinas.com\/pt\/wp-json\/wp\/v2\/posts\/80121","targetHints":{"allow":["GET"]}}],"collection":[{"href":"https:\/\/jornaldasoficinas.com\/pt\/wp-json\/wp\/v2\/posts"}],"about":[{"href":"https:\/\/jornaldasoficinas.com\/pt\/wp-json\/wp\/v2\/types\/post"}],"author":[{"embeddable":true,"href":"https:\/\/jornaldasoficinas.com\/pt\/wp-json\/wp\/v2\/users\/15"}],"replies":[{"embeddable":true,"href":"https:\/\/jornaldasoficinas.com\/pt\/wp-json\/wp\/v2\/comments?post=80121"}],"version-history":[{"count":0,"href":"https:\/\/jornaldasoficinas.com\/pt\/wp-json\/wp\/v2\/posts\/80121\/revisions"}],"wp:featuredmedia":[{"embeddable":true,"href":"https:\/\/jornaldasoficinas.com\/pt\/wp-json\/wp\/v2\/media\/80137"}],"wp:attachment":[{"href":"https:\/\/jornaldasoficinas.com\/pt\/wp-json\/wp\/v2\/media?parent=80121"}],"wp:term":[{"taxonomy":"category","embeddable":true,"href":"https:\/\/jornaldasoficinas.com\/pt\/wp-json\/wp\/v2\/categories?post=80121"},{"taxonomy":"post_tag","embeddable":true,"href":"https:\/\/jornaldasoficinas.com\/pt\/wp-json\/wp\/v2\/tags?post=80121"}],"curies":[{"name":"wp","href":"https:\/\/api.w.org\/{rel}","templated":true}]}}