{"id":80201,"date":"2024-03-05T10:00:54","date_gmt":"2024-03-05T10:00:54","guid":{"rendered":"https:\/\/jornaldasoficinas.com\/pt\/?p=80201"},"modified":"2024-03-04T10:49:08","modified_gmt":"2024-03-04T10:49:08","slug":"alf-alcanca-700-mil-milhoes-em-financiamentos-e-creditos","status":"publish","type":"post","link":"https:\/\/jornaldasoficinas.com\/pt\/alf-alcanca-700-mil-milhoes-em-financiamentos-e-creditos\/","title":{"rendered":"ALF alcan\u00e7a 700 mil milh\u00f5es em financiamentos e cr\u00e9ditos"},"content":{"rendered":"<p><img loading=\"lazy\" decoding=\"async\" class=\"alignnone size-full wp-image-80224\" src=\"https:\/\/jornaldasoficinas.com\/pt\/wp-content\/uploads\/2024\/02\/ALF-alcanca-700-mil-milhoes-em-financiamentos-e-creditos.jpg\" alt=\"02 - ALF alcanca 700 mil milhoes em financiamentos e creditos\" width=\"1024\" height=\"581\" srcset=\"https:\/\/jornaldasoficinas.com\/pt\/wp-content\/uploads\/2024\/02\/ALF-alcanca-700-mil-milhoes-em-financiamentos-e-creditos.jpg 1024w, https:\/\/jornaldasoficinas.com\/pt\/wp-content\/uploads\/2024\/02\/ALF-alcanca-700-mil-milhoes-em-financiamentos-e-creditos-300x170.jpg 300w, https:\/\/jornaldasoficinas.com\/pt\/wp-content\/uploads\/2024\/02\/ALF-alcanca-700-mil-milhoes-em-financiamentos-e-creditos-150x85.jpg 150w, https:\/\/jornaldasoficinas.com\/pt\/wp-content\/uploads\/2024\/02\/ALF-alcanca-700-mil-milhoes-em-financiamentos-e-creditos-768x436.jpg 768w\" sizes=\"auto, (max-width: 1024px) 100vw, 1024px\" \/><\/p>\n<p><strong>A Associa\u00e7\u00e3o Portuguesa de Leasing, Factoring e Renting (<a href=\"https:\/\/alf.pt\/pt\" target=\"_blank\" rel=\"noopener\">ALF<\/a>), comemorou, no dia 28 de fevereiro, um percurso desenvolvido a par do apoio dos tr\u00eas produtos \u00e0 economia nacional ao longo das \u00faltimas d\u00e9cadas<\/strong><\/p>\n<p>A Associa\u00e7\u00e3o que representa, em Portugal, o leasing, factoring e renting, comemorou no dia 28 de fevereiro, os seus 40 anos de exist\u00eancia no setor do financiamento especializado.<\/p>\n<p>Num jantar comemorativo no Pal\u00e1cio Nacional de Queluz, a dire\u00e7\u00e3o da Associa\u00e7\u00e3o Portuguesa de Leasing, Factoring e Renting (ALF) relembrou o percurso iniciado em 1984 pela APELEASE, sete anos ap\u00f3s a publica\u00e7\u00e3o, pelo Governo de M\u00e1rio Soares, da Lei no 46\/1977, que permitiu a cria\u00e7\u00e3o das institui\u00e7\u00f5es parabanc\u00e1rias, entre outras, dando in\u00edcio \u00e0 loca\u00e7\u00e3o financeira no pa\u00eds.<\/p>\n<p>Atualmente com 25 institui\u00e7\u00f5es associadas, a ALF evoluiu para representar leasing e factoring, este \u00faltimo regulamentado dois anos ap\u00f3s a funda\u00e7\u00e3o, atrav\u00e9s do Decreto-Lei no 56\/1986, e poucos anos depois, surgia o renting em Portugal, que veio a aderir \u00e0 ALF em 2008. Nestes 40 anos, o Leasing financiou 100 mil milh\u00f5es de euros em investimentos mobili\u00e1rios e imobili\u00e1rios, o Factoring tomou 585 mil milh\u00f5es de euros em cr\u00e9ditos e o Renting adquiriu 508 mil viaturas ligeiras novas, no valor de 10,6 mil milh\u00f5es de euros.<\/p>\n<p>Lu\u00eds Augusto, presidente da ALF, lembrou que &#8220;no p\u00f3s-25 de Abril surgem estes novos tipos de produtos, que permitiram financiar as empresas e fam\u00edlias e os seus investimentos e tesourarias, de uma forma mais vantajosa, din\u00e2mica e adequada a cada realidade. A evolu\u00e7\u00e3o, diversidade e inova\u00e7\u00e3o dos produtos representados acompanha a evolu\u00e7\u00e3o econ\u00f3mica do pa\u00eds, fazendo a diferen\u00e7a para muitas empresas e fam\u00edlias. \u00c9 o trabalho que todos os Associados desenvolvem que permite este progresso e que no seu conjunto, s\u00e3o de uma riqueza inestim\u00e1vel para o progresso do pa\u00eds&#8221;.<\/p>\n<p>O presidente da ALF notou ainda que &#8220;num mundo cada vez mais concorrencial, o Leasing, o Factoring e o Renting s\u00e3o motores de desenvolvimento econ\u00f3mico e de promo\u00e7\u00e3o da concorr\u00eancia no financiamento da economia nacional. Cada vez mais, quando se colocam desafios como o da transi\u00e7\u00e3o energ\u00e9tica e aumento da competitividade do pa\u00eds, estes 3 produtos especializados t\u00eam um papel a cumprir no apoio \u00e0 economia portuguesa, \u00e0 semelhan\u00e7a do que acontece com as economias europeias mais ricas&#8221;.<\/p>\n<p>Nesta cerim\u00f3nia dos 40 anos, o Presidente da Rep\u00fablica salientou, por seu lado, o contributo da associa\u00e7\u00e3o para &#8220;o bem dos portugueses ao longo destes 40 anos&#8221;. Na mensagem-v\u00eddeo que remeteu alusiva \u00e0 comemora\u00e7\u00e3o, Marcelo Rebelo de Sousa adiantou: &#8220;em breve reconhecerei, galardoando quem, como v\u00f3s, merece ser condecorado pelo contributo constante de d\u00e9cadas a Portugal&#8221;.<\/p>\n<p><img loading=\"lazy\" decoding=\"async\" class=\"alignnone size-full wp-image-80223\" src=\"https:\/\/jornaldasoficinas.com\/pt\/wp-content\/uploads\/2024\/02\/ALF-alcanca-700-mil-milhoes-em-financiamentos-e-creditos-2.jpg\" alt=\"02 - ALF alcanca 700 mil milhoes em financiamentos e creditos 2\" width=\"1024\" height=\"581\" srcset=\"https:\/\/jornaldasoficinas.com\/pt\/wp-content\/uploads\/2024\/02\/ALF-alcanca-700-mil-milhoes-em-financiamentos-e-creditos-2.jpg 1024w, https:\/\/jornaldasoficinas.com\/pt\/wp-content\/uploads\/2024\/02\/ALF-alcanca-700-mil-milhoes-em-financiamentos-e-creditos-2-300x170.jpg 300w, https:\/\/jornaldasoficinas.com\/pt\/wp-content\/uploads\/2024\/02\/ALF-alcanca-700-mil-milhoes-em-financiamentos-e-creditos-2-150x85.jpg 150w, https:\/\/jornaldasoficinas.com\/pt\/wp-content\/uploads\/2024\/02\/ALF-alcanca-700-mil-milhoes-em-financiamentos-e-creditos-2-768x436.jpg 768w\" sizes=\"auto, (max-width: 1024px) 100vw, 1024px\" \/><\/p>\n","protected":false},"excerpt":{"rendered":"<p>A Associa\u00e7\u00e3o Portuguesa de Leasing, Factoring&#8230;<\/p>\n","protected":false},"author":15,"featured_media":80224,"comment_status":"closed","ping_status":"closed","sticky":false,"template":"","format":"standard","meta":{"footnotes":""},"categories":[29],"tags":[7770,7775,7773,1146,7772,7771,7774,1147],"class_list":["post-80201","post","type-post","status-publish","format-standard","has-post-thumbnail","hentry","category-empresas","tag-28-de-fevereiro","tag-40-anos","tag-700-mil-milhoes","tag-alf","tag-economia-nacional","tag-factoring-e-renting","tag-financiamentos-e-creditos","tag-leasing"],"yoast_head":"<!-- This site is optimized with the Yoast SEO plugin v27.4 - https:\/\/yoast.com\/product\/yoast-seo-wordpress\/ -->\n<title>ALF alcan\u00e7a 700 mil milh\u00f5es em financiamentos e cr\u00e9ditos - Jornal das Oficinas<\/title>\n<meta name=\"description\" content=\"A Associa\u00e7\u00e3o Portuguesa de Leasing, Factoring e Renting, comemorou no dia 28 de fevereiro, o percurso desenvolvido nas \u00faltimas d\u00e9cadas\" \/>\n<meta name=\"robots\" content=\"index, follow, max-snippet:-1, max-image-preview:large, max-video-preview:-1\" \/>\n<link rel=\"canonical\" href=\"https:\/\/jornaldasoficinas.com\/pt\/alf-alcanca-700-mil-milhoes-em-financiamentos-e-creditos\/\" \/>\n<meta property=\"og:locale\" content=\"pt_PT\" \/>\n<meta property=\"og:type\" content=\"article\" \/>\n<meta property=\"og:title\" content=\"ALF alcan\u00e7a 700 mil milh\u00f5es em financiamentos e cr\u00e9ditos - Jornal das Oficinas\" \/>\n<meta property=\"og:description\" content=\"A Associa\u00e7\u00e3o Portuguesa de Leasing, Factoring e Renting, comemorou no dia 28 de fevereiro, o percurso desenvolvido nas \u00faltimas d\u00e9cadas\" \/>\n<meta property=\"og:url\" content=\"https:\/\/jornaldasoficinas.com\/pt\/alf-alcanca-700-mil-milhoes-em-financiamentos-e-creditos\/\" \/>\n<meta property=\"og:site_name\" content=\"Jornal das Oficinas\" \/>\n<meta property=\"article:publisher\" content=\"https:\/\/www.facebook.com\/jornaloficinas\" \/>\n<meta property=\"article:published_time\" content=\"2024-03-05T10:00:54+00:00\" \/>\n<meta property=\"og:image\" content=\"https:\/\/jornaldasoficinas.com\/pt\/wp-content\/uploads\/2024\/02\/ALF-alcanca-700-mil-milhoes-em-financiamentos-e-creditos.jpg\" \/>\n\t<meta property=\"og:image:width\" content=\"1024\" \/>\n\t<meta property=\"og:image:height\" content=\"581\" \/>\n\t<meta property=\"og:image:type\" content=\"image\/jpeg\" \/>\n<meta name=\"author\" content=\"Reda\u00e7\u00e3o JO\" \/>\n<meta name=\"twitter:card\" content=\"summary_large_image\" \/>\n<meta name=\"twitter:creator\" content=\"@jornaloficinas\" \/>\n<meta name=\"twitter:site\" content=\"@jornaloficinas\" \/>\n<meta name=\"twitter:label1\" content=\"Escrito por\" \/>\n\t<meta name=\"twitter:data1\" content=\"Reda\u00e7\u00e3o JO\" \/>\n\t<meta name=\"twitter:label2\" content=\"Tempo estimado de leitura\" \/>\n\t<meta name=\"twitter:data2\" content=\"3 minutos\" \/>\n<script type=\"application\/ld+json\" class=\"yoast-schema-graph\">{\"@context\":\"https:\\\/\\\/schema.org\",\"@graph\":[{\"@type\":\"Article\",\"@id\":\"https:\\\/\\\/jornaldasoficinas.com\\\/pt\\\/alf-alcanca-700-mil-milhoes-em-financiamentos-e-creditos\\\/#article\",\"isPartOf\":{\"@id\":\"https:\\\/\\\/jornaldasoficinas.com\\\/pt\\\/alf-alcanca-700-mil-milhoes-em-financiamentos-e-creditos\\\/\"},\"author\":{\"name\":\"Reda\u00e7\u00e3o JO\",\"@id\":\"https:\\\/\\\/jornaldasoficinas.com\\\/pt\\\/#\\\/schema\\\/person\\\/a38eef5de2c41d9e7c9ac10141afddf3\"},\"headline\":\"ALF alcan\u00e7a 700 mil milh\u00f5es em financiamentos e cr\u00e9ditos\",\"datePublished\":\"2024-03-05T10:00:54+00:00\",\"mainEntityOfPage\":{\"@id\":\"https:\\\/\\\/jornaldasoficinas.com\\\/pt\\\/alf-alcanca-700-mil-milhoes-em-financiamentos-e-creditos\\\/\"},\"wordCount\":473,\"publisher\":{\"@id\":\"https:\\\/\\\/jornaldasoficinas.com\\\/pt\\\/#organization\"},\"image\":{\"@id\":\"https:\\\/\\\/jornaldasoficinas.com\\\/pt\\\/alf-alcanca-700-mil-milhoes-em-financiamentos-e-creditos\\\/#primaryimage\"},\"thumbnailUrl\":\"https:\\\/\\\/jornaldasoficinas.com\\\/pt\\\/wp-content\\\/uploads\\\/2024\\\/02\\\/ALF-alcanca-700-mil-milhoes-em-financiamentos-e-creditos.jpg\",\"keywords\":[\"28 de fevereiro\",\"40 anos\",\"700 mil milh\u00f5es\",\"ALF\",\"economia nacional\",\"Factoring e Renting\",\"financiamentos e cr\u00e9ditos\",\"Leasing\"],\"articleSection\":[\"Empresas\"],\"inLanguage\":\"pt-PT\"},{\"@type\":\"WebPage\",\"@id\":\"https:\\\/\\\/jornaldasoficinas.com\\\/pt\\\/alf-alcanca-700-mil-milhoes-em-financiamentos-e-creditos\\\/\",\"url\":\"https:\\\/\\\/jornaldasoficinas.com\\\/pt\\\/alf-alcanca-700-mil-milhoes-em-financiamentos-e-creditos\\\/\",\"name\":\"ALF alcan\u00e7a 700 mil milh\u00f5es em financiamentos e cr\u00e9ditos - Jornal das Oficinas\",\"isPartOf\":{\"@id\":\"https:\\\/\\\/jornaldasoficinas.com\\\/pt\\\/#website\"},\"primaryImageOfPage\":{\"@id\":\"https:\\\/\\\/jornaldasoficinas.com\\\/pt\\\/alf-alcanca-700-mil-milhoes-em-financiamentos-e-creditos\\\/#primaryimage\"},\"image\":{\"@id\":\"https:\\\/\\\/jornaldasoficinas.com\\\/pt\\\/alf-alcanca-700-mil-milhoes-em-financiamentos-e-creditos\\\/#primaryimage\"},\"thumbnailUrl\":\"https:\\\/\\\/jornaldasoficinas.com\\\/pt\\\/wp-content\\\/uploads\\\/2024\\\/02\\\/ALF-alcanca-700-mil-milhoes-em-financiamentos-e-creditos.jpg\",\"datePublished\":\"2024-03-05T10:00:54+00:00\",\"description\":\"A Associa\u00e7\u00e3o Portuguesa de Leasing, Factoring e Renting, comemorou no dia 28 de fevereiro, o percurso desenvolvido nas \u00faltimas d\u00e9cadas\",\"breadcrumb\":{\"@id\":\"https:\\\/\\\/jornaldasoficinas.com\\\/pt\\\/alf-alcanca-700-mil-milhoes-em-financiamentos-e-creditos\\\/#breadcrumb\"},\"inLanguage\":\"pt-PT\",\"potentialAction\":[{\"@type\":\"ReadAction\",\"target\":[\"https:\\\/\\\/jornaldasoficinas.com\\\/pt\\\/alf-alcanca-700-mil-milhoes-em-financiamentos-e-creditos\\\/\"]}]},{\"@type\":\"ImageObject\",\"inLanguage\":\"pt-PT\",\"@id\":\"https:\\\/\\\/jornaldasoficinas.com\\\/pt\\\/alf-alcanca-700-mil-milhoes-em-financiamentos-e-creditos\\\/#primaryimage\",\"url\":\"https:\\\/\\\/jornaldasoficinas.com\\\/pt\\\/wp-content\\\/uploads\\\/2024\\\/02\\\/ALF-alcanca-700-mil-milhoes-em-financiamentos-e-creditos.jpg\",\"contentUrl\":\"https:\\\/\\\/jornaldasoficinas.com\\\/pt\\\/wp-content\\\/uploads\\\/2024\\\/02\\\/ALF-alcanca-700-mil-milhoes-em-financiamentos-e-creditos.jpg\",\"width\":1024,\"height\":581,\"caption\":\"02 - ALF alcanca 700 mil milhoes em financiamentos e creditos\"},{\"@type\":\"BreadcrumbList\",\"@id\":\"https:\\\/\\\/jornaldasoficinas.com\\\/pt\\\/alf-alcanca-700-mil-milhoes-em-financiamentos-e-creditos\\\/#breadcrumb\",\"itemListElement\":[{\"@type\":\"ListItem\",\"position\":1,\"name\":\"In\u00edcio\",\"item\":\"https:\\\/\\\/jornaldasoficinas.com\\\/pt\\\/\"},{\"@type\":\"ListItem\",\"position\":2,\"name\":\"ALF alcan\u00e7a 700 mil milh\u00f5es em financiamentos e cr\u00e9ditos\"}]},{\"@type\":\"WebSite\",\"@id\":\"https:\\\/\\\/jornaldasoficinas.com\\\/pt\\\/#website\",\"url\":\"https:\\\/\\\/jornaldasoficinas.com\\\/pt\\\/\",\"name\":\"Jornal das Oficinas\",\"description\":\"Jornal independente do Aftermarket Autom\u00f3vel em Portugal\",\"publisher\":{\"@id\":\"https:\\\/\\\/jornaldasoficinas.com\\\/pt\\\/#organization\"},\"potentialAction\":[{\"@type\":\"SearchAction\",\"target\":{\"@type\":\"EntryPoint\",\"urlTemplate\":\"https:\\\/\\\/jornaldasoficinas.com\\\/pt\\\/?s={search_term_string}\"},\"query-input\":{\"@type\":\"PropertyValueSpecification\",\"valueRequired\":true,\"valueName\":\"search_term_string\"}}],\"inLanguage\":\"pt-PT\"},{\"@type\":\"Organization\",\"@id\":\"https:\\\/\\\/jornaldasoficinas.com\\\/pt\\\/#organization\",\"name\":\"Jornal das Oficinas\",\"url\":\"https:\\\/\\\/jornaldasoficinas.com\\\/pt\\\/\",\"logo\":{\"@type\":\"ImageObject\",\"inLanguage\":\"pt-PT\",\"@id\":\"https:\\\/\\\/jornaldasoficinas.com\\\/pt\\\/#\\\/schema\\\/logo\\\/image\\\/\",\"url\":\"https:\\\/\\\/jornaldasoficinas.com\\\/pt\\\/wp-content\\\/uploads\\\/logoJO-SEO.png\",\"contentUrl\":\"https:\\\/\\\/jornaldasoficinas.com\\\/pt\\\/wp-content\\\/uploads\\\/logoJO-SEO.png\",\"width\":285,\"height\":450,\"caption\":\"Jornal das Oficinas\"},\"image\":{\"@id\":\"https:\\\/\\\/jornaldasoficinas.com\\\/pt\\\/#\\\/schema\\\/logo\\\/image\\\/\"},\"sameAs\":[\"https:\\\/\\\/www.facebook.com\\\/jornaloficinas\",\"https:\\\/\\\/x.com\\\/jornaloficinas\",\"https:\\\/\\\/www.instagram.com\\\/jornal_oficinas\\\/\",\"https:\\\/\\\/www.linkedin.com\\\/company\\\/jornal-das-oficinas\\\/\",\"https:\\\/\\\/www.youtube.com\\\/channel\\\/UCbQZBqtcvV-oSQrr7RzINGg\"]},{\"@type\":\"Person\",\"@id\":\"https:\\\/\\\/jornaldasoficinas.com\\\/pt\\\/#\\\/schema\\\/person\\\/a38eef5de2c41d9e7c9ac10141afddf3\",\"name\":\"Reda\u00e7\u00e3o JO\",\"image\":{\"@type\":\"ImageObject\",\"inLanguage\":\"pt-PT\",\"@id\":\"https:\\\/\\\/secure.gravatar.com\\\/avatar\\\/71f2fa71737ad68a84fea94bc708ddac8ea5b0c4788dc2ad202f3ccb2887742f?s=96&d=wp_user_avatar&r=g\",\"url\":\"https:\\\/\\\/secure.gravatar.com\\\/avatar\\\/71f2fa71737ad68a84fea94bc708ddac8ea5b0c4788dc2ad202f3ccb2887742f?s=96&d=wp_user_avatar&r=g\",\"contentUrl\":\"https:\\\/\\\/secure.gravatar.com\\\/avatar\\\/71f2fa71737ad68a84fea94bc708ddac8ea5b0c4788dc2ad202f3ccb2887742f?s=96&d=wp_user_avatar&r=g\",\"caption\":\"Reda\u00e7\u00e3o JO\"},\"url\":\"https:\\\/\\\/jornaldasoficinas.com\\\/pt\\\/author\\\/joredacao\\\/\"}]}<\/script>\n<!-- \/ Yoast SEO plugin. -->","yoast_head_json":{"title":"ALF alcan\u00e7a 700 mil milh\u00f5es em financiamentos e cr\u00e9ditos - Jornal das Oficinas","description":"A Associa\u00e7\u00e3o Portuguesa de Leasing, Factoring e Renting, comemorou no dia 28 de fevereiro, o percurso desenvolvido nas \u00faltimas d\u00e9cadas","robots":{"index":"index","follow":"follow","max-snippet":"max-snippet:-1","max-image-preview":"max-image-preview:large","max-video-preview":"max-video-preview:-1"},"canonical":"https:\/\/jornaldasoficinas.com\/pt\/alf-alcanca-700-mil-milhoes-em-financiamentos-e-creditos\/","og_locale":"pt_PT","og_type":"article","og_title":"ALF alcan\u00e7a 700 mil milh\u00f5es em financiamentos e cr\u00e9ditos - Jornal das Oficinas","og_description":"A Associa\u00e7\u00e3o Portuguesa de Leasing, Factoring e Renting, comemorou no dia 28 de fevereiro, o percurso desenvolvido nas \u00faltimas d\u00e9cadas","og_url":"https:\/\/jornaldasoficinas.com\/pt\/alf-alcanca-700-mil-milhoes-em-financiamentos-e-creditos\/","og_site_name":"Jornal das Oficinas","article_publisher":"https:\/\/www.facebook.com\/jornaloficinas","article_published_time":"2024-03-05T10:00:54+00:00","og_image":[{"width":1024,"height":581,"url":"https:\/\/jornaldasoficinas.com\/pt\/wp-content\/uploads\/2024\/02\/ALF-alcanca-700-mil-milhoes-em-financiamentos-e-creditos.jpg","type":"image\/jpeg"}],"author":"Reda\u00e7\u00e3o JO","twitter_card":"summary_large_image","twitter_creator":"@jornaloficinas","twitter_site":"@jornaloficinas","twitter_misc":{"Escrito por":"Reda\u00e7\u00e3o JO","Tempo estimado de leitura":"3 minutos"},"schema":{"@context":"https:\/\/schema.org","@graph":[{"@type":"Article","@id":"https:\/\/jornaldasoficinas.com\/pt\/alf-alcanca-700-mil-milhoes-em-financiamentos-e-creditos\/#article","isPartOf":{"@id":"https:\/\/jornaldasoficinas.com\/pt\/alf-alcanca-700-mil-milhoes-em-financiamentos-e-creditos\/"},"author":{"name":"Reda\u00e7\u00e3o JO","@id":"https:\/\/jornaldasoficinas.com\/pt\/#\/schema\/person\/a38eef5de2c41d9e7c9ac10141afddf3"},"headline":"ALF alcan\u00e7a 700 mil milh\u00f5es em financiamentos e cr\u00e9ditos","datePublished":"2024-03-05T10:00:54+00:00","mainEntityOfPage":{"@id":"https:\/\/jornaldasoficinas.com\/pt\/alf-alcanca-700-mil-milhoes-em-financiamentos-e-creditos\/"},"wordCount":473,"publisher":{"@id":"https:\/\/jornaldasoficinas.com\/pt\/#organization"},"image":{"@id":"https:\/\/jornaldasoficinas.com\/pt\/alf-alcanca-700-mil-milhoes-em-financiamentos-e-creditos\/#primaryimage"},"thumbnailUrl":"https:\/\/jornaldasoficinas.com\/pt\/wp-content\/uploads\/2024\/02\/ALF-alcanca-700-mil-milhoes-em-financiamentos-e-creditos.jpg","keywords":["28 de fevereiro","40 anos","700 mil milh\u00f5es","ALF","economia nacional","Factoring e Renting","financiamentos e cr\u00e9ditos","Leasing"],"articleSection":["Empresas"],"inLanguage":"pt-PT"},{"@type":"WebPage","@id":"https:\/\/jornaldasoficinas.com\/pt\/alf-alcanca-700-mil-milhoes-em-financiamentos-e-creditos\/","url":"https:\/\/jornaldasoficinas.com\/pt\/alf-alcanca-700-mil-milhoes-em-financiamentos-e-creditos\/","name":"ALF alcan\u00e7a 700 mil milh\u00f5es em financiamentos e cr\u00e9ditos - Jornal das Oficinas","isPartOf":{"@id":"https:\/\/jornaldasoficinas.com\/pt\/#website"},"primaryImageOfPage":{"@id":"https:\/\/jornaldasoficinas.com\/pt\/alf-alcanca-700-mil-milhoes-em-financiamentos-e-creditos\/#primaryimage"},"image":{"@id":"https:\/\/jornaldasoficinas.com\/pt\/alf-alcanca-700-mil-milhoes-em-financiamentos-e-creditos\/#primaryimage"},"thumbnailUrl":"https:\/\/jornaldasoficinas.com\/pt\/wp-content\/uploads\/2024\/02\/ALF-alcanca-700-mil-milhoes-em-financiamentos-e-creditos.jpg","datePublished":"2024-03-05T10:00:54+00:00","description":"A Associa\u00e7\u00e3o Portuguesa de Leasing, Factoring e Renting, comemorou no dia 28 de fevereiro, o percurso desenvolvido nas \u00faltimas d\u00e9cadas","breadcrumb":{"@id":"https:\/\/jornaldasoficinas.com\/pt\/alf-alcanca-700-mil-milhoes-em-financiamentos-e-creditos\/#breadcrumb"},"inLanguage":"pt-PT","potentialAction":[{"@type":"ReadAction","target":["https:\/\/jornaldasoficinas.com\/pt\/alf-alcanca-700-mil-milhoes-em-financiamentos-e-creditos\/"]}]},{"@type":"ImageObject","inLanguage":"pt-PT","@id":"https:\/\/jornaldasoficinas.com\/pt\/alf-alcanca-700-mil-milhoes-em-financiamentos-e-creditos\/#primaryimage","url":"https:\/\/jornaldasoficinas.com\/pt\/wp-content\/uploads\/2024\/02\/ALF-alcanca-700-mil-milhoes-em-financiamentos-e-creditos.jpg","contentUrl":"https:\/\/jornaldasoficinas.com\/pt\/wp-content\/uploads\/2024\/02\/ALF-alcanca-700-mil-milhoes-em-financiamentos-e-creditos.jpg","width":1024,"height":581,"caption":"02 - ALF alcanca 700 mil milhoes em financiamentos e creditos"},{"@type":"BreadcrumbList","@id":"https:\/\/jornaldasoficinas.com\/pt\/alf-alcanca-700-mil-milhoes-em-financiamentos-e-creditos\/#breadcrumb","itemListElement":[{"@type":"ListItem","position":1,"name":"In\u00edcio","item":"https:\/\/jornaldasoficinas.com\/pt\/"},{"@type":"ListItem","position":2,"name":"ALF alcan\u00e7a 700 mil milh\u00f5es em financiamentos e cr\u00e9ditos"}]},{"@type":"WebSite","@id":"https:\/\/jornaldasoficinas.com\/pt\/#website","url":"https:\/\/jornaldasoficinas.com\/pt\/","name":"Jornal das Oficinas","description":"Jornal independente do Aftermarket Autom\u00f3vel em Portugal","publisher":{"@id":"https:\/\/jornaldasoficinas.com\/pt\/#organization"},"potentialAction":[{"@type":"SearchAction","target":{"@type":"EntryPoint","urlTemplate":"https:\/\/jornaldasoficinas.com\/pt\/?s={search_term_string}"},"query-input":{"@type":"PropertyValueSpecification","valueRequired":true,"valueName":"search_term_string"}}],"inLanguage":"pt-PT"},{"@type":"Organization","@id":"https:\/\/jornaldasoficinas.com\/pt\/#organization","name":"Jornal das Oficinas","url":"https:\/\/jornaldasoficinas.com\/pt\/","logo":{"@type":"ImageObject","inLanguage":"pt-PT","@id":"https:\/\/jornaldasoficinas.com\/pt\/#\/schema\/logo\/image\/","url":"https:\/\/jornaldasoficinas.com\/pt\/wp-content\/uploads\/logoJO-SEO.png","contentUrl":"https:\/\/jornaldasoficinas.com\/pt\/wp-content\/uploads\/logoJO-SEO.png","width":285,"height":450,"caption":"Jornal das Oficinas"},"image":{"@id":"https:\/\/jornaldasoficinas.com\/pt\/#\/schema\/logo\/image\/"},"sameAs":["https:\/\/www.facebook.com\/jornaloficinas","https:\/\/x.com\/jornaloficinas","https:\/\/www.instagram.com\/jornal_oficinas\/","https:\/\/www.linkedin.com\/company\/jornal-das-oficinas\/","https:\/\/www.youtube.com\/channel\/UCbQZBqtcvV-oSQrr7RzINGg"]},{"@type":"Person","@id":"https:\/\/jornaldasoficinas.com\/pt\/#\/schema\/person\/a38eef5de2c41d9e7c9ac10141afddf3","name":"Reda\u00e7\u00e3o JO","image":{"@type":"ImageObject","inLanguage":"pt-PT","@id":"https:\/\/secure.gravatar.com\/avatar\/71f2fa71737ad68a84fea94bc708ddac8ea5b0c4788dc2ad202f3ccb2887742f?s=96&d=wp_user_avatar&r=g","url":"https:\/\/secure.gravatar.com\/avatar\/71f2fa71737ad68a84fea94bc708ddac8ea5b0c4788dc2ad202f3ccb2887742f?s=96&d=wp_user_avatar&r=g","contentUrl":"https:\/\/secure.gravatar.com\/avatar\/71f2fa71737ad68a84fea94bc708ddac8ea5b0c4788dc2ad202f3ccb2887742f?s=96&d=wp_user_avatar&r=g","caption":"Reda\u00e7\u00e3o JO"},"url":"https:\/\/jornaldasoficinas.com\/pt\/author\/joredacao\/"}]}},"_links":{"self":[{"href":"https:\/\/jornaldasoficinas.com\/pt\/wp-json\/wp\/v2\/posts\/80201","targetHints":{"allow":["GET"]}}],"collection":[{"href":"https:\/\/jornaldasoficinas.com\/pt\/wp-json\/wp\/v2\/posts"}],"about":[{"href":"https:\/\/jornaldasoficinas.com\/pt\/wp-json\/wp\/v2\/types\/post"}],"author":[{"embeddable":true,"href":"https:\/\/jornaldasoficinas.com\/pt\/wp-json\/wp\/v2\/users\/15"}],"replies":[{"embeddable":true,"href":"https:\/\/jornaldasoficinas.com\/pt\/wp-json\/wp\/v2\/comments?post=80201"}],"version-history":[{"count":0,"href":"https:\/\/jornaldasoficinas.com\/pt\/wp-json\/wp\/v2\/posts\/80201\/revisions"}],"wp:featuredmedia":[{"embeddable":true,"href":"https:\/\/jornaldasoficinas.com\/pt\/wp-json\/wp\/v2\/media\/80224"}],"wp:attachment":[{"href":"https:\/\/jornaldasoficinas.com\/pt\/wp-json\/wp\/v2\/media?parent=80201"}],"wp:term":[{"taxonomy":"category","embeddable":true,"href":"https:\/\/jornaldasoficinas.com\/pt\/wp-json\/wp\/v2\/categories?post=80201"},{"taxonomy":"post_tag","embeddable":true,"href":"https:\/\/jornaldasoficinas.com\/pt\/wp-json\/wp\/v2\/tags?post=80201"}],"curies":[{"name":"wp","href":"https:\/\/api.w.org\/{rel}","templated":true}]}}