{"id":80301,"date":"2024-03-06T10:00:07","date_gmt":"2024-03-06T10:00:07","guid":{"rendered":"https:\/\/jornaldasoficinas.com\/pt\/?p=80301"},"modified":"2024-03-04T16:06:43","modified_gmt":"2024-03-04T16:06:43","slug":"acap-revela-crescimento-do-mercado-automovel-em-267","status":"publish","type":"post","link":"https:\/\/jornaldasoficinas.com\/pt\/acap-revela-crescimento-do-mercado-automovel-em-267\/","title":{"rendered":"ACAP revela crescimento do mercado autom\u00f3vel em 26,7%"},"content":{"rendered":"<p><img loading=\"lazy\" decoding=\"async\" class=\"size-full wp-image-80312\" src=\"https:\/\/jornaldasoficinas.com\/pt\/wp-content\/uploads\/2024\/03\/ACAP-revela-crescimento-do-mercado-automovel-em-267.jpg\" alt=\"03 - ACAP revela crescimento do mercado automovel em 267\" width=\"1024\" height=\"581\" srcset=\"https:\/\/jornaldasoficinas.com\/pt\/wp-content\/uploads\/2024\/03\/ACAP-revela-crescimento-do-mercado-automovel-em-267.jpg 1024w, https:\/\/jornaldasoficinas.com\/pt\/wp-content\/uploads\/2024\/03\/ACAP-revela-crescimento-do-mercado-automovel-em-267-300x170.jpg 300w, https:\/\/jornaldasoficinas.com\/pt\/wp-content\/uploads\/2024\/03\/ACAP-revela-crescimento-do-mercado-automovel-em-267-150x85.jpg 150w, https:\/\/jornaldasoficinas.com\/pt\/wp-content\/uploads\/2024\/03\/ACAP-revela-crescimento-do-mercado-automovel-em-267-768x436.jpg 768w\" sizes=\"auto, (max-width: 1024px) 100vw, 1024px\" \/><\/p>\n<p><strong>Os ve\u00edculos el\u00e9tricos (BEV) totalizaram 15,6% dos ve\u00edculos ligeiros de passageiros novos, segundo o estudo de mercado da <a href=\"https:\/\/www.acap.pt\/pt\/home\" target=\"_blank\" rel=\"noopener\">ACAP<\/a>\u00a0<\/strong><\/p>\n<p>Em termos globais, de janeiro a fevereiro de 2024, o mercado registou um crescimento de 17,5% face a igual per\u00edodo do ano anterior.<\/p>\n<p>Em fevereiro de 2024 foram matriculados em Portugal 23.454 ve\u00edculos autom\u00f3veis, ou seja, mais 26,7% que no mesmo m\u00eas de 2023. De janeiro a fevereiro de 2024, foram colocados em circula\u00e7\u00e3o 42.280 novos ve\u00edculos, o que representou um aumento de 17,5% relativamente ao mesmo per\u00edodo do ano anterior.<br \/>\nPor categorias e tipos de ve\u00edculos observou-se a seguinte evolu\u00e7\u00e3o do n\u00famero de unidades matriculadas no nosso pa\u00eds:<\/p>\n<p><strong>\u2022 Autom\u00f3veis Ligeiros de Passageiros:<\/strong> No m\u00eas de fevereiro de 2024 foram matriculados em Portugal 20.511 autom\u00f3veis ligeiros de passageiros novos, ou seja, mais 27,6% que no mesmo m\u00eas do ano de 2023.<\/p>\n<p>De janeiro a fevereiro de 2024 as matr\u00edculas de ve\u00edculos ligeiros de passageiros totalizaram 36.248 unidades, o que se traduziu numa varia\u00e7\u00e3o positiva de 18% relativamente a per\u00edodo hom\u00f3logo de 2023.<br \/>\nNo caso dos ve\u00edculos ligeiros de passageiros movidos a energias alternativas os dados s\u00e3o apresentados no gr\u00e1fico seguinte:<\/p>\n<p><img loading=\"lazy\" decoding=\"async\" class=\"alignnone size-full wp-image-80310\" src=\"https:\/\/jornaldasoficinas.com\/pt\/wp-content\/uploads\/2024\/03\/Matriculas-de-automoveis-ligeiros-copy.png\" alt=\"03 - Matriculas de automoveis ligeiros copy\" width=\"1024\" height=\"581\" srcset=\"https:\/\/jornaldasoficinas.com\/pt\/wp-content\/uploads\/2024\/03\/Matriculas-de-automoveis-ligeiros-copy.png 1024w, https:\/\/jornaldasoficinas.com\/pt\/wp-content\/uploads\/2024\/03\/Matriculas-de-automoveis-ligeiros-copy-300x170.png 300w, https:\/\/jornaldasoficinas.com\/pt\/wp-content\/uploads\/2024\/03\/Matriculas-de-automoveis-ligeiros-copy-150x85.png 150w, https:\/\/jornaldasoficinas.com\/pt\/wp-content\/uploads\/2024\/03\/Matriculas-de-automoveis-ligeiros-copy-768x436.png 768w\" sizes=\"auto, (max-width: 1024px) 100vw, 1024px\" \/><\/p>\n<p>De janeiro a fevereiro de 2024, 50,4% dos ve\u00edculos ligeiros de passageiros matriculados novos eram movidos a outros tipos de energia, nomeadamente el\u00e9ctricos e h\u00edbridos.<br \/>\nEm particular, verifica-se que 15,7% dos ve\u00edculos ligeiros de passageiros novos eram el\u00e9tricos. Reportando-nos apenas ao m\u00eas de fevereiro, o peso dos el\u00e9tricos foi de a 15,6% do mercado.<\/p>\n<p><strong>\u2022 Ligeiros de Mercadorias:<\/strong> O mercado de ligeiros de mercadorias registou, no segundo m\u00eas de 2024, uma evolu\u00e7\u00e3o positiva de 17,1% face ao m\u00eas hom\u00f3logo do ano anterior, situando-se em 2.385 unidades matriculadas.<br \/>\nEm termos acumulados, o mercado atingiu 4.748 unidades, o que representou um aumento de 12,5% face ao mesmo per\u00edodo do ano de 2023.<\/p>\n<p><strong>\u2022 Ve\u00edculos Pesados:<\/strong> Quanto ao mercado de ve\u00edculos pesados, o qual engloba os tipos de passageiros e de mercadorias, em fevereiro de 2024 verificou-se um aumento de 38,8% em rela\u00e7\u00e3o ao m\u00eas hom\u00f3logo de 2023, tendo sido comercializados 558 ve\u00edculos desta categoria.<br \/>\nNos dois meses de 2024 as matr\u00edculas desta categoria totalizaram 1.284 unidades, o que representou um aumento do mercado de 24,4% relativamente ao mesmo per\u00edodo de 2023.<\/p>\n","protected":false},"excerpt":{"rendered":"<p>Os ve\u00edculos el\u00e9tricos (BEV) totalizaram 15,6%&#8230;<\/p>\n","protected":false},"author":15,"featured_media":80312,"comment_status":"closed","ping_status":"closed","sticky":false,"template":"","format":"standard","meta":{"footnotes":""},"categories":[37],"tags":[7786,157,7785,6003,308,89,3494],"class_list":["post-80301","post","type-post","status-publish","format-standard","has-post-thumbnail","hentry","category-mercado","tag-7786","tag-acap","tag-crescimento-de-26","tag-estudo-de-mercado","tag-mercado-automovel","tag-veiculos-eletricos","tag-veiculos-ligeiros"],"yoast_head":"<!-- This site is optimized with the Yoast SEO plugin v27.4 - https:\/\/yoast.com\/product\/yoast-seo-wordpress\/ -->\n<title>ACAP revela crescimento do mercado autom\u00f3vel em 26,7% - Jornal das Oficinas<\/title>\n<meta name=\"description\" content=\"Os ve\u00edculos el\u00e9tricos (BEV) totalizaram 15,6% dos ve\u00edculos ligeiros de passageiros novos, segundo o estudo de mercado da ACAP\u00a0\" \/>\n<meta name=\"robots\" content=\"index, follow, max-snippet:-1, max-image-preview:large, max-video-preview:-1\" \/>\n<link rel=\"canonical\" href=\"https:\/\/jornaldasoficinas.com\/pt\/acap-revela-crescimento-do-mercado-automovel-em-267\/\" \/>\n<meta property=\"og:locale\" content=\"pt_PT\" \/>\n<meta property=\"og:type\" content=\"article\" \/>\n<meta property=\"og:title\" content=\"ACAP revela crescimento do mercado autom\u00f3vel em 26,7% - Jornal das Oficinas\" \/>\n<meta property=\"og:description\" content=\"Os ve\u00edculos el\u00e9tricos (BEV) totalizaram 15,6% dos ve\u00edculos ligeiros de passageiros novos, segundo o estudo de mercado da ACAP\u00a0\" \/>\n<meta property=\"og:url\" content=\"https:\/\/jornaldasoficinas.com\/pt\/acap-revela-crescimento-do-mercado-automovel-em-267\/\" \/>\n<meta property=\"og:site_name\" content=\"Jornal das Oficinas\" \/>\n<meta property=\"article:publisher\" content=\"https:\/\/www.facebook.com\/jornaloficinas\" \/>\n<meta property=\"article:published_time\" content=\"2024-03-06T10:00:07+00:00\" \/>\n<meta property=\"og:image\" content=\"https:\/\/jornaldasoficinas.com\/pt\/wp-content\/uploads\/2024\/03\/ACAP-revela-crescimento-do-mercado-automovel-em-267.jpg\" \/>\n\t<meta property=\"og:image:width\" content=\"1024\" \/>\n\t<meta property=\"og:image:height\" content=\"581\" \/>\n\t<meta property=\"og:image:type\" content=\"image\/jpeg\" \/>\n<meta name=\"author\" content=\"Reda\u00e7\u00e3o JO\" \/>\n<meta name=\"twitter:card\" content=\"summary_large_image\" \/>\n<meta name=\"twitter:creator\" content=\"@jornaloficinas\" \/>\n<meta name=\"twitter:site\" content=\"@jornaloficinas\" \/>\n<meta name=\"twitter:label1\" content=\"Escrito por\" \/>\n\t<meta name=\"twitter:data1\" content=\"Reda\u00e7\u00e3o JO\" \/>\n\t<meta name=\"twitter:label2\" content=\"Tempo estimado de leitura\" \/>\n\t<meta name=\"twitter:data2\" content=\"3 minutos\" \/>\n<script type=\"application\/ld+json\" class=\"yoast-schema-graph\">{\"@context\":\"https:\\\/\\\/schema.org\",\"@graph\":[{\"@type\":\"Article\",\"@id\":\"https:\\\/\\\/jornaldasoficinas.com\\\/pt\\\/acap-revela-crescimento-do-mercado-automovel-em-267\\\/#article\",\"isPartOf\":{\"@id\":\"https:\\\/\\\/jornaldasoficinas.com\\\/pt\\\/acap-revela-crescimento-do-mercado-automovel-em-267\\\/\"},\"author\":{\"name\":\"Reda\u00e7\u00e3o JO\",\"@id\":\"https:\\\/\\\/jornaldasoficinas.com\\\/pt\\\/#\\\/schema\\\/person\\\/a38eef5de2c41d9e7c9ac10141afddf3\"},\"headline\":\"ACAP revela crescimento do mercado autom\u00f3vel em 26,7%\",\"datePublished\":\"2024-03-06T10:00:07+00:00\",\"mainEntityOfPage\":{\"@id\":\"https:\\\/\\\/jornaldasoficinas.com\\\/pt\\\/acap-revela-crescimento-do-mercado-automovel-em-267\\\/\"},\"wordCount\":384,\"publisher\":{\"@id\":\"https:\\\/\\\/jornaldasoficinas.com\\\/pt\\\/#organization\"},\"image\":{\"@id\":\"https:\\\/\\\/jornaldasoficinas.com\\\/pt\\\/acap-revela-crescimento-do-mercado-automovel-em-267\\\/#primaryimage\"},\"thumbnailUrl\":\"https:\\\/\\\/jornaldasoficinas.com\\\/pt\\\/wp-content\\\/uploads\\\/2024\\\/03\\\/ACAP-revela-crescimento-do-mercado-automovel-em-267.jpg\",\"keywords\":[\"7%\",\"ACAP\",\"crescimento de 26\",\"Estudo de mercado\",\"Mercado Autom\u00f3vel\",\"Ve\u00edculos el\u00e9tricos\",\"Ve\u00edculos ligeiros\"],\"articleSection\":[\"Mercado\"],\"inLanguage\":\"pt-PT\"},{\"@type\":\"WebPage\",\"@id\":\"https:\\\/\\\/jornaldasoficinas.com\\\/pt\\\/acap-revela-crescimento-do-mercado-automovel-em-267\\\/\",\"url\":\"https:\\\/\\\/jornaldasoficinas.com\\\/pt\\\/acap-revela-crescimento-do-mercado-automovel-em-267\\\/\",\"name\":\"ACAP revela crescimento do mercado autom\u00f3vel em 26,7% - Jornal das Oficinas\",\"isPartOf\":{\"@id\":\"https:\\\/\\\/jornaldasoficinas.com\\\/pt\\\/#website\"},\"primaryImageOfPage\":{\"@id\":\"https:\\\/\\\/jornaldasoficinas.com\\\/pt\\\/acap-revela-crescimento-do-mercado-automovel-em-267\\\/#primaryimage\"},\"image\":{\"@id\":\"https:\\\/\\\/jornaldasoficinas.com\\\/pt\\\/acap-revela-crescimento-do-mercado-automovel-em-267\\\/#primaryimage\"},\"thumbnailUrl\":\"https:\\\/\\\/jornaldasoficinas.com\\\/pt\\\/wp-content\\\/uploads\\\/2024\\\/03\\\/ACAP-revela-crescimento-do-mercado-automovel-em-267.jpg\",\"datePublished\":\"2024-03-06T10:00:07+00:00\",\"description\":\"Os ve\u00edculos el\u00e9tricos (BEV) totalizaram 15,6% dos ve\u00edculos ligeiros de passageiros novos, segundo o estudo de mercado da ACAP\u00a0\",\"breadcrumb\":{\"@id\":\"https:\\\/\\\/jornaldasoficinas.com\\\/pt\\\/acap-revela-crescimento-do-mercado-automovel-em-267\\\/#breadcrumb\"},\"inLanguage\":\"pt-PT\",\"potentialAction\":[{\"@type\":\"ReadAction\",\"target\":[\"https:\\\/\\\/jornaldasoficinas.com\\\/pt\\\/acap-revela-crescimento-do-mercado-automovel-em-267\\\/\"]}]},{\"@type\":\"ImageObject\",\"inLanguage\":\"pt-PT\",\"@id\":\"https:\\\/\\\/jornaldasoficinas.com\\\/pt\\\/acap-revela-crescimento-do-mercado-automovel-em-267\\\/#primaryimage\",\"url\":\"https:\\\/\\\/jornaldasoficinas.com\\\/pt\\\/wp-content\\\/uploads\\\/2024\\\/03\\\/ACAP-revela-crescimento-do-mercado-automovel-em-267.jpg\",\"contentUrl\":\"https:\\\/\\\/jornaldasoficinas.com\\\/pt\\\/wp-content\\\/uploads\\\/2024\\\/03\\\/ACAP-revela-crescimento-do-mercado-automovel-em-267.jpg\",\"width\":1024,\"height\":581,\"caption\":\"Headlights of the new red car, in the car dealership\"},{\"@type\":\"BreadcrumbList\",\"@id\":\"https:\\\/\\\/jornaldasoficinas.com\\\/pt\\\/acap-revela-crescimento-do-mercado-automovel-em-267\\\/#breadcrumb\",\"itemListElement\":[{\"@type\":\"ListItem\",\"position\":1,\"name\":\"In\u00edcio\",\"item\":\"https:\\\/\\\/jornaldasoficinas.com\\\/pt\\\/\"},{\"@type\":\"ListItem\",\"position\":2,\"name\":\"ACAP revela crescimento do mercado autom\u00f3vel em 26,7%\"}]},{\"@type\":\"WebSite\",\"@id\":\"https:\\\/\\\/jornaldasoficinas.com\\\/pt\\\/#website\",\"url\":\"https:\\\/\\\/jornaldasoficinas.com\\\/pt\\\/\",\"name\":\"Jornal das Oficinas\",\"description\":\"Jornal independente do Aftermarket Autom\u00f3vel em Portugal\",\"publisher\":{\"@id\":\"https:\\\/\\\/jornaldasoficinas.com\\\/pt\\\/#organization\"},\"potentialAction\":[{\"@type\":\"SearchAction\",\"target\":{\"@type\":\"EntryPoint\",\"urlTemplate\":\"https:\\\/\\\/jornaldasoficinas.com\\\/pt\\\/?s={search_term_string}\"},\"query-input\":{\"@type\":\"PropertyValueSpecification\",\"valueRequired\":true,\"valueName\":\"search_term_string\"}}],\"inLanguage\":\"pt-PT\"},{\"@type\":\"Organization\",\"@id\":\"https:\\\/\\\/jornaldasoficinas.com\\\/pt\\\/#organization\",\"name\":\"Jornal das Oficinas\",\"url\":\"https:\\\/\\\/jornaldasoficinas.com\\\/pt\\\/\",\"logo\":{\"@type\":\"ImageObject\",\"inLanguage\":\"pt-PT\",\"@id\":\"https:\\\/\\\/jornaldasoficinas.com\\\/pt\\\/#\\\/schema\\\/logo\\\/image\\\/\",\"url\":\"https:\\\/\\\/jornaldasoficinas.com\\\/pt\\\/wp-content\\\/uploads\\\/logoJO-SEO.png\",\"contentUrl\":\"https:\\\/\\\/jornaldasoficinas.com\\\/pt\\\/wp-content\\\/uploads\\\/logoJO-SEO.png\",\"width\":285,\"height\":450,\"caption\":\"Jornal das Oficinas\"},\"image\":{\"@id\":\"https:\\\/\\\/jornaldasoficinas.com\\\/pt\\\/#\\\/schema\\\/logo\\\/image\\\/\"},\"sameAs\":[\"https:\\\/\\\/www.facebook.com\\\/jornaloficinas\",\"https:\\\/\\\/x.com\\\/jornaloficinas\",\"https:\\\/\\\/www.instagram.com\\\/jornal_oficinas\\\/\",\"https:\\\/\\\/www.linkedin.com\\\/company\\\/jornal-das-oficinas\\\/\",\"https:\\\/\\\/www.youtube.com\\\/channel\\\/UCbQZBqtcvV-oSQrr7RzINGg\"]},{\"@type\":\"Person\",\"@id\":\"https:\\\/\\\/jornaldasoficinas.com\\\/pt\\\/#\\\/schema\\\/person\\\/a38eef5de2c41d9e7c9ac10141afddf3\",\"name\":\"Reda\u00e7\u00e3o JO\",\"image\":{\"@type\":\"ImageObject\",\"inLanguage\":\"pt-PT\",\"@id\":\"https:\\\/\\\/secure.gravatar.com\\\/avatar\\\/71f2fa71737ad68a84fea94bc708ddac8ea5b0c4788dc2ad202f3ccb2887742f?s=96&d=wp_user_avatar&r=g\",\"url\":\"https:\\\/\\\/secure.gravatar.com\\\/avatar\\\/71f2fa71737ad68a84fea94bc708ddac8ea5b0c4788dc2ad202f3ccb2887742f?s=96&d=wp_user_avatar&r=g\",\"contentUrl\":\"https:\\\/\\\/secure.gravatar.com\\\/avatar\\\/71f2fa71737ad68a84fea94bc708ddac8ea5b0c4788dc2ad202f3ccb2887742f?s=96&d=wp_user_avatar&r=g\",\"caption\":\"Reda\u00e7\u00e3o JO\"},\"url\":\"https:\\\/\\\/jornaldasoficinas.com\\\/pt\\\/author\\\/joredacao\\\/\"}]}<\/script>\n<!-- \/ Yoast SEO plugin. -->","yoast_head_json":{"title":"ACAP revela crescimento do mercado autom\u00f3vel em 26,7% - Jornal das Oficinas","description":"Os ve\u00edculos el\u00e9tricos (BEV) totalizaram 15,6% dos ve\u00edculos ligeiros de passageiros novos, segundo o estudo de mercado da ACAP\u00a0","robots":{"index":"index","follow":"follow","max-snippet":"max-snippet:-1","max-image-preview":"max-image-preview:large","max-video-preview":"max-video-preview:-1"},"canonical":"https:\/\/jornaldasoficinas.com\/pt\/acap-revela-crescimento-do-mercado-automovel-em-267\/","og_locale":"pt_PT","og_type":"article","og_title":"ACAP revela crescimento do mercado autom\u00f3vel em 26,7% - Jornal das Oficinas","og_description":"Os ve\u00edculos el\u00e9tricos (BEV) totalizaram 15,6% dos ve\u00edculos ligeiros de passageiros novos, segundo o estudo de mercado da ACAP\u00a0","og_url":"https:\/\/jornaldasoficinas.com\/pt\/acap-revela-crescimento-do-mercado-automovel-em-267\/","og_site_name":"Jornal das Oficinas","article_publisher":"https:\/\/www.facebook.com\/jornaloficinas","article_published_time":"2024-03-06T10:00:07+00:00","og_image":[{"width":1024,"height":581,"url":"https:\/\/jornaldasoficinas.com\/pt\/wp-content\/uploads\/2024\/03\/ACAP-revela-crescimento-do-mercado-automovel-em-267.jpg","type":"image\/jpeg"}],"author":"Reda\u00e7\u00e3o JO","twitter_card":"summary_large_image","twitter_creator":"@jornaloficinas","twitter_site":"@jornaloficinas","twitter_misc":{"Escrito por":"Reda\u00e7\u00e3o JO","Tempo estimado de leitura":"3 minutos"},"schema":{"@context":"https:\/\/schema.org","@graph":[{"@type":"Article","@id":"https:\/\/jornaldasoficinas.com\/pt\/acap-revela-crescimento-do-mercado-automovel-em-267\/#article","isPartOf":{"@id":"https:\/\/jornaldasoficinas.com\/pt\/acap-revela-crescimento-do-mercado-automovel-em-267\/"},"author":{"name":"Reda\u00e7\u00e3o JO","@id":"https:\/\/jornaldasoficinas.com\/pt\/#\/schema\/person\/a38eef5de2c41d9e7c9ac10141afddf3"},"headline":"ACAP revela crescimento do mercado autom\u00f3vel em 26,7%","datePublished":"2024-03-06T10:00:07+00:00","mainEntityOfPage":{"@id":"https:\/\/jornaldasoficinas.com\/pt\/acap-revela-crescimento-do-mercado-automovel-em-267\/"},"wordCount":384,"publisher":{"@id":"https:\/\/jornaldasoficinas.com\/pt\/#organization"},"image":{"@id":"https:\/\/jornaldasoficinas.com\/pt\/acap-revela-crescimento-do-mercado-automovel-em-267\/#primaryimage"},"thumbnailUrl":"https:\/\/jornaldasoficinas.com\/pt\/wp-content\/uploads\/2024\/03\/ACAP-revela-crescimento-do-mercado-automovel-em-267.jpg","keywords":["7%","ACAP","crescimento de 26","Estudo de mercado","Mercado Autom\u00f3vel","Ve\u00edculos el\u00e9tricos","Ve\u00edculos ligeiros"],"articleSection":["Mercado"],"inLanguage":"pt-PT"},{"@type":"WebPage","@id":"https:\/\/jornaldasoficinas.com\/pt\/acap-revela-crescimento-do-mercado-automovel-em-267\/","url":"https:\/\/jornaldasoficinas.com\/pt\/acap-revela-crescimento-do-mercado-automovel-em-267\/","name":"ACAP revela crescimento do mercado autom\u00f3vel em 26,7% - Jornal das Oficinas","isPartOf":{"@id":"https:\/\/jornaldasoficinas.com\/pt\/#website"},"primaryImageOfPage":{"@id":"https:\/\/jornaldasoficinas.com\/pt\/acap-revela-crescimento-do-mercado-automovel-em-267\/#primaryimage"},"image":{"@id":"https:\/\/jornaldasoficinas.com\/pt\/acap-revela-crescimento-do-mercado-automovel-em-267\/#primaryimage"},"thumbnailUrl":"https:\/\/jornaldasoficinas.com\/pt\/wp-content\/uploads\/2024\/03\/ACAP-revela-crescimento-do-mercado-automovel-em-267.jpg","datePublished":"2024-03-06T10:00:07+00:00","description":"Os ve\u00edculos el\u00e9tricos (BEV) totalizaram 15,6% dos ve\u00edculos ligeiros de passageiros novos, segundo o estudo de mercado da ACAP\u00a0","breadcrumb":{"@id":"https:\/\/jornaldasoficinas.com\/pt\/acap-revela-crescimento-do-mercado-automovel-em-267\/#breadcrumb"},"inLanguage":"pt-PT","potentialAction":[{"@type":"ReadAction","target":["https:\/\/jornaldasoficinas.com\/pt\/acap-revela-crescimento-do-mercado-automovel-em-267\/"]}]},{"@type":"ImageObject","inLanguage":"pt-PT","@id":"https:\/\/jornaldasoficinas.com\/pt\/acap-revela-crescimento-do-mercado-automovel-em-267\/#primaryimage","url":"https:\/\/jornaldasoficinas.com\/pt\/wp-content\/uploads\/2024\/03\/ACAP-revela-crescimento-do-mercado-automovel-em-267.jpg","contentUrl":"https:\/\/jornaldasoficinas.com\/pt\/wp-content\/uploads\/2024\/03\/ACAP-revela-crescimento-do-mercado-automovel-em-267.jpg","width":1024,"height":581,"caption":"Headlights of the new red car, in the car dealership"},{"@type":"BreadcrumbList","@id":"https:\/\/jornaldasoficinas.com\/pt\/acap-revela-crescimento-do-mercado-automovel-em-267\/#breadcrumb","itemListElement":[{"@type":"ListItem","position":1,"name":"In\u00edcio","item":"https:\/\/jornaldasoficinas.com\/pt\/"},{"@type":"ListItem","position":2,"name":"ACAP revela crescimento do mercado autom\u00f3vel em 26,7%"}]},{"@type":"WebSite","@id":"https:\/\/jornaldasoficinas.com\/pt\/#website","url":"https:\/\/jornaldasoficinas.com\/pt\/","name":"Jornal das Oficinas","description":"Jornal independente do Aftermarket Autom\u00f3vel em Portugal","publisher":{"@id":"https:\/\/jornaldasoficinas.com\/pt\/#organization"},"potentialAction":[{"@type":"SearchAction","target":{"@type":"EntryPoint","urlTemplate":"https:\/\/jornaldasoficinas.com\/pt\/?s={search_term_string}"},"query-input":{"@type":"PropertyValueSpecification","valueRequired":true,"valueName":"search_term_string"}}],"inLanguage":"pt-PT"},{"@type":"Organization","@id":"https:\/\/jornaldasoficinas.com\/pt\/#organization","name":"Jornal das Oficinas","url":"https:\/\/jornaldasoficinas.com\/pt\/","logo":{"@type":"ImageObject","inLanguage":"pt-PT","@id":"https:\/\/jornaldasoficinas.com\/pt\/#\/schema\/logo\/image\/","url":"https:\/\/jornaldasoficinas.com\/pt\/wp-content\/uploads\/logoJO-SEO.png","contentUrl":"https:\/\/jornaldasoficinas.com\/pt\/wp-content\/uploads\/logoJO-SEO.png","width":285,"height":450,"caption":"Jornal das Oficinas"},"image":{"@id":"https:\/\/jornaldasoficinas.com\/pt\/#\/schema\/logo\/image\/"},"sameAs":["https:\/\/www.facebook.com\/jornaloficinas","https:\/\/x.com\/jornaloficinas","https:\/\/www.instagram.com\/jornal_oficinas\/","https:\/\/www.linkedin.com\/company\/jornal-das-oficinas\/","https:\/\/www.youtube.com\/channel\/UCbQZBqtcvV-oSQrr7RzINGg"]},{"@type":"Person","@id":"https:\/\/jornaldasoficinas.com\/pt\/#\/schema\/person\/a38eef5de2c41d9e7c9ac10141afddf3","name":"Reda\u00e7\u00e3o JO","image":{"@type":"ImageObject","inLanguage":"pt-PT","@id":"https:\/\/secure.gravatar.com\/avatar\/71f2fa71737ad68a84fea94bc708ddac8ea5b0c4788dc2ad202f3ccb2887742f?s=96&d=wp_user_avatar&r=g","url":"https:\/\/secure.gravatar.com\/avatar\/71f2fa71737ad68a84fea94bc708ddac8ea5b0c4788dc2ad202f3ccb2887742f?s=96&d=wp_user_avatar&r=g","contentUrl":"https:\/\/secure.gravatar.com\/avatar\/71f2fa71737ad68a84fea94bc708ddac8ea5b0c4788dc2ad202f3ccb2887742f?s=96&d=wp_user_avatar&r=g","caption":"Reda\u00e7\u00e3o JO"},"url":"https:\/\/jornaldasoficinas.com\/pt\/author\/joredacao\/"}]}},"_links":{"self":[{"href":"https:\/\/jornaldasoficinas.com\/pt\/wp-json\/wp\/v2\/posts\/80301","targetHints":{"allow":["GET"]}}],"collection":[{"href":"https:\/\/jornaldasoficinas.com\/pt\/wp-json\/wp\/v2\/posts"}],"about":[{"href":"https:\/\/jornaldasoficinas.com\/pt\/wp-json\/wp\/v2\/types\/post"}],"author":[{"embeddable":true,"href":"https:\/\/jornaldasoficinas.com\/pt\/wp-json\/wp\/v2\/users\/15"}],"replies":[{"embeddable":true,"href":"https:\/\/jornaldasoficinas.com\/pt\/wp-json\/wp\/v2\/comments?post=80301"}],"version-history":[{"count":0,"href":"https:\/\/jornaldasoficinas.com\/pt\/wp-json\/wp\/v2\/posts\/80301\/revisions"}],"wp:featuredmedia":[{"embeddable":true,"href":"https:\/\/jornaldasoficinas.com\/pt\/wp-json\/wp\/v2\/media\/80312"}],"wp:attachment":[{"href":"https:\/\/jornaldasoficinas.com\/pt\/wp-json\/wp\/v2\/media?parent=80301"}],"wp:term":[{"taxonomy":"category","embeddable":true,"href":"https:\/\/jornaldasoficinas.com\/pt\/wp-json\/wp\/v2\/categories?post=80301"},{"taxonomy":"post_tag","embeddable":true,"href":"https:\/\/jornaldasoficinas.com\/pt\/wp-json\/wp\/v2\/tags?post=80301"}],"curies":[{"name":"wp","href":"https:\/\/api.w.org\/{rel}","templated":true}]}}