{"id":80354,"date":"2024-03-07T10:00:49","date_gmt":"2024-03-07T10:00:49","guid":{"rendered":"https:\/\/jornaldasoficinas.com\/pt\/?p=80354"},"modified":"2024-03-05T18:25:30","modified_gmt":"2024-03-05T18:25:30","slug":"febi-reforca-portfolio-com-nova-gama-de-filtros","status":"publish","type":"post","link":"https:\/\/jornaldasoficinas.com\/pt\/febi-reforca-portfolio-com-nova-gama-de-filtros\/","title":{"rendered":"febi refor\u00e7a portf\u00f3lio com nova gama de filtros"},"content":{"rendered":"<p><img loading=\"lazy\" decoding=\"async\" class=\"alignnone size-full wp-image-80355\" src=\"https:\/\/jornaldasoficinas.com\/pt\/wp-content\/uploads\/2024\/03\/febi-reforca-portfolio-com-nova-gama-de-filtros-.jpg\" alt=\"03 - febi reforca portfolio com nova gama de filtros \" width=\"1024\" height=\"581\" srcset=\"https:\/\/jornaldasoficinas.com\/pt\/wp-content\/uploads\/2024\/03\/febi-reforca-portfolio-com-nova-gama-de-filtros-.jpg 1024w, https:\/\/jornaldasoficinas.com\/pt\/wp-content\/uploads\/2024\/03\/febi-reforca-portfolio-com-nova-gama-de-filtros--300x170.jpg 300w, https:\/\/jornaldasoficinas.com\/pt\/wp-content\/uploads\/2024\/03\/febi-reforca-portfolio-com-nova-gama-de-filtros--150x85.jpg 150w, https:\/\/jornaldasoficinas.com\/pt\/wp-content\/uploads\/2024\/03\/febi-reforca-portfolio-com-nova-gama-de-filtros--768x436.jpg 768w\" sizes=\"auto, (max-width: 1024px) 100vw, 1024px\" \/><\/p>\n<p><strong>A nova gama de filtros lan\u00e7ada pela <a href=\"https:\/\/www.febi.com\/pt\/\" target=\"_blank\" rel=\"noopener\">febi<\/a> promete otimizar o desempenho dos ve\u00edculos e com garantia de fiabilidade a longo prazo<\/strong><\/p>\n<p>A conhecida marca do <a href=\"https:\/\/bilsteingroup.com\/pt\/\" target=\"_blank\" rel=\"noopener\">bilstein group<\/a>, febi, lan\u00e7ou uma nova campanha para os seus filtros. Com um forte compromisso em entregar produtos de elevada qualidade, a mais recente campanha foca-se na introdu\u00e7\u00e3o de uma gama abrangente de filtros pensados para otimizar o desempenho dos ve\u00edculos e garantir a sua fiabilidade a longo prazo.<\/p>\n<p>&#8220;Desde filtros de \u00f3leo, ar e combust\u00edvel a filtros de habit\u00e1culo e transmiss\u00e3o, a febi tem a solu\u00e7\u00e3o de filtragem certa \u2013 e muito mais&#8221;, sublinha a marca.<\/p>\n<p>Com mais de 2100 componentes na gama all-makes, todos os ve\u00edculos populares nas estradas europeias est\u00e3o contemplados. Adicionalmente, a febi oferece uma vasta gama de filtros tais como filtros hidr\u00e1ulicos para Embraiagem Haldex, kits de manuten\u00e7\u00e3o e kits de manuten\u00e7\u00e3o da transmiss\u00e3o.<\/p>\n<p>A campanha de filtros febi refor\u00e7a a sua reputa\u00e7\u00e3o em produtos de qualidade oferecidos no aftermarket. Cada pe\u00e7a febi \u00e9 submetida a testes de qualidade intensivos e regulares e os filtros n\u00e3o s\u00e3o exce\u00e7\u00e3o, com todas as pe\u00e7as planeadas e fabricadas de acordo com os padr\u00f5es do equipamento original (OE).<\/p>\n<p>Al\u00e9m disso, a febi est\u00e1 constantemente a pesquisar e a adicionar novos produtos \u00e0 sua extensa gama, refor\u00e7ado a sua abordagem &#8220;Fast-to-Market&#8221;. Isto garante a disponibilidade de produtos para a mais recente tecnologia de motores e ve\u00edculos com excelente rigor e efici\u00eancia.<\/p>\n<p>Este novo foco destaca todos os benef\u00edcios e ilustra a vasta gama atrav\u00e9s de v\u00e1rios materiais de marketing, incluindo um flyer e uma anima\u00e7\u00e3o detalhada que mostra as especifica\u00e7\u00f5es dos materiais e fun\u00e7\u00f5es de todos os filtros da gama.<\/p>\n<p>A gama de filtros febi pode ser encontrada no partsfinder, o cat\u00e1logo de pe\u00e7as online do bilstein group, <a href=\"https:\/\/partsfinder.bilsteingroup.com\/\" target=\"_blank\" rel=\"noopener\"><strong>aqui<\/strong><\/a>.<\/p>\n","protected":false},"excerpt":{"rendered":"<p>A nova gama de filtros lan\u00e7ada&#8230;<\/p>\n","protected":false},"author":15,"featured_media":80355,"comment_status":"closed","ping_status":"closed","sticky":false,"template":"","format":"standard","meta":{"footnotes":""},"categories":[29],"tags":[1049,3131,626,7794,7795],"class_list":["post-80354","post","type-post","status-publish","format-standard","has-post-thumbnail","hentry","category-empresas","tag-bilstein-group-2","tag-campanha","tag-febi","tag-gama-de-filtros","tag-otimizacao-dos-veiculos"],"yoast_head":"<!-- This site is optimized with the Yoast SEO plugin v27.5 - https:\/\/yoast.com\/product\/yoast-seo-wordpress\/ -->\n<title>febi refor\u00e7a portf\u00f3lio com nova gama de filtros - Jornal das Oficinas<\/title>\n<meta name=\"description\" content=\"A nova gama de filtros lan\u00e7ada pela febi promete otimizar o desempenho dos ve\u00edculos e com garantia de fiabilidade a longo prazo\" \/>\n<meta name=\"robots\" content=\"index, follow, max-snippet:-1, max-image-preview:large, max-video-preview:-1\" \/>\n<link rel=\"canonical\" href=\"https:\/\/jornaldasoficinas.com\/pt\/febi-reforca-portfolio-com-nova-gama-de-filtros\/\" \/>\n<meta property=\"og:locale\" content=\"pt_PT\" \/>\n<meta property=\"og:type\" content=\"article\" \/>\n<meta property=\"og:title\" content=\"febi refor\u00e7a portf\u00f3lio com nova gama de filtros - Jornal das Oficinas\" \/>\n<meta property=\"og:description\" content=\"A nova gama de filtros lan\u00e7ada pela febi promete otimizar o desempenho dos ve\u00edculos e com garantia de fiabilidade a longo prazo\" \/>\n<meta property=\"og:url\" content=\"https:\/\/jornaldasoficinas.com\/pt\/febi-reforca-portfolio-com-nova-gama-de-filtros\/\" \/>\n<meta property=\"og:site_name\" content=\"Jornal das Oficinas\" \/>\n<meta property=\"article:publisher\" content=\"https:\/\/www.facebook.com\/jornaloficinas\" \/>\n<meta property=\"article:published_time\" content=\"2024-03-07T10:00:49+00:00\" \/>\n<meta property=\"og:image\" content=\"https:\/\/jornaldasoficinas.com\/pt\/wp-content\/uploads\/2024\/03\/febi-reforca-portfolio-com-nova-gama-de-filtros-.jpg\" \/>\n\t<meta property=\"og:image:width\" content=\"1024\" \/>\n\t<meta property=\"og:image:height\" content=\"581\" \/>\n\t<meta property=\"og:image:type\" content=\"image\/jpeg\" \/>\n<meta name=\"author\" content=\"Reda\u00e7\u00e3o JO\" \/>\n<meta name=\"twitter:card\" content=\"summary_large_image\" \/>\n<meta name=\"twitter:creator\" content=\"@jornaloficinas\" \/>\n<meta name=\"twitter:site\" content=\"@jornaloficinas\" \/>\n<meta name=\"twitter:label1\" content=\"Escrito por\" \/>\n\t<meta name=\"twitter:data1\" content=\"Reda\u00e7\u00e3o JO\" \/>\n\t<meta name=\"twitter:label2\" content=\"Tempo estimado de leitura\" \/>\n\t<meta name=\"twitter:data2\" content=\"3 minutos\" \/>\n<script type=\"application\/ld+json\" class=\"yoast-schema-graph\">{\"@context\":\"https:\\\/\\\/schema.org\",\"@graph\":[{\"@type\":\"Article\",\"@id\":\"https:\\\/\\\/jornaldasoficinas.com\\\/pt\\\/febi-reforca-portfolio-com-nova-gama-de-filtros\\\/#article\",\"isPartOf\":{\"@id\":\"https:\\\/\\\/jornaldasoficinas.com\\\/pt\\\/febi-reforca-portfolio-com-nova-gama-de-filtros\\\/\"},\"author\":{\"name\":\"Reda\u00e7\u00e3o JO\",\"@id\":\"https:\\\/\\\/jornaldasoficinas.com\\\/pt\\\/#\\\/schema\\\/person\\\/a38eef5de2c41d9e7c9ac10141afddf3\"},\"headline\":\"febi refor\u00e7a portf\u00f3lio com nova gama de filtros\",\"datePublished\":\"2024-03-07T10:00:49+00:00\",\"mainEntityOfPage\":{\"@id\":\"https:\\\/\\\/jornaldasoficinas.com\\\/pt\\\/febi-reforca-portfolio-com-nova-gama-de-filtros\\\/\"},\"wordCount\":336,\"publisher\":{\"@id\":\"https:\\\/\\\/jornaldasoficinas.com\\\/pt\\\/#organization\"},\"image\":{\"@id\":\"https:\\\/\\\/jornaldasoficinas.com\\\/pt\\\/febi-reforca-portfolio-com-nova-gama-de-filtros\\\/#primaryimage\"},\"thumbnailUrl\":\"https:\\\/\\\/jornaldasoficinas.com\\\/pt\\\/wp-content\\\/uploads\\\/2024\\\/03\\\/febi-reforca-portfolio-com-nova-gama-de-filtros-.jpg\",\"keywords\":[\"bilstein group\",\"Campanha\",\"febi\",\"gama de filtros\",\"otimiza\u00e7\u00e3o dos ve\u00edculos\"],\"articleSection\":[\"Empresas\"],\"inLanguage\":\"pt-PT\"},{\"@type\":\"WebPage\",\"@id\":\"https:\\\/\\\/jornaldasoficinas.com\\\/pt\\\/febi-reforca-portfolio-com-nova-gama-de-filtros\\\/\",\"url\":\"https:\\\/\\\/jornaldasoficinas.com\\\/pt\\\/febi-reforca-portfolio-com-nova-gama-de-filtros\\\/\",\"name\":\"febi refor\u00e7a portf\u00f3lio com nova gama de filtros - Jornal das Oficinas\",\"isPartOf\":{\"@id\":\"https:\\\/\\\/jornaldasoficinas.com\\\/pt\\\/#website\"},\"primaryImageOfPage\":{\"@id\":\"https:\\\/\\\/jornaldasoficinas.com\\\/pt\\\/febi-reforca-portfolio-com-nova-gama-de-filtros\\\/#primaryimage\"},\"image\":{\"@id\":\"https:\\\/\\\/jornaldasoficinas.com\\\/pt\\\/febi-reforca-portfolio-com-nova-gama-de-filtros\\\/#primaryimage\"},\"thumbnailUrl\":\"https:\\\/\\\/jornaldasoficinas.com\\\/pt\\\/wp-content\\\/uploads\\\/2024\\\/03\\\/febi-reforca-portfolio-com-nova-gama-de-filtros-.jpg\",\"datePublished\":\"2024-03-07T10:00:49+00:00\",\"description\":\"A nova gama de filtros lan\u00e7ada pela febi promete otimizar o desempenho dos ve\u00edculos e com garantia de fiabilidade a longo prazo\",\"breadcrumb\":{\"@id\":\"https:\\\/\\\/jornaldasoficinas.com\\\/pt\\\/febi-reforca-portfolio-com-nova-gama-de-filtros\\\/#breadcrumb\"},\"inLanguage\":\"pt-PT\",\"potentialAction\":[{\"@type\":\"ReadAction\",\"target\":[\"https:\\\/\\\/jornaldasoficinas.com\\\/pt\\\/febi-reforca-portfolio-com-nova-gama-de-filtros\\\/\"]}]},{\"@type\":\"ImageObject\",\"inLanguage\":\"pt-PT\",\"@id\":\"https:\\\/\\\/jornaldasoficinas.com\\\/pt\\\/febi-reforca-portfolio-com-nova-gama-de-filtros\\\/#primaryimage\",\"url\":\"https:\\\/\\\/jornaldasoficinas.com\\\/pt\\\/wp-content\\\/uploads\\\/2024\\\/03\\\/febi-reforca-portfolio-com-nova-gama-de-filtros-.jpg\",\"contentUrl\":\"https:\\\/\\\/jornaldasoficinas.com\\\/pt\\\/wp-content\\\/uploads\\\/2024\\\/03\\\/febi-reforca-portfolio-com-nova-gama-de-filtros-.jpg\",\"width\":1024,\"height\":581,\"caption\":\"03 - febi reforca portfolio com nova gama de filtros\"},{\"@type\":\"BreadcrumbList\",\"@id\":\"https:\\\/\\\/jornaldasoficinas.com\\\/pt\\\/febi-reforca-portfolio-com-nova-gama-de-filtros\\\/#breadcrumb\",\"itemListElement\":[{\"@type\":\"ListItem\",\"position\":1,\"name\":\"In\u00edcio\",\"item\":\"https:\\\/\\\/jornaldasoficinas.com\\\/pt\\\/\"},{\"@type\":\"ListItem\",\"position\":2,\"name\":\"febi refor\u00e7a portf\u00f3lio com nova gama de filtros\"}]},{\"@type\":\"WebSite\",\"@id\":\"https:\\\/\\\/jornaldasoficinas.com\\\/pt\\\/#website\",\"url\":\"https:\\\/\\\/jornaldasoficinas.com\\\/pt\\\/\",\"name\":\"Jornal das Oficinas\",\"description\":\"Jornal independente do Aftermarket Autom\u00f3vel em Portugal\",\"publisher\":{\"@id\":\"https:\\\/\\\/jornaldasoficinas.com\\\/pt\\\/#organization\"},\"potentialAction\":[{\"@type\":\"SearchAction\",\"target\":{\"@type\":\"EntryPoint\",\"urlTemplate\":\"https:\\\/\\\/jornaldasoficinas.com\\\/pt\\\/?s={search_term_string}\"},\"query-input\":{\"@type\":\"PropertyValueSpecification\",\"valueRequired\":true,\"valueName\":\"search_term_string\"}}],\"inLanguage\":\"pt-PT\"},{\"@type\":\"Organization\",\"@id\":\"https:\\\/\\\/jornaldasoficinas.com\\\/pt\\\/#organization\",\"name\":\"Jornal das Oficinas\",\"url\":\"https:\\\/\\\/jornaldasoficinas.com\\\/pt\\\/\",\"logo\":{\"@type\":\"ImageObject\",\"inLanguage\":\"pt-PT\",\"@id\":\"https:\\\/\\\/jornaldasoficinas.com\\\/pt\\\/#\\\/schema\\\/logo\\\/image\\\/\",\"url\":\"https:\\\/\\\/jornaldasoficinas.com\\\/pt\\\/wp-content\\\/uploads\\\/logoJO-SEO.png\",\"contentUrl\":\"https:\\\/\\\/jornaldasoficinas.com\\\/pt\\\/wp-content\\\/uploads\\\/logoJO-SEO.png\",\"width\":285,\"height\":450,\"caption\":\"Jornal das Oficinas\"},\"image\":{\"@id\":\"https:\\\/\\\/jornaldasoficinas.com\\\/pt\\\/#\\\/schema\\\/logo\\\/image\\\/\"},\"sameAs\":[\"https:\\\/\\\/www.facebook.com\\\/jornaloficinas\",\"https:\\\/\\\/x.com\\\/jornaloficinas\",\"https:\\\/\\\/www.instagram.com\\\/jornal_oficinas\\\/\",\"https:\\\/\\\/www.linkedin.com\\\/company\\\/jornal-das-oficinas\\\/\",\"https:\\\/\\\/www.youtube.com\\\/channel\\\/UCbQZBqtcvV-oSQrr7RzINGg\"]},{\"@type\":\"Person\",\"@id\":\"https:\\\/\\\/jornaldasoficinas.com\\\/pt\\\/#\\\/schema\\\/person\\\/a38eef5de2c41d9e7c9ac10141afddf3\",\"name\":\"Reda\u00e7\u00e3o JO\",\"image\":{\"@type\":\"ImageObject\",\"inLanguage\":\"pt-PT\",\"@id\":\"https:\\\/\\\/secure.gravatar.com\\\/avatar\\\/71f2fa71737ad68a84fea94bc708ddac8ea5b0c4788dc2ad202f3ccb2887742f?s=96&d=wp_user_avatar&r=g\",\"url\":\"https:\\\/\\\/secure.gravatar.com\\\/avatar\\\/71f2fa71737ad68a84fea94bc708ddac8ea5b0c4788dc2ad202f3ccb2887742f?s=96&d=wp_user_avatar&r=g\",\"contentUrl\":\"https:\\\/\\\/secure.gravatar.com\\\/avatar\\\/71f2fa71737ad68a84fea94bc708ddac8ea5b0c4788dc2ad202f3ccb2887742f?s=96&d=wp_user_avatar&r=g\",\"caption\":\"Reda\u00e7\u00e3o JO\"},\"url\":\"https:\\\/\\\/jornaldasoficinas.com\\\/pt\\\/author\\\/joredacao\\\/\"}]}<\/script>\n<!-- \/ Yoast SEO plugin. -->","yoast_head_json":{"title":"febi refor\u00e7a portf\u00f3lio com nova gama de filtros - Jornal das Oficinas","description":"A nova gama de filtros lan\u00e7ada pela febi promete otimizar o desempenho dos ve\u00edculos e com garantia de fiabilidade a longo prazo","robots":{"index":"index","follow":"follow","max-snippet":"max-snippet:-1","max-image-preview":"max-image-preview:large","max-video-preview":"max-video-preview:-1"},"canonical":"https:\/\/jornaldasoficinas.com\/pt\/febi-reforca-portfolio-com-nova-gama-de-filtros\/","og_locale":"pt_PT","og_type":"article","og_title":"febi refor\u00e7a portf\u00f3lio com nova gama de filtros - Jornal das Oficinas","og_description":"A nova gama de filtros lan\u00e7ada pela febi promete otimizar o desempenho dos ve\u00edculos e com garantia de fiabilidade a longo prazo","og_url":"https:\/\/jornaldasoficinas.com\/pt\/febi-reforca-portfolio-com-nova-gama-de-filtros\/","og_site_name":"Jornal das Oficinas","article_publisher":"https:\/\/www.facebook.com\/jornaloficinas","article_published_time":"2024-03-07T10:00:49+00:00","og_image":[{"width":1024,"height":581,"url":"https:\/\/jornaldasoficinas.com\/pt\/wp-content\/uploads\/2024\/03\/febi-reforca-portfolio-com-nova-gama-de-filtros-.jpg","type":"image\/jpeg"}],"author":"Reda\u00e7\u00e3o JO","twitter_card":"summary_large_image","twitter_creator":"@jornaloficinas","twitter_site":"@jornaloficinas","twitter_misc":{"Escrito por":"Reda\u00e7\u00e3o JO","Tempo estimado de leitura":"3 minutos"},"schema":{"@context":"https:\/\/schema.org","@graph":[{"@type":"Article","@id":"https:\/\/jornaldasoficinas.com\/pt\/febi-reforca-portfolio-com-nova-gama-de-filtros\/#article","isPartOf":{"@id":"https:\/\/jornaldasoficinas.com\/pt\/febi-reforca-portfolio-com-nova-gama-de-filtros\/"},"author":{"name":"Reda\u00e7\u00e3o JO","@id":"https:\/\/jornaldasoficinas.com\/pt\/#\/schema\/person\/a38eef5de2c41d9e7c9ac10141afddf3"},"headline":"febi refor\u00e7a portf\u00f3lio com nova gama de filtros","datePublished":"2024-03-07T10:00:49+00:00","mainEntityOfPage":{"@id":"https:\/\/jornaldasoficinas.com\/pt\/febi-reforca-portfolio-com-nova-gama-de-filtros\/"},"wordCount":336,"publisher":{"@id":"https:\/\/jornaldasoficinas.com\/pt\/#organization"},"image":{"@id":"https:\/\/jornaldasoficinas.com\/pt\/febi-reforca-portfolio-com-nova-gama-de-filtros\/#primaryimage"},"thumbnailUrl":"https:\/\/jornaldasoficinas.com\/pt\/wp-content\/uploads\/2024\/03\/febi-reforca-portfolio-com-nova-gama-de-filtros-.jpg","keywords":["bilstein group","Campanha","febi","gama de filtros","otimiza\u00e7\u00e3o dos ve\u00edculos"],"articleSection":["Empresas"],"inLanguage":"pt-PT"},{"@type":"WebPage","@id":"https:\/\/jornaldasoficinas.com\/pt\/febi-reforca-portfolio-com-nova-gama-de-filtros\/","url":"https:\/\/jornaldasoficinas.com\/pt\/febi-reforca-portfolio-com-nova-gama-de-filtros\/","name":"febi refor\u00e7a portf\u00f3lio com nova gama de filtros - Jornal das Oficinas","isPartOf":{"@id":"https:\/\/jornaldasoficinas.com\/pt\/#website"},"primaryImageOfPage":{"@id":"https:\/\/jornaldasoficinas.com\/pt\/febi-reforca-portfolio-com-nova-gama-de-filtros\/#primaryimage"},"image":{"@id":"https:\/\/jornaldasoficinas.com\/pt\/febi-reforca-portfolio-com-nova-gama-de-filtros\/#primaryimage"},"thumbnailUrl":"https:\/\/jornaldasoficinas.com\/pt\/wp-content\/uploads\/2024\/03\/febi-reforca-portfolio-com-nova-gama-de-filtros-.jpg","datePublished":"2024-03-07T10:00:49+00:00","description":"A nova gama de filtros lan\u00e7ada pela febi promete otimizar o desempenho dos ve\u00edculos e com garantia de fiabilidade a longo prazo","breadcrumb":{"@id":"https:\/\/jornaldasoficinas.com\/pt\/febi-reforca-portfolio-com-nova-gama-de-filtros\/#breadcrumb"},"inLanguage":"pt-PT","potentialAction":[{"@type":"ReadAction","target":["https:\/\/jornaldasoficinas.com\/pt\/febi-reforca-portfolio-com-nova-gama-de-filtros\/"]}]},{"@type":"ImageObject","inLanguage":"pt-PT","@id":"https:\/\/jornaldasoficinas.com\/pt\/febi-reforca-portfolio-com-nova-gama-de-filtros\/#primaryimage","url":"https:\/\/jornaldasoficinas.com\/pt\/wp-content\/uploads\/2024\/03\/febi-reforca-portfolio-com-nova-gama-de-filtros-.jpg","contentUrl":"https:\/\/jornaldasoficinas.com\/pt\/wp-content\/uploads\/2024\/03\/febi-reforca-portfolio-com-nova-gama-de-filtros-.jpg","width":1024,"height":581,"caption":"03 - febi reforca portfolio com nova gama de filtros"},{"@type":"BreadcrumbList","@id":"https:\/\/jornaldasoficinas.com\/pt\/febi-reforca-portfolio-com-nova-gama-de-filtros\/#breadcrumb","itemListElement":[{"@type":"ListItem","position":1,"name":"In\u00edcio","item":"https:\/\/jornaldasoficinas.com\/pt\/"},{"@type":"ListItem","position":2,"name":"febi refor\u00e7a portf\u00f3lio com nova gama de filtros"}]},{"@type":"WebSite","@id":"https:\/\/jornaldasoficinas.com\/pt\/#website","url":"https:\/\/jornaldasoficinas.com\/pt\/","name":"Jornal das Oficinas","description":"Jornal independente do Aftermarket Autom\u00f3vel em Portugal","publisher":{"@id":"https:\/\/jornaldasoficinas.com\/pt\/#organization"},"potentialAction":[{"@type":"SearchAction","target":{"@type":"EntryPoint","urlTemplate":"https:\/\/jornaldasoficinas.com\/pt\/?s={search_term_string}"},"query-input":{"@type":"PropertyValueSpecification","valueRequired":true,"valueName":"search_term_string"}}],"inLanguage":"pt-PT"},{"@type":"Organization","@id":"https:\/\/jornaldasoficinas.com\/pt\/#organization","name":"Jornal das Oficinas","url":"https:\/\/jornaldasoficinas.com\/pt\/","logo":{"@type":"ImageObject","inLanguage":"pt-PT","@id":"https:\/\/jornaldasoficinas.com\/pt\/#\/schema\/logo\/image\/","url":"https:\/\/jornaldasoficinas.com\/pt\/wp-content\/uploads\/logoJO-SEO.png","contentUrl":"https:\/\/jornaldasoficinas.com\/pt\/wp-content\/uploads\/logoJO-SEO.png","width":285,"height":450,"caption":"Jornal das Oficinas"},"image":{"@id":"https:\/\/jornaldasoficinas.com\/pt\/#\/schema\/logo\/image\/"},"sameAs":["https:\/\/www.facebook.com\/jornaloficinas","https:\/\/x.com\/jornaloficinas","https:\/\/www.instagram.com\/jornal_oficinas\/","https:\/\/www.linkedin.com\/company\/jornal-das-oficinas\/","https:\/\/www.youtube.com\/channel\/UCbQZBqtcvV-oSQrr7RzINGg"]},{"@type":"Person","@id":"https:\/\/jornaldasoficinas.com\/pt\/#\/schema\/person\/a38eef5de2c41d9e7c9ac10141afddf3","name":"Reda\u00e7\u00e3o JO","image":{"@type":"ImageObject","inLanguage":"pt-PT","@id":"https:\/\/secure.gravatar.com\/avatar\/71f2fa71737ad68a84fea94bc708ddac8ea5b0c4788dc2ad202f3ccb2887742f?s=96&d=wp_user_avatar&r=g","url":"https:\/\/secure.gravatar.com\/avatar\/71f2fa71737ad68a84fea94bc708ddac8ea5b0c4788dc2ad202f3ccb2887742f?s=96&d=wp_user_avatar&r=g","contentUrl":"https:\/\/secure.gravatar.com\/avatar\/71f2fa71737ad68a84fea94bc708ddac8ea5b0c4788dc2ad202f3ccb2887742f?s=96&d=wp_user_avatar&r=g","caption":"Reda\u00e7\u00e3o JO"},"url":"https:\/\/jornaldasoficinas.com\/pt\/author\/joredacao\/"}]}},"_links":{"self":[{"href":"https:\/\/jornaldasoficinas.com\/pt\/wp-json\/wp\/v2\/posts\/80354","targetHints":{"allow":["GET"]}}],"collection":[{"href":"https:\/\/jornaldasoficinas.com\/pt\/wp-json\/wp\/v2\/posts"}],"about":[{"href":"https:\/\/jornaldasoficinas.com\/pt\/wp-json\/wp\/v2\/types\/post"}],"author":[{"embeddable":true,"href":"https:\/\/jornaldasoficinas.com\/pt\/wp-json\/wp\/v2\/users\/15"}],"replies":[{"embeddable":true,"href":"https:\/\/jornaldasoficinas.com\/pt\/wp-json\/wp\/v2\/comments?post=80354"}],"version-history":[{"count":0,"href":"https:\/\/jornaldasoficinas.com\/pt\/wp-json\/wp\/v2\/posts\/80354\/revisions"}],"wp:featuredmedia":[{"embeddable":true,"href":"https:\/\/jornaldasoficinas.com\/pt\/wp-json\/wp\/v2\/media\/80355"}],"wp:attachment":[{"href":"https:\/\/jornaldasoficinas.com\/pt\/wp-json\/wp\/v2\/media?parent=80354"}],"wp:term":[{"taxonomy":"category","embeddable":true,"href":"https:\/\/jornaldasoficinas.com\/pt\/wp-json\/wp\/v2\/categories?post=80354"},{"taxonomy":"post_tag","embeddable":true,"href":"https:\/\/jornaldasoficinas.com\/pt\/wp-json\/wp\/v2\/tags?post=80354"}],"curies":[{"name":"wp","href":"https:\/\/api.w.org\/{rel}","templated":true}]}}