{"id":81115,"date":"2024-03-19T10:00:41","date_gmt":"2024-03-19T10:00:41","guid":{"rendered":"https:\/\/jornaldasoficinas.com\/pt\/?p=81115"},"modified":"2024-03-18T17:55:20","modified_gmt":"2024-03-18T17:55:20","slug":"mann-filter-destaca-importancia-de-proteger-as-baterias-dos-ve","status":"publish","type":"post","link":"https:\/\/jornaldasoficinas.com\/pt\/mann-filter-destaca-importancia-de-proteger-as-baterias-dos-ve\/","title":{"rendered":"MANN-FILTER destaca import\u00e2ncia de proteger as baterias dos VE"},"content":{"rendered":"<p><img loading=\"lazy\" decoding=\"async\" class=\"alignnone size-full wp-image-81118\" src=\"https:\/\/jornaldasoficinas.com\/pt\/wp-content\/uploads\/2024\/03\/MANN-FILTER-explica-como-proteger-as-baterias-dos-VE.jpg\" alt=\"03 - MANN FILTER explica como proteger as baterias dos VE\" width=\"1024\" height=\"581\" srcset=\"https:\/\/jornaldasoficinas.com\/pt\/wp-content\/uploads\/2024\/03\/MANN-FILTER-explica-como-proteger-as-baterias-dos-VE.jpg 1024w, https:\/\/jornaldasoficinas.com\/pt\/wp-content\/uploads\/2024\/03\/MANN-FILTER-explica-como-proteger-as-baterias-dos-VE-300x170.jpg 300w, https:\/\/jornaldasoficinas.com\/pt\/wp-content\/uploads\/2024\/03\/MANN-FILTER-explica-como-proteger-as-baterias-dos-VE-150x85.jpg 150w, https:\/\/jornaldasoficinas.com\/pt\/wp-content\/uploads\/2024\/03\/MANN-FILTER-explica-como-proteger-as-baterias-dos-VE-768x436.jpg 768w\" sizes=\"auto, (max-width: 1024px) 100vw, 1024px\" \/><\/p>\n<p><strong>Para o bom funcionamento das baterias de alta tens\u00e3o, que s\u00e3o o &#8220;cora\u00e7\u00e3o&#8221; da mobilidade el\u00e9trica, a <a href=\"https:\/\/www.mann-filter.com\/en.html\">MANN-FILTER<\/a> destaca a necessidade de prote\u00e7\u00e3o atrav\u00e9s de unidades de ventila\u00e7\u00e3o<\/strong><\/p>\n<p>Quando falamos nas baterias dos ve\u00edculos el\u00e9tricos pensamos logo numa pe\u00e7a \u00fanica quando, na realidade, se trata de um sistema complexo composto por centenas ou mesmo milhares de c\u00e9lulas que, juntas, criam os m\u00f3dulos e estes, por sua vez, formam aquilo que chamamos de bateria.<\/p>\n<p>&#8220;As baterias ou \u201cpacote de baterias\u201d n\u00e3o s\u00e3o compartimentos estanques, possuem janelas que servem para compensar as diferen\u00e7as de press\u00e3o causadas por diversas temperaturas ou mudan\u00e7as de altitude &#8211; por exemplo, numa viagem \u00e0s montanha ou a\u00e9rea -, bem como pelos gases gerados pela pr\u00f3pria bateria durante o seu funcionamento&#8221;, explicou a MANN+HUMMEL Ib\u00e9rica.<\/p>\n<p>&#8220;Estas &#8220;janelas&#8221; devem ser devidamente protegidas para evitar a entrada de sujidade ou humidade, e \u00e9 aqui que surgem as unidades de ventila\u00e7\u00e3o e de desgaseifica\u00e7\u00e3o&#8221;, continua a MANN+HUMMEL.<\/p>\n<p>Al\u00e9m disso, salienta que \u201ca fun\u00e7\u00e3o destes dispositivos \u00e9 a de proteger a caixa da bateria por meio de compensa\u00e7\u00e3o permanente da press\u00e3o, devido \u00e0s diferen\u00e7as de temperatura ou varia\u00e7\u00f5es de altitude&#8221;.<\/p>\n<p>Como tamb\u00e9m, &#8220;garantir que o p\u00f3 e \u00e1gua estejam vedados, para proteger o sistema da bateria em caso de passagem de \u00e1gua, jato de vapor ou limpeza a alta press\u00e3o; prote\u00e7\u00e3o de contato, impedindo o acesso a componentes de alta tens\u00e3o mesmo ap\u00f3s inc\u00eandio; bem como, a desgaseifica\u00e7\u00e3o autom\u00e1tica de emerg\u00eancia em caso de mau funcionamento da bateria, por exemplo, a desgaseifica\u00e7\u00e3o de c\u00e9lulas&#8221;, acrescenta.<\/p>\n<p>Este \u00faltimo ponto merece especial aten\u00e7\u00e3o, &#8220;por ser um mecanismo de seguran\u00e7a para situa\u00e7\u00f5es extremas em que a bateria come\u00e7a a sobreaquecer ou a degradar-se, permitindo uma r\u00e1pida perda de press\u00e3o e temperatura para evitar danificar as c\u00e9lulas que comp\u00f5em a bateria e levando a evitar, se for caso disso, potenciais inc\u00eandios ou explos\u00f5es&#8221;, esclarece.<\/p>\n<p>H\u00e1 mais de um ano, a f\u00e1brica de Sarago\u00e7a do Grupo MANN+HUMMEL fabrica estes dispositivos para toda a Europa.<\/p>\n<p>&#8220;O Grupo escolheu a nossa f\u00e1brica em Sarago\u00e7a com base na qualidade da linha de produ\u00e7\u00e3o, com grandes instala\u00e7\u00f5es equipadas com a mais recente tecnologia, na localiza\u00e7\u00e3o estrat\u00e9gica, bem como, no conhecimento e experi\u00eancia do pessoal&#8221;, explicou Claudia Fern\u00e1ndez, Gerente de Processos na MANN+HUMMEL em Espanha.<\/p>\n<p>&#8220;Atualmente, temos capacidade para produzir 4,4 milh\u00f5es de unidades de ventila\u00e7\u00e3o por ano, e ao final de 2024 teremos duas novas linhas que v\u00e3o ampliar a nossa capacidade de produ\u00e7\u00e3o para 6,5 milh\u00f5es de unidades por ano&#8221;, remata.<\/p>\n","protected":false},"excerpt":{"rendered":"<p>Para o bom funcionamento das baterias&#8230;<\/p>\n","protected":false},"author":15,"featured_media":81118,"comment_status":"closed","ping_status":"closed","sticky":false,"template":"","format":"standard","meta":{"footnotes":""},"categories":[29],"tags":[512,266,1421,8006,8007,89],"class_list":["post-81115","post","type-post","status-publish","format-standard","has-post-thumbnail","hentry","category-empresas","tag-baterias","tag-mann-filter","tag-mobilidade-eletrica","tag-protecao-de-baterias","tag-unidades-de-ventilacao","tag-veiculos-eletricos"],"yoast_head":"<!-- This site is optimized with the Yoast SEO plugin v27.4 - https:\/\/yoast.com\/product\/yoast-seo-wordpress\/ -->\n<title>MANN-FILTER destaca import\u00e2ncia de proteger as baterias dos VE - Jornal das Oficinas<\/title>\n<meta name=\"description\" content=\"Para o bom funcionamento das baterias de alta tens\u00e3o, a MANN-FILTER destaca a import\u00e2ncia da sua prote\u00e7\u00e3o atrav\u00e9s de unidades de ventila\u00e7\u00e3o\" \/>\n<meta name=\"robots\" content=\"index, follow, max-snippet:-1, max-image-preview:large, max-video-preview:-1\" \/>\n<link rel=\"canonical\" href=\"https:\/\/jornaldasoficinas.com\/pt\/mann-filter-destaca-importancia-de-proteger-as-baterias-dos-ve\/\" \/>\n<meta property=\"og:locale\" content=\"pt_PT\" \/>\n<meta property=\"og:type\" content=\"article\" \/>\n<meta property=\"og:title\" content=\"MANN-FILTER destaca import\u00e2ncia de proteger as baterias dos VE - Jornal das Oficinas\" \/>\n<meta property=\"og:description\" content=\"Para o bom funcionamento das baterias de alta tens\u00e3o, a MANN-FILTER destaca a import\u00e2ncia da sua prote\u00e7\u00e3o atrav\u00e9s de unidades de ventila\u00e7\u00e3o\" \/>\n<meta property=\"og:url\" content=\"https:\/\/jornaldasoficinas.com\/pt\/mann-filter-destaca-importancia-de-proteger-as-baterias-dos-ve\/\" \/>\n<meta property=\"og:site_name\" content=\"Jornal das Oficinas\" \/>\n<meta property=\"article:publisher\" content=\"https:\/\/www.facebook.com\/jornaloficinas\" \/>\n<meta property=\"article:published_time\" content=\"2024-03-19T10:00:41+00:00\" \/>\n<meta property=\"og:image\" content=\"https:\/\/jornaldasoficinas.com\/pt\/wp-content\/uploads\/2024\/03\/MANN-FILTER-explica-como-proteger-as-baterias-dos-VE.jpg\" \/>\n\t<meta property=\"og:image:width\" content=\"1024\" \/>\n\t<meta property=\"og:image:height\" content=\"581\" \/>\n\t<meta property=\"og:image:type\" content=\"image\/jpeg\" \/>\n<meta name=\"author\" content=\"Reda\u00e7\u00e3o JO\" \/>\n<meta name=\"twitter:card\" content=\"summary_large_image\" \/>\n<meta name=\"twitter:creator\" content=\"@jornaloficinas\" \/>\n<meta name=\"twitter:site\" content=\"@jornaloficinas\" \/>\n<meta name=\"twitter:label1\" content=\"Escrito por\" \/>\n\t<meta name=\"twitter:data1\" content=\"Reda\u00e7\u00e3o JO\" \/>\n\t<meta name=\"twitter:label2\" content=\"Tempo estimado de leitura\" \/>\n\t<meta name=\"twitter:data2\" content=\"3 minutos\" \/>\n<script type=\"application\/ld+json\" class=\"yoast-schema-graph\">{\"@context\":\"https:\\\/\\\/schema.org\",\"@graph\":[{\"@type\":\"Article\",\"@id\":\"https:\\\/\\\/jornaldasoficinas.com\\\/pt\\\/mann-filter-destaca-importancia-de-proteger-as-baterias-dos-ve\\\/#article\",\"isPartOf\":{\"@id\":\"https:\\\/\\\/jornaldasoficinas.com\\\/pt\\\/mann-filter-destaca-importancia-de-proteger-as-baterias-dos-ve\\\/\"},\"author\":{\"name\":\"Reda\u00e7\u00e3o JO\",\"@id\":\"https:\\\/\\\/jornaldasoficinas.com\\\/pt\\\/#\\\/schema\\\/person\\\/a38eef5de2c41d9e7c9ac10141afddf3\"},\"headline\":\"MANN-FILTER destaca import\u00e2ncia de proteger as baterias dos VE\",\"datePublished\":\"2024-03-19T10:00:41+00:00\",\"mainEntityOfPage\":{\"@id\":\"https:\\\/\\\/jornaldasoficinas.com\\\/pt\\\/mann-filter-destaca-importancia-de-proteger-as-baterias-dos-ve\\\/\"},\"wordCount\":484,\"publisher\":{\"@id\":\"https:\\\/\\\/jornaldasoficinas.com\\\/pt\\\/#organization\"},\"image\":{\"@id\":\"https:\\\/\\\/jornaldasoficinas.com\\\/pt\\\/mann-filter-destaca-importancia-de-proteger-as-baterias-dos-ve\\\/#primaryimage\"},\"thumbnailUrl\":\"https:\\\/\\\/jornaldasoficinas.com\\\/pt\\\/wp-content\\\/uploads\\\/2024\\\/03\\\/MANN-FILTER-explica-como-proteger-as-baterias-dos-VE.jpg\",\"keywords\":[\"Baterias\",\"MANN-FILTER\",\"Mobilidade el\u00e9trica\",\"prote\u00e7\u00e3o de baterias\",\"unidades de ventila\u00e7\u00e3o\",\"Ve\u00edculos el\u00e9tricos\"],\"articleSection\":[\"Empresas\"],\"inLanguage\":\"pt-PT\"},{\"@type\":\"WebPage\",\"@id\":\"https:\\\/\\\/jornaldasoficinas.com\\\/pt\\\/mann-filter-destaca-importancia-de-proteger-as-baterias-dos-ve\\\/\",\"url\":\"https:\\\/\\\/jornaldasoficinas.com\\\/pt\\\/mann-filter-destaca-importancia-de-proteger-as-baterias-dos-ve\\\/\",\"name\":\"MANN-FILTER destaca import\u00e2ncia de proteger as baterias dos VE - Jornal das Oficinas\",\"isPartOf\":{\"@id\":\"https:\\\/\\\/jornaldasoficinas.com\\\/pt\\\/#website\"},\"primaryImageOfPage\":{\"@id\":\"https:\\\/\\\/jornaldasoficinas.com\\\/pt\\\/mann-filter-destaca-importancia-de-proteger-as-baterias-dos-ve\\\/#primaryimage\"},\"image\":{\"@id\":\"https:\\\/\\\/jornaldasoficinas.com\\\/pt\\\/mann-filter-destaca-importancia-de-proteger-as-baterias-dos-ve\\\/#primaryimage\"},\"thumbnailUrl\":\"https:\\\/\\\/jornaldasoficinas.com\\\/pt\\\/wp-content\\\/uploads\\\/2024\\\/03\\\/MANN-FILTER-explica-como-proteger-as-baterias-dos-VE.jpg\",\"datePublished\":\"2024-03-19T10:00:41+00:00\",\"description\":\"Para o bom funcionamento das baterias de alta tens\u00e3o, a MANN-FILTER destaca a import\u00e2ncia da sua prote\u00e7\u00e3o atrav\u00e9s de unidades de ventila\u00e7\u00e3o\",\"breadcrumb\":{\"@id\":\"https:\\\/\\\/jornaldasoficinas.com\\\/pt\\\/mann-filter-destaca-importancia-de-proteger-as-baterias-dos-ve\\\/#breadcrumb\"},\"inLanguage\":\"pt-PT\",\"potentialAction\":[{\"@type\":\"ReadAction\",\"target\":[\"https:\\\/\\\/jornaldasoficinas.com\\\/pt\\\/mann-filter-destaca-importancia-de-proteger-as-baterias-dos-ve\\\/\"]}]},{\"@type\":\"ImageObject\",\"inLanguage\":\"pt-PT\",\"@id\":\"https:\\\/\\\/jornaldasoficinas.com\\\/pt\\\/mann-filter-destaca-importancia-de-proteger-as-baterias-dos-ve\\\/#primaryimage\",\"url\":\"https:\\\/\\\/jornaldasoficinas.com\\\/pt\\\/wp-content\\\/uploads\\\/2024\\\/03\\\/MANN-FILTER-explica-como-proteger-as-baterias-dos-VE.jpg\",\"contentUrl\":\"https:\\\/\\\/jornaldasoficinas.com\\\/pt\\\/wp-content\\\/uploads\\\/2024\\\/03\\\/MANN-FILTER-explica-como-proteger-as-baterias-dos-VE.jpg\",\"width\":1024,\"height\":581,\"caption\":\"03 - MANN FILTER explica como proteger as baterias dos VE\"},{\"@type\":\"BreadcrumbList\",\"@id\":\"https:\\\/\\\/jornaldasoficinas.com\\\/pt\\\/mann-filter-destaca-importancia-de-proteger-as-baterias-dos-ve\\\/#breadcrumb\",\"itemListElement\":[{\"@type\":\"ListItem\",\"position\":1,\"name\":\"In\u00edcio\",\"item\":\"https:\\\/\\\/jornaldasoficinas.com\\\/pt\\\/\"},{\"@type\":\"ListItem\",\"position\":2,\"name\":\"MANN-FILTER destaca import\u00e2ncia de proteger as baterias dos VE\"}]},{\"@type\":\"WebSite\",\"@id\":\"https:\\\/\\\/jornaldasoficinas.com\\\/pt\\\/#website\",\"url\":\"https:\\\/\\\/jornaldasoficinas.com\\\/pt\\\/\",\"name\":\"Jornal das Oficinas\",\"description\":\"Jornal independente do Aftermarket Autom\u00f3vel em Portugal\",\"publisher\":{\"@id\":\"https:\\\/\\\/jornaldasoficinas.com\\\/pt\\\/#organization\"},\"potentialAction\":[{\"@type\":\"SearchAction\",\"target\":{\"@type\":\"EntryPoint\",\"urlTemplate\":\"https:\\\/\\\/jornaldasoficinas.com\\\/pt\\\/?s={search_term_string}\"},\"query-input\":{\"@type\":\"PropertyValueSpecification\",\"valueRequired\":true,\"valueName\":\"search_term_string\"}}],\"inLanguage\":\"pt-PT\"},{\"@type\":\"Organization\",\"@id\":\"https:\\\/\\\/jornaldasoficinas.com\\\/pt\\\/#organization\",\"name\":\"Jornal das Oficinas\",\"url\":\"https:\\\/\\\/jornaldasoficinas.com\\\/pt\\\/\",\"logo\":{\"@type\":\"ImageObject\",\"inLanguage\":\"pt-PT\",\"@id\":\"https:\\\/\\\/jornaldasoficinas.com\\\/pt\\\/#\\\/schema\\\/logo\\\/image\\\/\",\"url\":\"https:\\\/\\\/jornaldasoficinas.com\\\/pt\\\/wp-content\\\/uploads\\\/logoJO-SEO.png\",\"contentUrl\":\"https:\\\/\\\/jornaldasoficinas.com\\\/pt\\\/wp-content\\\/uploads\\\/logoJO-SEO.png\",\"width\":285,\"height\":450,\"caption\":\"Jornal das Oficinas\"},\"image\":{\"@id\":\"https:\\\/\\\/jornaldasoficinas.com\\\/pt\\\/#\\\/schema\\\/logo\\\/image\\\/\"},\"sameAs\":[\"https:\\\/\\\/www.facebook.com\\\/jornaloficinas\",\"https:\\\/\\\/x.com\\\/jornaloficinas\",\"https:\\\/\\\/www.instagram.com\\\/jornal_oficinas\\\/\",\"https:\\\/\\\/www.linkedin.com\\\/company\\\/jornal-das-oficinas\\\/\",\"https:\\\/\\\/www.youtube.com\\\/channel\\\/UCbQZBqtcvV-oSQrr7RzINGg\"]},{\"@type\":\"Person\",\"@id\":\"https:\\\/\\\/jornaldasoficinas.com\\\/pt\\\/#\\\/schema\\\/person\\\/a38eef5de2c41d9e7c9ac10141afddf3\",\"name\":\"Reda\u00e7\u00e3o JO\",\"image\":{\"@type\":\"ImageObject\",\"inLanguage\":\"pt-PT\",\"@id\":\"https:\\\/\\\/secure.gravatar.com\\\/avatar\\\/71f2fa71737ad68a84fea94bc708ddac8ea5b0c4788dc2ad202f3ccb2887742f?s=96&d=wp_user_avatar&r=g\",\"url\":\"https:\\\/\\\/secure.gravatar.com\\\/avatar\\\/71f2fa71737ad68a84fea94bc708ddac8ea5b0c4788dc2ad202f3ccb2887742f?s=96&d=wp_user_avatar&r=g\",\"contentUrl\":\"https:\\\/\\\/secure.gravatar.com\\\/avatar\\\/71f2fa71737ad68a84fea94bc708ddac8ea5b0c4788dc2ad202f3ccb2887742f?s=96&d=wp_user_avatar&r=g\",\"caption\":\"Reda\u00e7\u00e3o JO\"},\"url\":\"https:\\\/\\\/jornaldasoficinas.com\\\/pt\\\/author\\\/joredacao\\\/\"}]}<\/script>\n<!-- \/ Yoast SEO plugin. -->","yoast_head_json":{"title":"MANN-FILTER destaca import\u00e2ncia de proteger as baterias dos VE - Jornal das Oficinas","description":"Para o bom funcionamento das baterias de alta tens\u00e3o, a MANN-FILTER destaca a import\u00e2ncia da sua prote\u00e7\u00e3o atrav\u00e9s de unidades de ventila\u00e7\u00e3o","robots":{"index":"index","follow":"follow","max-snippet":"max-snippet:-1","max-image-preview":"max-image-preview:large","max-video-preview":"max-video-preview:-1"},"canonical":"https:\/\/jornaldasoficinas.com\/pt\/mann-filter-destaca-importancia-de-proteger-as-baterias-dos-ve\/","og_locale":"pt_PT","og_type":"article","og_title":"MANN-FILTER destaca import\u00e2ncia de proteger as baterias dos VE - Jornal das Oficinas","og_description":"Para o bom funcionamento das baterias de alta tens\u00e3o, a MANN-FILTER destaca a import\u00e2ncia da sua prote\u00e7\u00e3o atrav\u00e9s de unidades de ventila\u00e7\u00e3o","og_url":"https:\/\/jornaldasoficinas.com\/pt\/mann-filter-destaca-importancia-de-proteger-as-baterias-dos-ve\/","og_site_name":"Jornal das Oficinas","article_publisher":"https:\/\/www.facebook.com\/jornaloficinas","article_published_time":"2024-03-19T10:00:41+00:00","og_image":[{"width":1024,"height":581,"url":"https:\/\/jornaldasoficinas.com\/pt\/wp-content\/uploads\/2024\/03\/MANN-FILTER-explica-como-proteger-as-baterias-dos-VE.jpg","type":"image\/jpeg"}],"author":"Reda\u00e7\u00e3o JO","twitter_card":"summary_large_image","twitter_creator":"@jornaloficinas","twitter_site":"@jornaloficinas","twitter_misc":{"Escrito por":"Reda\u00e7\u00e3o JO","Tempo estimado de leitura":"3 minutos"},"schema":{"@context":"https:\/\/schema.org","@graph":[{"@type":"Article","@id":"https:\/\/jornaldasoficinas.com\/pt\/mann-filter-destaca-importancia-de-proteger-as-baterias-dos-ve\/#article","isPartOf":{"@id":"https:\/\/jornaldasoficinas.com\/pt\/mann-filter-destaca-importancia-de-proteger-as-baterias-dos-ve\/"},"author":{"name":"Reda\u00e7\u00e3o JO","@id":"https:\/\/jornaldasoficinas.com\/pt\/#\/schema\/person\/a38eef5de2c41d9e7c9ac10141afddf3"},"headline":"MANN-FILTER destaca import\u00e2ncia de proteger as baterias dos VE","datePublished":"2024-03-19T10:00:41+00:00","mainEntityOfPage":{"@id":"https:\/\/jornaldasoficinas.com\/pt\/mann-filter-destaca-importancia-de-proteger-as-baterias-dos-ve\/"},"wordCount":484,"publisher":{"@id":"https:\/\/jornaldasoficinas.com\/pt\/#organization"},"image":{"@id":"https:\/\/jornaldasoficinas.com\/pt\/mann-filter-destaca-importancia-de-proteger-as-baterias-dos-ve\/#primaryimage"},"thumbnailUrl":"https:\/\/jornaldasoficinas.com\/pt\/wp-content\/uploads\/2024\/03\/MANN-FILTER-explica-como-proteger-as-baterias-dos-VE.jpg","keywords":["Baterias","MANN-FILTER","Mobilidade el\u00e9trica","prote\u00e7\u00e3o de baterias","unidades de ventila\u00e7\u00e3o","Ve\u00edculos el\u00e9tricos"],"articleSection":["Empresas"],"inLanguage":"pt-PT"},{"@type":"WebPage","@id":"https:\/\/jornaldasoficinas.com\/pt\/mann-filter-destaca-importancia-de-proteger-as-baterias-dos-ve\/","url":"https:\/\/jornaldasoficinas.com\/pt\/mann-filter-destaca-importancia-de-proteger-as-baterias-dos-ve\/","name":"MANN-FILTER destaca import\u00e2ncia de proteger as baterias dos VE - Jornal das Oficinas","isPartOf":{"@id":"https:\/\/jornaldasoficinas.com\/pt\/#website"},"primaryImageOfPage":{"@id":"https:\/\/jornaldasoficinas.com\/pt\/mann-filter-destaca-importancia-de-proteger-as-baterias-dos-ve\/#primaryimage"},"image":{"@id":"https:\/\/jornaldasoficinas.com\/pt\/mann-filter-destaca-importancia-de-proteger-as-baterias-dos-ve\/#primaryimage"},"thumbnailUrl":"https:\/\/jornaldasoficinas.com\/pt\/wp-content\/uploads\/2024\/03\/MANN-FILTER-explica-como-proteger-as-baterias-dos-VE.jpg","datePublished":"2024-03-19T10:00:41+00:00","description":"Para o bom funcionamento das baterias de alta tens\u00e3o, a MANN-FILTER destaca a import\u00e2ncia da sua prote\u00e7\u00e3o atrav\u00e9s de unidades de ventila\u00e7\u00e3o","breadcrumb":{"@id":"https:\/\/jornaldasoficinas.com\/pt\/mann-filter-destaca-importancia-de-proteger-as-baterias-dos-ve\/#breadcrumb"},"inLanguage":"pt-PT","potentialAction":[{"@type":"ReadAction","target":["https:\/\/jornaldasoficinas.com\/pt\/mann-filter-destaca-importancia-de-proteger-as-baterias-dos-ve\/"]}]},{"@type":"ImageObject","inLanguage":"pt-PT","@id":"https:\/\/jornaldasoficinas.com\/pt\/mann-filter-destaca-importancia-de-proteger-as-baterias-dos-ve\/#primaryimage","url":"https:\/\/jornaldasoficinas.com\/pt\/wp-content\/uploads\/2024\/03\/MANN-FILTER-explica-como-proteger-as-baterias-dos-VE.jpg","contentUrl":"https:\/\/jornaldasoficinas.com\/pt\/wp-content\/uploads\/2024\/03\/MANN-FILTER-explica-como-proteger-as-baterias-dos-VE.jpg","width":1024,"height":581,"caption":"03 - MANN FILTER explica como proteger as baterias dos VE"},{"@type":"BreadcrumbList","@id":"https:\/\/jornaldasoficinas.com\/pt\/mann-filter-destaca-importancia-de-proteger-as-baterias-dos-ve\/#breadcrumb","itemListElement":[{"@type":"ListItem","position":1,"name":"In\u00edcio","item":"https:\/\/jornaldasoficinas.com\/pt\/"},{"@type":"ListItem","position":2,"name":"MANN-FILTER destaca import\u00e2ncia de proteger as baterias dos VE"}]},{"@type":"WebSite","@id":"https:\/\/jornaldasoficinas.com\/pt\/#website","url":"https:\/\/jornaldasoficinas.com\/pt\/","name":"Jornal das Oficinas","description":"Jornal independente do Aftermarket Autom\u00f3vel em Portugal","publisher":{"@id":"https:\/\/jornaldasoficinas.com\/pt\/#organization"},"potentialAction":[{"@type":"SearchAction","target":{"@type":"EntryPoint","urlTemplate":"https:\/\/jornaldasoficinas.com\/pt\/?s={search_term_string}"},"query-input":{"@type":"PropertyValueSpecification","valueRequired":true,"valueName":"search_term_string"}}],"inLanguage":"pt-PT"},{"@type":"Organization","@id":"https:\/\/jornaldasoficinas.com\/pt\/#organization","name":"Jornal das Oficinas","url":"https:\/\/jornaldasoficinas.com\/pt\/","logo":{"@type":"ImageObject","inLanguage":"pt-PT","@id":"https:\/\/jornaldasoficinas.com\/pt\/#\/schema\/logo\/image\/","url":"https:\/\/jornaldasoficinas.com\/pt\/wp-content\/uploads\/logoJO-SEO.png","contentUrl":"https:\/\/jornaldasoficinas.com\/pt\/wp-content\/uploads\/logoJO-SEO.png","width":285,"height":450,"caption":"Jornal das Oficinas"},"image":{"@id":"https:\/\/jornaldasoficinas.com\/pt\/#\/schema\/logo\/image\/"},"sameAs":["https:\/\/www.facebook.com\/jornaloficinas","https:\/\/x.com\/jornaloficinas","https:\/\/www.instagram.com\/jornal_oficinas\/","https:\/\/www.linkedin.com\/company\/jornal-das-oficinas\/","https:\/\/www.youtube.com\/channel\/UCbQZBqtcvV-oSQrr7RzINGg"]},{"@type":"Person","@id":"https:\/\/jornaldasoficinas.com\/pt\/#\/schema\/person\/a38eef5de2c41d9e7c9ac10141afddf3","name":"Reda\u00e7\u00e3o JO","image":{"@type":"ImageObject","inLanguage":"pt-PT","@id":"https:\/\/secure.gravatar.com\/avatar\/71f2fa71737ad68a84fea94bc708ddac8ea5b0c4788dc2ad202f3ccb2887742f?s=96&d=wp_user_avatar&r=g","url":"https:\/\/secure.gravatar.com\/avatar\/71f2fa71737ad68a84fea94bc708ddac8ea5b0c4788dc2ad202f3ccb2887742f?s=96&d=wp_user_avatar&r=g","contentUrl":"https:\/\/secure.gravatar.com\/avatar\/71f2fa71737ad68a84fea94bc708ddac8ea5b0c4788dc2ad202f3ccb2887742f?s=96&d=wp_user_avatar&r=g","caption":"Reda\u00e7\u00e3o JO"},"url":"https:\/\/jornaldasoficinas.com\/pt\/author\/joredacao\/"}]}},"_links":{"self":[{"href":"https:\/\/jornaldasoficinas.com\/pt\/wp-json\/wp\/v2\/posts\/81115","targetHints":{"allow":["GET"]}}],"collection":[{"href":"https:\/\/jornaldasoficinas.com\/pt\/wp-json\/wp\/v2\/posts"}],"about":[{"href":"https:\/\/jornaldasoficinas.com\/pt\/wp-json\/wp\/v2\/types\/post"}],"author":[{"embeddable":true,"href":"https:\/\/jornaldasoficinas.com\/pt\/wp-json\/wp\/v2\/users\/15"}],"replies":[{"embeddable":true,"href":"https:\/\/jornaldasoficinas.com\/pt\/wp-json\/wp\/v2\/comments?post=81115"}],"version-history":[{"count":0,"href":"https:\/\/jornaldasoficinas.com\/pt\/wp-json\/wp\/v2\/posts\/81115\/revisions"}],"wp:featuredmedia":[{"embeddable":true,"href":"https:\/\/jornaldasoficinas.com\/pt\/wp-json\/wp\/v2\/media\/81118"}],"wp:attachment":[{"href":"https:\/\/jornaldasoficinas.com\/pt\/wp-json\/wp\/v2\/media?parent=81115"}],"wp:term":[{"taxonomy":"category","embeddable":true,"href":"https:\/\/jornaldasoficinas.com\/pt\/wp-json\/wp\/v2\/categories?post=81115"},{"taxonomy":"post_tag","embeddable":true,"href":"https:\/\/jornaldasoficinas.com\/pt\/wp-json\/wp\/v2\/tags?post=81115"}],"curies":[{"name":"wp","href":"https:\/\/api.w.org\/{rel}","templated":true}]}}