{"id":81128,"date":"2024-03-19T12:30:43","date_gmt":"2024-03-19T12:30:43","guid":{"rendered":"https:\/\/jornaldasoficinas.com\/pt\/?p=81128"},"modified":"2024-03-18T17:56:35","modified_gmt":"2024-03-18T17:56:35","slug":"volvo-conquista-premio-na-categoria-de-seguranca-automovel","status":"publish","type":"post","link":"https:\/\/jornaldasoficinas.com\/pt\/volvo-conquista-premio-na-categoria-de-seguranca-automovel\/","title":{"rendered":"Volvo conquista pr\u00e9mio na categoria de seguran\u00e7a autom\u00f3vel"},"content":{"rendered":"<p><img loading=\"lazy\" decoding=\"async\" class=\"alignnone size-full wp-image-81129\" src=\"https:\/\/jornaldasoficinas.com\/pt\/wp-content\/uploads\/2024\/03\/Volto-conquista-premio-na-categoria-de-seguranca-automovel-.png\" alt=\"03 - Volto conquista premio na categoria de seguranca automovel \" width=\"1024\" height=\"581\" srcset=\"https:\/\/jornaldasoficinas.com\/pt\/wp-content\/uploads\/2024\/03\/Volto-conquista-premio-na-categoria-de-seguranca-automovel-.png 1024w, https:\/\/jornaldasoficinas.com\/pt\/wp-content\/uploads\/2024\/03\/Volto-conquista-premio-na-categoria-de-seguranca-automovel--300x170.png 300w, https:\/\/jornaldasoficinas.com\/pt\/wp-content\/uploads\/2024\/03\/Volto-conquista-premio-na-categoria-de-seguranca-automovel--150x85.png 150w, https:\/\/jornaldasoficinas.com\/pt\/wp-content\/uploads\/2024\/03\/Volto-conquista-premio-na-categoria-de-seguranca-automovel--768x436.png 768w\" sizes=\"auto, (max-width: 1024px) 100vw, 1024px\" \/><\/p>\n<p><strong>O novo sistema LiDAR desenvolvido pela <a href=\"https:\/\/www.volvocars.com\/pt\/\">Volvo<\/a>, foi distinguido com o pr\u00e9mio \u201cTecnologia e Inova\u00e7\u00e3o\u201d no Trof\u00e9u Carro do Ano \u2013 Volante de Cristal<\/strong><\/p>\n<p>A distin\u00e7\u00e3o foi anunciada durante a semana passada, em Lisboa, durante a cerim\u00f3nia de entrega de pr\u00e9mios do mais antigo trof\u00e9u autom\u00f3vel do pa\u00eds.<\/p>\n<p>Este sistema, desenvolvido pela marca Sueca em conjunto com a Luminar, e que faz a sua estreia no novo Volvo EX90, \u00e9 um m\u00e9todo de dete\u00e7\u00e3o remoto que utiliza a luz sob a forma de um laser pulsado para medir gamas com alta precis\u00e3o e fiabilidade.<\/p>\n<p>O LiDAR &#8211; Light Detection and Ranging, \u00e9 capaz de detetar n\u00e3o s\u00f3 a estrada em frente, de dia ou de noite, como tamb\u00e9m pequenos objetos, a centenas de metros do autom\u00f3vel, a tempo de informar, para atuar e para evitar acidentes sendo capaz de &#8220;ver&#8221;, por exemplo, pe\u00f5es at\u00e9 250 metros de dist\u00e2ncia e algo t\u00e3o pequeno e t\u00e3o escuro como um pneu na estrada, 120 metros \u00e0 frente, mesmo de noite e a alta velocidade (autoestrada).<\/p>\n<p>&#8220;A diferen\u00e7a que o sistema LiDAR pode trazer para a seguran\u00e7a autom\u00f3vel \u00e9 not\u00e1vel&#8221;, referiu a marca em comunicado.<\/p>\n<p>Investiga\u00e7\u00f5es recentes da Volvo Cars indicam que a sua inclus\u00e3o num autom\u00f3vel j\u00e1 de si seguro, pode reduzir os acidentes com gravidade at\u00e9 20%, e proporcionar uma preven\u00e7\u00e3o global de acidentes at\u00e9 9%.<\/p>\n","protected":false},"excerpt":{"rendered":"<p>O novo sistema LiDAR desenvolvido pela&#8230;<\/p>\n","protected":false},"author":15,"featured_media":81129,"comment_status":"closed","ping_status":"closed","sticky":false,"template":"","format":"standard","meta":{"footnotes":""},"categories":[29],"tags":[3574,8011,3988,7414,8008,8009,8010,488],"class_list":["post-81128","post","type-post","status-publish","format-standard","has-post-thumbnail","hentry","category-empresas","tag-distincao","tag-novo-volvo-ex90","tag-premio","tag-reducao-de-acidentes","tag-seguranca-automovel","tag-sistema-lidar","tag-trofeu-carro-do-ano","tag-volvo"],"yoast_head":"<!-- This site is optimized with the Yoast SEO plugin v27.4 - https:\/\/yoast.com\/product\/yoast-seo-wordpress\/ -->\n<title>Volvo conquista pr\u00e9mio na categoria de seguran\u00e7a autom\u00f3vel - Jornal das Oficinas<\/title>\n<meta name=\"description\" content=\"O novo sistema LiDAR criado pela Volvo, foi distinguido com o pr\u00e9mio \u201cTecnologia e Inova\u00e7\u00e3o\u201d no Trof\u00e9u Carro do Ano \u2013 Volante de Cristal\" \/>\n<meta name=\"robots\" content=\"index, follow, max-snippet:-1, max-image-preview:large, max-video-preview:-1\" \/>\n<link rel=\"canonical\" href=\"https:\/\/jornaldasoficinas.com\/pt\/volvo-conquista-premio-na-categoria-de-seguranca-automovel\/\" \/>\n<meta property=\"og:locale\" content=\"pt_PT\" \/>\n<meta property=\"og:type\" content=\"article\" \/>\n<meta property=\"og:title\" content=\"Volvo conquista pr\u00e9mio na categoria de seguran\u00e7a autom\u00f3vel - Jornal das Oficinas\" \/>\n<meta property=\"og:description\" content=\"O novo sistema LiDAR criado pela Volvo, foi distinguido com o pr\u00e9mio \u201cTecnologia e Inova\u00e7\u00e3o\u201d no Trof\u00e9u Carro do Ano \u2013 Volante de Cristal\" \/>\n<meta property=\"og:url\" content=\"https:\/\/jornaldasoficinas.com\/pt\/volvo-conquista-premio-na-categoria-de-seguranca-automovel\/\" \/>\n<meta property=\"og:site_name\" content=\"Jornal das Oficinas\" \/>\n<meta property=\"article:publisher\" content=\"https:\/\/www.facebook.com\/jornaloficinas\" \/>\n<meta property=\"article:published_time\" content=\"2024-03-19T12:30:43+00:00\" \/>\n<meta property=\"og:image\" content=\"https:\/\/jornaldasoficinas.com\/pt\/wp-content\/uploads\/2024\/03\/Volto-conquista-premio-na-categoria-de-seguranca-automovel-.png\" \/>\n\t<meta property=\"og:image:width\" content=\"1024\" \/>\n\t<meta property=\"og:image:height\" content=\"581\" \/>\n\t<meta property=\"og:image:type\" content=\"image\/png\" \/>\n<meta name=\"author\" content=\"Reda\u00e7\u00e3o JO\" \/>\n<meta name=\"twitter:card\" content=\"summary_large_image\" \/>\n<meta name=\"twitter:creator\" content=\"@jornaloficinas\" \/>\n<meta name=\"twitter:site\" content=\"@jornaloficinas\" \/>\n<meta name=\"twitter:label1\" content=\"Escrito por\" \/>\n\t<meta name=\"twitter:data1\" content=\"Reda\u00e7\u00e3o JO\" \/>\n\t<meta name=\"twitter:label2\" content=\"Tempo estimado de leitura\" \/>\n\t<meta name=\"twitter:data2\" content=\"2 minutos\" \/>\n<script type=\"application\/ld+json\" class=\"yoast-schema-graph\">{\"@context\":\"https:\\\/\\\/schema.org\",\"@graph\":[{\"@type\":\"Article\",\"@id\":\"https:\\\/\\\/jornaldasoficinas.com\\\/pt\\\/volvo-conquista-premio-na-categoria-de-seguranca-automovel\\\/#article\",\"isPartOf\":{\"@id\":\"https:\\\/\\\/jornaldasoficinas.com\\\/pt\\\/volvo-conquista-premio-na-categoria-de-seguranca-automovel\\\/\"},\"author\":{\"name\":\"Reda\u00e7\u00e3o JO\",\"@id\":\"https:\\\/\\\/jornaldasoficinas.com\\\/pt\\\/#\\\/schema\\\/person\\\/a38eef5de2c41d9e7c9ac10141afddf3\"},\"headline\":\"Volvo conquista pr\u00e9mio na categoria de seguran\u00e7a autom\u00f3vel\",\"datePublished\":\"2024-03-19T12:30:43+00:00\",\"mainEntityOfPage\":{\"@id\":\"https:\\\/\\\/jornaldasoficinas.com\\\/pt\\\/volvo-conquista-premio-na-categoria-de-seguranca-automovel\\\/\"},\"wordCount\":253,\"publisher\":{\"@id\":\"https:\\\/\\\/jornaldasoficinas.com\\\/pt\\\/#organization\"},\"image\":{\"@id\":\"https:\\\/\\\/jornaldasoficinas.com\\\/pt\\\/volvo-conquista-premio-na-categoria-de-seguranca-automovel\\\/#primaryimage\"},\"thumbnailUrl\":\"https:\\\/\\\/jornaldasoficinas.com\\\/pt\\\/wp-content\\\/uploads\\\/2024\\\/03\\\/Volto-conquista-premio-na-categoria-de-seguranca-automovel-.png\",\"keywords\":[\"Distin\u00e7\u00e3o\",\"novo Volvo EX90\",\"Pr\u00e9mio\",\"redu\u00e7\u00e3o de acidentes\",\"seguran\u00e7a autom\u00f3vel\",\"sistema LiDAR\",\"Trof\u00e9u Carro do Ano\",\"Volvo\"],\"articleSection\":[\"Empresas\"],\"inLanguage\":\"pt-PT\"},{\"@type\":\"WebPage\",\"@id\":\"https:\\\/\\\/jornaldasoficinas.com\\\/pt\\\/volvo-conquista-premio-na-categoria-de-seguranca-automovel\\\/\",\"url\":\"https:\\\/\\\/jornaldasoficinas.com\\\/pt\\\/volvo-conquista-premio-na-categoria-de-seguranca-automovel\\\/\",\"name\":\"Volvo conquista pr\u00e9mio na categoria de seguran\u00e7a autom\u00f3vel - Jornal das Oficinas\",\"isPartOf\":{\"@id\":\"https:\\\/\\\/jornaldasoficinas.com\\\/pt\\\/#website\"},\"primaryImageOfPage\":{\"@id\":\"https:\\\/\\\/jornaldasoficinas.com\\\/pt\\\/volvo-conquista-premio-na-categoria-de-seguranca-automovel\\\/#primaryimage\"},\"image\":{\"@id\":\"https:\\\/\\\/jornaldasoficinas.com\\\/pt\\\/volvo-conquista-premio-na-categoria-de-seguranca-automovel\\\/#primaryimage\"},\"thumbnailUrl\":\"https:\\\/\\\/jornaldasoficinas.com\\\/pt\\\/wp-content\\\/uploads\\\/2024\\\/03\\\/Volto-conquista-premio-na-categoria-de-seguranca-automovel-.png\",\"datePublished\":\"2024-03-19T12:30:43+00:00\",\"description\":\"O novo sistema LiDAR criado pela Volvo, foi distinguido com o pr\u00e9mio \u201cTecnologia e Inova\u00e7\u00e3o\u201d no Trof\u00e9u Carro do Ano \u2013 Volante de Cristal\",\"breadcrumb\":{\"@id\":\"https:\\\/\\\/jornaldasoficinas.com\\\/pt\\\/volvo-conquista-premio-na-categoria-de-seguranca-automovel\\\/#breadcrumb\"},\"inLanguage\":\"pt-PT\",\"potentialAction\":[{\"@type\":\"ReadAction\",\"target\":[\"https:\\\/\\\/jornaldasoficinas.com\\\/pt\\\/volvo-conquista-premio-na-categoria-de-seguranca-automovel\\\/\"]}]},{\"@type\":\"ImageObject\",\"inLanguage\":\"pt-PT\",\"@id\":\"https:\\\/\\\/jornaldasoficinas.com\\\/pt\\\/volvo-conquista-premio-na-categoria-de-seguranca-automovel\\\/#primaryimage\",\"url\":\"https:\\\/\\\/jornaldasoficinas.com\\\/pt\\\/wp-content\\\/uploads\\\/2024\\\/03\\\/Volto-conquista-premio-na-categoria-de-seguranca-automovel-.png\",\"contentUrl\":\"https:\\\/\\\/jornaldasoficinas.com\\\/pt\\\/wp-content\\\/uploads\\\/2024\\\/03\\\/Volto-conquista-premio-na-categoria-de-seguranca-automovel-.png\",\"width\":1024,\"height\":581,\"caption\":\"volvo\"},{\"@type\":\"BreadcrumbList\",\"@id\":\"https:\\\/\\\/jornaldasoficinas.com\\\/pt\\\/volvo-conquista-premio-na-categoria-de-seguranca-automovel\\\/#breadcrumb\",\"itemListElement\":[{\"@type\":\"ListItem\",\"position\":1,\"name\":\"In\u00edcio\",\"item\":\"https:\\\/\\\/jornaldasoficinas.com\\\/pt\\\/\"},{\"@type\":\"ListItem\",\"position\":2,\"name\":\"Volvo conquista pr\u00e9mio na categoria de seguran\u00e7a autom\u00f3vel\"}]},{\"@type\":\"WebSite\",\"@id\":\"https:\\\/\\\/jornaldasoficinas.com\\\/pt\\\/#website\",\"url\":\"https:\\\/\\\/jornaldasoficinas.com\\\/pt\\\/\",\"name\":\"Jornal das Oficinas\",\"description\":\"Jornal independente do Aftermarket Autom\u00f3vel em Portugal\",\"publisher\":{\"@id\":\"https:\\\/\\\/jornaldasoficinas.com\\\/pt\\\/#organization\"},\"potentialAction\":[{\"@type\":\"SearchAction\",\"target\":{\"@type\":\"EntryPoint\",\"urlTemplate\":\"https:\\\/\\\/jornaldasoficinas.com\\\/pt\\\/?s={search_term_string}\"},\"query-input\":{\"@type\":\"PropertyValueSpecification\",\"valueRequired\":true,\"valueName\":\"search_term_string\"}}],\"inLanguage\":\"pt-PT\"},{\"@type\":\"Organization\",\"@id\":\"https:\\\/\\\/jornaldasoficinas.com\\\/pt\\\/#organization\",\"name\":\"Jornal das Oficinas\",\"url\":\"https:\\\/\\\/jornaldasoficinas.com\\\/pt\\\/\",\"logo\":{\"@type\":\"ImageObject\",\"inLanguage\":\"pt-PT\",\"@id\":\"https:\\\/\\\/jornaldasoficinas.com\\\/pt\\\/#\\\/schema\\\/logo\\\/image\\\/\",\"url\":\"https:\\\/\\\/jornaldasoficinas.com\\\/pt\\\/wp-content\\\/uploads\\\/logoJO-SEO.png\",\"contentUrl\":\"https:\\\/\\\/jornaldasoficinas.com\\\/pt\\\/wp-content\\\/uploads\\\/logoJO-SEO.png\",\"width\":285,\"height\":450,\"caption\":\"Jornal das Oficinas\"},\"image\":{\"@id\":\"https:\\\/\\\/jornaldasoficinas.com\\\/pt\\\/#\\\/schema\\\/logo\\\/image\\\/\"},\"sameAs\":[\"https:\\\/\\\/www.facebook.com\\\/jornaloficinas\",\"https:\\\/\\\/x.com\\\/jornaloficinas\",\"https:\\\/\\\/www.instagram.com\\\/jornal_oficinas\\\/\",\"https:\\\/\\\/www.linkedin.com\\\/company\\\/jornal-das-oficinas\\\/\",\"https:\\\/\\\/www.youtube.com\\\/channel\\\/UCbQZBqtcvV-oSQrr7RzINGg\"]},{\"@type\":\"Person\",\"@id\":\"https:\\\/\\\/jornaldasoficinas.com\\\/pt\\\/#\\\/schema\\\/person\\\/a38eef5de2c41d9e7c9ac10141afddf3\",\"name\":\"Reda\u00e7\u00e3o JO\",\"image\":{\"@type\":\"ImageObject\",\"inLanguage\":\"pt-PT\",\"@id\":\"https:\\\/\\\/secure.gravatar.com\\\/avatar\\\/71f2fa71737ad68a84fea94bc708ddac8ea5b0c4788dc2ad202f3ccb2887742f?s=96&d=wp_user_avatar&r=g\",\"url\":\"https:\\\/\\\/secure.gravatar.com\\\/avatar\\\/71f2fa71737ad68a84fea94bc708ddac8ea5b0c4788dc2ad202f3ccb2887742f?s=96&d=wp_user_avatar&r=g\",\"contentUrl\":\"https:\\\/\\\/secure.gravatar.com\\\/avatar\\\/71f2fa71737ad68a84fea94bc708ddac8ea5b0c4788dc2ad202f3ccb2887742f?s=96&d=wp_user_avatar&r=g\",\"caption\":\"Reda\u00e7\u00e3o JO\"},\"url\":\"https:\\\/\\\/jornaldasoficinas.com\\\/pt\\\/author\\\/joredacao\\\/\"}]}<\/script>\n<!-- \/ Yoast SEO plugin. -->","yoast_head_json":{"title":"Volvo conquista pr\u00e9mio na categoria de seguran\u00e7a autom\u00f3vel - Jornal das Oficinas","description":"O novo sistema LiDAR criado pela Volvo, foi distinguido com o pr\u00e9mio \u201cTecnologia e Inova\u00e7\u00e3o\u201d no Trof\u00e9u Carro do Ano \u2013 Volante de Cristal","robots":{"index":"index","follow":"follow","max-snippet":"max-snippet:-1","max-image-preview":"max-image-preview:large","max-video-preview":"max-video-preview:-1"},"canonical":"https:\/\/jornaldasoficinas.com\/pt\/volvo-conquista-premio-na-categoria-de-seguranca-automovel\/","og_locale":"pt_PT","og_type":"article","og_title":"Volvo conquista pr\u00e9mio na categoria de seguran\u00e7a autom\u00f3vel - Jornal das Oficinas","og_description":"O novo sistema LiDAR criado pela Volvo, foi distinguido com o pr\u00e9mio \u201cTecnologia e Inova\u00e7\u00e3o\u201d no Trof\u00e9u Carro do Ano \u2013 Volante de Cristal","og_url":"https:\/\/jornaldasoficinas.com\/pt\/volvo-conquista-premio-na-categoria-de-seguranca-automovel\/","og_site_name":"Jornal das Oficinas","article_publisher":"https:\/\/www.facebook.com\/jornaloficinas","article_published_time":"2024-03-19T12:30:43+00:00","og_image":[{"width":1024,"height":581,"url":"https:\/\/jornaldasoficinas.com\/pt\/wp-content\/uploads\/2024\/03\/Volto-conquista-premio-na-categoria-de-seguranca-automovel-.png","type":"image\/png"}],"author":"Reda\u00e7\u00e3o JO","twitter_card":"summary_large_image","twitter_creator":"@jornaloficinas","twitter_site":"@jornaloficinas","twitter_misc":{"Escrito por":"Reda\u00e7\u00e3o JO","Tempo estimado de leitura":"2 minutos"},"schema":{"@context":"https:\/\/schema.org","@graph":[{"@type":"Article","@id":"https:\/\/jornaldasoficinas.com\/pt\/volvo-conquista-premio-na-categoria-de-seguranca-automovel\/#article","isPartOf":{"@id":"https:\/\/jornaldasoficinas.com\/pt\/volvo-conquista-premio-na-categoria-de-seguranca-automovel\/"},"author":{"name":"Reda\u00e7\u00e3o JO","@id":"https:\/\/jornaldasoficinas.com\/pt\/#\/schema\/person\/a38eef5de2c41d9e7c9ac10141afddf3"},"headline":"Volvo conquista pr\u00e9mio na categoria de seguran\u00e7a autom\u00f3vel","datePublished":"2024-03-19T12:30:43+00:00","mainEntityOfPage":{"@id":"https:\/\/jornaldasoficinas.com\/pt\/volvo-conquista-premio-na-categoria-de-seguranca-automovel\/"},"wordCount":253,"publisher":{"@id":"https:\/\/jornaldasoficinas.com\/pt\/#organization"},"image":{"@id":"https:\/\/jornaldasoficinas.com\/pt\/volvo-conquista-premio-na-categoria-de-seguranca-automovel\/#primaryimage"},"thumbnailUrl":"https:\/\/jornaldasoficinas.com\/pt\/wp-content\/uploads\/2024\/03\/Volto-conquista-premio-na-categoria-de-seguranca-automovel-.png","keywords":["Distin\u00e7\u00e3o","novo Volvo EX90","Pr\u00e9mio","redu\u00e7\u00e3o de acidentes","seguran\u00e7a autom\u00f3vel","sistema LiDAR","Trof\u00e9u Carro do Ano","Volvo"],"articleSection":["Empresas"],"inLanguage":"pt-PT"},{"@type":"WebPage","@id":"https:\/\/jornaldasoficinas.com\/pt\/volvo-conquista-premio-na-categoria-de-seguranca-automovel\/","url":"https:\/\/jornaldasoficinas.com\/pt\/volvo-conquista-premio-na-categoria-de-seguranca-automovel\/","name":"Volvo conquista pr\u00e9mio na categoria de seguran\u00e7a autom\u00f3vel - Jornal das Oficinas","isPartOf":{"@id":"https:\/\/jornaldasoficinas.com\/pt\/#website"},"primaryImageOfPage":{"@id":"https:\/\/jornaldasoficinas.com\/pt\/volvo-conquista-premio-na-categoria-de-seguranca-automovel\/#primaryimage"},"image":{"@id":"https:\/\/jornaldasoficinas.com\/pt\/volvo-conquista-premio-na-categoria-de-seguranca-automovel\/#primaryimage"},"thumbnailUrl":"https:\/\/jornaldasoficinas.com\/pt\/wp-content\/uploads\/2024\/03\/Volto-conquista-premio-na-categoria-de-seguranca-automovel-.png","datePublished":"2024-03-19T12:30:43+00:00","description":"O novo sistema LiDAR criado pela Volvo, foi distinguido com o pr\u00e9mio \u201cTecnologia e Inova\u00e7\u00e3o\u201d no Trof\u00e9u Carro do Ano \u2013 Volante de Cristal","breadcrumb":{"@id":"https:\/\/jornaldasoficinas.com\/pt\/volvo-conquista-premio-na-categoria-de-seguranca-automovel\/#breadcrumb"},"inLanguage":"pt-PT","potentialAction":[{"@type":"ReadAction","target":["https:\/\/jornaldasoficinas.com\/pt\/volvo-conquista-premio-na-categoria-de-seguranca-automovel\/"]}]},{"@type":"ImageObject","inLanguage":"pt-PT","@id":"https:\/\/jornaldasoficinas.com\/pt\/volvo-conquista-premio-na-categoria-de-seguranca-automovel\/#primaryimage","url":"https:\/\/jornaldasoficinas.com\/pt\/wp-content\/uploads\/2024\/03\/Volto-conquista-premio-na-categoria-de-seguranca-automovel-.png","contentUrl":"https:\/\/jornaldasoficinas.com\/pt\/wp-content\/uploads\/2024\/03\/Volto-conquista-premio-na-categoria-de-seguranca-automovel-.png","width":1024,"height":581,"caption":"volvo"},{"@type":"BreadcrumbList","@id":"https:\/\/jornaldasoficinas.com\/pt\/volvo-conquista-premio-na-categoria-de-seguranca-automovel\/#breadcrumb","itemListElement":[{"@type":"ListItem","position":1,"name":"In\u00edcio","item":"https:\/\/jornaldasoficinas.com\/pt\/"},{"@type":"ListItem","position":2,"name":"Volvo conquista pr\u00e9mio na categoria de seguran\u00e7a autom\u00f3vel"}]},{"@type":"WebSite","@id":"https:\/\/jornaldasoficinas.com\/pt\/#website","url":"https:\/\/jornaldasoficinas.com\/pt\/","name":"Jornal das Oficinas","description":"Jornal independente do Aftermarket Autom\u00f3vel em Portugal","publisher":{"@id":"https:\/\/jornaldasoficinas.com\/pt\/#organization"},"potentialAction":[{"@type":"SearchAction","target":{"@type":"EntryPoint","urlTemplate":"https:\/\/jornaldasoficinas.com\/pt\/?s={search_term_string}"},"query-input":{"@type":"PropertyValueSpecification","valueRequired":true,"valueName":"search_term_string"}}],"inLanguage":"pt-PT"},{"@type":"Organization","@id":"https:\/\/jornaldasoficinas.com\/pt\/#organization","name":"Jornal das Oficinas","url":"https:\/\/jornaldasoficinas.com\/pt\/","logo":{"@type":"ImageObject","inLanguage":"pt-PT","@id":"https:\/\/jornaldasoficinas.com\/pt\/#\/schema\/logo\/image\/","url":"https:\/\/jornaldasoficinas.com\/pt\/wp-content\/uploads\/logoJO-SEO.png","contentUrl":"https:\/\/jornaldasoficinas.com\/pt\/wp-content\/uploads\/logoJO-SEO.png","width":285,"height":450,"caption":"Jornal das Oficinas"},"image":{"@id":"https:\/\/jornaldasoficinas.com\/pt\/#\/schema\/logo\/image\/"},"sameAs":["https:\/\/www.facebook.com\/jornaloficinas","https:\/\/x.com\/jornaloficinas","https:\/\/www.instagram.com\/jornal_oficinas\/","https:\/\/www.linkedin.com\/company\/jornal-das-oficinas\/","https:\/\/www.youtube.com\/channel\/UCbQZBqtcvV-oSQrr7RzINGg"]},{"@type":"Person","@id":"https:\/\/jornaldasoficinas.com\/pt\/#\/schema\/person\/a38eef5de2c41d9e7c9ac10141afddf3","name":"Reda\u00e7\u00e3o JO","image":{"@type":"ImageObject","inLanguage":"pt-PT","@id":"https:\/\/secure.gravatar.com\/avatar\/71f2fa71737ad68a84fea94bc708ddac8ea5b0c4788dc2ad202f3ccb2887742f?s=96&d=wp_user_avatar&r=g","url":"https:\/\/secure.gravatar.com\/avatar\/71f2fa71737ad68a84fea94bc708ddac8ea5b0c4788dc2ad202f3ccb2887742f?s=96&d=wp_user_avatar&r=g","contentUrl":"https:\/\/secure.gravatar.com\/avatar\/71f2fa71737ad68a84fea94bc708ddac8ea5b0c4788dc2ad202f3ccb2887742f?s=96&d=wp_user_avatar&r=g","caption":"Reda\u00e7\u00e3o JO"},"url":"https:\/\/jornaldasoficinas.com\/pt\/author\/joredacao\/"}]}},"_links":{"self":[{"href":"https:\/\/jornaldasoficinas.com\/pt\/wp-json\/wp\/v2\/posts\/81128","targetHints":{"allow":["GET"]}}],"collection":[{"href":"https:\/\/jornaldasoficinas.com\/pt\/wp-json\/wp\/v2\/posts"}],"about":[{"href":"https:\/\/jornaldasoficinas.com\/pt\/wp-json\/wp\/v2\/types\/post"}],"author":[{"embeddable":true,"href":"https:\/\/jornaldasoficinas.com\/pt\/wp-json\/wp\/v2\/users\/15"}],"replies":[{"embeddable":true,"href":"https:\/\/jornaldasoficinas.com\/pt\/wp-json\/wp\/v2\/comments?post=81128"}],"version-history":[{"count":0,"href":"https:\/\/jornaldasoficinas.com\/pt\/wp-json\/wp\/v2\/posts\/81128\/revisions"}],"wp:featuredmedia":[{"embeddable":true,"href":"https:\/\/jornaldasoficinas.com\/pt\/wp-json\/wp\/v2\/media\/81129"}],"wp:attachment":[{"href":"https:\/\/jornaldasoficinas.com\/pt\/wp-json\/wp\/v2\/media?parent=81128"}],"wp:term":[{"taxonomy":"category","embeddable":true,"href":"https:\/\/jornaldasoficinas.com\/pt\/wp-json\/wp\/v2\/categories?post=81128"},{"taxonomy":"post_tag","embeddable":true,"href":"https:\/\/jornaldasoficinas.com\/pt\/wp-json\/wp\/v2\/tags?post=81128"}],"curies":[{"name":"wp","href":"https:\/\/api.w.org\/{rel}","templated":true}]}}