{"id":81147,"date":"2024-03-19T16:00:24","date_gmt":"2024-03-19T16:00:24","guid":{"rendered":"https:\/\/jornaldasoficinas.com\/pt\/?p=81147"},"modified":"2024-03-19T13:28:08","modified_gmt":"2024-03-19T13:28:08","slug":"anecra-adere-ao-projeto-esg-ecosystem-da-sibs","status":"publish","type":"post","link":"https:\/\/jornaldasoficinas.com\/pt\/anecra-adere-ao-projeto-esg-ecosystem-da-sibs\/","title":{"rendered":"ANECRA adere ao projeto ESG Ecosystem da SIBS"},"content":{"rendered":"<p><img loading=\"lazy\" decoding=\"async\" class=\"alignnone size-full wp-image-81149\" src=\"https:\/\/jornaldasoficinas.com\/pt\/wp-content\/uploads\/2024\/03\/ANECRA-adere-ao-projeto-ESG-Ecosystem-da-SIBS.jpg\" alt=\"03 - ANECRA adere ao projeto ESG Ecosystem da SIBS\" width=\"1024\" height=\"581\" srcset=\"https:\/\/jornaldasoficinas.com\/pt\/wp-content\/uploads\/2024\/03\/ANECRA-adere-ao-projeto-ESG-Ecosystem-da-SIBS.jpg 1024w, https:\/\/jornaldasoficinas.com\/pt\/wp-content\/uploads\/2024\/03\/ANECRA-adere-ao-projeto-ESG-Ecosystem-da-SIBS-300x170.jpg 300w, https:\/\/jornaldasoficinas.com\/pt\/wp-content\/uploads\/2024\/03\/ANECRA-adere-ao-projeto-ESG-Ecosystem-da-SIBS-150x85.jpg 150w, https:\/\/jornaldasoficinas.com\/pt\/wp-content\/uploads\/2024\/03\/ANECRA-adere-ao-projeto-ESG-Ecosystem-da-SIBS-768x436.jpg 768w\" sizes=\"auto, (max-width: 1024px) 100vw, 1024px\" \/><\/p>\n<p><strong>Os associados <a href=\"https:\/\/www.anecra.pt\/\">ANECRA<\/a> que aderirem ao projeto ESG Ecosystem da <a href=\"https:\/\/www.sibs.com\/\">SIBS<\/a> poder\u00e3o medir, registar e melhorar os seus indicadores ambientais, sociais e de governan\u00e7a<\/strong><\/p>\n<p>A ANECRA, a maior e mais antiga Associa\u00e7\u00e3o do setor autom\u00f3vel em Portugal, acaba de associar-se ao projeto ESG Ecosystem \u2013 um portal tecnol\u00f3gico, desenvolvido pela SIBS &#8211; que permite aos seus associados reportar a sua informa\u00e7\u00e3o sobre indicadores ambientais, sociais e de governa\u00e7\u00e3o corporativa (ESG), num \u00fanico portal tecnol\u00f3gico, criado para medir o grau de compromisso das organiza\u00e7\u00f5es relativamente aos objetivos do desenvolvimento sustent\u00e1vel.<\/p>\n<p>Com esta iniciativa, a ANECRA pretende alertar os seus associados para os benef\u00edcios da ades\u00e3o a este projeto: fazer uma avalia\u00e7\u00e3o dos indicadores ESG (e ajudar na sua melhoria caso necess\u00e1rio), participar nos workshops desenvolvidos pela SIBS e obter o rating ESG. Neste contexto, durante o primeiro semestre de 2024, ser\u00e3o realizadas sess\u00f5es de forma\u00e7\u00e3o que ajudar\u00e3o a identificar os processos, pol\u00edticas, pr\u00e1ticas e indicadores que dever\u00e3o ser desenvolvidos para que as empresas obtenham um n\u00edvel de gest\u00e3o sustent\u00e1vel que aumente a respetiva competitividade.<\/p>\n<p>&#8220;No setor autom\u00f3vel, a ANECRA \u00e9 precursora na apresenta\u00e7\u00e3o da tem\u00e1tica da Sustentabilidade, tema da Conven\u00e7\u00e3o Anual da Associa\u00e7\u00e3o em 2023, por essa raz\u00e3o, pretendemos ser um facilitador, ajudando os nossos Associados neste processo de avalia\u00e7\u00e3o interna dos indicadores ESG&#8221;, afirmou Roberto Gaspar, Secret\u00e1rio-Geral da ANECRA.<\/p>\n<p>Os bancos, que est\u00e3o a criar sistemas de avalia\u00e7\u00e3o interna para atribui\u00e7\u00e3o de uma nota\u00e7\u00e3o dos indicadores ESG \u00e0s PME, monitorizam os indicadores ESG como fatores competitivos e de diferencia\u00e7\u00e3o das empresas, sendo que a aus\u00eancia destes dados pode condicionar o acesso ao financiamento.<\/p>\n<p>&#8220;Consciente da import\u00e2ncia deste tema, a ANECRA mostra-se ao lado dos seus associados e, uma vez mais, na linha da frente da tem\u00e1tica da sustentabilidade no setor autom\u00f3vel promovendo a ado\u00e7\u00e3o de indicadores e crit\u00e9rios para a avalia\u00e7\u00e3o do desempenho das empresas em mat\u00e9ria de sustentabilidade, no quadro europeu das finan\u00e7as sustent\u00e1veis&#8221;, concluiu a ANECRA em comunicado.<\/p>\n","protected":false},"excerpt":{"rendered":"<p>Os associados ANECRA que aderirem ao&#8230;<\/p>\n","protected":false},"author":15,"featured_media":81149,"comment_status":"closed","ping_status":"closed","sticky":false,"template":"","format":"standard","meta":{"footnotes":""},"categories":[29],"tags":[137,7249,3304,8016,8019,8018,8017,8015],"class_list":["post-81147","post","type-post","status-publish","format-standard","has-post-thumbnail","hentry","category-empresas","tag-anecra","tag-associados","tag-desenvolvimento-sustentavel","tag-esg-ecosystem","tag-indicadores-esg","tag-portal-tecnologico","tag-projeto","tag-sibs"],"yoast_head":"<!-- This site is optimized with the Yoast SEO plugin v27.4 - https:\/\/yoast.com\/product\/yoast-seo-wordpress\/ -->\n<title>ANECRA adere ao projeto ESG Ecosystem da SIBS - Jornal das Oficinas<\/title>\n<meta name=\"description\" content=\"Os associados ANECRA que aderirem ao projeto ESG Ecosystem da SIBS poder\u00e3o medir, registar e melhorar os seus indicadores ESG\" \/>\n<meta name=\"robots\" content=\"index, follow, max-snippet:-1, max-image-preview:large, max-video-preview:-1\" \/>\n<link rel=\"canonical\" href=\"https:\/\/jornaldasoficinas.com\/pt\/anecra-adere-ao-projeto-esg-ecosystem-da-sibs\/\" \/>\n<meta property=\"og:locale\" content=\"pt_PT\" \/>\n<meta property=\"og:type\" content=\"article\" \/>\n<meta property=\"og:title\" content=\"ANECRA adere ao projeto ESG Ecosystem da SIBS - Jornal das Oficinas\" \/>\n<meta property=\"og:description\" content=\"Os associados ANECRA que aderirem ao projeto ESG Ecosystem da SIBS poder\u00e3o medir, registar e melhorar os seus indicadores ESG\" \/>\n<meta property=\"og:url\" content=\"https:\/\/jornaldasoficinas.com\/pt\/anecra-adere-ao-projeto-esg-ecosystem-da-sibs\/\" \/>\n<meta property=\"og:site_name\" content=\"Jornal das Oficinas\" \/>\n<meta property=\"article:publisher\" content=\"https:\/\/www.facebook.com\/jornaloficinas\" \/>\n<meta property=\"article:published_time\" content=\"2024-03-19T16:00:24+00:00\" \/>\n<meta property=\"og:image\" content=\"https:\/\/jornaldasoficinas.com\/pt\/wp-content\/uploads\/2024\/03\/ANECRA-adere-ao-projeto-ESG-Ecosystem-da-SIBS.jpg\" \/>\n\t<meta property=\"og:image:width\" content=\"1024\" \/>\n\t<meta property=\"og:image:height\" content=\"581\" \/>\n\t<meta property=\"og:image:type\" content=\"image\/jpeg\" \/>\n<meta name=\"author\" content=\"Reda\u00e7\u00e3o JO\" \/>\n<meta name=\"twitter:card\" content=\"summary_large_image\" \/>\n<meta name=\"twitter:creator\" content=\"@jornaloficinas\" \/>\n<meta name=\"twitter:site\" content=\"@jornaloficinas\" \/>\n<meta name=\"twitter:label1\" content=\"Escrito por\" \/>\n\t<meta name=\"twitter:data1\" content=\"Reda\u00e7\u00e3o JO\" \/>\n\t<meta name=\"twitter:label2\" content=\"Tempo estimado de leitura\" \/>\n\t<meta name=\"twitter:data2\" content=\"3 minutos\" \/>\n<script type=\"application\/ld+json\" class=\"yoast-schema-graph\">{\"@context\":\"https:\\\/\\\/schema.org\",\"@graph\":[{\"@type\":\"Article\",\"@id\":\"https:\\\/\\\/jornaldasoficinas.com\\\/pt\\\/anecra-adere-ao-projeto-esg-ecosystem-da-sibs\\\/#article\",\"isPartOf\":{\"@id\":\"https:\\\/\\\/jornaldasoficinas.com\\\/pt\\\/anecra-adere-ao-projeto-esg-ecosystem-da-sibs\\\/\"},\"author\":{\"name\":\"Reda\u00e7\u00e3o JO\",\"@id\":\"https:\\\/\\\/jornaldasoficinas.com\\\/pt\\\/#\\\/schema\\\/person\\\/a38eef5de2c41d9e7c9ac10141afddf3\"},\"headline\":\"ANECRA adere ao projeto ESG Ecosystem da SIBS\",\"datePublished\":\"2024-03-19T16:00:24+00:00\",\"mainEntityOfPage\":{\"@id\":\"https:\\\/\\\/jornaldasoficinas.com\\\/pt\\\/anecra-adere-ao-projeto-esg-ecosystem-da-sibs\\\/\"},\"wordCount\":371,\"publisher\":{\"@id\":\"https:\\\/\\\/jornaldasoficinas.com\\\/pt\\\/#organization\"},\"image\":{\"@id\":\"https:\\\/\\\/jornaldasoficinas.com\\\/pt\\\/anecra-adere-ao-projeto-esg-ecosystem-da-sibs\\\/#primaryimage\"},\"thumbnailUrl\":\"https:\\\/\\\/jornaldasoficinas.com\\\/pt\\\/wp-content\\\/uploads\\\/2024\\\/03\\\/ANECRA-adere-ao-projeto-ESG-Ecosystem-da-SIBS.jpg\",\"keywords\":[\"ANECRA\",\"Associados\",\"Desenvolvimento sustent\u00e1vel\",\"ESG Ecosystem\",\"indicadores ESG\",\"portal tecnol\u00f3gico\",\"projeto\",\"SIBS\"],\"articleSection\":[\"Empresas\"],\"inLanguage\":\"pt-PT\"},{\"@type\":\"WebPage\",\"@id\":\"https:\\\/\\\/jornaldasoficinas.com\\\/pt\\\/anecra-adere-ao-projeto-esg-ecosystem-da-sibs\\\/\",\"url\":\"https:\\\/\\\/jornaldasoficinas.com\\\/pt\\\/anecra-adere-ao-projeto-esg-ecosystem-da-sibs\\\/\",\"name\":\"ANECRA adere ao projeto ESG Ecosystem da SIBS - Jornal das Oficinas\",\"isPartOf\":{\"@id\":\"https:\\\/\\\/jornaldasoficinas.com\\\/pt\\\/#website\"},\"primaryImageOfPage\":{\"@id\":\"https:\\\/\\\/jornaldasoficinas.com\\\/pt\\\/anecra-adere-ao-projeto-esg-ecosystem-da-sibs\\\/#primaryimage\"},\"image\":{\"@id\":\"https:\\\/\\\/jornaldasoficinas.com\\\/pt\\\/anecra-adere-ao-projeto-esg-ecosystem-da-sibs\\\/#primaryimage\"},\"thumbnailUrl\":\"https:\\\/\\\/jornaldasoficinas.com\\\/pt\\\/wp-content\\\/uploads\\\/2024\\\/03\\\/ANECRA-adere-ao-projeto-ESG-Ecosystem-da-SIBS.jpg\",\"datePublished\":\"2024-03-19T16:00:24+00:00\",\"description\":\"Os associados ANECRA que aderirem ao projeto ESG Ecosystem da SIBS poder\u00e3o medir, registar e melhorar os seus indicadores ESG\",\"breadcrumb\":{\"@id\":\"https:\\\/\\\/jornaldasoficinas.com\\\/pt\\\/anecra-adere-ao-projeto-esg-ecosystem-da-sibs\\\/#breadcrumb\"},\"inLanguage\":\"pt-PT\",\"potentialAction\":[{\"@type\":\"ReadAction\",\"target\":[\"https:\\\/\\\/jornaldasoficinas.com\\\/pt\\\/anecra-adere-ao-projeto-esg-ecosystem-da-sibs\\\/\"]}]},{\"@type\":\"ImageObject\",\"inLanguage\":\"pt-PT\",\"@id\":\"https:\\\/\\\/jornaldasoficinas.com\\\/pt\\\/anecra-adere-ao-projeto-esg-ecosystem-da-sibs\\\/#primaryimage\",\"url\":\"https:\\\/\\\/jornaldasoficinas.com\\\/pt\\\/wp-content\\\/uploads\\\/2024\\\/03\\\/ANECRA-adere-ao-projeto-ESG-Ecosystem-da-SIBS.jpg\",\"contentUrl\":\"https:\\\/\\\/jornaldasoficinas.com\\\/pt\\\/wp-content\\\/uploads\\\/2024\\\/03\\\/ANECRA-adere-ao-projeto-ESG-Ecosystem-da-SIBS.jpg\",\"width\":1024,\"height\":581,\"caption\":\"03 - ANECRA adere ao projeto ESG Ecosystem da SIBS\"},{\"@type\":\"BreadcrumbList\",\"@id\":\"https:\\\/\\\/jornaldasoficinas.com\\\/pt\\\/anecra-adere-ao-projeto-esg-ecosystem-da-sibs\\\/#breadcrumb\",\"itemListElement\":[{\"@type\":\"ListItem\",\"position\":1,\"name\":\"In\u00edcio\",\"item\":\"https:\\\/\\\/jornaldasoficinas.com\\\/pt\\\/\"},{\"@type\":\"ListItem\",\"position\":2,\"name\":\"ANECRA adere ao projeto ESG Ecosystem da SIBS\"}]},{\"@type\":\"WebSite\",\"@id\":\"https:\\\/\\\/jornaldasoficinas.com\\\/pt\\\/#website\",\"url\":\"https:\\\/\\\/jornaldasoficinas.com\\\/pt\\\/\",\"name\":\"Jornal das Oficinas\",\"description\":\"Jornal independente do Aftermarket Autom\u00f3vel em Portugal\",\"publisher\":{\"@id\":\"https:\\\/\\\/jornaldasoficinas.com\\\/pt\\\/#organization\"},\"potentialAction\":[{\"@type\":\"SearchAction\",\"target\":{\"@type\":\"EntryPoint\",\"urlTemplate\":\"https:\\\/\\\/jornaldasoficinas.com\\\/pt\\\/?s={search_term_string}\"},\"query-input\":{\"@type\":\"PropertyValueSpecification\",\"valueRequired\":true,\"valueName\":\"search_term_string\"}}],\"inLanguage\":\"pt-PT\"},{\"@type\":\"Organization\",\"@id\":\"https:\\\/\\\/jornaldasoficinas.com\\\/pt\\\/#organization\",\"name\":\"Jornal das Oficinas\",\"url\":\"https:\\\/\\\/jornaldasoficinas.com\\\/pt\\\/\",\"logo\":{\"@type\":\"ImageObject\",\"inLanguage\":\"pt-PT\",\"@id\":\"https:\\\/\\\/jornaldasoficinas.com\\\/pt\\\/#\\\/schema\\\/logo\\\/image\\\/\",\"url\":\"https:\\\/\\\/jornaldasoficinas.com\\\/pt\\\/wp-content\\\/uploads\\\/logoJO-SEO.png\",\"contentUrl\":\"https:\\\/\\\/jornaldasoficinas.com\\\/pt\\\/wp-content\\\/uploads\\\/logoJO-SEO.png\",\"width\":285,\"height\":450,\"caption\":\"Jornal das Oficinas\"},\"image\":{\"@id\":\"https:\\\/\\\/jornaldasoficinas.com\\\/pt\\\/#\\\/schema\\\/logo\\\/image\\\/\"},\"sameAs\":[\"https:\\\/\\\/www.facebook.com\\\/jornaloficinas\",\"https:\\\/\\\/x.com\\\/jornaloficinas\",\"https:\\\/\\\/www.instagram.com\\\/jornal_oficinas\\\/\",\"https:\\\/\\\/www.linkedin.com\\\/company\\\/jornal-das-oficinas\\\/\",\"https:\\\/\\\/www.youtube.com\\\/channel\\\/UCbQZBqtcvV-oSQrr7RzINGg\"]},{\"@type\":\"Person\",\"@id\":\"https:\\\/\\\/jornaldasoficinas.com\\\/pt\\\/#\\\/schema\\\/person\\\/a38eef5de2c41d9e7c9ac10141afddf3\",\"name\":\"Reda\u00e7\u00e3o JO\",\"image\":{\"@type\":\"ImageObject\",\"inLanguage\":\"pt-PT\",\"@id\":\"https:\\\/\\\/secure.gravatar.com\\\/avatar\\\/71f2fa71737ad68a84fea94bc708ddac8ea5b0c4788dc2ad202f3ccb2887742f?s=96&d=wp_user_avatar&r=g\",\"url\":\"https:\\\/\\\/secure.gravatar.com\\\/avatar\\\/71f2fa71737ad68a84fea94bc708ddac8ea5b0c4788dc2ad202f3ccb2887742f?s=96&d=wp_user_avatar&r=g\",\"contentUrl\":\"https:\\\/\\\/secure.gravatar.com\\\/avatar\\\/71f2fa71737ad68a84fea94bc708ddac8ea5b0c4788dc2ad202f3ccb2887742f?s=96&d=wp_user_avatar&r=g\",\"caption\":\"Reda\u00e7\u00e3o JO\"},\"url\":\"https:\\\/\\\/jornaldasoficinas.com\\\/pt\\\/author\\\/joredacao\\\/\"}]}<\/script>\n<!-- \/ Yoast SEO plugin. -->","yoast_head_json":{"title":"ANECRA adere ao projeto ESG Ecosystem da SIBS - Jornal das Oficinas","description":"Os associados ANECRA que aderirem ao projeto ESG Ecosystem da SIBS poder\u00e3o medir, registar e melhorar os seus indicadores ESG","robots":{"index":"index","follow":"follow","max-snippet":"max-snippet:-1","max-image-preview":"max-image-preview:large","max-video-preview":"max-video-preview:-1"},"canonical":"https:\/\/jornaldasoficinas.com\/pt\/anecra-adere-ao-projeto-esg-ecosystem-da-sibs\/","og_locale":"pt_PT","og_type":"article","og_title":"ANECRA adere ao projeto ESG Ecosystem da SIBS - Jornal das Oficinas","og_description":"Os associados ANECRA que aderirem ao projeto ESG Ecosystem da SIBS poder\u00e3o medir, registar e melhorar os seus indicadores ESG","og_url":"https:\/\/jornaldasoficinas.com\/pt\/anecra-adere-ao-projeto-esg-ecosystem-da-sibs\/","og_site_name":"Jornal das Oficinas","article_publisher":"https:\/\/www.facebook.com\/jornaloficinas","article_published_time":"2024-03-19T16:00:24+00:00","og_image":[{"width":1024,"height":581,"url":"https:\/\/jornaldasoficinas.com\/pt\/wp-content\/uploads\/2024\/03\/ANECRA-adere-ao-projeto-ESG-Ecosystem-da-SIBS.jpg","type":"image\/jpeg"}],"author":"Reda\u00e7\u00e3o JO","twitter_card":"summary_large_image","twitter_creator":"@jornaloficinas","twitter_site":"@jornaloficinas","twitter_misc":{"Escrito por":"Reda\u00e7\u00e3o JO","Tempo estimado de leitura":"3 minutos"},"schema":{"@context":"https:\/\/schema.org","@graph":[{"@type":"Article","@id":"https:\/\/jornaldasoficinas.com\/pt\/anecra-adere-ao-projeto-esg-ecosystem-da-sibs\/#article","isPartOf":{"@id":"https:\/\/jornaldasoficinas.com\/pt\/anecra-adere-ao-projeto-esg-ecosystem-da-sibs\/"},"author":{"name":"Reda\u00e7\u00e3o JO","@id":"https:\/\/jornaldasoficinas.com\/pt\/#\/schema\/person\/a38eef5de2c41d9e7c9ac10141afddf3"},"headline":"ANECRA adere ao projeto ESG Ecosystem da SIBS","datePublished":"2024-03-19T16:00:24+00:00","mainEntityOfPage":{"@id":"https:\/\/jornaldasoficinas.com\/pt\/anecra-adere-ao-projeto-esg-ecosystem-da-sibs\/"},"wordCount":371,"publisher":{"@id":"https:\/\/jornaldasoficinas.com\/pt\/#organization"},"image":{"@id":"https:\/\/jornaldasoficinas.com\/pt\/anecra-adere-ao-projeto-esg-ecosystem-da-sibs\/#primaryimage"},"thumbnailUrl":"https:\/\/jornaldasoficinas.com\/pt\/wp-content\/uploads\/2024\/03\/ANECRA-adere-ao-projeto-ESG-Ecosystem-da-SIBS.jpg","keywords":["ANECRA","Associados","Desenvolvimento sustent\u00e1vel","ESG Ecosystem","indicadores ESG","portal tecnol\u00f3gico","projeto","SIBS"],"articleSection":["Empresas"],"inLanguage":"pt-PT"},{"@type":"WebPage","@id":"https:\/\/jornaldasoficinas.com\/pt\/anecra-adere-ao-projeto-esg-ecosystem-da-sibs\/","url":"https:\/\/jornaldasoficinas.com\/pt\/anecra-adere-ao-projeto-esg-ecosystem-da-sibs\/","name":"ANECRA adere ao projeto ESG Ecosystem da SIBS - Jornal das Oficinas","isPartOf":{"@id":"https:\/\/jornaldasoficinas.com\/pt\/#website"},"primaryImageOfPage":{"@id":"https:\/\/jornaldasoficinas.com\/pt\/anecra-adere-ao-projeto-esg-ecosystem-da-sibs\/#primaryimage"},"image":{"@id":"https:\/\/jornaldasoficinas.com\/pt\/anecra-adere-ao-projeto-esg-ecosystem-da-sibs\/#primaryimage"},"thumbnailUrl":"https:\/\/jornaldasoficinas.com\/pt\/wp-content\/uploads\/2024\/03\/ANECRA-adere-ao-projeto-ESG-Ecosystem-da-SIBS.jpg","datePublished":"2024-03-19T16:00:24+00:00","description":"Os associados ANECRA que aderirem ao projeto ESG Ecosystem da SIBS poder\u00e3o medir, registar e melhorar os seus indicadores ESG","breadcrumb":{"@id":"https:\/\/jornaldasoficinas.com\/pt\/anecra-adere-ao-projeto-esg-ecosystem-da-sibs\/#breadcrumb"},"inLanguage":"pt-PT","potentialAction":[{"@type":"ReadAction","target":["https:\/\/jornaldasoficinas.com\/pt\/anecra-adere-ao-projeto-esg-ecosystem-da-sibs\/"]}]},{"@type":"ImageObject","inLanguage":"pt-PT","@id":"https:\/\/jornaldasoficinas.com\/pt\/anecra-adere-ao-projeto-esg-ecosystem-da-sibs\/#primaryimage","url":"https:\/\/jornaldasoficinas.com\/pt\/wp-content\/uploads\/2024\/03\/ANECRA-adere-ao-projeto-ESG-Ecosystem-da-SIBS.jpg","contentUrl":"https:\/\/jornaldasoficinas.com\/pt\/wp-content\/uploads\/2024\/03\/ANECRA-adere-ao-projeto-ESG-Ecosystem-da-SIBS.jpg","width":1024,"height":581,"caption":"03 - ANECRA adere ao projeto ESG Ecosystem da SIBS"},{"@type":"BreadcrumbList","@id":"https:\/\/jornaldasoficinas.com\/pt\/anecra-adere-ao-projeto-esg-ecosystem-da-sibs\/#breadcrumb","itemListElement":[{"@type":"ListItem","position":1,"name":"In\u00edcio","item":"https:\/\/jornaldasoficinas.com\/pt\/"},{"@type":"ListItem","position":2,"name":"ANECRA adere ao projeto ESG Ecosystem da SIBS"}]},{"@type":"WebSite","@id":"https:\/\/jornaldasoficinas.com\/pt\/#website","url":"https:\/\/jornaldasoficinas.com\/pt\/","name":"Jornal das Oficinas","description":"Jornal independente do Aftermarket Autom\u00f3vel em Portugal","publisher":{"@id":"https:\/\/jornaldasoficinas.com\/pt\/#organization"},"potentialAction":[{"@type":"SearchAction","target":{"@type":"EntryPoint","urlTemplate":"https:\/\/jornaldasoficinas.com\/pt\/?s={search_term_string}"},"query-input":{"@type":"PropertyValueSpecification","valueRequired":true,"valueName":"search_term_string"}}],"inLanguage":"pt-PT"},{"@type":"Organization","@id":"https:\/\/jornaldasoficinas.com\/pt\/#organization","name":"Jornal das Oficinas","url":"https:\/\/jornaldasoficinas.com\/pt\/","logo":{"@type":"ImageObject","inLanguage":"pt-PT","@id":"https:\/\/jornaldasoficinas.com\/pt\/#\/schema\/logo\/image\/","url":"https:\/\/jornaldasoficinas.com\/pt\/wp-content\/uploads\/logoJO-SEO.png","contentUrl":"https:\/\/jornaldasoficinas.com\/pt\/wp-content\/uploads\/logoJO-SEO.png","width":285,"height":450,"caption":"Jornal das Oficinas"},"image":{"@id":"https:\/\/jornaldasoficinas.com\/pt\/#\/schema\/logo\/image\/"},"sameAs":["https:\/\/www.facebook.com\/jornaloficinas","https:\/\/x.com\/jornaloficinas","https:\/\/www.instagram.com\/jornal_oficinas\/","https:\/\/www.linkedin.com\/company\/jornal-das-oficinas\/","https:\/\/www.youtube.com\/channel\/UCbQZBqtcvV-oSQrr7RzINGg"]},{"@type":"Person","@id":"https:\/\/jornaldasoficinas.com\/pt\/#\/schema\/person\/a38eef5de2c41d9e7c9ac10141afddf3","name":"Reda\u00e7\u00e3o JO","image":{"@type":"ImageObject","inLanguage":"pt-PT","@id":"https:\/\/secure.gravatar.com\/avatar\/71f2fa71737ad68a84fea94bc708ddac8ea5b0c4788dc2ad202f3ccb2887742f?s=96&d=wp_user_avatar&r=g","url":"https:\/\/secure.gravatar.com\/avatar\/71f2fa71737ad68a84fea94bc708ddac8ea5b0c4788dc2ad202f3ccb2887742f?s=96&d=wp_user_avatar&r=g","contentUrl":"https:\/\/secure.gravatar.com\/avatar\/71f2fa71737ad68a84fea94bc708ddac8ea5b0c4788dc2ad202f3ccb2887742f?s=96&d=wp_user_avatar&r=g","caption":"Reda\u00e7\u00e3o JO"},"url":"https:\/\/jornaldasoficinas.com\/pt\/author\/joredacao\/"}]}},"_links":{"self":[{"href":"https:\/\/jornaldasoficinas.com\/pt\/wp-json\/wp\/v2\/posts\/81147","targetHints":{"allow":["GET"]}}],"collection":[{"href":"https:\/\/jornaldasoficinas.com\/pt\/wp-json\/wp\/v2\/posts"}],"about":[{"href":"https:\/\/jornaldasoficinas.com\/pt\/wp-json\/wp\/v2\/types\/post"}],"author":[{"embeddable":true,"href":"https:\/\/jornaldasoficinas.com\/pt\/wp-json\/wp\/v2\/users\/15"}],"replies":[{"embeddable":true,"href":"https:\/\/jornaldasoficinas.com\/pt\/wp-json\/wp\/v2\/comments?post=81147"}],"version-history":[{"count":0,"href":"https:\/\/jornaldasoficinas.com\/pt\/wp-json\/wp\/v2\/posts\/81147\/revisions"}],"wp:featuredmedia":[{"embeddable":true,"href":"https:\/\/jornaldasoficinas.com\/pt\/wp-json\/wp\/v2\/media\/81149"}],"wp:attachment":[{"href":"https:\/\/jornaldasoficinas.com\/pt\/wp-json\/wp\/v2\/media?parent=81147"}],"wp:term":[{"taxonomy":"category","embeddable":true,"href":"https:\/\/jornaldasoficinas.com\/pt\/wp-json\/wp\/v2\/categories?post=81147"},{"taxonomy":"post_tag","embeddable":true,"href":"https:\/\/jornaldasoficinas.com\/pt\/wp-json\/wp\/v2\/tags?post=81147"}],"curies":[{"name":"wp","href":"https:\/\/api.w.org\/{rel}","templated":true}]}}